{"id":94633,"date":"2021-12-01T12:54:51","date_gmt":"2021-12-01T11:54:51","guid":{"rendered":"https:\/\/radioljubuski.ba\/?p=94633"},"modified":"2021-12-01T12:54:52","modified_gmt":"2021-12-01T11:54:52","slug":"nogometasi-sibenika-odbili-trenirati-zbog-kasnjenja-placa","status":"publish","type":"post","link":"https:\/\/radioljubuski.ba\/index.php\/2021\/12\/01\/nogometasi-sibenika-odbili-trenirati-zbog-kasnjenja-placa\/","title":{"rendered":"Nogometa\u0161i \u0160ibenika odbili trenirati zbog ka\u0161njenja pla\u0107a"},"content":{"rendered":"\n<p>Nogometa\u0161i \u0160ibenika presko\u010dili su kao znak upozorenja trening u utorak popodne jer klub kasni s isplatom pla\u0107a.<\/p>\n\n\n\n<p>&#8211; Pla\u0107e kasne mjesec i pol, nekim igra\u010dima i dva mjeseca, a nekima skoro i tri. Postoje i druga dugovanja, poput hranarine, stanarine i sli\u010dno, rekao je za \u0160ibenski portal jedan od nogometa\u0161a prve mom\u010dadi.<\/p>\n\n\n\n<p>&#8211; Istina je da smo u odre\u0111enom zaostatku s pokrivanjem prispjelih obaveza, ali rije\u0161it \u0107emo to do kraja tjedna, nije ni\u0161ta zabrinjavaju\u0107e, izjavio je za Sportske novosti jedan od suvlasnika kluba <strong>Francisco Cardona<\/strong>.<\/p>\n\n\n\n<p>Izvor:hrt.hr<\/p>\n","protected":false},"excerpt":{"rendered":"<p>Nogometa\u0161i \u0160ibenika presko\u010dili su kao znak upozorenja trening u utorak popodne jer klub kasni s isplatom pla\u0107a. &#8211; Pla\u0107e kasne mjesec i pol, nekim igra\u010dima i dva mjeseca, a nekima skoro i tri. Postoje i druga dugovanja, poput hranarine, stanarine i sli\u010dno, rekao je za \u0160ibenski portal jedan od nogometa\u0161a prve mom\u010dadi. &#8211; Istina je [&hellip;]<\/p>\n","protected":false},"author":2,"featured_media":94634,"comment_status":"closed","ping_status":"closed","sticky":false,"template":"","format":"standard","meta":{"h5ap_radio_sources":[],"footnotes":""},"categories":[7],"tags":[],"class_list":["post-94633","post","type-post","status-publish","format-standard","has-post-thumbnail","hentry","category-sport"],"yoast_head":"<!-- This site is optimized with the Yoast SEO plugin v27.5 - https:\/\/yoast.com\/product\/yoast-seo-wordpress\/ -->\n<title>Nogometa\u0161i \u0160ibenika odbili trenirati zbog ka\u0161njenja pla\u0107a - RADIO LJUBU\u0160KI<\/title>\n<meta name=\"robots\" content=\"index, follow, max-snippet:-1, max-image-preview:large, max-video-preview:-1\" \/>\n<link rel=\"canonical\" href=\"https:\/\/radioljubuski.ba\/index.php\/2021\/12\/01\/nogometasi-sibenika-odbili-trenirati-zbog-kasnjenja-placa\/\" \/>\n<meta property=\"og:locale\" content=\"hr_HR\" \/>\n<meta property=\"og:type\" content=\"article\" \/>\n<meta property=\"og:title\" content=\"Nogometa\u0161i \u0160ibenika odbili trenirati zbog ka\u0161njenja pla\u0107a - RADIO LJUBU\u0160KI\" \/>\n<meta property=\"og:description\" content=\"Nogometa\u0161i \u0160ibenika presko\u010dili su kao znak upozorenja trening u utorak popodne jer klub kasni s isplatom pla\u0107a. &#8211; Pla\u0107e kasne mjesec i pol, nekim igra\u010dima i dva mjeseca, a nekima skoro i tri. Postoje i druga dugovanja, poput hranarine, stanarine i sli\u010dno, rekao je za \u0160ibenski portal jedan od nogometa\u0161a prve mom\u010dadi. &#8211; Istina je [&hellip;]\" \/>\n<meta property=\"og:url\" content=\"https:\/\/radioljubuski.ba\/index.php\/2021\/12\/01\/nogometasi-sibenika-odbili-trenirati-zbog-kasnjenja-placa\/\" \/>\n<meta property=\"og:site_name\" content=\"RADIO LJUBU\u0160KI\" \/>\n<meta property=\"article:publisher\" content=\"https:\/\/www.facebook.com\/Radiio-Ljubuski-1490835324566332\" \/>\n<meta property=\"article:published_time\" content=\"2021-12-01T11:54:51+00:00\" \/>\n<meta property=\"article:modified_time\" content=\"2021-12-01T11:54:52+00:00\" \/>\n<meta property=\"og:image\" content=\"https:\/\/radioljubuski.ba\/wp-content\/uploads\/2021\/12\/sibenik-trening-pxl-140621-33250021-20211201072402.jpg\" \/>\n\t<meta property=\"og:image:width\" content=\"1600\" \/>\n\t<meta property=\"og:image:height\" content=\"946\" \/>\n\t<meta property=\"og:image:type\" content=\"image\/jpeg\" \/>\n<meta name=\"author\" content=\"Radio Ljubu\u0161ki\" \/>\n<meta name=\"twitter:card\" content=\"summary_large_image\" \/>\n<meta name=\"twitter:creator\" content=\"@radioljubuski\" \/>\n<meta name=\"twitter:site\" content=\"@radioljubuski\" \/>\n<meta name=\"twitter:label1\" content=\"Napisao\/la\" \/>\n\t<meta name=\"twitter:data1\" content=\"Radio Ljubu\u0161ki\" \/>\n\t<meta name=\"twitter:label2\" content=\"Procijenjeno vrijeme \u010ditanja\" \/>\n\t<meta name=\"twitter:data2\" content=\"1 minuta\" \/>\n<script type=\"application\/ld+json\" class=\"yoast-schema-graph\">{\"@context\":\"https:\\\/\\\/schema.org\",\"@graph\":[{\"@type\":\"Article\",\"@id\":\"https:\\\/\\\/radioljubuski.ba\\\/index.php\\\/2021\\\/12\\\/01\\\/nogometasi-sibenika-odbili-trenirati-zbog-kasnjenja-placa\\\/#article\",\"isPartOf\":{\"@id\":\"https:\\\/\\\/radioljubuski.ba\\\/index.php\\\/2021\\\/12\\\/01\\\/nogometasi-sibenika-odbili-trenirati-zbog-kasnjenja-placa\\\/\"},\"author\":{\"name\":\"Radio Ljubu\u0161ki\",\"@id\":\"https:\\\/\\\/radioljubuski.ba\\\/#\\\/schema\\\/person\\\/19fc700381a780f69665d7956c469e3b\"},\"headline\":\"Nogometa\u0161i \u0160ibenika odbili trenirati zbog ka\u0161njenja pla\u0107a\",\"datePublished\":\"2021-12-01T11:54:51+00:00\",\"dateModified\":\"2021-12-01T11:54:52+00:00\",\"mainEntityOfPage\":{\"@id\":\"https:\\\/\\\/radioljubuski.ba\\\/index.php\\\/2021\\\/12\\\/01\\\/nogometasi-sibenika-odbili-trenirati-zbog-kasnjenja-placa\\\/\"},\"wordCount\":110,\"publisher\":{\"@id\":\"https:\\\/\\\/radioljubuski.ba\\\/#organization\"},\"image\":{\"@id\":\"https:\\\/\\\/radioljubuski.ba\\\/index.php\\\/2021\\\/12\\\/01\\\/nogometasi-sibenika-odbili-trenirati-zbog-kasnjenja-placa\\\/#primaryimage\"},\"thumbnailUrl\":\"https:\\\/\\\/radioljubuski.ba\\\/wp-content\\\/uploads\\\/2021\\\/12\\\/sibenik-trening-pxl-140621-33250021-20211201072402.jpg\",\"articleSection\":[\"\u0160port\"],\"inLanguage\":\"hr\"},{\"@type\":\"WebPage\",\"@id\":\"https:\\\/\\\/radioljubuski.ba\\\/index.php\\\/2021\\\/12\\\/01\\\/nogometasi-sibenika-odbili-trenirati-zbog-kasnjenja-placa\\\/\",\"url\":\"https:\\\/\\\/radioljubuski.ba\\\/index.php\\\/2021\\\/12\\\/01\\\/nogometasi-sibenika-odbili-trenirati-zbog-kasnjenja-placa\\\/\",\"name\":\"Nogometa\u0161i \u0160ibenika odbili trenirati zbog ka\u0161njenja pla\u0107a - RADIO LJUBU\u0160KI\",\"isPartOf\":{\"@id\":\"https:\\\/\\\/radioljubuski.ba\\\/#website\"},\"primaryImageOfPage\":{\"@id\":\"https:\\\/\\\/radioljubuski.ba\\\/index.php\\\/2021\\\/12\\\/01\\\/nogometasi-sibenika-odbili-trenirati-zbog-kasnjenja-placa\\\/#primaryimage\"},\"image\":{\"@id\":\"https:\\\/\\\/radioljubuski.ba\\\/index.php\\\/2021\\\/12\\\/01\\\/nogometasi-sibenika-odbili-trenirati-zbog-kasnjenja-placa\\\/#primaryimage\"},\"thumbnailUrl\":\"https:\\\/\\\/radioljubuski.ba\\\/wp-content\\\/uploads\\\/2021\\\/12\\\/sibenik-trening-pxl-140621-33250021-20211201072402.jpg\",\"datePublished\":\"2021-12-01T11:54:51+00:00\",\"dateModified\":\"2021-12-01T11:54:52+00:00\",\"breadcrumb\":{\"@id\":\"https:\\\/\\\/radioljubuski.ba\\\/index.php\\\/2021\\\/12\\\/01\\\/nogometasi-sibenika-odbili-trenirati-zbog-kasnjenja-placa\\\/#breadcrumb\"},\"inLanguage\":\"hr\",\"potentialAction\":[{\"@type\":\"ReadAction\",\"target\":[\"https:\\\/\\\/radioljubuski.ba\\\/index.php\\\/2021\\\/12\\\/01\\\/nogometasi-sibenika-odbili-trenirati-zbog-kasnjenja-placa\\\/\"]}]},{\"@type\":\"ImageObject\",\"inLanguage\":\"hr\",\"@id\":\"https:\\\/\\\/radioljubuski.ba\\\/index.php\\\/2021\\\/12\\\/01\\\/nogometasi-sibenika-odbili-trenirati-zbog-kasnjenja-placa\\\/#primaryimage\",\"url\":\"https:\\\/\\\/radioljubuski.ba\\\/wp-content\\\/uploads\\\/2021\\\/12\\\/sibenik-trening-pxl-140621-33250021-20211201072402.jpg\",\"contentUrl\":\"https:\\\/\\\/radioljubuski.ba\\\/wp-content\\\/uploads\\\/2021\\\/12\\\/sibenik-trening-pxl-140621-33250021-20211201072402.jpg\",\"width\":1600,\"height\":946,\"caption\":\"14.06.2021., Sibenik - Na stadionu Subicevac predstavljen je novi trener Mario Rosas i njegov tim. Igraci su se upoznali s novim trenerom i izvrsena je prozivka igraca za novu sezonu 2021\\\/2022. Poslije navedenog slijedio je prvi trening s novim trener\"},{\"@type\":\"BreadcrumbList\",\"@id\":\"https:\\\/\\\/radioljubuski.ba\\\/index.php\\\/2021\\\/12\\\/01\\\/nogometasi-sibenika-odbili-trenirati-zbog-kasnjenja-placa\\\/#breadcrumb\",\"itemListElement\":[{\"@type\":\"ListItem\",\"position\":1,\"name\":\"Po\u010detna stranica\",\"item\":\"https:\\\/\\\/radioljubuski.ba\\\/\"},{\"@type\":\"ListItem\",\"position\":2,\"name\":\"Nogometa\u0161i \u0160ibenika odbili trenirati zbog ka\u0161njenja pla\u0107a\"}]},{\"@type\":\"WebSite\",\"@id\":\"https:\\\/\\\/radioljubuski.ba\\\/#website\",\"url\":\"https:\\\/\\\/radioljubuski.ba\\\/\",\"name\":\"Radio Ljubu\u0161ki\",\"description\":\"Sun\u010dana frekvencija Hercegovine\",\"publisher\":{\"@id\":\"https:\\\/\\\/radioljubuski.ba\\\/#organization\"},\"potentialAction\":[{\"@type\":\"SearchAction\",\"target\":{\"@type\":\"EntryPoint\",\"urlTemplate\":\"https:\\\/\\\/radioljubuski.ba\\\/?s={search_term_string}\"},\"query-input\":{\"@type\":\"PropertyValueSpecification\",\"valueRequired\":true,\"valueName\":\"search_term_string\"}}],\"inLanguage\":\"hr\"},{\"@type\":\"Organization\",\"@id\":\"https:\\\/\\\/radioljubuski.ba\\\/#organization\",\"name\":\"Radio Ljubu\u0161ki\",\"url\":\"https:\\\/\\\/radioljubuski.ba\\\/\",\"logo\":{\"@type\":\"ImageObject\",\"inLanguage\":\"hr\",\"@id\":\"https:\\\/\\\/radioljubuski.ba\\\/#\\\/schema\\\/logo\\\/image\\\/\",\"url\":\"https:\\\/\\\/radioljubuski.ba\\\/wp-content\\\/uploads\\\/2021\\\/02\\\/cropped-Radio_Ljubuski_logo1.jpg\",\"contentUrl\":\"https:\\\/\\\/radioljubuski.ba\\\/wp-content\\\/uploads\\\/2021\\\/02\\\/cropped-Radio_Ljubuski_logo1.jpg\",\"width\":512,\"height\":512,\"caption\":\"Radio Ljubu\u0161ki\"},\"image\":{\"@id\":\"https:\\\/\\\/radioljubuski.ba\\\/#\\\/schema\\\/logo\\\/image\\\/\"},\"sameAs\":[\"https:\\\/\\\/www.facebook.com\\\/Radiio-Ljubuski-1490835324566332\",\"https:\\\/\\\/x.com\\\/radioljubuski\",\"https:\\\/\\\/hr.linkedin.com\\\/company\\\/radio-ljubuski\",\"https:\\\/\\\/www.youtube.com\\\/channel\\\/UCHYaeO_n0Db3tjNGudGpXyw\"]},{\"@type\":\"Person\",\"@id\":\"https:\\\/\\\/radioljubuski.ba\\\/#\\\/schema\\\/person\\\/19fc700381a780f69665d7956c469e3b\",\"name\":\"Radio Ljubu\u0161ki\"}]}<\/script>\n<!-- \/ Yoast SEO plugin. -->","yoast_head_json":{"title":"Nogometa\u0161i \u0160ibenika odbili trenirati zbog ka\u0161njenja pla\u0107a - RADIO LJUBU\u0160KI","robots":{"index":"index","follow":"follow","max-snippet":"max-snippet:-1","max-image-preview":"max-image-preview:large","max-video-preview":"max-video-preview:-1"},"canonical":"https:\/\/radioljubuski.ba\/index.php\/2021\/12\/01\/nogometasi-sibenika-odbili-trenirati-zbog-kasnjenja-placa\/","og_locale":"hr_HR","og_type":"article","og_title":"Nogometa\u0161i \u0160ibenika odbili trenirati zbog ka\u0161njenja pla\u0107a - RADIO LJUBU\u0160KI","og_description":"Nogometa\u0161i \u0160ibenika presko\u010dili su kao znak upozorenja trening u utorak popodne jer klub kasni s isplatom pla\u0107a. &#8211; Pla\u0107e kasne mjesec i pol, nekim igra\u010dima i dva mjeseca, a nekima skoro i tri. Postoje i druga dugovanja, poput hranarine, stanarine i sli\u010dno, rekao je za \u0160ibenski portal jedan od nogometa\u0161a prve mom\u010dadi. &#8211; Istina je [&hellip;]","og_url":"https:\/\/radioljubuski.ba\/index.php\/2021\/12\/01\/nogometasi-sibenika-odbili-trenirati-zbog-kasnjenja-placa\/","og_site_name":"RADIO LJUBU\u0160KI","article_publisher":"https:\/\/www.facebook.com\/Radiio-Ljubuski-1490835324566332","article_published_time":"2021-12-01T11:54:51+00:00","article_modified_time":"2021-12-01T11:54:52+00:00","og_image":[{"width":1600,"height":946,"url":"https:\/\/radioljubuski.ba\/wp-content\/uploads\/2021\/12\/sibenik-trening-pxl-140621-33250021-20211201072402.jpg","type":"image\/jpeg"}],"author":"Radio Ljubu\u0161ki","twitter_card":"summary_large_image","twitter_creator":"@radioljubuski","twitter_site":"@radioljubuski","twitter_misc":{"Napisao\/la":"Radio Ljubu\u0161ki","Procijenjeno vrijeme \u010ditanja":"1 minuta"},"schema":{"@context":"https:\/\/schema.org","@graph":[{"@type":"Article","@id":"https:\/\/radioljubuski.ba\/index.php\/2021\/12\/01\/nogometasi-sibenika-odbili-trenirati-zbog-kasnjenja-placa\/#article","isPartOf":{"@id":"https:\/\/radioljubuski.ba\/index.php\/2021\/12\/01\/nogometasi-sibenika-odbili-trenirati-zbog-kasnjenja-placa\/"},"author":{"name":"Radio Ljubu\u0161ki","@id":"https:\/\/radioljubuski.ba\/#\/schema\/person\/19fc700381a780f69665d7956c469e3b"},"headline":"Nogometa\u0161i \u0160ibenika odbili trenirati zbog ka\u0161njenja pla\u0107a","datePublished":"2021-12-01T11:54:51+00:00","dateModified":"2021-12-01T11:54:52+00:00","mainEntityOfPage":{"@id":"https:\/\/radioljubuski.ba\/index.php\/2021\/12\/01\/nogometasi-sibenika-odbili-trenirati-zbog-kasnjenja-placa\/"},"wordCount":110,"publisher":{"@id":"https:\/\/radioljubuski.ba\/#organization"},"image":{"@id":"https:\/\/radioljubuski.ba\/index.php\/2021\/12\/01\/nogometasi-sibenika-odbili-trenirati-zbog-kasnjenja-placa\/#primaryimage"},"thumbnailUrl":"https:\/\/radioljubuski.ba\/wp-content\/uploads\/2021\/12\/sibenik-trening-pxl-140621-33250021-20211201072402.jpg","articleSection":["\u0160port"],"inLanguage":"hr"},{"@type":"WebPage","@id":"https:\/\/radioljubuski.ba\/index.php\/2021\/12\/01\/nogometasi-sibenika-odbili-trenirati-zbog-kasnjenja-placa\/","url":"https:\/\/radioljubuski.ba\/index.php\/2021\/12\/01\/nogometasi-sibenika-odbili-trenirati-zbog-kasnjenja-placa\/","name":"Nogometa\u0161i \u0160ibenika odbili trenirati zbog ka\u0161njenja pla\u0107a - RADIO LJUBU\u0160KI","isPartOf":{"@id":"https:\/\/radioljubuski.ba\/#website"},"primaryImageOfPage":{"@id":"https:\/\/radioljubuski.ba\/index.php\/2021\/12\/01\/nogometasi-sibenika-odbili-trenirati-zbog-kasnjenja-placa\/#primaryimage"},"image":{"@id":"https:\/\/radioljubuski.ba\/index.php\/2021\/12\/01\/nogometasi-sibenika-odbili-trenirati-zbog-kasnjenja-placa\/#primaryimage"},"thumbnailUrl":"https:\/\/radioljubuski.ba\/wp-content\/uploads\/2021\/12\/sibenik-trening-pxl-140621-33250021-20211201072402.jpg","datePublished":"2021-12-01T11:54:51+00:00","dateModified":"2021-12-01T11:54:52+00:00","breadcrumb":{"@id":"https:\/\/radioljubuski.ba\/index.php\/2021\/12\/01\/nogometasi-sibenika-odbili-trenirati-zbog-kasnjenja-placa\/#breadcrumb"},"inLanguage":"hr","potentialAction":[{"@type":"ReadAction","target":["https:\/\/radioljubuski.ba\/index.php\/2021\/12\/01\/nogometasi-sibenika-odbili-trenirati-zbog-kasnjenja-placa\/"]}]},{"@type":"ImageObject","inLanguage":"hr","@id":"https:\/\/radioljubuski.ba\/index.php\/2021\/12\/01\/nogometasi-sibenika-odbili-trenirati-zbog-kasnjenja-placa\/#primaryimage","url":"https:\/\/radioljubuski.ba\/wp-content\/uploads\/2021\/12\/sibenik-trening-pxl-140621-33250021-20211201072402.jpg","contentUrl":"https:\/\/radioljubuski.ba\/wp-content\/uploads\/2021\/12\/sibenik-trening-pxl-140621-33250021-20211201072402.jpg","width":1600,"height":946,"caption":"14.06.2021., Sibenik - Na stadionu Subicevac predstavljen je novi trener Mario Rosas i njegov tim. Igraci su se upoznali s novim trenerom i izvrsena je prozivka igraca za novu sezonu 2021\/2022. Poslije navedenog slijedio je prvi trening s novim trener"},{"@type":"BreadcrumbList","@id":"https:\/\/radioljubuski.ba\/index.php\/2021\/12\/01\/nogometasi-sibenika-odbili-trenirati-zbog-kasnjenja-placa\/#breadcrumb","itemListElement":[{"@type":"ListItem","position":1,"name":"Po\u010detna stranica","item":"https:\/\/radioljubuski.ba\/"},{"@type":"ListItem","position":2,"name":"Nogometa\u0161i \u0160ibenika odbili trenirati zbog ka\u0161njenja pla\u0107a"}]},{"@type":"WebSite","@id":"https:\/\/radioljubuski.ba\/#website","url":"https:\/\/radioljubuski.ba\/","name":"Radio Ljubu\u0161ki","description":"Sun\u010dana frekvencija Hercegovine","publisher":{"@id":"https:\/\/radioljubuski.ba\/#organization"},"potentialAction":[{"@type":"SearchAction","target":{"@type":"EntryPoint","urlTemplate":"https:\/\/radioljubuski.ba\/?s={search_term_string}"},"query-input":{"@type":"PropertyValueSpecification","valueRequired":true,"valueName":"search_term_string"}}],"inLanguage":"hr"},{"@type":"Organization","@id":"https:\/\/radioljubuski.ba\/#organization","name":"Radio Ljubu\u0161ki","url":"https:\/\/radioljubuski.ba\/","logo":{"@type":"ImageObject","inLanguage":"hr","@id":"https:\/\/radioljubuski.ba\/#\/schema\/logo\/image\/","url":"https:\/\/radioljubuski.ba\/wp-content\/uploads\/2021\/02\/cropped-Radio_Ljubuski_logo1.jpg","contentUrl":"https:\/\/radioljubuski.ba\/wp-content\/uploads\/2021\/02\/cropped-Radio_Ljubuski_logo1.jpg","width":512,"height":512,"caption":"Radio Ljubu\u0161ki"},"image":{"@id":"https:\/\/radioljubuski.ba\/#\/schema\/logo\/image\/"},"sameAs":["https:\/\/www.facebook.com\/Radiio-Ljubuski-1490835324566332","https:\/\/x.com\/radioljubuski","https:\/\/hr.linkedin.com\/company\/radio-ljubuski","https:\/\/www.youtube.com\/channel\/UCHYaeO_n0Db3tjNGudGpXyw"]},{"@type":"Person","@id":"https:\/\/radioljubuski.ba\/#\/schema\/person\/19fc700381a780f69665d7956c469e3b","name":"Radio Ljubu\u0161ki"}]}},"_links":{"self":[{"href":"https:\/\/radioljubuski.ba\/index.php\/wp-json\/wp\/v2\/posts\/94633","targetHints":{"allow":["GET"]}}],"collection":[{"href":"https:\/\/radioljubuski.ba\/index.php\/wp-json\/wp\/v2\/posts"}],"about":[{"href":"https:\/\/radioljubuski.ba\/index.php\/wp-json\/wp\/v2\/types\/post"}],"author":[{"embeddable":true,"href":"https:\/\/radioljubuski.ba\/index.php\/wp-json\/wp\/v2\/users\/2"}],"replies":[{"embeddable":true,"href":"https:\/\/radioljubuski.ba\/index.php\/wp-json\/wp\/v2\/comments?post=94633"}],"version-history":[{"count":1,"href":"https:\/\/radioljubuski.ba\/index.php\/wp-json\/wp\/v2\/posts\/94633\/revisions"}],"predecessor-version":[{"id":94635,"href":"https:\/\/radioljubuski.ba\/index.php\/wp-json\/wp\/v2\/posts\/94633\/revisions\/94635"}],"wp:featuredmedia":[{"embeddable":true,"href":"https:\/\/radioljubuski.ba\/index.php\/wp-json\/wp\/v2\/media\/94634"}],"wp:attachment":[{"href":"https:\/\/radioljubuski.ba\/index.php\/wp-json\/wp\/v2\/media?parent=94633"}],"wp:term":[{"taxonomy":"category","embeddable":true,"href":"https:\/\/radioljubuski.ba\/index.php\/wp-json\/wp\/v2\/categories?post=94633"},{"taxonomy":"post_tag","embeddable":true,"href":"https:\/\/radioljubuski.ba\/index.php\/wp-json\/wp\/v2\/tags?post=94633"}],"curies":[{"name":"wp","href":"https:\/\/api.w.org\/{rel}","templated":true}]}}