{"id":94762,"date":"2021-12-01T15:13:10","date_gmt":"2021-12-01T14:13:10","guid":{"rendered":"https:\/\/radioljubuski.ba\/?p=94762"},"modified":"2021-12-01T15:13:11","modified_gmt":"2021-12-01T14:13:11","slug":"pfizerovo-cjepivo-za-djecu-bit-ce-dostupno-u-eu-od-13-prosinca","status":"publish","type":"post","link":"https:\/\/radioljubuski.ba\/index.php\/2021\/12\/01\/pfizerovo-cjepivo-za-djecu-bit-ce-dostupno-u-eu-od-13-prosinca\/","title":{"rendered":"Pfizerovo cjepivo za djecu bit \u0107e dostupno u EU od 13. prosinca"},"content":{"rendered":"\n<p>Cjepivo Pfizer\/BioNTecha protiv covida-19 za djecu od pet do 11 godina biti \u0107e dostupno u Europskoj uniji od 13. prosinca, tjedan dana prije planiranog, rekao je u srijedu njema\u010dki ministar zdravstva.<\/p>\n\n\n\n<p>Njema\u010dka o\u010dekuje 2,4 milijuna doza cjepiva protiv covida-19 za mla\u0111u djecu.<\/p>\n\n\n\n<p>\u201cS obzirom na trenutno stanje s pandemijom, ovo je dobra vijest za roditelje i djecu. Mnogi ovo \u017eeljno i\u0161\u010dekuju\u201d, rekao je ministar Jens Spahn.<\/p>\n\n\n\n<p>EU je pro\u0161li tjedan odobrio verziju cjepiva za djecu od pet do 11 godina, nakon \u0161to je u svibnju odobreno za djecu od 12 do 15 godina.<\/p>\n\n\n\n<p>Znanstvenici ponavljaju da se kod djece vrlo rijetko vidi te\u017ei oblik covida-19 te da brojna djeca uop\u0107e nemaju nikakve simptome, ali Europa bilje\u017ei sve br\u017ee \u0161irenje zaraze, s rekordnim brojem zara\u017eenih me\u0111u \u0161kolskom djecom.<\/p>\n\n\n\n<p>Izvor:pogled.ba<\/p>\n","protected":false},"excerpt":{"rendered":"<p>Cjepivo Pfizer\/BioNTecha protiv covida-19 za djecu od pet do 11 godina biti \u0107e dostupno u Europskoj uniji od 13. prosinca, tjedan dana prije planiranog, rekao je u srijedu njema\u010dki ministar zdravstva. Njema\u010dka o\u010dekuje 2,4 milijuna doza cjepiva protiv covida-19 za mla\u0111u djecu. \u201cS obzirom na trenutno stanje s pandemijom, ovo je dobra vijest za roditelje [&hellip;]<\/p>\n","protected":false},"author":2,"featured_media":94763,"comment_status":"closed","ping_status":"closed","sticky":false,"template":"","format":"standard","meta":{"h5ap_radio_sources":[],"footnotes":""},"categories":[1],"tags":[],"class_list":["post-94762","post","type-post","status-publish","format-standard","has-post-thumbnail","hentry","category-bihiregija"],"yoast_head":"<!-- This site is optimized with the Yoast SEO plugin v27.5 - https:\/\/yoast.com\/product\/yoast-seo-wordpress\/ -->\n<title>Pfizerovo cjepivo za djecu bit \u0107e dostupno u EU od 13. prosinca - RADIO LJUBU\u0160KI<\/title>\n<meta name=\"robots\" content=\"index, follow, max-snippet:-1, max-image-preview:large, max-video-preview:-1\" \/>\n<link rel=\"canonical\" href=\"https:\/\/radioljubuski.ba\/index.php\/2021\/12\/01\/pfizerovo-cjepivo-za-djecu-bit-ce-dostupno-u-eu-od-13-prosinca\/\" \/>\n<meta property=\"og:locale\" content=\"hr_HR\" \/>\n<meta property=\"og:type\" content=\"article\" \/>\n<meta property=\"og:title\" content=\"Pfizerovo cjepivo za djecu bit \u0107e dostupno u EU od 13. prosinca - RADIO LJUBU\u0160KI\" \/>\n<meta property=\"og:description\" content=\"Cjepivo Pfizer\/BioNTecha protiv covida-19 za djecu od pet do 11 godina biti \u0107e dostupno u Europskoj uniji od 13. prosinca, tjedan dana prije planiranog, rekao je u srijedu njema\u010dki ministar zdravstva. Njema\u010dka o\u010dekuje 2,4 milijuna doza cjepiva protiv covida-19 za mla\u0111u djecu. \u201cS obzirom na trenutno stanje s pandemijom, ovo je dobra vijest za roditelje [&hellip;]\" \/>\n<meta property=\"og:url\" content=\"https:\/\/radioljubuski.ba\/index.php\/2021\/12\/01\/pfizerovo-cjepivo-za-djecu-bit-ce-dostupno-u-eu-od-13-prosinca\/\" \/>\n<meta property=\"og:site_name\" content=\"RADIO LJUBU\u0160KI\" \/>\n<meta property=\"article:publisher\" content=\"https:\/\/www.facebook.com\/Radiio-Ljubuski-1490835324566332\" \/>\n<meta property=\"article:published_time\" content=\"2021-12-01T14:13:10+00:00\" \/>\n<meta property=\"article:modified_time\" content=\"2021-12-01T14:13:11+00:00\" \/>\n<meta property=\"og:image\" content=\"https:\/\/radioljubuski.ba\/wp-content\/uploads\/2021\/12\/8-2021-12-01-14-07-24-DJECA-CJEPIVO.jpg\" \/>\n\t<meta property=\"og:image:width\" content=\"1000\" \/>\n\t<meta property=\"og:image:height\" content=\"625\" \/>\n\t<meta property=\"og:image:type\" content=\"image\/jpeg\" \/>\n<meta name=\"author\" content=\"Radio Ljubu\u0161ki\" \/>\n<meta name=\"twitter:card\" content=\"summary_large_image\" \/>\n<meta name=\"twitter:creator\" content=\"@radioljubuski\" \/>\n<meta name=\"twitter:site\" content=\"@radioljubuski\" \/>\n<meta name=\"twitter:label1\" content=\"Napisao\/la\" \/>\n\t<meta name=\"twitter:data1\" content=\"Radio Ljubu\u0161ki\" \/>\n\t<meta name=\"twitter:label2\" content=\"Procijenjeno vrijeme \u010ditanja\" \/>\n\t<meta name=\"twitter:data2\" content=\"1 minuta\" \/>\n<script type=\"application\/ld+json\" class=\"yoast-schema-graph\">{\"@context\":\"https:\\\/\\\/schema.org\",\"@graph\":[{\"@type\":\"Article\",\"@id\":\"https:\\\/\\\/radioljubuski.ba\\\/index.php\\\/2021\\\/12\\\/01\\\/pfizerovo-cjepivo-za-djecu-bit-ce-dostupno-u-eu-od-13-prosinca\\\/#article\",\"isPartOf\":{\"@id\":\"https:\\\/\\\/radioljubuski.ba\\\/index.php\\\/2021\\\/12\\\/01\\\/pfizerovo-cjepivo-za-djecu-bit-ce-dostupno-u-eu-od-13-prosinca\\\/\"},\"author\":{\"name\":\"Radio Ljubu\u0161ki\",\"@id\":\"https:\\\/\\\/radioljubuski.ba\\\/#\\\/schema\\\/person\\\/19fc700381a780f69665d7956c469e3b\"},\"headline\":\"Pfizerovo cjepivo za djecu bit \u0107e dostupno u EU od 13. prosinca\",\"datePublished\":\"2021-12-01T14:13:10+00:00\",\"dateModified\":\"2021-12-01T14:13:11+00:00\",\"mainEntityOfPage\":{\"@id\":\"https:\\\/\\\/radioljubuski.ba\\\/index.php\\\/2021\\\/12\\\/01\\\/pfizerovo-cjepivo-za-djecu-bit-ce-dostupno-u-eu-od-13-prosinca\\\/\"},\"wordCount\":148,\"publisher\":{\"@id\":\"https:\\\/\\\/radioljubuski.ba\\\/#organization\"},\"image\":{\"@id\":\"https:\\\/\\\/radioljubuski.ba\\\/index.php\\\/2021\\\/12\\\/01\\\/pfizerovo-cjepivo-za-djecu-bit-ce-dostupno-u-eu-od-13-prosinca\\\/#primaryimage\"},\"thumbnailUrl\":\"https:\\\/\\\/radioljubuski.ba\\\/wp-content\\\/uploads\\\/2021\\\/12\\\/8-2021-12-01-14-07-24-DJECA-CJEPIVO.jpg\",\"articleSection\":[\"BIH i regija\"],\"inLanguage\":\"hr\"},{\"@type\":\"WebPage\",\"@id\":\"https:\\\/\\\/radioljubuski.ba\\\/index.php\\\/2021\\\/12\\\/01\\\/pfizerovo-cjepivo-za-djecu-bit-ce-dostupno-u-eu-od-13-prosinca\\\/\",\"url\":\"https:\\\/\\\/radioljubuski.ba\\\/index.php\\\/2021\\\/12\\\/01\\\/pfizerovo-cjepivo-za-djecu-bit-ce-dostupno-u-eu-od-13-prosinca\\\/\",\"name\":\"Pfizerovo cjepivo za djecu bit \u0107e dostupno u EU od 13. prosinca - RADIO LJUBU\u0160KI\",\"isPartOf\":{\"@id\":\"https:\\\/\\\/radioljubuski.ba\\\/#website\"},\"primaryImageOfPage\":{\"@id\":\"https:\\\/\\\/radioljubuski.ba\\\/index.php\\\/2021\\\/12\\\/01\\\/pfizerovo-cjepivo-za-djecu-bit-ce-dostupno-u-eu-od-13-prosinca\\\/#primaryimage\"},\"image\":{\"@id\":\"https:\\\/\\\/radioljubuski.ba\\\/index.php\\\/2021\\\/12\\\/01\\\/pfizerovo-cjepivo-za-djecu-bit-ce-dostupno-u-eu-od-13-prosinca\\\/#primaryimage\"},\"thumbnailUrl\":\"https:\\\/\\\/radioljubuski.ba\\\/wp-content\\\/uploads\\\/2021\\\/12\\\/8-2021-12-01-14-07-24-DJECA-CJEPIVO.jpg\",\"datePublished\":\"2021-12-01T14:13:10+00:00\",\"dateModified\":\"2021-12-01T14:13:11+00:00\",\"breadcrumb\":{\"@id\":\"https:\\\/\\\/radioljubuski.ba\\\/index.php\\\/2021\\\/12\\\/01\\\/pfizerovo-cjepivo-za-djecu-bit-ce-dostupno-u-eu-od-13-prosinca\\\/#breadcrumb\"},\"inLanguage\":\"hr\",\"potentialAction\":[{\"@type\":\"ReadAction\",\"target\":[\"https:\\\/\\\/radioljubuski.ba\\\/index.php\\\/2021\\\/12\\\/01\\\/pfizerovo-cjepivo-za-djecu-bit-ce-dostupno-u-eu-od-13-prosinca\\\/\"]}]},{\"@type\":\"ImageObject\",\"inLanguage\":\"hr\",\"@id\":\"https:\\\/\\\/radioljubuski.ba\\\/index.php\\\/2021\\\/12\\\/01\\\/pfizerovo-cjepivo-za-djecu-bit-ce-dostupno-u-eu-od-13-prosinca\\\/#primaryimage\",\"url\":\"https:\\\/\\\/radioljubuski.ba\\\/wp-content\\\/uploads\\\/2021\\\/12\\\/8-2021-12-01-14-07-24-DJECA-CJEPIVO.jpg\",\"contentUrl\":\"https:\\\/\\\/radioljubuski.ba\\\/wp-content\\\/uploads\\\/2021\\\/12\\\/8-2021-12-01-14-07-24-DJECA-CJEPIVO.jpg\",\"width\":1000,\"height\":625},{\"@type\":\"BreadcrumbList\",\"@id\":\"https:\\\/\\\/radioljubuski.ba\\\/index.php\\\/2021\\\/12\\\/01\\\/pfizerovo-cjepivo-za-djecu-bit-ce-dostupno-u-eu-od-13-prosinca\\\/#breadcrumb\",\"itemListElement\":[{\"@type\":\"ListItem\",\"position\":1,\"name\":\"Po\u010detna stranica\",\"item\":\"https:\\\/\\\/radioljubuski.ba\\\/\"},{\"@type\":\"ListItem\",\"position\":2,\"name\":\"Pfizerovo cjepivo za djecu bit \u0107e dostupno u EU od 13. prosinca\"}]},{\"@type\":\"WebSite\",\"@id\":\"https:\\\/\\\/radioljubuski.ba\\\/#website\",\"url\":\"https:\\\/\\\/radioljubuski.ba\\\/\",\"name\":\"Radio Ljubu\u0161ki\",\"description\":\"Sun\u010dana frekvencija Hercegovine\",\"publisher\":{\"@id\":\"https:\\\/\\\/radioljubuski.ba\\\/#organization\"},\"potentialAction\":[{\"@type\":\"SearchAction\",\"target\":{\"@type\":\"EntryPoint\",\"urlTemplate\":\"https:\\\/\\\/radioljubuski.ba\\\/?s={search_term_string}\"},\"query-input\":{\"@type\":\"PropertyValueSpecification\",\"valueRequired\":true,\"valueName\":\"search_term_string\"}}],\"inLanguage\":\"hr\"},{\"@type\":\"Organization\",\"@id\":\"https:\\\/\\\/radioljubuski.ba\\\/#organization\",\"name\":\"Radio Ljubu\u0161ki\",\"url\":\"https:\\\/\\\/radioljubuski.ba\\\/\",\"logo\":{\"@type\":\"ImageObject\",\"inLanguage\":\"hr\",\"@id\":\"https:\\\/\\\/radioljubuski.ba\\\/#\\\/schema\\\/logo\\\/image\\\/\",\"url\":\"https:\\\/\\\/radioljubuski.ba\\\/wp-content\\\/uploads\\\/2021\\\/02\\\/cropped-Radio_Ljubuski_logo1.jpg\",\"contentUrl\":\"https:\\\/\\\/radioljubuski.ba\\\/wp-content\\\/uploads\\\/2021\\\/02\\\/cropped-Radio_Ljubuski_logo1.jpg\",\"width\":512,\"height\":512,\"caption\":\"Radio Ljubu\u0161ki\"},\"image\":{\"@id\":\"https:\\\/\\\/radioljubuski.ba\\\/#\\\/schema\\\/logo\\\/image\\\/\"},\"sameAs\":[\"https:\\\/\\\/www.facebook.com\\\/Radiio-Ljubuski-1490835324566332\",\"https:\\\/\\\/x.com\\\/radioljubuski\",\"https:\\\/\\\/hr.linkedin.com\\\/company\\\/radio-ljubuski\",\"https:\\\/\\\/www.youtube.com\\\/channel\\\/UCHYaeO_n0Db3tjNGudGpXyw\"]},{\"@type\":\"Person\",\"@id\":\"https:\\\/\\\/radioljubuski.ba\\\/#\\\/schema\\\/person\\\/19fc700381a780f69665d7956c469e3b\",\"name\":\"Radio Ljubu\u0161ki\"}]}<\/script>\n<!-- \/ Yoast SEO plugin. -->","yoast_head_json":{"title":"Pfizerovo cjepivo za djecu bit \u0107e dostupno u EU od 13. prosinca - RADIO LJUBU\u0160KI","robots":{"index":"index","follow":"follow","max-snippet":"max-snippet:-1","max-image-preview":"max-image-preview:large","max-video-preview":"max-video-preview:-1"},"canonical":"https:\/\/radioljubuski.ba\/index.php\/2021\/12\/01\/pfizerovo-cjepivo-za-djecu-bit-ce-dostupno-u-eu-od-13-prosinca\/","og_locale":"hr_HR","og_type":"article","og_title":"Pfizerovo cjepivo za djecu bit \u0107e dostupno u EU od 13. prosinca - RADIO LJUBU\u0160KI","og_description":"Cjepivo Pfizer\/BioNTecha protiv covida-19 za djecu od pet do 11 godina biti \u0107e dostupno u Europskoj uniji od 13. prosinca, tjedan dana prije planiranog, rekao je u srijedu njema\u010dki ministar zdravstva. Njema\u010dka o\u010dekuje 2,4 milijuna doza cjepiva protiv covida-19 za mla\u0111u djecu. \u201cS obzirom na trenutno stanje s pandemijom, ovo je dobra vijest za roditelje [&hellip;]","og_url":"https:\/\/radioljubuski.ba\/index.php\/2021\/12\/01\/pfizerovo-cjepivo-za-djecu-bit-ce-dostupno-u-eu-od-13-prosinca\/","og_site_name":"RADIO LJUBU\u0160KI","article_publisher":"https:\/\/www.facebook.com\/Radiio-Ljubuski-1490835324566332","article_published_time":"2021-12-01T14:13:10+00:00","article_modified_time":"2021-12-01T14:13:11+00:00","og_image":[{"width":1000,"height":625,"url":"https:\/\/radioljubuski.ba\/wp-content\/uploads\/2021\/12\/8-2021-12-01-14-07-24-DJECA-CJEPIVO.jpg","type":"image\/jpeg"}],"author":"Radio Ljubu\u0161ki","twitter_card":"summary_large_image","twitter_creator":"@radioljubuski","twitter_site":"@radioljubuski","twitter_misc":{"Napisao\/la":"Radio Ljubu\u0161ki","Procijenjeno vrijeme \u010ditanja":"1 minuta"},"schema":{"@context":"https:\/\/schema.org","@graph":[{"@type":"Article","@id":"https:\/\/radioljubuski.ba\/index.php\/2021\/12\/01\/pfizerovo-cjepivo-za-djecu-bit-ce-dostupno-u-eu-od-13-prosinca\/#article","isPartOf":{"@id":"https:\/\/radioljubuski.ba\/index.php\/2021\/12\/01\/pfizerovo-cjepivo-za-djecu-bit-ce-dostupno-u-eu-od-13-prosinca\/"},"author":{"name":"Radio Ljubu\u0161ki","@id":"https:\/\/radioljubuski.ba\/#\/schema\/person\/19fc700381a780f69665d7956c469e3b"},"headline":"Pfizerovo cjepivo za djecu bit \u0107e dostupno u EU od 13. prosinca","datePublished":"2021-12-01T14:13:10+00:00","dateModified":"2021-12-01T14:13:11+00:00","mainEntityOfPage":{"@id":"https:\/\/radioljubuski.ba\/index.php\/2021\/12\/01\/pfizerovo-cjepivo-za-djecu-bit-ce-dostupno-u-eu-od-13-prosinca\/"},"wordCount":148,"publisher":{"@id":"https:\/\/radioljubuski.ba\/#organization"},"image":{"@id":"https:\/\/radioljubuski.ba\/index.php\/2021\/12\/01\/pfizerovo-cjepivo-za-djecu-bit-ce-dostupno-u-eu-od-13-prosinca\/#primaryimage"},"thumbnailUrl":"https:\/\/radioljubuski.ba\/wp-content\/uploads\/2021\/12\/8-2021-12-01-14-07-24-DJECA-CJEPIVO.jpg","articleSection":["BIH i regija"],"inLanguage":"hr"},{"@type":"WebPage","@id":"https:\/\/radioljubuski.ba\/index.php\/2021\/12\/01\/pfizerovo-cjepivo-za-djecu-bit-ce-dostupno-u-eu-od-13-prosinca\/","url":"https:\/\/radioljubuski.ba\/index.php\/2021\/12\/01\/pfizerovo-cjepivo-za-djecu-bit-ce-dostupno-u-eu-od-13-prosinca\/","name":"Pfizerovo cjepivo za djecu bit \u0107e dostupno u EU od 13. prosinca - RADIO LJUBU\u0160KI","isPartOf":{"@id":"https:\/\/radioljubuski.ba\/#website"},"primaryImageOfPage":{"@id":"https:\/\/radioljubuski.ba\/index.php\/2021\/12\/01\/pfizerovo-cjepivo-za-djecu-bit-ce-dostupno-u-eu-od-13-prosinca\/#primaryimage"},"image":{"@id":"https:\/\/radioljubuski.ba\/index.php\/2021\/12\/01\/pfizerovo-cjepivo-za-djecu-bit-ce-dostupno-u-eu-od-13-prosinca\/#primaryimage"},"thumbnailUrl":"https:\/\/radioljubuski.ba\/wp-content\/uploads\/2021\/12\/8-2021-12-01-14-07-24-DJECA-CJEPIVO.jpg","datePublished":"2021-12-01T14:13:10+00:00","dateModified":"2021-12-01T14:13:11+00:00","breadcrumb":{"@id":"https:\/\/radioljubuski.ba\/index.php\/2021\/12\/01\/pfizerovo-cjepivo-za-djecu-bit-ce-dostupno-u-eu-od-13-prosinca\/#breadcrumb"},"inLanguage":"hr","potentialAction":[{"@type":"ReadAction","target":["https:\/\/radioljubuski.ba\/index.php\/2021\/12\/01\/pfizerovo-cjepivo-za-djecu-bit-ce-dostupno-u-eu-od-13-prosinca\/"]}]},{"@type":"ImageObject","inLanguage":"hr","@id":"https:\/\/radioljubuski.ba\/index.php\/2021\/12\/01\/pfizerovo-cjepivo-za-djecu-bit-ce-dostupno-u-eu-od-13-prosinca\/#primaryimage","url":"https:\/\/radioljubuski.ba\/wp-content\/uploads\/2021\/12\/8-2021-12-01-14-07-24-DJECA-CJEPIVO.jpg","contentUrl":"https:\/\/radioljubuski.ba\/wp-content\/uploads\/2021\/12\/8-2021-12-01-14-07-24-DJECA-CJEPIVO.jpg","width":1000,"height":625},{"@type":"BreadcrumbList","@id":"https:\/\/radioljubuski.ba\/index.php\/2021\/12\/01\/pfizerovo-cjepivo-za-djecu-bit-ce-dostupno-u-eu-od-13-prosinca\/#breadcrumb","itemListElement":[{"@type":"ListItem","position":1,"name":"Po\u010detna stranica","item":"https:\/\/radioljubuski.ba\/"},{"@type":"ListItem","position":2,"name":"Pfizerovo cjepivo za djecu bit \u0107e dostupno u EU od 13. prosinca"}]},{"@type":"WebSite","@id":"https:\/\/radioljubuski.ba\/#website","url":"https:\/\/radioljubuski.ba\/","name":"Radio Ljubu\u0161ki","description":"Sun\u010dana frekvencija Hercegovine","publisher":{"@id":"https:\/\/radioljubuski.ba\/#organization"},"potentialAction":[{"@type":"SearchAction","target":{"@type":"EntryPoint","urlTemplate":"https:\/\/radioljubuski.ba\/?s={search_term_string}"},"query-input":{"@type":"PropertyValueSpecification","valueRequired":true,"valueName":"search_term_string"}}],"inLanguage":"hr"},{"@type":"Organization","@id":"https:\/\/radioljubuski.ba\/#organization","name":"Radio Ljubu\u0161ki","url":"https:\/\/radioljubuski.ba\/","logo":{"@type":"ImageObject","inLanguage":"hr","@id":"https:\/\/radioljubuski.ba\/#\/schema\/logo\/image\/","url":"https:\/\/radioljubuski.ba\/wp-content\/uploads\/2021\/02\/cropped-Radio_Ljubuski_logo1.jpg","contentUrl":"https:\/\/radioljubuski.ba\/wp-content\/uploads\/2021\/02\/cropped-Radio_Ljubuski_logo1.jpg","width":512,"height":512,"caption":"Radio Ljubu\u0161ki"},"image":{"@id":"https:\/\/radioljubuski.ba\/#\/schema\/logo\/image\/"},"sameAs":["https:\/\/www.facebook.com\/Radiio-Ljubuski-1490835324566332","https:\/\/x.com\/radioljubuski","https:\/\/hr.linkedin.com\/company\/radio-ljubuski","https:\/\/www.youtube.com\/channel\/UCHYaeO_n0Db3tjNGudGpXyw"]},{"@type":"Person","@id":"https:\/\/radioljubuski.ba\/#\/schema\/person\/19fc700381a780f69665d7956c469e3b","name":"Radio Ljubu\u0161ki"}]}},"_links":{"self":[{"href":"https:\/\/radioljubuski.ba\/index.php\/wp-json\/wp\/v2\/posts\/94762","targetHints":{"allow":["GET"]}}],"collection":[{"href":"https:\/\/radioljubuski.ba\/index.php\/wp-json\/wp\/v2\/posts"}],"about":[{"href":"https:\/\/radioljubuski.ba\/index.php\/wp-json\/wp\/v2\/types\/post"}],"author":[{"embeddable":true,"href":"https:\/\/radioljubuski.ba\/index.php\/wp-json\/wp\/v2\/users\/2"}],"replies":[{"embeddable":true,"href":"https:\/\/radioljubuski.ba\/index.php\/wp-json\/wp\/v2\/comments?post=94762"}],"version-history":[{"count":1,"href":"https:\/\/radioljubuski.ba\/index.php\/wp-json\/wp\/v2\/posts\/94762\/revisions"}],"predecessor-version":[{"id":94764,"href":"https:\/\/radioljubuski.ba\/index.php\/wp-json\/wp\/v2\/posts\/94762\/revisions\/94764"}],"wp:featuredmedia":[{"embeddable":true,"href":"https:\/\/radioljubuski.ba\/index.php\/wp-json\/wp\/v2\/media\/94763"}],"wp:attachment":[{"href":"https:\/\/radioljubuski.ba\/index.php\/wp-json\/wp\/v2\/media?parent=94762"}],"wp:term":[{"taxonomy":"category","embeddable":true,"href":"https:\/\/radioljubuski.ba\/index.php\/wp-json\/wp\/v2\/categories?post=94762"},{"taxonomy":"post_tag","embeddable":true,"href":"https:\/\/radioljubuski.ba\/index.php\/wp-json\/wp\/v2\/tags?post=94762"}],"curies":[{"name":"wp","href":"https:\/\/api.w.org\/{rel}","templated":true}]}}