{"id":94819,"date":"2021-12-01T17:32:14","date_gmt":"2021-12-01T16:32:14","guid":{"rendered":"https:\/\/radioljubuski.ba\/?p=94819"},"modified":"2021-12-01T17:32:15","modified_gmt":"2021-12-01T16:32:15","slug":"budimir-o-povratku-na-teren-i-prvom-ovosezonskom-ligaskom-pogotku","status":"publish","type":"post","link":"https:\/\/radioljubuski.ba\/index.php\/2021\/12\/01\/budimir-o-povratku-na-teren-i-prvom-ovosezonskom-ligaskom-pogotku\/","title":{"rendered":"Budimir o povratku na teren i prvom ovosezonskom liga\u0161kom pogotku"},"content":{"rendered":"\n<p><strong>Hrvatski nogometni reprezentativac Ante Budimir potpuno se oporavio od ozljede aduktora desne noge te je u pro\u0161lom kolu \u0161panjolskog prvenstva postigao svoj prvi ovosezonski gol za Osasunu, \u010dime se nanovo stavio na raspolaganje izborniku Zlatku Dali\u0107u.<\/strong><\/p>\n\n\n\n<p>&#8211; Dobro je. Nakon stvarno jednog du\u017eeg perioda sam zdrav te se osje\u0107am jako dobro, ni\u0161ta me ne mu\u010di. To je iza mene, rekao je 30-godi\u0161nji Budimir u razgovoru za Hinu.<br><br>Nakon ozljede u rujnu, u srijedu je prvi put istr\u010dao u udarnoj postavi &#8220;Crvenih&#8221; iz Pamplone u remiju 1-1 s Elcheom.<br><br>&#8211; Nakon malo du\u017eeg perioda ponovo sam u prvih jedanaest, to mi je stvarno trebalo. Nakon \u010detiri tjedna treninga, te ulazaka u igru s klupe bila je to napokon utakmica u po\u010detnoj postavi. Super se osje\u0107am zbog toga, rekao je 1,90 metara visoki golgeter.<br><br>Osasunin trener&nbsp;<strong>Jagoba Arrasate&nbsp;<\/strong>je 26. listopada rekao na konferenciji za medije kako \u0107e Budimira, koji mu je pro\u0161le sezone bio najbolji strijelac, uvoditi postupno dok ne &#8220;uhvati ritam&#8221;.<br><br>&#8211; Ulovio sam kontinuitet treninga a sada mi naravno treba kontinuitet minuta na terenu i utakmica. A to je najidealnije igranjem od po\u010detka s ve\u0107om minuta\u017eom pa se nadam da je to razdoblje sada ispred mene i da \u0107u ga dobro iskoristiti, ka\u017ee Budimir.<br><br>U srijedu mu je trebalo samo pet minuta da iska\u017ee \u017eelju za igranjem i &#8220;glad za golovima&#8221;. Lijevom nogom je iz sna\u017enog voleja uzdrmao gredu, a u nastavku akcije je njegov suigra\u010d izborio jedanaesterac.<br><br>&#8211; \u0160teta za pogo\u0111enu pre\u010dku prije penala jer bi to bio odli\u010dan pogodak pa mi je doista \u017eao da taj volej nije u\u0161ao. Me\u0111utim, izrodio se iz toga penal. To mi je bilo odli\u010dno jer volim pucati penale, napomenuo je Budimir.<br><br>Zatr\u010dao se prema bijeloj to\u010dki pa loptu poslao u lijevu stranu, \u0161to je bilo neobranjivo za vratara Elchea premda se bacio u tu stranu.<br><br>&#8211; Uspje\u0161no sam realizirao penal pa sam sretan \u0161to sam se vratio pogocima. Na\u0161 prvi izvo\u0111a\u010d, jedan od igra\u010da s najvi\u0161e nastupa u mom\u010dadi, bio je na klupi pa je u tom trenutku mene dopalo izvo\u0111enje jedanaesterca. To sam rado prihvatio jer sam vi\u0161e-manje u svim dosada\u0161njim klubovima izvodio kaznene udarce, izjavio je napada\u010d s brojem 17 na le\u0111ima koji je ranije nastupao za klubove poput Intera iz Zapre\u0161i\u0107a, Crotonea, St. Paulija i Mallorce.<br><br>Osasuna je ljetos otkupila od Mallorce njegov ugovor za 8 milijuna eura, \u0161to je prema pisanju \u0161panjolskih novina Marca i AS najskuplje poja\u010danje u povijesti kluba. Osasuna se na to odlu\u010dila jer joj je pro\u0161le sezone s 12 pogodaka pomogao u opstanku u Primeri, natjecanju kojeg je zavr\u0161io kao najbolji strijelac lige glavom.<br><br>Njegov pogodak bio je prvi Osasunin nakon \u010detiri utakmice u kojima mom\u010dad nije pronalazila put do protivni\u010dkih mre\u017ea, no bio je dovoljan tek za bod protiv Elchea koji zauzima 17. mjesto.<\/p>\n\n\n\n<p>Izvor:hrt.hr<\/p>\n","protected":false},"excerpt":{"rendered":"<p>Hrvatski nogometni reprezentativac Ante Budimir potpuno se oporavio od ozljede aduktora desne noge te je u pro\u0161lom kolu \u0161panjolskog prvenstva postigao svoj prvi ovosezonski gol za Osasunu, \u010dime se nanovo stavio na raspolaganje izborniku Zlatku Dali\u0107u. &#8211; Dobro je. Nakon stvarno jednog du\u017eeg perioda sam zdrav te se osje\u0107am jako dobro, ni\u0161ta me ne mu\u010di. [&hellip;]<\/p>\n","protected":false},"author":2,"featured_media":0,"comment_status":"closed","ping_status":"closed","sticky":false,"template":"","format":"standard","meta":{"h5ap_radio_sources":[],"footnotes":""},"categories":[7],"tags":[],"class_list":["post-94819","post","type-post","status-publish","format-standard","hentry","category-sport"],"yoast_head":"<!-- This site is optimized with the Yoast SEO plugin v27.5 - https:\/\/yoast.com\/product\/yoast-seo-wordpress\/ -->\n<title>Budimir o povratku na teren i prvom ovosezonskom liga\u0161kom pogotku - RADIO LJUBU\u0160KI<\/title>\n<meta name=\"robots\" content=\"index, follow, max-snippet:-1, max-image-preview:large, max-video-preview:-1\" \/>\n<link rel=\"canonical\" href=\"https:\/\/radioljubuski.ba\/index.php\/2021\/12\/01\/budimir-o-povratku-na-teren-i-prvom-ovosezonskom-ligaskom-pogotku\/\" \/>\n<meta property=\"og:locale\" content=\"hr_HR\" \/>\n<meta property=\"og:type\" content=\"article\" \/>\n<meta property=\"og:title\" content=\"Budimir o povratku na teren i prvom ovosezonskom liga\u0161kom pogotku - RADIO LJUBU\u0160KI\" \/>\n<meta property=\"og:description\" content=\"Hrvatski nogometni reprezentativac Ante Budimir potpuno se oporavio od ozljede aduktora desne noge te je u pro\u0161lom kolu \u0161panjolskog prvenstva postigao svoj prvi ovosezonski gol za Osasunu, \u010dime se nanovo stavio na raspolaganje izborniku Zlatku Dali\u0107u. &#8211; Dobro je. Nakon stvarno jednog du\u017eeg perioda sam zdrav te se osje\u0107am jako dobro, ni\u0161ta me ne mu\u010di. [&hellip;]\" \/>\n<meta property=\"og:url\" content=\"https:\/\/radioljubuski.ba\/index.php\/2021\/12\/01\/budimir-o-povratku-na-teren-i-prvom-ovosezonskom-ligaskom-pogotku\/\" \/>\n<meta property=\"og:site_name\" content=\"RADIO LJUBU\u0160KI\" \/>\n<meta property=\"article:publisher\" content=\"https:\/\/www.facebook.com\/Radiio-Ljubuski-1490835324566332\" \/>\n<meta property=\"article:published_time\" content=\"2021-12-01T16:32:14+00:00\" \/>\n<meta property=\"article:modified_time\" content=\"2021-12-01T16:32:15+00:00\" \/>\n<meta property=\"og:image\" content=\"https:\/\/radioljubuski.ba\/wp-content\/uploads\/2021\/12\/budimir.jpeg\" \/>\n\t<meta property=\"og:image:width\" content=\"1250\" \/>\n\t<meta property=\"og:image:height\" content=\"835\" \/>\n\t<meta property=\"og:image:type\" content=\"image\/jpeg\" \/>\n<meta name=\"author\" content=\"Radio Ljubu\u0161ki\" \/>\n<meta name=\"twitter:card\" content=\"summary_large_image\" \/>\n<meta name=\"twitter:creator\" content=\"@radioljubuski\" \/>\n<meta name=\"twitter:site\" content=\"@radioljubuski\" \/>\n<meta name=\"twitter:label1\" content=\"Napisao\/la\" \/>\n\t<meta name=\"twitter:data1\" content=\"Radio Ljubu\u0161ki\" \/>\n\t<meta name=\"twitter:label2\" content=\"Procijenjeno vrijeme \u010ditanja\" \/>\n\t<meta name=\"twitter:data2\" content=\"3 minute\" \/>\n<script type=\"application\/ld+json\" class=\"yoast-schema-graph\">{\"@context\":\"https:\\\/\\\/schema.org\",\"@graph\":[{\"@type\":\"Article\",\"@id\":\"https:\\\/\\\/radioljubuski.ba\\\/index.php\\\/2021\\\/12\\\/01\\\/budimir-o-povratku-na-teren-i-prvom-ovosezonskom-ligaskom-pogotku\\\/#article\",\"isPartOf\":{\"@id\":\"https:\\\/\\\/radioljubuski.ba\\\/index.php\\\/2021\\\/12\\\/01\\\/budimir-o-povratku-na-teren-i-prvom-ovosezonskom-ligaskom-pogotku\\\/\"},\"author\":{\"name\":\"Radio Ljubu\u0161ki\",\"@id\":\"https:\\\/\\\/radioljubuski.ba\\\/#\\\/schema\\\/person\\\/19fc700381a780f69665d7956c469e3b\"},\"headline\":\"Budimir o povratku na teren i prvom ovosezonskom liga\u0161kom pogotku\",\"datePublished\":\"2021-12-01T16:32:14+00:00\",\"dateModified\":\"2021-12-01T16:32:15+00:00\",\"mainEntityOfPage\":{\"@id\":\"https:\\\/\\\/radioljubuski.ba\\\/index.php\\\/2021\\\/12\\\/01\\\/budimir-o-povratku-na-teren-i-prvom-ovosezonskom-ligaskom-pogotku\\\/\"},\"wordCount\":516,\"publisher\":{\"@id\":\"https:\\\/\\\/radioljubuski.ba\\\/#organization\"},\"articleSection\":[\"\u0160port\"],\"inLanguage\":\"hr\"},{\"@type\":\"WebPage\",\"@id\":\"https:\\\/\\\/radioljubuski.ba\\\/index.php\\\/2021\\\/12\\\/01\\\/budimir-o-povratku-na-teren-i-prvom-ovosezonskom-ligaskom-pogotku\\\/\",\"url\":\"https:\\\/\\\/radioljubuski.ba\\\/index.php\\\/2021\\\/12\\\/01\\\/budimir-o-povratku-na-teren-i-prvom-ovosezonskom-ligaskom-pogotku\\\/\",\"name\":\"Budimir o povratku na teren i prvom ovosezonskom liga\u0161kom pogotku - RADIO LJUBU\u0160KI\",\"isPartOf\":{\"@id\":\"https:\\\/\\\/radioljubuski.ba\\\/#website\"},\"datePublished\":\"2021-12-01T16:32:14+00:00\",\"dateModified\":\"2021-12-01T16:32:15+00:00\",\"breadcrumb\":{\"@id\":\"https:\\\/\\\/radioljubuski.ba\\\/index.php\\\/2021\\\/12\\\/01\\\/budimir-o-povratku-na-teren-i-prvom-ovosezonskom-ligaskom-pogotku\\\/#breadcrumb\"},\"inLanguage\":\"hr\",\"potentialAction\":[{\"@type\":\"ReadAction\",\"target\":[\"https:\\\/\\\/radioljubuski.ba\\\/index.php\\\/2021\\\/12\\\/01\\\/budimir-o-povratku-na-teren-i-prvom-ovosezonskom-ligaskom-pogotku\\\/\"]}]},{\"@type\":\"BreadcrumbList\",\"@id\":\"https:\\\/\\\/radioljubuski.ba\\\/index.php\\\/2021\\\/12\\\/01\\\/budimir-o-povratku-na-teren-i-prvom-ovosezonskom-ligaskom-pogotku\\\/#breadcrumb\",\"itemListElement\":[{\"@type\":\"ListItem\",\"position\":1,\"name\":\"Po\u010detna stranica\",\"item\":\"https:\\\/\\\/radioljubuski.ba\\\/\"},{\"@type\":\"ListItem\",\"position\":2,\"name\":\"Budimir o povratku na teren i prvom ovosezonskom liga\u0161kom pogotku\"}]},{\"@type\":\"WebSite\",\"@id\":\"https:\\\/\\\/radioljubuski.ba\\\/#website\",\"url\":\"https:\\\/\\\/radioljubuski.ba\\\/\",\"name\":\"Radio Ljubu\u0161ki\",\"description\":\"Sun\u010dana frekvencija Hercegovine\",\"publisher\":{\"@id\":\"https:\\\/\\\/radioljubuski.ba\\\/#organization\"},\"potentialAction\":[{\"@type\":\"SearchAction\",\"target\":{\"@type\":\"EntryPoint\",\"urlTemplate\":\"https:\\\/\\\/radioljubuski.ba\\\/?s={search_term_string}\"},\"query-input\":{\"@type\":\"PropertyValueSpecification\",\"valueRequired\":true,\"valueName\":\"search_term_string\"}}],\"inLanguage\":\"hr\"},{\"@type\":\"Organization\",\"@id\":\"https:\\\/\\\/radioljubuski.ba\\\/#organization\",\"name\":\"Radio Ljubu\u0161ki\",\"url\":\"https:\\\/\\\/radioljubuski.ba\\\/\",\"logo\":{\"@type\":\"ImageObject\",\"inLanguage\":\"hr\",\"@id\":\"https:\\\/\\\/radioljubuski.ba\\\/#\\\/schema\\\/logo\\\/image\\\/\",\"url\":\"https:\\\/\\\/radioljubuski.ba\\\/wp-content\\\/uploads\\\/2021\\\/02\\\/cropped-Radio_Ljubuski_logo1.jpg\",\"contentUrl\":\"https:\\\/\\\/radioljubuski.ba\\\/wp-content\\\/uploads\\\/2021\\\/02\\\/cropped-Radio_Ljubuski_logo1.jpg\",\"width\":512,\"height\":512,\"caption\":\"Radio Ljubu\u0161ki\"},\"image\":{\"@id\":\"https:\\\/\\\/radioljubuski.ba\\\/#\\\/schema\\\/logo\\\/image\\\/\"},\"sameAs\":[\"https:\\\/\\\/www.facebook.com\\\/Radiio-Ljubuski-1490835324566332\",\"https:\\\/\\\/x.com\\\/radioljubuski\",\"https:\\\/\\\/hr.linkedin.com\\\/company\\\/radio-ljubuski\",\"https:\\\/\\\/www.youtube.com\\\/channel\\\/UCHYaeO_n0Db3tjNGudGpXyw\"]},{\"@type\":\"Person\",\"@id\":\"https:\\\/\\\/radioljubuski.ba\\\/#\\\/schema\\\/person\\\/19fc700381a780f69665d7956c469e3b\",\"name\":\"Radio Ljubu\u0161ki\"}]}<\/script>\n<!-- \/ Yoast SEO plugin. -->","yoast_head_json":{"title":"Budimir o povratku na teren i prvom ovosezonskom liga\u0161kom pogotku - RADIO LJUBU\u0160KI","robots":{"index":"index","follow":"follow","max-snippet":"max-snippet:-1","max-image-preview":"max-image-preview:large","max-video-preview":"max-video-preview:-1"},"canonical":"https:\/\/radioljubuski.ba\/index.php\/2021\/12\/01\/budimir-o-povratku-na-teren-i-prvom-ovosezonskom-ligaskom-pogotku\/","og_locale":"hr_HR","og_type":"article","og_title":"Budimir o povratku na teren i prvom ovosezonskom liga\u0161kom pogotku - RADIO LJUBU\u0160KI","og_description":"Hrvatski nogometni reprezentativac Ante Budimir potpuno se oporavio od ozljede aduktora desne noge te je u pro\u0161lom kolu \u0161panjolskog prvenstva postigao svoj prvi ovosezonski gol za Osasunu, \u010dime se nanovo stavio na raspolaganje izborniku Zlatku Dali\u0107u. &#8211; Dobro je. Nakon stvarno jednog du\u017eeg perioda sam zdrav te se osje\u0107am jako dobro, ni\u0161ta me ne mu\u010di. [&hellip;]","og_url":"https:\/\/radioljubuski.ba\/index.php\/2021\/12\/01\/budimir-o-povratku-na-teren-i-prvom-ovosezonskom-ligaskom-pogotku\/","og_site_name":"RADIO LJUBU\u0160KI","article_publisher":"https:\/\/www.facebook.com\/Radiio-Ljubuski-1490835324566332","article_published_time":"2021-12-01T16:32:14+00:00","article_modified_time":"2021-12-01T16:32:15+00:00","og_image":[{"width":1250,"height":835,"url":"https:\/\/radioljubuski.ba\/wp-content\/uploads\/2021\/12\/budimir.jpeg","type":"image\/jpeg"}],"author":"Radio Ljubu\u0161ki","twitter_card":"summary_large_image","twitter_creator":"@radioljubuski","twitter_site":"@radioljubuski","twitter_misc":{"Napisao\/la":"Radio Ljubu\u0161ki","Procijenjeno vrijeme \u010ditanja":"3 minute"},"schema":{"@context":"https:\/\/schema.org","@graph":[{"@type":"Article","@id":"https:\/\/radioljubuski.ba\/index.php\/2021\/12\/01\/budimir-o-povratku-na-teren-i-prvom-ovosezonskom-ligaskom-pogotku\/#article","isPartOf":{"@id":"https:\/\/radioljubuski.ba\/index.php\/2021\/12\/01\/budimir-o-povratku-na-teren-i-prvom-ovosezonskom-ligaskom-pogotku\/"},"author":{"name":"Radio Ljubu\u0161ki","@id":"https:\/\/radioljubuski.ba\/#\/schema\/person\/19fc700381a780f69665d7956c469e3b"},"headline":"Budimir o povratku na teren i prvom ovosezonskom liga\u0161kom pogotku","datePublished":"2021-12-01T16:32:14+00:00","dateModified":"2021-12-01T16:32:15+00:00","mainEntityOfPage":{"@id":"https:\/\/radioljubuski.ba\/index.php\/2021\/12\/01\/budimir-o-povratku-na-teren-i-prvom-ovosezonskom-ligaskom-pogotku\/"},"wordCount":516,"publisher":{"@id":"https:\/\/radioljubuski.ba\/#organization"},"articleSection":["\u0160port"],"inLanguage":"hr"},{"@type":"WebPage","@id":"https:\/\/radioljubuski.ba\/index.php\/2021\/12\/01\/budimir-o-povratku-na-teren-i-prvom-ovosezonskom-ligaskom-pogotku\/","url":"https:\/\/radioljubuski.ba\/index.php\/2021\/12\/01\/budimir-o-povratku-na-teren-i-prvom-ovosezonskom-ligaskom-pogotku\/","name":"Budimir o povratku na teren i prvom ovosezonskom liga\u0161kom pogotku - RADIO LJUBU\u0160KI","isPartOf":{"@id":"https:\/\/radioljubuski.ba\/#website"},"datePublished":"2021-12-01T16:32:14+00:00","dateModified":"2021-12-01T16:32:15+00:00","breadcrumb":{"@id":"https:\/\/radioljubuski.ba\/index.php\/2021\/12\/01\/budimir-o-povratku-na-teren-i-prvom-ovosezonskom-ligaskom-pogotku\/#breadcrumb"},"inLanguage":"hr","potentialAction":[{"@type":"ReadAction","target":["https:\/\/radioljubuski.ba\/index.php\/2021\/12\/01\/budimir-o-povratku-na-teren-i-prvom-ovosezonskom-ligaskom-pogotku\/"]}]},{"@type":"BreadcrumbList","@id":"https:\/\/radioljubuski.ba\/index.php\/2021\/12\/01\/budimir-o-povratku-na-teren-i-prvom-ovosezonskom-ligaskom-pogotku\/#breadcrumb","itemListElement":[{"@type":"ListItem","position":1,"name":"Po\u010detna stranica","item":"https:\/\/radioljubuski.ba\/"},{"@type":"ListItem","position":2,"name":"Budimir o povratku na teren i prvom ovosezonskom liga\u0161kom pogotku"}]},{"@type":"WebSite","@id":"https:\/\/radioljubuski.ba\/#website","url":"https:\/\/radioljubuski.ba\/","name":"Radio Ljubu\u0161ki","description":"Sun\u010dana frekvencija Hercegovine","publisher":{"@id":"https:\/\/radioljubuski.ba\/#organization"},"potentialAction":[{"@type":"SearchAction","target":{"@type":"EntryPoint","urlTemplate":"https:\/\/radioljubuski.ba\/?s={search_term_string}"},"query-input":{"@type":"PropertyValueSpecification","valueRequired":true,"valueName":"search_term_string"}}],"inLanguage":"hr"},{"@type":"Organization","@id":"https:\/\/radioljubuski.ba\/#organization","name":"Radio Ljubu\u0161ki","url":"https:\/\/radioljubuski.ba\/","logo":{"@type":"ImageObject","inLanguage":"hr","@id":"https:\/\/radioljubuski.ba\/#\/schema\/logo\/image\/","url":"https:\/\/radioljubuski.ba\/wp-content\/uploads\/2021\/02\/cropped-Radio_Ljubuski_logo1.jpg","contentUrl":"https:\/\/radioljubuski.ba\/wp-content\/uploads\/2021\/02\/cropped-Radio_Ljubuski_logo1.jpg","width":512,"height":512,"caption":"Radio Ljubu\u0161ki"},"image":{"@id":"https:\/\/radioljubuski.ba\/#\/schema\/logo\/image\/"},"sameAs":["https:\/\/www.facebook.com\/Radiio-Ljubuski-1490835324566332","https:\/\/x.com\/radioljubuski","https:\/\/hr.linkedin.com\/company\/radio-ljubuski","https:\/\/www.youtube.com\/channel\/UCHYaeO_n0Db3tjNGudGpXyw"]},{"@type":"Person","@id":"https:\/\/radioljubuski.ba\/#\/schema\/person\/19fc700381a780f69665d7956c469e3b","name":"Radio Ljubu\u0161ki"}]}},"_links":{"self":[{"href":"https:\/\/radioljubuski.ba\/index.php\/wp-json\/wp\/v2\/posts\/94819","targetHints":{"allow":["GET"]}}],"collection":[{"href":"https:\/\/radioljubuski.ba\/index.php\/wp-json\/wp\/v2\/posts"}],"about":[{"href":"https:\/\/radioljubuski.ba\/index.php\/wp-json\/wp\/v2\/types\/post"}],"author":[{"embeddable":true,"href":"https:\/\/radioljubuski.ba\/index.php\/wp-json\/wp\/v2\/users\/2"}],"replies":[{"embeddable":true,"href":"https:\/\/radioljubuski.ba\/index.php\/wp-json\/wp\/v2\/comments?post=94819"}],"version-history":[{"count":1,"href":"https:\/\/radioljubuski.ba\/index.php\/wp-json\/wp\/v2\/posts\/94819\/revisions"}],"predecessor-version":[{"id":94821,"href":"https:\/\/radioljubuski.ba\/index.php\/wp-json\/wp\/v2\/posts\/94819\/revisions\/94821"}],"wp:attachment":[{"href":"https:\/\/radioljubuski.ba\/index.php\/wp-json\/wp\/v2\/media?parent=94819"}],"wp:term":[{"taxonomy":"category","embeddable":true,"href":"https:\/\/radioljubuski.ba\/index.php\/wp-json\/wp\/v2\/categories?post=94819"},{"taxonomy":"post_tag","embeddable":true,"href":"https:\/\/radioljubuski.ba\/index.php\/wp-json\/wp\/v2\/tags?post=94819"}],"curies":[{"name":"wp","href":"https:\/\/api.w.org\/{rel}","templated":true}]}}