{"id":94867,"date":"2021-12-01T20:14:03","date_gmt":"2021-12-01T19:14:03","guid":{"rendered":"https:\/\/radioljubuski.ba\/?p=94867"},"modified":"2021-12-01T20:14:04","modified_gmt":"2021-12-01T19:14:04","slug":"ermin-zec-prijeti-ratom-ako-izborni-zakon-ne-bude-po-volji-unitarista","status":"publish","type":"post","link":"https:\/\/radioljubuski.ba\/index.php\/2021\/12\/01\/ermin-zec-prijeti-ratom-ako-izborni-zakon-ne-bude-po-volji-unitarista\/","title":{"rendered":"Ermin Zec prijeti ratom ako Izborni zakon ne bude po volji unitarista"},"content":{"rendered":"\n<p><strong>Ermin Zec, bo\u0161nja\u010dki aktivist aktivan na dru\u0161tvenoj mre\u017ei Twitter, otvoreno je zaprijetio ratom u kontekstu izmjena Izbornoga zakona u BiH.<\/strong><\/p>\n\n\n\n<p>Doti\u010dni ne igra nogomet poput imenjaka mu koji je nastupao i za reprezentaciju BiH. U \u010dlanku iz rujna 2020. godina na portalu Intelektualno.com pi\u0161e pone\u0161to o biografiji Zeca, pi\u0161e&nbsp;<a href=\"https:\/\/www.bild.ba\/nase-price\/ermin-zec-poziva-bosnjake-na-rat-ako-hrvatima-ne-uzmu-dom-naroda\/\" target=\"_blank\" rel=\"noreferrer noopener\">Bild.ba<\/a>.<\/p>\n\n\n\n<p>\u201cUvijek je lijepo \u010duti pri\u010du o povratku mladih u Bosnu i Hercegovinu te njihovom uspjehu na tom putu. Jedan od takvih je i Ermin Zec, magistar politi\u010dkih znanosti na Univerzitetu u Helsinkiju (Finska), sakojim smo razgovarali o njegovom povratku, stanju Bo\u0161njaka u dijaspori, dru\u0161tvu, ali i o mladima koji imaju namjeru svoj \u017eivot zasnovati u inozemstvu\u201d, stoji na tom portalu Ze\u010deva minibiografija.<\/p>\n\n\n\n<p>\u201cVrijeme je da i Palmer i Eichorst idu odakle su do\u0161li. Ne\u0107emo pristati na izmjene izbornog zakona bez izmjena u Domu naroda, pa makar to zna\u010dilo i rat. Mi Bo\u0161njaci samo se dragog Allaha bojimo i samo se u Njega uzdamo\u201d, napisao je Zec na ovoj dru\u0161tvenoj mre\u017ei referiraju\u0107i se na \u010dlanak objavljen na portalu Istraga.ba pod naslovom: \u201cPregovori o izmjenama Izbornog zakona na rubu propasti: Palmer i Eichorst upozoravali na raspad BiH, ukoliko se ne postigne dogovor\u201d.<\/p>\n\n\n\n<blockquote class=\"twitter-tweet\"><p lang=\"und\" dir=\"ltr\">Vrijeme je da i Palmer i Eichorst idu odakle su do\u0161li. Ne\u0107emo pristati na izmjene izbornog zakona bez izmjena u Domu naroda, pa makar to zna\u010dilo i rat. Mi Bo\u0161njaci samo se dragog Allaha bojimo i samo se u Njega uzdamo. <a href=\"https:\/\/t.co\/BxrwOHcyPi\">https:\/\/t.co\/BxrwOHcyPi<\/a><\/p>&mdash; Ermin Zec (@zecermin) <a href=\"https:\/\/twitter.com\/zecermin\/status\/1465784485946011652?ref_src=twsrc%5Etfw\">November 30, 2021<\/a><\/blockquote> <script async src=\"https:\/\/platform.twitter.com\/widgets.js\" charset=\"utf-8\"><\/script>\n\n\n\n<p>\/HMS\/<\/p>\n","protected":false},"excerpt":{"rendered":"<p>Ermin Zec, bo\u0161nja\u010dki aktivist aktivan na dru\u0161tvenoj mre\u017ei Twitter, otvoreno je zaprijetio ratom u kontekstu izmjena Izbornoga zakona u BiH. Doti\u010dni ne igra nogomet poput imenjaka mu koji je nastupao i za reprezentaciju BiH. U \u010dlanku iz rujna 2020. godina na portalu Intelektualno.com pi\u0161e pone\u0161to o biografiji Zeca, pi\u0161e&nbsp;Bild.ba. \u201cUvijek je lijepo \u010duti pri\u010du o [&hellip;]<\/p>\n","protected":false},"author":2,"featured_media":94868,"comment_status":"closed","ping_status":"closed","sticky":false,"template":"","format":"standard","meta":{"h5ap_radio_sources":[],"footnotes":""},"categories":[1],"tags":[],"class_list":["post-94867","post","type-post","status-publish","format-standard","has-post-thumbnail","hentry","category-bihiregija"],"yoast_head":"<!-- This site is optimized with the Yoast SEO plugin v27.4 - https:\/\/yoast.com\/product\/yoast-seo-wordpress\/ -->\n<title>Ermin Zec prijeti ratom ako Izborni zakon ne bude po volji unitarista - RADIO LJUBU\u0160KI<\/title>\n<meta name=\"robots\" content=\"index, follow, max-snippet:-1, max-image-preview:large, max-video-preview:-1\" \/>\n<link rel=\"canonical\" href=\"https:\/\/radioljubuski.ba\/index.php\/2021\/12\/01\/ermin-zec-prijeti-ratom-ako-izborni-zakon-ne-bude-po-volji-unitarista\/\" \/>\n<meta property=\"og:locale\" content=\"hr_HR\" \/>\n<meta property=\"og:type\" content=\"article\" \/>\n<meta property=\"og:title\" content=\"Ermin Zec prijeti ratom ako Izborni zakon ne bude po volji unitarista - RADIO LJUBU\u0160KI\" \/>\n<meta property=\"og:description\" content=\"Ermin Zec, bo\u0161nja\u010dki aktivist aktivan na dru\u0161tvenoj mre\u017ei Twitter, otvoreno je zaprijetio ratom u kontekstu izmjena Izbornoga zakona u BiH. Doti\u010dni ne igra nogomet poput imenjaka mu koji je nastupao i za reprezentaciju BiH. U \u010dlanku iz rujna 2020. godina na portalu Intelektualno.com pi\u0161e pone\u0161to o biografiji Zeca, pi\u0161e&nbsp;Bild.ba. \u201cUvijek je lijepo \u010duti pri\u010du o [&hellip;]\" \/>\n<meta property=\"og:url\" content=\"https:\/\/radioljubuski.ba\/index.php\/2021\/12\/01\/ermin-zec-prijeti-ratom-ako-izborni-zakon-ne-bude-po-volji-unitarista\/\" \/>\n<meta property=\"og:site_name\" content=\"RADIO LJUBU\u0160KI\" \/>\n<meta property=\"article:publisher\" content=\"https:\/\/www.facebook.com\/Radiio-Ljubuski-1490835324566332\" \/>\n<meta property=\"article:published_time\" content=\"2021-12-01T19:14:03+00:00\" \/>\n<meta property=\"article:modified_time\" content=\"2021-12-01T19:14:04+00:00\" \/>\n<meta property=\"og:image\" content=\"https:\/\/radioljubuski.ba\/wp-content\/uploads\/2021\/12\/ermin-zec-1068x700-1.jpg\" \/>\n\t<meta property=\"og:image:width\" content=\"1068\" \/>\n\t<meta property=\"og:image:height\" content=\"700\" \/>\n\t<meta property=\"og:image:type\" content=\"image\/jpeg\" \/>\n<meta name=\"author\" content=\"Radio Ljubu\u0161ki\" \/>\n<meta name=\"twitter:card\" content=\"summary_large_image\" \/>\n<meta name=\"twitter:creator\" content=\"@radioljubuski\" \/>\n<meta name=\"twitter:site\" content=\"@radioljubuski\" \/>\n<meta name=\"twitter:label1\" content=\"Napisao\/la\" \/>\n\t<meta name=\"twitter:data1\" content=\"Radio Ljubu\u0161ki\" \/>\n\t<meta name=\"twitter:label2\" content=\"Procijenjeno vrijeme \u010ditanja\" \/>\n\t<meta name=\"twitter:data2\" content=\"2 minute\" \/>\n<script type=\"application\/ld+json\" class=\"yoast-schema-graph\">{\"@context\":\"https:\\\/\\\/schema.org\",\"@graph\":[{\"@type\":\"Article\",\"@id\":\"https:\\\/\\\/radioljubuski.ba\\\/index.php\\\/2021\\\/12\\\/01\\\/ermin-zec-prijeti-ratom-ako-izborni-zakon-ne-bude-po-volji-unitarista\\\/#article\",\"isPartOf\":{\"@id\":\"https:\\\/\\\/radioljubuski.ba\\\/index.php\\\/2021\\\/12\\\/01\\\/ermin-zec-prijeti-ratom-ako-izborni-zakon-ne-bude-po-volji-unitarista\\\/\"},\"author\":{\"name\":\"Radio Ljubu\u0161ki\",\"@id\":\"https:\\\/\\\/radioljubuski.ba\\\/#\\\/schema\\\/person\\\/19fc700381a780f69665d7956c469e3b\"},\"headline\":\"Ermin Zec prijeti ratom ako Izborni zakon ne bude po volji unitarista\",\"datePublished\":\"2021-12-01T19:14:03+00:00\",\"dateModified\":\"2021-12-01T19:14:04+00:00\",\"mainEntityOfPage\":{\"@id\":\"https:\\\/\\\/radioljubuski.ba\\\/index.php\\\/2021\\\/12\\\/01\\\/ermin-zec-prijeti-ratom-ako-izborni-zakon-ne-bude-po-volji-unitarista\\\/\"},\"wordCount\":280,\"publisher\":{\"@id\":\"https:\\\/\\\/radioljubuski.ba\\\/#organization\"},\"image\":{\"@id\":\"https:\\\/\\\/radioljubuski.ba\\\/index.php\\\/2021\\\/12\\\/01\\\/ermin-zec-prijeti-ratom-ako-izborni-zakon-ne-bude-po-volji-unitarista\\\/#primaryimage\"},\"thumbnailUrl\":\"https:\\\/\\\/radioljubuski.ba\\\/wp-content\\\/uploads\\\/2021\\\/12\\\/ermin-zec-1068x700-1.jpg\",\"articleSection\":[\"BIH i regija\"],\"inLanguage\":\"hr\"},{\"@type\":\"WebPage\",\"@id\":\"https:\\\/\\\/radioljubuski.ba\\\/index.php\\\/2021\\\/12\\\/01\\\/ermin-zec-prijeti-ratom-ako-izborni-zakon-ne-bude-po-volji-unitarista\\\/\",\"url\":\"https:\\\/\\\/radioljubuski.ba\\\/index.php\\\/2021\\\/12\\\/01\\\/ermin-zec-prijeti-ratom-ako-izborni-zakon-ne-bude-po-volji-unitarista\\\/\",\"name\":\"Ermin Zec prijeti ratom ako Izborni zakon ne bude po volji unitarista - RADIO LJUBU\u0160KI\",\"isPartOf\":{\"@id\":\"https:\\\/\\\/radioljubuski.ba\\\/#website\"},\"primaryImageOfPage\":{\"@id\":\"https:\\\/\\\/radioljubuski.ba\\\/index.php\\\/2021\\\/12\\\/01\\\/ermin-zec-prijeti-ratom-ako-izborni-zakon-ne-bude-po-volji-unitarista\\\/#primaryimage\"},\"image\":{\"@id\":\"https:\\\/\\\/radioljubuski.ba\\\/index.php\\\/2021\\\/12\\\/01\\\/ermin-zec-prijeti-ratom-ako-izborni-zakon-ne-bude-po-volji-unitarista\\\/#primaryimage\"},\"thumbnailUrl\":\"https:\\\/\\\/radioljubuski.ba\\\/wp-content\\\/uploads\\\/2021\\\/12\\\/ermin-zec-1068x700-1.jpg\",\"datePublished\":\"2021-12-01T19:14:03+00:00\",\"dateModified\":\"2021-12-01T19:14:04+00:00\",\"breadcrumb\":{\"@id\":\"https:\\\/\\\/radioljubuski.ba\\\/index.php\\\/2021\\\/12\\\/01\\\/ermin-zec-prijeti-ratom-ako-izborni-zakon-ne-bude-po-volji-unitarista\\\/#breadcrumb\"},\"inLanguage\":\"hr\",\"potentialAction\":[{\"@type\":\"ReadAction\",\"target\":[\"https:\\\/\\\/radioljubuski.ba\\\/index.php\\\/2021\\\/12\\\/01\\\/ermin-zec-prijeti-ratom-ako-izborni-zakon-ne-bude-po-volji-unitarista\\\/\"]}]},{\"@type\":\"ImageObject\",\"inLanguage\":\"hr\",\"@id\":\"https:\\\/\\\/radioljubuski.ba\\\/index.php\\\/2021\\\/12\\\/01\\\/ermin-zec-prijeti-ratom-ako-izborni-zakon-ne-bude-po-volji-unitarista\\\/#primaryimage\",\"url\":\"https:\\\/\\\/radioljubuski.ba\\\/wp-content\\\/uploads\\\/2021\\\/12\\\/ermin-zec-1068x700-1.jpg\",\"contentUrl\":\"https:\\\/\\\/radioljubuski.ba\\\/wp-content\\\/uploads\\\/2021\\\/12\\\/ermin-zec-1068x700-1.jpg\",\"width\":1068,\"height\":700},{\"@type\":\"BreadcrumbList\",\"@id\":\"https:\\\/\\\/radioljubuski.ba\\\/index.php\\\/2021\\\/12\\\/01\\\/ermin-zec-prijeti-ratom-ako-izborni-zakon-ne-bude-po-volji-unitarista\\\/#breadcrumb\",\"itemListElement\":[{\"@type\":\"ListItem\",\"position\":1,\"name\":\"Po\u010detna stranica\",\"item\":\"https:\\\/\\\/radioljubuski.ba\\\/\"},{\"@type\":\"ListItem\",\"position\":2,\"name\":\"Ermin Zec prijeti ratom ako Izborni zakon ne bude po volji unitarista\"}]},{\"@type\":\"WebSite\",\"@id\":\"https:\\\/\\\/radioljubuski.ba\\\/#website\",\"url\":\"https:\\\/\\\/radioljubuski.ba\\\/\",\"name\":\"Radio Ljubu\u0161ki\",\"description\":\"Sun\u010dana frekvencija Hercegovine\",\"publisher\":{\"@id\":\"https:\\\/\\\/radioljubuski.ba\\\/#organization\"},\"potentialAction\":[{\"@type\":\"SearchAction\",\"target\":{\"@type\":\"EntryPoint\",\"urlTemplate\":\"https:\\\/\\\/radioljubuski.ba\\\/?s={search_term_string}\"},\"query-input\":{\"@type\":\"PropertyValueSpecification\",\"valueRequired\":true,\"valueName\":\"search_term_string\"}}],\"inLanguage\":\"hr\"},{\"@type\":\"Organization\",\"@id\":\"https:\\\/\\\/radioljubuski.ba\\\/#organization\",\"name\":\"Radio Ljubu\u0161ki\",\"url\":\"https:\\\/\\\/radioljubuski.ba\\\/\",\"logo\":{\"@type\":\"ImageObject\",\"inLanguage\":\"hr\",\"@id\":\"https:\\\/\\\/radioljubuski.ba\\\/#\\\/schema\\\/logo\\\/image\\\/\",\"url\":\"https:\\\/\\\/radioljubuski.ba\\\/wp-content\\\/uploads\\\/2021\\\/02\\\/cropped-Radio_Ljubuski_logo1.jpg\",\"contentUrl\":\"https:\\\/\\\/radioljubuski.ba\\\/wp-content\\\/uploads\\\/2021\\\/02\\\/cropped-Radio_Ljubuski_logo1.jpg\",\"width\":512,\"height\":512,\"caption\":\"Radio Ljubu\u0161ki\"},\"image\":{\"@id\":\"https:\\\/\\\/radioljubuski.ba\\\/#\\\/schema\\\/logo\\\/image\\\/\"},\"sameAs\":[\"https:\\\/\\\/www.facebook.com\\\/Radiio-Ljubuski-1490835324566332\",\"https:\\\/\\\/x.com\\\/radioljubuski\",\"https:\\\/\\\/hr.linkedin.com\\\/company\\\/radio-ljubuski\",\"https:\\\/\\\/www.youtube.com\\\/channel\\\/UCHYaeO_n0Db3tjNGudGpXyw\"]},{\"@type\":\"Person\",\"@id\":\"https:\\\/\\\/radioljubuski.ba\\\/#\\\/schema\\\/person\\\/19fc700381a780f69665d7956c469e3b\",\"name\":\"Radio Ljubu\u0161ki\"}]}<\/script>\n<!-- \/ Yoast SEO plugin. -->","yoast_head_json":{"title":"Ermin Zec prijeti ratom ako Izborni zakon ne bude po volji unitarista - RADIO LJUBU\u0160KI","robots":{"index":"index","follow":"follow","max-snippet":"max-snippet:-1","max-image-preview":"max-image-preview:large","max-video-preview":"max-video-preview:-1"},"canonical":"https:\/\/radioljubuski.ba\/index.php\/2021\/12\/01\/ermin-zec-prijeti-ratom-ako-izborni-zakon-ne-bude-po-volji-unitarista\/","og_locale":"hr_HR","og_type":"article","og_title":"Ermin Zec prijeti ratom ako Izborni zakon ne bude po volji unitarista - RADIO LJUBU\u0160KI","og_description":"Ermin Zec, bo\u0161nja\u010dki aktivist aktivan na dru\u0161tvenoj mre\u017ei Twitter, otvoreno je zaprijetio ratom u kontekstu izmjena Izbornoga zakona u BiH. Doti\u010dni ne igra nogomet poput imenjaka mu koji je nastupao i za reprezentaciju BiH. U \u010dlanku iz rujna 2020. godina na portalu Intelektualno.com pi\u0161e pone\u0161to o biografiji Zeca, pi\u0161e&nbsp;Bild.ba. \u201cUvijek je lijepo \u010duti pri\u010du o [&hellip;]","og_url":"https:\/\/radioljubuski.ba\/index.php\/2021\/12\/01\/ermin-zec-prijeti-ratom-ako-izborni-zakon-ne-bude-po-volji-unitarista\/","og_site_name":"RADIO LJUBU\u0160KI","article_publisher":"https:\/\/www.facebook.com\/Radiio-Ljubuski-1490835324566332","article_published_time":"2021-12-01T19:14:03+00:00","article_modified_time":"2021-12-01T19:14:04+00:00","og_image":[{"width":1068,"height":700,"url":"https:\/\/radioljubuski.ba\/wp-content\/uploads\/2021\/12\/ermin-zec-1068x700-1.jpg","type":"image\/jpeg"}],"author":"Radio Ljubu\u0161ki","twitter_card":"summary_large_image","twitter_creator":"@radioljubuski","twitter_site":"@radioljubuski","twitter_misc":{"Napisao\/la":"Radio Ljubu\u0161ki","Procijenjeno vrijeme \u010ditanja":"2 minute"},"schema":{"@context":"https:\/\/schema.org","@graph":[{"@type":"Article","@id":"https:\/\/radioljubuski.ba\/index.php\/2021\/12\/01\/ermin-zec-prijeti-ratom-ako-izborni-zakon-ne-bude-po-volji-unitarista\/#article","isPartOf":{"@id":"https:\/\/radioljubuski.ba\/index.php\/2021\/12\/01\/ermin-zec-prijeti-ratom-ako-izborni-zakon-ne-bude-po-volji-unitarista\/"},"author":{"name":"Radio Ljubu\u0161ki","@id":"https:\/\/radioljubuski.ba\/#\/schema\/person\/19fc700381a780f69665d7956c469e3b"},"headline":"Ermin Zec prijeti ratom ako Izborni zakon ne bude po volji unitarista","datePublished":"2021-12-01T19:14:03+00:00","dateModified":"2021-12-01T19:14:04+00:00","mainEntityOfPage":{"@id":"https:\/\/radioljubuski.ba\/index.php\/2021\/12\/01\/ermin-zec-prijeti-ratom-ako-izborni-zakon-ne-bude-po-volji-unitarista\/"},"wordCount":280,"publisher":{"@id":"https:\/\/radioljubuski.ba\/#organization"},"image":{"@id":"https:\/\/radioljubuski.ba\/index.php\/2021\/12\/01\/ermin-zec-prijeti-ratom-ako-izborni-zakon-ne-bude-po-volji-unitarista\/#primaryimage"},"thumbnailUrl":"https:\/\/radioljubuski.ba\/wp-content\/uploads\/2021\/12\/ermin-zec-1068x700-1.jpg","articleSection":["BIH i regija"],"inLanguage":"hr"},{"@type":"WebPage","@id":"https:\/\/radioljubuski.ba\/index.php\/2021\/12\/01\/ermin-zec-prijeti-ratom-ako-izborni-zakon-ne-bude-po-volji-unitarista\/","url":"https:\/\/radioljubuski.ba\/index.php\/2021\/12\/01\/ermin-zec-prijeti-ratom-ako-izborni-zakon-ne-bude-po-volji-unitarista\/","name":"Ermin Zec prijeti ratom ako Izborni zakon ne bude po volji unitarista - RADIO LJUBU\u0160KI","isPartOf":{"@id":"https:\/\/radioljubuski.ba\/#website"},"primaryImageOfPage":{"@id":"https:\/\/radioljubuski.ba\/index.php\/2021\/12\/01\/ermin-zec-prijeti-ratom-ako-izborni-zakon-ne-bude-po-volji-unitarista\/#primaryimage"},"image":{"@id":"https:\/\/radioljubuski.ba\/index.php\/2021\/12\/01\/ermin-zec-prijeti-ratom-ako-izborni-zakon-ne-bude-po-volji-unitarista\/#primaryimage"},"thumbnailUrl":"https:\/\/radioljubuski.ba\/wp-content\/uploads\/2021\/12\/ermin-zec-1068x700-1.jpg","datePublished":"2021-12-01T19:14:03+00:00","dateModified":"2021-12-01T19:14:04+00:00","breadcrumb":{"@id":"https:\/\/radioljubuski.ba\/index.php\/2021\/12\/01\/ermin-zec-prijeti-ratom-ako-izborni-zakon-ne-bude-po-volji-unitarista\/#breadcrumb"},"inLanguage":"hr","potentialAction":[{"@type":"ReadAction","target":["https:\/\/radioljubuski.ba\/index.php\/2021\/12\/01\/ermin-zec-prijeti-ratom-ako-izborni-zakon-ne-bude-po-volji-unitarista\/"]}]},{"@type":"ImageObject","inLanguage":"hr","@id":"https:\/\/radioljubuski.ba\/index.php\/2021\/12\/01\/ermin-zec-prijeti-ratom-ako-izborni-zakon-ne-bude-po-volji-unitarista\/#primaryimage","url":"https:\/\/radioljubuski.ba\/wp-content\/uploads\/2021\/12\/ermin-zec-1068x700-1.jpg","contentUrl":"https:\/\/radioljubuski.ba\/wp-content\/uploads\/2021\/12\/ermin-zec-1068x700-1.jpg","width":1068,"height":700},{"@type":"BreadcrumbList","@id":"https:\/\/radioljubuski.ba\/index.php\/2021\/12\/01\/ermin-zec-prijeti-ratom-ako-izborni-zakon-ne-bude-po-volji-unitarista\/#breadcrumb","itemListElement":[{"@type":"ListItem","position":1,"name":"Po\u010detna stranica","item":"https:\/\/radioljubuski.ba\/"},{"@type":"ListItem","position":2,"name":"Ermin Zec prijeti ratom ako Izborni zakon ne bude po volji unitarista"}]},{"@type":"WebSite","@id":"https:\/\/radioljubuski.ba\/#website","url":"https:\/\/radioljubuski.ba\/","name":"Radio Ljubu\u0161ki","description":"Sun\u010dana frekvencija Hercegovine","publisher":{"@id":"https:\/\/radioljubuski.ba\/#organization"},"potentialAction":[{"@type":"SearchAction","target":{"@type":"EntryPoint","urlTemplate":"https:\/\/radioljubuski.ba\/?s={search_term_string}"},"query-input":{"@type":"PropertyValueSpecification","valueRequired":true,"valueName":"search_term_string"}}],"inLanguage":"hr"},{"@type":"Organization","@id":"https:\/\/radioljubuski.ba\/#organization","name":"Radio Ljubu\u0161ki","url":"https:\/\/radioljubuski.ba\/","logo":{"@type":"ImageObject","inLanguage":"hr","@id":"https:\/\/radioljubuski.ba\/#\/schema\/logo\/image\/","url":"https:\/\/radioljubuski.ba\/wp-content\/uploads\/2021\/02\/cropped-Radio_Ljubuski_logo1.jpg","contentUrl":"https:\/\/radioljubuski.ba\/wp-content\/uploads\/2021\/02\/cropped-Radio_Ljubuski_logo1.jpg","width":512,"height":512,"caption":"Radio Ljubu\u0161ki"},"image":{"@id":"https:\/\/radioljubuski.ba\/#\/schema\/logo\/image\/"},"sameAs":["https:\/\/www.facebook.com\/Radiio-Ljubuski-1490835324566332","https:\/\/x.com\/radioljubuski","https:\/\/hr.linkedin.com\/company\/radio-ljubuski","https:\/\/www.youtube.com\/channel\/UCHYaeO_n0Db3tjNGudGpXyw"]},{"@type":"Person","@id":"https:\/\/radioljubuski.ba\/#\/schema\/person\/19fc700381a780f69665d7956c469e3b","name":"Radio Ljubu\u0161ki"}]}},"_links":{"self":[{"href":"https:\/\/radioljubuski.ba\/index.php\/wp-json\/wp\/v2\/posts\/94867","targetHints":{"allow":["GET"]}}],"collection":[{"href":"https:\/\/radioljubuski.ba\/index.php\/wp-json\/wp\/v2\/posts"}],"about":[{"href":"https:\/\/radioljubuski.ba\/index.php\/wp-json\/wp\/v2\/types\/post"}],"author":[{"embeddable":true,"href":"https:\/\/radioljubuski.ba\/index.php\/wp-json\/wp\/v2\/users\/2"}],"replies":[{"embeddable":true,"href":"https:\/\/radioljubuski.ba\/index.php\/wp-json\/wp\/v2\/comments?post=94867"}],"version-history":[{"count":1,"href":"https:\/\/radioljubuski.ba\/index.php\/wp-json\/wp\/v2\/posts\/94867\/revisions"}],"predecessor-version":[{"id":94869,"href":"https:\/\/radioljubuski.ba\/index.php\/wp-json\/wp\/v2\/posts\/94867\/revisions\/94869"}],"wp:featuredmedia":[{"embeddable":true,"href":"https:\/\/radioljubuski.ba\/index.php\/wp-json\/wp\/v2\/media\/94868"}],"wp:attachment":[{"href":"https:\/\/radioljubuski.ba\/index.php\/wp-json\/wp\/v2\/media?parent=94867"}],"wp:term":[{"taxonomy":"category","embeddable":true,"href":"https:\/\/radioljubuski.ba\/index.php\/wp-json\/wp\/v2\/categories?post=94867"},{"taxonomy":"post_tag","embeddable":true,"href":"https:\/\/radioljubuski.ba\/index.php\/wp-json\/wp\/v2\/tags?post=94867"}],"curies":[{"name":"wp","href":"https:\/\/api.w.org\/{rel}","templated":true}]}}