{"id":94876,"date":"2021-12-01T20:19:59","date_gmt":"2021-12-01T19:19:59","guid":{"rendered":"https:\/\/radioljubuski.ba\/?p=94876"},"modified":"2021-12-01T20:20:00","modified_gmt":"2021-12-01T19:20:00","slug":"osijek-nakon-drame-jedanaesteraca-usao-u-polufinale-kupa","status":"publish","type":"post","link":"https:\/\/radioljubuski.ba\/index.php\/2021\/12\/01\/osijek-nakon-drame-jedanaesteraca-usao-u-polufinale-kupa\/","title":{"rendered":"Osijek nakon drame jedanaesteraca u\u0161ao u polufinale Kupa!"},"content":{"rendered":"\n<p><strong>Nogometa\u0161i Osijeka tre\u0107i su polufinalisti ovosezonskog izdanja Hrvatskog kupa, oni su u \u010detvrtfinalu boljim izvo\u0111enjem 11-eraca sa 5-4 izbacili Slaven Belupo, nakon \u0161to u 120 minuta igre u Gradskom vrtu nije bilo pogodaka.<\/strong><\/p>\n\n\n\n<p>Iako nije bilo golova, susret u Osijeku obilovao je doga\u0111ajima, oba sastava nisu iskoristila po kazneni udarac, a i jedni i drugi su utakmicu zavr\u0161ili sa po 10 igra\u010da.<\/p>\n\n\n\n<p>Osijek je u prvom poluvremenu dominirao protiv kombinirane mom\u010dadi iz Koprivnice u kojoj je sjajan dojam ostavio debitant na vratima<strong>&nbsp;Ivan Su\u0161ak<\/strong>, on je bio najzaslu\u017eniji \u0161to Slaven nije bio u velikom zaostatku ve\u0107 nakon prvih 45 minuta.<\/p>\n\n\n\n<p>Drugo poluvrijeme donijelo je izjedna\u010denu utakmicu, a prvi je priliku za vodstvo s bijele to\u010dke imao je gostuju\u0107i sastav.\u00a0<strong>\u0160kori\u0107\u00a0<\/strong>je u svom kaznenom prostoru sru\u0161io\u00a0<strong>Godu\u00a0<\/strong>pa je sudac\u00a0<strong>Jovi\u0107\u00a0<\/strong>dosudio najstro\u017eu kaznu. Loptu je uzeo iskusni\u00a0<strong>Krstanovi\u0107\u00a0<\/strong>i zatresao gredu.<\/p>\n\n\n\n<blockquote class=\"twitter-tweet\"><p lang=\"und\" dir=\"ltr\">VOLIM TE OSJE\u010cEEE! \ud83c\udfc6 <a href=\"https:\/\/t.co\/bPkx0f4dFI\">pic.twitter.com\/bPkx0f4dFI<\/a><\/p>&mdash; NK Osijek (@nkosijek) <a href=\"https:\/\/twitter.com\/nkosijek\/status\/1466101956510900230?ref_src=twsrc%5Etfw\">December 1, 2021<\/a><\/blockquote> <script async src=\"https:\/\/platform.twitter.com\/widgets.js\" charset=\"utf-8\"><\/script>\n\n\n\n<p>Petnaestak minuta potom i doma\u0107i su dobili priliku povesti s bijele to\u010dke nakon \u0161to je&nbsp;<strong>Marina&nbsp;<\/strong>u skoku rukom po glavi udario&nbsp;<strong>Lon\u010dara<\/strong>, ali poku\u0161aj&nbsp;<strong>Bo\u010dkaja&nbsp;<\/strong>sjajno je zaustavio Su\u0161ak.<br><br>U produ\u017eetku su oba sastava ostala s desetoricom igra\u010da, prvo je u 94. minuti isklju\u010den&nbsp;<strong>\u017daper&nbsp;<\/strong>koji je dobio izravni crveni karton zbog neopreznog ulaska \u0111onom u suparnika, da bi u 108. minuti &#8220;pocrvenio&#8221; i&nbsp;<strong>Kvr\u017ei\u0107&nbsp;<\/strong>zbog drugog \u017eutog kartona.<br><br>Prilikom izvo\u0111enja 11-eraca prvi je do prednosti stigao gost nakon \u0161to je kapetan Osijeka&nbsp;<strong>\u0160kori\u0107&nbsp;<\/strong>zatresao gredu, ali odmah potom je i&nbsp;<strong>Goda&nbsp;<\/strong>proma\u0161io, da bi u \u0161estoj seriji Zirdum pogodio gredu, a&nbsp;<strong>Daku&nbsp;<\/strong>bio precizan za prolazak doma\u0107ih me\u0111u \u010detiri najbolja.<br><br>Osijek se tako pridru\u017eio Gorici i Hajduku koji su \u010detvrtfinale izborili jo\u0161 u utorak, Gorica je boljim izvo\u0111enjem 11-eraca izbacila Istru 1961, a Hajduk je kao gost sa 6-3 svladao Lokomotivu.<\/p>\n\n\n\n<p>Tijek susreta:<\/p>\n\n\n\n<p>Osijek &#8211; Slaven Belupo 0:0, 5:4 (penali)<\/p>\n\n\n\n<h4 class=\"wp-block-heading\">Daku za 5:4! KRAJ!<\/h4>\n\n\n\n<h4 class=\"wp-block-heading\">Zirdum je pogodio gredu!<\/h4>\n\n\n\n<h4 class=\"wp-block-heading\">Ivan Fioli\u0107 po sredini za 4:4<\/h4>\n\n\n\n<h4 class=\"wp-block-heading\">Marina poga\u0111a za 4:3 Slaven Belupa<\/h4>\n\n\n\n<h4 class=\"wp-block-heading\">Lon\u010dar je miran za 3:3. Slijedi peta serija&#8230;<\/h4>\n\n\n\n<h4 class=\"wp-block-heading\">Proma\u0161io je Goda!<\/h4>\n\n\n\n<h4 class=\"wp-block-heading\">Prvi proma\u0161aj u raspucavanju! Kapetan Osijeka Mile \u0160kori\u0107 pogodio je okvir gola<\/h4>\n\n\n\n<h4 class=\"wp-block-heading\">Glav\u010di\u0107 puca pod gredu, Slaven vodi 3:2<\/h4>\n\n\n\n<h4 class=\"wp-block-heading\">Jugovi\u0107 za 2:2<\/h4>\n\n\n\n<h4 class=\"wp-block-heading\">2:1 za Slaven, zabio je i Paracki<\/h4>\n\n\n\n<h4 class=\"wp-block-heading\">Brlek je siguran s druge strane, 1:1 je rezultat<\/h4>\n\n\n\n<h4 class=\"wp-block-heading\">Krstanovi\u0107 zabija, Slaven Belupo vodi 1:0<\/h4>\n\n\n\n<h4 class=\"wp-block-heading\">KRAJ &#8211; PUCAT \u0106E SE JEDANAESTERCI<\/h4>\n\n\n\n<h4 class=\"wp-block-heading\">119&#8242; Bosec je ostao le\u017eati na podu nakon duela s Top\u010dagi\u0107em, ali pridigao se igra\u010d Slaven Belupa<\/h4>\n\n\n\n<h4 class=\"wp-block-heading\">117&#8242; Krstanovi\u0107 puca slabo u kontri. Malenica je lako ukrotio njegov udarac<\/h4>\n\n\n\n<h4 class=\"wp-block-heading\">114&#8242; Daku je po\u017eutio zbog preo\u0161trog starta<\/h4>\n\n\n\n<h4 class=\"wp-block-heading\">112&#8242; Udarac Bo\u010dkaja desnom nogom odlazi daleko iznad gola<\/h4>\n\n\n\n<h4 class=\"wp-block-heading\">108&#8242; Kvr\u017ei\u0107 je dobio drugi \u017euti karton zbog udaranja \u0160kori\u0107a i morat \u0107e put svla\u010dionice. Broj\u010dano stanje na terenu je sada izjedna\u010deno<\/h4>\n\n\n\n<h4 class=\"wp-block-heading\">105&#8242; Kraj prvog produ\u017eetka. Slaven Belupo ima inicijativu nakon isklju\u010denja \u017dapera, no nije uspio kreirati izglednu priliku<\/h4>\n\n\n\n<h4 class=\"wp-block-heading\">103&#8242; Petar Brlek ulazi u igru umjesto Bohara<\/h4>\n\n\n\n<h4 class=\"wp-block-heading\">94&#8242; Crveni karton za \u017dapera! Osijek je ostao s igra\u010dem manje. Ostaje nejasno za\u0161to je dobio izravni crveni karton, izgleda da je ne\u0161to dobacio sucu Jovi\u0107u<\/h4>\n\n\n\n<h4 class=\"wp-block-heading\">90&#8242; Po\u010deo je prvi produ\u017eetak<\/h4>\n\n\n\n<h4 class=\"wp-block-heading\">KRAJ &#8211; IGRAT \u0106E SE PRODU\u017dECI<\/h4>\n\n\n\n<h4 class=\"wp-block-heading\">90&#8242; Igrat \u0107e se \u010detiri minute suda\u010dke nadoknade<\/h4>\n\n\n\n<h4 class=\"wp-block-heading\">85&#8242; Su\u0161ak brani penal Bo\u010dkaju! Drugi neiskori\u0161teni jedanaesterac danas<\/h4>\n\n\n\n<h4 class=\"wp-block-heading\">84&#8242; Marina je Lon\u010dara pogodio laktom u kaznenom prostoru, sudac je pokazao na bijelu to\u010dku za Osijek<\/h4>\n\n\n\n<h4 class=\"wp-block-heading\">77&#8242; Iza\u0161ao je Mierez, u\u0161ao je Top\u010dagi\u0107<\/h4>\n\n\n\n<h4 class=\"wp-block-heading\">75&#8242; Krstanovi\u0107 ponovno u sjajnoj prilici, branio je Malenica, a onda prijeti i Zapata. Ponovno je odli\u010dno reagirao vratar Osijeka<\/h4>\n\n\n\n<h4 class=\"wp-block-heading\">71&#8242; Ivan Krstanovi\u0107 pogodio je gredu s bijele to\u010dke!<\/h4>\n\n\n\n<h4 class=\"wp-block-heading\">70&#8242; \u0160kori\u0107 je dobio \u017euti karton zbog starta u kaznenom prostoru, a sudac Jovi\u0107 je pokazao na bijelu to\u010dku!<\/h4>\n\n\n\n<h4 class=\"wp-block-heading\">66&#8242; Zapata je uputio o\u0161tru loptu prema sredini, Malenica je morao reagirati<\/h4>\n\n\n\n<h4 class=\"wp-block-heading\">61&#8242; Zeki\u0107 mijenja jo\u0161 dvojicu igra\u010da. Umjesto Lau\u0161i\u0107a i Brkovi\u0107a, u\u0161li su Krstanovi\u0107 i Kvr\u017ei\u0107<\/h4>\n\n\n\n<h4 class=\"wp-block-heading\">60&#8242; Bohar iz daljine puca pokraj gola<\/h4>\n\n\n\n<h4 class=\"wp-block-heading\">54&#8242; Kolumbijac Zapata pogodio je gredu! Osijek je dosad imao puno vi\u0161e prilika, ali Slaven Belupo je sada bio veoma blizu pogotka<\/h4>\n\n\n\n<h4 class=\"wp-block-heading\">51&#8242; Ubacio je Bo\u010dkaj iz slobodnog udarca. \u017daper je poku\u0161ao loptu skrenuti petom, no ona je zavr\u0161ila u rukama vratara gostiju<\/h4>\n\n\n\n<h4 class=\"wp-block-heading\">46&#8242; Po\u010delo je drugo poluvrijeme. Nenad Bjelica napravio je jednu promjenu. U igru je u\u0161ao Bohar umjesto Hiro\u0161a<\/h4>\n\n\n\n<h4 class=\"wp-block-heading\">KRAJ PRVOG DIJELA<\/h4>\n\n\n\n<h4 class=\"wp-block-heading\">45+2&#8242; Bo\u010dkaj je iz kornera prona\u0161ao kapetana Osijeka Milu \u0160kori\u0107a, on puca to\u010dno u Su\u0161ka<\/h4>\n\n\n\n<h4 class=\"wp-block-heading\">42&#8242; Puca Zapata na drugoj strani. Nije bio blizu njegov udarac<\/h4>\n\n\n\n<h4 class=\"wp-block-heading\">40&#8242; Bo\u017ei\u0107 je dobio \u017euti karton zbog igranja rukom. Bo\u010dkaj je ubacio, Lon\u010dar zabio, no pomo\u0107ni sudac je ozna\u010dio zale\u0111e<\/h4>\n\n\n\n<h4 class=\"wp-block-heading\">38&#8242; Zeki\u0107 nije zadovoljan kako izgleda njegova mom\u010dad i napravio je trostruku izmjenu prije kraja poluvremena. Iza\u0161li su Utin, Mlinari\u0107 i Van Bruggen, a u\u0161li Caimacov, Marina i Bo\u017ei\u0107<\/h4>\n\n\n\n<h4 class=\"wp-block-heading\">36&#8242; Bartolec je ubacio u sredinu, Mierez je ipak malo zakasnio. Potpuna dominacija Osijeka na Gradskom vrtu<\/h4>\n\n\n\n<h4 class=\"wp-block-heading\">33&#8242; Kleinheisler je oku\u0161ao udarac iz daljine, no Su\u0161ak brani i ovaj poku\u0161aj Osje\u010dana. Nakon kornera Bo\u010dkaj je ubacio, \u0160kori\u0107 je ga\u0111ao glavom. Opet je na golu odli\u010dan vratar Belupa<\/h4>\n\n\n\n<h4 class=\"wp-block-heading\">32&#8242; Prvi udarac Slavena na utakmici. Bo\u010dkaj je pogrije\u0161io u obrani, Brkovi\u0107 je odmah opalio iznad gola<\/h4>\n\n\n\n<h4 class=\"wp-block-heading\">30&#8242; Fioli\u0107 je poku\u0161ao iz voleja, ali ovog puta lopta je oti\u0161la iznad gola<\/h4>\n\n\n\n<h4 class=\"wp-block-heading\">25&#8242; Ramon Mierez se sjurio prema golu gostiju, no oti\u0161ao je previ\u0161e udesno i nije mogao prona\u0107i put do mre\u017ee<\/h4>\n\n\n\n<h4 class=\"wp-block-heading\">23&#8242; Puca Neja\u0161mi\u0107 pa nakon odbijanca i Lon\u010dar, no oba puta obranio je vratar Slaven Belupa<\/h4>\n\n\n\n<h4 class=\"wp-block-heading\"><br>14&#8242; Nakon prodora Bartoleca po desnoj strani, lopta je do\u0161la do Fioli\u0107a koji je uputio o\u0161tru loptu prema golu Slaven Belupa. Vratari gostiju Su\u0161ak izbacio je loptu iz opasne zone<\/h4>\n\n\n\n<h4 class=\"wp-block-heading\">5&#8242; Mierez je pro\u0161ao po desnoj strani, lijepo prizemnom loptom tra\u017eio Fioli\u0107a, ali on je bio malo &#8220;prekratak&#8221;<\/h4>\n\n\n\n<h4 class=\"wp-block-heading\">1&#8242; Odmah na po\u010detku zaprijetio je Mierez, no obranio je to vratar Slaven Belupa<\/h4>\n\n\n\n<h4 class=\"wp-block-heading\">1&#8242; Po\u010dela je utakmica!<\/h4>\n\n\n\n<p><strong>POSTAVE<\/strong><\/p>\n\n\n\n<p><strong>OSIJEK<\/strong>: Malenica &#8211; Bartolec, \u0160kori\u0107, Lon\u010dar, Bo\u010dkaj &#8211; Kleinheisler, Neja\u0161mi\u0107, \u017daper &#8211; Fioli\u0107, Hiro\u0161 &#8211; Mierez<\/p>\n\n\n\n<p><strong>SLAVEN BELUPO<\/strong>: Su\u0161ak &#8211; Utin, Van Bruggen, Paracki, Zirdum, Bosec &#8211; Goda, Mlinari\u0107, Zapata, Brkovi\u0107 &#8211; Lau\u0161i\u0107<\/p>\n\n\n\n<p>Osijek \u0107e zapo\u010deti u najja\u010dem sastavu predvo\u0111eni&nbsp;<strong>Mierezom&nbsp;<\/strong>te \u0107e Slaven Belupu biti izrazito te\u0161ko ostvariti pobjedu. Slaven je u promjenjivoj formi i nikako ne uspijeva uhvatiti kontinuitet rezultata. U najavi utakmice&nbsp;<strong>Zeki\u0107&nbsp;<\/strong>je naglasio kako se njegovi igra\u010di ne\u0107e predati samo tako:<\/p>\n\n\n\n<p>&#8211; Ne mislimo se predati. Kada smo ve\u0107 do\u0161li do ove faze natjecanja, \u017eelimo napraviti sve i pro\u0107i dalje. Ne\u0107e biti nimalo lako, svjesni smo toga, ali borit \u0107emo se svih 90 ili vi\u0161e minuta.&nbsp;<\/p>\n\n\n\n<p>Izvor:hrt.hr<\/p>\n","protected":false},"excerpt":{"rendered":"<p>Nogometa\u0161i Osijeka tre\u0107i su polufinalisti ovosezonskog izdanja Hrvatskog kupa, oni su u \u010detvrtfinalu boljim izvo\u0111enjem 11-eraca sa 5-4 izbacili Slaven Belupo, nakon \u0161to u 120 minuta igre u Gradskom vrtu nije bilo pogodaka. Iako nije bilo golova, susret u Osijeku obilovao je doga\u0111ajima, oba sastava nisu iskoristila po kazneni udarac, a i jedni i drugi [&hellip;]<\/p>\n","protected":false},"author":2,"featured_media":94877,"comment_status":"closed","ping_status":"closed","sticky":false,"template":"","format":"standard","meta":{"h5ap_radio_sources":[],"footnotes":""},"categories":[7],"tags":[],"class_list":["post-94876","post","type-post","status-publish","format-standard","has-post-thumbnail","hentry","category-sport"],"yoast_head":"<!-- This site is optimized with the Yoast SEO plugin v27.4 - https:\/\/yoast.com\/product\/yoast-seo-wordpress\/ -->\n<title>Osijek nakon drame jedanaesteraca u\u0161ao u polufinale Kupa! - RADIO LJUBU\u0160KI<\/title>\n<meta name=\"robots\" content=\"index, follow, max-snippet:-1, max-image-preview:large, max-video-preview:-1\" \/>\n<link rel=\"canonical\" href=\"https:\/\/radioljubuski.ba\/index.php\/2021\/12\/01\/osijek-nakon-drame-jedanaesteraca-usao-u-polufinale-kupa\/\" \/>\n<meta property=\"og:locale\" content=\"hr_HR\" \/>\n<meta property=\"og:type\" content=\"article\" \/>\n<meta property=\"og:title\" content=\"Osijek nakon drame jedanaesteraca u\u0161ao u polufinale Kupa! - RADIO LJUBU\u0160KI\" \/>\n<meta property=\"og:description\" content=\"Nogometa\u0161i Osijeka tre\u0107i su polufinalisti ovosezonskog izdanja Hrvatskog kupa, oni su u \u010detvrtfinalu boljim izvo\u0111enjem 11-eraca sa 5-4 izbacili Slaven Belupo, nakon \u0161to u 120 minuta igre u Gradskom vrtu nije bilo pogodaka. Iako nije bilo golova, susret u Osijeku obilovao je doga\u0111ajima, oba sastava nisu iskoristila po kazneni udarac, a i jedni i drugi [&hellip;]\" \/>\n<meta property=\"og:url\" content=\"https:\/\/radioljubuski.ba\/index.php\/2021\/12\/01\/osijek-nakon-drame-jedanaesteraca-usao-u-polufinale-kupa\/\" \/>\n<meta property=\"og:site_name\" content=\"RADIO LJUBU\u0160KI\" \/>\n<meta property=\"article:publisher\" content=\"https:\/\/www.facebook.com\/Radiio-Ljubuski-1490835324566332\" \/>\n<meta property=\"article:published_time\" content=\"2021-12-01T19:19:59+00:00\" \/>\n<meta property=\"article:modified_time\" content=\"2021-12-01T19:20:00+00:00\" \/>\n<meta property=\"og:image\" content=\"https:\/\/radioljubuski.ba\/wp-content\/uploads\/2021\/12\/fa550186-2176-4ae3-81fb-66a0cc177e3b.jpg\" \/>\n\t<meta property=\"og:image:width\" content=\"480\" \/>\n\t<meta property=\"og:image:height\" content=\"252\" \/>\n\t<meta property=\"og:image:type\" content=\"image\/jpeg\" \/>\n<meta name=\"author\" content=\"Radio Ljubu\u0161ki\" \/>\n<meta name=\"twitter:card\" content=\"summary_large_image\" \/>\n<meta name=\"twitter:creator\" content=\"@radioljubuski\" \/>\n<meta name=\"twitter:site\" content=\"@radioljubuski\" \/>\n<meta name=\"twitter:label1\" content=\"Napisao\/la\" \/>\n\t<meta name=\"twitter:data1\" content=\"Radio Ljubu\u0161ki\" \/>\n\t<meta name=\"twitter:label2\" content=\"Procijenjeno vrijeme \u010ditanja\" \/>\n\t<meta name=\"twitter:data2\" content=\"5 minuta\" \/>\n<script type=\"application\/ld+json\" class=\"yoast-schema-graph\">{\"@context\":\"https:\\\/\\\/schema.org\",\"@graph\":[{\"@type\":\"Article\",\"@id\":\"https:\\\/\\\/radioljubuski.ba\\\/index.php\\\/2021\\\/12\\\/01\\\/osijek-nakon-drame-jedanaesteraca-usao-u-polufinale-kupa\\\/#article\",\"isPartOf\":{\"@id\":\"https:\\\/\\\/radioljubuski.ba\\\/index.php\\\/2021\\\/12\\\/01\\\/osijek-nakon-drame-jedanaesteraca-usao-u-polufinale-kupa\\\/\"},\"author\":{\"name\":\"Radio Ljubu\u0161ki\",\"@id\":\"https:\\\/\\\/radioljubuski.ba\\\/#\\\/schema\\\/person\\\/19fc700381a780f69665d7956c469e3b\"},\"headline\":\"Osijek nakon drame jedanaesteraca u\u0161ao u polufinale Kupa!\",\"datePublished\":\"2021-12-01T19:19:59+00:00\",\"dateModified\":\"2021-12-01T19:20:00+00:00\",\"mainEntityOfPage\":{\"@id\":\"https:\\\/\\\/radioljubuski.ba\\\/index.php\\\/2021\\\/12\\\/01\\\/osijek-nakon-drame-jedanaesteraca-usao-u-polufinale-kupa\\\/\"},\"wordCount\":1189,\"publisher\":{\"@id\":\"https:\\\/\\\/radioljubuski.ba\\\/#organization\"},\"image\":{\"@id\":\"https:\\\/\\\/radioljubuski.ba\\\/index.php\\\/2021\\\/12\\\/01\\\/osijek-nakon-drame-jedanaesteraca-usao-u-polufinale-kupa\\\/#primaryimage\"},\"thumbnailUrl\":\"https:\\\/\\\/radioljubuski.ba\\\/wp-content\\\/uploads\\\/2021\\\/12\\\/fa550186-2176-4ae3-81fb-66a0cc177e3b.jpg\",\"articleSection\":[\"\u0160port\"],\"inLanguage\":\"hr\"},{\"@type\":\"WebPage\",\"@id\":\"https:\\\/\\\/radioljubuski.ba\\\/index.php\\\/2021\\\/12\\\/01\\\/osijek-nakon-drame-jedanaesteraca-usao-u-polufinale-kupa\\\/\",\"url\":\"https:\\\/\\\/radioljubuski.ba\\\/index.php\\\/2021\\\/12\\\/01\\\/osijek-nakon-drame-jedanaesteraca-usao-u-polufinale-kupa\\\/\",\"name\":\"Osijek nakon drame jedanaesteraca u\u0161ao u polufinale Kupa! - RADIO LJUBU\u0160KI\",\"isPartOf\":{\"@id\":\"https:\\\/\\\/radioljubuski.ba\\\/#website\"},\"primaryImageOfPage\":{\"@id\":\"https:\\\/\\\/radioljubuski.ba\\\/index.php\\\/2021\\\/12\\\/01\\\/osijek-nakon-drame-jedanaesteraca-usao-u-polufinale-kupa\\\/#primaryimage\"},\"image\":{\"@id\":\"https:\\\/\\\/radioljubuski.ba\\\/index.php\\\/2021\\\/12\\\/01\\\/osijek-nakon-drame-jedanaesteraca-usao-u-polufinale-kupa\\\/#primaryimage\"},\"thumbnailUrl\":\"https:\\\/\\\/radioljubuski.ba\\\/wp-content\\\/uploads\\\/2021\\\/12\\\/fa550186-2176-4ae3-81fb-66a0cc177e3b.jpg\",\"datePublished\":\"2021-12-01T19:19:59+00:00\",\"dateModified\":\"2021-12-01T19:20:00+00:00\",\"breadcrumb\":{\"@id\":\"https:\\\/\\\/radioljubuski.ba\\\/index.php\\\/2021\\\/12\\\/01\\\/osijek-nakon-drame-jedanaesteraca-usao-u-polufinale-kupa\\\/#breadcrumb\"},\"inLanguage\":\"hr\",\"potentialAction\":[{\"@type\":\"ReadAction\",\"target\":[\"https:\\\/\\\/radioljubuski.ba\\\/index.php\\\/2021\\\/12\\\/01\\\/osijek-nakon-drame-jedanaesteraca-usao-u-polufinale-kupa\\\/\"]}]},{\"@type\":\"ImageObject\",\"inLanguage\":\"hr\",\"@id\":\"https:\\\/\\\/radioljubuski.ba\\\/index.php\\\/2021\\\/12\\\/01\\\/osijek-nakon-drame-jedanaesteraca-usao-u-polufinale-kupa\\\/#primaryimage\",\"url\":\"https:\\\/\\\/radioljubuski.ba\\\/wp-content\\\/uploads\\\/2021\\\/12\\\/fa550186-2176-4ae3-81fb-66a0cc177e3b.jpg\",\"contentUrl\":\"https:\\\/\\\/radioljubuski.ba\\\/wp-content\\\/uploads\\\/2021\\\/12\\\/fa550186-2176-4ae3-81fb-66a0cc177e3b.jpg\",\"width\":480,\"height\":252},{\"@type\":\"BreadcrumbList\",\"@id\":\"https:\\\/\\\/radioljubuski.ba\\\/index.php\\\/2021\\\/12\\\/01\\\/osijek-nakon-drame-jedanaesteraca-usao-u-polufinale-kupa\\\/#breadcrumb\",\"itemListElement\":[{\"@type\":\"ListItem\",\"position\":1,\"name\":\"Po\u010detna stranica\",\"item\":\"https:\\\/\\\/radioljubuski.ba\\\/\"},{\"@type\":\"ListItem\",\"position\":2,\"name\":\"Osijek nakon drame jedanaesteraca u\u0161ao u polufinale Kupa!\"}]},{\"@type\":\"WebSite\",\"@id\":\"https:\\\/\\\/radioljubuski.ba\\\/#website\",\"url\":\"https:\\\/\\\/radioljubuski.ba\\\/\",\"name\":\"Radio Ljubu\u0161ki\",\"description\":\"Sun\u010dana frekvencija Hercegovine\",\"publisher\":{\"@id\":\"https:\\\/\\\/radioljubuski.ba\\\/#organization\"},\"potentialAction\":[{\"@type\":\"SearchAction\",\"target\":{\"@type\":\"EntryPoint\",\"urlTemplate\":\"https:\\\/\\\/radioljubuski.ba\\\/?s={search_term_string}\"},\"query-input\":{\"@type\":\"PropertyValueSpecification\",\"valueRequired\":true,\"valueName\":\"search_term_string\"}}],\"inLanguage\":\"hr\"},{\"@type\":\"Organization\",\"@id\":\"https:\\\/\\\/radioljubuski.ba\\\/#organization\",\"name\":\"Radio Ljubu\u0161ki\",\"url\":\"https:\\\/\\\/radioljubuski.ba\\\/\",\"logo\":{\"@type\":\"ImageObject\",\"inLanguage\":\"hr\",\"@id\":\"https:\\\/\\\/radioljubuski.ba\\\/#\\\/schema\\\/logo\\\/image\\\/\",\"url\":\"https:\\\/\\\/radioljubuski.ba\\\/wp-content\\\/uploads\\\/2021\\\/02\\\/cropped-Radio_Ljubuski_logo1.jpg\",\"contentUrl\":\"https:\\\/\\\/radioljubuski.ba\\\/wp-content\\\/uploads\\\/2021\\\/02\\\/cropped-Radio_Ljubuski_logo1.jpg\",\"width\":512,\"height\":512,\"caption\":\"Radio Ljubu\u0161ki\"},\"image\":{\"@id\":\"https:\\\/\\\/radioljubuski.ba\\\/#\\\/schema\\\/logo\\\/image\\\/\"},\"sameAs\":[\"https:\\\/\\\/www.facebook.com\\\/Radiio-Ljubuski-1490835324566332\",\"https:\\\/\\\/x.com\\\/radioljubuski\",\"https:\\\/\\\/hr.linkedin.com\\\/company\\\/radio-ljubuski\",\"https:\\\/\\\/www.youtube.com\\\/channel\\\/UCHYaeO_n0Db3tjNGudGpXyw\"]},{\"@type\":\"Person\",\"@id\":\"https:\\\/\\\/radioljubuski.ba\\\/#\\\/schema\\\/person\\\/19fc700381a780f69665d7956c469e3b\",\"name\":\"Radio Ljubu\u0161ki\"}]}<\/script>\n<!-- \/ Yoast SEO plugin. -->","yoast_head_json":{"title":"Osijek nakon drame jedanaesteraca u\u0161ao u polufinale Kupa! - RADIO LJUBU\u0160KI","robots":{"index":"index","follow":"follow","max-snippet":"max-snippet:-1","max-image-preview":"max-image-preview:large","max-video-preview":"max-video-preview:-1"},"canonical":"https:\/\/radioljubuski.ba\/index.php\/2021\/12\/01\/osijek-nakon-drame-jedanaesteraca-usao-u-polufinale-kupa\/","og_locale":"hr_HR","og_type":"article","og_title":"Osijek nakon drame jedanaesteraca u\u0161ao u polufinale Kupa! - RADIO LJUBU\u0160KI","og_description":"Nogometa\u0161i Osijeka tre\u0107i su polufinalisti ovosezonskog izdanja Hrvatskog kupa, oni su u \u010detvrtfinalu boljim izvo\u0111enjem 11-eraca sa 5-4 izbacili Slaven Belupo, nakon \u0161to u 120 minuta igre u Gradskom vrtu nije bilo pogodaka. Iako nije bilo golova, susret u Osijeku obilovao je doga\u0111ajima, oba sastava nisu iskoristila po kazneni udarac, a i jedni i drugi [&hellip;]","og_url":"https:\/\/radioljubuski.ba\/index.php\/2021\/12\/01\/osijek-nakon-drame-jedanaesteraca-usao-u-polufinale-kupa\/","og_site_name":"RADIO LJUBU\u0160KI","article_publisher":"https:\/\/www.facebook.com\/Radiio-Ljubuski-1490835324566332","article_published_time":"2021-12-01T19:19:59+00:00","article_modified_time":"2021-12-01T19:20:00+00:00","og_image":[{"width":480,"height":252,"url":"https:\/\/radioljubuski.ba\/wp-content\/uploads\/2021\/12\/fa550186-2176-4ae3-81fb-66a0cc177e3b.jpg","type":"image\/jpeg"}],"author":"Radio Ljubu\u0161ki","twitter_card":"summary_large_image","twitter_creator":"@radioljubuski","twitter_site":"@radioljubuski","twitter_misc":{"Napisao\/la":"Radio Ljubu\u0161ki","Procijenjeno vrijeme \u010ditanja":"5 minuta"},"schema":{"@context":"https:\/\/schema.org","@graph":[{"@type":"Article","@id":"https:\/\/radioljubuski.ba\/index.php\/2021\/12\/01\/osijek-nakon-drame-jedanaesteraca-usao-u-polufinale-kupa\/#article","isPartOf":{"@id":"https:\/\/radioljubuski.ba\/index.php\/2021\/12\/01\/osijek-nakon-drame-jedanaesteraca-usao-u-polufinale-kupa\/"},"author":{"name":"Radio Ljubu\u0161ki","@id":"https:\/\/radioljubuski.ba\/#\/schema\/person\/19fc700381a780f69665d7956c469e3b"},"headline":"Osijek nakon drame jedanaesteraca u\u0161ao u polufinale Kupa!","datePublished":"2021-12-01T19:19:59+00:00","dateModified":"2021-12-01T19:20:00+00:00","mainEntityOfPage":{"@id":"https:\/\/radioljubuski.ba\/index.php\/2021\/12\/01\/osijek-nakon-drame-jedanaesteraca-usao-u-polufinale-kupa\/"},"wordCount":1189,"publisher":{"@id":"https:\/\/radioljubuski.ba\/#organization"},"image":{"@id":"https:\/\/radioljubuski.ba\/index.php\/2021\/12\/01\/osijek-nakon-drame-jedanaesteraca-usao-u-polufinale-kupa\/#primaryimage"},"thumbnailUrl":"https:\/\/radioljubuski.ba\/wp-content\/uploads\/2021\/12\/fa550186-2176-4ae3-81fb-66a0cc177e3b.jpg","articleSection":["\u0160port"],"inLanguage":"hr"},{"@type":"WebPage","@id":"https:\/\/radioljubuski.ba\/index.php\/2021\/12\/01\/osijek-nakon-drame-jedanaesteraca-usao-u-polufinale-kupa\/","url":"https:\/\/radioljubuski.ba\/index.php\/2021\/12\/01\/osijek-nakon-drame-jedanaesteraca-usao-u-polufinale-kupa\/","name":"Osijek nakon drame jedanaesteraca u\u0161ao u polufinale Kupa! - RADIO LJUBU\u0160KI","isPartOf":{"@id":"https:\/\/radioljubuski.ba\/#website"},"primaryImageOfPage":{"@id":"https:\/\/radioljubuski.ba\/index.php\/2021\/12\/01\/osijek-nakon-drame-jedanaesteraca-usao-u-polufinale-kupa\/#primaryimage"},"image":{"@id":"https:\/\/radioljubuski.ba\/index.php\/2021\/12\/01\/osijek-nakon-drame-jedanaesteraca-usao-u-polufinale-kupa\/#primaryimage"},"thumbnailUrl":"https:\/\/radioljubuski.ba\/wp-content\/uploads\/2021\/12\/fa550186-2176-4ae3-81fb-66a0cc177e3b.jpg","datePublished":"2021-12-01T19:19:59+00:00","dateModified":"2021-12-01T19:20:00+00:00","breadcrumb":{"@id":"https:\/\/radioljubuski.ba\/index.php\/2021\/12\/01\/osijek-nakon-drame-jedanaesteraca-usao-u-polufinale-kupa\/#breadcrumb"},"inLanguage":"hr","potentialAction":[{"@type":"ReadAction","target":["https:\/\/radioljubuski.ba\/index.php\/2021\/12\/01\/osijek-nakon-drame-jedanaesteraca-usao-u-polufinale-kupa\/"]}]},{"@type":"ImageObject","inLanguage":"hr","@id":"https:\/\/radioljubuski.ba\/index.php\/2021\/12\/01\/osijek-nakon-drame-jedanaesteraca-usao-u-polufinale-kupa\/#primaryimage","url":"https:\/\/radioljubuski.ba\/wp-content\/uploads\/2021\/12\/fa550186-2176-4ae3-81fb-66a0cc177e3b.jpg","contentUrl":"https:\/\/radioljubuski.ba\/wp-content\/uploads\/2021\/12\/fa550186-2176-4ae3-81fb-66a0cc177e3b.jpg","width":480,"height":252},{"@type":"BreadcrumbList","@id":"https:\/\/radioljubuski.ba\/index.php\/2021\/12\/01\/osijek-nakon-drame-jedanaesteraca-usao-u-polufinale-kupa\/#breadcrumb","itemListElement":[{"@type":"ListItem","position":1,"name":"Po\u010detna stranica","item":"https:\/\/radioljubuski.ba\/"},{"@type":"ListItem","position":2,"name":"Osijek nakon drame jedanaesteraca u\u0161ao u polufinale Kupa!"}]},{"@type":"WebSite","@id":"https:\/\/radioljubuski.ba\/#website","url":"https:\/\/radioljubuski.ba\/","name":"Radio Ljubu\u0161ki","description":"Sun\u010dana frekvencija Hercegovine","publisher":{"@id":"https:\/\/radioljubuski.ba\/#organization"},"potentialAction":[{"@type":"SearchAction","target":{"@type":"EntryPoint","urlTemplate":"https:\/\/radioljubuski.ba\/?s={search_term_string}"},"query-input":{"@type":"PropertyValueSpecification","valueRequired":true,"valueName":"search_term_string"}}],"inLanguage":"hr"},{"@type":"Organization","@id":"https:\/\/radioljubuski.ba\/#organization","name":"Radio Ljubu\u0161ki","url":"https:\/\/radioljubuski.ba\/","logo":{"@type":"ImageObject","inLanguage":"hr","@id":"https:\/\/radioljubuski.ba\/#\/schema\/logo\/image\/","url":"https:\/\/radioljubuski.ba\/wp-content\/uploads\/2021\/02\/cropped-Radio_Ljubuski_logo1.jpg","contentUrl":"https:\/\/radioljubuski.ba\/wp-content\/uploads\/2021\/02\/cropped-Radio_Ljubuski_logo1.jpg","width":512,"height":512,"caption":"Radio Ljubu\u0161ki"},"image":{"@id":"https:\/\/radioljubuski.ba\/#\/schema\/logo\/image\/"},"sameAs":["https:\/\/www.facebook.com\/Radiio-Ljubuski-1490835324566332","https:\/\/x.com\/radioljubuski","https:\/\/hr.linkedin.com\/company\/radio-ljubuski","https:\/\/www.youtube.com\/channel\/UCHYaeO_n0Db3tjNGudGpXyw"]},{"@type":"Person","@id":"https:\/\/radioljubuski.ba\/#\/schema\/person\/19fc700381a780f69665d7956c469e3b","name":"Radio Ljubu\u0161ki"}]}},"_links":{"self":[{"href":"https:\/\/radioljubuski.ba\/index.php\/wp-json\/wp\/v2\/posts\/94876","targetHints":{"allow":["GET"]}}],"collection":[{"href":"https:\/\/radioljubuski.ba\/index.php\/wp-json\/wp\/v2\/posts"}],"about":[{"href":"https:\/\/radioljubuski.ba\/index.php\/wp-json\/wp\/v2\/types\/post"}],"author":[{"embeddable":true,"href":"https:\/\/radioljubuski.ba\/index.php\/wp-json\/wp\/v2\/users\/2"}],"replies":[{"embeddable":true,"href":"https:\/\/radioljubuski.ba\/index.php\/wp-json\/wp\/v2\/comments?post=94876"}],"version-history":[{"count":1,"href":"https:\/\/radioljubuski.ba\/index.php\/wp-json\/wp\/v2\/posts\/94876\/revisions"}],"predecessor-version":[{"id":94878,"href":"https:\/\/radioljubuski.ba\/index.php\/wp-json\/wp\/v2\/posts\/94876\/revisions\/94878"}],"wp:featuredmedia":[{"embeddable":true,"href":"https:\/\/radioljubuski.ba\/index.php\/wp-json\/wp\/v2\/media\/94877"}],"wp:attachment":[{"href":"https:\/\/radioljubuski.ba\/index.php\/wp-json\/wp\/v2\/media?parent=94876"}],"wp:term":[{"taxonomy":"category","embeddable":true,"href":"https:\/\/radioljubuski.ba\/index.php\/wp-json\/wp\/v2\/categories?post=94876"},{"taxonomy":"post_tag","embeddable":true,"href":"https:\/\/radioljubuski.ba\/index.php\/wp-json\/wp\/v2\/tags?post=94876"}],"curies":[{"name":"wp","href":"https:\/\/api.w.org\/{rel}","templated":true}]}}