{"id":94879,"date":"2021-12-01T20:21:03","date_gmt":"2021-12-01T19:21:03","guid":{"rendered":"https:\/\/radioljubuski.ba\/?p=94879"},"modified":"2021-12-01T20:21:03","modified_gmt":"2021-12-01T19:21:03","slug":"osijeku-najveca-kazna-kaznjeni-i-hajduk-dinamo-te-sibenik","status":"publish","type":"post","link":"https:\/\/radioljubuski.ba\/index.php\/2021\/12\/01\/osijeku-najveca-kazna-kaznjeni-i-hajduk-dinamo-te-sibenik\/","title":{"rendered":"Osijeku najve\u0107a kazna, ka\u017enjeni i Hajduk, Dinamo te \u0160ibenik"},"content":{"rendered":"\n<p><strong>Disciplinski sudac HT Prve lige&nbsp;Alan Klako\u010der&nbsp;donio je odluke o kaznama s utakmica 17. kola, objavila je&nbsp;<a href=\"https:\/\/prvahnl.hr\/news\/23488\/novcane-kazne-za-osijek-hajduk-dinamo-i-sibenik\/\" target=\"_blank\" rel=\"noreferrer noopener\">HT Prva liga<\/a>.<\/strong><\/p>\n\n\n\n<p>NK Osijek ka\u017enjen je s 30.000 kuna zbog diskriminacije doma\u0107ih navija\u010da tijekom utakmice Osijek &#8211; Lokomotiva, odnosno neprimjerenog skandiranja sucu&nbsp;<strong>Paja\u010du<\/strong>.<br><br>HNK Hajduk ka\u017enjen je s 20.000 kuna zbog kori\u0161tenja pirotehni\u010dkih sredstava doma\u0107ih navija\u010da tijekom utakmice Hajduk &#8211; Istra 1961. Na sjevernom djelu tribine, gdje su bili smje\u0161teni doma\u0107i navija\u010di (Torcida), njih oko tisu\u0107u, u 28. minuti zapaljena je jedna bengalka koja je dogorjela na tribinama, u 60. minuti zapaljeno je 19 bengalki i jedna petarda koje su dogorjele na tribinama, u 64. minuti zapaljeno je sedam dimnih baklji, a u 66. minuti jedna dimna baklja i sve su dogorjele na tribinama.<br><br>GNK Dinamo ka\u017enjen je s 8.000 kuna zbog kori\u0161tenja pirotehni\u010dkih sredstava gostuju\u0107ih navija\u010da tijekom utakmice \u0160ibenik &#8211; Dinamo. Gostuju\u0107a navija\u010dka skupina (BBB), smje\u0161tena na isto\u010dnoj tribini (341 pripadnik) od 58. do 60. minute zapalila je \u0161est baklji, od kojih su tri ba\u010dene na teren za igru, zbog \u010dega je sudac zaustavio igru u trajanju od jedne minute dok su ostale baklje ba\u010dene na prostor ispred iste tribine.<br><br>HNK \u0160ibenik ka\u017enjen je sa 6.000 kuna zbog kori\u0161tenja pirotehni\u010dkih sredstava doma\u0107ih i gostuju\u0107ih navija\u010da tijekom utakmice \u0160ibenik &#8211; Dinamo. Doma\u0107a navija\u010dka skupina Funcuti, smje\u0161tena na ju\u017enom dijelu zapadne tribine (30 pripadnika) u 21. minuti zapalila je dvije baklje, od kojih je jedna ba\u010dena na ogra\u0111eni prostor unutar iste tribine dok je druga dogorjela na istoj tribini.&nbsp;&nbsp;<\/p>\n\n\n\n<p>Izvor:hrt.hr<\/p>\n","protected":false},"excerpt":{"rendered":"<p>Disciplinski sudac HT Prve lige&nbsp;Alan Klako\u010der&nbsp;donio je odluke o kaznama s utakmica 17. kola, objavila je&nbsp;HT Prva liga. NK Osijek ka\u017enjen je s 30.000 kuna zbog diskriminacije doma\u0107ih navija\u010da tijekom utakmice Osijek &#8211; Lokomotiva, odnosno neprimjerenog skandiranja sucu&nbsp;Paja\u010du. HNK Hajduk ka\u017enjen je s 20.000 kuna zbog kori\u0161tenja pirotehni\u010dkih sredstava doma\u0107ih navija\u010da tijekom utakmice Hajduk &#8211; [&hellip;]<\/p>\n","protected":false},"author":2,"featured_media":94880,"comment_status":"closed","ping_status":"closed","sticky":false,"template":"","format":"standard","meta":{"h5ap_radio_sources":[],"footnotes":""},"categories":[7],"tags":[],"class_list":["post-94879","post","type-post","status-publish","format-standard","has-post-thumbnail","hentry","category-sport"],"yoast_head":"<!-- This site is optimized with the Yoast SEO plugin v27.4 - https:\/\/yoast.com\/product\/yoast-seo-wordpress\/ -->\n<title>Osijeku najve\u0107a kazna, ka\u017enjeni i Hajduk, Dinamo te \u0160ibenik - RADIO LJUBU\u0160KI<\/title>\n<meta name=\"robots\" content=\"index, follow, max-snippet:-1, max-image-preview:large, max-video-preview:-1\" \/>\n<link rel=\"canonical\" href=\"https:\/\/radioljubuski.ba\/index.php\/2021\/12\/01\/osijeku-najveca-kazna-kaznjeni-i-hajduk-dinamo-te-sibenik\/\" \/>\n<meta property=\"og:locale\" content=\"hr_HR\" \/>\n<meta property=\"og:type\" content=\"article\" \/>\n<meta property=\"og:title\" content=\"Osijeku najve\u0107a kazna, ka\u017enjeni i Hajduk, Dinamo te \u0160ibenik - RADIO LJUBU\u0160KI\" \/>\n<meta property=\"og:description\" content=\"Disciplinski sudac HT Prve lige&nbsp;Alan Klako\u010der&nbsp;donio je odluke o kaznama s utakmica 17. kola, objavila je&nbsp;HT Prva liga. NK Osijek ka\u017enjen je s 30.000 kuna zbog diskriminacije doma\u0107ih navija\u010da tijekom utakmice Osijek &#8211; Lokomotiva, odnosno neprimjerenog skandiranja sucu&nbsp;Paja\u010du. HNK Hajduk ka\u017enjen je s 20.000 kuna zbog kori\u0161tenja pirotehni\u010dkih sredstava doma\u0107ih navija\u010da tijekom utakmice Hajduk &#8211; [&hellip;]\" \/>\n<meta property=\"og:url\" content=\"https:\/\/radioljubuski.ba\/index.php\/2021\/12\/01\/osijeku-najveca-kazna-kaznjeni-i-hajduk-dinamo-te-sibenik\/\" \/>\n<meta property=\"og:site_name\" content=\"RADIO LJUBU\u0160KI\" \/>\n<meta property=\"article:publisher\" content=\"https:\/\/www.facebook.com\/Radiio-Ljubuski-1490835324566332\" \/>\n<meta property=\"article:published_time\" content=\"2021-12-01T19:21:03+00:00\" \/>\n<meta property=\"og:image\" content=\"https:\/\/radioljubuski.ba\/wp-content\/uploads\/2021\/12\/bakljada-sibenikdinamo-20211201164445.jpg\" \/>\n\t<meta property=\"og:image:width\" content=\"1600\" \/>\n\t<meta property=\"og:image:height\" content=\"1027\" \/>\n\t<meta property=\"og:image:type\" content=\"image\/jpeg\" \/>\n<meta name=\"author\" content=\"Radio Ljubu\u0161ki\" \/>\n<meta name=\"twitter:card\" content=\"summary_large_image\" \/>\n<meta name=\"twitter:creator\" content=\"@radioljubuski\" \/>\n<meta name=\"twitter:site\" content=\"@radioljubuski\" \/>\n<meta name=\"twitter:label1\" content=\"Napisao\/la\" \/>\n\t<meta name=\"twitter:data1\" content=\"Radio Ljubu\u0161ki\" \/>\n\t<meta name=\"twitter:label2\" content=\"Procijenjeno vrijeme \u010ditanja\" \/>\n\t<meta name=\"twitter:data2\" content=\"2 minute\" \/>\n<script type=\"application\/ld+json\" class=\"yoast-schema-graph\">{\"@context\":\"https:\\\/\\\/schema.org\",\"@graph\":[{\"@type\":\"Article\",\"@id\":\"https:\\\/\\\/radioljubuski.ba\\\/index.php\\\/2021\\\/12\\\/01\\\/osijeku-najveca-kazna-kaznjeni-i-hajduk-dinamo-te-sibenik\\\/#article\",\"isPartOf\":{\"@id\":\"https:\\\/\\\/radioljubuski.ba\\\/index.php\\\/2021\\\/12\\\/01\\\/osijeku-najveca-kazna-kaznjeni-i-hajduk-dinamo-te-sibenik\\\/\"},\"author\":{\"name\":\"Radio Ljubu\u0161ki\",\"@id\":\"https:\\\/\\\/radioljubuski.ba\\\/#\\\/schema\\\/person\\\/19fc700381a780f69665d7956c469e3b\"},\"headline\":\"Osijeku najve\u0107a kazna, ka\u017enjeni i Hajduk, Dinamo te \u0160ibenik\",\"datePublished\":\"2021-12-01T19:21:03+00:00\",\"mainEntityOfPage\":{\"@id\":\"https:\\\/\\\/radioljubuski.ba\\\/index.php\\\/2021\\\/12\\\/01\\\/osijeku-najveca-kazna-kaznjeni-i-hajduk-dinamo-te-sibenik\\\/\"},\"wordCount\":288,\"publisher\":{\"@id\":\"https:\\\/\\\/radioljubuski.ba\\\/#organization\"},\"image\":{\"@id\":\"https:\\\/\\\/radioljubuski.ba\\\/index.php\\\/2021\\\/12\\\/01\\\/osijeku-najveca-kazna-kaznjeni-i-hajduk-dinamo-te-sibenik\\\/#primaryimage\"},\"thumbnailUrl\":\"https:\\\/\\\/radioljubuski.ba\\\/wp-content\\\/uploads\\\/2021\\\/12\\\/bakljada-sibenikdinamo-20211201164445.jpg\",\"articleSection\":[\"\u0160port\"],\"inLanguage\":\"hr\"},{\"@type\":\"WebPage\",\"@id\":\"https:\\\/\\\/radioljubuski.ba\\\/index.php\\\/2021\\\/12\\\/01\\\/osijeku-najveca-kazna-kaznjeni-i-hajduk-dinamo-te-sibenik\\\/\",\"url\":\"https:\\\/\\\/radioljubuski.ba\\\/index.php\\\/2021\\\/12\\\/01\\\/osijeku-najveca-kazna-kaznjeni-i-hajduk-dinamo-te-sibenik\\\/\",\"name\":\"Osijeku najve\u0107a kazna, ka\u017enjeni i Hajduk, Dinamo te \u0160ibenik - RADIO LJUBU\u0160KI\",\"isPartOf\":{\"@id\":\"https:\\\/\\\/radioljubuski.ba\\\/#website\"},\"primaryImageOfPage\":{\"@id\":\"https:\\\/\\\/radioljubuski.ba\\\/index.php\\\/2021\\\/12\\\/01\\\/osijeku-najveca-kazna-kaznjeni-i-hajduk-dinamo-te-sibenik\\\/#primaryimage\"},\"image\":{\"@id\":\"https:\\\/\\\/radioljubuski.ba\\\/index.php\\\/2021\\\/12\\\/01\\\/osijeku-najveca-kazna-kaznjeni-i-hajduk-dinamo-te-sibenik\\\/#primaryimage\"},\"thumbnailUrl\":\"https:\\\/\\\/radioljubuski.ba\\\/wp-content\\\/uploads\\\/2021\\\/12\\\/bakljada-sibenikdinamo-20211201164445.jpg\",\"datePublished\":\"2021-12-01T19:21:03+00:00\",\"breadcrumb\":{\"@id\":\"https:\\\/\\\/radioljubuski.ba\\\/index.php\\\/2021\\\/12\\\/01\\\/osijeku-najveca-kazna-kaznjeni-i-hajduk-dinamo-te-sibenik\\\/#breadcrumb\"},\"inLanguage\":\"hr\",\"potentialAction\":[{\"@type\":\"ReadAction\",\"target\":[\"https:\\\/\\\/radioljubuski.ba\\\/index.php\\\/2021\\\/12\\\/01\\\/osijeku-najveca-kazna-kaznjeni-i-hajduk-dinamo-te-sibenik\\\/\"]}]},{\"@type\":\"ImageObject\",\"inLanguage\":\"hr\",\"@id\":\"https:\\\/\\\/radioljubuski.ba\\\/index.php\\\/2021\\\/12\\\/01\\\/osijeku-najveca-kazna-kaznjeni-i-hajduk-dinamo-te-sibenik\\\/#primaryimage\",\"url\":\"https:\\\/\\\/radioljubuski.ba\\\/wp-content\\\/uploads\\\/2021\\\/12\\\/bakljada-sibenikdinamo-20211201164445.jpg\",\"contentUrl\":\"https:\\\/\\\/radioljubuski.ba\\\/wp-content\\\/uploads\\\/2021\\\/12\\\/bakljada-sibenikdinamo-20211201164445.jpg\",\"width\":1600,\"height\":1027,\"caption\":\"28.11.2021., stadion Subicevac, Sibenik - Hrvatski Telekom Prva liga, 17. kolo, HNK Sibenik - GNK Dinamo. Photo: Bruno Fantulin\\\/PIXSELL (28.11.2021., stadion Subicevac, Sibenik - Hrvatski Telekom Prva liga, 17. kolo, HNK Sibenik - GNK Dinamo. Photo: B\"},{\"@type\":\"BreadcrumbList\",\"@id\":\"https:\\\/\\\/radioljubuski.ba\\\/index.php\\\/2021\\\/12\\\/01\\\/osijeku-najveca-kazna-kaznjeni-i-hajduk-dinamo-te-sibenik\\\/#breadcrumb\",\"itemListElement\":[{\"@type\":\"ListItem\",\"position\":1,\"name\":\"Po\u010detna stranica\",\"item\":\"https:\\\/\\\/radioljubuski.ba\\\/\"},{\"@type\":\"ListItem\",\"position\":2,\"name\":\"Osijeku najve\u0107a kazna, ka\u017enjeni i Hajduk, Dinamo te \u0160ibenik\"}]},{\"@type\":\"WebSite\",\"@id\":\"https:\\\/\\\/radioljubuski.ba\\\/#website\",\"url\":\"https:\\\/\\\/radioljubuski.ba\\\/\",\"name\":\"Radio Ljubu\u0161ki\",\"description\":\"Sun\u010dana frekvencija Hercegovine\",\"publisher\":{\"@id\":\"https:\\\/\\\/radioljubuski.ba\\\/#organization\"},\"potentialAction\":[{\"@type\":\"SearchAction\",\"target\":{\"@type\":\"EntryPoint\",\"urlTemplate\":\"https:\\\/\\\/radioljubuski.ba\\\/?s={search_term_string}\"},\"query-input\":{\"@type\":\"PropertyValueSpecification\",\"valueRequired\":true,\"valueName\":\"search_term_string\"}}],\"inLanguage\":\"hr\"},{\"@type\":\"Organization\",\"@id\":\"https:\\\/\\\/radioljubuski.ba\\\/#organization\",\"name\":\"Radio Ljubu\u0161ki\",\"url\":\"https:\\\/\\\/radioljubuski.ba\\\/\",\"logo\":{\"@type\":\"ImageObject\",\"inLanguage\":\"hr\",\"@id\":\"https:\\\/\\\/radioljubuski.ba\\\/#\\\/schema\\\/logo\\\/image\\\/\",\"url\":\"https:\\\/\\\/radioljubuski.ba\\\/wp-content\\\/uploads\\\/2021\\\/02\\\/cropped-Radio_Ljubuski_logo1.jpg\",\"contentUrl\":\"https:\\\/\\\/radioljubuski.ba\\\/wp-content\\\/uploads\\\/2021\\\/02\\\/cropped-Radio_Ljubuski_logo1.jpg\",\"width\":512,\"height\":512,\"caption\":\"Radio Ljubu\u0161ki\"},\"image\":{\"@id\":\"https:\\\/\\\/radioljubuski.ba\\\/#\\\/schema\\\/logo\\\/image\\\/\"},\"sameAs\":[\"https:\\\/\\\/www.facebook.com\\\/Radiio-Ljubuski-1490835324566332\",\"https:\\\/\\\/x.com\\\/radioljubuski\",\"https:\\\/\\\/hr.linkedin.com\\\/company\\\/radio-ljubuski\",\"https:\\\/\\\/www.youtube.com\\\/channel\\\/UCHYaeO_n0Db3tjNGudGpXyw\"]},{\"@type\":\"Person\",\"@id\":\"https:\\\/\\\/radioljubuski.ba\\\/#\\\/schema\\\/person\\\/19fc700381a780f69665d7956c469e3b\",\"name\":\"Radio Ljubu\u0161ki\"}]}<\/script>\n<!-- \/ Yoast SEO plugin. -->","yoast_head_json":{"title":"Osijeku najve\u0107a kazna, ka\u017enjeni i Hajduk, Dinamo te \u0160ibenik - RADIO LJUBU\u0160KI","robots":{"index":"index","follow":"follow","max-snippet":"max-snippet:-1","max-image-preview":"max-image-preview:large","max-video-preview":"max-video-preview:-1"},"canonical":"https:\/\/radioljubuski.ba\/index.php\/2021\/12\/01\/osijeku-najveca-kazna-kaznjeni-i-hajduk-dinamo-te-sibenik\/","og_locale":"hr_HR","og_type":"article","og_title":"Osijeku najve\u0107a kazna, ka\u017enjeni i Hajduk, Dinamo te \u0160ibenik - RADIO LJUBU\u0160KI","og_description":"Disciplinski sudac HT Prve lige&nbsp;Alan Klako\u010der&nbsp;donio je odluke o kaznama s utakmica 17. kola, objavila je&nbsp;HT Prva liga. NK Osijek ka\u017enjen je s 30.000 kuna zbog diskriminacije doma\u0107ih navija\u010da tijekom utakmice Osijek &#8211; Lokomotiva, odnosno neprimjerenog skandiranja sucu&nbsp;Paja\u010du. HNK Hajduk ka\u017enjen je s 20.000 kuna zbog kori\u0161tenja pirotehni\u010dkih sredstava doma\u0107ih navija\u010da tijekom utakmice Hajduk &#8211; [&hellip;]","og_url":"https:\/\/radioljubuski.ba\/index.php\/2021\/12\/01\/osijeku-najveca-kazna-kaznjeni-i-hajduk-dinamo-te-sibenik\/","og_site_name":"RADIO LJUBU\u0160KI","article_publisher":"https:\/\/www.facebook.com\/Radiio-Ljubuski-1490835324566332","article_published_time":"2021-12-01T19:21:03+00:00","og_image":[{"width":1600,"height":1027,"url":"https:\/\/radioljubuski.ba\/wp-content\/uploads\/2021\/12\/bakljada-sibenikdinamo-20211201164445.jpg","type":"image\/jpeg"}],"author":"Radio Ljubu\u0161ki","twitter_card":"summary_large_image","twitter_creator":"@radioljubuski","twitter_site":"@radioljubuski","twitter_misc":{"Napisao\/la":"Radio Ljubu\u0161ki","Procijenjeno vrijeme \u010ditanja":"2 minute"},"schema":{"@context":"https:\/\/schema.org","@graph":[{"@type":"Article","@id":"https:\/\/radioljubuski.ba\/index.php\/2021\/12\/01\/osijeku-najveca-kazna-kaznjeni-i-hajduk-dinamo-te-sibenik\/#article","isPartOf":{"@id":"https:\/\/radioljubuski.ba\/index.php\/2021\/12\/01\/osijeku-najveca-kazna-kaznjeni-i-hajduk-dinamo-te-sibenik\/"},"author":{"name":"Radio Ljubu\u0161ki","@id":"https:\/\/radioljubuski.ba\/#\/schema\/person\/19fc700381a780f69665d7956c469e3b"},"headline":"Osijeku najve\u0107a kazna, ka\u017enjeni i Hajduk, Dinamo te \u0160ibenik","datePublished":"2021-12-01T19:21:03+00:00","mainEntityOfPage":{"@id":"https:\/\/radioljubuski.ba\/index.php\/2021\/12\/01\/osijeku-najveca-kazna-kaznjeni-i-hajduk-dinamo-te-sibenik\/"},"wordCount":288,"publisher":{"@id":"https:\/\/radioljubuski.ba\/#organization"},"image":{"@id":"https:\/\/radioljubuski.ba\/index.php\/2021\/12\/01\/osijeku-najveca-kazna-kaznjeni-i-hajduk-dinamo-te-sibenik\/#primaryimage"},"thumbnailUrl":"https:\/\/radioljubuski.ba\/wp-content\/uploads\/2021\/12\/bakljada-sibenikdinamo-20211201164445.jpg","articleSection":["\u0160port"],"inLanguage":"hr"},{"@type":"WebPage","@id":"https:\/\/radioljubuski.ba\/index.php\/2021\/12\/01\/osijeku-najveca-kazna-kaznjeni-i-hajduk-dinamo-te-sibenik\/","url":"https:\/\/radioljubuski.ba\/index.php\/2021\/12\/01\/osijeku-najveca-kazna-kaznjeni-i-hajduk-dinamo-te-sibenik\/","name":"Osijeku najve\u0107a kazna, ka\u017enjeni i Hajduk, Dinamo te \u0160ibenik - RADIO LJUBU\u0160KI","isPartOf":{"@id":"https:\/\/radioljubuski.ba\/#website"},"primaryImageOfPage":{"@id":"https:\/\/radioljubuski.ba\/index.php\/2021\/12\/01\/osijeku-najveca-kazna-kaznjeni-i-hajduk-dinamo-te-sibenik\/#primaryimage"},"image":{"@id":"https:\/\/radioljubuski.ba\/index.php\/2021\/12\/01\/osijeku-najveca-kazna-kaznjeni-i-hajduk-dinamo-te-sibenik\/#primaryimage"},"thumbnailUrl":"https:\/\/radioljubuski.ba\/wp-content\/uploads\/2021\/12\/bakljada-sibenikdinamo-20211201164445.jpg","datePublished":"2021-12-01T19:21:03+00:00","breadcrumb":{"@id":"https:\/\/radioljubuski.ba\/index.php\/2021\/12\/01\/osijeku-najveca-kazna-kaznjeni-i-hajduk-dinamo-te-sibenik\/#breadcrumb"},"inLanguage":"hr","potentialAction":[{"@type":"ReadAction","target":["https:\/\/radioljubuski.ba\/index.php\/2021\/12\/01\/osijeku-najveca-kazna-kaznjeni-i-hajduk-dinamo-te-sibenik\/"]}]},{"@type":"ImageObject","inLanguage":"hr","@id":"https:\/\/radioljubuski.ba\/index.php\/2021\/12\/01\/osijeku-najveca-kazna-kaznjeni-i-hajduk-dinamo-te-sibenik\/#primaryimage","url":"https:\/\/radioljubuski.ba\/wp-content\/uploads\/2021\/12\/bakljada-sibenikdinamo-20211201164445.jpg","contentUrl":"https:\/\/radioljubuski.ba\/wp-content\/uploads\/2021\/12\/bakljada-sibenikdinamo-20211201164445.jpg","width":1600,"height":1027,"caption":"28.11.2021., stadion Subicevac, Sibenik - Hrvatski Telekom Prva liga, 17. kolo, HNK Sibenik - GNK Dinamo. Photo: Bruno Fantulin\/PIXSELL (28.11.2021., stadion Subicevac, Sibenik - Hrvatski Telekom Prva liga, 17. kolo, HNK Sibenik - GNK Dinamo. Photo: B"},{"@type":"BreadcrumbList","@id":"https:\/\/radioljubuski.ba\/index.php\/2021\/12\/01\/osijeku-najveca-kazna-kaznjeni-i-hajduk-dinamo-te-sibenik\/#breadcrumb","itemListElement":[{"@type":"ListItem","position":1,"name":"Po\u010detna stranica","item":"https:\/\/radioljubuski.ba\/"},{"@type":"ListItem","position":2,"name":"Osijeku najve\u0107a kazna, ka\u017enjeni i Hajduk, Dinamo te \u0160ibenik"}]},{"@type":"WebSite","@id":"https:\/\/radioljubuski.ba\/#website","url":"https:\/\/radioljubuski.ba\/","name":"Radio Ljubu\u0161ki","description":"Sun\u010dana frekvencija Hercegovine","publisher":{"@id":"https:\/\/radioljubuski.ba\/#organization"},"potentialAction":[{"@type":"SearchAction","target":{"@type":"EntryPoint","urlTemplate":"https:\/\/radioljubuski.ba\/?s={search_term_string}"},"query-input":{"@type":"PropertyValueSpecification","valueRequired":true,"valueName":"search_term_string"}}],"inLanguage":"hr"},{"@type":"Organization","@id":"https:\/\/radioljubuski.ba\/#organization","name":"Radio Ljubu\u0161ki","url":"https:\/\/radioljubuski.ba\/","logo":{"@type":"ImageObject","inLanguage":"hr","@id":"https:\/\/radioljubuski.ba\/#\/schema\/logo\/image\/","url":"https:\/\/radioljubuski.ba\/wp-content\/uploads\/2021\/02\/cropped-Radio_Ljubuski_logo1.jpg","contentUrl":"https:\/\/radioljubuski.ba\/wp-content\/uploads\/2021\/02\/cropped-Radio_Ljubuski_logo1.jpg","width":512,"height":512,"caption":"Radio Ljubu\u0161ki"},"image":{"@id":"https:\/\/radioljubuski.ba\/#\/schema\/logo\/image\/"},"sameAs":["https:\/\/www.facebook.com\/Radiio-Ljubuski-1490835324566332","https:\/\/x.com\/radioljubuski","https:\/\/hr.linkedin.com\/company\/radio-ljubuski","https:\/\/www.youtube.com\/channel\/UCHYaeO_n0Db3tjNGudGpXyw"]},{"@type":"Person","@id":"https:\/\/radioljubuski.ba\/#\/schema\/person\/19fc700381a780f69665d7956c469e3b","name":"Radio Ljubu\u0161ki"}]}},"_links":{"self":[{"href":"https:\/\/radioljubuski.ba\/index.php\/wp-json\/wp\/v2\/posts\/94879","targetHints":{"allow":["GET"]}}],"collection":[{"href":"https:\/\/radioljubuski.ba\/index.php\/wp-json\/wp\/v2\/posts"}],"about":[{"href":"https:\/\/radioljubuski.ba\/index.php\/wp-json\/wp\/v2\/types\/post"}],"author":[{"embeddable":true,"href":"https:\/\/radioljubuski.ba\/index.php\/wp-json\/wp\/v2\/users\/2"}],"replies":[{"embeddable":true,"href":"https:\/\/radioljubuski.ba\/index.php\/wp-json\/wp\/v2\/comments?post=94879"}],"version-history":[{"count":1,"href":"https:\/\/radioljubuski.ba\/index.php\/wp-json\/wp\/v2\/posts\/94879\/revisions"}],"predecessor-version":[{"id":94881,"href":"https:\/\/radioljubuski.ba\/index.php\/wp-json\/wp\/v2\/posts\/94879\/revisions\/94881"}],"wp:featuredmedia":[{"embeddable":true,"href":"https:\/\/radioljubuski.ba\/index.php\/wp-json\/wp\/v2\/media\/94880"}],"wp:attachment":[{"href":"https:\/\/radioljubuski.ba\/index.php\/wp-json\/wp\/v2\/media?parent=94879"}],"wp:term":[{"taxonomy":"category","embeddable":true,"href":"https:\/\/radioljubuski.ba\/index.php\/wp-json\/wp\/v2\/categories?post=94879"},{"taxonomy":"post_tag","embeddable":true,"href":"https:\/\/radioljubuski.ba\/index.php\/wp-json\/wp\/v2\/tags?post=94879"}],"curies":[{"name":"wp","href":"https:\/\/api.w.org\/{rel}","templated":true}]}}