{"id":94882,"date":"2021-12-01T20:22:16","date_gmt":"2021-12-01T19:22:16","guid":{"rendered":"https:\/\/radioljubuski.ba\/?p=94882"},"modified":"2021-12-01T20:22:17","modified_gmt":"2021-12-01T19:22:17","slug":"young-boysima-posebna-dozvola-za-utakmicu-u-manchesteru","status":"publish","type":"post","link":"https:\/\/radioljubuski.ba\/index.php\/2021\/12\/01\/young-boysima-posebna-dozvola-za-utakmicu-u-manchesteru\/","title":{"rendered":"Young Boysima posebna dozvola za utakmicu u Manchesteru"},"content":{"rendered":"\n<p><strong>\u0160vicarski nogometni prvaci Young Boysi dobili su posebnu dozvolu kantona Bern za odlazak na utakmicu Lige prvaka u Manchester, gdje \u0107e idu\u0107e srijede igrati protiv Uniteda, objavio je klub.<\/strong><\/p>\n\n\n\n<p>\u0160vicarska je ovih dana uvela obaveznu karantenu za sve koji se vra\u0107aju iz Velike Britanije, \u0161to je utakmicu dovelo u pitanje.<br><br>Zbog varijante Omikrona, \u0161vicarske vlasti su odlu\u010dile da putnici koji dolaze iz Velike Britanije moraju pokazati negativan test na Covid-19 i biti u karanteni deset dana. No, \u0161vicarski prvak je dobio posebnu dozvolu lokalnih vlasti za Ligu prvaka i juniorsku Ligu prvaka, \u0161to zna\u010di da po povratku iz Manchestera ne\u0107e morati u obaveznu desetodnevnu karantenu.<br><br>Odlazak u karantenu zna\u010dio bi da ne mogu igrati liga\u0161ke utakmice protiv Siona (12. prosinca) i Basela (15. prosinca).<br><br>Uo\u010di posljednjeg kola F skupine nogometne Lige prvaka \u0161vicarski sastav se nalazi na posljednjem mjestu s \u010detiri boda, no jo\u0161 uvijek mogu biti tre\u0107i i izboriti plasman u Europsku ligu.<br><br>Prvo mjesto dr\u017ei ManU s 10 bodova, Villarreal ima sedam, a Atalanta \u0161est bodova.<\/p>\n\n\n\n<p>Izvor:hrt.hr<\/p>\n","protected":false},"excerpt":{"rendered":"<p>\u0160vicarski nogometni prvaci Young Boysi dobili su posebnu dozvolu kantona Bern za odlazak na utakmicu Lige prvaka u Manchester, gdje \u0107e idu\u0107e srijede igrati protiv Uniteda, objavio je klub. \u0160vicarska je ovih dana uvela obaveznu karantenu za sve koji se vra\u0107aju iz Velike Britanije, \u0161to je utakmicu dovelo u pitanje. Zbog varijante Omikrona, \u0161vicarske vlasti [&hellip;]<\/p>\n","protected":false},"author":2,"featured_media":94883,"comment_status":"closed","ping_status":"closed","sticky":false,"template":"","format":"standard","meta":{"h5ap_radio_sources":[],"footnotes":""},"categories":[7],"tags":[],"class_list":["post-94882","post","type-post","status-publish","format-standard","has-post-thumbnail","hentry","category-sport"],"yoast_head":"<!-- This site is optimized with the Yoast SEO plugin v27.4 - https:\/\/yoast.com\/product\/yoast-seo-wordpress\/ -->\n<title>Young Boysima posebna dozvola za utakmicu u Manchesteru - RADIO LJUBU\u0160KI<\/title>\n<meta name=\"robots\" content=\"index, follow, max-snippet:-1, max-image-preview:large, max-video-preview:-1\" \/>\n<link rel=\"canonical\" href=\"https:\/\/radioljubuski.ba\/index.php\/2021\/12\/01\/young-boysima-posebna-dozvola-za-utakmicu-u-manchesteru\/\" \/>\n<meta property=\"og:locale\" content=\"hr_HR\" \/>\n<meta property=\"og:type\" content=\"article\" \/>\n<meta property=\"og:title\" content=\"Young Boysima posebna dozvola za utakmicu u Manchesteru - RADIO LJUBU\u0160KI\" \/>\n<meta property=\"og:description\" content=\"\u0160vicarski nogometni prvaci Young Boysi dobili su posebnu dozvolu kantona Bern za odlazak na utakmicu Lige prvaka u Manchester, gdje \u0107e idu\u0107e srijede igrati protiv Uniteda, objavio je klub. \u0160vicarska je ovih dana uvela obaveznu karantenu za sve koji se vra\u0107aju iz Velike Britanije, \u0161to je utakmicu dovelo u pitanje. Zbog varijante Omikrona, \u0161vicarske vlasti [&hellip;]\" \/>\n<meta property=\"og:url\" content=\"https:\/\/radioljubuski.ba\/index.php\/2021\/12\/01\/young-boysima-posebna-dozvola-za-utakmicu-u-manchesteru\/\" \/>\n<meta property=\"og:site_name\" content=\"RADIO LJUBU\u0160KI\" \/>\n<meta property=\"article:publisher\" content=\"https:\/\/www.facebook.com\/Radiio-Ljubuski-1490835324566332\" \/>\n<meta property=\"article:published_time\" content=\"2021-12-01T19:22:16+00:00\" \/>\n<meta property=\"article:modified_time\" content=\"2021-12-01T19:22:17+00:00\" \/>\n<meta property=\"og:image\" content=\"https:\/\/radioljubuski.ba\/wp-content\/uploads\/2021\/12\/HN20211123282567cr-1024x683-1.jpg\" \/>\n\t<meta property=\"og:image:width\" content=\"1024\" \/>\n\t<meta property=\"og:image:height\" content=\"683\" \/>\n\t<meta property=\"og:image:type\" content=\"image\/jpeg\" \/>\n<meta name=\"author\" content=\"Radio Ljubu\u0161ki\" \/>\n<meta name=\"twitter:card\" content=\"summary_large_image\" \/>\n<meta name=\"twitter:creator\" content=\"@radioljubuski\" \/>\n<meta name=\"twitter:site\" content=\"@radioljubuski\" \/>\n<meta name=\"twitter:label1\" content=\"Napisao\/la\" \/>\n\t<meta name=\"twitter:data1\" content=\"Radio Ljubu\u0161ki\" \/>\n\t<meta name=\"twitter:label2\" content=\"Procijenjeno vrijeme \u010ditanja\" \/>\n\t<meta name=\"twitter:data2\" content=\"1 minuta\" \/>\n<script type=\"application\/ld+json\" class=\"yoast-schema-graph\">{\"@context\":\"https:\\\/\\\/schema.org\",\"@graph\":[{\"@type\":\"Article\",\"@id\":\"https:\\\/\\\/radioljubuski.ba\\\/index.php\\\/2021\\\/12\\\/01\\\/young-boysima-posebna-dozvola-za-utakmicu-u-manchesteru\\\/#article\",\"isPartOf\":{\"@id\":\"https:\\\/\\\/radioljubuski.ba\\\/index.php\\\/2021\\\/12\\\/01\\\/young-boysima-posebna-dozvola-za-utakmicu-u-manchesteru\\\/\"},\"author\":{\"name\":\"Radio Ljubu\u0161ki\",\"@id\":\"https:\\\/\\\/radioljubuski.ba\\\/#\\\/schema\\\/person\\\/19fc700381a780f69665d7956c469e3b\"},\"headline\":\"Young Boysima posebna dozvola za utakmicu u Manchesteru\",\"datePublished\":\"2021-12-01T19:22:16+00:00\",\"dateModified\":\"2021-12-01T19:22:17+00:00\",\"mainEntityOfPage\":{\"@id\":\"https:\\\/\\\/radioljubuski.ba\\\/index.php\\\/2021\\\/12\\\/01\\\/young-boysima-posebna-dozvola-za-utakmicu-u-manchesteru\\\/\"},\"wordCount\":186,\"publisher\":{\"@id\":\"https:\\\/\\\/radioljubuski.ba\\\/#organization\"},\"image\":{\"@id\":\"https:\\\/\\\/radioljubuski.ba\\\/index.php\\\/2021\\\/12\\\/01\\\/young-boysima-posebna-dozvola-za-utakmicu-u-manchesteru\\\/#primaryimage\"},\"thumbnailUrl\":\"https:\\\/\\\/radioljubuski.ba\\\/wp-content\\\/uploads\\\/2021\\\/12\\\/HN20211123282567cr-1024x683-1.jpg\",\"articleSection\":[\"\u0160port\"],\"inLanguage\":\"hr\"},{\"@type\":\"WebPage\",\"@id\":\"https:\\\/\\\/radioljubuski.ba\\\/index.php\\\/2021\\\/12\\\/01\\\/young-boysima-posebna-dozvola-za-utakmicu-u-manchesteru\\\/\",\"url\":\"https:\\\/\\\/radioljubuski.ba\\\/index.php\\\/2021\\\/12\\\/01\\\/young-boysima-posebna-dozvola-za-utakmicu-u-manchesteru\\\/\",\"name\":\"Young Boysima posebna dozvola za utakmicu u Manchesteru - RADIO LJUBU\u0160KI\",\"isPartOf\":{\"@id\":\"https:\\\/\\\/radioljubuski.ba\\\/#website\"},\"primaryImageOfPage\":{\"@id\":\"https:\\\/\\\/radioljubuski.ba\\\/index.php\\\/2021\\\/12\\\/01\\\/young-boysima-posebna-dozvola-za-utakmicu-u-manchesteru\\\/#primaryimage\"},\"image\":{\"@id\":\"https:\\\/\\\/radioljubuski.ba\\\/index.php\\\/2021\\\/12\\\/01\\\/young-boysima-posebna-dozvola-za-utakmicu-u-manchesteru\\\/#primaryimage\"},\"thumbnailUrl\":\"https:\\\/\\\/radioljubuski.ba\\\/wp-content\\\/uploads\\\/2021\\\/12\\\/HN20211123282567cr-1024x683-1.jpg\",\"datePublished\":\"2021-12-01T19:22:16+00:00\",\"dateModified\":\"2021-12-01T19:22:17+00:00\",\"breadcrumb\":{\"@id\":\"https:\\\/\\\/radioljubuski.ba\\\/index.php\\\/2021\\\/12\\\/01\\\/young-boysima-posebna-dozvola-za-utakmicu-u-manchesteru\\\/#breadcrumb\"},\"inLanguage\":\"hr\",\"potentialAction\":[{\"@type\":\"ReadAction\",\"target\":[\"https:\\\/\\\/radioljubuski.ba\\\/index.php\\\/2021\\\/12\\\/01\\\/young-boysima-posebna-dozvola-za-utakmicu-u-manchesteru\\\/\"]}]},{\"@type\":\"ImageObject\",\"inLanguage\":\"hr\",\"@id\":\"https:\\\/\\\/radioljubuski.ba\\\/index.php\\\/2021\\\/12\\\/01\\\/young-boysima-posebna-dozvola-za-utakmicu-u-manchesteru\\\/#primaryimage\",\"url\":\"https:\\\/\\\/radioljubuski.ba\\\/wp-content\\\/uploads\\\/2021\\\/12\\\/HN20211123282567cr-1024x683-1.jpg\",\"contentUrl\":\"https:\\\/\\\/radioljubuski.ba\\\/wp-content\\\/uploads\\\/2021\\\/12\\\/HN20211123282567cr-1024x683-1.jpg\",\"width\":1024,\"height\":683},{\"@type\":\"BreadcrumbList\",\"@id\":\"https:\\\/\\\/radioljubuski.ba\\\/index.php\\\/2021\\\/12\\\/01\\\/young-boysima-posebna-dozvola-za-utakmicu-u-manchesteru\\\/#breadcrumb\",\"itemListElement\":[{\"@type\":\"ListItem\",\"position\":1,\"name\":\"Po\u010detna stranica\",\"item\":\"https:\\\/\\\/radioljubuski.ba\\\/\"},{\"@type\":\"ListItem\",\"position\":2,\"name\":\"Young Boysima posebna dozvola za utakmicu u Manchesteru\"}]},{\"@type\":\"WebSite\",\"@id\":\"https:\\\/\\\/radioljubuski.ba\\\/#website\",\"url\":\"https:\\\/\\\/radioljubuski.ba\\\/\",\"name\":\"Radio Ljubu\u0161ki\",\"description\":\"Sun\u010dana frekvencija Hercegovine\",\"publisher\":{\"@id\":\"https:\\\/\\\/radioljubuski.ba\\\/#organization\"},\"potentialAction\":[{\"@type\":\"SearchAction\",\"target\":{\"@type\":\"EntryPoint\",\"urlTemplate\":\"https:\\\/\\\/radioljubuski.ba\\\/?s={search_term_string}\"},\"query-input\":{\"@type\":\"PropertyValueSpecification\",\"valueRequired\":true,\"valueName\":\"search_term_string\"}}],\"inLanguage\":\"hr\"},{\"@type\":\"Organization\",\"@id\":\"https:\\\/\\\/radioljubuski.ba\\\/#organization\",\"name\":\"Radio Ljubu\u0161ki\",\"url\":\"https:\\\/\\\/radioljubuski.ba\\\/\",\"logo\":{\"@type\":\"ImageObject\",\"inLanguage\":\"hr\",\"@id\":\"https:\\\/\\\/radioljubuski.ba\\\/#\\\/schema\\\/logo\\\/image\\\/\",\"url\":\"https:\\\/\\\/radioljubuski.ba\\\/wp-content\\\/uploads\\\/2021\\\/02\\\/cropped-Radio_Ljubuski_logo1.jpg\",\"contentUrl\":\"https:\\\/\\\/radioljubuski.ba\\\/wp-content\\\/uploads\\\/2021\\\/02\\\/cropped-Radio_Ljubuski_logo1.jpg\",\"width\":512,\"height\":512,\"caption\":\"Radio Ljubu\u0161ki\"},\"image\":{\"@id\":\"https:\\\/\\\/radioljubuski.ba\\\/#\\\/schema\\\/logo\\\/image\\\/\"},\"sameAs\":[\"https:\\\/\\\/www.facebook.com\\\/Radiio-Ljubuski-1490835324566332\",\"https:\\\/\\\/x.com\\\/radioljubuski\",\"https:\\\/\\\/hr.linkedin.com\\\/company\\\/radio-ljubuski\",\"https:\\\/\\\/www.youtube.com\\\/channel\\\/UCHYaeO_n0Db3tjNGudGpXyw\"]},{\"@type\":\"Person\",\"@id\":\"https:\\\/\\\/radioljubuski.ba\\\/#\\\/schema\\\/person\\\/19fc700381a780f69665d7956c469e3b\",\"name\":\"Radio Ljubu\u0161ki\"}]}<\/script>\n<!-- \/ Yoast SEO plugin. -->","yoast_head_json":{"title":"Young Boysima posebna dozvola za utakmicu u Manchesteru - RADIO LJUBU\u0160KI","robots":{"index":"index","follow":"follow","max-snippet":"max-snippet:-1","max-image-preview":"max-image-preview:large","max-video-preview":"max-video-preview:-1"},"canonical":"https:\/\/radioljubuski.ba\/index.php\/2021\/12\/01\/young-boysima-posebna-dozvola-za-utakmicu-u-manchesteru\/","og_locale":"hr_HR","og_type":"article","og_title":"Young Boysima posebna dozvola za utakmicu u Manchesteru - RADIO LJUBU\u0160KI","og_description":"\u0160vicarski nogometni prvaci Young Boysi dobili su posebnu dozvolu kantona Bern za odlazak na utakmicu Lige prvaka u Manchester, gdje \u0107e idu\u0107e srijede igrati protiv Uniteda, objavio je klub. \u0160vicarska je ovih dana uvela obaveznu karantenu za sve koji se vra\u0107aju iz Velike Britanije, \u0161to je utakmicu dovelo u pitanje. Zbog varijante Omikrona, \u0161vicarske vlasti [&hellip;]","og_url":"https:\/\/radioljubuski.ba\/index.php\/2021\/12\/01\/young-boysima-posebna-dozvola-za-utakmicu-u-manchesteru\/","og_site_name":"RADIO LJUBU\u0160KI","article_publisher":"https:\/\/www.facebook.com\/Radiio-Ljubuski-1490835324566332","article_published_time":"2021-12-01T19:22:16+00:00","article_modified_time":"2021-12-01T19:22:17+00:00","og_image":[{"width":1024,"height":683,"url":"https:\/\/radioljubuski.ba\/wp-content\/uploads\/2021\/12\/HN20211123282567cr-1024x683-1.jpg","type":"image\/jpeg"}],"author":"Radio Ljubu\u0161ki","twitter_card":"summary_large_image","twitter_creator":"@radioljubuski","twitter_site":"@radioljubuski","twitter_misc":{"Napisao\/la":"Radio Ljubu\u0161ki","Procijenjeno vrijeme \u010ditanja":"1 minuta"},"schema":{"@context":"https:\/\/schema.org","@graph":[{"@type":"Article","@id":"https:\/\/radioljubuski.ba\/index.php\/2021\/12\/01\/young-boysima-posebna-dozvola-za-utakmicu-u-manchesteru\/#article","isPartOf":{"@id":"https:\/\/radioljubuski.ba\/index.php\/2021\/12\/01\/young-boysima-posebna-dozvola-za-utakmicu-u-manchesteru\/"},"author":{"name":"Radio Ljubu\u0161ki","@id":"https:\/\/radioljubuski.ba\/#\/schema\/person\/19fc700381a780f69665d7956c469e3b"},"headline":"Young Boysima posebna dozvola za utakmicu u Manchesteru","datePublished":"2021-12-01T19:22:16+00:00","dateModified":"2021-12-01T19:22:17+00:00","mainEntityOfPage":{"@id":"https:\/\/radioljubuski.ba\/index.php\/2021\/12\/01\/young-boysima-posebna-dozvola-za-utakmicu-u-manchesteru\/"},"wordCount":186,"publisher":{"@id":"https:\/\/radioljubuski.ba\/#organization"},"image":{"@id":"https:\/\/radioljubuski.ba\/index.php\/2021\/12\/01\/young-boysima-posebna-dozvola-za-utakmicu-u-manchesteru\/#primaryimage"},"thumbnailUrl":"https:\/\/radioljubuski.ba\/wp-content\/uploads\/2021\/12\/HN20211123282567cr-1024x683-1.jpg","articleSection":["\u0160port"],"inLanguage":"hr"},{"@type":"WebPage","@id":"https:\/\/radioljubuski.ba\/index.php\/2021\/12\/01\/young-boysima-posebna-dozvola-za-utakmicu-u-manchesteru\/","url":"https:\/\/radioljubuski.ba\/index.php\/2021\/12\/01\/young-boysima-posebna-dozvola-za-utakmicu-u-manchesteru\/","name":"Young Boysima posebna dozvola za utakmicu u Manchesteru - RADIO LJUBU\u0160KI","isPartOf":{"@id":"https:\/\/radioljubuski.ba\/#website"},"primaryImageOfPage":{"@id":"https:\/\/radioljubuski.ba\/index.php\/2021\/12\/01\/young-boysima-posebna-dozvola-za-utakmicu-u-manchesteru\/#primaryimage"},"image":{"@id":"https:\/\/radioljubuski.ba\/index.php\/2021\/12\/01\/young-boysima-posebna-dozvola-za-utakmicu-u-manchesteru\/#primaryimage"},"thumbnailUrl":"https:\/\/radioljubuski.ba\/wp-content\/uploads\/2021\/12\/HN20211123282567cr-1024x683-1.jpg","datePublished":"2021-12-01T19:22:16+00:00","dateModified":"2021-12-01T19:22:17+00:00","breadcrumb":{"@id":"https:\/\/radioljubuski.ba\/index.php\/2021\/12\/01\/young-boysima-posebna-dozvola-za-utakmicu-u-manchesteru\/#breadcrumb"},"inLanguage":"hr","potentialAction":[{"@type":"ReadAction","target":["https:\/\/radioljubuski.ba\/index.php\/2021\/12\/01\/young-boysima-posebna-dozvola-za-utakmicu-u-manchesteru\/"]}]},{"@type":"ImageObject","inLanguage":"hr","@id":"https:\/\/radioljubuski.ba\/index.php\/2021\/12\/01\/young-boysima-posebna-dozvola-za-utakmicu-u-manchesteru\/#primaryimage","url":"https:\/\/radioljubuski.ba\/wp-content\/uploads\/2021\/12\/HN20211123282567cr-1024x683-1.jpg","contentUrl":"https:\/\/radioljubuski.ba\/wp-content\/uploads\/2021\/12\/HN20211123282567cr-1024x683-1.jpg","width":1024,"height":683},{"@type":"BreadcrumbList","@id":"https:\/\/radioljubuski.ba\/index.php\/2021\/12\/01\/young-boysima-posebna-dozvola-za-utakmicu-u-manchesteru\/#breadcrumb","itemListElement":[{"@type":"ListItem","position":1,"name":"Po\u010detna stranica","item":"https:\/\/radioljubuski.ba\/"},{"@type":"ListItem","position":2,"name":"Young Boysima posebna dozvola za utakmicu u Manchesteru"}]},{"@type":"WebSite","@id":"https:\/\/radioljubuski.ba\/#website","url":"https:\/\/radioljubuski.ba\/","name":"Radio Ljubu\u0161ki","description":"Sun\u010dana frekvencija Hercegovine","publisher":{"@id":"https:\/\/radioljubuski.ba\/#organization"},"potentialAction":[{"@type":"SearchAction","target":{"@type":"EntryPoint","urlTemplate":"https:\/\/radioljubuski.ba\/?s={search_term_string}"},"query-input":{"@type":"PropertyValueSpecification","valueRequired":true,"valueName":"search_term_string"}}],"inLanguage":"hr"},{"@type":"Organization","@id":"https:\/\/radioljubuski.ba\/#organization","name":"Radio Ljubu\u0161ki","url":"https:\/\/radioljubuski.ba\/","logo":{"@type":"ImageObject","inLanguage":"hr","@id":"https:\/\/radioljubuski.ba\/#\/schema\/logo\/image\/","url":"https:\/\/radioljubuski.ba\/wp-content\/uploads\/2021\/02\/cropped-Radio_Ljubuski_logo1.jpg","contentUrl":"https:\/\/radioljubuski.ba\/wp-content\/uploads\/2021\/02\/cropped-Radio_Ljubuski_logo1.jpg","width":512,"height":512,"caption":"Radio Ljubu\u0161ki"},"image":{"@id":"https:\/\/radioljubuski.ba\/#\/schema\/logo\/image\/"},"sameAs":["https:\/\/www.facebook.com\/Radiio-Ljubuski-1490835324566332","https:\/\/x.com\/radioljubuski","https:\/\/hr.linkedin.com\/company\/radio-ljubuski","https:\/\/www.youtube.com\/channel\/UCHYaeO_n0Db3tjNGudGpXyw"]},{"@type":"Person","@id":"https:\/\/radioljubuski.ba\/#\/schema\/person\/19fc700381a780f69665d7956c469e3b","name":"Radio Ljubu\u0161ki"}]}},"_links":{"self":[{"href":"https:\/\/radioljubuski.ba\/index.php\/wp-json\/wp\/v2\/posts\/94882","targetHints":{"allow":["GET"]}}],"collection":[{"href":"https:\/\/radioljubuski.ba\/index.php\/wp-json\/wp\/v2\/posts"}],"about":[{"href":"https:\/\/radioljubuski.ba\/index.php\/wp-json\/wp\/v2\/types\/post"}],"author":[{"embeddable":true,"href":"https:\/\/radioljubuski.ba\/index.php\/wp-json\/wp\/v2\/users\/2"}],"replies":[{"embeddable":true,"href":"https:\/\/radioljubuski.ba\/index.php\/wp-json\/wp\/v2\/comments?post=94882"}],"version-history":[{"count":1,"href":"https:\/\/radioljubuski.ba\/index.php\/wp-json\/wp\/v2\/posts\/94882\/revisions"}],"predecessor-version":[{"id":94884,"href":"https:\/\/radioljubuski.ba\/index.php\/wp-json\/wp\/v2\/posts\/94882\/revisions\/94884"}],"wp:featuredmedia":[{"embeddable":true,"href":"https:\/\/radioljubuski.ba\/index.php\/wp-json\/wp\/v2\/media\/94883"}],"wp:attachment":[{"href":"https:\/\/radioljubuski.ba\/index.php\/wp-json\/wp\/v2\/media?parent=94882"}],"wp:term":[{"taxonomy":"category","embeddable":true,"href":"https:\/\/radioljubuski.ba\/index.php\/wp-json\/wp\/v2\/categories?post=94882"},{"taxonomy":"post_tag","embeddable":true,"href":"https:\/\/radioljubuski.ba\/index.php\/wp-json\/wp\/v2\/tags?post=94882"}],"curies":[{"name":"wp","href":"https:\/\/api.w.org\/{rel}","templated":true}]}}