{"id":94885,"date":"2021-12-01T21:27:16","date_gmt":"2021-12-01T20:27:16","guid":{"rendered":"https:\/\/radioljubuski.ba\/?p=94885"},"modified":"2021-12-01T21:27:17","modified_gmt":"2021-12-01T20:27:17","slug":"hercegovka-godine-drago-mi-je-sto-se-moj-rad-vidi-cijeni-i-postuje","status":"publish","type":"post","link":"https:\/\/radioljubuski.ba\/index.php\/2021\/12\/01\/hercegovka-godine-drago-mi-je-sto-se-moj-rad-vidi-cijeni-i-postuje\/","title":{"rendered":"Hercegovka godine: Drago mi je \u0161to se moj rad vidi, cijeni i po\u0161tuje"},"content":{"rendered":"\n<p>&#8220;Zna biti te\u0161kih trenutaka, ali ovakva priznanja vrate me na put. Zna\u010di mi da se moj rad vidi, cijeni i po\u0161tuje&#8221;, kazala je za Bljesak.info dobitnica nagrade &#8216;Hercegovka godine&#8217; Jelena \u0160uti\u0107. <\/p>\n\n\n\n<p>Naime, \u0160uti\u0107 je nagradu dobila u kategoriji &#8216;Humanost&#8217; te osvojila najvi\u0161e glasova.<\/p>\n\n\n\n<p> &#8220;Nisam samo ja zaslu\u017ena za ovo, tu je veliki broj ljudi koji poma\u017eu, ja to pokre\u0107em samo. Bez njih ne bi bilo mogu\u0107e&#8221;, naglasila je \u0160uti\u0107. <\/p>\n\n\n\n<p><strong>Nastavlja s humanitarnim radom <\/strong><\/p>\n\n\n\n<p>Ona navodi kako nastavlja s humanitarnim radom te ne planira ostaviti obitelji kojima poma\u017ee barem dok &#8216;ne stanu na noge&#8217;. <\/p>\n\n\n\n<p>\u0160uti\u0107 je ro\u0111ena i odrasla u Mostaru u koji su njezini roditelji stigli iz Zenice te je nastala, kako kroz smijeh isti\u010de, obiteljska pomutnja je li Hercegovka ili Bosanka. <\/p>\n\n\n\n<p>Podsjetimo, \u0160uti\u0107 je studentica humanitarka koja je sama pokrenula Instagram profil &#8220;Pomozi mojoj nevjeri&#8221; koji je prerastao u stranicu koja se bavi humanitarnim radom i mijenja \u017eivote. <\/p>\n\n\n\n<p>Ona i njezini pratitelji (donatori) \u010dine Hercegovinu ljep\u0161im mjestom za \u017eivot i svojim humanitarnim radom hrane, odijevaju i uveseljavaju one koji se trenutno nalaze u te\u0161koj \u017eivotnoj situaciji. <\/p>\n\n\n\n<p>Podsjetimo, izbor za &#8216;Hercegovku godine&#8217; odr\u017ean je u utorak u Hrvatskom domu Herceg Stjepana Kosa\u010de.<\/p>\n\n\n\n<p><strong>Brojne nagrade <\/strong><\/p>\n\n\n\n<p>Priznanja i nagrade uru\u010dene su u 15 kategorija te je poznata mostarska odvjetnica Nada Dalipagi\u0107 dobila je Nagradu za \u017eivotno djelo. U kategoriji &#8216;Pobjednica na dru\u0161tvenim mre\u017eama&#8217; priznanje je pripalo Nedi Krajinovi\u0107 Ljubi\u0107 iz Mostara dok je ono u kategoriji &#8216;Heroji svakodnevice&#8217; oti\u0161lo u ruke Dubravke Jovanovi\u0107 iz \u0160urmanaca. <\/p>\n\n\n\n<p>Druga nagrada organizacijskog odbora pripala je Ireni Kelava iz Tomislavgrada, tre\u0107a Danijeli D\u017eakula iz Stoca te \u010detvrta Sanijeli Matkovi\u0107 iz \u0160irokog Brijega. <\/p>\n\n\n\n<p>Priznanje medijskog partnera pripalo je Dubravki Dropuli\u0107 Dubi iz Vrgorca, a po\u010dasna nagrada &#8216;\u010cuvarica ognji\u0161ta&#8217; oti\u0161la je u ruke stogodi\u0161njoj baki Ivi Penava uz mjesta Batin u Posu\u0161ju. Titulu &#8216;Hercegovke iz iseljeni\u0161tva&#8217; odnijela je Ru\u017ea \u0160unji\u0107 dok je u kategoriji &#8216;Hercegovka iz Hrvatske&#8217; nagra\u0111ena An\u0111elka Boro\u0161ak. <\/p>\n\n\n\n<p>U kategoriji &#8216;Me\u0111unarodna promocija Hercegovine&#8217; nagradu je osvojila Monika Mili\u0107evi\u0107, dok je u kategoriji &#8216;Gospodarstvo i dru\u0161tvene djelatnosti&#8217; pobjedu odnijela Gabrijela Dugand\u017ei\u0107. Nagradu u kategoriji &#8216;Kultura&#8217; osvojila je Ton\u0107ika Kolobari\u0107 , a u posebnoj kategoriji &#8216;Sport&#8217; nagra\u0111ena je mostarska pliva\u010dica Lana Pudar. <\/p>\n\n\n\n<p><strong>Izvor: Bljesak.info<\/strong><\/p>\n","protected":false},"excerpt":{"rendered":"<p>&#8220;Zna biti te\u0161kih trenutaka, ali ovakva priznanja vrate me na put. Zna\u010di mi da se moj rad vidi, cijeni i po\u0161tuje&#8221;, kazala je za Bljesak.info dobitnica nagrade &#8216;Hercegovka godine&#8217; Jelena \u0160uti\u0107. Naime, \u0160uti\u0107 je nagradu dobila u kategoriji &#8216;Humanost&#8217; te osvojila najvi\u0161e glasova. &#8220;Nisam samo ja zaslu\u017ena za ovo, tu je veliki broj ljudi koji [&hellip;]<\/p>\n","protected":false},"author":2,"featured_media":94886,"comment_status":"closed","ping_status":"closed","sticky":false,"template":"","format":"standard","meta":{"h5ap_radio_sources":[],"footnotes":""},"categories":[1],"tags":[],"class_list":["post-94885","post","type-post","status-publish","format-standard","has-post-thumbnail","hentry","category-bihiregija"],"yoast_head":"<!-- This site is optimized with the Yoast SEO plugin v27.4 - https:\/\/yoast.com\/product\/yoast-seo-wordpress\/ -->\n<title>Hercegovka godine: Drago mi je \u0161to se moj rad vidi, cijeni i po\u0161tuje - RADIO LJUBU\u0160KI<\/title>\n<meta name=\"robots\" content=\"index, follow, max-snippet:-1, max-image-preview:large, max-video-preview:-1\" \/>\n<link rel=\"canonical\" href=\"https:\/\/radioljubuski.ba\/index.php\/2021\/12\/01\/hercegovka-godine-drago-mi-je-sto-se-moj-rad-vidi-cijeni-i-postuje\/\" \/>\n<meta property=\"og:locale\" content=\"hr_HR\" \/>\n<meta property=\"og:type\" content=\"article\" \/>\n<meta property=\"og:title\" content=\"Hercegovka godine: Drago mi je \u0161to se moj rad vidi, cijeni i po\u0161tuje - RADIO LJUBU\u0160KI\" \/>\n<meta property=\"og:description\" content=\"&#8220;Zna biti te\u0161kih trenutaka, ali ovakva priznanja vrate me na put. Zna\u010di mi da se moj rad vidi, cijeni i po\u0161tuje&#8221;, kazala je za Bljesak.info dobitnica nagrade &#8216;Hercegovka godine&#8217; Jelena \u0160uti\u0107. Naime, \u0160uti\u0107 je nagradu dobila u kategoriji &#8216;Humanost&#8217; te osvojila najvi\u0161e glasova. &#8220;Nisam samo ja zaslu\u017ena za ovo, tu je veliki broj ljudi koji [&hellip;]\" \/>\n<meta property=\"og:url\" content=\"https:\/\/radioljubuski.ba\/index.php\/2021\/12\/01\/hercegovka-godine-drago-mi-je-sto-se-moj-rad-vidi-cijeni-i-postuje\/\" \/>\n<meta property=\"og:site_name\" content=\"RADIO LJUBU\u0160KI\" \/>\n<meta property=\"article:publisher\" content=\"https:\/\/www.facebook.com\/Radiio-Ljubuski-1490835324566332\" \/>\n<meta property=\"article:published_time\" content=\"2021-12-01T20:27:16+00:00\" \/>\n<meta property=\"article:modified_time\" content=\"2021-12-01T20:27:17+00:00\" \/>\n<meta property=\"og:image\" content=\"https:\/\/radioljubuski.ba\/wp-content\/uploads\/2021\/12\/jelena-sutic.jpg\" \/>\n\t<meta property=\"og:image:width\" content=\"800\" \/>\n\t<meta property=\"og:image:height\" content=\"550\" \/>\n\t<meta property=\"og:image:type\" content=\"image\/jpeg\" \/>\n<meta name=\"author\" content=\"Radio Ljubu\u0161ki\" \/>\n<meta name=\"twitter:card\" content=\"summary_large_image\" \/>\n<meta name=\"twitter:creator\" content=\"@radioljubuski\" \/>\n<meta name=\"twitter:site\" content=\"@radioljubuski\" \/>\n<meta name=\"twitter:label1\" content=\"Napisao\/la\" \/>\n\t<meta name=\"twitter:data1\" content=\"Radio Ljubu\u0161ki\" \/>\n\t<meta name=\"twitter:label2\" content=\"Procijenjeno vrijeme \u010ditanja\" \/>\n\t<meta name=\"twitter:data2\" content=\"2 minute\" \/>\n<script type=\"application\/ld+json\" class=\"yoast-schema-graph\">{\"@context\":\"https:\\\/\\\/schema.org\",\"@graph\":[{\"@type\":\"Article\",\"@id\":\"https:\\\/\\\/radioljubuski.ba\\\/index.php\\\/2021\\\/12\\\/01\\\/hercegovka-godine-drago-mi-je-sto-se-moj-rad-vidi-cijeni-i-postuje\\\/#article\",\"isPartOf\":{\"@id\":\"https:\\\/\\\/radioljubuski.ba\\\/index.php\\\/2021\\\/12\\\/01\\\/hercegovka-godine-drago-mi-je-sto-se-moj-rad-vidi-cijeni-i-postuje\\\/\"},\"author\":{\"name\":\"Radio Ljubu\u0161ki\",\"@id\":\"https:\\\/\\\/radioljubuski.ba\\\/#\\\/schema\\\/person\\\/19fc700381a780f69665d7956c469e3b\"},\"headline\":\"Hercegovka godine: Drago mi je \u0161to se moj rad vidi, cijeni i po\u0161tuje\",\"datePublished\":\"2021-12-01T20:27:16+00:00\",\"dateModified\":\"2021-12-01T20:27:17+00:00\",\"mainEntityOfPage\":{\"@id\":\"https:\\\/\\\/radioljubuski.ba\\\/index.php\\\/2021\\\/12\\\/01\\\/hercegovka-godine-drago-mi-je-sto-se-moj-rad-vidi-cijeni-i-postuje\\\/\"},\"wordCount\":407,\"publisher\":{\"@id\":\"https:\\\/\\\/radioljubuski.ba\\\/#organization\"},\"image\":{\"@id\":\"https:\\\/\\\/radioljubuski.ba\\\/index.php\\\/2021\\\/12\\\/01\\\/hercegovka-godine-drago-mi-je-sto-se-moj-rad-vidi-cijeni-i-postuje\\\/#primaryimage\"},\"thumbnailUrl\":\"https:\\\/\\\/radioljubuski.ba\\\/wp-content\\\/uploads\\\/2021\\\/12\\\/jelena-sutic.jpg\",\"articleSection\":[\"BIH i regija\"],\"inLanguage\":\"hr\"},{\"@type\":\"WebPage\",\"@id\":\"https:\\\/\\\/radioljubuski.ba\\\/index.php\\\/2021\\\/12\\\/01\\\/hercegovka-godine-drago-mi-je-sto-se-moj-rad-vidi-cijeni-i-postuje\\\/\",\"url\":\"https:\\\/\\\/radioljubuski.ba\\\/index.php\\\/2021\\\/12\\\/01\\\/hercegovka-godine-drago-mi-je-sto-se-moj-rad-vidi-cijeni-i-postuje\\\/\",\"name\":\"Hercegovka godine: Drago mi je \u0161to se moj rad vidi, cijeni i po\u0161tuje - RADIO LJUBU\u0160KI\",\"isPartOf\":{\"@id\":\"https:\\\/\\\/radioljubuski.ba\\\/#website\"},\"primaryImageOfPage\":{\"@id\":\"https:\\\/\\\/radioljubuski.ba\\\/index.php\\\/2021\\\/12\\\/01\\\/hercegovka-godine-drago-mi-je-sto-se-moj-rad-vidi-cijeni-i-postuje\\\/#primaryimage\"},\"image\":{\"@id\":\"https:\\\/\\\/radioljubuski.ba\\\/index.php\\\/2021\\\/12\\\/01\\\/hercegovka-godine-drago-mi-je-sto-se-moj-rad-vidi-cijeni-i-postuje\\\/#primaryimage\"},\"thumbnailUrl\":\"https:\\\/\\\/radioljubuski.ba\\\/wp-content\\\/uploads\\\/2021\\\/12\\\/jelena-sutic.jpg\",\"datePublished\":\"2021-12-01T20:27:16+00:00\",\"dateModified\":\"2021-12-01T20:27:17+00:00\",\"breadcrumb\":{\"@id\":\"https:\\\/\\\/radioljubuski.ba\\\/index.php\\\/2021\\\/12\\\/01\\\/hercegovka-godine-drago-mi-je-sto-se-moj-rad-vidi-cijeni-i-postuje\\\/#breadcrumb\"},\"inLanguage\":\"hr\",\"potentialAction\":[{\"@type\":\"ReadAction\",\"target\":[\"https:\\\/\\\/radioljubuski.ba\\\/index.php\\\/2021\\\/12\\\/01\\\/hercegovka-godine-drago-mi-je-sto-se-moj-rad-vidi-cijeni-i-postuje\\\/\"]}]},{\"@type\":\"ImageObject\",\"inLanguage\":\"hr\",\"@id\":\"https:\\\/\\\/radioljubuski.ba\\\/index.php\\\/2021\\\/12\\\/01\\\/hercegovka-godine-drago-mi-je-sto-se-moj-rad-vidi-cijeni-i-postuje\\\/#primaryimage\",\"url\":\"https:\\\/\\\/radioljubuski.ba\\\/wp-content\\\/uploads\\\/2021\\\/12\\\/jelena-sutic.jpg\",\"contentUrl\":\"https:\\\/\\\/radioljubuski.ba\\\/wp-content\\\/uploads\\\/2021\\\/12\\\/jelena-sutic.jpg\",\"width\":800,\"height\":550},{\"@type\":\"BreadcrumbList\",\"@id\":\"https:\\\/\\\/radioljubuski.ba\\\/index.php\\\/2021\\\/12\\\/01\\\/hercegovka-godine-drago-mi-je-sto-se-moj-rad-vidi-cijeni-i-postuje\\\/#breadcrumb\",\"itemListElement\":[{\"@type\":\"ListItem\",\"position\":1,\"name\":\"Po\u010detna stranica\",\"item\":\"https:\\\/\\\/radioljubuski.ba\\\/\"},{\"@type\":\"ListItem\",\"position\":2,\"name\":\"Hercegovka godine: Drago mi je \u0161to se moj rad vidi, cijeni i po\u0161tuje\"}]},{\"@type\":\"WebSite\",\"@id\":\"https:\\\/\\\/radioljubuski.ba\\\/#website\",\"url\":\"https:\\\/\\\/radioljubuski.ba\\\/\",\"name\":\"Radio Ljubu\u0161ki\",\"description\":\"Sun\u010dana frekvencija Hercegovine\",\"publisher\":{\"@id\":\"https:\\\/\\\/radioljubuski.ba\\\/#organization\"},\"potentialAction\":[{\"@type\":\"SearchAction\",\"target\":{\"@type\":\"EntryPoint\",\"urlTemplate\":\"https:\\\/\\\/radioljubuski.ba\\\/?s={search_term_string}\"},\"query-input\":{\"@type\":\"PropertyValueSpecification\",\"valueRequired\":true,\"valueName\":\"search_term_string\"}}],\"inLanguage\":\"hr\"},{\"@type\":\"Organization\",\"@id\":\"https:\\\/\\\/radioljubuski.ba\\\/#organization\",\"name\":\"Radio Ljubu\u0161ki\",\"url\":\"https:\\\/\\\/radioljubuski.ba\\\/\",\"logo\":{\"@type\":\"ImageObject\",\"inLanguage\":\"hr\",\"@id\":\"https:\\\/\\\/radioljubuski.ba\\\/#\\\/schema\\\/logo\\\/image\\\/\",\"url\":\"https:\\\/\\\/radioljubuski.ba\\\/wp-content\\\/uploads\\\/2021\\\/02\\\/cropped-Radio_Ljubuski_logo1.jpg\",\"contentUrl\":\"https:\\\/\\\/radioljubuski.ba\\\/wp-content\\\/uploads\\\/2021\\\/02\\\/cropped-Radio_Ljubuski_logo1.jpg\",\"width\":512,\"height\":512,\"caption\":\"Radio Ljubu\u0161ki\"},\"image\":{\"@id\":\"https:\\\/\\\/radioljubuski.ba\\\/#\\\/schema\\\/logo\\\/image\\\/\"},\"sameAs\":[\"https:\\\/\\\/www.facebook.com\\\/Radiio-Ljubuski-1490835324566332\",\"https:\\\/\\\/x.com\\\/radioljubuski\",\"https:\\\/\\\/hr.linkedin.com\\\/company\\\/radio-ljubuski\",\"https:\\\/\\\/www.youtube.com\\\/channel\\\/UCHYaeO_n0Db3tjNGudGpXyw\"]},{\"@type\":\"Person\",\"@id\":\"https:\\\/\\\/radioljubuski.ba\\\/#\\\/schema\\\/person\\\/19fc700381a780f69665d7956c469e3b\",\"name\":\"Radio Ljubu\u0161ki\"}]}<\/script>\n<!-- \/ Yoast SEO plugin. -->","yoast_head_json":{"title":"Hercegovka godine: Drago mi je \u0161to se moj rad vidi, cijeni i po\u0161tuje - RADIO LJUBU\u0160KI","robots":{"index":"index","follow":"follow","max-snippet":"max-snippet:-1","max-image-preview":"max-image-preview:large","max-video-preview":"max-video-preview:-1"},"canonical":"https:\/\/radioljubuski.ba\/index.php\/2021\/12\/01\/hercegovka-godine-drago-mi-je-sto-se-moj-rad-vidi-cijeni-i-postuje\/","og_locale":"hr_HR","og_type":"article","og_title":"Hercegovka godine: Drago mi je \u0161to se moj rad vidi, cijeni i po\u0161tuje - RADIO LJUBU\u0160KI","og_description":"&#8220;Zna biti te\u0161kih trenutaka, ali ovakva priznanja vrate me na put. Zna\u010di mi da se moj rad vidi, cijeni i po\u0161tuje&#8221;, kazala je za Bljesak.info dobitnica nagrade &#8216;Hercegovka godine&#8217; Jelena \u0160uti\u0107. Naime, \u0160uti\u0107 je nagradu dobila u kategoriji &#8216;Humanost&#8217; te osvojila najvi\u0161e glasova. &#8220;Nisam samo ja zaslu\u017ena za ovo, tu je veliki broj ljudi koji [&hellip;]","og_url":"https:\/\/radioljubuski.ba\/index.php\/2021\/12\/01\/hercegovka-godine-drago-mi-je-sto-se-moj-rad-vidi-cijeni-i-postuje\/","og_site_name":"RADIO LJUBU\u0160KI","article_publisher":"https:\/\/www.facebook.com\/Radiio-Ljubuski-1490835324566332","article_published_time":"2021-12-01T20:27:16+00:00","article_modified_time":"2021-12-01T20:27:17+00:00","og_image":[{"width":800,"height":550,"url":"https:\/\/radioljubuski.ba\/wp-content\/uploads\/2021\/12\/jelena-sutic.jpg","type":"image\/jpeg"}],"author":"Radio Ljubu\u0161ki","twitter_card":"summary_large_image","twitter_creator":"@radioljubuski","twitter_site":"@radioljubuski","twitter_misc":{"Napisao\/la":"Radio Ljubu\u0161ki","Procijenjeno vrijeme \u010ditanja":"2 minute"},"schema":{"@context":"https:\/\/schema.org","@graph":[{"@type":"Article","@id":"https:\/\/radioljubuski.ba\/index.php\/2021\/12\/01\/hercegovka-godine-drago-mi-je-sto-se-moj-rad-vidi-cijeni-i-postuje\/#article","isPartOf":{"@id":"https:\/\/radioljubuski.ba\/index.php\/2021\/12\/01\/hercegovka-godine-drago-mi-je-sto-se-moj-rad-vidi-cijeni-i-postuje\/"},"author":{"name":"Radio Ljubu\u0161ki","@id":"https:\/\/radioljubuski.ba\/#\/schema\/person\/19fc700381a780f69665d7956c469e3b"},"headline":"Hercegovka godine: Drago mi je \u0161to se moj rad vidi, cijeni i po\u0161tuje","datePublished":"2021-12-01T20:27:16+00:00","dateModified":"2021-12-01T20:27:17+00:00","mainEntityOfPage":{"@id":"https:\/\/radioljubuski.ba\/index.php\/2021\/12\/01\/hercegovka-godine-drago-mi-je-sto-se-moj-rad-vidi-cijeni-i-postuje\/"},"wordCount":407,"publisher":{"@id":"https:\/\/radioljubuski.ba\/#organization"},"image":{"@id":"https:\/\/radioljubuski.ba\/index.php\/2021\/12\/01\/hercegovka-godine-drago-mi-je-sto-se-moj-rad-vidi-cijeni-i-postuje\/#primaryimage"},"thumbnailUrl":"https:\/\/radioljubuski.ba\/wp-content\/uploads\/2021\/12\/jelena-sutic.jpg","articleSection":["BIH i regija"],"inLanguage":"hr"},{"@type":"WebPage","@id":"https:\/\/radioljubuski.ba\/index.php\/2021\/12\/01\/hercegovka-godine-drago-mi-je-sto-se-moj-rad-vidi-cijeni-i-postuje\/","url":"https:\/\/radioljubuski.ba\/index.php\/2021\/12\/01\/hercegovka-godine-drago-mi-je-sto-se-moj-rad-vidi-cijeni-i-postuje\/","name":"Hercegovka godine: Drago mi je \u0161to se moj rad vidi, cijeni i po\u0161tuje - RADIO LJUBU\u0160KI","isPartOf":{"@id":"https:\/\/radioljubuski.ba\/#website"},"primaryImageOfPage":{"@id":"https:\/\/radioljubuski.ba\/index.php\/2021\/12\/01\/hercegovka-godine-drago-mi-je-sto-se-moj-rad-vidi-cijeni-i-postuje\/#primaryimage"},"image":{"@id":"https:\/\/radioljubuski.ba\/index.php\/2021\/12\/01\/hercegovka-godine-drago-mi-je-sto-se-moj-rad-vidi-cijeni-i-postuje\/#primaryimage"},"thumbnailUrl":"https:\/\/radioljubuski.ba\/wp-content\/uploads\/2021\/12\/jelena-sutic.jpg","datePublished":"2021-12-01T20:27:16+00:00","dateModified":"2021-12-01T20:27:17+00:00","breadcrumb":{"@id":"https:\/\/radioljubuski.ba\/index.php\/2021\/12\/01\/hercegovka-godine-drago-mi-je-sto-se-moj-rad-vidi-cijeni-i-postuje\/#breadcrumb"},"inLanguage":"hr","potentialAction":[{"@type":"ReadAction","target":["https:\/\/radioljubuski.ba\/index.php\/2021\/12\/01\/hercegovka-godine-drago-mi-je-sto-se-moj-rad-vidi-cijeni-i-postuje\/"]}]},{"@type":"ImageObject","inLanguage":"hr","@id":"https:\/\/radioljubuski.ba\/index.php\/2021\/12\/01\/hercegovka-godine-drago-mi-je-sto-se-moj-rad-vidi-cijeni-i-postuje\/#primaryimage","url":"https:\/\/radioljubuski.ba\/wp-content\/uploads\/2021\/12\/jelena-sutic.jpg","contentUrl":"https:\/\/radioljubuski.ba\/wp-content\/uploads\/2021\/12\/jelena-sutic.jpg","width":800,"height":550},{"@type":"BreadcrumbList","@id":"https:\/\/radioljubuski.ba\/index.php\/2021\/12\/01\/hercegovka-godine-drago-mi-je-sto-se-moj-rad-vidi-cijeni-i-postuje\/#breadcrumb","itemListElement":[{"@type":"ListItem","position":1,"name":"Po\u010detna stranica","item":"https:\/\/radioljubuski.ba\/"},{"@type":"ListItem","position":2,"name":"Hercegovka godine: Drago mi je \u0161to se moj rad vidi, cijeni i po\u0161tuje"}]},{"@type":"WebSite","@id":"https:\/\/radioljubuski.ba\/#website","url":"https:\/\/radioljubuski.ba\/","name":"Radio Ljubu\u0161ki","description":"Sun\u010dana frekvencija Hercegovine","publisher":{"@id":"https:\/\/radioljubuski.ba\/#organization"},"potentialAction":[{"@type":"SearchAction","target":{"@type":"EntryPoint","urlTemplate":"https:\/\/radioljubuski.ba\/?s={search_term_string}"},"query-input":{"@type":"PropertyValueSpecification","valueRequired":true,"valueName":"search_term_string"}}],"inLanguage":"hr"},{"@type":"Organization","@id":"https:\/\/radioljubuski.ba\/#organization","name":"Radio Ljubu\u0161ki","url":"https:\/\/radioljubuski.ba\/","logo":{"@type":"ImageObject","inLanguage":"hr","@id":"https:\/\/radioljubuski.ba\/#\/schema\/logo\/image\/","url":"https:\/\/radioljubuski.ba\/wp-content\/uploads\/2021\/02\/cropped-Radio_Ljubuski_logo1.jpg","contentUrl":"https:\/\/radioljubuski.ba\/wp-content\/uploads\/2021\/02\/cropped-Radio_Ljubuski_logo1.jpg","width":512,"height":512,"caption":"Radio Ljubu\u0161ki"},"image":{"@id":"https:\/\/radioljubuski.ba\/#\/schema\/logo\/image\/"},"sameAs":["https:\/\/www.facebook.com\/Radiio-Ljubuski-1490835324566332","https:\/\/x.com\/radioljubuski","https:\/\/hr.linkedin.com\/company\/radio-ljubuski","https:\/\/www.youtube.com\/channel\/UCHYaeO_n0Db3tjNGudGpXyw"]},{"@type":"Person","@id":"https:\/\/radioljubuski.ba\/#\/schema\/person\/19fc700381a780f69665d7956c469e3b","name":"Radio Ljubu\u0161ki"}]}},"_links":{"self":[{"href":"https:\/\/radioljubuski.ba\/index.php\/wp-json\/wp\/v2\/posts\/94885","targetHints":{"allow":["GET"]}}],"collection":[{"href":"https:\/\/radioljubuski.ba\/index.php\/wp-json\/wp\/v2\/posts"}],"about":[{"href":"https:\/\/radioljubuski.ba\/index.php\/wp-json\/wp\/v2\/types\/post"}],"author":[{"embeddable":true,"href":"https:\/\/radioljubuski.ba\/index.php\/wp-json\/wp\/v2\/users\/2"}],"replies":[{"embeddable":true,"href":"https:\/\/radioljubuski.ba\/index.php\/wp-json\/wp\/v2\/comments?post=94885"}],"version-history":[{"count":1,"href":"https:\/\/radioljubuski.ba\/index.php\/wp-json\/wp\/v2\/posts\/94885\/revisions"}],"predecessor-version":[{"id":94887,"href":"https:\/\/radioljubuski.ba\/index.php\/wp-json\/wp\/v2\/posts\/94885\/revisions\/94887"}],"wp:featuredmedia":[{"embeddable":true,"href":"https:\/\/radioljubuski.ba\/index.php\/wp-json\/wp\/v2\/media\/94886"}],"wp:attachment":[{"href":"https:\/\/radioljubuski.ba\/index.php\/wp-json\/wp\/v2\/media?parent=94885"}],"wp:term":[{"taxonomy":"category","embeddable":true,"href":"https:\/\/radioljubuski.ba\/index.php\/wp-json\/wp\/v2\/categories?post=94885"},{"taxonomy":"post_tag","embeddable":true,"href":"https:\/\/radioljubuski.ba\/index.php\/wp-json\/wp\/v2\/tags?post=94885"}],"curies":[{"name":"wp","href":"https:\/\/api.w.org\/{rel}","templated":true}]}}