{"id":94891,"date":"2021-12-01T22:13:05","date_gmt":"2021-12-01T21:13:05","guid":{"rendered":"https:\/\/radioljubuski.ba\/?p=94891"},"modified":"2021-12-20T14:14:19","modified_gmt":"2021-12-20T13:14:19","slug":"matej-lovric-onima-koji-se-bore-s-depresijom-savjetujem-da-idu-na-mjesta-zajednistva","status":"publish","type":"post","link":"https:\/\/radioljubuski.ba\/index.php\/2021\/12\/01\/matej-lovric-onima-koji-se-bore-s-depresijom-savjetujem-da-idu-na-mjesta-zajednistva\/","title":{"rendered":"Matej Lovri\u0107: \u201eOnima koji se bore s depresijom savjetujem da idu na mjesta zajedni\u0161tva\u201c &#8211; audio"},"content":{"rendered":"\n<p>Matej Lovri\u0107 iz Zagreba, koji se borio sa depresijom i raznim porocima, te na kraju prona\u0161ao utjehu u vjeri je na tribini na Humcu ve\u010deras podijelio svoju \u017eivotnu pri\u010du. <\/p>\n\n\n\n<p>Na tribinu je stigao na poziv fra Nikole Juri\u0161i\u0107a, te je okupljenima koji su ga sa zanimanjem slu\u0161ali ispri\u010dao kako je pro\u0161ao put od \u017eivotnog dna i \u017eelje za samoubojstvom do pronalaska sre\u0107e.<\/p>\n\n\n\n<p>U razgovoru za Radio Ljubu\u0161ki, Matej skromno navodi kako mu je te\u0161ko dijeliti svoju pri\u010du, jer smatra da je njegov \u017eivot toliko obi\u010dan i nije vrijedan dijeljenja. No, to pobija \u010dinjenica da su svi u Crkvi pozorno slu\u0161ali njegove nadahnjuju\u0107e rije\u010di.<\/p>\n\n\n\n<p>\u201e<em>\u017delio sam poru\u010diti kako posebice u Do\u0161a\u0161\u0107u, Bog je prisutan, On dolazi, ne treba ga se bojati, dolazi ba\u0161 svakome,\u201c<\/em> rekao je Matej.<\/p>\n\n\n\n<p>Lovri\u0107 ve\u0107 osam godina kroz rad u udruzi Arka poma\u017ee osobama sa posebnim potrebama, a taj put je odabrao umjesto preuzimanja o\u010deva poduze\u0107a jer je shvatio da ga pomaganje drugima \u010dini sretnim i ispunjava. <\/p>\n\n\n\n<p>Odlu\u010dio je postati prosjak u slu\u017ebi potrebitih.<\/p>\n\n\n\n<p>Ne smatra se voditeljem udruge Arka nego upravo suprotno &#8211; posljednjim, a udruga za njega ozna\u010dava mjesto gdje pripada, njegovu druga obitelj. <\/p>\n\n\n\n<p>Volontiraju\u0107i u toj udruzi shvatio je da \u017eivjeti evan\u0111elje zna\u010di postati jednim od siromaha.<\/p>\n\n\n\n<p>\u201e<em>Ja sam oduvijek Boga gledao kroz osje\u0107aje, posebno mi mladi gledamo ljubav kroz osje\u0107aje, ali sam spoznao u svom \u017eivotu posebice s osobama sa pote\u0161ko\u0107ama da ljubav nije osje\u0107aj, nego da je osoba, a to je Isus Krist, zato \u017eelim poru\u010diti da dolazi Bog koji je ljubav<\/em>,\u201c istaknuo je Matej.<\/p>\n\n\n\n<p>Onima koji se bore s depresijom iz vlastitog iskustva savjetuje da idu na mjesta zajedni\u0161tva, te da poku\u0161aju na\u0107i mjesto gdje \u0107e pripadati.<\/p>\n\n\n\n<p>\u201e<em>Kad si u zajedni\u0161tvu onda te drugi nose, a kad si sam kao da si na livadi gdje ima puno vjetra i ne mo\u017ee\u0161 se braniti.\u201c<\/em><\/p>\n\n\n\n<p>Prisje\u0107a se kada je do\u0161ao u jednu malu \u017eupu u Zagreb, dok je bio pogubljen kako su njegova bra\u0107a stajala iza le\u0111a.<\/p>\n\n\n\n<p>U svom svjedo\u010danstvu posebno je naglasio va\u017enost i vrijednost prijateljstva.<\/p>\n\n\n\n<p>Vi\u0161e poslu\u0161ajte u razgovoru<\/p>\n\n\n\n<iframe src=\"https:\/\/drive.google.com\/file\/d\/1V_dgmLdnAU2RvLtIBfEdPF6Ejh7MMuaS\/preview\" style=\"width: 100%; height: 100px;\"><\/iframe>\n\n\n\n<iframe loading=\"lazy\" src=\"https:\/\/www.facebook.com\/plugins\/post.php?href=https%3A%2F%2Fwww.facebook.com%2Fpermalink.php%3Fstory_fbid%3D3013830408933475%26id%3D1490835324566332&amp;show_text=true&amp;width=500\" style=\"border:none;overflow:hidden\" scrolling=\"no\" allowfullscreen=\"true\" allow=\"autoplay; clipboard-write; encrypted-media; picture-in-picture; web-share\" width=\"500\" height=\"684\" frameborder=\"0\"><\/iframe>\n\n\n\n<p><strong>Dajana Medi\u0107 i Gordana Ili\u0107<\/strong><\/p>\n","protected":false},"excerpt":{"rendered":"<p>Matej Lovri\u0107 iz Zagreba, koji se borio sa depresijom i raznim porocima, te na kraju prona\u0161ao utjehu u vjeri je na tribini na Humcu ve\u010deras podijelio svoju \u017eivotnu pri\u010du. Na tribinu je stigao na poziv fra Nikole Juri\u0161i\u0107a, te je okupljenima koji su ga sa zanimanjem slu\u0161ali ispri\u010dao kako je pro\u0161ao put od \u017eivotnog dna [&hellip;]<\/p>\n","protected":false},"author":2,"featured_media":94892,"comment_status":"closed","ping_status":"closed","sticky":false,"template":"","format":"standard","meta":{"h5ap_radio_sources":[],"footnotes":""},"categories":[8],"tags":[],"class_list":["post-94891","post","type-post","status-publish","format-standard","has-post-thumbnail","hentry","category-rlj-audio"],"yoast_head":"<!-- This site is optimized with the Yoast SEO plugin v27.4 - https:\/\/yoast.com\/product\/yoast-seo-wordpress\/ -->\n<title>Matej Lovri\u0107: \u201eOnima koji se bore s depresijom savjetujem da idu na mjesta zajedni\u0161tva\u201c - audio - RADIO LJUBU\u0160KI<\/title>\n<meta name=\"robots\" content=\"index, follow, max-snippet:-1, max-image-preview:large, max-video-preview:-1\" \/>\n<link rel=\"canonical\" href=\"https:\/\/radioljubuski.ba\/index.php\/2021\/12\/01\/matej-lovric-onima-koji-se-bore-s-depresijom-savjetujem-da-idu-na-mjesta-zajednistva\/\" \/>\n<meta property=\"og:locale\" content=\"hr_HR\" \/>\n<meta property=\"og:type\" content=\"article\" \/>\n<meta property=\"og:title\" content=\"Matej Lovri\u0107: \u201eOnima koji se bore s depresijom savjetujem da idu na mjesta zajedni\u0161tva\u201c - audio - RADIO LJUBU\u0160KI\" \/>\n<meta property=\"og:description\" content=\"Matej Lovri\u0107 iz Zagreba, koji se borio sa depresijom i raznim porocima, te na kraju prona\u0161ao utjehu u vjeri je na tribini na Humcu ve\u010deras podijelio svoju \u017eivotnu pri\u010du. Na tribinu je stigao na poziv fra Nikole Juri\u0161i\u0107a, te je okupljenima koji su ga sa zanimanjem slu\u0161ali ispri\u010dao kako je pro\u0161ao put od \u017eivotnog dna [&hellip;]\" \/>\n<meta property=\"og:url\" content=\"https:\/\/radioljubuski.ba\/index.php\/2021\/12\/01\/matej-lovric-onima-koji-se-bore-s-depresijom-savjetujem-da-idu-na-mjesta-zajednistva\/\" \/>\n<meta property=\"og:site_name\" content=\"RADIO LJUBU\u0160KI\" \/>\n<meta property=\"article:publisher\" content=\"https:\/\/www.facebook.com\/Radiio-Ljubuski-1490835324566332\" \/>\n<meta property=\"article:published_time\" content=\"2021-12-01T21:13:05+00:00\" \/>\n<meta property=\"article:modified_time\" content=\"2021-12-20T13:14:19+00:00\" \/>\n<meta property=\"og:image\" content=\"https:\/\/radioljubuski.ba\/wp-content\/uploads\/2021\/12\/matej-lovric.jpg\" \/>\n\t<meta property=\"og:image:width\" content=\"1686\" \/>\n\t<meta property=\"og:image:height\" content=\"1125\" \/>\n\t<meta property=\"og:image:type\" content=\"image\/jpeg\" \/>\n<meta name=\"author\" content=\"Radio Ljubu\u0161ki\" \/>\n<meta name=\"twitter:card\" content=\"summary_large_image\" \/>\n<meta name=\"twitter:creator\" content=\"@radioljubuski\" \/>\n<meta name=\"twitter:site\" content=\"@radioljubuski\" \/>\n<meta name=\"twitter:label1\" content=\"Napisao\/la\" \/>\n\t<meta name=\"twitter:data1\" content=\"Radio Ljubu\u0161ki\" \/>\n\t<meta name=\"twitter:label2\" content=\"Procijenjeno vrijeme \u010ditanja\" \/>\n\t<meta name=\"twitter:data2\" content=\"2 minute\" \/>\n<script type=\"application\/ld+json\" class=\"yoast-schema-graph\">{\"@context\":\"https:\\\/\\\/schema.org\",\"@graph\":[{\"@type\":\"Article\",\"@id\":\"https:\\\/\\\/radioljubuski.ba\\\/index.php\\\/2021\\\/12\\\/01\\\/matej-lovric-onima-koji-se-bore-s-depresijom-savjetujem-da-idu-na-mjesta-zajednistva\\\/#article\",\"isPartOf\":{\"@id\":\"https:\\\/\\\/radioljubuski.ba\\\/index.php\\\/2021\\\/12\\\/01\\\/matej-lovric-onima-koji-se-bore-s-depresijom-savjetujem-da-idu-na-mjesta-zajednistva\\\/\"},\"author\":{\"name\":\"Radio Ljubu\u0161ki\",\"@id\":\"https:\\\/\\\/radioljubuski.ba\\\/#\\\/schema\\\/person\\\/19fc700381a780f69665d7956c469e3b\"},\"headline\":\"Matej Lovri\u0107: \u201eOnima koji se bore s depresijom savjetujem da idu na mjesta zajedni\u0161tva\u201c &#8211; audio\",\"datePublished\":\"2021-12-01T21:13:05+00:00\",\"dateModified\":\"2021-12-20T13:14:19+00:00\",\"mainEntityOfPage\":{\"@id\":\"https:\\\/\\\/radioljubuski.ba\\\/index.php\\\/2021\\\/12\\\/01\\\/matej-lovric-onima-koji-se-bore-s-depresijom-savjetujem-da-idu-na-mjesta-zajednistva\\\/\"},\"wordCount\":407,\"publisher\":{\"@id\":\"https:\\\/\\\/radioljubuski.ba\\\/#organization\"},\"image\":{\"@id\":\"https:\\\/\\\/radioljubuski.ba\\\/index.php\\\/2021\\\/12\\\/01\\\/matej-lovric-onima-koji-se-bore-s-depresijom-savjetujem-da-idu-na-mjesta-zajednistva\\\/#primaryimage\"},\"thumbnailUrl\":\"https:\\\/\\\/radioljubuski.ba\\\/wp-content\\\/uploads\\\/2021\\\/12\\\/matej-lovric.jpg\",\"articleSection\":[\"RLJ Audio\"],\"inLanguage\":\"hr\"},{\"@type\":\"WebPage\",\"@id\":\"https:\\\/\\\/radioljubuski.ba\\\/index.php\\\/2021\\\/12\\\/01\\\/matej-lovric-onima-koji-se-bore-s-depresijom-savjetujem-da-idu-na-mjesta-zajednistva\\\/\",\"url\":\"https:\\\/\\\/radioljubuski.ba\\\/index.php\\\/2021\\\/12\\\/01\\\/matej-lovric-onima-koji-se-bore-s-depresijom-savjetujem-da-idu-na-mjesta-zajednistva\\\/\",\"name\":\"Matej Lovri\u0107: \u201eOnima koji se bore s depresijom savjetujem da idu na mjesta zajedni\u0161tva\u201c - audio - RADIO LJUBU\u0160KI\",\"isPartOf\":{\"@id\":\"https:\\\/\\\/radioljubuski.ba\\\/#website\"},\"primaryImageOfPage\":{\"@id\":\"https:\\\/\\\/radioljubuski.ba\\\/index.php\\\/2021\\\/12\\\/01\\\/matej-lovric-onima-koji-se-bore-s-depresijom-savjetujem-da-idu-na-mjesta-zajednistva\\\/#primaryimage\"},\"image\":{\"@id\":\"https:\\\/\\\/radioljubuski.ba\\\/index.php\\\/2021\\\/12\\\/01\\\/matej-lovric-onima-koji-se-bore-s-depresijom-savjetujem-da-idu-na-mjesta-zajednistva\\\/#primaryimage\"},\"thumbnailUrl\":\"https:\\\/\\\/radioljubuski.ba\\\/wp-content\\\/uploads\\\/2021\\\/12\\\/matej-lovric.jpg\",\"datePublished\":\"2021-12-01T21:13:05+00:00\",\"dateModified\":\"2021-12-20T13:14:19+00:00\",\"breadcrumb\":{\"@id\":\"https:\\\/\\\/radioljubuski.ba\\\/index.php\\\/2021\\\/12\\\/01\\\/matej-lovric-onima-koji-se-bore-s-depresijom-savjetujem-da-idu-na-mjesta-zajednistva\\\/#breadcrumb\"},\"inLanguage\":\"hr\",\"potentialAction\":[{\"@type\":\"ReadAction\",\"target\":[\"https:\\\/\\\/radioljubuski.ba\\\/index.php\\\/2021\\\/12\\\/01\\\/matej-lovric-onima-koji-se-bore-s-depresijom-savjetujem-da-idu-na-mjesta-zajednistva\\\/\"]}]},{\"@type\":\"ImageObject\",\"inLanguage\":\"hr\",\"@id\":\"https:\\\/\\\/radioljubuski.ba\\\/index.php\\\/2021\\\/12\\\/01\\\/matej-lovric-onima-koji-se-bore-s-depresijom-savjetujem-da-idu-na-mjesta-zajednistva\\\/#primaryimage\",\"url\":\"https:\\\/\\\/radioljubuski.ba\\\/wp-content\\\/uploads\\\/2021\\\/12\\\/matej-lovric.jpg\",\"contentUrl\":\"https:\\\/\\\/radioljubuski.ba\\\/wp-content\\\/uploads\\\/2021\\\/12\\\/matej-lovric.jpg\",\"width\":1686,\"height\":1125},{\"@type\":\"BreadcrumbList\",\"@id\":\"https:\\\/\\\/radioljubuski.ba\\\/index.php\\\/2021\\\/12\\\/01\\\/matej-lovric-onima-koji-se-bore-s-depresijom-savjetujem-da-idu-na-mjesta-zajednistva\\\/#breadcrumb\",\"itemListElement\":[{\"@type\":\"ListItem\",\"position\":1,\"name\":\"Po\u010detna stranica\",\"item\":\"https:\\\/\\\/radioljubuski.ba\\\/\"},{\"@type\":\"ListItem\",\"position\":2,\"name\":\"Matej Lovri\u0107: \u201eOnima koji se bore s depresijom savjetujem da idu na mjesta zajedni\u0161tva\u201c &#8211; audio\"}]},{\"@type\":\"WebSite\",\"@id\":\"https:\\\/\\\/radioljubuski.ba\\\/#website\",\"url\":\"https:\\\/\\\/radioljubuski.ba\\\/\",\"name\":\"Radio Ljubu\u0161ki\",\"description\":\"Sun\u010dana frekvencija Hercegovine\",\"publisher\":{\"@id\":\"https:\\\/\\\/radioljubuski.ba\\\/#organization\"},\"potentialAction\":[{\"@type\":\"SearchAction\",\"target\":{\"@type\":\"EntryPoint\",\"urlTemplate\":\"https:\\\/\\\/radioljubuski.ba\\\/?s={search_term_string}\"},\"query-input\":{\"@type\":\"PropertyValueSpecification\",\"valueRequired\":true,\"valueName\":\"search_term_string\"}}],\"inLanguage\":\"hr\"},{\"@type\":\"Organization\",\"@id\":\"https:\\\/\\\/radioljubuski.ba\\\/#organization\",\"name\":\"Radio Ljubu\u0161ki\",\"url\":\"https:\\\/\\\/radioljubuski.ba\\\/\",\"logo\":{\"@type\":\"ImageObject\",\"inLanguage\":\"hr\",\"@id\":\"https:\\\/\\\/radioljubuski.ba\\\/#\\\/schema\\\/logo\\\/image\\\/\",\"url\":\"https:\\\/\\\/radioljubuski.ba\\\/wp-content\\\/uploads\\\/2021\\\/02\\\/cropped-Radio_Ljubuski_logo1.jpg\",\"contentUrl\":\"https:\\\/\\\/radioljubuski.ba\\\/wp-content\\\/uploads\\\/2021\\\/02\\\/cropped-Radio_Ljubuski_logo1.jpg\",\"width\":512,\"height\":512,\"caption\":\"Radio Ljubu\u0161ki\"},\"image\":{\"@id\":\"https:\\\/\\\/radioljubuski.ba\\\/#\\\/schema\\\/logo\\\/image\\\/\"},\"sameAs\":[\"https:\\\/\\\/www.facebook.com\\\/Radiio-Ljubuski-1490835324566332\",\"https:\\\/\\\/x.com\\\/radioljubuski\",\"https:\\\/\\\/hr.linkedin.com\\\/company\\\/radio-ljubuski\",\"https:\\\/\\\/www.youtube.com\\\/channel\\\/UCHYaeO_n0Db3tjNGudGpXyw\"]},{\"@type\":\"Person\",\"@id\":\"https:\\\/\\\/radioljubuski.ba\\\/#\\\/schema\\\/person\\\/19fc700381a780f69665d7956c469e3b\",\"name\":\"Radio Ljubu\u0161ki\"}]}<\/script>\n<!-- \/ Yoast SEO plugin. -->","yoast_head_json":{"title":"Matej Lovri\u0107: \u201eOnima koji se bore s depresijom savjetujem da idu na mjesta zajedni\u0161tva\u201c - audio - RADIO LJUBU\u0160KI","robots":{"index":"index","follow":"follow","max-snippet":"max-snippet:-1","max-image-preview":"max-image-preview:large","max-video-preview":"max-video-preview:-1"},"canonical":"https:\/\/radioljubuski.ba\/index.php\/2021\/12\/01\/matej-lovric-onima-koji-se-bore-s-depresijom-savjetujem-da-idu-na-mjesta-zajednistva\/","og_locale":"hr_HR","og_type":"article","og_title":"Matej Lovri\u0107: \u201eOnima koji se bore s depresijom savjetujem da idu na mjesta zajedni\u0161tva\u201c - audio - RADIO LJUBU\u0160KI","og_description":"Matej Lovri\u0107 iz Zagreba, koji se borio sa depresijom i raznim porocima, te na kraju prona\u0161ao utjehu u vjeri je na tribini na Humcu ve\u010deras podijelio svoju \u017eivotnu pri\u010du. Na tribinu je stigao na poziv fra Nikole Juri\u0161i\u0107a, te je okupljenima koji su ga sa zanimanjem slu\u0161ali ispri\u010dao kako je pro\u0161ao put od \u017eivotnog dna [&hellip;]","og_url":"https:\/\/radioljubuski.ba\/index.php\/2021\/12\/01\/matej-lovric-onima-koji-se-bore-s-depresijom-savjetujem-da-idu-na-mjesta-zajednistva\/","og_site_name":"RADIO LJUBU\u0160KI","article_publisher":"https:\/\/www.facebook.com\/Radiio-Ljubuski-1490835324566332","article_published_time":"2021-12-01T21:13:05+00:00","article_modified_time":"2021-12-20T13:14:19+00:00","og_image":[{"width":1686,"height":1125,"url":"https:\/\/radioljubuski.ba\/wp-content\/uploads\/2021\/12\/matej-lovric.jpg","type":"image\/jpeg"}],"author":"Radio Ljubu\u0161ki","twitter_card":"summary_large_image","twitter_creator":"@radioljubuski","twitter_site":"@radioljubuski","twitter_misc":{"Napisao\/la":"Radio Ljubu\u0161ki","Procijenjeno vrijeme \u010ditanja":"2 minute"},"schema":{"@context":"https:\/\/schema.org","@graph":[{"@type":"Article","@id":"https:\/\/radioljubuski.ba\/index.php\/2021\/12\/01\/matej-lovric-onima-koji-se-bore-s-depresijom-savjetujem-da-idu-na-mjesta-zajednistva\/#article","isPartOf":{"@id":"https:\/\/radioljubuski.ba\/index.php\/2021\/12\/01\/matej-lovric-onima-koji-se-bore-s-depresijom-savjetujem-da-idu-na-mjesta-zajednistva\/"},"author":{"name":"Radio Ljubu\u0161ki","@id":"https:\/\/radioljubuski.ba\/#\/schema\/person\/19fc700381a780f69665d7956c469e3b"},"headline":"Matej Lovri\u0107: \u201eOnima koji se bore s depresijom savjetujem da idu na mjesta zajedni\u0161tva\u201c &#8211; audio","datePublished":"2021-12-01T21:13:05+00:00","dateModified":"2021-12-20T13:14:19+00:00","mainEntityOfPage":{"@id":"https:\/\/radioljubuski.ba\/index.php\/2021\/12\/01\/matej-lovric-onima-koji-se-bore-s-depresijom-savjetujem-da-idu-na-mjesta-zajednistva\/"},"wordCount":407,"publisher":{"@id":"https:\/\/radioljubuski.ba\/#organization"},"image":{"@id":"https:\/\/radioljubuski.ba\/index.php\/2021\/12\/01\/matej-lovric-onima-koji-se-bore-s-depresijom-savjetujem-da-idu-na-mjesta-zajednistva\/#primaryimage"},"thumbnailUrl":"https:\/\/radioljubuski.ba\/wp-content\/uploads\/2021\/12\/matej-lovric.jpg","articleSection":["RLJ Audio"],"inLanguage":"hr"},{"@type":"WebPage","@id":"https:\/\/radioljubuski.ba\/index.php\/2021\/12\/01\/matej-lovric-onima-koji-se-bore-s-depresijom-savjetujem-da-idu-na-mjesta-zajednistva\/","url":"https:\/\/radioljubuski.ba\/index.php\/2021\/12\/01\/matej-lovric-onima-koji-se-bore-s-depresijom-savjetujem-da-idu-na-mjesta-zajednistva\/","name":"Matej Lovri\u0107: \u201eOnima koji se bore s depresijom savjetujem da idu na mjesta zajedni\u0161tva\u201c - audio - RADIO LJUBU\u0160KI","isPartOf":{"@id":"https:\/\/radioljubuski.ba\/#website"},"primaryImageOfPage":{"@id":"https:\/\/radioljubuski.ba\/index.php\/2021\/12\/01\/matej-lovric-onima-koji-se-bore-s-depresijom-savjetujem-da-idu-na-mjesta-zajednistva\/#primaryimage"},"image":{"@id":"https:\/\/radioljubuski.ba\/index.php\/2021\/12\/01\/matej-lovric-onima-koji-se-bore-s-depresijom-savjetujem-da-idu-na-mjesta-zajednistva\/#primaryimage"},"thumbnailUrl":"https:\/\/radioljubuski.ba\/wp-content\/uploads\/2021\/12\/matej-lovric.jpg","datePublished":"2021-12-01T21:13:05+00:00","dateModified":"2021-12-20T13:14:19+00:00","breadcrumb":{"@id":"https:\/\/radioljubuski.ba\/index.php\/2021\/12\/01\/matej-lovric-onima-koji-se-bore-s-depresijom-savjetujem-da-idu-na-mjesta-zajednistva\/#breadcrumb"},"inLanguage":"hr","potentialAction":[{"@type":"ReadAction","target":["https:\/\/radioljubuski.ba\/index.php\/2021\/12\/01\/matej-lovric-onima-koji-se-bore-s-depresijom-savjetujem-da-idu-na-mjesta-zajednistva\/"]}]},{"@type":"ImageObject","inLanguage":"hr","@id":"https:\/\/radioljubuski.ba\/index.php\/2021\/12\/01\/matej-lovric-onima-koji-se-bore-s-depresijom-savjetujem-da-idu-na-mjesta-zajednistva\/#primaryimage","url":"https:\/\/radioljubuski.ba\/wp-content\/uploads\/2021\/12\/matej-lovric.jpg","contentUrl":"https:\/\/radioljubuski.ba\/wp-content\/uploads\/2021\/12\/matej-lovric.jpg","width":1686,"height":1125},{"@type":"BreadcrumbList","@id":"https:\/\/radioljubuski.ba\/index.php\/2021\/12\/01\/matej-lovric-onima-koji-se-bore-s-depresijom-savjetujem-da-idu-na-mjesta-zajednistva\/#breadcrumb","itemListElement":[{"@type":"ListItem","position":1,"name":"Po\u010detna stranica","item":"https:\/\/radioljubuski.ba\/"},{"@type":"ListItem","position":2,"name":"Matej Lovri\u0107: \u201eOnima koji se bore s depresijom savjetujem da idu na mjesta zajedni\u0161tva\u201c &#8211; audio"}]},{"@type":"WebSite","@id":"https:\/\/radioljubuski.ba\/#website","url":"https:\/\/radioljubuski.ba\/","name":"Radio Ljubu\u0161ki","description":"Sun\u010dana frekvencija Hercegovine","publisher":{"@id":"https:\/\/radioljubuski.ba\/#organization"},"potentialAction":[{"@type":"SearchAction","target":{"@type":"EntryPoint","urlTemplate":"https:\/\/radioljubuski.ba\/?s={search_term_string}"},"query-input":{"@type":"PropertyValueSpecification","valueRequired":true,"valueName":"search_term_string"}}],"inLanguage":"hr"},{"@type":"Organization","@id":"https:\/\/radioljubuski.ba\/#organization","name":"Radio Ljubu\u0161ki","url":"https:\/\/radioljubuski.ba\/","logo":{"@type":"ImageObject","inLanguage":"hr","@id":"https:\/\/radioljubuski.ba\/#\/schema\/logo\/image\/","url":"https:\/\/radioljubuski.ba\/wp-content\/uploads\/2021\/02\/cropped-Radio_Ljubuski_logo1.jpg","contentUrl":"https:\/\/radioljubuski.ba\/wp-content\/uploads\/2021\/02\/cropped-Radio_Ljubuski_logo1.jpg","width":512,"height":512,"caption":"Radio Ljubu\u0161ki"},"image":{"@id":"https:\/\/radioljubuski.ba\/#\/schema\/logo\/image\/"},"sameAs":["https:\/\/www.facebook.com\/Radiio-Ljubuski-1490835324566332","https:\/\/x.com\/radioljubuski","https:\/\/hr.linkedin.com\/company\/radio-ljubuski","https:\/\/www.youtube.com\/channel\/UCHYaeO_n0Db3tjNGudGpXyw"]},{"@type":"Person","@id":"https:\/\/radioljubuski.ba\/#\/schema\/person\/19fc700381a780f69665d7956c469e3b","name":"Radio Ljubu\u0161ki"}]}},"_links":{"self":[{"href":"https:\/\/radioljubuski.ba\/index.php\/wp-json\/wp\/v2\/posts\/94891","targetHints":{"allow":["GET"]}}],"collection":[{"href":"https:\/\/radioljubuski.ba\/index.php\/wp-json\/wp\/v2\/posts"}],"about":[{"href":"https:\/\/radioljubuski.ba\/index.php\/wp-json\/wp\/v2\/types\/post"}],"author":[{"embeddable":true,"href":"https:\/\/radioljubuski.ba\/index.php\/wp-json\/wp\/v2\/users\/2"}],"replies":[{"embeddable":true,"href":"https:\/\/radioljubuski.ba\/index.php\/wp-json\/wp\/v2\/comments?post=94891"}],"version-history":[{"count":6,"href":"https:\/\/radioljubuski.ba\/index.php\/wp-json\/wp\/v2\/posts\/94891\/revisions"}],"predecessor-version":[{"id":101893,"href":"https:\/\/radioljubuski.ba\/index.php\/wp-json\/wp\/v2\/posts\/94891\/revisions\/101893"}],"wp:featuredmedia":[{"embeddable":true,"href":"https:\/\/radioljubuski.ba\/index.php\/wp-json\/wp\/v2\/media\/94892"}],"wp:attachment":[{"href":"https:\/\/radioljubuski.ba\/index.php\/wp-json\/wp\/v2\/media?parent=94891"}],"wp:term":[{"taxonomy":"category","embeddable":true,"href":"https:\/\/radioljubuski.ba\/index.php\/wp-json\/wp\/v2\/categories?post=94891"},{"taxonomy":"post_tag","embeddable":true,"href":"https:\/\/radioljubuski.ba\/index.php\/wp-json\/wp\/v2\/tags?post=94891"}],"curies":[{"name":"wp","href":"https:\/\/api.w.org\/{rel}","templated":true}]}}