{"id":94897,"date":"2021-12-01T22:58:33","date_gmt":"2021-12-01T21:58:33","guid":{"rendered":"https:\/\/radioljubuski.ba\/?p=94897"},"modified":"2021-12-01T22:58:34","modified_gmt":"2021-12-01T21:58:34","slug":"jutros-opljackao-ljekarnu-i-kladionicu-policija-ga-prepoznala-po-tenisicama","status":"publish","type":"post","link":"https:\/\/radioljubuski.ba\/index.php\/2021\/12\/01\/jutros-opljackao-ljekarnu-i-kladionicu-policija-ga-prepoznala-po-tenisicama\/","title":{"rendered":"Jutros oplja\u010dkao ljekarnu i kladionicu, policija ga prepoznala po tenisicama"},"content":{"rendered":"\n<p>Mostarski policajci danas su, kako saznaje&nbsp;<a href=\"https:\/\/avaz.ba\/vijesti\/crna-hronika\/700755\/razbojnika-u-mostaru-odale-narandzaste-patike-ekspresno-uhapsen\">Avaz<\/a>, brzom intervencijom prona\u0161li i uhitili &nbsp;Z. P. (22), koji je &nbsp;u prijepodnevnim satima po\u010dinio dva razbojni\u0161tva.<\/p>\n\n\n\n<p>On je maskiran i naoru\u017ean no\u017eem upao u ljekarnu kod Carinskog mosta gdje je uz prijetnju no\u017eem od uposlenice uzeo novac te pobjegao skuterom, a potom je to isto u\u010dinio u kladionioci u ulici Stjepana Radi\u0107a.<\/p>\n\n\n\n<p>Nedugo nakon prijava o ova dva razbojni\u0161tva, policija se dala u potragu za njim te je ubrzo i prona\u0111en, ponajvi\u0161e zahvaljuju\u0107i opisu odje\u0107e koju je imao na sebi, kao i upe\u010datljivim naran\u010dastim tenisicama.<\/p>\n\n\n\n<p>Kakoje potvr\u0111eno iz MUP-a HN\u017d, on je tijekom kriminalisti\u010dke obrade priznao po\u010dinjenje krivi\u010dnih djela koja mu se stavljaju na teret.<\/p>\n\n\n\n<p>Tako\u0111er, utvr\u0111uje se njegova povezanost s razbojni\u0161tvom po\u010dinjenim u ponedjeljak na \u0161tetu kladionice na trgu Musala.<\/p>\n\n\n\n<p>Izvor:avaz.ba<\/p>\n","protected":false},"excerpt":{"rendered":"<p>Mostarski policajci danas su, kako saznaje&nbsp;Avaz, brzom intervencijom prona\u0161li i uhitili &nbsp;Z. P. (22), koji je &nbsp;u prijepodnevnim satima po\u010dinio dva razbojni\u0161tva. On je maskiran i naoru\u017ean no\u017eem upao u ljekarnu kod Carinskog mosta gdje je uz prijetnju no\u017eem od uposlenice uzeo novac te pobjegao skuterom, a potom je to isto u\u010dinio u kladionioci u [&hellip;]<\/p>\n","protected":false},"author":2,"featured_media":94898,"comment_status":"closed","ping_status":"closed","sticky":false,"template":"","format":"standard","meta":{"h5ap_radio_sources":[],"footnotes":""},"categories":[1],"tags":[],"class_list":["post-94897","post","type-post","status-publish","format-standard","has-post-thumbnail","hentry","category-bihiregija"],"yoast_head":"<!-- This site is optimized with the Yoast SEO plugin v27.4 - https:\/\/yoast.com\/product\/yoast-seo-wordpress\/ -->\n<title>Jutros oplja\u010dkao ljekarnu i kladionicu, policija ga prepoznala po tenisicama - RADIO LJUBU\u0160KI<\/title>\n<meta name=\"robots\" content=\"index, follow, max-snippet:-1, max-image-preview:large, max-video-preview:-1\" \/>\n<link rel=\"canonical\" href=\"https:\/\/radioljubuski.ba\/index.php\/2021\/12\/01\/jutros-opljackao-ljekarnu-i-kladionicu-policija-ga-prepoznala-po-tenisicama\/\" \/>\n<meta property=\"og:locale\" content=\"hr_HR\" \/>\n<meta property=\"og:type\" content=\"article\" \/>\n<meta property=\"og:title\" content=\"Jutros oplja\u010dkao ljekarnu i kladionicu, policija ga prepoznala po tenisicama - RADIO LJUBU\u0160KI\" \/>\n<meta property=\"og:description\" content=\"Mostarski policajci danas su, kako saznaje&nbsp;Avaz, brzom intervencijom prona\u0161li i uhitili &nbsp;Z. P. (22), koji je &nbsp;u prijepodnevnim satima po\u010dinio dva razbojni\u0161tva. On je maskiran i naoru\u017ean no\u017eem upao u ljekarnu kod Carinskog mosta gdje je uz prijetnju no\u017eem od uposlenice uzeo novac te pobjegao skuterom, a potom je to isto u\u010dinio u kladionioci u [&hellip;]\" \/>\n<meta property=\"og:url\" content=\"https:\/\/radioljubuski.ba\/index.php\/2021\/12\/01\/jutros-opljackao-ljekarnu-i-kladionicu-policija-ga-prepoznala-po-tenisicama\/\" \/>\n<meta property=\"og:site_name\" content=\"RADIO LJUBU\u0160KI\" \/>\n<meta property=\"article:publisher\" content=\"https:\/\/www.facebook.com\/Radiio-Ljubuski-1490835324566332\" \/>\n<meta property=\"article:published_time\" content=\"2021-12-01T21:58:33+00:00\" \/>\n<meta property=\"article:modified_time\" content=\"2021-12-01T21:58:34+00:00\" \/>\n<meta property=\"og:image\" content=\"https:\/\/radioljubuski.ba\/wp-content\/uploads\/2021\/12\/Narancaste-tene.jpg\" \/>\n\t<meta property=\"og:image:width\" content=\"1280\" \/>\n\t<meta property=\"og:image:height\" content=\"880\" \/>\n\t<meta property=\"og:image:type\" content=\"image\/jpeg\" \/>\n<meta name=\"author\" content=\"Radio Ljubu\u0161ki\" \/>\n<meta name=\"twitter:card\" content=\"summary_large_image\" \/>\n<meta name=\"twitter:creator\" content=\"@radioljubuski\" \/>\n<meta name=\"twitter:site\" content=\"@radioljubuski\" \/>\n<meta name=\"twitter:label1\" content=\"Napisao\/la\" \/>\n\t<meta name=\"twitter:data1\" content=\"Radio Ljubu\u0161ki\" \/>\n\t<meta name=\"twitter:label2\" content=\"Procijenjeno vrijeme \u010ditanja\" \/>\n\t<meta name=\"twitter:data2\" content=\"1 minuta\" \/>\n<script type=\"application\/ld+json\" class=\"yoast-schema-graph\">{\"@context\":\"https:\\\/\\\/schema.org\",\"@graph\":[{\"@type\":\"Article\",\"@id\":\"https:\\\/\\\/radioljubuski.ba\\\/index.php\\\/2021\\\/12\\\/01\\\/jutros-opljackao-ljekarnu-i-kladionicu-policija-ga-prepoznala-po-tenisicama\\\/#article\",\"isPartOf\":{\"@id\":\"https:\\\/\\\/radioljubuski.ba\\\/index.php\\\/2021\\\/12\\\/01\\\/jutros-opljackao-ljekarnu-i-kladionicu-policija-ga-prepoznala-po-tenisicama\\\/\"},\"author\":{\"name\":\"Radio Ljubu\u0161ki\",\"@id\":\"https:\\\/\\\/radioljubuski.ba\\\/#\\\/schema\\\/person\\\/19fc700381a780f69665d7956c469e3b\"},\"headline\":\"Jutros oplja\u010dkao ljekarnu i kladionicu, policija ga prepoznala po tenisicama\",\"datePublished\":\"2021-12-01T21:58:33+00:00\",\"dateModified\":\"2021-12-01T21:58:34+00:00\",\"mainEntityOfPage\":{\"@id\":\"https:\\\/\\\/radioljubuski.ba\\\/index.php\\\/2021\\\/12\\\/01\\\/jutros-opljackao-ljekarnu-i-kladionicu-policija-ga-prepoznala-po-tenisicama\\\/\"},\"wordCount\":167,\"publisher\":{\"@id\":\"https:\\\/\\\/radioljubuski.ba\\\/#organization\"},\"image\":{\"@id\":\"https:\\\/\\\/radioljubuski.ba\\\/index.php\\\/2021\\\/12\\\/01\\\/jutros-opljackao-ljekarnu-i-kladionicu-policija-ga-prepoznala-po-tenisicama\\\/#primaryimage\"},\"thumbnailUrl\":\"https:\\\/\\\/radioljubuski.ba\\\/wp-content\\\/uploads\\\/2021\\\/12\\\/Narancaste-tene.jpg\",\"articleSection\":[\"BIH i regija\"],\"inLanguage\":\"hr\"},{\"@type\":\"WebPage\",\"@id\":\"https:\\\/\\\/radioljubuski.ba\\\/index.php\\\/2021\\\/12\\\/01\\\/jutros-opljackao-ljekarnu-i-kladionicu-policija-ga-prepoznala-po-tenisicama\\\/\",\"url\":\"https:\\\/\\\/radioljubuski.ba\\\/index.php\\\/2021\\\/12\\\/01\\\/jutros-opljackao-ljekarnu-i-kladionicu-policija-ga-prepoznala-po-tenisicama\\\/\",\"name\":\"Jutros oplja\u010dkao ljekarnu i kladionicu, policija ga prepoznala po tenisicama - RADIO LJUBU\u0160KI\",\"isPartOf\":{\"@id\":\"https:\\\/\\\/radioljubuski.ba\\\/#website\"},\"primaryImageOfPage\":{\"@id\":\"https:\\\/\\\/radioljubuski.ba\\\/index.php\\\/2021\\\/12\\\/01\\\/jutros-opljackao-ljekarnu-i-kladionicu-policija-ga-prepoznala-po-tenisicama\\\/#primaryimage\"},\"image\":{\"@id\":\"https:\\\/\\\/radioljubuski.ba\\\/index.php\\\/2021\\\/12\\\/01\\\/jutros-opljackao-ljekarnu-i-kladionicu-policija-ga-prepoznala-po-tenisicama\\\/#primaryimage\"},\"thumbnailUrl\":\"https:\\\/\\\/radioljubuski.ba\\\/wp-content\\\/uploads\\\/2021\\\/12\\\/Narancaste-tene.jpg\",\"datePublished\":\"2021-12-01T21:58:33+00:00\",\"dateModified\":\"2021-12-01T21:58:34+00:00\",\"breadcrumb\":{\"@id\":\"https:\\\/\\\/radioljubuski.ba\\\/index.php\\\/2021\\\/12\\\/01\\\/jutros-opljackao-ljekarnu-i-kladionicu-policija-ga-prepoznala-po-tenisicama\\\/#breadcrumb\"},\"inLanguage\":\"hr\",\"potentialAction\":[{\"@type\":\"ReadAction\",\"target\":[\"https:\\\/\\\/radioljubuski.ba\\\/index.php\\\/2021\\\/12\\\/01\\\/jutros-opljackao-ljekarnu-i-kladionicu-policija-ga-prepoznala-po-tenisicama\\\/\"]}]},{\"@type\":\"ImageObject\",\"inLanguage\":\"hr\",\"@id\":\"https:\\\/\\\/radioljubuski.ba\\\/index.php\\\/2021\\\/12\\\/01\\\/jutros-opljackao-ljekarnu-i-kladionicu-policija-ga-prepoznala-po-tenisicama\\\/#primaryimage\",\"url\":\"https:\\\/\\\/radioljubuski.ba\\\/wp-content\\\/uploads\\\/2021\\\/12\\\/Narancaste-tene.jpg\",\"contentUrl\":\"https:\\\/\\\/radioljubuski.ba\\\/wp-content\\\/uploads\\\/2021\\\/12\\\/Narancaste-tene.jpg\",\"width\":1280,\"height\":880},{\"@type\":\"BreadcrumbList\",\"@id\":\"https:\\\/\\\/radioljubuski.ba\\\/index.php\\\/2021\\\/12\\\/01\\\/jutros-opljackao-ljekarnu-i-kladionicu-policija-ga-prepoznala-po-tenisicama\\\/#breadcrumb\",\"itemListElement\":[{\"@type\":\"ListItem\",\"position\":1,\"name\":\"Po\u010detna stranica\",\"item\":\"https:\\\/\\\/radioljubuski.ba\\\/\"},{\"@type\":\"ListItem\",\"position\":2,\"name\":\"Jutros oplja\u010dkao ljekarnu i kladionicu, policija ga prepoznala po tenisicama\"}]},{\"@type\":\"WebSite\",\"@id\":\"https:\\\/\\\/radioljubuski.ba\\\/#website\",\"url\":\"https:\\\/\\\/radioljubuski.ba\\\/\",\"name\":\"Radio Ljubu\u0161ki\",\"description\":\"Sun\u010dana frekvencija Hercegovine\",\"publisher\":{\"@id\":\"https:\\\/\\\/radioljubuski.ba\\\/#organization\"},\"potentialAction\":[{\"@type\":\"SearchAction\",\"target\":{\"@type\":\"EntryPoint\",\"urlTemplate\":\"https:\\\/\\\/radioljubuski.ba\\\/?s={search_term_string}\"},\"query-input\":{\"@type\":\"PropertyValueSpecification\",\"valueRequired\":true,\"valueName\":\"search_term_string\"}}],\"inLanguage\":\"hr\"},{\"@type\":\"Organization\",\"@id\":\"https:\\\/\\\/radioljubuski.ba\\\/#organization\",\"name\":\"Radio Ljubu\u0161ki\",\"url\":\"https:\\\/\\\/radioljubuski.ba\\\/\",\"logo\":{\"@type\":\"ImageObject\",\"inLanguage\":\"hr\",\"@id\":\"https:\\\/\\\/radioljubuski.ba\\\/#\\\/schema\\\/logo\\\/image\\\/\",\"url\":\"https:\\\/\\\/radioljubuski.ba\\\/wp-content\\\/uploads\\\/2021\\\/02\\\/cropped-Radio_Ljubuski_logo1.jpg\",\"contentUrl\":\"https:\\\/\\\/radioljubuski.ba\\\/wp-content\\\/uploads\\\/2021\\\/02\\\/cropped-Radio_Ljubuski_logo1.jpg\",\"width\":512,\"height\":512,\"caption\":\"Radio Ljubu\u0161ki\"},\"image\":{\"@id\":\"https:\\\/\\\/radioljubuski.ba\\\/#\\\/schema\\\/logo\\\/image\\\/\"},\"sameAs\":[\"https:\\\/\\\/www.facebook.com\\\/Radiio-Ljubuski-1490835324566332\",\"https:\\\/\\\/x.com\\\/radioljubuski\",\"https:\\\/\\\/hr.linkedin.com\\\/company\\\/radio-ljubuski\",\"https:\\\/\\\/www.youtube.com\\\/channel\\\/UCHYaeO_n0Db3tjNGudGpXyw\"]},{\"@type\":\"Person\",\"@id\":\"https:\\\/\\\/radioljubuski.ba\\\/#\\\/schema\\\/person\\\/19fc700381a780f69665d7956c469e3b\",\"name\":\"Radio Ljubu\u0161ki\"}]}<\/script>\n<!-- \/ Yoast SEO plugin. -->","yoast_head_json":{"title":"Jutros oplja\u010dkao ljekarnu i kladionicu, policija ga prepoznala po tenisicama - RADIO LJUBU\u0160KI","robots":{"index":"index","follow":"follow","max-snippet":"max-snippet:-1","max-image-preview":"max-image-preview:large","max-video-preview":"max-video-preview:-1"},"canonical":"https:\/\/radioljubuski.ba\/index.php\/2021\/12\/01\/jutros-opljackao-ljekarnu-i-kladionicu-policija-ga-prepoznala-po-tenisicama\/","og_locale":"hr_HR","og_type":"article","og_title":"Jutros oplja\u010dkao ljekarnu i kladionicu, policija ga prepoznala po tenisicama - RADIO LJUBU\u0160KI","og_description":"Mostarski policajci danas su, kako saznaje&nbsp;Avaz, brzom intervencijom prona\u0161li i uhitili &nbsp;Z. P. (22), koji je &nbsp;u prijepodnevnim satima po\u010dinio dva razbojni\u0161tva. On je maskiran i naoru\u017ean no\u017eem upao u ljekarnu kod Carinskog mosta gdje je uz prijetnju no\u017eem od uposlenice uzeo novac te pobjegao skuterom, a potom je to isto u\u010dinio u kladionioci u [&hellip;]","og_url":"https:\/\/radioljubuski.ba\/index.php\/2021\/12\/01\/jutros-opljackao-ljekarnu-i-kladionicu-policija-ga-prepoznala-po-tenisicama\/","og_site_name":"RADIO LJUBU\u0160KI","article_publisher":"https:\/\/www.facebook.com\/Radiio-Ljubuski-1490835324566332","article_published_time":"2021-12-01T21:58:33+00:00","article_modified_time":"2021-12-01T21:58:34+00:00","og_image":[{"width":1280,"height":880,"url":"https:\/\/radioljubuski.ba\/wp-content\/uploads\/2021\/12\/Narancaste-tene.jpg","type":"image\/jpeg"}],"author":"Radio Ljubu\u0161ki","twitter_card":"summary_large_image","twitter_creator":"@radioljubuski","twitter_site":"@radioljubuski","twitter_misc":{"Napisao\/la":"Radio Ljubu\u0161ki","Procijenjeno vrijeme \u010ditanja":"1 minuta"},"schema":{"@context":"https:\/\/schema.org","@graph":[{"@type":"Article","@id":"https:\/\/radioljubuski.ba\/index.php\/2021\/12\/01\/jutros-opljackao-ljekarnu-i-kladionicu-policija-ga-prepoznala-po-tenisicama\/#article","isPartOf":{"@id":"https:\/\/radioljubuski.ba\/index.php\/2021\/12\/01\/jutros-opljackao-ljekarnu-i-kladionicu-policija-ga-prepoznala-po-tenisicama\/"},"author":{"name":"Radio Ljubu\u0161ki","@id":"https:\/\/radioljubuski.ba\/#\/schema\/person\/19fc700381a780f69665d7956c469e3b"},"headline":"Jutros oplja\u010dkao ljekarnu i kladionicu, policija ga prepoznala po tenisicama","datePublished":"2021-12-01T21:58:33+00:00","dateModified":"2021-12-01T21:58:34+00:00","mainEntityOfPage":{"@id":"https:\/\/radioljubuski.ba\/index.php\/2021\/12\/01\/jutros-opljackao-ljekarnu-i-kladionicu-policija-ga-prepoznala-po-tenisicama\/"},"wordCount":167,"publisher":{"@id":"https:\/\/radioljubuski.ba\/#organization"},"image":{"@id":"https:\/\/radioljubuski.ba\/index.php\/2021\/12\/01\/jutros-opljackao-ljekarnu-i-kladionicu-policija-ga-prepoznala-po-tenisicama\/#primaryimage"},"thumbnailUrl":"https:\/\/radioljubuski.ba\/wp-content\/uploads\/2021\/12\/Narancaste-tene.jpg","articleSection":["BIH i regija"],"inLanguage":"hr"},{"@type":"WebPage","@id":"https:\/\/radioljubuski.ba\/index.php\/2021\/12\/01\/jutros-opljackao-ljekarnu-i-kladionicu-policija-ga-prepoznala-po-tenisicama\/","url":"https:\/\/radioljubuski.ba\/index.php\/2021\/12\/01\/jutros-opljackao-ljekarnu-i-kladionicu-policija-ga-prepoznala-po-tenisicama\/","name":"Jutros oplja\u010dkao ljekarnu i kladionicu, policija ga prepoznala po tenisicama - RADIO LJUBU\u0160KI","isPartOf":{"@id":"https:\/\/radioljubuski.ba\/#website"},"primaryImageOfPage":{"@id":"https:\/\/radioljubuski.ba\/index.php\/2021\/12\/01\/jutros-opljackao-ljekarnu-i-kladionicu-policija-ga-prepoznala-po-tenisicama\/#primaryimage"},"image":{"@id":"https:\/\/radioljubuski.ba\/index.php\/2021\/12\/01\/jutros-opljackao-ljekarnu-i-kladionicu-policija-ga-prepoznala-po-tenisicama\/#primaryimage"},"thumbnailUrl":"https:\/\/radioljubuski.ba\/wp-content\/uploads\/2021\/12\/Narancaste-tene.jpg","datePublished":"2021-12-01T21:58:33+00:00","dateModified":"2021-12-01T21:58:34+00:00","breadcrumb":{"@id":"https:\/\/radioljubuski.ba\/index.php\/2021\/12\/01\/jutros-opljackao-ljekarnu-i-kladionicu-policija-ga-prepoznala-po-tenisicama\/#breadcrumb"},"inLanguage":"hr","potentialAction":[{"@type":"ReadAction","target":["https:\/\/radioljubuski.ba\/index.php\/2021\/12\/01\/jutros-opljackao-ljekarnu-i-kladionicu-policija-ga-prepoznala-po-tenisicama\/"]}]},{"@type":"ImageObject","inLanguage":"hr","@id":"https:\/\/radioljubuski.ba\/index.php\/2021\/12\/01\/jutros-opljackao-ljekarnu-i-kladionicu-policija-ga-prepoznala-po-tenisicama\/#primaryimage","url":"https:\/\/radioljubuski.ba\/wp-content\/uploads\/2021\/12\/Narancaste-tene.jpg","contentUrl":"https:\/\/radioljubuski.ba\/wp-content\/uploads\/2021\/12\/Narancaste-tene.jpg","width":1280,"height":880},{"@type":"BreadcrumbList","@id":"https:\/\/radioljubuski.ba\/index.php\/2021\/12\/01\/jutros-opljackao-ljekarnu-i-kladionicu-policija-ga-prepoznala-po-tenisicama\/#breadcrumb","itemListElement":[{"@type":"ListItem","position":1,"name":"Po\u010detna stranica","item":"https:\/\/radioljubuski.ba\/"},{"@type":"ListItem","position":2,"name":"Jutros oplja\u010dkao ljekarnu i kladionicu, policija ga prepoznala po tenisicama"}]},{"@type":"WebSite","@id":"https:\/\/radioljubuski.ba\/#website","url":"https:\/\/radioljubuski.ba\/","name":"Radio Ljubu\u0161ki","description":"Sun\u010dana frekvencija Hercegovine","publisher":{"@id":"https:\/\/radioljubuski.ba\/#organization"},"potentialAction":[{"@type":"SearchAction","target":{"@type":"EntryPoint","urlTemplate":"https:\/\/radioljubuski.ba\/?s={search_term_string}"},"query-input":{"@type":"PropertyValueSpecification","valueRequired":true,"valueName":"search_term_string"}}],"inLanguage":"hr"},{"@type":"Organization","@id":"https:\/\/radioljubuski.ba\/#organization","name":"Radio Ljubu\u0161ki","url":"https:\/\/radioljubuski.ba\/","logo":{"@type":"ImageObject","inLanguage":"hr","@id":"https:\/\/radioljubuski.ba\/#\/schema\/logo\/image\/","url":"https:\/\/radioljubuski.ba\/wp-content\/uploads\/2021\/02\/cropped-Radio_Ljubuski_logo1.jpg","contentUrl":"https:\/\/radioljubuski.ba\/wp-content\/uploads\/2021\/02\/cropped-Radio_Ljubuski_logo1.jpg","width":512,"height":512,"caption":"Radio Ljubu\u0161ki"},"image":{"@id":"https:\/\/radioljubuski.ba\/#\/schema\/logo\/image\/"},"sameAs":["https:\/\/www.facebook.com\/Radiio-Ljubuski-1490835324566332","https:\/\/x.com\/radioljubuski","https:\/\/hr.linkedin.com\/company\/radio-ljubuski","https:\/\/www.youtube.com\/channel\/UCHYaeO_n0Db3tjNGudGpXyw"]},{"@type":"Person","@id":"https:\/\/radioljubuski.ba\/#\/schema\/person\/19fc700381a780f69665d7956c469e3b","name":"Radio Ljubu\u0161ki"}]}},"_links":{"self":[{"href":"https:\/\/radioljubuski.ba\/index.php\/wp-json\/wp\/v2\/posts\/94897","targetHints":{"allow":["GET"]}}],"collection":[{"href":"https:\/\/radioljubuski.ba\/index.php\/wp-json\/wp\/v2\/posts"}],"about":[{"href":"https:\/\/radioljubuski.ba\/index.php\/wp-json\/wp\/v2\/types\/post"}],"author":[{"embeddable":true,"href":"https:\/\/radioljubuski.ba\/index.php\/wp-json\/wp\/v2\/users\/2"}],"replies":[{"embeddable":true,"href":"https:\/\/radioljubuski.ba\/index.php\/wp-json\/wp\/v2\/comments?post=94897"}],"version-history":[{"count":1,"href":"https:\/\/radioljubuski.ba\/index.php\/wp-json\/wp\/v2\/posts\/94897\/revisions"}],"predecessor-version":[{"id":94899,"href":"https:\/\/radioljubuski.ba\/index.php\/wp-json\/wp\/v2\/posts\/94897\/revisions\/94899"}],"wp:featuredmedia":[{"embeddable":true,"href":"https:\/\/radioljubuski.ba\/index.php\/wp-json\/wp\/v2\/media\/94898"}],"wp:attachment":[{"href":"https:\/\/radioljubuski.ba\/index.php\/wp-json\/wp\/v2\/media?parent=94897"}],"wp:term":[{"taxonomy":"category","embeddable":true,"href":"https:\/\/radioljubuski.ba\/index.php\/wp-json\/wp\/v2\/categories?post=94897"},{"taxonomy":"post_tag","embeddable":true,"href":"https:\/\/radioljubuski.ba\/index.php\/wp-json\/wp\/v2\/tags?post=94897"}],"curies":[{"name":"wp","href":"https:\/\/api.w.org\/{rel}","templated":true}]}}