{"id":94919,"date":"2021-12-01T23:11:02","date_gmt":"2021-12-01T22:11:02","guid":{"rendered":"https:\/\/radioljubuski.ba\/?p=94919"},"modified":"2021-12-01T23:11:02","modified_gmt":"2021-12-01T22:11:02","slug":"warholm-i-thompson-herah-atleticari-godine","status":"publish","type":"post","link":"https:\/\/radioljubuski.ba\/index.php\/2021\/12\/01\/warholm-i-thompson-herah-atleticari-godine\/","title":{"rendered":"Warholm i Thompson-Herah atleti\u010dari godine"},"content":{"rendered":"\n<p><strong>Olimpijski pobjednici Jamaj\u010danka Elaine Thompson-Herah i Norve\u017eanin Karsten Warholm progla\u0161eni su najboljim atleti\u010darima godine u izboru Me\u0111unarodne atletske federacije (World Athletics) na virtualnoj sve\u010danosti koja je odr\u017eana u srijedu.<\/strong><\/p>\n\n\n\n<p>Sjajna Jamaj\u010danka je ove godine osvojila tri zlatne medalje na Olimpijskim igrama u Tokiju pobjediv\u0161i u utrkama na 100 i 200 meetara, te kao \u010dlanica \u0161tafete 4x100m. Tako\u0111er, ove godine je istr\u010dala druge najbolje rezultate svih vremena na&nbsp; 100 (10.54) i 200 m ( 21.53).<br>Warholm je pak ove godine u srpnju na mitingu u Oslu postavio novi svjetski rekord na 400m s preponama 46.70, da bi na OI u Tokiju prema\u0161io sva o\u010dekivanja osvojiv\u0161i zlato s novim svjetskim rekordom, nevjerojatnim rezultatom 45.94.<br><br>&#8211; Sretan sam zbog ove nagrade, rekao je Warholm prisjetiv\u0161i se Tokija.<br><br>&#8211; Kada sam vidio rezultat utrke u Tokiju, pomislio sam da je to pogre\u0161ka. Bila je to vrlo intenzivna utrka, znao sam da svi ostali de\u010dki stvarno jure. Nikad ne znam \u0161to se doga\u0111a iza mene. Samo sam se borio sve do cilja. Kad sam shvatio da je 45.94 stvarnost, pomislio sam:&#8217;Ovo nije tako lo\u0161e, kazao je 25-godi\u0161nji Norve\u017eanin.<br><br>Thompson-Herah je bila blizu svjetskog rekorda, ali ove godine nije uspjela.<br><br>&#8211; Bila sam vrlo blizu svjetskom rekordu, sve je mogu\u0107e. Ne mislim \u0161printerice objesiti o klin, dodala je 29-godi\u0161nja Jama\u010danjka.<br><br>&#8211; Svjetsko prvenstvo u Oregonu definitivno je moja sljede\u0107a velika meta. Blizu je ku\u0107e, nadam se da \u0107e me prijatelji i obitelj mo\u0107i gledati. To se nije moglo dogoditi u Tokiju, ali nadam se da \u0107u u Eugeneu mo\u0107i pozvati svoje prijatelje i obitelj da do\u0111u i bodre me, dodala je.<br><br>Nagradu za \u017eensku zvijezdu u usponu dobila je 19-godi\u0161nja Amerikanka Athing Mu koja je bila nepora\u017eena na 800 metara cijele godine, a u Tokiju je osvojila i zlatnu medalju.<br><br>&#8211; Ova nagrada pokazuje svim mladim djevojkama da se va\u0161i snovi zaista mogu ostvariti, poru\u010dila je.<br><br>Mu\u0161ka zvijezda u usponu je 17-godi\u0161nji ameri\u010dki sprinter Erriyon Knighton, svjetski U-18 i U-20 rekorder na 200 metara s rezultatom 19.84.<br><br>&#8211; Zaista sam zahvalan na ovoj nagradi, rekao je Knighton.<br><br>&#8211; Jedan od mojih najupe\u010datljivijih trenutaka ove godine je ulazak u finale olimpijskih igra u Tokiju i osvajanje \u010detvrtog mjesta na 200 metara, poru\u010dio je.<br><br>Nagradu za trenerska postignu\u0107a dobio je Bobby Kersee.<br><br>Ameri\u010dki trener je vodio karijere mnogih legendarnih sporta\u0161a tijekom godina, ali ove godine dvije njegove &#8220;u\u010denice&#8221; u\u0161le su u povijest. Allyson Felix postala je najodlikovanija olimpijka u povijesti atletike nakon \u0161to je osvojila svoje 10. i 11. olimpijsko odli\u010dje u Tokiju, dok je Sydney McLaughlin oborila dva svjetska rekorda na 400 metara s preponama i osvojila olimpijsko zlato u toj disciplini.<br><br>Felix sada ima sedam olimpijskih zlata, tri srebra i jednu broncu. Ispred nje je po broju atletskih medalja ostao jo\u0161 samo Paavo Nurmi sa 12 medalja.<br><br>Predsjednik World Athletic<strong>&nbsp;Sebastian Coe&nbsp;<\/strong>\u010destitao je svim pobjednicima i finalistima na izvanrednim ovogodi\u0161njim postignu\u0107ima.<br><br>&#8211; Ove smo godine proslavili neke zapanjuju\u0107e nastupe u Tokiju, na Svjetskom atletskom prvenstvu do 20 godina u Nairobiju i kroz na\u0161e jednodnevne mitinge &#8211; Wanda Diamond League i Continental Tour. Stoga nam je drago prepoznati neke od na\u0161ih zvijezde na ve\u010dera\u0161njoj dodjeli. Kao sport, mi smo u nevjerojatno jakoj poziciji. Ovo je bila izvrsna godina. U\u010dvrstili smo svoju poziciju olimpijskog sporta broj 1. Hvala svim na\u0161im sporta\u0161ima diljem svijeta. Veselim se \u0161to \u0107u gledati \u0161to sve mo\u017eete u\u010diniti 2022. godine, poru\u010dio je Coe.<\/p>\n\n\n\n<p>Izvor:hrt.hr<\/p>\n","protected":false},"excerpt":{"rendered":"<p>Olimpijski pobjednici Jamaj\u010danka Elaine Thompson-Herah i Norve\u017eanin Karsten Warholm progla\u0161eni su najboljim atleti\u010darima godine u izboru Me\u0111unarodne atletske federacije (World Athletics) na virtualnoj sve\u010danosti koja je odr\u017eana u srijedu. Sjajna Jamaj\u010danka je ove godine osvojila tri zlatne medalje na Olimpijskim igrama u Tokiju pobjediv\u0161i u utrkama na 100 i 200 meetara, te kao \u010dlanica \u0161tafete [&hellip;]<\/p>\n","protected":false},"author":2,"featured_media":94920,"comment_status":"closed","ping_status":"closed","sticky":false,"template":"","format":"standard","meta":{"h5ap_radio_sources":[],"footnotes":""},"categories":[7],"tags":[],"class_list":["post-94919","post","type-post","status-publish","format-standard","has-post-thumbnail","hentry","category-sport"],"yoast_head":"<!-- This site is optimized with the Yoast SEO plugin v27.4 - https:\/\/yoast.com\/product\/yoast-seo-wordpress\/ -->\n<title>Warholm i Thompson-Herah atleti\u010dari godine - RADIO LJUBU\u0160KI<\/title>\n<meta name=\"robots\" content=\"index, follow, max-snippet:-1, max-image-preview:large, max-video-preview:-1\" \/>\n<link rel=\"canonical\" href=\"https:\/\/radioljubuski.ba\/index.php\/2021\/12\/01\/warholm-i-thompson-herah-atleticari-godine\/\" \/>\n<meta property=\"og:locale\" content=\"hr_HR\" \/>\n<meta property=\"og:type\" content=\"article\" \/>\n<meta property=\"og:title\" content=\"Warholm i Thompson-Herah atleti\u010dari godine - RADIO LJUBU\u0160KI\" \/>\n<meta property=\"og:description\" content=\"Olimpijski pobjednici Jamaj\u010danka Elaine Thompson-Herah i Norve\u017eanin Karsten Warholm progla\u0161eni su najboljim atleti\u010darima godine u izboru Me\u0111unarodne atletske federacije (World Athletics) na virtualnoj sve\u010danosti koja je odr\u017eana u srijedu. Sjajna Jamaj\u010danka je ove godine osvojila tri zlatne medalje na Olimpijskim igrama u Tokiju pobjediv\u0161i u utrkama na 100 i 200 meetara, te kao \u010dlanica \u0161tafete [&hellip;]\" \/>\n<meta property=\"og:url\" content=\"https:\/\/radioljubuski.ba\/index.php\/2021\/12\/01\/warholm-i-thompson-herah-atleticari-godine\/\" \/>\n<meta property=\"og:site_name\" content=\"RADIO LJUBU\u0160KI\" \/>\n<meta property=\"article:publisher\" content=\"https:\/\/www.facebook.com\/Radiio-Ljubuski-1490835324566332\" \/>\n<meta property=\"article:published_time\" content=\"2021-12-01T22:11:02+00:00\" \/>\n<meta property=\"og:image\" content=\"https:\/\/radioljubuski.ba\/wp-content\/uploads\/2021\/12\/preuzmi.jpg\" \/>\n\t<meta property=\"og:image:width\" content=\"275\" \/>\n\t<meta property=\"og:image:height\" content=\"183\" \/>\n\t<meta property=\"og:image:type\" content=\"image\/jpeg\" \/>\n<meta name=\"author\" content=\"Radio Ljubu\u0161ki\" \/>\n<meta name=\"twitter:card\" content=\"summary_large_image\" \/>\n<meta name=\"twitter:creator\" content=\"@radioljubuski\" \/>\n<meta name=\"twitter:site\" content=\"@radioljubuski\" \/>\n<meta name=\"twitter:label1\" content=\"Napisao\/la\" \/>\n\t<meta name=\"twitter:data1\" content=\"Radio Ljubu\u0161ki\" \/>\n\t<meta name=\"twitter:label2\" content=\"Procijenjeno vrijeme \u010ditanja\" \/>\n\t<meta name=\"twitter:data2\" content=\"3 minute\" \/>\n<script type=\"application\/ld+json\" class=\"yoast-schema-graph\">{\"@context\":\"https:\\\/\\\/schema.org\",\"@graph\":[{\"@type\":\"Article\",\"@id\":\"https:\\\/\\\/radioljubuski.ba\\\/index.php\\\/2021\\\/12\\\/01\\\/warholm-i-thompson-herah-atleticari-godine\\\/#article\",\"isPartOf\":{\"@id\":\"https:\\\/\\\/radioljubuski.ba\\\/index.php\\\/2021\\\/12\\\/01\\\/warholm-i-thompson-herah-atleticari-godine\\\/\"},\"author\":{\"name\":\"Radio Ljubu\u0161ki\",\"@id\":\"https:\\\/\\\/radioljubuski.ba\\\/#\\\/schema\\\/person\\\/19fc700381a780f69665d7956c469e3b\"},\"headline\":\"Warholm i Thompson-Herah atleti\u010dari godine\",\"datePublished\":\"2021-12-01T22:11:02+00:00\",\"mainEntityOfPage\":{\"@id\":\"https:\\\/\\\/radioljubuski.ba\\\/index.php\\\/2021\\\/12\\\/01\\\/warholm-i-thompson-herah-atleticari-godine\\\/\"},\"wordCount\":610,\"publisher\":{\"@id\":\"https:\\\/\\\/radioljubuski.ba\\\/#organization\"},\"image\":{\"@id\":\"https:\\\/\\\/radioljubuski.ba\\\/index.php\\\/2021\\\/12\\\/01\\\/warholm-i-thompson-herah-atleticari-godine\\\/#primaryimage\"},\"thumbnailUrl\":\"https:\\\/\\\/radioljubuski.ba\\\/wp-content\\\/uploads\\\/2021\\\/12\\\/preuzmi.jpg\",\"articleSection\":[\"\u0160port\"],\"inLanguage\":\"hr\"},{\"@type\":\"WebPage\",\"@id\":\"https:\\\/\\\/radioljubuski.ba\\\/index.php\\\/2021\\\/12\\\/01\\\/warholm-i-thompson-herah-atleticari-godine\\\/\",\"url\":\"https:\\\/\\\/radioljubuski.ba\\\/index.php\\\/2021\\\/12\\\/01\\\/warholm-i-thompson-herah-atleticari-godine\\\/\",\"name\":\"Warholm i Thompson-Herah atleti\u010dari godine - RADIO LJUBU\u0160KI\",\"isPartOf\":{\"@id\":\"https:\\\/\\\/radioljubuski.ba\\\/#website\"},\"primaryImageOfPage\":{\"@id\":\"https:\\\/\\\/radioljubuski.ba\\\/index.php\\\/2021\\\/12\\\/01\\\/warholm-i-thompson-herah-atleticari-godine\\\/#primaryimage\"},\"image\":{\"@id\":\"https:\\\/\\\/radioljubuski.ba\\\/index.php\\\/2021\\\/12\\\/01\\\/warholm-i-thompson-herah-atleticari-godine\\\/#primaryimage\"},\"thumbnailUrl\":\"https:\\\/\\\/radioljubuski.ba\\\/wp-content\\\/uploads\\\/2021\\\/12\\\/preuzmi.jpg\",\"datePublished\":\"2021-12-01T22:11:02+00:00\",\"breadcrumb\":{\"@id\":\"https:\\\/\\\/radioljubuski.ba\\\/index.php\\\/2021\\\/12\\\/01\\\/warholm-i-thompson-herah-atleticari-godine\\\/#breadcrumb\"},\"inLanguage\":\"hr\",\"potentialAction\":[{\"@type\":\"ReadAction\",\"target\":[\"https:\\\/\\\/radioljubuski.ba\\\/index.php\\\/2021\\\/12\\\/01\\\/warholm-i-thompson-herah-atleticari-godine\\\/\"]}]},{\"@type\":\"ImageObject\",\"inLanguage\":\"hr\",\"@id\":\"https:\\\/\\\/radioljubuski.ba\\\/index.php\\\/2021\\\/12\\\/01\\\/warholm-i-thompson-herah-atleticari-godine\\\/#primaryimage\",\"url\":\"https:\\\/\\\/radioljubuski.ba\\\/wp-content\\\/uploads\\\/2021\\\/12\\\/preuzmi.jpg\",\"contentUrl\":\"https:\\\/\\\/radioljubuski.ba\\\/wp-content\\\/uploads\\\/2021\\\/12\\\/preuzmi.jpg\",\"width\":275,\"height\":183},{\"@type\":\"BreadcrumbList\",\"@id\":\"https:\\\/\\\/radioljubuski.ba\\\/index.php\\\/2021\\\/12\\\/01\\\/warholm-i-thompson-herah-atleticari-godine\\\/#breadcrumb\",\"itemListElement\":[{\"@type\":\"ListItem\",\"position\":1,\"name\":\"Po\u010detna stranica\",\"item\":\"https:\\\/\\\/radioljubuski.ba\\\/\"},{\"@type\":\"ListItem\",\"position\":2,\"name\":\"Warholm i Thompson-Herah atleti\u010dari godine\"}]},{\"@type\":\"WebSite\",\"@id\":\"https:\\\/\\\/radioljubuski.ba\\\/#website\",\"url\":\"https:\\\/\\\/radioljubuski.ba\\\/\",\"name\":\"Radio Ljubu\u0161ki\",\"description\":\"Sun\u010dana frekvencija Hercegovine\",\"publisher\":{\"@id\":\"https:\\\/\\\/radioljubuski.ba\\\/#organization\"},\"potentialAction\":[{\"@type\":\"SearchAction\",\"target\":{\"@type\":\"EntryPoint\",\"urlTemplate\":\"https:\\\/\\\/radioljubuski.ba\\\/?s={search_term_string}\"},\"query-input\":{\"@type\":\"PropertyValueSpecification\",\"valueRequired\":true,\"valueName\":\"search_term_string\"}}],\"inLanguage\":\"hr\"},{\"@type\":\"Organization\",\"@id\":\"https:\\\/\\\/radioljubuski.ba\\\/#organization\",\"name\":\"Radio Ljubu\u0161ki\",\"url\":\"https:\\\/\\\/radioljubuski.ba\\\/\",\"logo\":{\"@type\":\"ImageObject\",\"inLanguage\":\"hr\",\"@id\":\"https:\\\/\\\/radioljubuski.ba\\\/#\\\/schema\\\/logo\\\/image\\\/\",\"url\":\"https:\\\/\\\/radioljubuski.ba\\\/wp-content\\\/uploads\\\/2021\\\/02\\\/cropped-Radio_Ljubuski_logo1.jpg\",\"contentUrl\":\"https:\\\/\\\/radioljubuski.ba\\\/wp-content\\\/uploads\\\/2021\\\/02\\\/cropped-Radio_Ljubuski_logo1.jpg\",\"width\":512,\"height\":512,\"caption\":\"Radio Ljubu\u0161ki\"},\"image\":{\"@id\":\"https:\\\/\\\/radioljubuski.ba\\\/#\\\/schema\\\/logo\\\/image\\\/\"},\"sameAs\":[\"https:\\\/\\\/www.facebook.com\\\/Radiio-Ljubuski-1490835324566332\",\"https:\\\/\\\/x.com\\\/radioljubuski\",\"https:\\\/\\\/hr.linkedin.com\\\/company\\\/radio-ljubuski\",\"https:\\\/\\\/www.youtube.com\\\/channel\\\/UCHYaeO_n0Db3tjNGudGpXyw\"]},{\"@type\":\"Person\",\"@id\":\"https:\\\/\\\/radioljubuski.ba\\\/#\\\/schema\\\/person\\\/19fc700381a780f69665d7956c469e3b\",\"name\":\"Radio Ljubu\u0161ki\"}]}<\/script>\n<!-- \/ Yoast SEO plugin. -->","yoast_head_json":{"title":"Warholm i Thompson-Herah atleti\u010dari godine - RADIO LJUBU\u0160KI","robots":{"index":"index","follow":"follow","max-snippet":"max-snippet:-1","max-image-preview":"max-image-preview:large","max-video-preview":"max-video-preview:-1"},"canonical":"https:\/\/radioljubuski.ba\/index.php\/2021\/12\/01\/warholm-i-thompson-herah-atleticari-godine\/","og_locale":"hr_HR","og_type":"article","og_title":"Warholm i Thompson-Herah atleti\u010dari godine - RADIO LJUBU\u0160KI","og_description":"Olimpijski pobjednici Jamaj\u010danka Elaine Thompson-Herah i Norve\u017eanin Karsten Warholm progla\u0161eni su najboljim atleti\u010darima godine u izboru Me\u0111unarodne atletske federacije (World Athletics) na virtualnoj sve\u010danosti koja je odr\u017eana u srijedu. Sjajna Jamaj\u010danka je ove godine osvojila tri zlatne medalje na Olimpijskim igrama u Tokiju pobjediv\u0161i u utrkama na 100 i 200 meetara, te kao \u010dlanica \u0161tafete [&hellip;]","og_url":"https:\/\/radioljubuski.ba\/index.php\/2021\/12\/01\/warholm-i-thompson-herah-atleticari-godine\/","og_site_name":"RADIO LJUBU\u0160KI","article_publisher":"https:\/\/www.facebook.com\/Radiio-Ljubuski-1490835324566332","article_published_time":"2021-12-01T22:11:02+00:00","og_image":[{"width":275,"height":183,"url":"https:\/\/radioljubuski.ba\/wp-content\/uploads\/2021\/12\/preuzmi.jpg","type":"image\/jpeg"}],"author":"Radio Ljubu\u0161ki","twitter_card":"summary_large_image","twitter_creator":"@radioljubuski","twitter_site":"@radioljubuski","twitter_misc":{"Napisao\/la":"Radio Ljubu\u0161ki","Procijenjeno vrijeme \u010ditanja":"3 minute"},"schema":{"@context":"https:\/\/schema.org","@graph":[{"@type":"Article","@id":"https:\/\/radioljubuski.ba\/index.php\/2021\/12\/01\/warholm-i-thompson-herah-atleticari-godine\/#article","isPartOf":{"@id":"https:\/\/radioljubuski.ba\/index.php\/2021\/12\/01\/warholm-i-thompson-herah-atleticari-godine\/"},"author":{"name":"Radio Ljubu\u0161ki","@id":"https:\/\/radioljubuski.ba\/#\/schema\/person\/19fc700381a780f69665d7956c469e3b"},"headline":"Warholm i Thompson-Herah atleti\u010dari godine","datePublished":"2021-12-01T22:11:02+00:00","mainEntityOfPage":{"@id":"https:\/\/radioljubuski.ba\/index.php\/2021\/12\/01\/warholm-i-thompson-herah-atleticari-godine\/"},"wordCount":610,"publisher":{"@id":"https:\/\/radioljubuski.ba\/#organization"},"image":{"@id":"https:\/\/radioljubuski.ba\/index.php\/2021\/12\/01\/warholm-i-thompson-herah-atleticari-godine\/#primaryimage"},"thumbnailUrl":"https:\/\/radioljubuski.ba\/wp-content\/uploads\/2021\/12\/preuzmi.jpg","articleSection":["\u0160port"],"inLanguage":"hr"},{"@type":"WebPage","@id":"https:\/\/radioljubuski.ba\/index.php\/2021\/12\/01\/warholm-i-thompson-herah-atleticari-godine\/","url":"https:\/\/radioljubuski.ba\/index.php\/2021\/12\/01\/warholm-i-thompson-herah-atleticari-godine\/","name":"Warholm i Thompson-Herah atleti\u010dari godine - RADIO LJUBU\u0160KI","isPartOf":{"@id":"https:\/\/radioljubuski.ba\/#website"},"primaryImageOfPage":{"@id":"https:\/\/radioljubuski.ba\/index.php\/2021\/12\/01\/warholm-i-thompson-herah-atleticari-godine\/#primaryimage"},"image":{"@id":"https:\/\/radioljubuski.ba\/index.php\/2021\/12\/01\/warholm-i-thompson-herah-atleticari-godine\/#primaryimage"},"thumbnailUrl":"https:\/\/radioljubuski.ba\/wp-content\/uploads\/2021\/12\/preuzmi.jpg","datePublished":"2021-12-01T22:11:02+00:00","breadcrumb":{"@id":"https:\/\/radioljubuski.ba\/index.php\/2021\/12\/01\/warholm-i-thompson-herah-atleticari-godine\/#breadcrumb"},"inLanguage":"hr","potentialAction":[{"@type":"ReadAction","target":["https:\/\/radioljubuski.ba\/index.php\/2021\/12\/01\/warholm-i-thompson-herah-atleticari-godine\/"]}]},{"@type":"ImageObject","inLanguage":"hr","@id":"https:\/\/radioljubuski.ba\/index.php\/2021\/12\/01\/warholm-i-thompson-herah-atleticari-godine\/#primaryimage","url":"https:\/\/radioljubuski.ba\/wp-content\/uploads\/2021\/12\/preuzmi.jpg","contentUrl":"https:\/\/radioljubuski.ba\/wp-content\/uploads\/2021\/12\/preuzmi.jpg","width":275,"height":183},{"@type":"BreadcrumbList","@id":"https:\/\/radioljubuski.ba\/index.php\/2021\/12\/01\/warholm-i-thompson-herah-atleticari-godine\/#breadcrumb","itemListElement":[{"@type":"ListItem","position":1,"name":"Po\u010detna stranica","item":"https:\/\/radioljubuski.ba\/"},{"@type":"ListItem","position":2,"name":"Warholm i Thompson-Herah atleti\u010dari godine"}]},{"@type":"WebSite","@id":"https:\/\/radioljubuski.ba\/#website","url":"https:\/\/radioljubuski.ba\/","name":"Radio Ljubu\u0161ki","description":"Sun\u010dana frekvencija Hercegovine","publisher":{"@id":"https:\/\/radioljubuski.ba\/#organization"},"potentialAction":[{"@type":"SearchAction","target":{"@type":"EntryPoint","urlTemplate":"https:\/\/radioljubuski.ba\/?s={search_term_string}"},"query-input":{"@type":"PropertyValueSpecification","valueRequired":true,"valueName":"search_term_string"}}],"inLanguage":"hr"},{"@type":"Organization","@id":"https:\/\/radioljubuski.ba\/#organization","name":"Radio Ljubu\u0161ki","url":"https:\/\/radioljubuski.ba\/","logo":{"@type":"ImageObject","inLanguage":"hr","@id":"https:\/\/radioljubuski.ba\/#\/schema\/logo\/image\/","url":"https:\/\/radioljubuski.ba\/wp-content\/uploads\/2021\/02\/cropped-Radio_Ljubuski_logo1.jpg","contentUrl":"https:\/\/radioljubuski.ba\/wp-content\/uploads\/2021\/02\/cropped-Radio_Ljubuski_logo1.jpg","width":512,"height":512,"caption":"Radio Ljubu\u0161ki"},"image":{"@id":"https:\/\/radioljubuski.ba\/#\/schema\/logo\/image\/"},"sameAs":["https:\/\/www.facebook.com\/Radiio-Ljubuski-1490835324566332","https:\/\/x.com\/radioljubuski","https:\/\/hr.linkedin.com\/company\/radio-ljubuski","https:\/\/www.youtube.com\/channel\/UCHYaeO_n0Db3tjNGudGpXyw"]},{"@type":"Person","@id":"https:\/\/radioljubuski.ba\/#\/schema\/person\/19fc700381a780f69665d7956c469e3b","name":"Radio Ljubu\u0161ki"}]}},"_links":{"self":[{"href":"https:\/\/radioljubuski.ba\/index.php\/wp-json\/wp\/v2\/posts\/94919","targetHints":{"allow":["GET"]}}],"collection":[{"href":"https:\/\/radioljubuski.ba\/index.php\/wp-json\/wp\/v2\/posts"}],"about":[{"href":"https:\/\/radioljubuski.ba\/index.php\/wp-json\/wp\/v2\/types\/post"}],"author":[{"embeddable":true,"href":"https:\/\/radioljubuski.ba\/index.php\/wp-json\/wp\/v2\/users\/2"}],"replies":[{"embeddable":true,"href":"https:\/\/radioljubuski.ba\/index.php\/wp-json\/wp\/v2\/comments?post=94919"}],"version-history":[{"count":1,"href":"https:\/\/radioljubuski.ba\/index.php\/wp-json\/wp\/v2\/posts\/94919\/revisions"}],"predecessor-version":[{"id":94921,"href":"https:\/\/radioljubuski.ba\/index.php\/wp-json\/wp\/v2\/posts\/94919\/revisions\/94921"}],"wp:featuredmedia":[{"embeddable":true,"href":"https:\/\/radioljubuski.ba\/index.php\/wp-json\/wp\/v2\/media\/94920"}],"wp:attachment":[{"href":"https:\/\/radioljubuski.ba\/index.php\/wp-json\/wp\/v2\/media?parent=94919"}],"wp:term":[{"taxonomy":"category","embeddable":true,"href":"https:\/\/radioljubuski.ba\/index.php\/wp-json\/wp\/v2\/categories?post=94919"},{"taxonomy":"post_tag","embeddable":true,"href":"https:\/\/radioljubuski.ba\/index.php\/wp-json\/wp\/v2\/tags?post=94919"}],"curies":[{"name":"wp","href":"https:\/\/api.w.org\/{rel}","templated":true}]}}