{"id":94925,"date":"2021-12-01T23:14:27","date_gmt":"2021-12-01T22:14:27","guid":{"rendered":"https:\/\/radioljubuski.ba\/?p=94925"},"modified":"2021-12-01T23:14:27","modified_gmt":"2021-12-01T22:14:27","slug":"jugasi-tesko-do-pobjede-u-bukurestu","status":"publish","type":"post","link":"https:\/\/radioljubuski.ba\/index.php\/2021\/12\/01\/jugasi-tesko-do-pobjede-u-bukurestu\/","title":{"rendered":"Juga\u0161i te\u0161ko do pobjede u Bukure\u0161tu"},"content":{"rendered":"\n<p><strong>U susretu 4. kola B skupine vaterpolske Lige prvaka Jug Adriatic osiguranje je u Bukure\u0161tu pobijedio Steauu sa 10-8 (5-2, 1-3, 1-1, 3-2) ostvariv\u0161i tre\u0107u pobjedu uz jedan poraz.<\/strong><\/p>\n\n\n\n<p>Pobjeda je ostvarena te\u017ee nego \u0161to se o\u010dekivalo, posebice nakon \u0161to je dubrova\u010dki sastav nakon prve \u010detvrtine vodio sa 5-2.<br><br>Nakon odli\u010dnih prvih osam minuta i sigurnog vodstva, uslijedio je nevjerojatan pad u igri i 14 minuta bez postignutog gola \u0161to su doma\u0107ini iskoristili i sa \u010detiri uzastopna gola stigli na 6-6. Doma\u0107in je imao i 7-7 po\u010detkom zadnje \u010detvrtine, no Jug AO je s dva gola u nizu poveo 9-7 i potom mirno zaklju\u010dio susret pobjedom 10-8.<br><br><strong>Maro Jokovi\u0107<\/strong>\u00a0bio je prvi strijelac Juga s tri postignuta gola,\u00a0<strong>Marin Tomasovi\u0107<\/strong>\u00a0i\u00a0<strong>Stylianos Argyropoulos\u00a0<\/strong>postigli su po dva dok su\u00a0<strong>Kostas Kakaris<\/strong>,\u00a0<strong>Hrvoje Beni\u0107<\/strong>\u00a0i\u00a0<strong>Marko \u017duvela<\/strong>\u00a0po jednom tresli mre\u017eu. Najbolji pojedinac utakmice\u00a0<strong>Toni Popadi\u0107<\/strong>\u00a0imao je 14 obrana.<br><br>U suparni\u010dkim redovima najefikasniji su bili<strong>\u00a0Tudor-Andrei Fulea<\/strong>\u00a0i\u00a0<strong>Vlad-Luca Georgescu<\/strong>\u00a0sa po tri gola.<\/p>\n\n\n\n<blockquote class=\"twitter-tweet\"><p lang=\"en\" dir=\"ltr\"><a href=\"https:\/\/twitter.com\/hashtag\/LENChampionsLeague?src=hash&amp;ref_src=twsrc%5Etfw\">#LENChampionsLeague<\/a> \ud83e\udd3d\u2642\ufe0f<br>\ud835\udde3\ud835\uddff\ud835\uddf2\ud835\uddf9\ud835\uddf6\ud835\uddfa\ud835\uddf6\ud835\uddfb\ud835\uddee\ud835\uddff\ud835\ude06 \ud835\udde5\ud835\uddfc\ud835\ude02\ud835\uddfb\ud835\uddf1 \ud835\uddd7\ud835\uddee\ud835\ude06 \ud835\udfec\ud835\udff0 &#8211; \ud835\uddda\ud835\uddff\ud835\uddfc\ud835\ude02\ud835\uddfd \ud835\uddd5<a href=\"https:\/\/twitter.com\/CSA_Steaua?ref_src=twsrc%5Etfw\">@CSA_Steaua<\/a> 8 \ud83c\udd9a 10 <a href=\"https:\/\/twitter.com\/VKJug?ref_src=twsrc%5Etfw\">@VKJug<\/a> <br>RESULTS: <a href=\"https:\/\/t.co\/6agIteAo10\">https:\/\/t.co\/6agIteAo10<\/a><a href=\"https:\/\/twitter.com\/hashtag\/LENaquatics?src=hash&amp;ref_src=twsrc%5Etfw\">#LENaquatics<\/a> <a href=\"https:\/\/twitter.com\/LENaquatics?ref_src=twsrc%5Etfw\">@LENaquatics<\/a> <a href=\"https:\/\/t.co\/f7zio9IObj\">pic.twitter.com\/f7zio9IObj<\/a><\/p>&mdash; LENChampionsleague (@LENchampions) <a href=\"https:\/\/twitter.com\/LENchampions\/status\/1466125652965396488?ref_src=twsrc%5Etfw\">December 1, 2021<\/a><\/blockquote> <script async src=\"https:\/\/platform.twitter.com\/widgets.js\" charset=\"utf-8\"><\/script>\n\n\n\n<p>&#8211; Po\u010deli smo utakmicu stvarno dobro, ali to se odnosi samo na prvu \u010detvrtinu. Preostale tri \u010detvrtine mi jednostavno nismo u\u010dinili ni\u0161ta od onoga \u0161to smo trebali i morali. Te tri \u010detvrtine mi smo apsolutno bili slabija mom\u010dad, te da nije bilo na\u0161eg vratara koji je imao izvanserijsku ve\u010der, mi bismo ovo izgubili, kazao je nakon susreta&nbsp;<strong>Vjekoslav Kobe\u0161\u0107ak<\/strong>, trener Jug Adriatic osiguranja.<br><br>Na ljestvici skupine vodi Pro Recco s devet bodova iz tri utakmice, dok Marseille i Jug AO tako\u0111er imaju po devet bodova, ali iz \u010detiri ogleda.<br><br>U sljede\u0107em kolu hrvatski sastav 15. prosinca gostuje u Beogradu kod Crvene zvezde.<\/p>\n\n\n\n<p>Izvor:hrt.hr<\/p>\n","protected":false},"excerpt":{"rendered":"<p>U susretu 4. kola B skupine vaterpolske Lige prvaka Jug Adriatic osiguranje je u Bukure\u0161tu pobijedio Steauu sa 10-8 (5-2, 1-3, 1-1, 3-2) ostvariv\u0161i tre\u0107u pobjedu uz jedan poraz. Pobjeda je ostvarena te\u017ee nego \u0161to se o\u010dekivalo, posebice nakon \u0161to je dubrova\u010dki sastav nakon prve \u010detvrtine vodio sa 5-2. Nakon odli\u010dnih prvih osam minuta i [&hellip;]<\/p>\n","protected":false},"author":2,"featured_media":94926,"comment_status":"closed","ping_status":"closed","sticky":false,"template":"","format":"standard","meta":{"h5ap_radio_sources":[],"footnotes":""},"categories":[7],"tags":[],"class_list":["post-94925","post","type-post","status-publish","format-standard","has-post-thumbnail","hentry","category-sport"],"yoast_head":"<!-- This site is optimized with the Yoast SEO plugin v27.4 - https:\/\/yoast.com\/product\/yoast-seo-wordpress\/ -->\n<title>Juga\u0161i te\u0161ko do pobjede u Bukure\u0161tu - RADIO LJUBU\u0160KI<\/title>\n<meta name=\"robots\" content=\"index, follow, max-snippet:-1, max-image-preview:large, max-video-preview:-1\" \/>\n<link rel=\"canonical\" href=\"https:\/\/radioljubuski.ba\/index.php\/2021\/12\/01\/jugasi-tesko-do-pobjede-u-bukurestu\/\" \/>\n<meta property=\"og:locale\" content=\"hr_HR\" \/>\n<meta property=\"og:type\" content=\"article\" \/>\n<meta property=\"og:title\" content=\"Juga\u0161i te\u0161ko do pobjede u Bukure\u0161tu - RADIO LJUBU\u0160KI\" \/>\n<meta property=\"og:description\" content=\"U susretu 4. kola B skupine vaterpolske Lige prvaka Jug Adriatic osiguranje je u Bukure\u0161tu pobijedio Steauu sa 10-8 (5-2, 1-3, 1-1, 3-2) ostvariv\u0161i tre\u0107u pobjedu uz jedan poraz. Pobjeda je ostvarena te\u017ee nego \u0161to se o\u010dekivalo, posebice nakon \u0161to je dubrova\u010dki sastav nakon prve \u010detvrtine vodio sa 5-2. Nakon odli\u010dnih prvih osam minuta i [&hellip;]\" \/>\n<meta property=\"og:url\" content=\"https:\/\/radioljubuski.ba\/index.php\/2021\/12\/01\/jugasi-tesko-do-pobjede-u-bukurestu\/\" \/>\n<meta property=\"og:site_name\" content=\"RADIO LJUBU\u0160KI\" \/>\n<meta property=\"article:publisher\" content=\"https:\/\/www.facebook.com\/Radiio-Ljubuski-1490835324566332\" \/>\n<meta property=\"article:published_time\" content=\"2021-12-01T22:14:27+00:00\" \/>\n<meta property=\"og:image\" content=\"https:\/\/radioljubuski.ba\/wp-content\/uploads\/2021\/12\/ddc61d7db6c239d6828760bcd4839b47_view_article_new.jpg\" \/>\n\t<meta property=\"og:image:width\" content=\"860\" \/>\n\t<meta property=\"og:image:height\" content=\"460\" \/>\n\t<meta property=\"og:image:type\" content=\"image\/jpeg\" \/>\n<meta name=\"author\" content=\"Radio Ljubu\u0161ki\" \/>\n<meta name=\"twitter:card\" content=\"summary_large_image\" \/>\n<meta name=\"twitter:creator\" content=\"@radioljubuski\" \/>\n<meta name=\"twitter:site\" content=\"@radioljubuski\" \/>\n<meta name=\"twitter:label1\" content=\"Napisao\/la\" \/>\n\t<meta name=\"twitter:data1\" content=\"Radio Ljubu\u0161ki\" \/>\n\t<meta name=\"twitter:label2\" content=\"Procijenjeno vrijeme \u010ditanja\" \/>\n\t<meta name=\"twitter:data2\" content=\"2 minute\" \/>\n<script type=\"application\/ld+json\" class=\"yoast-schema-graph\">{\"@context\":\"https:\\\/\\\/schema.org\",\"@graph\":[{\"@type\":\"Article\",\"@id\":\"https:\\\/\\\/radioljubuski.ba\\\/index.php\\\/2021\\\/12\\\/01\\\/jugasi-tesko-do-pobjede-u-bukurestu\\\/#article\",\"isPartOf\":{\"@id\":\"https:\\\/\\\/radioljubuski.ba\\\/index.php\\\/2021\\\/12\\\/01\\\/jugasi-tesko-do-pobjede-u-bukurestu\\\/\"},\"author\":{\"name\":\"Radio Ljubu\u0161ki\",\"@id\":\"https:\\\/\\\/radioljubuski.ba\\\/#\\\/schema\\\/person\\\/19fc700381a780f69665d7956c469e3b\"},\"headline\":\"Juga\u0161i te\u0161ko do pobjede u Bukure\u0161tu\",\"datePublished\":\"2021-12-01T22:14:27+00:00\",\"mainEntityOfPage\":{\"@id\":\"https:\\\/\\\/radioljubuski.ba\\\/index.php\\\/2021\\\/12\\\/01\\\/jugasi-tesko-do-pobjede-u-bukurestu\\\/\"},\"wordCount\":319,\"publisher\":{\"@id\":\"https:\\\/\\\/radioljubuski.ba\\\/#organization\"},\"image\":{\"@id\":\"https:\\\/\\\/radioljubuski.ba\\\/index.php\\\/2021\\\/12\\\/01\\\/jugasi-tesko-do-pobjede-u-bukurestu\\\/#primaryimage\"},\"thumbnailUrl\":\"https:\\\/\\\/radioljubuski.ba\\\/wp-content\\\/uploads\\\/2021\\\/12\\\/ddc61d7db6c239d6828760bcd4839b47_view_article_new.jpg\",\"articleSection\":[\"\u0160port\"],\"inLanguage\":\"hr\"},{\"@type\":\"WebPage\",\"@id\":\"https:\\\/\\\/radioljubuski.ba\\\/index.php\\\/2021\\\/12\\\/01\\\/jugasi-tesko-do-pobjede-u-bukurestu\\\/\",\"url\":\"https:\\\/\\\/radioljubuski.ba\\\/index.php\\\/2021\\\/12\\\/01\\\/jugasi-tesko-do-pobjede-u-bukurestu\\\/\",\"name\":\"Juga\u0161i te\u0161ko do pobjede u Bukure\u0161tu - RADIO LJUBU\u0160KI\",\"isPartOf\":{\"@id\":\"https:\\\/\\\/radioljubuski.ba\\\/#website\"},\"primaryImageOfPage\":{\"@id\":\"https:\\\/\\\/radioljubuski.ba\\\/index.php\\\/2021\\\/12\\\/01\\\/jugasi-tesko-do-pobjede-u-bukurestu\\\/#primaryimage\"},\"image\":{\"@id\":\"https:\\\/\\\/radioljubuski.ba\\\/index.php\\\/2021\\\/12\\\/01\\\/jugasi-tesko-do-pobjede-u-bukurestu\\\/#primaryimage\"},\"thumbnailUrl\":\"https:\\\/\\\/radioljubuski.ba\\\/wp-content\\\/uploads\\\/2021\\\/12\\\/ddc61d7db6c239d6828760bcd4839b47_view_article_new.jpg\",\"datePublished\":\"2021-12-01T22:14:27+00:00\",\"breadcrumb\":{\"@id\":\"https:\\\/\\\/radioljubuski.ba\\\/index.php\\\/2021\\\/12\\\/01\\\/jugasi-tesko-do-pobjede-u-bukurestu\\\/#breadcrumb\"},\"inLanguage\":\"hr\",\"potentialAction\":[{\"@type\":\"ReadAction\",\"target\":[\"https:\\\/\\\/radioljubuski.ba\\\/index.php\\\/2021\\\/12\\\/01\\\/jugasi-tesko-do-pobjede-u-bukurestu\\\/\"]}]},{\"@type\":\"ImageObject\",\"inLanguage\":\"hr\",\"@id\":\"https:\\\/\\\/radioljubuski.ba\\\/index.php\\\/2021\\\/12\\\/01\\\/jugasi-tesko-do-pobjede-u-bukurestu\\\/#primaryimage\",\"url\":\"https:\\\/\\\/radioljubuski.ba\\\/wp-content\\\/uploads\\\/2021\\\/12\\\/ddc61d7db6c239d6828760bcd4839b47_view_article_new.jpg\",\"contentUrl\":\"https:\\\/\\\/radioljubuski.ba\\\/wp-content\\\/uploads\\\/2021\\\/12\\\/ddc61d7db6c239d6828760bcd4839b47_view_article_new.jpg\",\"width\":860,\"height\":460},{\"@type\":\"BreadcrumbList\",\"@id\":\"https:\\\/\\\/radioljubuski.ba\\\/index.php\\\/2021\\\/12\\\/01\\\/jugasi-tesko-do-pobjede-u-bukurestu\\\/#breadcrumb\",\"itemListElement\":[{\"@type\":\"ListItem\",\"position\":1,\"name\":\"Po\u010detna stranica\",\"item\":\"https:\\\/\\\/radioljubuski.ba\\\/\"},{\"@type\":\"ListItem\",\"position\":2,\"name\":\"Juga\u0161i te\u0161ko do pobjede u Bukure\u0161tu\"}]},{\"@type\":\"WebSite\",\"@id\":\"https:\\\/\\\/radioljubuski.ba\\\/#website\",\"url\":\"https:\\\/\\\/radioljubuski.ba\\\/\",\"name\":\"Radio Ljubu\u0161ki\",\"description\":\"Sun\u010dana frekvencija Hercegovine\",\"publisher\":{\"@id\":\"https:\\\/\\\/radioljubuski.ba\\\/#organization\"},\"potentialAction\":[{\"@type\":\"SearchAction\",\"target\":{\"@type\":\"EntryPoint\",\"urlTemplate\":\"https:\\\/\\\/radioljubuski.ba\\\/?s={search_term_string}\"},\"query-input\":{\"@type\":\"PropertyValueSpecification\",\"valueRequired\":true,\"valueName\":\"search_term_string\"}}],\"inLanguage\":\"hr\"},{\"@type\":\"Organization\",\"@id\":\"https:\\\/\\\/radioljubuski.ba\\\/#organization\",\"name\":\"Radio Ljubu\u0161ki\",\"url\":\"https:\\\/\\\/radioljubuski.ba\\\/\",\"logo\":{\"@type\":\"ImageObject\",\"inLanguage\":\"hr\",\"@id\":\"https:\\\/\\\/radioljubuski.ba\\\/#\\\/schema\\\/logo\\\/image\\\/\",\"url\":\"https:\\\/\\\/radioljubuski.ba\\\/wp-content\\\/uploads\\\/2021\\\/02\\\/cropped-Radio_Ljubuski_logo1.jpg\",\"contentUrl\":\"https:\\\/\\\/radioljubuski.ba\\\/wp-content\\\/uploads\\\/2021\\\/02\\\/cropped-Radio_Ljubuski_logo1.jpg\",\"width\":512,\"height\":512,\"caption\":\"Radio Ljubu\u0161ki\"},\"image\":{\"@id\":\"https:\\\/\\\/radioljubuski.ba\\\/#\\\/schema\\\/logo\\\/image\\\/\"},\"sameAs\":[\"https:\\\/\\\/www.facebook.com\\\/Radiio-Ljubuski-1490835324566332\",\"https:\\\/\\\/x.com\\\/radioljubuski\",\"https:\\\/\\\/hr.linkedin.com\\\/company\\\/radio-ljubuski\",\"https:\\\/\\\/www.youtube.com\\\/channel\\\/UCHYaeO_n0Db3tjNGudGpXyw\"]},{\"@type\":\"Person\",\"@id\":\"https:\\\/\\\/radioljubuski.ba\\\/#\\\/schema\\\/person\\\/19fc700381a780f69665d7956c469e3b\",\"name\":\"Radio Ljubu\u0161ki\"}]}<\/script>\n<!-- \/ Yoast SEO plugin. -->","yoast_head_json":{"title":"Juga\u0161i te\u0161ko do pobjede u Bukure\u0161tu - RADIO LJUBU\u0160KI","robots":{"index":"index","follow":"follow","max-snippet":"max-snippet:-1","max-image-preview":"max-image-preview:large","max-video-preview":"max-video-preview:-1"},"canonical":"https:\/\/radioljubuski.ba\/index.php\/2021\/12\/01\/jugasi-tesko-do-pobjede-u-bukurestu\/","og_locale":"hr_HR","og_type":"article","og_title":"Juga\u0161i te\u0161ko do pobjede u Bukure\u0161tu - RADIO LJUBU\u0160KI","og_description":"U susretu 4. kola B skupine vaterpolske Lige prvaka Jug Adriatic osiguranje je u Bukure\u0161tu pobijedio Steauu sa 10-8 (5-2, 1-3, 1-1, 3-2) ostvariv\u0161i tre\u0107u pobjedu uz jedan poraz. Pobjeda je ostvarena te\u017ee nego \u0161to se o\u010dekivalo, posebice nakon \u0161to je dubrova\u010dki sastav nakon prve \u010detvrtine vodio sa 5-2. Nakon odli\u010dnih prvih osam minuta i [&hellip;]","og_url":"https:\/\/radioljubuski.ba\/index.php\/2021\/12\/01\/jugasi-tesko-do-pobjede-u-bukurestu\/","og_site_name":"RADIO LJUBU\u0160KI","article_publisher":"https:\/\/www.facebook.com\/Radiio-Ljubuski-1490835324566332","article_published_time":"2021-12-01T22:14:27+00:00","og_image":[{"width":860,"height":460,"url":"https:\/\/radioljubuski.ba\/wp-content\/uploads\/2021\/12\/ddc61d7db6c239d6828760bcd4839b47_view_article_new.jpg","type":"image\/jpeg"}],"author":"Radio Ljubu\u0161ki","twitter_card":"summary_large_image","twitter_creator":"@radioljubuski","twitter_site":"@radioljubuski","twitter_misc":{"Napisao\/la":"Radio Ljubu\u0161ki","Procijenjeno vrijeme \u010ditanja":"2 minute"},"schema":{"@context":"https:\/\/schema.org","@graph":[{"@type":"Article","@id":"https:\/\/radioljubuski.ba\/index.php\/2021\/12\/01\/jugasi-tesko-do-pobjede-u-bukurestu\/#article","isPartOf":{"@id":"https:\/\/radioljubuski.ba\/index.php\/2021\/12\/01\/jugasi-tesko-do-pobjede-u-bukurestu\/"},"author":{"name":"Radio Ljubu\u0161ki","@id":"https:\/\/radioljubuski.ba\/#\/schema\/person\/19fc700381a780f69665d7956c469e3b"},"headline":"Juga\u0161i te\u0161ko do pobjede u Bukure\u0161tu","datePublished":"2021-12-01T22:14:27+00:00","mainEntityOfPage":{"@id":"https:\/\/radioljubuski.ba\/index.php\/2021\/12\/01\/jugasi-tesko-do-pobjede-u-bukurestu\/"},"wordCount":319,"publisher":{"@id":"https:\/\/radioljubuski.ba\/#organization"},"image":{"@id":"https:\/\/radioljubuski.ba\/index.php\/2021\/12\/01\/jugasi-tesko-do-pobjede-u-bukurestu\/#primaryimage"},"thumbnailUrl":"https:\/\/radioljubuski.ba\/wp-content\/uploads\/2021\/12\/ddc61d7db6c239d6828760bcd4839b47_view_article_new.jpg","articleSection":["\u0160port"],"inLanguage":"hr"},{"@type":"WebPage","@id":"https:\/\/radioljubuski.ba\/index.php\/2021\/12\/01\/jugasi-tesko-do-pobjede-u-bukurestu\/","url":"https:\/\/radioljubuski.ba\/index.php\/2021\/12\/01\/jugasi-tesko-do-pobjede-u-bukurestu\/","name":"Juga\u0161i te\u0161ko do pobjede u Bukure\u0161tu - RADIO LJUBU\u0160KI","isPartOf":{"@id":"https:\/\/radioljubuski.ba\/#website"},"primaryImageOfPage":{"@id":"https:\/\/radioljubuski.ba\/index.php\/2021\/12\/01\/jugasi-tesko-do-pobjede-u-bukurestu\/#primaryimage"},"image":{"@id":"https:\/\/radioljubuski.ba\/index.php\/2021\/12\/01\/jugasi-tesko-do-pobjede-u-bukurestu\/#primaryimage"},"thumbnailUrl":"https:\/\/radioljubuski.ba\/wp-content\/uploads\/2021\/12\/ddc61d7db6c239d6828760bcd4839b47_view_article_new.jpg","datePublished":"2021-12-01T22:14:27+00:00","breadcrumb":{"@id":"https:\/\/radioljubuski.ba\/index.php\/2021\/12\/01\/jugasi-tesko-do-pobjede-u-bukurestu\/#breadcrumb"},"inLanguage":"hr","potentialAction":[{"@type":"ReadAction","target":["https:\/\/radioljubuski.ba\/index.php\/2021\/12\/01\/jugasi-tesko-do-pobjede-u-bukurestu\/"]}]},{"@type":"ImageObject","inLanguage":"hr","@id":"https:\/\/radioljubuski.ba\/index.php\/2021\/12\/01\/jugasi-tesko-do-pobjede-u-bukurestu\/#primaryimage","url":"https:\/\/radioljubuski.ba\/wp-content\/uploads\/2021\/12\/ddc61d7db6c239d6828760bcd4839b47_view_article_new.jpg","contentUrl":"https:\/\/radioljubuski.ba\/wp-content\/uploads\/2021\/12\/ddc61d7db6c239d6828760bcd4839b47_view_article_new.jpg","width":860,"height":460},{"@type":"BreadcrumbList","@id":"https:\/\/radioljubuski.ba\/index.php\/2021\/12\/01\/jugasi-tesko-do-pobjede-u-bukurestu\/#breadcrumb","itemListElement":[{"@type":"ListItem","position":1,"name":"Po\u010detna stranica","item":"https:\/\/radioljubuski.ba\/"},{"@type":"ListItem","position":2,"name":"Juga\u0161i te\u0161ko do pobjede u Bukure\u0161tu"}]},{"@type":"WebSite","@id":"https:\/\/radioljubuski.ba\/#website","url":"https:\/\/radioljubuski.ba\/","name":"Radio Ljubu\u0161ki","description":"Sun\u010dana frekvencija Hercegovine","publisher":{"@id":"https:\/\/radioljubuski.ba\/#organization"},"potentialAction":[{"@type":"SearchAction","target":{"@type":"EntryPoint","urlTemplate":"https:\/\/radioljubuski.ba\/?s={search_term_string}"},"query-input":{"@type":"PropertyValueSpecification","valueRequired":true,"valueName":"search_term_string"}}],"inLanguage":"hr"},{"@type":"Organization","@id":"https:\/\/radioljubuski.ba\/#organization","name":"Radio Ljubu\u0161ki","url":"https:\/\/radioljubuski.ba\/","logo":{"@type":"ImageObject","inLanguage":"hr","@id":"https:\/\/radioljubuski.ba\/#\/schema\/logo\/image\/","url":"https:\/\/radioljubuski.ba\/wp-content\/uploads\/2021\/02\/cropped-Radio_Ljubuski_logo1.jpg","contentUrl":"https:\/\/radioljubuski.ba\/wp-content\/uploads\/2021\/02\/cropped-Radio_Ljubuski_logo1.jpg","width":512,"height":512,"caption":"Radio Ljubu\u0161ki"},"image":{"@id":"https:\/\/radioljubuski.ba\/#\/schema\/logo\/image\/"},"sameAs":["https:\/\/www.facebook.com\/Radiio-Ljubuski-1490835324566332","https:\/\/x.com\/radioljubuski","https:\/\/hr.linkedin.com\/company\/radio-ljubuski","https:\/\/www.youtube.com\/channel\/UCHYaeO_n0Db3tjNGudGpXyw"]},{"@type":"Person","@id":"https:\/\/radioljubuski.ba\/#\/schema\/person\/19fc700381a780f69665d7956c469e3b","name":"Radio Ljubu\u0161ki"}]}},"_links":{"self":[{"href":"https:\/\/radioljubuski.ba\/index.php\/wp-json\/wp\/v2\/posts\/94925","targetHints":{"allow":["GET"]}}],"collection":[{"href":"https:\/\/radioljubuski.ba\/index.php\/wp-json\/wp\/v2\/posts"}],"about":[{"href":"https:\/\/radioljubuski.ba\/index.php\/wp-json\/wp\/v2\/types\/post"}],"author":[{"embeddable":true,"href":"https:\/\/radioljubuski.ba\/index.php\/wp-json\/wp\/v2\/users\/2"}],"replies":[{"embeddable":true,"href":"https:\/\/radioljubuski.ba\/index.php\/wp-json\/wp\/v2\/comments?post=94925"}],"version-history":[{"count":1,"href":"https:\/\/radioljubuski.ba\/index.php\/wp-json\/wp\/v2\/posts\/94925\/revisions"}],"predecessor-version":[{"id":94927,"href":"https:\/\/radioljubuski.ba\/index.php\/wp-json\/wp\/v2\/posts\/94925\/revisions\/94927"}],"wp:featuredmedia":[{"embeddable":true,"href":"https:\/\/radioljubuski.ba\/index.php\/wp-json\/wp\/v2\/media\/94926"}],"wp:attachment":[{"href":"https:\/\/radioljubuski.ba\/index.php\/wp-json\/wp\/v2\/media?parent=94925"}],"wp:term":[{"taxonomy":"category","embeddable":true,"href":"https:\/\/radioljubuski.ba\/index.php\/wp-json\/wp\/v2\/categories?post=94925"},{"taxonomy":"post_tag","embeddable":true,"href":"https:\/\/radioljubuski.ba\/index.php\/wp-json\/wp\/v2\/tags?post=94925"}],"curies":[{"name":"wp","href":"https:\/\/api.w.org\/{rel}","templated":true}]}}