{"id":94933,"date":"2021-12-01T23:19:15","date_gmt":"2021-12-01T22:19:15","guid":{"rendered":"https:\/\/radioljubuski.ba\/?p=94933"},"modified":"2021-12-01T23:19:16","modified_gmt":"2021-12-01T22:19:16","slug":"amerika-se-okrece-maloljetnickoj-radnoj-snazi-potice-se-14-godisnjake-da-rade-i-nocnu-smjenu-a-skole-ukidaju-obroke-da-djeca-ne-postanu-razmazena","status":"publish","type":"post","link":"https:\/\/radioljubuski.ba\/index.php\/2021\/12\/01\/amerika-se-okrece-maloljetnickoj-radnoj-snazi-potice-se-14-godisnjake-da-rade-i-nocnu-smjenu-a-skole-ukidaju-obroke-da-djeca-ne-postanu-razmazena\/","title":{"rendered":"Amerika se okre\u0107e maloljetni\u010dkoj radnoj snazi: poti\u010de se 14-godi\u0161njake da rade i no\u0107nu smjenu, a \u0161kole ukidaju obroke da djeca ne postanu \u2018razma\u017eena\u2018"},"content":{"rendered":"\n<p>U dobra stara vremena ameri\u010dka djeca nisu sjedila uokolo igraju\u0107i video igrice, snimala TikTok videa&nbsp;i gutala Netflix. Radili su dobar dio dana u tvornicama i na poljima; znali su vrijednost tvrdog kaljenja. Nisu se trudili uzesti&nbsp;bolovanja, samo bi&nbsp;umrli od difterije. Bilo je to jednostavnije vrijeme.<\/p>\n\n\n\n<p>Neki ameri\u010dki politi\u010dari, \u010dini se, poku\u0161avaju svim silama vratiti zemlju u to &#8216;zlatno&#8217; doba labavih zakona o radu. Senat Wisconsina nedavno je odobrio zakon kojim se pro\u0161iruje radni dan za maloljetnike, dopu\u0161taju\u0107i 14&nbsp;i 15-godi\u0161njacima da rade sve do 23 sata nave\u010der vikendima. Mora da je zabavno biti dijete u Wisconsinu! Ne samo da vam odrasli \u017eele oduzeti slobodno vrijeme, ve\u0107 vam \u017eele ukinuti i besplatnu hranu.<\/p>\n\n\n\n<p>Tijekom ljetne&nbsp;\u0161kole, \u010dlanovi&nbsp;\u0161kolskog odbora u&nbsp;okrugu Waukesha dospjeli su na naslovnice nakon \u0161to su glasali za napu\u0161tanje federalnog programa besplatnih obroka jer su se brinuli da je to navelo obitelji&nbsp;da &#8216;postanu razma\u017eene&#8217;&nbsp;ili da razviju &#8216;ovisnost&#8217;&nbsp;o takvoj usluzi. Zamislite da su djeca postala ovisna o vladi koja bi se pobrinula da ne gladuju.&nbsp;Mo\u017eda ne bi&nbsp;bili toliko \u017eeljni raditi za kikiriki do 11 nave\u010der. Tada biste mo\u017eda morali po\u010deti pla\u0107ati odraslima pla\u0107u s kojom mogu imati dostojan \u017eivot i cijeli bi se sustav raspao.<\/p>\n\n\n\n<p>Kao \u0161to je op\u0107epoznato, Sjedinjene Dr\u017eave \u2013 zajedno s velikim dijelom svijeta \u2013 suo\u010davaju se s dramati\u010dnim nedostatkom radne snage usred onoga \u0161to se naziva &#8216;Velikom ostavkom&#8217;. Ranije ovog mjeseca ameri\u010dki Ured za statistiku rada izvijestio je da je u kolovozu oko 4,3 milijuna ljudi ili 2,9 posto radne snage, \u0161to je kolektivni potez bez presedana, dalo otkaz. Republikanci su, tijekom pro\u0161log mandata, davali sve od sebe kako bi izgladnjeli ljude da bi se ovi&nbsp;vratili&nbsp;na slabo pla\u0107ene poslove koji jedva odr\u017eavaju gospodarstvo na nogama, a to su u\u010dinili&nbsp;ukidanjem naknada za nezaposlene u pandemiji, no&nbsp;to nije odmah rije\u0161ilo problem. Stoga su se,&nbsp;umjesto toga, okrenuli&nbsp;dje\u010djem radu.<\/p>\n\n\n\n<p>Tijekom ljeta New Jersey je donio zakon kojim se privremeno pove\u0107ava broj sati koje djeca u dobi od 16 do 18 godina mogu raditi. U me\u0111uvremenu, lanci brze hrane diljem SAD-a poja\u010dali su svoje napore da regrutiraju djecu. Pro\u0161log mjeseca jedan McDonald&#8217;s u Oregonu isprovocirao je medijske naslove nakon \u0161to je objavio transparent kojim se pozivaju 14&nbsp;i 15-godi\u0161njaci da se prijave, prenosi&nbsp;<a href=\"https:\/\/www.theguardian.com\/commentisfree\/2021\/oct\/30\/capitalism-isnt-working-us-politicians-child-labor\" target=\"_blank\" rel=\"noreferrer noopener\">Guardian<\/a>.<\/p>\n\n\n\n<p>O\u010dito, nema ni\u0161ta lo\u0161e u tome da tinejd\u017eeri imaju ljetne poslove. Ali ne\u0161to je vrlo, vrlo pogre\u0161no sa sustavom koji bi radije zaposlio vi\u0161e djece u radnu snagu umjesto da daje bolje pla\u0107e i pru\u017ea vi\u0161e beneficija odraslima. Ne\u0161to nije u redu sa sustavom u kojem su milijarderi do\u017eivjeli ogroman porast&nbsp;svoje neto vrijednosti tijekom najgore javnozdravstvene krize u posljednje vrijeme \u2013 a politi\u010dari izgleda nemaju \u017eelju natjerati ih da pla\u0107aju svoj po\u0161ten udio u porezima. Ne\u0161to jako nije u redu sa sustavom u kojem minimalna pla\u0107a nije dovoljna da si priu\u0161tite najam s dvije spava\u0107e sobe bilo gdje u SAD-u. I sve vi\u0161e ljudi ne \u017eeli to vi\u0161e&nbsp;podnositi.<\/p>\n\n\n\n<p>Ne mogu vi\u0161e gutati&nbsp;la\u017e da, ako se samo saberu i naporno rade, mogu ostvariti ameri\u010dki san. Oni ne pro\u017eivljavaju to u ti\u0161ini, oni se organiziraju: protekle godine je krenuo val radni\u010dkih pobuna diljem Amerike. U me\u0111uvremenu, socijalizam (neko\u0107 nevjerojatno prljava rije\u010d u SAD-u) postaje sve popularniji me\u0111u mladim Amerikancima. I to posljednje ne bi trebalo nikoga iznenaditi. Ako politi\u010dari poku\u0161avaju vratiti dje\u010dji rad kako bi nadoknadili nedostatak radne snage, onda mislim da je prili\u010dno jasno da kapitalizam ne funkcionira.<\/p>\n\n\n\n<p><strong>PI\u0160E&nbsp;<\/strong>MARIN PRVAN\/slobodnadalmacija.hr<\/p>\n","protected":false},"excerpt":{"rendered":"<p>U dobra stara vremena ameri\u010dka djeca nisu sjedila uokolo igraju\u0107i video igrice, snimala TikTok videa&nbsp;i gutala Netflix. Radili su dobar dio dana u tvornicama i na poljima; znali su vrijednost tvrdog kaljenja. Nisu se trudili uzesti&nbsp;bolovanja, samo bi&nbsp;umrli od difterije. Bilo je to jednostavnije vrijeme. Neki ameri\u010dki politi\u010dari, \u010dini se, poku\u0161avaju svim silama vratiti zemlju [&hellip;]<\/p>\n","protected":false},"author":2,"featured_media":94934,"comment_status":"closed","ping_status":"closed","sticky":false,"template":"","format":"standard","meta":{"h5ap_radio_sources":[],"footnotes":""},"categories":[1],"tags":[],"class_list":["post-94933","post","type-post","status-publish","format-standard","has-post-thumbnail","hentry","category-bihiregija"],"yoast_head":"<!-- This site is optimized with the Yoast SEO plugin v27.4 - https:\/\/yoast.com\/product\/yoast-seo-wordpress\/ -->\n<title>Amerika se okre\u0107e maloljetni\u010dkoj radnoj snazi: poti\u010de se 14-godi\u0161njake da rade i no\u0107nu smjenu, a \u0161kole ukidaju obroke da djeca ne postanu \u2018razma\u017eena\u2018 - RADIO LJUBU\u0160KI<\/title>\n<meta name=\"robots\" content=\"index, follow, max-snippet:-1, max-image-preview:large, max-video-preview:-1\" \/>\n<link rel=\"canonical\" href=\"https:\/\/radioljubuski.ba\/index.php\/2021\/12\/01\/amerika-se-okrece-maloljetnickoj-radnoj-snazi-potice-se-14-godisnjake-da-rade-i-nocnu-smjenu-a-skole-ukidaju-obroke-da-djeca-ne-postanu-razmazena\/\" \/>\n<meta property=\"og:locale\" content=\"hr_HR\" \/>\n<meta property=\"og:type\" content=\"article\" \/>\n<meta property=\"og:title\" content=\"Amerika se okre\u0107e maloljetni\u010dkoj radnoj snazi: poti\u010de se 14-godi\u0161njake da rade i no\u0107nu smjenu, a \u0161kole ukidaju obroke da djeca ne postanu \u2018razma\u017eena\u2018 - RADIO LJUBU\u0160KI\" \/>\n<meta property=\"og:description\" content=\"U dobra stara vremena ameri\u010dka djeca nisu sjedila uokolo igraju\u0107i video igrice, snimala TikTok videa&nbsp;i gutala Netflix. Radili su dobar dio dana u tvornicama i na poljima; znali su vrijednost tvrdog kaljenja. Nisu se trudili uzesti&nbsp;bolovanja, samo bi&nbsp;umrli od difterije. Bilo je to jednostavnije vrijeme. Neki ameri\u010dki politi\u010dari, \u010dini se, poku\u0161avaju svim silama vratiti zemlju [&hellip;]\" \/>\n<meta property=\"og:url\" content=\"https:\/\/radioljubuski.ba\/index.php\/2021\/12\/01\/amerika-se-okrece-maloljetnickoj-radnoj-snazi-potice-se-14-godisnjake-da-rade-i-nocnu-smjenu-a-skole-ukidaju-obroke-da-djeca-ne-postanu-razmazena\/\" \/>\n<meta property=\"og:site_name\" content=\"RADIO LJUBU\u0160KI\" \/>\n<meta property=\"article:publisher\" content=\"https:\/\/www.facebook.com\/Radiio-Ljubuski-1490835324566332\" \/>\n<meta property=\"article:published_time\" content=\"2021-12-01T22:19:15+00:00\" \/>\n<meta property=\"article:modified_time\" content=\"2021-12-01T22:19:16+00:00\" \/>\n<meta property=\"og:image\" content=\"https:\/\/radioljubuski.ba\/wp-content\/uploads\/2021\/12\/o_20169268_1024.jpg\" \/>\n\t<meta property=\"og:image:width\" content=\"1024\" \/>\n\t<meta property=\"og:image:height\" content=\"682\" \/>\n\t<meta property=\"og:image:type\" content=\"image\/jpeg\" \/>\n<meta name=\"author\" content=\"Radio Ljubu\u0161ki\" \/>\n<meta name=\"twitter:card\" content=\"summary_large_image\" \/>\n<meta name=\"twitter:creator\" content=\"@radioljubuski\" \/>\n<meta name=\"twitter:site\" content=\"@radioljubuski\" \/>\n<meta name=\"twitter:label1\" content=\"Napisao\/la\" \/>\n\t<meta name=\"twitter:data1\" content=\"Radio Ljubu\u0161ki\" \/>\n\t<meta name=\"twitter:label2\" content=\"Procijenjeno vrijeme \u010ditanja\" \/>\n\t<meta name=\"twitter:data2\" content=\"3 minute\" \/>\n<script type=\"application\/ld+json\" class=\"yoast-schema-graph\">{\"@context\":\"https:\\\/\\\/schema.org\",\"@graph\":[{\"@type\":\"Article\",\"@id\":\"https:\\\/\\\/radioljubuski.ba\\\/index.php\\\/2021\\\/12\\\/01\\\/amerika-se-okrece-maloljetnickoj-radnoj-snazi-potice-se-14-godisnjake-da-rade-i-nocnu-smjenu-a-skole-ukidaju-obroke-da-djeca-ne-postanu-razmazena\\\/#article\",\"isPartOf\":{\"@id\":\"https:\\\/\\\/radioljubuski.ba\\\/index.php\\\/2021\\\/12\\\/01\\\/amerika-se-okrece-maloljetnickoj-radnoj-snazi-potice-se-14-godisnjake-da-rade-i-nocnu-smjenu-a-skole-ukidaju-obroke-da-djeca-ne-postanu-razmazena\\\/\"},\"author\":{\"name\":\"Radio Ljubu\u0161ki\",\"@id\":\"https:\\\/\\\/radioljubuski.ba\\\/#\\\/schema\\\/person\\\/19fc700381a780f69665d7956c469e3b\"},\"headline\":\"Amerika se okre\u0107e maloljetni\u010dkoj radnoj snazi: poti\u010de se 14-godi\u0161njake da rade i no\u0107nu smjenu, a \u0161kole ukidaju obroke da djeca ne postanu \u2018razma\u017eena\u2018\",\"datePublished\":\"2021-12-01T22:19:15+00:00\",\"dateModified\":\"2021-12-01T22:19:16+00:00\",\"mainEntityOfPage\":{\"@id\":\"https:\\\/\\\/radioljubuski.ba\\\/index.php\\\/2021\\\/12\\\/01\\\/amerika-se-okrece-maloljetnickoj-radnoj-snazi-potice-se-14-godisnjake-da-rade-i-nocnu-smjenu-a-skole-ukidaju-obroke-da-djeca-ne-postanu-razmazena\\\/\"},\"wordCount\":683,\"publisher\":{\"@id\":\"https:\\\/\\\/radioljubuski.ba\\\/#organization\"},\"image\":{\"@id\":\"https:\\\/\\\/radioljubuski.ba\\\/index.php\\\/2021\\\/12\\\/01\\\/amerika-se-okrece-maloljetnickoj-radnoj-snazi-potice-se-14-godisnjake-da-rade-i-nocnu-smjenu-a-skole-ukidaju-obroke-da-djeca-ne-postanu-razmazena\\\/#primaryimage\"},\"thumbnailUrl\":\"https:\\\/\\\/radioljubuski.ba\\\/wp-content\\\/uploads\\\/2021\\\/12\\\/o_20169268_1024.jpg\",\"articleSection\":[\"BIH i regija\"],\"inLanguage\":\"hr\"},{\"@type\":\"WebPage\",\"@id\":\"https:\\\/\\\/radioljubuski.ba\\\/index.php\\\/2021\\\/12\\\/01\\\/amerika-se-okrece-maloljetnickoj-radnoj-snazi-potice-se-14-godisnjake-da-rade-i-nocnu-smjenu-a-skole-ukidaju-obroke-da-djeca-ne-postanu-razmazena\\\/\",\"url\":\"https:\\\/\\\/radioljubuski.ba\\\/index.php\\\/2021\\\/12\\\/01\\\/amerika-se-okrece-maloljetnickoj-radnoj-snazi-potice-se-14-godisnjake-da-rade-i-nocnu-smjenu-a-skole-ukidaju-obroke-da-djeca-ne-postanu-razmazena\\\/\",\"name\":\"Amerika se okre\u0107e maloljetni\u010dkoj radnoj snazi: poti\u010de se 14-godi\u0161njake da rade i no\u0107nu smjenu, a \u0161kole ukidaju obroke da djeca ne postanu \u2018razma\u017eena\u2018 - RADIO LJUBU\u0160KI\",\"isPartOf\":{\"@id\":\"https:\\\/\\\/radioljubuski.ba\\\/#website\"},\"primaryImageOfPage\":{\"@id\":\"https:\\\/\\\/radioljubuski.ba\\\/index.php\\\/2021\\\/12\\\/01\\\/amerika-se-okrece-maloljetnickoj-radnoj-snazi-potice-se-14-godisnjake-da-rade-i-nocnu-smjenu-a-skole-ukidaju-obroke-da-djeca-ne-postanu-razmazena\\\/#primaryimage\"},\"image\":{\"@id\":\"https:\\\/\\\/radioljubuski.ba\\\/index.php\\\/2021\\\/12\\\/01\\\/amerika-se-okrece-maloljetnickoj-radnoj-snazi-potice-se-14-godisnjake-da-rade-i-nocnu-smjenu-a-skole-ukidaju-obroke-da-djeca-ne-postanu-razmazena\\\/#primaryimage\"},\"thumbnailUrl\":\"https:\\\/\\\/radioljubuski.ba\\\/wp-content\\\/uploads\\\/2021\\\/12\\\/o_20169268_1024.jpg\",\"datePublished\":\"2021-12-01T22:19:15+00:00\",\"dateModified\":\"2021-12-01T22:19:16+00:00\",\"breadcrumb\":{\"@id\":\"https:\\\/\\\/radioljubuski.ba\\\/index.php\\\/2021\\\/12\\\/01\\\/amerika-se-okrece-maloljetnickoj-radnoj-snazi-potice-se-14-godisnjake-da-rade-i-nocnu-smjenu-a-skole-ukidaju-obroke-da-djeca-ne-postanu-razmazena\\\/#breadcrumb\"},\"inLanguage\":\"hr\",\"potentialAction\":[{\"@type\":\"ReadAction\",\"target\":[\"https:\\\/\\\/radioljubuski.ba\\\/index.php\\\/2021\\\/12\\\/01\\\/amerika-se-okrece-maloljetnickoj-radnoj-snazi-potice-se-14-godisnjake-da-rade-i-nocnu-smjenu-a-skole-ukidaju-obroke-da-djeca-ne-postanu-razmazena\\\/\"]}]},{\"@type\":\"ImageObject\",\"inLanguage\":\"hr\",\"@id\":\"https:\\\/\\\/radioljubuski.ba\\\/index.php\\\/2021\\\/12\\\/01\\\/amerika-se-okrece-maloljetnickoj-radnoj-snazi-potice-se-14-godisnjake-da-rade-i-nocnu-smjenu-a-skole-ukidaju-obroke-da-djeca-ne-postanu-razmazena\\\/#primaryimage\",\"url\":\"https:\\\/\\\/radioljubuski.ba\\\/wp-content\\\/uploads\\\/2021\\\/12\\\/o_20169268_1024.jpg\",\"contentUrl\":\"https:\\\/\\\/radioljubuski.ba\\\/wp-content\\\/uploads\\\/2021\\\/12\\\/o_20169268_1024.jpg\",\"width\":1024,\"height\":682},{\"@type\":\"BreadcrumbList\",\"@id\":\"https:\\\/\\\/radioljubuski.ba\\\/index.php\\\/2021\\\/12\\\/01\\\/amerika-se-okrece-maloljetnickoj-radnoj-snazi-potice-se-14-godisnjake-da-rade-i-nocnu-smjenu-a-skole-ukidaju-obroke-da-djeca-ne-postanu-razmazena\\\/#breadcrumb\",\"itemListElement\":[{\"@type\":\"ListItem\",\"position\":1,\"name\":\"Po\u010detna stranica\",\"item\":\"https:\\\/\\\/radioljubuski.ba\\\/\"},{\"@type\":\"ListItem\",\"position\":2,\"name\":\"Amerika se okre\u0107e maloljetni\u010dkoj radnoj snazi: poti\u010de se 14-godi\u0161njake da rade i no\u0107nu smjenu, a \u0161kole ukidaju obroke da djeca ne postanu \u2018razma\u017eena\u2018\"}]},{\"@type\":\"WebSite\",\"@id\":\"https:\\\/\\\/radioljubuski.ba\\\/#website\",\"url\":\"https:\\\/\\\/radioljubuski.ba\\\/\",\"name\":\"Radio Ljubu\u0161ki\",\"description\":\"Sun\u010dana frekvencija Hercegovine\",\"publisher\":{\"@id\":\"https:\\\/\\\/radioljubuski.ba\\\/#organization\"},\"potentialAction\":[{\"@type\":\"SearchAction\",\"target\":{\"@type\":\"EntryPoint\",\"urlTemplate\":\"https:\\\/\\\/radioljubuski.ba\\\/?s={search_term_string}\"},\"query-input\":{\"@type\":\"PropertyValueSpecification\",\"valueRequired\":true,\"valueName\":\"search_term_string\"}}],\"inLanguage\":\"hr\"},{\"@type\":\"Organization\",\"@id\":\"https:\\\/\\\/radioljubuski.ba\\\/#organization\",\"name\":\"Radio Ljubu\u0161ki\",\"url\":\"https:\\\/\\\/radioljubuski.ba\\\/\",\"logo\":{\"@type\":\"ImageObject\",\"inLanguage\":\"hr\",\"@id\":\"https:\\\/\\\/radioljubuski.ba\\\/#\\\/schema\\\/logo\\\/image\\\/\",\"url\":\"https:\\\/\\\/radioljubuski.ba\\\/wp-content\\\/uploads\\\/2021\\\/02\\\/cropped-Radio_Ljubuski_logo1.jpg\",\"contentUrl\":\"https:\\\/\\\/radioljubuski.ba\\\/wp-content\\\/uploads\\\/2021\\\/02\\\/cropped-Radio_Ljubuski_logo1.jpg\",\"width\":512,\"height\":512,\"caption\":\"Radio Ljubu\u0161ki\"},\"image\":{\"@id\":\"https:\\\/\\\/radioljubuski.ba\\\/#\\\/schema\\\/logo\\\/image\\\/\"},\"sameAs\":[\"https:\\\/\\\/www.facebook.com\\\/Radiio-Ljubuski-1490835324566332\",\"https:\\\/\\\/x.com\\\/radioljubuski\",\"https:\\\/\\\/hr.linkedin.com\\\/company\\\/radio-ljubuski\",\"https:\\\/\\\/www.youtube.com\\\/channel\\\/UCHYaeO_n0Db3tjNGudGpXyw\"]},{\"@type\":\"Person\",\"@id\":\"https:\\\/\\\/radioljubuski.ba\\\/#\\\/schema\\\/person\\\/19fc700381a780f69665d7956c469e3b\",\"name\":\"Radio Ljubu\u0161ki\"}]}<\/script>\n<!-- \/ Yoast SEO plugin. -->","yoast_head_json":{"title":"Amerika se okre\u0107e maloljetni\u010dkoj radnoj snazi: poti\u010de se 14-godi\u0161njake da rade i no\u0107nu smjenu, a \u0161kole ukidaju obroke da djeca ne postanu \u2018razma\u017eena\u2018 - RADIO LJUBU\u0160KI","robots":{"index":"index","follow":"follow","max-snippet":"max-snippet:-1","max-image-preview":"max-image-preview:large","max-video-preview":"max-video-preview:-1"},"canonical":"https:\/\/radioljubuski.ba\/index.php\/2021\/12\/01\/amerika-se-okrece-maloljetnickoj-radnoj-snazi-potice-se-14-godisnjake-da-rade-i-nocnu-smjenu-a-skole-ukidaju-obroke-da-djeca-ne-postanu-razmazena\/","og_locale":"hr_HR","og_type":"article","og_title":"Amerika se okre\u0107e maloljetni\u010dkoj radnoj snazi: poti\u010de se 14-godi\u0161njake da rade i no\u0107nu smjenu, a \u0161kole ukidaju obroke da djeca ne postanu \u2018razma\u017eena\u2018 - RADIO LJUBU\u0160KI","og_description":"U dobra stara vremena ameri\u010dka djeca nisu sjedila uokolo igraju\u0107i video igrice, snimala TikTok videa&nbsp;i gutala Netflix. Radili su dobar dio dana u tvornicama i na poljima; znali su vrijednost tvrdog kaljenja. Nisu se trudili uzesti&nbsp;bolovanja, samo bi&nbsp;umrli od difterije. Bilo je to jednostavnije vrijeme. Neki ameri\u010dki politi\u010dari, \u010dini se, poku\u0161avaju svim silama vratiti zemlju [&hellip;]","og_url":"https:\/\/radioljubuski.ba\/index.php\/2021\/12\/01\/amerika-se-okrece-maloljetnickoj-radnoj-snazi-potice-se-14-godisnjake-da-rade-i-nocnu-smjenu-a-skole-ukidaju-obroke-da-djeca-ne-postanu-razmazena\/","og_site_name":"RADIO LJUBU\u0160KI","article_publisher":"https:\/\/www.facebook.com\/Radiio-Ljubuski-1490835324566332","article_published_time":"2021-12-01T22:19:15+00:00","article_modified_time":"2021-12-01T22:19:16+00:00","og_image":[{"width":1024,"height":682,"url":"https:\/\/radioljubuski.ba\/wp-content\/uploads\/2021\/12\/o_20169268_1024.jpg","type":"image\/jpeg"}],"author":"Radio Ljubu\u0161ki","twitter_card":"summary_large_image","twitter_creator":"@radioljubuski","twitter_site":"@radioljubuski","twitter_misc":{"Napisao\/la":"Radio Ljubu\u0161ki","Procijenjeno vrijeme \u010ditanja":"3 minute"},"schema":{"@context":"https:\/\/schema.org","@graph":[{"@type":"Article","@id":"https:\/\/radioljubuski.ba\/index.php\/2021\/12\/01\/amerika-se-okrece-maloljetnickoj-radnoj-snazi-potice-se-14-godisnjake-da-rade-i-nocnu-smjenu-a-skole-ukidaju-obroke-da-djeca-ne-postanu-razmazena\/#article","isPartOf":{"@id":"https:\/\/radioljubuski.ba\/index.php\/2021\/12\/01\/amerika-se-okrece-maloljetnickoj-radnoj-snazi-potice-se-14-godisnjake-da-rade-i-nocnu-smjenu-a-skole-ukidaju-obroke-da-djeca-ne-postanu-razmazena\/"},"author":{"name":"Radio Ljubu\u0161ki","@id":"https:\/\/radioljubuski.ba\/#\/schema\/person\/19fc700381a780f69665d7956c469e3b"},"headline":"Amerika se okre\u0107e maloljetni\u010dkoj radnoj snazi: poti\u010de se 14-godi\u0161njake da rade i no\u0107nu smjenu, a \u0161kole ukidaju obroke da djeca ne postanu \u2018razma\u017eena\u2018","datePublished":"2021-12-01T22:19:15+00:00","dateModified":"2021-12-01T22:19:16+00:00","mainEntityOfPage":{"@id":"https:\/\/radioljubuski.ba\/index.php\/2021\/12\/01\/amerika-se-okrece-maloljetnickoj-radnoj-snazi-potice-se-14-godisnjake-da-rade-i-nocnu-smjenu-a-skole-ukidaju-obroke-da-djeca-ne-postanu-razmazena\/"},"wordCount":683,"publisher":{"@id":"https:\/\/radioljubuski.ba\/#organization"},"image":{"@id":"https:\/\/radioljubuski.ba\/index.php\/2021\/12\/01\/amerika-se-okrece-maloljetnickoj-radnoj-snazi-potice-se-14-godisnjake-da-rade-i-nocnu-smjenu-a-skole-ukidaju-obroke-da-djeca-ne-postanu-razmazena\/#primaryimage"},"thumbnailUrl":"https:\/\/radioljubuski.ba\/wp-content\/uploads\/2021\/12\/o_20169268_1024.jpg","articleSection":["BIH i regija"],"inLanguage":"hr"},{"@type":"WebPage","@id":"https:\/\/radioljubuski.ba\/index.php\/2021\/12\/01\/amerika-se-okrece-maloljetnickoj-radnoj-snazi-potice-se-14-godisnjake-da-rade-i-nocnu-smjenu-a-skole-ukidaju-obroke-da-djeca-ne-postanu-razmazena\/","url":"https:\/\/radioljubuski.ba\/index.php\/2021\/12\/01\/amerika-se-okrece-maloljetnickoj-radnoj-snazi-potice-se-14-godisnjake-da-rade-i-nocnu-smjenu-a-skole-ukidaju-obroke-da-djeca-ne-postanu-razmazena\/","name":"Amerika se okre\u0107e maloljetni\u010dkoj radnoj snazi: poti\u010de se 14-godi\u0161njake da rade i no\u0107nu smjenu, a \u0161kole ukidaju obroke da djeca ne postanu \u2018razma\u017eena\u2018 - RADIO LJUBU\u0160KI","isPartOf":{"@id":"https:\/\/radioljubuski.ba\/#website"},"primaryImageOfPage":{"@id":"https:\/\/radioljubuski.ba\/index.php\/2021\/12\/01\/amerika-se-okrece-maloljetnickoj-radnoj-snazi-potice-se-14-godisnjake-da-rade-i-nocnu-smjenu-a-skole-ukidaju-obroke-da-djeca-ne-postanu-razmazena\/#primaryimage"},"image":{"@id":"https:\/\/radioljubuski.ba\/index.php\/2021\/12\/01\/amerika-se-okrece-maloljetnickoj-radnoj-snazi-potice-se-14-godisnjake-da-rade-i-nocnu-smjenu-a-skole-ukidaju-obroke-da-djeca-ne-postanu-razmazena\/#primaryimage"},"thumbnailUrl":"https:\/\/radioljubuski.ba\/wp-content\/uploads\/2021\/12\/o_20169268_1024.jpg","datePublished":"2021-12-01T22:19:15+00:00","dateModified":"2021-12-01T22:19:16+00:00","breadcrumb":{"@id":"https:\/\/radioljubuski.ba\/index.php\/2021\/12\/01\/amerika-se-okrece-maloljetnickoj-radnoj-snazi-potice-se-14-godisnjake-da-rade-i-nocnu-smjenu-a-skole-ukidaju-obroke-da-djeca-ne-postanu-razmazena\/#breadcrumb"},"inLanguage":"hr","potentialAction":[{"@type":"ReadAction","target":["https:\/\/radioljubuski.ba\/index.php\/2021\/12\/01\/amerika-se-okrece-maloljetnickoj-radnoj-snazi-potice-se-14-godisnjake-da-rade-i-nocnu-smjenu-a-skole-ukidaju-obroke-da-djeca-ne-postanu-razmazena\/"]}]},{"@type":"ImageObject","inLanguage":"hr","@id":"https:\/\/radioljubuski.ba\/index.php\/2021\/12\/01\/amerika-se-okrece-maloljetnickoj-radnoj-snazi-potice-se-14-godisnjake-da-rade-i-nocnu-smjenu-a-skole-ukidaju-obroke-da-djeca-ne-postanu-razmazena\/#primaryimage","url":"https:\/\/radioljubuski.ba\/wp-content\/uploads\/2021\/12\/o_20169268_1024.jpg","contentUrl":"https:\/\/radioljubuski.ba\/wp-content\/uploads\/2021\/12\/o_20169268_1024.jpg","width":1024,"height":682},{"@type":"BreadcrumbList","@id":"https:\/\/radioljubuski.ba\/index.php\/2021\/12\/01\/amerika-se-okrece-maloljetnickoj-radnoj-snazi-potice-se-14-godisnjake-da-rade-i-nocnu-smjenu-a-skole-ukidaju-obroke-da-djeca-ne-postanu-razmazena\/#breadcrumb","itemListElement":[{"@type":"ListItem","position":1,"name":"Po\u010detna stranica","item":"https:\/\/radioljubuski.ba\/"},{"@type":"ListItem","position":2,"name":"Amerika se okre\u0107e maloljetni\u010dkoj radnoj snazi: poti\u010de se 14-godi\u0161njake da rade i no\u0107nu smjenu, a \u0161kole ukidaju obroke da djeca ne postanu \u2018razma\u017eena\u2018"}]},{"@type":"WebSite","@id":"https:\/\/radioljubuski.ba\/#website","url":"https:\/\/radioljubuski.ba\/","name":"Radio Ljubu\u0161ki","description":"Sun\u010dana frekvencija Hercegovine","publisher":{"@id":"https:\/\/radioljubuski.ba\/#organization"},"potentialAction":[{"@type":"SearchAction","target":{"@type":"EntryPoint","urlTemplate":"https:\/\/radioljubuski.ba\/?s={search_term_string}"},"query-input":{"@type":"PropertyValueSpecification","valueRequired":true,"valueName":"search_term_string"}}],"inLanguage":"hr"},{"@type":"Organization","@id":"https:\/\/radioljubuski.ba\/#organization","name":"Radio Ljubu\u0161ki","url":"https:\/\/radioljubuski.ba\/","logo":{"@type":"ImageObject","inLanguage":"hr","@id":"https:\/\/radioljubuski.ba\/#\/schema\/logo\/image\/","url":"https:\/\/radioljubuski.ba\/wp-content\/uploads\/2021\/02\/cropped-Radio_Ljubuski_logo1.jpg","contentUrl":"https:\/\/radioljubuski.ba\/wp-content\/uploads\/2021\/02\/cropped-Radio_Ljubuski_logo1.jpg","width":512,"height":512,"caption":"Radio Ljubu\u0161ki"},"image":{"@id":"https:\/\/radioljubuski.ba\/#\/schema\/logo\/image\/"},"sameAs":["https:\/\/www.facebook.com\/Radiio-Ljubuski-1490835324566332","https:\/\/x.com\/radioljubuski","https:\/\/hr.linkedin.com\/company\/radio-ljubuski","https:\/\/www.youtube.com\/channel\/UCHYaeO_n0Db3tjNGudGpXyw"]},{"@type":"Person","@id":"https:\/\/radioljubuski.ba\/#\/schema\/person\/19fc700381a780f69665d7956c469e3b","name":"Radio Ljubu\u0161ki"}]}},"_links":{"self":[{"href":"https:\/\/radioljubuski.ba\/index.php\/wp-json\/wp\/v2\/posts\/94933","targetHints":{"allow":["GET"]}}],"collection":[{"href":"https:\/\/radioljubuski.ba\/index.php\/wp-json\/wp\/v2\/posts"}],"about":[{"href":"https:\/\/radioljubuski.ba\/index.php\/wp-json\/wp\/v2\/types\/post"}],"author":[{"embeddable":true,"href":"https:\/\/radioljubuski.ba\/index.php\/wp-json\/wp\/v2\/users\/2"}],"replies":[{"embeddable":true,"href":"https:\/\/radioljubuski.ba\/index.php\/wp-json\/wp\/v2\/comments?post=94933"}],"version-history":[{"count":1,"href":"https:\/\/radioljubuski.ba\/index.php\/wp-json\/wp\/v2\/posts\/94933\/revisions"}],"predecessor-version":[{"id":94935,"href":"https:\/\/radioljubuski.ba\/index.php\/wp-json\/wp\/v2\/posts\/94933\/revisions\/94935"}],"wp:featuredmedia":[{"embeddable":true,"href":"https:\/\/radioljubuski.ba\/index.php\/wp-json\/wp\/v2\/media\/94934"}],"wp:attachment":[{"href":"https:\/\/radioljubuski.ba\/index.php\/wp-json\/wp\/v2\/media?parent=94933"}],"wp:term":[{"taxonomy":"category","embeddable":true,"href":"https:\/\/radioljubuski.ba\/index.php\/wp-json\/wp\/v2\/categories?post=94933"},{"taxonomy":"post_tag","embeddable":true,"href":"https:\/\/radioljubuski.ba\/index.php\/wp-json\/wp\/v2\/tags?post=94933"}],"curies":[{"name":"wp","href":"https:\/\/api.w.org\/{rel}","templated":true}]}}