{"id":94936,"date":"2021-12-01T23:21:38","date_gmt":"2021-12-01T22:21:38","guid":{"rendered":"https:\/\/radioljubuski.ba\/?p=94936"},"modified":"2021-12-01T23:21:40","modified_gmt":"2021-12-01T22:21:40","slug":"mlada-pakistanka-malala-svecano-primila-oxfordsku-diplomu-ipak-njena-sreca-nije-bila-potpuna","status":"publish","type":"post","link":"https:\/\/radioljubuski.ba\/index.php\/2021\/12\/01\/mlada-pakistanka-malala-svecano-primila-oxfordsku-diplomu-ipak-njena-sreca-nije-bila-potpuna\/","title":{"rendered":"Mlada Pakistanka Malala sve\u010dano primila oxfordsku diplomu, ipak njena sre\u0107a nije bila potpuna"},"content":{"rendered":"\n<p><strong>Malala Yousafzai<\/strong>&nbsp;u petak je diplomirala filozofiju, politiku i ekonomiju na Sveu\u010dili\u0161tu Oxford, devet godina nakon \u0161to su joj talibani pucali u glavu jer je vodila kampanju da se djevoj\u010dice \u0161koluju u njenom rodnom Pakistanu.<\/p>\n\n\n\n<p>Najmla\u0111a dobitnica Nobelove nagrade za mir u povijesti, koja sada ima 24 godine, na Instagramu je podijelila fotografije s ceremonije diplomiranja, koja se prvobitno trebala odr\u017eati u svibnju 2020., ali ju je COVID odlo\u017eio i preba\u010dena je na jesen 2021.<\/p>\n\n\n\n<p>Malala je pozirala u \u0161e\u0161iru i haljini dok je stajala pored Sveu\u010dili\u0161ta, kao i pored svojih ponosnih roditelja,&nbsp;<strong>Ziauddina Yousafzaija<\/strong>&nbsp;i&nbsp;<strong>Toor Pekai Yousafzai<\/strong>, i supruga&nbsp;<strong>Assera Malika<\/strong>, pi\u0161e Daily Mail, a prenosi&nbsp;<a href=\"https:\/\/radiosarajevo.ba\/vijesti\/svijet\/diplomirala-pakistanka-malala-koju-su-talibani-upucali-prije-devet-godina\/438746?fbclid=IwAR0RuHpTKLRNvCp2Y9vKvPKbJCBfjtbw3CBzDuuk7d0tQDcAuW3TIcvwHSU\" target=\"_blank\" rel=\"noreferrer noopener\">Radio Sarajevo.ba<\/a>.<\/p>\n\n\n\n<p>Ova vijest dolazi samo nekoliko mjeseci nakon \u0161to su talibani zabranili djevoj\u010dicama povratak u srednju \u0161kolu i zamijenili afganistansko \u017eensko ministarstvo odjelom za &#8220;poroke i vrline&#8221; koji se sastoji isklju\u010divo od mu\u0161karaca.<\/p>\n\n\n\n<p>Malalina objava s dodjele diplome prikupila je vi\u0161e od 800.000 lajkova i tisu\u0107e poruka \u010destitki njenih pratilaca.<\/p>\n\n\n\n<p>Malalin suprug je tako\u0111er proslavio njenu diplomu sa dvije fotografije na Twitteru, napisav\u0161i: &#8216;Mjesto u kojemu smo prvi put sreli bilo je malo posebnije na Malalin dan diplomiranja&#8217;.<\/p>\n\n\n\n<p>Na\u017ealost, Malalina sre\u0107a nije potpuna jer u Afganistanu djevoj\u010dice jo\u0161 se uvijek ne mogu vratiti u \u0161kolu. Talibani su u rujnu zabranili djevoj\u010dicama povratak u klupe i to dopustili samo mu\u0161karcima.<\/p>\n\n\n\n<p>Ina\u010de, Malali je u glavu pucao 15-godi\u0161nji napada\u010d nakon \u0161to je vodila kampanju da se djevoj\u010dice \u0161koluju u njenom Pakistanu.<\/p>\n\n\n\n<p>\u010cudom je pre\u017eivjela i hitno preba\u010dena u Britaniju na lije\u010denje. Nastavila je sa svojim radom, a sve je kulminiralo kada je 2014. godine, sa samo 17 godina, postala najmla\u0111a dobitnica Nobelove nagrade, prenosi&nbsp;<a href=\"https:\/\/radiosarajevo.ba\/vijesti\/svijet\/diplomirala-pakistanka-malala-koju-su-talibani-upucali-prije-devet-godina\/438746?fbclid=IwAR0RuHpTKLRNvCp2Y9vKvPKbJCBfjtbw3CBzDuuk7d0tQDcAuW3TIcvwHSU\" target=\"_blank\" rel=\"noreferrer noopener\">Radio Sarajevo.ba<\/a>.<\/p>\n\n\n\n<p><strong>PI\u0160E&nbsp;<\/strong>PSD<\/p>\n","protected":false},"excerpt":{"rendered":"<p>Malala Yousafzai&nbsp;u petak je diplomirala filozofiju, politiku i ekonomiju na Sveu\u010dili\u0161tu Oxford, devet godina nakon \u0161to su joj talibani pucali u glavu jer je vodila kampanju da se djevoj\u010dice \u0161koluju u njenom rodnom Pakistanu. Najmla\u0111a dobitnica Nobelove nagrade za mir u povijesti, koja sada ima 24 godine, na Instagramu je podijelila fotografije s ceremonije diplomiranja, [&hellip;]<\/p>\n","protected":false},"author":2,"featured_media":94937,"comment_status":"closed","ping_status":"closed","sticky":false,"template":"","format":"standard","meta":{"h5ap_radio_sources":[],"footnotes":""},"categories":[1],"tags":[],"class_list":["post-94936","post","type-post","status-publish","format-standard","has-post-thumbnail","hentry","category-bihiregija"],"yoast_head":"<!-- This site is optimized with the Yoast SEO plugin v27.4 - https:\/\/yoast.com\/product\/yoast-seo-wordpress\/ -->\n<title>Mlada Pakistanka Malala sve\u010dano primila oxfordsku diplomu, ipak njena sre\u0107a nije bila potpuna - RADIO LJUBU\u0160KI<\/title>\n<meta name=\"robots\" content=\"index, follow, max-snippet:-1, max-image-preview:large, max-video-preview:-1\" \/>\n<link rel=\"canonical\" href=\"https:\/\/radioljubuski.ba\/index.php\/2021\/12\/01\/mlada-pakistanka-malala-svecano-primila-oxfordsku-diplomu-ipak-njena-sreca-nije-bila-potpuna\/\" \/>\n<meta property=\"og:locale\" content=\"hr_HR\" \/>\n<meta property=\"og:type\" content=\"article\" \/>\n<meta property=\"og:title\" content=\"Mlada Pakistanka Malala sve\u010dano primila oxfordsku diplomu, ipak njena sre\u0107a nije bila potpuna - RADIO LJUBU\u0160KI\" \/>\n<meta property=\"og:description\" content=\"Malala Yousafzai&nbsp;u petak je diplomirala filozofiju, politiku i ekonomiju na Sveu\u010dili\u0161tu Oxford, devet godina nakon \u0161to su joj talibani pucali u glavu jer je vodila kampanju da se djevoj\u010dice \u0161koluju u njenom rodnom Pakistanu. Najmla\u0111a dobitnica Nobelove nagrade za mir u povijesti, koja sada ima 24 godine, na Instagramu je podijelila fotografije s ceremonije diplomiranja, [&hellip;]\" \/>\n<meta property=\"og:url\" content=\"https:\/\/radioljubuski.ba\/index.php\/2021\/12\/01\/mlada-pakistanka-malala-svecano-primila-oxfordsku-diplomu-ipak-njena-sreca-nije-bila-potpuna\/\" \/>\n<meta property=\"og:site_name\" content=\"RADIO LJUBU\u0160KI\" \/>\n<meta property=\"article:publisher\" content=\"https:\/\/www.facebook.com\/Radiio-Ljubuski-1490835324566332\" \/>\n<meta property=\"article:published_time\" content=\"2021-12-01T22:21:38+00:00\" \/>\n<meta property=\"article:modified_time\" content=\"2021-12-01T22:21:40+00:00\" \/>\n<meta property=\"og:image\" content=\"https:\/\/radioljubuski.ba\/wp-content\/uploads\/2021\/12\/o_20183842_1024.png\" \/>\n\t<meta property=\"og:image:width\" content=\"1024\" \/>\n\t<meta property=\"og:image:height\" content=\"644\" \/>\n\t<meta property=\"og:image:type\" content=\"image\/png\" \/>\n<meta name=\"author\" content=\"Radio Ljubu\u0161ki\" \/>\n<meta name=\"twitter:card\" content=\"summary_large_image\" \/>\n<meta name=\"twitter:creator\" content=\"@radioljubuski\" \/>\n<meta name=\"twitter:site\" content=\"@radioljubuski\" \/>\n<meta name=\"twitter:label1\" content=\"Napisao\/la\" \/>\n\t<meta name=\"twitter:data1\" content=\"Radio Ljubu\u0161ki\" \/>\n\t<meta name=\"twitter:label2\" content=\"Procijenjeno vrijeme \u010ditanja\" \/>\n\t<meta name=\"twitter:data2\" content=\"2 minute\" \/>\n<script type=\"application\/ld+json\" class=\"yoast-schema-graph\">{\"@context\":\"https:\\\/\\\/schema.org\",\"@graph\":[{\"@type\":\"Article\",\"@id\":\"https:\\\/\\\/radioljubuski.ba\\\/index.php\\\/2021\\\/12\\\/01\\\/mlada-pakistanka-malala-svecano-primila-oxfordsku-diplomu-ipak-njena-sreca-nije-bila-potpuna\\\/#article\",\"isPartOf\":{\"@id\":\"https:\\\/\\\/radioljubuski.ba\\\/index.php\\\/2021\\\/12\\\/01\\\/mlada-pakistanka-malala-svecano-primila-oxfordsku-diplomu-ipak-njena-sreca-nije-bila-potpuna\\\/\"},\"author\":{\"name\":\"Radio Ljubu\u0161ki\",\"@id\":\"https:\\\/\\\/radioljubuski.ba\\\/#\\\/schema\\\/person\\\/19fc700381a780f69665d7956c469e3b\"},\"headline\":\"Mlada Pakistanka Malala sve\u010dano primila oxfordsku diplomu, ipak njena sre\u0107a nije bila potpuna\",\"datePublished\":\"2021-12-01T22:21:38+00:00\",\"dateModified\":\"2021-12-01T22:21:40+00:00\",\"mainEntityOfPage\":{\"@id\":\"https:\\\/\\\/radioljubuski.ba\\\/index.php\\\/2021\\\/12\\\/01\\\/mlada-pakistanka-malala-svecano-primila-oxfordsku-diplomu-ipak-njena-sreca-nije-bila-potpuna\\\/\"},\"wordCount\":325,\"publisher\":{\"@id\":\"https:\\\/\\\/radioljubuski.ba\\\/#organization\"},\"image\":{\"@id\":\"https:\\\/\\\/radioljubuski.ba\\\/index.php\\\/2021\\\/12\\\/01\\\/mlada-pakistanka-malala-svecano-primila-oxfordsku-diplomu-ipak-njena-sreca-nije-bila-potpuna\\\/#primaryimage\"},\"thumbnailUrl\":\"https:\\\/\\\/radioljubuski.ba\\\/wp-content\\\/uploads\\\/2021\\\/12\\\/o_20183842_1024.png\",\"articleSection\":[\"BIH i regija\"],\"inLanguage\":\"hr\"},{\"@type\":\"WebPage\",\"@id\":\"https:\\\/\\\/radioljubuski.ba\\\/index.php\\\/2021\\\/12\\\/01\\\/mlada-pakistanka-malala-svecano-primila-oxfordsku-diplomu-ipak-njena-sreca-nije-bila-potpuna\\\/\",\"url\":\"https:\\\/\\\/radioljubuski.ba\\\/index.php\\\/2021\\\/12\\\/01\\\/mlada-pakistanka-malala-svecano-primila-oxfordsku-diplomu-ipak-njena-sreca-nije-bila-potpuna\\\/\",\"name\":\"Mlada Pakistanka Malala sve\u010dano primila oxfordsku diplomu, ipak njena sre\u0107a nije bila potpuna - RADIO LJUBU\u0160KI\",\"isPartOf\":{\"@id\":\"https:\\\/\\\/radioljubuski.ba\\\/#website\"},\"primaryImageOfPage\":{\"@id\":\"https:\\\/\\\/radioljubuski.ba\\\/index.php\\\/2021\\\/12\\\/01\\\/mlada-pakistanka-malala-svecano-primila-oxfordsku-diplomu-ipak-njena-sreca-nije-bila-potpuna\\\/#primaryimage\"},\"image\":{\"@id\":\"https:\\\/\\\/radioljubuski.ba\\\/index.php\\\/2021\\\/12\\\/01\\\/mlada-pakistanka-malala-svecano-primila-oxfordsku-diplomu-ipak-njena-sreca-nije-bila-potpuna\\\/#primaryimage\"},\"thumbnailUrl\":\"https:\\\/\\\/radioljubuski.ba\\\/wp-content\\\/uploads\\\/2021\\\/12\\\/o_20183842_1024.png\",\"datePublished\":\"2021-12-01T22:21:38+00:00\",\"dateModified\":\"2021-12-01T22:21:40+00:00\",\"breadcrumb\":{\"@id\":\"https:\\\/\\\/radioljubuski.ba\\\/index.php\\\/2021\\\/12\\\/01\\\/mlada-pakistanka-malala-svecano-primila-oxfordsku-diplomu-ipak-njena-sreca-nije-bila-potpuna\\\/#breadcrumb\"},\"inLanguage\":\"hr\",\"potentialAction\":[{\"@type\":\"ReadAction\",\"target\":[\"https:\\\/\\\/radioljubuski.ba\\\/index.php\\\/2021\\\/12\\\/01\\\/mlada-pakistanka-malala-svecano-primila-oxfordsku-diplomu-ipak-njena-sreca-nije-bila-potpuna\\\/\"]}]},{\"@type\":\"ImageObject\",\"inLanguage\":\"hr\",\"@id\":\"https:\\\/\\\/radioljubuski.ba\\\/index.php\\\/2021\\\/12\\\/01\\\/mlada-pakistanka-malala-svecano-primila-oxfordsku-diplomu-ipak-njena-sreca-nije-bila-potpuna\\\/#primaryimage\",\"url\":\"https:\\\/\\\/radioljubuski.ba\\\/wp-content\\\/uploads\\\/2021\\\/12\\\/o_20183842_1024.png\",\"contentUrl\":\"https:\\\/\\\/radioljubuski.ba\\\/wp-content\\\/uploads\\\/2021\\\/12\\\/o_20183842_1024.png\",\"width\":1024,\"height\":644},{\"@type\":\"BreadcrumbList\",\"@id\":\"https:\\\/\\\/radioljubuski.ba\\\/index.php\\\/2021\\\/12\\\/01\\\/mlada-pakistanka-malala-svecano-primila-oxfordsku-diplomu-ipak-njena-sreca-nije-bila-potpuna\\\/#breadcrumb\",\"itemListElement\":[{\"@type\":\"ListItem\",\"position\":1,\"name\":\"Po\u010detna stranica\",\"item\":\"https:\\\/\\\/radioljubuski.ba\\\/\"},{\"@type\":\"ListItem\",\"position\":2,\"name\":\"Mlada Pakistanka Malala sve\u010dano primila oxfordsku diplomu, ipak njena sre\u0107a nije bila potpuna\"}]},{\"@type\":\"WebSite\",\"@id\":\"https:\\\/\\\/radioljubuski.ba\\\/#website\",\"url\":\"https:\\\/\\\/radioljubuski.ba\\\/\",\"name\":\"Radio Ljubu\u0161ki\",\"description\":\"Sun\u010dana frekvencija Hercegovine\",\"publisher\":{\"@id\":\"https:\\\/\\\/radioljubuski.ba\\\/#organization\"},\"potentialAction\":[{\"@type\":\"SearchAction\",\"target\":{\"@type\":\"EntryPoint\",\"urlTemplate\":\"https:\\\/\\\/radioljubuski.ba\\\/?s={search_term_string}\"},\"query-input\":{\"@type\":\"PropertyValueSpecification\",\"valueRequired\":true,\"valueName\":\"search_term_string\"}}],\"inLanguage\":\"hr\"},{\"@type\":\"Organization\",\"@id\":\"https:\\\/\\\/radioljubuski.ba\\\/#organization\",\"name\":\"Radio Ljubu\u0161ki\",\"url\":\"https:\\\/\\\/radioljubuski.ba\\\/\",\"logo\":{\"@type\":\"ImageObject\",\"inLanguage\":\"hr\",\"@id\":\"https:\\\/\\\/radioljubuski.ba\\\/#\\\/schema\\\/logo\\\/image\\\/\",\"url\":\"https:\\\/\\\/radioljubuski.ba\\\/wp-content\\\/uploads\\\/2021\\\/02\\\/cropped-Radio_Ljubuski_logo1.jpg\",\"contentUrl\":\"https:\\\/\\\/radioljubuski.ba\\\/wp-content\\\/uploads\\\/2021\\\/02\\\/cropped-Radio_Ljubuski_logo1.jpg\",\"width\":512,\"height\":512,\"caption\":\"Radio Ljubu\u0161ki\"},\"image\":{\"@id\":\"https:\\\/\\\/radioljubuski.ba\\\/#\\\/schema\\\/logo\\\/image\\\/\"},\"sameAs\":[\"https:\\\/\\\/www.facebook.com\\\/Radiio-Ljubuski-1490835324566332\",\"https:\\\/\\\/x.com\\\/radioljubuski\",\"https:\\\/\\\/hr.linkedin.com\\\/company\\\/radio-ljubuski\",\"https:\\\/\\\/www.youtube.com\\\/channel\\\/UCHYaeO_n0Db3tjNGudGpXyw\"]},{\"@type\":\"Person\",\"@id\":\"https:\\\/\\\/radioljubuski.ba\\\/#\\\/schema\\\/person\\\/19fc700381a780f69665d7956c469e3b\",\"name\":\"Radio Ljubu\u0161ki\"}]}<\/script>\n<!-- \/ Yoast SEO plugin. -->","yoast_head_json":{"title":"Mlada Pakistanka Malala sve\u010dano primila oxfordsku diplomu, ipak njena sre\u0107a nije bila potpuna - RADIO LJUBU\u0160KI","robots":{"index":"index","follow":"follow","max-snippet":"max-snippet:-1","max-image-preview":"max-image-preview:large","max-video-preview":"max-video-preview:-1"},"canonical":"https:\/\/radioljubuski.ba\/index.php\/2021\/12\/01\/mlada-pakistanka-malala-svecano-primila-oxfordsku-diplomu-ipak-njena-sreca-nije-bila-potpuna\/","og_locale":"hr_HR","og_type":"article","og_title":"Mlada Pakistanka Malala sve\u010dano primila oxfordsku diplomu, ipak njena sre\u0107a nije bila potpuna - RADIO LJUBU\u0160KI","og_description":"Malala Yousafzai&nbsp;u petak je diplomirala filozofiju, politiku i ekonomiju na Sveu\u010dili\u0161tu Oxford, devet godina nakon \u0161to su joj talibani pucali u glavu jer je vodila kampanju da se djevoj\u010dice \u0161koluju u njenom rodnom Pakistanu. Najmla\u0111a dobitnica Nobelove nagrade za mir u povijesti, koja sada ima 24 godine, na Instagramu je podijelila fotografije s ceremonije diplomiranja, [&hellip;]","og_url":"https:\/\/radioljubuski.ba\/index.php\/2021\/12\/01\/mlada-pakistanka-malala-svecano-primila-oxfordsku-diplomu-ipak-njena-sreca-nije-bila-potpuna\/","og_site_name":"RADIO LJUBU\u0160KI","article_publisher":"https:\/\/www.facebook.com\/Radiio-Ljubuski-1490835324566332","article_published_time":"2021-12-01T22:21:38+00:00","article_modified_time":"2021-12-01T22:21:40+00:00","og_image":[{"width":1024,"height":644,"url":"https:\/\/radioljubuski.ba\/wp-content\/uploads\/2021\/12\/o_20183842_1024.png","type":"image\/png"}],"author":"Radio Ljubu\u0161ki","twitter_card":"summary_large_image","twitter_creator":"@radioljubuski","twitter_site":"@radioljubuski","twitter_misc":{"Napisao\/la":"Radio Ljubu\u0161ki","Procijenjeno vrijeme \u010ditanja":"2 minute"},"schema":{"@context":"https:\/\/schema.org","@graph":[{"@type":"Article","@id":"https:\/\/radioljubuski.ba\/index.php\/2021\/12\/01\/mlada-pakistanka-malala-svecano-primila-oxfordsku-diplomu-ipak-njena-sreca-nije-bila-potpuna\/#article","isPartOf":{"@id":"https:\/\/radioljubuski.ba\/index.php\/2021\/12\/01\/mlada-pakistanka-malala-svecano-primila-oxfordsku-diplomu-ipak-njena-sreca-nije-bila-potpuna\/"},"author":{"name":"Radio Ljubu\u0161ki","@id":"https:\/\/radioljubuski.ba\/#\/schema\/person\/19fc700381a780f69665d7956c469e3b"},"headline":"Mlada Pakistanka Malala sve\u010dano primila oxfordsku diplomu, ipak njena sre\u0107a nije bila potpuna","datePublished":"2021-12-01T22:21:38+00:00","dateModified":"2021-12-01T22:21:40+00:00","mainEntityOfPage":{"@id":"https:\/\/radioljubuski.ba\/index.php\/2021\/12\/01\/mlada-pakistanka-malala-svecano-primila-oxfordsku-diplomu-ipak-njena-sreca-nije-bila-potpuna\/"},"wordCount":325,"publisher":{"@id":"https:\/\/radioljubuski.ba\/#organization"},"image":{"@id":"https:\/\/radioljubuski.ba\/index.php\/2021\/12\/01\/mlada-pakistanka-malala-svecano-primila-oxfordsku-diplomu-ipak-njena-sreca-nije-bila-potpuna\/#primaryimage"},"thumbnailUrl":"https:\/\/radioljubuski.ba\/wp-content\/uploads\/2021\/12\/o_20183842_1024.png","articleSection":["BIH i regija"],"inLanguage":"hr"},{"@type":"WebPage","@id":"https:\/\/radioljubuski.ba\/index.php\/2021\/12\/01\/mlada-pakistanka-malala-svecano-primila-oxfordsku-diplomu-ipak-njena-sreca-nije-bila-potpuna\/","url":"https:\/\/radioljubuski.ba\/index.php\/2021\/12\/01\/mlada-pakistanka-malala-svecano-primila-oxfordsku-diplomu-ipak-njena-sreca-nije-bila-potpuna\/","name":"Mlada Pakistanka Malala sve\u010dano primila oxfordsku diplomu, ipak njena sre\u0107a nije bila potpuna - RADIO LJUBU\u0160KI","isPartOf":{"@id":"https:\/\/radioljubuski.ba\/#website"},"primaryImageOfPage":{"@id":"https:\/\/radioljubuski.ba\/index.php\/2021\/12\/01\/mlada-pakistanka-malala-svecano-primila-oxfordsku-diplomu-ipak-njena-sreca-nije-bila-potpuna\/#primaryimage"},"image":{"@id":"https:\/\/radioljubuski.ba\/index.php\/2021\/12\/01\/mlada-pakistanka-malala-svecano-primila-oxfordsku-diplomu-ipak-njena-sreca-nije-bila-potpuna\/#primaryimage"},"thumbnailUrl":"https:\/\/radioljubuski.ba\/wp-content\/uploads\/2021\/12\/o_20183842_1024.png","datePublished":"2021-12-01T22:21:38+00:00","dateModified":"2021-12-01T22:21:40+00:00","breadcrumb":{"@id":"https:\/\/radioljubuski.ba\/index.php\/2021\/12\/01\/mlada-pakistanka-malala-svecano-primila-oxfordsku-diplomu-ipak-njena-sreca-nije-bila-potpuna\/#breadcrumb"},"inLanguage":"hr","potentialAction":[{"@type":"ReadAction","target":["https:\/\/radioljubuski.ba\/index.php\/2021\/12\/01\/mlada-pakistanka-malala-svecano-primila-oxfordsku-diplomu-ipak-njena-sreca-nije-bila-potpuna\/"]}]},{"@type":"ImageObject","inLanguage":"hr","@id":"https:\/\/radioljubuski.ba\/index.php\/2021\/12\/01\/mlada-pakistanka-malala-svecano-primila-oxfordsku-diplomu-ipak-njena-sreca-nije-bila-potpuna\/#primaryimage","url":"https:\/\/radioljubuski.ba\/wp-content\/uploads\/2021\/12\/o_20183842_1024.png","contentUrl":"https:\/\/radioljubuski.ba\/wp-content\/uploads\/2021\/12\/o_20183842_1024.png","width":1024,"height":644},{"@type":"BreadcrumbList","@id":"https:\/\/radioljubuski.ba\/index.php\/2021\/12\/01\/mlada-pakistanka-malala-svecano-primila-oxfordsku-diplomu-ipak-njena-sreca-nije-bila-potpuna\/#breadcrumb","itemListElement":[{"@type":"ListItem","position":1,"name":"Po\u010detna stranica","item":"https:\/\/radioljubuski.ba\/"},{"@type":"ListItem","position":2,"name":"Mlada Pakistanka Malala sve\u010dano primila oxfordsku diplomu, ipak njena sre\u0107a nije bila potpuna"}]},{"@type":"WebSite","@id":"https:\/\/radioljubuski.ba\/#website","url":"https:\/\/radioljubuski.ba\/","name":"Radio Ljubu\u0161ki","description":"Sun\u010dana frekvencija Hercegovine","publisher":{"@id":"https:\/\/radioljubuski.ba\/#organization"},"potentialAction":[{"@type":"SearchAction","target":{"@type":"EntryPoint","urlTemplate":"https:\/\/radioljubuski.ba\/?s={search_term_string}"},"query-input":{"@type":"PropertyValueSpecification","valueRequired":true,"valueName":"search_term_string"}}],"inLanguage":"hr"},{"@type":"Organization","@id":"https:\/\/radioljubuski.ba\/#organization","name":"Radio Ljubu\u0161ki","url":"https:\/\/radioljubuski.ba\/","logo":{"@type":"ImageObject","inLanguage":"hr","@id":"https:\/\/radioljubuski.ba\/#\/schema\/logo\/image\/","url":"https:\/\/radioljubuski.ba\/wp-content\/uploads\/2021\/02\/cropped-Radio_Ljubuski_logo1.jpg","contentUrl":"https:\/\/radioljubuski.ba\/wp-content\/uploads\/2021\/02\/cropped-Radio_Ljubuski_logo1.jpg","width":512,"height":512,"caption":"Radio Ljubu\u0161ki"},"image":{"@id":"https:\/\/radioljubuski.ba\/#\/schema\/logo\/image\/"},"sameAs":["https:\/\/www.facebook.com\/Radiio-Ljubuski-1490835324566332","https:\/\/x.com\/radioljubuski","https:\/\/hr.linkedin.com\/company\/radio-ljubuski","https:\/\/www.youtube.com\/channel\/UCHYaeO_n0Db3tjNGudGpXyw"]},{"@type":"Person","@id":"https:\/\/radioljubuski.ba\/#\/schema\/person\/19fc700381a780f69665d7956c469e3b","name":"Radio Ljubu\u0161ki"}]}},"_links":{"self":[{"href":"https:\/\/radioljubuski.ba\/index.php\/wp-json\/wp\/v2\/posts\/94936","targetHints":{"allow":["GET"]}}],"collection":[{"href":"https:\/\/radioljubuski.ba\/index.php\/wp-json\/wp\/v2\/posts"}],"about":[{"href":"https:\/\/radioljubuski.ba\/index.php\/wp-json\/wp\/v2\/types\/post"}],"author":[{"embeddable":true,"href":"https:\/\/radioljubuski.ba\/index.php\/wp-json\/wp\/v2\/users\/2"}],"replies":[{"embeddable":true,"href":"https:\/\/radioljubuski.ba\/index.php\/wp-json\/wp\/v2\/comments?post=94936"}],"version-history":[{"count":1,"href":"https:\/\/radioljubuski.ba\/index.php\/wp-json\/wp\/v2\/posts\/94936\/revisions"}],"predecessor-version":[{"id":94938,"href":"https:\/\/radioljubuski.ba\/index.php\/wp-json\/wp\/v2\/posts\/94936\/revisions\/94938"}],"wp:featuredmedia":[{"embeddable":true,"href":"https:\/\/radioljubuski.ba\/index.php\/wp-json\/wp\/v2\/media\/94937"}],"wp:attachment":[{"href":"https:\/\/radioljubuski.ba\/index.php\/wp-json\/wp\/v2\/media?parent=94936"}],"wp:term":[{"taxonomy":"category","embeddable":true,"href":"https:\/\/radioljubuski.ba\/index.php\/wp-json\/wp\/v2\/categories?post=94936"},{"taxonomy":"post_tag","embeddable":true,"href":"https:\/\/radioljubuski.ba\/index.php\/wp-json\/wp\/v2\/tags?post=94936"}],"curies":[{"name":"wp","href":"https:\/\/api.w.org\/{rel}","templated":true}]}}