{"id":94939,"date":"2021-12-01T23:22:49","date_gmt":"2021-12-01T22:22:49","guid":{"rendered":"https:\/\/radioljubuski.ba\/?p=94939"},"modified":"2021-12-01T23:22:50","modified_gmt":"2021-12-01T22:22:50","slug":"odrzana-komemoracija-u-povodu-smrti-glumice-hadzije-hadzibajramovic","status":"publish","type":"post","link":"https:\/\/radioljubuski.ba\/index.php\/2021\/12\/01\/odrzana-komemoracija-u-povodu-smrti-glumice-hadzije-hadzibajramovic\/","title":{"rendered":"Odr\u017eana komemoracija u povodu smrti glumice Had\u017eije Had\u017eibajramovi\u0107"},"content":{"rendered":"\n<p>Komemoracija u povodu smrti glumice Had\u017eije Had\u017eibajramovi\u0107 odr\u017eana je u srijedu nave\u010der u Narodnom pozori\u0161tu Mostar, a tom prigodom prikazan je i kratki film o njezinom \u017eivotu.<\/p>\n\n\n\n<p>Direktor Narodnog pozori\u0161ta Mostar Almir Mujkanovi\u0107 kazao je kako je iz pozicije direktora Narodnog pozori\u0161ta vrlo nezahvalno govoriti o liku i djelu Had\u017eije Had\u017eibajramovi\u0107 iz razloga \u0161to je ona, kako je rekao, napravila tu mostarsku teatarsku ku\u0107u.<\/p>\n\n\n\n<p>&#8211; Sve smo nau\u010dili od Had\u017eije Had\u017eibajramovi\u0107, odnosno ona je postavila temelje za sve to. Ako mene pitate Had\u017eija Had\u017eibajramovi\u0107 je i otac i majka ove ku\u0107e i tako \u0107emo se prema njoj odnositi. Dugujemo joj svakako svi zajedno jedno veliko hvala i naklon &#8211; kazao je Mujkanovi\u0107.<\/p>\n\n\n\n<p>Po njegovim rije\u010dima, Had\u017eije Had\u017eibajramovi\u0107 je stvorila ne\u0161to na \u0161to se mo\u017ee biti ponosan i povijesna je osoba za bh. kulturnu scenu.<\/p>\n\n\n\n<p>Doajen mostarskog glumi\u0161ta i dugogodi\u0161nji Had\u017eijin kolega Velimir P\u0161eni\u010dnik Njiri\u0107 kazao je kako \u0107e ju posebno pamtiti po premijeri iz 1978. godine &#8220;Gorko sunce&#8221; u kojoj su zajedno igrali prvu scenu.<\/p>\n\n\n\n<p>&#8211; Had\u017eija je bila fantasti\u010dna partnerica. Bila je to\u010dna i precizna u poslu. Nije bila od onih skandaloznih i nezadovoljnih glumica ve\u0107 je bila vrlo profesionalna &#8211; kazao je P\u0161eni\u010dnik Njiri\u0107.<\/p>\n\n\n\n<p>Kazao je kako njih dvoje imaju isti korijen u kazali\u0161nom amaterizmu.<\/p>\n\n\n\n<p>&#8211; Do\u0161li smo u ovu \u010darobnu kutiju i ostvarili se i kao ljudi i kao glumci \u2013 naglasio je P\u0161eni\u010dnik Njiri\u0107.<\/p>\n\n\n\n<p>Novinar i publicist Zlatko Serdarevi\u0107 kazao je da je Had\u017eija Had\u017eibajramovi\u0107 odigrala vrlo zna\u010dajnu ulogu tijekom i poslije pro\u0161log rata na afirmaciji kulture.<\/p>\n\n\n\n<p>&#8211; Svi nju ve\u017eu za Narodno pozori\u0161te \u0161to je istina, naravno. Me\u0111utim, on je u Dru\u0161tvu umjetnika Mostara bila \u0161efica sekcije za teatar i bila je vezana za cjelokupan kulturni program u Mostaru kada je &#8216;grmilo i sijevalo&#8217; i kada se ginulo. Taj duhovni otpor kroz kulturu je jako puno zna\u010dio ne samo nama kreatorima, organizatorima i sudionicima u programu ve\u0107 i cijelom narodu. Njezine predstave u kamernim prostorima pod ru\u0161evinama su non stop bile maksimalno posje\u0107ene. Narod je osje\u0107ao da treba taj jedan moralni faktor da se izdr\u017ei sve to &#8211; kazao je Serdarevi\u0107.<\/p>\n\n\n\n<p>S druge strane, prisjetio se Serdarevi\u0107, u najgorim trenutcima ostala je i kuhala hranu za mostarske borce.<\/p>\n\n\n\n<p>&#8211; I njezin nadimak, kojeg poznaje uzak krug ljudi, bio je Mama &#8211; kazao je Serdarevi\u0107.<\/p>\n\n\n\n<p>Had\u017eija Had\u017eibajramovi\u0107 (Sanski Most, 2. 8. 1942. &#8211; Mostar, 27. 11. 2021. godine) bila je glumica i dugogodi\u0161nja direktorica Narodnog pozori\u0161ta u Mostaru.<\/p>\n\n\n\n<p>Iako je svojevremeno izjavila da se kazali\u0161tem bavila jo\u0161 kako je prohodala i predstave pravila odmalena, \u017eivot ju je odveo drugim putem, pa je diplomirala matematiku i fiziku.<\/p>\n\n\n\n<p>Doajenka mostarskog glumi\u0161ta svoju karijeru po\u010dinje 1964. godine u Amaterskom pozori\u0161tu Prijedor koje je u to vrijeme bilo poluprofesionalno. Ali, ni tada se nije opredijelila samo za glumu te se umjetno\u0161\u0107u bavila paralelno s pedago\u0161kim radom.<\/p>\n\n\n\n<p>Nakon nagrade za najbolju glumicu na Festivalu jugoslavenskih amatera na Hvaru 1969. godine, dolazi u Narodno pozori\u0161te u Mostaru, gdje ostaje sve do mirovine. Iako je tada imala nekoliko ponuda za anga\u017eman u profesionalnim teatrima, onu koju je dobila od tada\u0161njeg upravnika Narodnog pozori\u0161ta Mostar Safeta \u0106i\u0161i\u0107a nije mogla odbiti.<\/p>\n\n\n\n<p>&#8220;Nikad nisam vidjela Mostar, a kad sam do\u0161la odmah me op\u010dinio, posebno Stari grad. Kao bajka. Safet \u0106i\u0161i\u0107 bio je dobar i spretan upravnik, prihvatila sam ponudu i mislila ostati kratko. Ali ostala sam do kraja, i nisam se pokajala. Ni jednom\u201d, svojevremeno je izjavila o svojim prvim utiscima o Mostaru.<\/p>\n\n\n\n<p>Funkciju direktorice Narodnog pozori\u0161ta obavljala je od 3. sije\u010dnja 1994. do 31. svibnja 1999. godine. Za pet godina i \u010detiri mjeseca, koliko je upravljala NP Mostar, izvedene su 23 premijere.<\/p>\n\n\n\n<p>Izvor:pogled.ba<\/p>\n","protected":false},"excerpt":{"rendered":"<p>Komemoracija u povodu smrti glumice Had\u017eije Had\u017eibajramovi\u0107 odr\u017eana je u srijedu nave\u010der u Narodnom pozori\u0161tu Mostar, a tom prigodom prikazan je i kratki film o njezinom \u017eivotu. Direktor Narodnog pozori\u0161ta Mostar Almir Mujkanovi\u0107 kazao je kako je iz pozicije direktora Narodnog pozori\u0161ta vrlo nezahvalno govoriti o liku i djelu Had\u017eije Had\u017eibajramovi\u0107 iz razloga \u0161to je [&hellip;]<\/p>\n","protected":false},"author":2,"featured_media":94940,"comment_status":"closed","ping_status":"closed","sticky":false,"template":"","format":"standard","meta":{"h5ap_radio_sources":[],"footnotes":""},"categories":[1],"tags":[],"class_list":["post-94939","post","type-post","status-publish","format-standard","has-post-thumbnail","hentry","category-bihiregija"],"yoast_head":"<!-- This site is optimized with the Yoast SEO plugin v27.4 - https:\/\/yoast.com\/product\/yoast-seo-wordpress\/ -->\n<title>Odr\u017eana komemoracija u povodu smrti glumice Had\u017eije Had\u017eibajramovi\u0107 - RADIO LJUBU\u0160KI<\/title>\n<meta name=\"robots\" content=\"index, follow, max-snippet:-1, max-image-preview:large, max-video-preview:-1\" \/>\n<link rel=\"canonical\" href=\"https:\/\/radioljubuski.ba\/index.php\/2021\/12\/01\/odrzana-komemoracija-u-povodu-smrti-glumice-hadzije-hadzibajramovic\/\" \/>\n<meta property=\"og:locale\" content=\"hr_HR\" \/>\n<meta property=\"og:type\" content=\"article\" \/>\n<meta property=\"og:title\" content=\"Odr\u017eana komemoracija u povodu smrti glumice Had\u017eije Had\u017eibajramovi\u0107 - RADIO LJUBU\u0160KI\" \/>\n<meta property=\"og:description\" content=\"Komemoracija u povodu smrti glumice Had\u017eije Had\u017eibajramovi\u0107 odr\u017eana je u srijedu nave\u010der u Narodnom pozori\u0161tu Mostar, a tom prigodom prikazan je i kratki film o njezinom \u017eivotu. Direktor Narodnog pozori\u0161ta Mostar Almir Mujkanovi\u0107 kazao je kako je iz pozicije direktora Narodnog pozori\u0161ta vrlo nezahvalno govoriti o liku i djelu Had\u017eije Had\u017eibajramovi\u0107 iz razloga \u0161to je [&hellip;]\" \/>\n<meta property=\"og:url\" content=\"https:\/\/radioljubuski.ba\/index.php\/2021\/12\/01\/odrzana-komemoracija-u-povodu-smrti-glumice-hadzije-hadzibajramovic\/\" \/>\n<meta property=\"og:site_name\" content=\"RADIO LJUBU\u0160KI\" \/>\n<meta property=\"article:publisher\" content=\"https:\/\/www.facebook.com\/Radiio-Ljubuski-1490835324566332\" \/>\n<meta property=\"article:published_time\" content=\"2021-12-01T22:22:49+00:00\" \/>\n<meta property=\"article:modified_time\" content=\"2021-12-01T22:22:50+00:00\" \/>\n<meta property=\"og:image\" content=\"https:\/\/radioljubuski.ba\/wp-content\/uploads\/2021\/12\/3-2021-12-01-19-24-15-KOMEMORACJA.jpg\" \/>\n\t<meta property=\"og:image:width\" content=\"1000\" \/>\n\t<meta property=\"og:image:height\" content=\"625\" \/>\n\t<meta property=\"og:image:type\" content=\"image\/jpeg\" \/>\n<meta name=\"author\" content=\"Radio Ljubu\u0161ki\" \/>\n<meta name=\"twitter:card\" content=\"summary_large_image\" \/>\n<meta name=\"twitter:creator\" content=\"@radioljubuski\" \/>\n<meta name=\"twitter:site\" content=\"@radioljubuski\" \/>\n<meta name=\"twitter:label1\" content=\"Napisao\/la\" \/>\n\t<meta name=\"twitter:data1\" content=\"Radio Ljubu\u0161ki\" \/>\n\t<meta name=\"twitter:label2\" content=\"Procijenjeno vrijeme \u010ditanja\" \/>\n\t<meta name=\"twitter:data2\" content=\"3 minute\" \/>\n<script type=\"application\/ld+json\" class=\"yoast-schema-graph\">{\"@context\":\"https:\\\/\\\/schema.org\",\"@graph\":[{\"@type\":\"Article\",\"@id\":\"https:\\\/\\\/radioljubuski.ba\\\/index.php\\\/2021\\\/12\\\/01\\\/odrzana-komemoracija-u-povodu-smrti-glumice-hadzije-hadzibajramovic\\\/#article\",\"isPartOf\":{\"@id\":\"https:\\\/\\\/radioljubuski.ba\\\/index.php\\\/2021\\\/12\\\/01\\\/odrzana-komemoracija-u-povodu-smrti-glumice-hadzije-hadzibajramovic\\\/\"},\"author\":{\"name\":\"Radio Ljubu\u0161ki\",\"@id\":\"https:\\\/\\\/radioljubuski.ba\\\/#\\\/schema\\\/person\\\/19fc700381a780f69665d7956c469e3b\"},\"headline\":\"Odr\u017eana komemoracija u povodu smrti glumice Had\u017eije Had\u017eibajramovi\u0107\",\"datePublished\":\"2021-12-01T22:22:49+00:00\",\"dateModified\":\"2021-12-01T22:22:50+00:00\",\"mainEntityOfPage\":{\"@id\":\"https:\\\/\\\/radioljubuski.ba\\\/index.php\\\/2021\\\/12\\\/01\\\/odrzana-komemoracija-u-povodu-smrti-glumice-hadzije-hadzibajramovic\\\/\"},\"wordCount\":665,\"publisher\":{\"@id\":\"https:\\\/\\\/radioljubuski.ba\\\/#organization\"},\"image\":{\"@id\":\"https:\\\/\\\/radioljubuski.ba\\\/index.php\\\/2021\\\/12\\\/01\\\/odrzana-komemoracija-u-povodu-smrti-glumice-hadzije-hadzibajramovic\\\/#primaryimage\"},\"thumbnailUrl\":\"https:\\\/\\\/radioljubuski.ba\\\/wp-content\\\/uploads\\\/2021\\\/12\\\/3-2021-12-01-19-24-15-KOMEMORACJA.jpg\",\"articleSection\":[\"BIH i regija\"],\"inLanguage\":\"hr\"},{\"@type\":\"WebPage\",\"@id\":\"https:\\\/\\\/radioljubuski.ba\\\/index.php\\\/2021\\\/12\\\/01\\\/odrzana-komemoracija-u-povodu-smrti-glumice-hadzije-hadzibajramovic\\\/\",\"url\":\"https:\\\/\\\/radioljubuski.ba\\\/index.php\\\/2021\\\/12\\\/01\\\/odrzana-komemoracija-u-povodu-smrti-glumice-hadzije-hadzibajramovic\\\/\",\"name\":\"Odr\u017eana komemoracija u povodu smrti glumice Had\u017eije Had\u017eibajramovi\u0107 - RADIO LJUBU\u0160KI\",\"isPartOf\":{\"@id\":\"https:\\\/\\\/radioljubuski.ba\\\/#website\"},\"primaryImageOfPage\":{\"@id\":\"https:\\\/\\\/radioljubuski.ba\\\/index.php\\\/2021\\\/12\\\/01\\\/odrzana-komemoracija-u-povodu-smrti-glumice-hadzije-hadzibajramovic\\\/#primaryimage\"},\"image\":{\"@id\":\"https:\\\/\\\/radioljubuski.ba\\\/index.php\\\/2021\\\/12\\\/01\\\/odrzana-komemoracija-u-povodu-smrti-glumice-hadzije-hadzibajramovic\\\/#primaryimage\"},\"thumbnailUrl\":\"https:\\\/\\\/radioljubuski.ba\\\/wp-content\\\/uploads\\\/2021\\\/12\\\/3-2021-12-01-19-24-15-KOMEMORACJA.jpg\",\"datePublished\":\"2021-12-01T22:22:49+00:00\",\"dateModified\":\"2021-12-01T22:22:50+00:00\",\"breadcrumb\":{\"@id\":\"https:\\\/\\\/radioljubuski.ba\\\/index.php\\\/2021\\\/12\\\/01\\\/odrzana-komemoracija-u-povodu-smrti-glumice-hadzije-hadzibajramovic\\\/#breadcrumb\"},\"inLanguage\":\"hr\",\"potentialAction\":[{\"@type\":\"ReadAction\",\"target\":[\"https:\\\/\\\/radioljubuski.ba\\\/index.php\\\/2021\\\/12\\\/01\\\/odrzana-komemoracija-u-povodu-smrti-glumice-hadzije-hadzibajramovic\\\/\"]}]},{\"@type\":\"ImageObject\",\"inLanguage\":\"hr\",\"@id\":\"https:\\\/\\\/radioljubuski.ba\\\/index.php\\\/2021\\\/12\\\/01\\\/odrzana-komemoracija-u-povodu-smrti-glumice-hadzije-hadzibajramovic\\\/#primaryimage\",\"url\":\"https:\\\/\\\/radioljubuski.ba\\\/wp-content\\\/uploads\\\/2021\\\/12\\\/3-2021-12-01-19-24-15-KOMEMORACJA.jpg\",\"contentUrl\":\"https:\\\/\\\/radioljubuski.ba\\\/wp-content\\\/uploads\\\/2021\\\/12\\\/3-2021-12-01-19-24-15-KOMEMORACJA.jpg\",\"width\":1000,\"height\":625},{\"@type\":\"BreadcrumbList\",\"@id\":\"https:\\\/\\\/radioljubuski.ba\\\/index.php\\\/2021\\\/12\\\/01\\\/odrzana-komemoracija-u-povodu-smrti-glumice-hadzije-hadzibajramovic\\\/#breadcrumb\",\"itemListElement\":[{\"@type\":\"ListItem\",\"position\":1,\"name\":\"Po\u010detna stranica\",\"item\":\"https:\\\/\\\/radioljubuski.ba\\\/\"},{\"@type\":\"ListItem\",\"position\":2,\"name\":\"Odr\u017eana komemoracija u povodu smrti glumice Had\u017eije Had\u017eibajramovi\u0107\"}]},{\"@type\":\"WebSite\",\"@id\":\"https:\\\/\\\/radioljubuski.ba\\\/#website\",\"url\":\"https:\\\/\\\/radioljubuski.ba\\\/\",\"name\":\"Radio Ljubu\u0161ki\",\"description\":\"Sun\u010dana frekvencija Hercegovine\",\"publisher\":{\"@id\":\"https:\\\/\\\/radioljubuski.ba\\\/#organization\"},\"potentialAction\":[{\"@type\":\"SearchAction\",\"target\":{\"@type\":\"EntryPoint\",\"urlTemplate\":\"https:\\\/\\\/radioljubuski.ba\\\/?s={search_term_string}\"},\"query-input\":{\"@type\":\"PropertyValueSpecification\",\"valueRequired\":true,\"valueName\":\"search_term_string\"}}],\"inLanguage\":\"hr\"},{\"@type\":\"Organization\",\"@id\":\"https:\\\/\\\/radioljubuski.ba\\\/#organization\",\"name\":\"Radio Ljubu\u0161ki\",\"url\":\"https:\\\/\\\/radioljubuski.ba\\\/\",\"logo\":{\"@type\":\"ImageObject\",\"inLanguage\":\"hr\",\"@id\":\"https:\\\/\\\/radioljubuski.ba\\\/#\\\/schema\\\/logo\\\/image\\\/\",\"url\":\"https:\\\/\\\/radioljubuski.ba\\\/wp-content\\\/uploads\\\/2021\\\/02\\\/cropped-Radio_Ljubuski_logo1.jpg\",\"contentUrl\":\"https:\\\/\\\/radioljubuski.ba\\\/wp-content\\\/uploads\\\/2021\\\/02\\\/cropped-Radio_Ljubuski_logo1.jpg\",\"width\":512,\"height\":512,\"caption\":\"Radio Ljubu\u0161ki\"},\"image\":{\"@id\":\"https:\\\/\\\/radioljubuski.ba\\\/#\\\/schema\\\/logo\\\/image\\\/\"},\"sameAs\":[\"https:\\\/\\\/www.facebook.com\\\/Radiio-Ljubuski-1490835324566332\",\"https:\\\/\\\/x.com\\\/radioljubuski\",\"https:\\\/\\\/hr.linkedin.com\\\/company\\\/radio-ljubuski\",\"https:\\\/\\\/www.youtube.com\\\/channel\\\/UCHYaeO_n0Db3tjNGudGpXyw\"]},{\"@type\":\"Person\",\"@id\":\"https:\\\/\\\/radioljubuski.ba\\\/#\\\/schema\\\/person\\\/19fc700381a780f69665d7956c469e3b\",\"name\":\"Radio Ljubu\u0161ki\"}]}<\/script>\n<!-- \/ Yoast SEO plugin. -->","yoast_head_json":{"title":"Odr\u017eana komemoracija u povodu smrti glumice Had\u017eije Had\u017eibajramovi\u0107 - RADIO LJUBU\u0160KI","robots":{"index":"index","follow":"follow","max-snippet":"max-snippet:-1","max-image-preview":"max-image-preview:large","max-video-preview":"max-video-preview:-1"},"canonical":"https:\/\/radioljubuski.ba\/index.php\/2021\/12\/01\/odrzana-komemoracija-u-povodu-smrti-glumice-hadzije-hadzibajramovic\/","og_locale":"hr_HR","og_type":"article","og_title":"Odr\u017eana komemoracija u povodu smrti glumice Had\u017eije Had\u017eibajramovi\u0107 - RADIO LJUBU\u0160KI","og_description":"Komemoracija u povodu smrti glumice Had\u017eije Had\u017eibajramovi\u0107 odr\u017eana je u srijedu nave\u010der u Narodnom pozori\u0161tu Mostar, a tom prigodom prikazan je i kratki film o njezinom \u017eivotu. Direktor Narodnog pozori\u0161ta Mostar Almir Mujkanovi\u0107 kazao je kako je iz pozicije direktora Narodnog pozori\u0161ta vrlo nezahvalno govoriti o liku i djelu Had\u017eije Had\u017eibajramovi\u0107 iz razloga \u0161to je [&hellip;]","og_url":"https:\/\/radioljubuski.ba\/index.php\/2021\/12\/01\/odrzana-komemoracija-u-povodu-smrti-glumice-hadzije-hadzibajramovic\/","og_site_name":"RADIO LJUBU\u0160KI","article_publisher":"https:\/\/www.facebook.com\/Radiio-Ljubuski-1490835324566332","article_published_time":"2021-12-01T22:22:49+00:00","article_modified_time":"2021-12-01T22:22:50+00:00","og_image":[{"width":1000,"height":625,"url":"https:\/\/radioljubuski.ba\/wp-content\/uploads\/2021\/12\/3-2021-12-01-19-24-15-KOMEMORACJA.jpg","type":"image\/jpeg"}],"author":"Radio Ljubu\u0161ki","twitter_card":"summary_large_image","twitter_creator":"@radioljubuski","twitter_site":"@radioljubuski","twitter_misc":{"Napisao\/la":"Radio Ljubu\u0161ki","Procijenjeno vrijeme \u010ditanja":"3 minute"},"schema":{"@context":"https:\/\/schema.org","@graph":[{"@type":"Article","@id":"https:\/\/radioljubuski.ba\/index.php\/2021\/12\/01\/odrzana-komemoracija-u-povodu-smrti-glumice-hadzije-hadzibajramovic\/#article","isPartOf":{"@id":"https:\/\/radioljubuski.ba\/index.php\/2021\/12\/01\/odrzana-komemoracija-u-povodu-smrti-glumice-hadzije-hadzibajramovic\/"},"author":{"name":"Radio Ljubu\u0161ki","@id":"https:\/\/radioljubuski.ba\/#\/schema\/person\/19fc700381a780f69665d7956c469e3b"},"headline":"Odr\u017eana komemoracija u povodu smrti glumice Had\u017eije Had\u017eibajramovi\u0107","datePublished":"2021-12-01T22:22:49+00:00","dateModified":"2021-12-01T22:22:50+00:00","mainEntityOfPage":{"@id":"https:\/\/radioljubuski.ba\/index.php\/2021\/12\/01\/odrzana-komemoracija-u-povodu-smrti-glumice-hadzije-hadzibajramovic\/"},"wordCount":665,"publisher":{"@id":"https:\/\/radioljubuski.ba\/#organization"},"image":{"@id":"https:\/\/radioljubuski.ba\/index.php\/2021\/12\/01\/odrzana-komemoracija-u-povodu-smrti-glumice-hadzije-hadzibajramovic\/#primaryimage"},"thumbnailUrl":"https:\/\/radioljubuski.ba\/wp-content\/uploads\/2021\/12\/3-2021-12-01-19-24-15-KOMEMORACJA.jpg","articleSection":["BIH i regija"],"inLanguage":"hr"},{"@type":"WebPage","@id":"https:\/\/radioljubuski.ba\/index.php\/2021\/12\/01\/odrzana-komemoracija-u-povodu-smrti-glumice-hadzije-hadzibajramovic\/","url":"https:\/\/radioljubuski.ba\/index.php\/2021\/12\/01\/odrzana-komemoracija-u-povodu-smrti-glumice-hadzije-hadzibajramovic\/","name":"Odr\u017eana komemoracija u povodu smrti glumice Had\u017eije Had\u017eibajramovi\u0107 - RADIO LJUBU\u0160KI","isPartOf":{"@id":"https:\/\/radioljubuski.ba\/#website"},"primaryImageOfPage":{"@id":"https:\/\/radioljubuski.ba\/index.php\/2021\/12\/01\/odrzana-komemoracija-u-povodu-smrti-glumice-hadzije-hadzibajramovic\/#primaryimage"},"image":{"@id":"https:\/\/radioljubuski.ba\/index.php\/2021\/12\/01\/odrzana-komemoracija-u-povodu-smrti-glumice-hadzije-hadzibajramovic\/#primaryimage"},"thumbnailUrl":"https:\/\/radioljubuski.ba\/wp-content\/uploads\/2021\/12\/3-2021-12-01-19-24-15-KOMEMORACJA.jpg","datePublished":"2021-12-01T22:22:49+00:00","dateModified":"2021-12-01T22:22:50+00:00","breadcrumb":{"@id":"https:\/\/radioljubuski.ba\/index.php\/2021\/12\/01\/odrzana-komemoracija-u-povodu-smrti-glumice-hadzije-hadzibajramovic\/#breadcrumb"},"inLanguage":"hr","potentialAction":[{"@type":"ReadAction","target":["https:\/\/radioljubuski.ba\/index.php\/2021\/12\/01\/odrzana-komemoracija-u-povodu-smrti-glumice-hadzije-hadzibajramovic\/"]}]},{"@type":"ImageObject","inLanguage":"hr","@id":"https:\/\/radioljubuski.ba\/index.php\/2021\/12\/01\/odrzana-komemoracija-u-povodu-smrti-glumice-hadzije-hadzibajramovic\/#primaryimage","url":"https:\/\/radioljubuski.ba\/wp-content\/uploads\/2021\/12\/3-2021-12-01-19-24-15-KOMEMORACJA.jpg","contentUrl":"https:\/\/radioljubuski.ba\/wp-content\/uploads\/2021\/12\/3-2021-12-01-19-24-15-KOMEMORACJA.jpg","width":1000,"height":625},{"@type":"BreadcrumbList","@id":"https:\/\/radioljubuski.ba\/index.php\/2021\/12\/01\/odrzana-komemoracija-u-povodu-smrti-glumice-hadzije-hadzibajramovic\/#breadcrumb","itemListElement":[{"@type":"ListItem","position":1,"name":"Po\u010detna stranica","item":"https:\/\/radioljubuski.ba\/"},{"@type":"ListItem","position":2,"name":"Odr\u017eana komemoracija u povodu smrti glumice Had\u017eije Had\u017eibajramovi\u0107"}]},{"@type":"WebSite","@id":"https:\/\/radioljubuski.ba\/#website","url":"https:\/\/radioljubuski.ba\/","name":"Radio Ljubu\u0161ki","description":"Sun\u010dana frekvencija Hercegovine","publisher":{"@id":"https:\/\/radioljubuski.ba\/#organization"},"potentialAction":[{"@type":"SearchAction","target":{"@type":"EntryPoint","urlTemplate":"https:\/\/radioljubuski.ba\/?s={search_term_string}"},"query-input":{"@type":"PropertyValueSpecification","valueRequired":true,"valueName":"search_term_string"}}],"inLanguage":"hr"},{"@type":"Organization","@id":"https:\/\/radioljubuski.ba\/#organization","name":"Radio Ljubu\u0161ki","url":"https:\/\/radioljubuski.ba\/","logo":{"@type":"ImageObject","inLanguage":"hr","@id":"https:\/\/radioljubuski.ba\/#\/schema\/logo\/image\/","url":"https:\/\/radioljubuski.ba\/wp-content\/uploads\/2021\/02\/cropped-Radio_Ljubuski_logo1.jpg","contentUrl":"https:\/\/radioljubuski.ba\/wp-content\/uploads\/2021\/02\/cropped-Radio_Ljubuski_logo1.jpg","width":512,"height":512,"caption":"Radio Ljubu\u0161ki"},"image":{"@id":"https:\/\/radioljubuski.ba\/#\/schema\/logo\/image\/"},"sameAs":["https:\/\/www.facebook.com\/Radiio-Ljubuski-1490835324566332","https:\/\/x.com\/radioljubuski","https:\/\/hr.linkedin.com\/company\/radio-ljubuski","https:\/\/www.youtube.com\/channel\/UCHYaeO_n0Db3tjNGudGpXyw"]},{"@type":"Person","@id":"https:\/\/radioljubuski.ba\/#\/schema\/person\/19fc700381a780f69665d7956c469e3b","name":"Radio Ljubu\u0161ki"}]}},"_links":{"self":[{"href":"https:\/\/radioljubuski.ba\/index.php\/wp-json\/wp\/v2\/posts\/94939","targetHints":{"allow":["GET"]}}],"collection":[{"href":"https:\/\/radioljubuski.ba\/index.php\/wp-json\/wp\/v2\/posts"}],"about":[{"href":"https:\/\/radioljubuski.ba\/index.php\/wp-json\/wp\/v2\/types\/post"}],"author":[{"embeddable":true,"href":"https:\/\/radioljubuski.ba\/index.php\/wp-json\/wp\/v2\/users\/2"}],"replies":[{"embeddable":true,"href":"https:\/\/radioljubuski.ba\/index.php\/wp-json\/wp\/v2\/comments?post=94939"}],"version-history":[{"count":1,"href":"https:\/\/radioljubuski.ba\/index.php\/wp-json\/wp\/v2\/posts\/94939\/revisions"}],"predecessor-version":[{"id":94941,"href":"https:\/\/radioljubuski.ba\/index.php\/wp-json\/wp\/v2\/posts\/94939\/revisions\/94941"}],"wp:featuredmedia":[{"embeddable":true,"href":"https:\/\/radioljubuski.ba\/index.php\/wp-json\/wp\/v2\/media\/94940"}],"wp:attachment":[{"href":"https:\/\/radioljubuski.ba\/index.php\/wp-json\/wp\/v2\/media?parent=94939"}],"wp:term":[{"taxonomy":"category","embeddable":true,"href":"https:\/\/radioljubuski.ba\/index.php\/wp-json\/wp\/v2\/categories?post=94939"},{"taxonomy":"post_tag","embeddable":true,"href":"https:\/\/radioljubuski.ba\/index.php\/wp-json\/wp\/v2\/tags?post=94939"}],"curies":[{"name":"wp","href":"https:\/\/api.w.org\/{rel}","templated":true}]}}