{"id":9495,"date":"2021-04-04T22:19:46","date_gmt":"2021-04-04T21:19:46","guid":{"rendered":"https:\/\/radioljubuski.ba\/?p=9495"},"modified":"2021-04-04T22:19:47","modified_gmt":"2021-04-04T21:19:47","slug":"nelson-sad-i-eu-su-saveznici-nato-a-svi-mi-nudimo-bih-cvrsto-partnerstvo-i-otvorenu-ruku","status":"publish","type":"post","link":"https:\/\/radioljubuski.ba\/index.php\/2021\/04\/04\/nelson-sad-i-eu-su-saveznici-nato-a-svi-mi-nudimo-bih-cvrsto-partnerstvo-i-otvorenu-ruku\/","title":{"rendered":"Nelson: SAD i EU su saveznici NATO-a, svi mi nudimo BiH \u010dvrsto partnerstvo i otvorenu ruku"},"content":{"rendered":"\n<p>Ameri\u010dki veleposlanik u BiH Eric Nelson dao je intervju \u201eDnevnom avazu\u201c, u kom je govorio o posljednjim izjavama ruskog veleposlanika u na\u0161oj zemlji, a koje su vezane za NATO put Bosne i Hercegovine, zatim o novom visokom predstavniku, izmjenama Izbornog zakona, korupciji, za koju ka\u017ee da je rak-rana bh. dru\u0161tva&#8230;<\/p>\n\n\n\n<p>Ruski veleposlanik u BiH Igor Kalabuhov nedavno je izjavio kako je pribli\u017eavanje BiH i NATO-a neprijateljski korak prema Rusiji. Kako Vi to komentirate?&nbsp;<\/p>\n\n\n\n<p>Moj odgovor &#8211; umjesto da govorim o prijetnjama, govorit \u0107u o suradnji sa saveznicima. SAD i Europska unija su saveznici NATO-a, svi mi nudimo BiH \u010dvrsto partnerstvo, otvorenu ruku, partnerstvo posve\u0107eno reformama i napretku u BiH.<\/p>\n\n\n\n<p>Partnerstvo NATO-a i BiH godinama je ve\u0107 va\u017eno, napravljen je novi korak naprijed dok idemo ka programu reformi, gdje BiH ima priliku da definira napredak koji \u017eeli posti\u0107i uz potporu saveznika. Taj napredak i reforme su u skladu s reformama koje su neophodne za napredak na putu ka EU. Program reformi je vodi\u010d za SAD i druge saveznike da reagiraju i da daju pomo\u0107 BiH, onu koja joj je najvi\u0161e potrebna.<\/p>\n\n\n\n<p>Zna\u010di, nastojanja NATO-a da ovoj zemlji pomognu da napreduje i dalje se nastavljaju. To je pomo\u0107 koja se nudi otvorene ruke. Alijansa je skup saveznika. To je organizacija zasnovana na konsenzusu i za nas je va\u017eno da tako i radimo. Jasno je da priznajemo i konsenzus u BiH. Taj konsenzus vidim kao \u0161iroku potporu za efikasno partnerstvo s NATO-om.<\/p>\n\n\n\n<p>\u010cvrsto poimanje pomo\u0107i koju saveznici NATO-a daju i mogu dati da zemlja ide naprijed i priznavanje mira koji je NATO donio regiji i BiH i \u0161ansu da pomo\u0107 NATO-a u ovim reformama mo\u017ee oja\u010dati sigurnost, vladavinu zakona, prosperitet i privu\u0107i investicije.<\/p>\n\n\n\n<p>Nakon \u0161to je Joe Biden izabran za predsjednika SAD sve \u010de\u0161\u0107e se u javnosti spominje ja\u010di anga\u017eman ameri\u010dke administracije u BiH. Govori se i mogu\u0107oj inicijativi za promjene Daytonskog ustava BiH, a sve u cilju funkcionalnijeg ure\u0111enja dr\u017eave BiH. Koliko su o\u010dekivanja javnosti i gra\u0111ana BiH realna?<\/p>\n\n\n\n<p>Prije svega, svaka promjena administracije u Americi donosi novu energiju, nove perspektive, novi fokus u Bijelu ku\u0107u. Predsjednik Biden sa sobom nosi desetlje\u0107a iskustva u vanjskoj politici i iskustvo i znanje iz prve ruke o zapadnom Balkanu i BiH.<\/p>\n\n\n\n<p>On zna koji su izazovi, on zna koliki su ti izazovi tu i koliko je te\u0161ka bila povijest BiH. Podcrtavam, tako\u0111er, kako je, bez obzira na administraciju, a nadam se da to svi gra\u0111ani ove zemlje shva\u0107aju i uklju\u010duju u svoja o\u010dekivanja, va\u017ena dosljedna potpora iz Washingtona, dvostrana\u010dka potpora. Iz godine i godinu Kongres SAD, obje stranke, podr\u017eavaju i posve\u0107uju, odnosno odvajaju sredstva za napredak BiH. Dakle, to se vrlo malo mijenjalo. I dalje podr\u017eavamo uspjeh BiH.<\/p>\n\n\n\n<p>O\u010dekivanje gra\u0111ana &#8211; ja mislim da je pismo dr\u017eavnog sekretara Blinkena Predsjedni\u0161tvu BiH od ju\u010der (prekju\u010der, op. a.) dobra referentna ta\u010dka da ljudi shvate \u0161to administracija predsjednika Bidena smatra pitanjima u BiH za 2021. godinu i mogu\u0107nostima, i prije svega mislim da je dr\u017eavni sekretar potvrdio da su SAD uz gra\u0111ane. SAD slu\u0161aju i podr\u017eavaju ono \u0161to su te\u017enje bh. gra\u0111ana, \u0161ta su o\u010dekivanja u smislu sigurnosti, mira, napretka i vladavine prava. I to su o\u010dekivanja koja se u ovom trenutku ne ispunjavaju u BiH, ne ostvaruju. Znamo, ima puno nedostataka u Daytonskom ustavu. I sudovi su jasno to kazali. Dakle, ti nedostaci trebaju se rije\u0161iti i, kao \u0161to je dr\u017eavni sekretar Blinken rekao, oni se mogu rje\u0161avati kroz ozbiljan dijalog, svrsishodan zna\u010dajan kompromis i konsenzus u smislu rje\u0161avanja reformi, uklju\u010duju\u0107i i ograni\u010denu ustavnu reformu u BiH da bi naredni izbori 2022. godine bili pravi\u010dni i da svi gra\u0111ani imaju jednaku priliku biti kandidati na tim izborima i da svi gra\u0111ani smatraju da je njihov glas bitan.<\/p>\n\n\n\n<p>Iz pisma dr\u017eavnog sekretara Antonyja Blinkena da se primijetiti kako ne\u0107e biti radikalnih promjena Ustava, nego da se uz razgovore i konsenzus ide u postupnu promjenu Ustava BiH&#8230;&nbsp;<\/p>\n\n\n\n<p>Upravo tako. Ja mislim da je to klju\u010dna poruka pisma tajnika Blinkena. Vi ste mi dali priliku da ga citiram. Dr\u017eavni sekretar je primijetio da se te\u0161ki i kompleksni problemi mogu rje\u0161avati kroz pregovore, korak po korak, \u0161to \u0107e zahtijevati kompromis i dijalog.<\/p>\n\n\n\n<p>Mi znamo da to mo\u017ee funkcionirati, jer pro\u0161le godine je to funkcioniralo, kad smo rije\u0161ili dugogodi\u0161nju blokadu kada je rije\u010d o izborima u Mostaru.<\/p>\n\n\n\n<p>Sve \u010de\u0161\u0107e se govori i o dolasku novog visokog predstavnika u BiH, a kao kandidat se spominje Christian Schmidt iz Njema\u010dke. Je li ameri\u010dka administracija uklju\u010dena u razgovore o imenovanju novog visokog predstavnika? Tko bi to mogao biti i \u0161to mo\u017eemo o\u010dekivati od novog visokog predstavnika?<\/p>\n\n\n\n<p>&nbsp;Prije svega, SAD podr\u017eavaju Ured visokog predstavnika i sposobnost da ispuni svoj mandat, a to je potpuna provedba civilnih aspekata Daytonskog mirovnog sporazuma. OHR, jasno je, ima jo\u0161 va\u017enu, klju\u010dnu ulogu koju treba igrati u BiH. Ustvari, BiH nije zadovoljila kriterije da bi se zavr\u0161ila me\u0111unarodna supervizija, koji su 2008. godine definirani od Vije\u0107a za implementaciju mira. Jer, jednostavno re\u010deno, bili su definirani kao 5+2. Pet ciljeva i dva uvjeta koje je Vije\u0107e za implementaciju mira opisalo kao spremnost BiH kada se to ispuni da se zavr\u0161i me\u0111unarodna supervizija.<\/p>\n\n\n\n<p>Napredak u vezi s tom agendom do sada je bio vrlo razo\u010daravaju\u0107i, ne zbog toga \u0161to nije djelovao visoki predstavnik ili me\u0111unarodna zajednica, nego o\u010dekivali smo odgovornost na lokalnoj razini za taj napredak, ali nje nije bilo puno. A to je ono \u0161to \u0107e visoki predstavnik i SAD nastaviti podr\u017eavati.<\/p>\n\n\n\n<p>Zna\u010di, predstavnik koji ima ovlasti i koji je anga\u017eiran da govori ko su odgovorni, da pomogne ovoj zemlji, da se kre\u0107e, da ide naprijed, da se zavr\u0161i me\u0111unarodna supervizija. Jer rezultat do sada nije adekvatan.<\/p>\n\n\n\n<p>Mislim da je to vrlo o\u010digledno u slabom funkcioniranju dr\u017eave. \u0160to se ti\u010de razgovora o promjeni osobe koja \u0107e biti visoki predstavnik, SAD smatraju da u svakoj instituciji mora do\u0107i do promjene onih koji su na odre\u0111enim pozicijama. Mi podr\u017eavamo kontinuitet, efikasnost i to da visoki predstavnik bude sposoban da ispuni svoj mandat i ostvari rezultate koje Vije\u0107e za implementaciju mira o\u010dekuje. Ja mislim i znam da gra\u0111ani to o\u010dekuju.<\/p>\n\n\n\n<p>Izvor:avaz.ba<\/p>\n","protected":false},"excerpt":{"rendered":"<p>Ameri\u010dki veleposlanik u BiH Eric Nelson dao je intervju \u201eDnevnom avazu\u201c, u kom je govorio o posljednjim izjavama ruskog veleposlanika u na\u0161oj zemlji, a koje su vezane za NATO put Bosne i Hercegovine, zatim o novom visokom predstavniku, izmjenama Izbornog zakona, korupciji, za koju ka\u017ee da je rak-rana bh. dru\u0161tva&#8230; Ruski veleposlanik u BiH Igor [&hellip;]<\/p>\n","protected":false},"author":2,"featured_media":9496,"comment_status":"closed","ping_status":"closed","sticky":false,"template":"","format":"standard","meta":{"h5ap_radio_sources":[],"footnotes":""},"categories":[1],"tags":[],"class_list":["post-9495","post","type-post","status-publish","format-standard","has-post-thumbnail","hentry","category-bihiregija"],"yoast_head":"<!-- This site is optimized with the Yoast SEO plugin v27.5 - https:\/\/yoast.com\/product\/yoast-seo-wordpress\/ -->\n<title>Nelson: SAD i EU su saveznici NATO-a, svi mi nudimo BiH \u010dvrsto partnerstvo i otvorenu ruku - RADIO LJUBU\u0160KI<\/title>\n<meta name=\"robots\" content=\"index, follow, max-snippet:-1, max-image-preview:large, max-video-preview:-1\" \/>\n<link rel=\"canonical\" href=\"https:\/\/radioljubuski.ba\/index.php\/2021\/04\/04\/nelson-sad-i-eu-su-saveznici-nato-a-svi-mi-nudimo-bih-cvrsto-partnerstvo-i-otvorenu-ruku\/\" \/>\n<meta property=\"og:locale\" content=\"hr_HR\" \/>\n<meta property=\"og:type\" content=\"article\" \/>\n<meta property=\"og:title\" content=\"Nelson: SAD i EU su saveznici NATO-a, svi mi nudimo BiH \u010dvrsto partnerstvo i otvorenu ruku - RADIO LJUBU\u0160KI\" \/>\n<meta property=\"og:description\" content=\"Ameri\u010dki veleposlanik u BiH Eric Nelson dao je intervju \u201eDnevnom avazu\u201c, u kom je govorio o posljednjim izjavama ruskog veleposlanika u na\u0161oj zemlji, a koje su vezane za NATO put Bosne i Hercegovine, zatim o novom visokom predstavniku, izmjenama Izbornog zakona, korupciji, za koju ka\u017ee da je rak-rana bh. dru\u0161tva&#8230; Ruski veleposlanik u BiH Igor [&hellip;]\" \/>\n<meta property=\"og:url\" content=\"https:\/\/radioljubuski.ba\/index.php\/2021\/04\/04\/nelson-sad-i-eu-su-saveznici-nato-a-svi-mi-nudimo-bih-cvrsto-partnerstvo-i-otvorenu-ruku\/\" \/>\n<meta property=\"og:site_name\" content=\"RADIO LJUBU\u0160KI\" \/>\n<meta property=\"article:publisher\" content=\"https:\/\/www.facebook.com\/Radiio-Ljubuski-1490835324566332\" \/>\n<meta property=\"article:published_time\" content=\"2021-04-04T21:19:46+00:00\" \/>\n<meta property=\"article:modified_time\" content=\"2021-04-04T21:19:47+00:00\" \/>\n<meta property=\"og:image\" content=\"https:\/\/radioljubuski.ba\/wp-content\/uploads\/2021\/04\/ygfkh3JV_nelson.jpg\" \/>\n\t<meta property=\"og:image:width\" content=\"1000\" \/>\n\t<meta property=\"og:image:height\" content=\"625\" \/>\n\t<meta property=\"og:image:type\" content=\"image\/jpeg\" \/>\n<meta name=\"author\" content=\"Radio Ljubu\u0161ki\" \/>\n<meta name=\"twitter:card\" content=\"summary_large_image\" \/>\n<meta name=\"twitter:creator\" content=\"@radioljubuski\" \/>\n<meta name=\"twitter:site\" content=\"@radioljubuski\" \/>\n<meta name=\"twitter:label1\" content=\"Napisao\/la\" \/>\n\t<meta name=\"twitter:data1\" content=\"Radio Ljubu\u0161ki\" \/>\n\t<meta name=\"twitter:label2\" content=\"Procijenjeno vrijeme \u010ditanja\" \/>\n\t<meta name=\"twitter:data2\" content=\"5 minuta\" \/>\n<script type=\"application\/ld+json\" class=\"yoast-schema-graph\">{\"@context\":\"https:\\\/\\\/schema.org\",\"@graph\":[{\"@type\":\"Article\",\"@id\":\"https:\\\/\\\/radioljubuski.ba\\\/index.php\\\/2021\\\/04\\\/04\\\/nelson-sad-i-eu-su-saveznici-nato-a-svi-mi-nudimo-bih-cvrsto-partnerstvo-i-otvorenu-ruku\\\/#article\",\"isPartOf\":{\"@id\":\"https:\\\/\\\/radioljubuski.ba\\\/index.php\\\/2021\\\/04\\\/04\\\/nelson-sad-i-eu-su-saveznici-nato-a-svi-mi-nudimo-bih-cvrsto-partnerstvo-i-otvorenu-ruku\\\/\"},\"author\":{\"name\":\"Radio Ljubu\u0161ki\",\"@id\":\"https:\\\/\\\/radioljubuski.ba\\\/#\\\/schema\\\/person\\\/19fc700381a780f69665d7956c469e3b\"},\"headline\":\"Nelson: SAD i EU su saveznici NATO-a, svi mi nudimo BiH \u010dvrsto partnerstvo i otvorenu ruku\",\"datePublished\":\"2021-04-04T21:19:46+00:00\",\"dateModified\":\"2021-04-04T21:19:47+00:00\",\"mainEntityOfPage\":{\"@id\":\"https:\\\/\\\/radioljubuski.ba\\\/index.php\\\/2021\\\/04\\\/04\\\/nelson-sad-i-eu-su-saveznici-nato-a-svi-mi-nudimo-bih-cvrsto-partnerstvo-i-otvorenu-ruku\\\/\"},\"wordCount\":1123,\"publisher\":{\"@id\":\"https:\\\/\\\/radioljubuski.ba\\\/#organization\"},\"image\":{\"@id\":\"https:\\\/\\\/radioljubuski.ba\\\/index.php\\\/2021\\\/04\\\/04\\\/nelson-sad-i-eu-su-saveznici-nato-a-svi-mi-nudimo-bih-cvrsto-partnerstvo-i-otvorenu-ruku\\\/#primaryimage\"},\"thumbnailUrl\":\"https:\\\/\\\/radioljubuski.ba\\\/wp-content\\\/uploads\\\/2021\\\/04\\\/ygfkh3JV_nelson.jpg\",\"articleSection\":[\"BIH i regija\"],\"inLanguage\":\"hr\"},{\"@type\":\"WebPage\",\"@id\":\"https:\\\/\\\/radioljubuski.ba\\\/index.php\\\/2021\\\/04\\\/04\\\/nelson-sad-i-eu-su-saveznici-nato-a-svi-mi-nudimo-bih-cvrsto-partnerstvo-i-otvorenu-ruku\\\/\",\"url\":\"https:\\\/\\\/radioljubuski.ba\\\/index.php\\\/2021\\\/04\\\/04\\\/nelson-sad-i-eu-su-saveznici-nato-a-svi-mi-nudimo-bih-cvrsto-partnerstvo-i-otvorenu-ruku\\\/\",\"name\":\"Nelson: SAD i EU su saveznici NATO-a, svi mi nudimo BiH \u010dvrsto partnerstvo i otvorenu ruku - RADIO LJUBU\u0160KI\",\"isPartOf\":{\"@id\":\"https:\\\/\\\/radioljubuski.ba\\\/#website\"},\"primaryImageOfPage\":{\"@id\":\"https:\\\/\\\/radioljubuski.ba\\\/index.php\\\/2021\\\/04\\\/04\\\/nelson-sad-i-eu-su-saveznici-nato-a-svi-mi-nudimo-bih-cvrsto-partnerstvo-i-otvorenu-ruku\\\/#primaryimage\"},\"image\":{\"@id\":\"https:\\\/\\\/radioljubuski.ba\\\/index.php\\\/2021\\\/04\\\/04\\\/nelson-sad-i-eu-su-saveznici-nato-a-svi-mi-nudimo-bih-cvrsto-partnerstvo-i-otvorenu-ruku\\\/#primaryimage\"},\"thumbnailUrl\":\"https:\\\/\\\/radioljubuski.ba\\\/wp-content\\\/uploads\\\/2021\\\/04\\\/ygfkh3JV_nelson.jpg\",\"datePublished\":\"2021-04-04T21:19:46+00:00\",\"dateModified\":\"2021-04-04T21:19:47+00:00\",\"breadcrumb\":{\"@id\":\"https:\\\/\\\/radioljubuski.ba\\\/index.php\\\/2021\\\/04\\\/04\\\/nelson-sad-i-eu-su-saveznici-nato-a-svi-mi-nudimo-bih-cvrsto-partnerstvo-i-otvorenu-ruku\\\/#breadcrumb\"},\"inLanguage\":\"hr\",\"potentialAction\":[{\"@type\":\"ReadAction\",\"target\":[\"https:\\\/\\\/radioljubuski.ba\\\/index.php\\\/2021\\\/04\\\/04\\\/nelson-sad-i-eu-su-saveznici-nato-a-svi-mi-nudimo-bih-cvrsto-partnerstvo-i-otvorenu-ruku\\\/\"]}]},{\"@type\":\"ImageObject\",\"inLanguage\":\"hr\",\"@id\":\"https:\\\/\\\/radioljubuski.ba\\\/index.php\\\/2021\\\/04\\\/04\\\/nelson-sad-i-eu-su-saveznici-nato-a-svi-mi-nudimo-bih-cvrsto-partnerstvo-i-otvorenu-ruku\\\/#primaryimage\",\"url\":\"https:\\\/\\\/radioljubuski.ba\\\/wp-content\\\/uploads\\\/2021\\\/04\\\/ygfkh3JV_nelson.jpg\",\"contentUrl\":\"https:\\\/\\\/radioljubuski.ba\\\/wp-content\\\/uploads\\\/2021\\\/04\\\/ygfkh3JV_nelson.jpg\",\"width\":1000,\"height\":625},{\"@type\":\"BreadcrumbList\",\"@id\":\"https:\\\/\\\/radioljubuski.ba\\\/index.php\\\/2021\\\/04\\\/04\\\/nelson-sad-i-eu-su-saveznici-nato-a-svi-mi-nudimo-bih-cvrsto-partnerstvo-i-otvorenu-ruku\\\/#breadcrumb\",\"itemListElement\":[{\"@type\":\"ListItem\",\"position\":1,\"name\":\"Po\u010detna stranica\",\"item\":\"https:\\\/\\\/radioljubuski.ba\\\/\"},{\"@type\":\"ListItem\",\"position\":2,\"name\":\"Nelson: SAD i EU su saveznici NATO-a, svi mi nudimo BiH \u010dvrsto partnerstvo i otvorenu ruku\"}]},{\"@type\":\"WebSite\",\"@id\":\"https:\\\/\\\/radioljubuski.ba\\\/#website\",\"url\":\"https:\\\/\\\/radioljubuski.ba\\\/\",\"name\":\"Radio Ljubu\u0161ki\",\"description\":\"Sun\u010dana frekvencija Hercegovine\",\"publisher\":{\"@id\":\"https:\\\/\\\/radioljubuski.ba\\\/#organization\"},\"potentialAction\":[{\"@type\":\"SearchAction\",\"target\":{\"@type\":\"EntryPoint\",\"urlTemplate\":\"https:\\\/\\\/radioljubuski.ba\\\/?s={search_term_string}\"},\"query-input\":{\"@type\":\"PropertyValueSpecification\",\"valueRequired\":true,\"valueName\":\"search_term_string\"}}],\"inLanguage\":\"hr\"},{\"@type\":\"Organization\",\"@id\":\"https:\\\/\\\/radioljubuski.ba\\\/#organization\",\"name\":\"Radio Ljubu\u0161ki\",\"url\":\"https:\\\/\\\/radioljubuski.ba\\\/\",\"logo\":{\"@type\":\"ImageObject\",\"inLanguage\":\"hr\",\"@id\":\"https:\\\/\\\/radioljubuski.ba\\\/#\\\/schema\\\/logo\\\/image\\\/\",\"url\":\"https:\\\/\\\/radioljubuski.ba\\\/wp-content\\\/uploads\\\/2021\\\/02\\\/cropped-Radio_Ljubuski_logo1.jpg\",\"contentUrl\":\"https:\\\/\\\/radioljubuski.ba\\\/wp-content\\\/uploads\\\/2021\\\/02\\\/cropped-Radio_Ljubuski_logo1.jpg\",\"width\":512,\"height\":512,\"caption\":\"Radio Ljubu\u0161ki\"},\"image\":{\"@id\":\"https:\\\/\\\/radioljubuski.ba\\\/#\\\/schema\\\/logo\\\/image\\\/\"},\"sameAs\":[\"https:\\\/\\\/www.facebook.com\\\/Radiio-Ljubuski-1490835324566332\",\"https:\\\/\\\/x.com\\\/radioljubuski\",\"https:\\\/\\\/hr.linkedin.com\\\/company\\\/radio-ljubuski\",\"https:\\\/\\\/www.youtube.com\\\/channel\\\/UCHYaeO_n0Db3tjNGudGpXyw\"]},{\"@type\":\"Person\",\"@id\":\"https:\\\/\\\/radioljubuski.ba\\\/#\\\/schema\\\/person\\\/19fc700381a780f69665d7956c469e3b\",\"name\":\"Radio Ljubu\u0161ki\"}]}<\/script>\n<!-- \/ Yoast SEO plugin. -->","yoast_head_json":{"title":"Nelson: SAD i EU su saveznici NATO-a, svi mi nudimo BiH \u010dvrsto partnerstvo i otvorenu ruku - RADIO LJUBU\u0160KI","robots":{"index":"index","follow":"follow","max-snippet":"max-snippet:-1","max-image-preview":"max-image-preview:large","max-video-preview":"max-video-preview:-1"},"canonical":"https:\/\/radioljubuski.ba\/index.php\/2021\/04\/04\/nelson-sad-i-eu-su-saveznici-nato-a-svi-mi-nudimo-bih-cvrsto-partnerstvo-i-otvorenu-ruku\/","og_locale":"hr_HR","og_type":"article","og_title":"Nelson: SAD i EU su saveznici NATO-a, svi mi nudimo BiH \u010dvrsto partnerstvo i otvorenu ruku - RADIO LJUBU\u0160KI","og_description":"Ameri\u010dki veleposlanik u BiH Eric Nelson dao je intervju \u201eDnevnom avazu\u201c, u kom je govorio o posljednjim izjavama ruskog veleposlanika u na\u0161oj zemlji, a koje su vezane za NATO put Bosne i Hercegovine, zatim o novom visokom predstavniku, izmjenama Izbornog zakona, korupciji, za koju ka\u017ee da je rak-rana bh. dru\u0161tva&#8230; Ruski veleposlanik u BiH Igor [&hellip;]","og_url":"https:\/\/radioljubuski.ba\/index.php\/2021\/04\/04\/nelson-sad-i-eu-su-saveznici-nato-a-svi-mi-nudimo-bih-cvrsto-partnerstvo-i-otvorenu-ruku\/","og_site_name":"RADIO LJUBU\u0160KI","article_publisher":"https:\/\/www.facebook.com\/Radiio-Ljubuski-1490835324566332","article_published_time":"2021-04-04T21:19:46+00:00","article_modified_time":"2021-04-04T21:19:47+00:00","og_image":[{"width":1000,"height":625,"url":"https:\/\/radioljubuski.ba\/wp-content\/uploads\/2021\/04\/ygfkh3JV_nelson.jpg","type":"image\/jpeg"}],"author":"Radio Ljubu\u0161ki","twitter_card":"summary_large_image","twitter_creator":"@radioljubuski","twitter_site":"@radioljubuski","twitter_misc":{"Napisao\/la":"Radio Ljubu\u0161ki","Procijenjeno vrijeme \u010ditanja":"5 minuta"},"schema":{"@context":"https:\/\/schema.org","@graph":[{"@type":"Article","@id":"https:\/\/radioljubuski.ba\/index.php\/2021\/04\/04\/nelson-sad-i-eu-su-saveznici-nato-a-svi-mi-nudimo-bih-cvrsto-partnerstvo-i-otvorenu-ruku\/#article","isPartOf":{"@id":"https:\/\/radioljubuski.ba\/index.php\/2021\/04\/04\/nelson-sad-i-eu-su-saveznici-nato-a-svi-mi-nudimo-bih-cvrsto-partnerstvo-i-otvorenu-ruku\/"},"author":{"name":"Radio Ljubu\u0161ki","@id":"https:\/\/radioljubuski.ba\/#\/schema\/person\/19fc700381a780f69665d7956c469e3b"},"headline":"Nelson: SAD i EU su saveznici NATO-a, svi mi nudimo BiH \u010dvrsto partnerstvo i otvorenu ruku","datePublished":"2021-04-04T21:19:46+00:00","dateModified":"2021-04-04T21:19:47+00:00","mainEntityOfPage":{"@id":"https:\/\/radioljubuski.ba\/index.php\/2021\/04\/04\/nelson-sad-i-eu-su-saveznici-nato-a-svi-mi-nudimo-bih-cvrsto-partnerstvo-i-otvorenu-ruku\/"},"wordCount":1123,"publisher":{"@id":"https:\/\/radioljubuski.ba\/#organization"},"image":{"@id":"https:\/\/radioljubuski.ba\/index.php\/2021\/04\/04\/nelson-sad-i-eu-su-saveznici-nato-a-svi-mi-nudimo-bih-cvrsto-partnerstvo-i-otvorenu-ruku\/#primaryimage"},"thumbnailUrl":"https:\/\/radioljubuski.ba\/wp-content\/uploads\/2021\/04\/ygfkh3JV_nelson.jpg","articleSection":["BIH i regija"],"inLanguage":"hr"},{"@type":"WebPage","@id":"https:\/\/radioljubuski.ba\/index.php\/2021\/04\/04\/nelson-sad-i-eu-su-saveznici-nato-a-svi-mi-nudimo-bih-cvrsto-partnerstvo-i-otvorenu-ruku\/","url":"https:\/\/radioljubuski.ba\/index.php\/2021\/04\/04\/nelson-sad-i-eu-su-saveznici-nato-a-svi-mi-nudimo-bih-cvrsto-partnerstvo-i-otvorenu-ruku\/","name":"Nelson: SAD i EU su saveznici NATO-a, svi mi nudimo BiH \u010dvrsto partnerstvo i otvorenu ruku - RADIO LJUBU\u0160KI","isPartOf":{"@id":"https:\/\/radioljubuski.ba\/#website"},"primaryImageOfPage":{"@id":"https:\/\/radioljubuski.ba\/index.php\/2021\/04\/04\/nelson-sad-i-eu-su-saveznici-nato-a-svi-mi-nudimo-bih-cvrsto-partnerstvo-i-otvorenu-ruku\/#primaryimage"},"image":{"@id":"https:\/\/radioljubuski.ba\/index.php\/2021\/04\/04\/nelson-sad-i-eu-su-saveznici-nato-a-svi-mi-nudimo-bih-cvrsto-partnerstvo-i-otvorenu-ruku\/#primaryimage"},"thumbnailUrl":"https:\/\/radioljubuski.ba\/wp-content\/uploads\/2021\/04\/ygfkh3JV_nelson.jpg","datePublished":"2021-04-04T21:19:46+00:00","dateModified":"2021-04-04T21:19:47+00:00","breadcrumb":{"@id":"https:\/\/radioljubuski.ba\/index.php\/2021\/04\/04\/nelson-sad-i-eu-su-saveznici-nato-a-svi-mi-nudimo-bih-cvrsto-partnerstvo-i-otvorenu-ruku\/#breadcrumb"},"inLanguage":"hr","potentialAction":[{"@type":"ReadAction","target":["https:\/\/radioljubuski.ba\/index.php\/2021\/04\/04\/nelson-sad-i-eu-su-saveznici-nato-a-svi-mi-nudimo-bih-cvrsto-partnerstvo-i-otvorenu-ruku\/"]}]},{"@type":"ImageObject","inLanguage":"hr","@id":"https:\/\/radioljubuski.ba\/index.php\/2021\/04\/04\/nelson-sad-i-eu-su-saveznici-nato-a-svi-mi-nudimo-bih-cvrsto-partnerstvo-i-otvorenu-ruku\/#primaryimage","url":"https:\/\/radioljubuski.ba\/wp-content\/uploads\/2021\/04\/ygfkh3JV_nelson.jpg","contentUrl":"https:\/\/radioljubuski.ba\/wp-content\/uploads\/2021\/04\/ygfkh3JV_nelson.jpg","width":1000,"height":625},{"@type":"BreadcrumbList","@id":"https:\/\/radioljubuski.ba\/index.php\/2021\/04\/04\/nelson-sad-i-eu-su-saveznici-nato-a-svi-mi-nudimo-bih-cvrsto-partnerstvo-i-otvorenu-ruku\/#breadcrumb","itemListElement":[{"@type":"ListItem","position":1,"name":"Po\u010detna stranica","item":"https:\/\/radioljubuski.ba\/"},{"@type":"ListItem","position":2,"name":"Nelson: SAD i EU su saveznici NATO-a, svi mi nudimo BiH \u010dvrsto partnerstvo i otvorenu ruku"}]},{"@type":"WebSite","@id":"https:\/\/radioljubuski.ba\/#website","url":"https:\/\/radioljubuski.ba\/","name":"Radio Ljubu\u0161ki","description":"Sun\u010dana frekvencija Hercegovine","publisher":{"@id":"https:\/\/radioljubuski.ba\/#organization"},"potentialAction":[{"@type":"SearchAction","target":{"@type":"EntryPoint","urlTemplate":"https:\/\/radioljubuski.ba\/?s={search_term_string}"},"query-input":{"@type":"PropertyValueSpecification","valueRequired":true,"valueName":"search_term_string"}}],"inLanguage":"hr"},{"@type":"Organization","@id":"https:\/\/radioljubuski.ba\/#organization","name":"Radio Ljubu\u0161ki","url":"https:\/\/radioljubuski.ba\/","logo":{"@type":"ImageObject","inLanguage":"hr","@id":"https:\/\/radioljubuski.ba\/#\/schema\/logo\/image\/","url":"https:\/\/radioljubuski.ba\/wp-content\/uploads\/2021\/02\/cropped-Radio_Ljubuski_logo1.jpg","contentUrl":"https:\/\/radioljubuski.ba\/wp-content\/uploads\/2021\/02\/cropped-Radio_Ljubuski_logo1.jpg","width":512,"height":512,"caption":"Radio Ljubu\u0161ki"},"image":{"@id":"https:\/\/radioljubuski.ba\/#\/schema\/logo\/image\/"},"sameAs":["https:\/\/www.facebook.com\/Radiio-Ljubuski-1490835324566332","https:\/\/x.com\/radioljubuski","https:\/\/hr.linkedin.com\/company\/radio-ljubuski","https:\/\/www.youtube.com\/channel\/UCHYaeO_n0Db3tjNGudGpXyw"]},{"@type":"Person","@id":"https:\/\/radioljubuski.ba\/#\/schema\/person\/19fc700381a780f69665d7956c469e3b","name":"Radio Ljubu\u0161ki"}]}},"_links":{"self":[{"href":"https:\/\/radioljubuski.ba\/index.php\/wp-json\/wp\/v2\/posts\/9495","targetHints":{"allow":["GET"]}}],"collection":[{"href":"https:\/\/radioljubuski.ba\/index.php\/wp-json\/wp\/v2\/posts"}],"about":[{"href":"https:\/\/radioljubuski.ba\/index.php\/wp-json\/wp\/v2\/types\/post"}],"author":[{"embeddable":true,"href":"https:\/\/radioljubuski.ba\/index.php\/wp-json\/wp\/v2\/users\/2"}],"replies":[{"embeddable":true,"href":"https:\/\/radioljubuski.ba\/index.php\/wp-json\/wp\/v2\/comments?post=9495"}],"version-history":[{"count":1,"href":"https:\/\/radioljubuski.ba\/index.php\/wp-json\/wp\/v2\/posts\/9495\/revisions"}],"predecessor-version":[{"id":9497,"href":"https:\/\/radioljubuski.ba\/index.php\/wp-json\/wp\/v2\/posts\/9495\/revisions\/9497"}],"wp:featuredmedia":[{"embeddable":true,"href":"https:\/\/radioljubuski.ba\/index.php\/wp-json\/wp\/v2\/media\/9496"}],"wp:attachment":[{"href":"https:\/\/radioljubuski.ba\/index.php\/wp-json\/wp\/v2\/media?parent=9495"}],"wp:term":[{"taxonomy":"category","embeddable":true,"href":"https:\/\/radioljubuski.ba\/index.php\/wp-json\/wp\/v2\/categories?post=9495"},{"taxonomy":"post_tag","embeddable":true,"href":"https:\/\/radioljubuski.ba\/index.php\/wp-json\/wp\/v2\/tags?post=9495"}],"curies":[{"name":"wp","href":"https:\/\/api.w.org\/{rel}","templated":true}]}}