{"id":94963,"date":"2021-12-01T23:37:30","date_gmt":"2021-12-01T22:37:30","guid":{"rendered":"https:\/\/radioljubuski.ba\/?p=94963"},"modified":"2021-12-01T23:37:32","modified_gmt":"2021-12-01T22:37:32","slug":"bjelica-bilo-je-svega-sto-nogomet-cini-uzbudljivim","status":"publish","type":"post","link":"https:\/\/radioljubuski.ba\/index.php\/2021\/12\/01\/bjelica-bilo-je-svega-sto-nogomet-cini-uzbudljivim\/","title":{"rendered":"Bjelica: Bilo je svega \u0161to nogomet \u010dini uzbudljivim"},"content":{"rendered":"\n<p><strong>Trener Osijeka Nenad Bjelica burno je pro\u017eivljavao \u010detvrtfinalnu utakmicu hrvatskog Kupa, ali na kraju je odahnuo jer je njegova mom\u010dad izborila plasman u polufinale.<\/strong><\/p>\n\n\n\n<p>&#8211; Svi koji su gledali utakmicu su se sigurno na\u017eivcirali. Uz dva neiskori\u0161tena kaznena udarca, dva crvena kartona i dosta \u017eutih, mo\u017ee se re\u0107i da je bilo svega \u0161to nogomet \u010dini uzbudljivim. Rekao bih da smo u prvom poluvremenu bili puno bolja mom\u010dad, a onda smo imali nerazumljiv pad u nastavku, Slaven nam je stvorio dosta izglednih \u0161ansi, a imali smo, sre\u0107om, raspolo\u017eenog Malenicu. U nekim situacijama oni nisu dobro reagirali, pa je ostalo 0:0 i tijekom produ\u017eetaka. A \u201epenali\u201c su uvijek \u201elutrija\u201c, pri \u010demu smo mi ovaj puta bili bolji, rekao je Nenad Bjelica nakon utakmice.<br><br>Rekao je strateg Osijeka da je svakoj mom\u010dadi pripalo jedno poluvrijeme, ali da su njegovi momci bili hladnokrvniji na penalima.<br><br>Za kraj je istaknuo navija\u010de koji su bili uz njih od prve do zadnje minute.<br><br>&#8211; Sjajan je njihov doprinos, ponosan sam na sve oni koji dolaze na utakmice. Nije ih previ\u0161e, ali nas bodre kao da ih je 5.000. De\u010dki to osje\u0107aju na terenu, daju od sve od sebe. Malo smo bili razo\u010darani jer smo nakon prvog poluvremenu trebali imati prednost, mo\u017eda i izra\u017eeniju, a onda se dogodi taj pad u igri, \u0161to se doga\u0111a. Tada su nas upravo navija\u010di dr\u017eali \u201ena \u017eivotu\u201c, da ne govorim o produ\u017eetcima kada smo imali igra\u010da manje. Hvala im na takvoj podr\u0161ci, \u010destitke i njima, zaklju\u010dio je Bjelica.<\/p>\n\n\n\n<iframe loading=\"lazy\" src=\"https:\/\/www.facebook.com\/plugins\/video.php?height=314&#038;href=https%3A%2F%2Fwww.facebook.com%2Fnkosijek%2Fvideos%2F489770715631600%2F&#038;show_text=false&#038;width=560&#038;t=0\" width=\"560\" height=\"314\" style=\"border:none;overflow:hidden\" scrolling=\"no\" frameborder=\"0\" allowfullscreen=\"true\" allow=\"autoplay; clipboard-write; encrypted-media; picture-in-picture; web-share\" allowFullScreen=\"true\"><\/iframe>\n\n\n\n<p>Izvor:hrt.hr<\/p>\n","protected":false},"excerpt":{"rendered":"<p>Trener Osijeka Nenad Bjelica burno je pro\u017eivljavao \u010detvrtfinalnu utakmicu hrvatskog Kupa, ali na kraju je odahnuo jer je njegova mom\u010dad izborila plasman u polufinale. &#8211; Svi koji su gledali utakmicu su se sigurno na\u017eivcirali. Uz dva neiskori\u0161tena kaznena udarca, dva crvena kartona i dosta \u017eutih, mo\u017ee se re\u0107i da je bilo svega \u0161to nogomet \u010dini [&hellip;]<\/p>\n","protected":false},"author":2,"featured_media":75351,"comment_status":"closed","ping_status":"closed","sticky":false,"template":"","format":"standard","meta":{"h5ap_radio_sources":[],"footnotes":""},"categories":[7],"tags":[],"class_list":["post-94963","post","type-post","status-publish","format-standard","has-post-thumbnail","hentry","category-sport"],"yoast_head":"<!-- This site is optimized with the Yoast SEO plugin v27.4 - https:\/\/yoast.com\/product\/yoast-seo-wordpress\/ -->\n<title>Bjelica: Bilo je svega \u0161to nogomet \u010dini uzbudljivim - RADIO LJUBU\u0160KI<\/title>\n<meta name=\"robots\" content=\"index, follow, max-snippet:-1, max-image-preview:large, max-video-preview:-1\" \/>\n<link rel=\"canonical\" href=\"https:\/\/radioljubuski.ba\/index.php\/2021\/12\/01\/bjelica-bilo-je-svega-sto-nogomet-cini-uzbudljivim\/\" \/>\n<meta property=\"og:locale\" content=\"hr_HR\" \/>\n<meta property=\"og:type\" content=\"article\" \/>\n<meta property=\"og:title\" content=\"Bjelica: Bilo je svega \u0161to nogomet \u010dini uzbudljivim - RADIO LJUBU\u0160KI\" \/>\n<meta property=\"og:description\" content=\"Trener Osijeka Nenad Bjelica burno je pro\u017eivljavao \u010detvrtfinalnu utakmicu hrvatskog Kupa, ali na kraju je odahnuo jer je njegova mom\u010dad izborila plasman u polufinale. &#8211; Svi koji su gledali utakmicu su se sigurno na\u017eivcirali. Uz dva neiskori\u0161tena kaznena udarca, dva crvena kartona i dosta \u017eutih, mo\u017ee se re\u0107i da je bilo svega \u0161to nogomet \u010dini [&hellip;]\" \/>\n<meta property=\"og:url\" content=\"https:\/\/radioljubuski.ba\/index.php\/2021\/12\/01\/bjelica-bilo-je-svega-sto-nogomet-cini-uzbudljivim\/\" \/>\n<meta property=\"og:site_name\" content=\"RADIO LJUBU\u0160KI\" \/>\n<meta property=\"article:publisher\" content=\"https:\/\/www.facebook.com\/Radiio-Ljubuski-1490835324566332\" \/>\n<meta property=\"article:published_time\" content=\"2021-12-01T22:37:30+00:00\" \/>\n<meta property=\"article:modified_time\" content=\"2021-12-01T22:37:32+00:00\" \/>\n<meta property=\"og:image\" content=\"https:\/\/radioljubuski.ba\/wp-content\/uploads\/2021\/10\/pxl-031021-90001275-20211012124715.jpg\" \/>\n\t<meta property=\"og:image:width\" content=\"1600\" \/>\n\t<meta property=\"og:image:height\" content=\"1066\" \/>\n\t<meta property=\"og:image:type\" content=\"image\/jpeg\" \/>\n<meta name=\"author\" content=\"Radio Ljubu\u0161ki\" \/>\n<meta name=\"twitter:card\" content=\"summary_large_image\" \/>\n<meta name=\"twitter:creator\" content=\"@radioljubuski\" \/>\n<meta name=\"twitter:site\" content=\"@radioljubuski\" \/>\n<meta name=\"twitter:label1\" content=\"Napisao\/la\" \/>\n\t<meta name=\"twitter:data1\" content=\"Radio Ljubu\u0161ki\" \/>\n\t<meta name=\"twitter:label2\" content=\"Procijenjeno vrijeme \u010ditanja\" \/>\n\t<meta name=\"twitter:data2\" content=\"2 minute\" \/>\n<script type=\"application\/ld+json\" class=\"yoast-schema-graph\">{\"@context\":\"https:\\\/\\\/schema.org\",\"@graph\":[{\"@type\":\"Article\",\"@id\":\"https:\\\/\\\/radioljubuski.ba\\\/index.php\\\/2021\\\/12\\\/01\\\/bjelica-bilo-je-svega-sto-nogomet-cini-uzbudljivim\\\/#article\",\"isPartOf\":{\"@id\":\"https:\\\/\\\/radioljubuski.ba\\\/index.php\\\/2021\\\/12\\\/01\\\/bjelica-bilo-je-svega-sto-nogomet-cini-uzbudljivim\\\/\"},\"author\":{\"name\":\"Radio Ljubu\u0161ki\",\"@id\":\"https:\\\/\\\/radioljubuski.ba\\\/#\\\/schema\\\/person\\\/19fc700381a780f69665d7956c469e3b\"},\"headline\":\"Bjelica: Bilo je svega \u0161to nogomet \u010dini uzbudljivim\",\"datePublished\":\"2021-12-01T22:37:30+00:00\",\"dateModified\":\"2021-12-01T22:37:32+00:00\",\"mainEntityOfPage\":{\"@id\":\"https:\\\/\\\/radioljubuski.ba\\\/index.php\\\/2021\\\/12\\\/01\\\/bjelica-bilo-je-svega-sto-nogomet-cini-uzbudljivim\\\/\"},\"wordCount\":280,\"publisher\":{\"@id\":\"https:\\\/\\\/radioljubuski.ba\\\/#organization\"},\"image\":{\"@id\":\"https:\\\/\\\/radioljubuski.ba\\\/index.php\\\/2021\\\/12\\\/01\\\/bjelica-bilo-je-svega-sto-nogomet-cini-uzbudljivim\\\/#primaryimage\"},\"thumbnailUrl\":\"https:\\\/\\\/radioljubuski.ba\\\/wp-content\\\/uploads\\\/2021\\\/10\\\/pxl-031021-90001275-20211012124715.jpg\",\"articleSection\":[\"\u0160port\"],\"inLanguage\":\"hr\"},{\"@type\":\"WebPage\",\"@id\":\"https:\\\/\\\/radioljubuski.ba\\\/index.php\\\/2021\\\/12\\\/01\\\/bjelica-bilo-je-svega-sto-nogomet-cini-uzbudljivim\\\/\",\"url\":\"https:\\\/\\\/radioljubuski.ba\\\/index.php\\\/2021\\\/12\\\/01\\\/bjelica-bilo-je-svega-sto-nogomet-cini-uzbudljivim\\\/\",\"name\":\"Bjelica: Bilo je svega \u0161to nogomet \u010dini uzbudljivim - RADIO LJUBU\u0160KI\",\"isPartOf\":{\"@id\":\"https:\\\/\\\/radioljubuski.ba\\\/#website\"},\"primaryImageOfPage\":{\"@id\":\"https:\\\/\\\/radioljubuski.ba\\\/index.php\\\/2021\\\/12\\\/01\\\/bjelica-bilo-je-svega-sto-nogomet-cini-uzbudljivim\\\/#primaryimage\"},\"image\":{\"@id\":\"https:\\\/\\\/radioljubuski.ba\\\/index.php\\\/2021\\\/12\\\/01\\\/bjelica-bilo-je-svega-sto-nogomet-cini-uzbudljivim\\\/#primaryimage\"},\"thumbnailUrl\":\"https:\\\/\\\/radioljubuski.ba\\\/wp-content\\\/uploads\\\/2021\\\/10\\\/pxl-031021-90001275-20211012124715.jpg\",\"datePublished\":\"2021-12-01T22:37:30+00:00\",\"dateModified\":\"2021-12-01T22:37:32+00:00\",\"breadcrumb\":{\"@id\":\"https:\\\/\\\/radioljubuski.ba\\\/index.php\\\/2021\\\/12\\\/01\\\/bjelica-bilo-je-svega-sto-nogomet-cini-uzbudljivim\\\/#breadcrumb\"},\"inLanguage\":\"hr\",\"potentialAction\":[{\"@type\":\"ReadAction\",\"target\":[\"https:\\\/\\\/radioljubuski.ba\\\/index.php\\\/2021\\\/12\\\/01\\\/bjelica-bilo-je-svega-sto-nogomet-cini-uzbudljivim\\\/\"]}]},{\"@type\":\"ImageObject\",\"inLanguage\":\"hr\",\"@id\":\"https:\\\/\\\/radioljubuski.ba\\\/index.php\\\/2021\\\/12\\\/01\\\/bjelica-bilo-je-svega-sto-nogomet-cini-uzbudljivim\\\/#primaryimage\",\"url\":\"https:\\\/\\\/radioljubuski.ba\\\/wp-content\\\/uploads\\\/2021\\\/10\\\/pxl-031021-90001275-20211012124715.jpg\",\"contentUrl\":\"https:\\\/\\\/radioljubuski.ba\\\/wp-content\\\/uploads\\\/2021\\\/10\\\/pxl-031021-90001275-20211012124715.jpg\",\"width\":1600,\"height\":1066,\"caption\":\"03.10.2021., stadion Gradski vrt, Osijek - 11. kolo, Hrvatski Telekom Prva liga, NK Osijek - HNK Hajduk. Trener Osijeka Nenad Bjelica.\"},{\"@type\":\"BreadcrumbList\",\"@id\":\"https:\\\/\\\/radioljubuski.ba\\\/index.php\\\/2021\\\/12\\\/01\\\/bjelica-bilo-je-svega-sto-nogomet-cini-uzbudljivim\\\/#breadcrumb\",\"itemListElement\":[{\"@type\":\"ListItem\",\"position\":1,\"name\":\"Po\u010detna stranica\",\"item\":\"https:\\\/\\\/radioljubuski.ba\\\/\"},{\"@type\":\"ListItem\",\"position\":2,\"name\":\"Bjelica: Bilo je svega \u0161to nogomet \u010dini uzbudljivim\"}]},{\"@type\":\"WebSite\",\"@id\":\"https:\\\/\\\/radioljubuski.ba\\\/#website\",\"url\":\"https:\\\/\\\/radioljubuski.ba\\\/\",\"name\":\"Radio Ljubu\u0161ki\",\"description\":\"Sun\u010dana frekvencija Hercegovine\",\"publisher\":{\"@id\":\"https:\\\/\\\/radioljubuski.ba\\\/#organization\"},\"potentialAction\":[{\"@type\":\"SearchAction\",\"target\":{\"@type\":\"EntryPoint\",\"urlTemplate\":\"https:\\\/\\\/radioljubuski.ba\\\/?s={search_term_string}\"},\"query-input\":{\"@type\":\"PropertyValueSpecification\",\"valueRequired\":true,\"valueName\":\"search_term_string\"}}],\"inLanguage\":\"hr\"},{\"@type\":\"Organization\",\"@id\":\"https:\\\/\\\/radioljubuski.ba\\\/#organization\",\"name\":\"Radio Ljubu\u0161ki\",\"url\":\"https:\\\/\\\/radioljubuski.ba\\\/\",\"logo\":{\"@type\":\"ImageObject\",\"inLanguage\":\"hr\",\"@id\":\"https:\\\/\\\/radioljubuski.ba\\\/#\\\/schema\\\/logo\\\/image\\\/\",\"url\":\"https:\\\/\\\/radioljubuski.ba\\\/wp-content\\\/uploads\\\/2021\\\/02\\\/cropped-Radio_Ljubuski_logo1.jpg\",\"contentUrl\":\"https:\\\/\\\/radioljubuski.ba\\\/wp-content\\\/uploads\\\/2021\\\/02\\\/cropped-Radio_Ljubuski_logo1.jpg\",\"width\":512,\"height\":512,\"caption\":\"Radio Ljubu\u0161ki\"},\"image\":{\"@id\":\"https:\\\/\\\/radioljubuski.ba\\\/#\\\/schema\\\/logo\\\/image\\\/\"},\"sameAs\":[\"https:\\\/\\\/www.facebook.com\\\/Radiio-Ljubuski-1490835324566332\",\"https:\\\/\\\/x.com\\\/radioljubuski\",\"https:\\\/\\\/hr.linkedin.com\\\/company\\\/radio-ljubuski\",\"https:\\\/\\\/www.youtube.com\\\/channel\\\/UCHYaeO_n0Db3tjNGudGpXyw\"]},{\"@type\":\"Person\",\"@id\":\"https:\\\/\\\/radioljubuski.ba\\\/#\\\/schema\\\/person\\\/19fc700381a780f69665d7956c469e3b\",\"name\":\"Radio Ljubu\u0161ki\"}]}<\/script>\n<!-- \/ Yoast SEO plugin. -->","yoast_head_json":{"title":"Bjelica: Bilo je svega \u0161to nogomet \u010dini uzbudljivim - RADIO LJUBU\u0160KI","robots":{"index":"index","follow":"follow","max-snippet":"max-snippet:-1","max-image-preview":"max-image-preview:large","max-video-preview":"max-video-preview:-1"},"canonical":"https:\/\/radioljubuski.ba\/index.php\/2021\/12\/01\/bjelica-bilo-je-svega-sto-nogomet-cini-uzbudljivim\/","og_locale":"hr_HR","og_type":"article","og_title":"Bjelica: Bilo je svega \u0161to nogomet \u010dini uzbudljivim - RADIO LJUBU\u0160KI","og_description":"Trener Osijeka Nenad Bjelica burno je pro\u017eivljavao \u010detvrtfinalnu utakmicu hrvatskog Kupa, ali na kraju je odahnuo jer je njegova mom\u010dad izborila plasman u polufinale. &#8211; Svi koji su gledali utakmicu su se sigurno na\u017eivcirali. Uz dva neiskori\u0161tena kaznena udarca, dva crvena kartona i dosta \u017eutih, mo\u017ee se re\u0107i da je bilo svega \u0161to nogomet \u010dini [&hellip;]","og_url":"https:\/\/radioljubuski.ba\/index.php\/2021\/12\/01\/bjelica-bilo-je-svega-sto-nogomet-cini-uzbudljivim\/","og_site_name":"RADIO LJUBU\u0160KI","article_publisher":"https:\/\/www.facebook.com\/Radiio-Ljubuski-1490835324566332","article_published_time":"2021-12-01T22:37:30+00:00","article_modified_time":"2021-12-01T22:37:32+00:00","og_image":[{"width":1600,"height":1066,"url":"https:\/\/radioljubuski.ba\/wp-content\/uploads\/2021\/10\/pxl-031021-90001275-20211012124715.jpg","type":"image\/jpeg"}],"author":"Radio Ljubu\u0161ki","twitter_card":"summary_large_image","twitter_creator":"@radioljubuski","twitter_site":"@radioljubuski","twitter_misc":{"Napisao\/la":"Radio Ljubu\u0161ki","Procijenjeno vrijeme \u010ditanja":"2 minute"},"schema":{"@context":"https:\/\/schema.org","@graph":[{"@type":"Article","@id":"https:\/\/radioljubuski.ba\/index.php\/2021\/12\/01\/bjelica-bilo-je-svega-sto-nogomet-cini-uzbudljivim\/#article","isPartOf":{"@id":"https:\/\/radioljubuski.ba\/index.php\/2021\/12\/01\/bjelica-bilo-je-svega-sto-nogomet-cini-uzbudljivim\/"},"author":{"name":"Radio Ljubu\u0161ki","@id":"https:\/\/radioljubuski.ba\/#\/schema\/person\/19fc700381a780f69665d7956c469e3b"},"headline":"Bjelica: Bilo je svega \u0161to nogomet \u010dini uzbudljivim","datePublished":"2021-12-01T22:37:30+00:00","dateModified":"2021-12-01T22:37:32+00:00","mainEntityOfPage":{"@id":"https:\/\/radioljubuski.ba\/index.php\/2021\/12\/01\/bjelica-bilo-je-svega-sto-nogomet-cini-uzbudljivim\/"},"wordCount":280,"publisher":{"@id":"https:\/\/radioljubuski.ba\/#organization"},"image":{"@id":"https:\/\/radioljubuski.ba\/index.php\/2021\/12\/01\/bjelica-bilo-je-svega-sto-nogomet-cini-uzbudljivim\/#primaryimage"},"thumbnailUrl":"https:\/\/radioljubuski.ba\/wp-content\/uploads\/2021\/10\/pxl-031021-90001275-20211012124715.jpg","articleSection":["\u0160port"],"inLanguage":"hr"},{"@type":"WebPage","@id":"https:\/\/radioljubuski.ba\/index.php\/2021\/12\/01\/bjelica-bilo-je-svega-sto-nogomet-cini-uzbudljivim\/","url":"https:\/\/radioljubuski.ba\/index.php\/2021\/12\/01\/bjelica-bilo-je-svega-sto-nogomet-cini-uzbudljivim\/","name":"Bjelica: Bilo je svega \u0161to nogomet \u010dini uzbudljivim - RADIO LJUBU\u0160KI","isPartOf":{"@id":"https:\/\/radioljubuski.ba\/#website"},"primaryImageOfPage":{"@id":"https:\/\/radioljubuski.ba\/index.php\/2021\/12\/01\/bjelica-bilo-je-svega-sto-nogomet-cini-uzbudljivim\/#primaryimage"},"image":{"@id":"https:\/\/radioljubuski.ba\/index.php\/2021\/12\/01\/bjelica-bilo-je-svega-sto-nogomet-cini-uzbudljivim\/#primaryimage"},"thumbnailUrl":"https:\/\/radioljubuski.ba\/wp-content\/uploads\/2021\/10\/pxl-031021-90001275-20211012124715.jpg","datePublished":"2021-12-01T22:37:30+00:00","dateModified":"2021-12-01T22:37:32+00:00","breadcrumb":{"@id":"https:\/\/radioljubuski.ba\/index.php\/2021\/12\/01\/bjelica-bilo-je-svega-sto-nogomet-cini-uzbudljivim\/#breadcrumb"},"inLanguage":"hr","potentialAction":[{"@type":"ReadAction","target":["https:\/\/radioljubuski.ba\/index.php\/2021\/12\/01\/bjelica-bilo-je-svega-sto-nogomet-cini-uzbudljivim\/"]}]},{"@type":"ImageObject","inLanguage":"hr","@id":"https:\/\/radioljubuski.ba\/index.php\/2021\/12\/01\/bjelica-bilo-je-svega-sto-nogomet-cini-uzbudljivim\/#primaryimage","url":"https:\/\/radioljubuski.ba\/wp-content\/uploads\/2021\/10\/pxl-031021-90001275-20211012124715.jpg","contentUrl":"https:\/\/radioljubuski.ba\/wp-content\/uploads\/2021\/10\/pxl-031021-90001275-20211012124715.jpg","width":1600,"height":1066,"caption":"03.10.2021., stadion Gradski vrt, Osijek - 11. kolo, Hrvatski Telekom Prva liga, NK Osijek - HNK Hajduk. Trener Osijeka Nenad Bjelica."},{"@type":"BreadcrumbList","@id":"https:\/\/radioljubuski.ba\/index.php\/2021\/12\/01\/bjelica-bilo-je-svega-sto-nogomet-cini-uzbudljivim\/#breadcrumb","itemListElement":[{"@type":"ListItem","position":1,"name":"Po\u010detna stranica","item":"https:\/\/radioljubuski.ba\/"},{"@type":"ListItem","position":2,"name":"Bjelica: Bilo je svega \u0161to nogomet \u010dini uzbudljivim"}]},{"@type":"WebSite","@id":"https:\/\/radioljubuski.ba\/#website","url":"https:\/\/radioljubuski.ba\/","name":"Radio Ljubu\u0161ki","description":"Sun\u010dana frekvencija Hercegovine","publisher":{"@id":"https:\/\/radioljubuski.ba\/#organization"},"potentialAction":[{"@type":"SearchAction","target":{"@type":"EntryPoint","urlTemplate":"https:\/\/radioljubuski.ba\/?s={search_term_string}"},"query-input":{"@type":"PropertyValueSpecification","valueRequired":true,"valueName":"search_term_string"}}],"inLanguage":"hr"},{"@type":"Organization","@id":"https:\/\/radioljubuski.ba\/#organization","name":"Radio Ljubu\u0161ki","url":"https:\/\/radioljubuski.ba\/","logo":{"@type":"ImageObject","inLanguage":"hr","@id":"https:\/\/radioljubuski.ba\/#\/schema\/logo\/image\/","url":"https:\/\/radioljubuski.ba\/wp-content\/uploads\/2021\/02\/cropped-Radio_Ljubuski_logo1.jpg","contentUrl":"https:\/\/radioljubuski.ba\/wp-content\/uploads\/2021\/02\/cropped-Radio_Ljubuski_logo1.jpg","width":512,"height":512,"caption":"Radio Ljubu\u0161ki"},"image":{"@id":"https:\/\/radioljubuski.ba\/#\/schema\/logo\/image\/"},"sameAs":["https:\/\/www.facebook.com\/Radiio-Ljubuski-1490835324566332","https:\/\/x.com\/radioljubuski","https:\/\/hr.linkedin.com\/company\/radio-ljubuski","https:\/\/www.youtube.com\/channel\/UCHYaeO_n0Db3tjNGudGpXyw"]},{"@type":"Person","@id":"https:\/\/radioljubuski.ba\/#\/schema\/person\/19fc700381a780f69665d7956c469e3b","name":"Radio Ljubu\u0161ki"}]}},"_links":{"self":[{"href":"https:\/\/radioljubuski.ba\/index.php\/wp-json\/wp\/v2\/posts\/94963","targetHints":{"allow":["GET"]}}],"collection":[{"href":"https:\/\/radioljubuski.ba\/index.php\/wp-json\/wp\/v2\/posts"}],"about":[{"href":"https:\/\/radioljubuski.ba\/index.php\/wp-json\/wp\/v2\/types\/post"}],"author":[{"embeddable":true,"href":"https:\/\/radioljubuski.ba\/index.php\/wp-json\/wp\/v2\/users\/2"}],"replies":[{"embeddable":true,"href":"https:\/\/radioljubuski.ba\/index.php\/wp-json\/wp\/v2\/comments?post=94963"}],"version-history":[{"count":1,"href":"https:\/\/radioljubuski.ba\/index.php\/wp-json\/wp\/v2\/posts\/94963\/revisions"}],"predecessor-version":[{"id":94964,"href":"https:\/\/radioljubuski.ba\/index.php\/wp-json\/wp\/v2\/posts\/94963\/revisions\/94964"}],"wp:featuredmedia":[{"embeddable":true,"href":"https:\/\/radioljubuski.ba\/index.php\/wp-json\/wp\/v2\/media\/75351"}],"wp:attachment":[{"href":"https:\/\/radioljubuski.ba\/index.php\/wp-json\/wp\/v2\/media?parent=94963"}],"wp:term":[{"taxonomy":"category","embeddable":true,"href":"https:\/\/radioljubuski.ba\/index.php\/wp-json\/wp\/v2\/categories?post=94963"},{"taxonomy":"post_tag","embeddable":true,"href":"https:\/\/radioljubuski.ba\/index.php\/wp-json\/wp\/v2\/tags?post=94963"}],"curies":[{"name":"wp","href":"https:\/\/api.w.org\/{rel}","templated":true}]}}