{"id":94978,"date":"2021-12-02T00:07:54","date_gmt":"2021-12-01T23:07:54","guid":{"rendered":"https:\/\/radioljubuski.ba\/?p=94978"},"modified":"2021-12-02T00:07:55","modified_gmt":"2021-12-01T23:07:55","slug":"na-peljeskome-mostu-postavljaju-se-vjetrobrani-i-asfalt","status":"publish","type":"post","link":"https:\/\/radioljubuski.ba\/index.php\/2021\/12\/02\/na-peljeskome-mostu-postavljaju-se-vjetrobrani-i-asfalt\/","title":{"rendered":"Na Pelje\u0161kome mostu postavljaju se vjetrobrani i asfalt"},"content":{"rendered":"\n<p>Ki\u0161a i jako jugo proteklog su tjedna zaustavili gotovo sve radove na Pelje\u0161kom mostu. No, ovih dana nastavljeno je polaganje prvog sloja asfalta i postavljanje vjetrobrana. Most bi trebao biti zavr\u0161en potkraj sije\u010dnja idu\u0107e godine. Promet preko njega bit \u0107e mogu\u0107 tek sredinom ljeta, kad se zavr\u0161i dionica brze ceste od mosta do \u010dvora Zarade\u017ee na Pelje\u0161cu, navodi&nbsp;<a href=\"https:\/\/vijesti.hrt.hr\/hrvatska\/peljeski-most-nadvio-se-u-neretvanskom-kanalu-3635955\" target=\"_blank\" rel=\"noreferrer noopener\">HRT<\/a>.<\/p>\n\n\n\n<p>Pelje\u0161ki most nadvio se nad Malim morem u Neretvanskom kanalu. Ve\u0107 mjesecima je \u010dvrsta veza izme\u0111u hrvatskog juga i ostatka dr\u017eave. Hrvatska je Pelje\u0161kim mostom spojena 28. srpnja i to ba\u0161 ovdje izme\u0111u osmog i devetog stupa, no, od tad je ostalo za uraditi jo\u0161 mnogo oku vidljivih i nevidljivih radova.<\/p>\n\n\n\n<p>Najuo\u010dljiviji posao koji se trenuta\u010dno radi je asfaltiranje kolnika.<\/p>\n\n\n\n<p>&#8211; Trenutno se izvode radovi na izvedbi prvog sloja lijevanog asfalta na lijevom kolniku. Do sada je zavr\u0161en kompletni desni kolnik te 80% lijevog kolnika. U ovom tjednu, ako nas vrijeme poslu\u017ei, o\u010dekujemo i zavr\u0161etak u potpunosti prvog sloja asfalta na lijevom kolniku, govori Ivan Pu\u0111a, in\u017eenjer na gradili\u0161tu Pelje\u0161kog mosta &#8211; CRBC.<\/p>\n\n\n\n<p>Nakon toga slijedi postavljanje drugog, zavr\u0161nog sloja asfalta, ali sve ovisi o vremenskim uvjetima.<\/p>\n\n\n\n<p>&#8211; Po ki\u0161i se jednostavno ne mo\u017ee asfaltirati, tako da su te neke stvari u ovom razdoblju godine u Bo\u017ejim rukama, nagla\u0161ava Davor Peri\u0107, in\u017eenjer na gradili\u0161tu Pelje\u0161kog mosta &#8211; Hrvatske ceste.<\/p>\n\n\n\n<p>U tijeku je i postavljanje tri metra visokog vjetrobrana koji \u0107e biti s obje strane cijelom du\u017einom mosta.<\/p>\n\n\n\n<p>&#8211; Tako\u0111er u tijeku je i postavljanje za\u0161titne prometne ograde, postavljanje opreme unutar rasponske konstrukcije mosta, kao \u0161to je odvodnja, elektro instalacije i revizorske staze, nagla\u0161ava Peri\u0107.<\/p>\n\n\n\n<p>Svi radovi na mostu trebali bi zavr\u0161iti do kraja sije\u010dnja idu\u0107e godine. Tada slijedi probno optere\u0107enje mosta i druga ispitivanja u sklopu tehni\u010dkog pregleda, nakon kojeg \u0107e most biti predan Hrvatskim cestama.&nbsp;<\/p>\n\n\n\n<p>Izvor:hrt.hr<\/p>\n","protected":false},"excerpt":{"rendered":"<p>Ki\u0161a i jako jugo proteklog su tjedna zaustavili gotovo sve radove na Pelje\u0161kom mostu. No, ovih dana nastavljeno je polaganje prvog sloja asfalta i postavljanje vjetrobrana. Most bi trebao biti zavr\u0161en potkraj sije\u010dnja idu\u0107e godine. Promet preko njega bit \u0107e mogu\u0107 tek sredinom ljeta, kad se zavr\u0161i dionica brze ceste od mosta do \u010dvora Zarade\u017ee [&hellip;]<\/p>\n","protected":false},"author":2,"featured_media":94979,"comment_status":"closed","ping_status":"closed","sticky":false,"template":"","format":"standard","meta":{"h5ap_radio_sources":[],"footnotes":""},"categories":[1],"tags":[],"class_list":["post-94978","post","type-post","status-publish","format-standard","has-post-thumbnail","hentry","category-bihiregija"],"yoast_head":"<!-- This site is optimized with the Yoast SEO plugin v27.5 - https:\/\/yoast.com\/product\/yoast-seo-wordpress\/ -->\n<title>Na Pelje\u0161kome mostu postavljaju se vjetrobrani i asfalt - RADIO LJUBU\u0160KI<\/title>\n<meta name=\"robots\" content=\"index, follow, max-snippet:-1, max-image-preview:large, max-video-preview:-1\" \/>\n<link rel=\"canonical\" href=\"https:\/\/radioljubuski.ba\/index.php\/2021\/12\/02\/na-peljeskome-mostu-postavljaju-se-vjetrobrani-i-asfalt\/\" \/>\n<meta property=\"og:locale\" content=\"hr_HR\" \/>\n<meta property=\"og:type\" content=\"article\" \/>\n<meta property=\"og:title\" content=\"Na Pelje\u0161kome mostu postavljaju se vjetrobrani i asfalt - RADIO LJUBU\u0160KI\" \/>\n<meta property=\"og:description\" content=\"Ki\u0161a i jako jugo proteklog su tjedna zaustavili gotovo sve radove na Pelje\u0161kom mostu. No, ovih dana nastavljeno je polaganje prvog sloja asfalta i postavljanje vjetrobrana. Most bi trebao biti zavr\u0161en potkraj sije\u010dnja idu\u0107e godine. Promet preko njega bit \u0107e mogu\u0107 tek sredinom ljeta, kad se zavr\u0161i dionica brze ceste od mosta do \u010dvora Zarade\u017ee [&hellip;]\" \/>\n<meta property=\"og:url\" content=\"https:\/\/radioljubuski.ba\/index.php\/2021\/12\/02\/na-peljeskome-mostu-postavljaju-se-vjetrobrani-i-asfalt\/\" \/>\n<meta property=\"og:site_name\" content=\"RADIO LJUBU\u0160KI\" \/>\n<meta property=\"article:publisher\" content=\"https:\/\/www.facebook.com\/Radiio-Ljubuski-1490835324566332\" \/>\n<meta property=\"article:published_time\" content=\"2021-12-01T23:07:54+00:00\" \/>\n<meta property=\"article:modified_time\" content=\"2021-12-01T23:07:55+00:00\" \/>\n<meta property=\"og:image\" content=\"https:\/\/radioljubuski.ba\/wp-content\/uploads\/2021\/12\/8-2021-12-01-20-07-46-peljeski-MOST.jpg\" \/>\n\t<meta property=\"og:image:width\" content=\"1000\" \/>\n\t<meta property=\"og:image:height\" content=\"625\" \/>\n\t<meta property=\"og:image:type\" content=\"image\/jpeg\" \/>\n<meta name=\"author\" content=\"Radio Ljubu\u0161ki\" \/>\n<meta name=\"twitter:card\" content=\"summary_large_image\" \/>\n<meta name=\"twitter:creator\" content=\"@radioljubuski\" \/>\n<meta name=\"twitter:site\" content=\"@radioljubuski\" \/>\n<meta name=\"twitter:label1\" content=\"Napisao\/la\" \/>\n\t<meta name=\"twitter:data1\" content=\"Radio Ljubu\u0161ki\" \/>\n\t<meta name=\"twitter:label2\" content=\"Procijenjeno vrijeme \u010ditanja\" \/>\n\t<meta name=\"twitter:data2\" content=\"2 minute\" \/>\n<script type=\"application\/ld+json\" class=\"yoast-schema-graph\">{\"@context\":\"https:\\\/\\\/schema.org\",\"@graph\":[{\"@type\":\"Article\",\"@id\":\"https:\\\/\\\/radioljubuski.ba\\\/index.php\\\/2021\\\/12\\\/02\\\/na-peljeskome-mostu-postavljaju-se-vjetrobrani-i-asfalt\\\/#article\",\"isPartOf\":{\"@id\":\"https:\\\/\\\/radioljubuski.ba\\\/index.php\\\/2021\\\/12\\\/02\\\/na-peljeskome-mostu-postavljaju-se-vjetrobrani-i-asfalt\\\/\"},\"author\":{\"name\":\"Radio Ljubu\u0161ki\",\"@id\":\"https:\\\/\\\/radioljubuski.ba\\\/#\\\/schema\\\/person\\\/19fc700381a780f69665d7956c469e3b\"},\"headline\":\"Na Pelje\u0161kome mostu postavljaju se vjetrobrani i asfalt\",\"datePublished\":\"2021-12-01T23:07:54+00:00\",\"dateModified\":\"2021-12-01T23:07:55+00:00\",\"mainEntityOfPage\":{\"@id\":\"https:\\\/\\\/radioljubuski.ba\\\/index.php\\\/2021\\\/12\\\/02\\\/na-peljeskome-mostu-postavljaju-se-vjetrobrani-i-asfalt\\\/\"},\"wordCount\":347,\"publisher\":{\"@id\":\"https:\\\/\\\/radioljubuski.ba\\\/#organization\"},\"image\":{\"@id\":\"https:\\\/\\\/radioljubuski.ba\\\/index.php\\\/2021\\\/12\\\/02\\\/na-peljeskome-mostu-postavljaju-se-vjetrobrani-i-asfalt\\\/#primaryimage\"},\"thumbnailUrl\":\"https:\\\/\\\/radioljubuski.ba\\\/wp-content\\\/uploads\\\/2021\\\/12\\\/8-2021-12-01-20-07-46-peljeski-MOST.jpg\",\"articleSection\":[\"BIH i regija\"],\"inLanguage\":\"hr\"},{\"@type\":\"WebPage\",\"@id\":\"https:\\\/\\\/radioljubuski.ba\\\/index.php\\\/2021\\\/12\\\/02\\\/na-peljeskome-mostu-postavljaju-se-vjetrobrani-i-asfalt\\\/\",\"url\":\"https:\\\/\\\/radioljubuski.ba\\\/index.php\\\/2021\\\/12\\\/02\\\/na-peljeskome-mostu-postavljaju-se-vjetrobrani-i-asfalt\\\/\",\"name\":\"Na Pelje\u0161kome mostu postavljaju se vjetrobrani i asfalt - RADIO LJUBU\u0160KI\",\"isPartOf\":{\"@id\":\"https:\\\/\\\/radioljubuski.ba\\\/#website\"},\"primaryImageOfPage\":{\"@id\":\"https:\\\/\\\/radioljubuski.ba\\\/index.php\\\/2021\\\/12\\\/02\\\/na-peljeskome-mostu-postavljaju-se-vjetrobrani-i-asfalt\\\/#primaryimage\"},\"image\":{\"@id\":\"https:\\\/\\\/radioljubuski.ba\\\/index.php\\\/2021\\\/12\\\/02\\\/na-peljeskome-mostu-postavljaju-se-vjetrobrani-i-asfalt\\\/#primaryimage\"},\"thumbnailUrl\":\"https:\\\/\\\/radioljubuski.ba\\\/wp-content\\\/uploads\\\/2021\\\/12\\\/8-2021-12-01-20-07-46-peljeski-MOST.jpg\",\"datePublished\":\"2021-12-01T23:07:54+00:00\",\"dateModified\":\"2021-12-01T23:07:55+00:00\",\"breadcrumb\":{\"@id\":\"https:\\\/\\\/radioljubuski.ba\\\/index.php\\\/2021\\\/12\\\/02\\\/na-peljeskome-mostu-postavljaju-se-vjetrobrani-i-asfalt\\\/#breadcrumb\"},\"inLanguage\":\"hr\",\"potentialAction\":[{\"@type\":\"ReadAction\",\"target\":[\"https:\\\/\\\/radioljubuski.ba\\\/index.php\\\/2021\\\/12\\\/02\\\/na-peljeskome-mostu-postavljaju-se-vjetrobrani-i-asfalt\\\/\"]}]},{\"@type\":\"ImageObject\",\"inLanguage\":\"hr\",\"@id\":\"https:\\\/\\\/radioljubuski.ba\\\/index.php\\\/2021\\\/12\\\/02\\\/na-peljeskome-mostu-postavljaju-se-vjetrobrani-i-asfalt\\\/#primaryimage\",\"url\":\"https:\\\/\\\/radioljubuski.ba\\\/wp-content\\\/uploads\\\/2021\\\/12\\\/8-2021-12-01-20-07-46-peljeski-MOST.jpg\",\"contentUrl\":\"https:\\\/\\\/radioljubuski.ba\\\/wp-content\\\/uploads\\\/2021\\\/12\\\/8-2021-12-01-20-07-46-peljeski-MOST.jpg\",\"width\":1000,\"height\":625},{\"@type\":\"BreadcrumbList\",\"@id\":\"https:\\\/\\\/radioljubuski.ba\\\/index.php\\\/2021\\\/12\\\/02\\\/na-peljeskome-mostu-postavljaju-se-vjetrobrani-i-asfalt\\\/#breadcrumb\",\"itemListElement\":[{\"@type\":\"ListItem\",\"position\":1,\"name\":\"Po\u010detna stranica\",\"item\":\"https:\\\/\\\/radioljubuski.ba\\\/\"},{\"@type\":\"ListItem\",\"position\":2,\"name\":\"Na Pelje\u0161kome mostu postavljaju se vjetrobrani i asfalt\"}]},{\"@type\":\"WebSite\",\"@id\":\"https:\\\/\\\/radioljubuski.ba\\\/#website\",\"url\":\"https:\\\/\\\/radioljubuski.ba\\\/\",\"name\":\"Radio Ljubu\u0161ki\",\"description\":\"Sun\u010dana frekvencija Hercegovine\",\"publisher\":{\"@id\":\"https:\\\/\\\/radioljubuski.ba\\\/#organization\"},\"potentialAction\":[{\"@type\":\"SearchAction\",\"target\":{\"@type\":\"EntryPoint\",\"urlTemplate\":\"https:\\\/\\\/radioljubuski.ba\\\/?s={search_term_string}\"},\"query-input\":{\"@type\":\"PropertyValueSpecification\",\"valueRequired\":true,\"valueName\":\"search_term_string\"}}],\"inLanguage\":\"hr\"},{\"@type\":\"Organization\",\"@id\":\"https:\\\/\\\/radioljubuski.ba\\\/#organization\",\"name\":\"Radio Ljubu\u0161ki\",\"url\":\"https:\\\/\\\/radioljubuski.ba\\\/\",\"logo\":{\"@type\":\"ImageObject\",\"inLanguage\":\"hr\",\"@id\":\"https:\\\/\\\/radioljubuski.ba\\\/#\\\/schema\\\/logo\\\/image\\\/\",\"url\":\"https:\\\/\\\/radioljubuski.ba\\\/wp-content\\\/uploads\\\/2021\\\/02\\\/cropped-Radio_Ljubuski_logo1.jpg\",\"contentUrl\":\"https:\\\/\\\/radioljubuski.ba\\\/wp-content\\\/uploads\\\/2021\\\/02\\\/cropped-Radio_Ljubuski_logo1.jpg\",\"width\":512,\"height\":512,\"caption\":\"Radio Ljubu\u0161ki\"},\"image\":{\"@id\":\"https:\\\/\\\/radioljubuski.ba\\\/#\\\/schema\\\/logo\\\/image\\\/\"},\"sameAs\":[\"https:\\\/\\\/www.facebook.com\\\/Radiio-Ljubuski-1490835324566332\",\"https:\\\/\\\/x.com\\\/radioljubuski\",\"https:\\\/\\\/hr.linkedin.com\\\/company\\\/radio-ljubuski\",\"https:\\\/\\\/www.youtube.com\\\/channel\\\/UCHYaeO_n0Db3tjNGudGpXyw\"]},{\"@type\":\"Person\",\"@id\":\"https:\\\/\\\/radioljubuski.ba\\\/#\\\/schema\\\/person\\\/19fc700381a780f69665d7956c469e3b\",\"name\":\"Radio Ljubu\u0161ki\"}]}<\/script>\n<!-- \/ Yoast SEO plugin. -->","yoast_head_json":{"title":"Na Pelje\u0161kome mostu postavljaju se vjetrobrani i asfalt - RADIO LJUBU\u0160KI","robots":{"index":"index","follow":"follow","max-snippet":"max-snippet:-1","max-image-preview":"max-image-preview:large","max-video-preview":"max-video-preview:-1"},"canonical":"https:\/\/radioljubuski.ba\/index.php\/2021\/12\/02\/na-peljeskome-mostu-postavljaju-se-vjetrobrani-i-asfalt\/","og_locale":"hr_HR","og_type":"article","og_title":"Na Pelje\u0161kome mostu postavljaju se vjetrobrani i asfalt - RADIO LJUBU\u0160KI","og_description":"Ki\u0161a i jako jugo proteklog su tjedna zaustavili gotovo sve radove na Pelje\u0161kom mostu. No, ovih dana nastavljeno je polaganje prvog sloja asfalta i postavljanje vjetrobrana. Most bi trebao biti zavr\u0161en potkraj sije\u010dnja idu\u0107e godine. Promet preko njega bit \u0107e mogu\u0107 tek sredinom ljeta, kad se zavr\u0161i dionica brze ceste od mosta do \u010dvora Zarade\u017ee [&hellip;]","og_url":"https:\/\/radioljubuski.ba\/index.php\/2021\/12\/02\/na-peljeskome-mostu-postavljaju-se-vjetrobrani-i-asfalt\/","og_site_name":"RADIO LJUBU\u0160KI","article_publisher":"https:\/\/www.facebook.com\/Radiio-Ljubuski-1490835324566332","article_published_time":"2021-12-01T23:07:54+00:00","article_modified_time":"2021-12-01T23:07:55+00:00","og_image":[{"width":1000,"height":625,"url":"https:\/\/radioljubuski.ba\/wp-content\/uploads\/2021\/12\/8-2021-12-01-20-07-46-peljeski-MOST.jpg","type":"image\/jpeg"}],"author":"Radio Ljubu\u0161ki","twitter_card":"summary_large_image","twitter_creator":"@radioljubuski","twitter_site":"@radioljubuski","twitter_misc":{"Napisao\/la":"Radio Ljubu\u0161ki","Procijenjeno vrijeme \u010ditanja":"2 minute"},"schema":{"@context":"https:\/\/schema.org","@graph":[{"@type":"Article","@id":"https:\/\/radioljubuski.ba\/index.php\/2021\/12\/02\/na-peljeskome-mostu-postavljaju-se-vjetrobrani-i-asfalt\/#article","isPartOf":{"@id":"https:\/\/radioljubuski.ba\/index.php\/2021\/12\/02\/na-peljeskome-mostu-postavljaju-se-vjetrobrani-i-asfalt\/"},"author":{"name":"Radio Ljubu\u0161ki","@id":"https:\/\/radioljubuski.ba\/#\/schema\/person\/19fc700381a780f69665d7956c469e3b"},"headline":"Na Pelje\u0161kome mostu postavljaju se vjetrobrani i asfalt","datePublished":"2021-12-01T23:07:54+00:00","dateModified":"2021-12-01T23:07:55+00:00","mainEntityOfPage":{"@id":"https:\/\/radioljubuski.ba\/index.php\/2021\/12\/02\/na-peljeskome-mostu-postavljaju-se-vjetrobrani-i-asfalt\/"},"wordCount":347,"publisher":{"@id":"https:\/\/radioljubuski.ba\/#organization"},"image":{"@id":"https:\/\/radioljubuski.ba\/index.php\/2021\/12\/02\/na-peljeskome-mostu-postavljaju-se-vjetrobrani-i-asfalt\/#primaryimage"},"thumbnailUrl":"https:\/\/radioljubuski.ba\/wp-content\/uploads\/2021\/12\/8-2021-12-01-20-07-46-peljeski-MOST.jpg","articleSection":["BIH i regija"],"inLanguage":"hr"},{"@type":"WebPage","@id":"https:\/\/radioljubuski.ba\/index.php\/2021\/12\/02\/na-peljeskome-mostu-postavljaju-se-vjetrobrani-i-asfalt\/","url":"https:\/\/radioljubuski.ba\/index.php\/2021\/12\/02\/na-peljeskome-mostu-postavljaju-se-vjetrobrani-i-asfalt\/","name":"Na Pelje\u0161kome mostu postavljaju se vjetrobrani i asfalt - RADIO LJUBU\u0160KI","isPartOf":{"@id":"https:\/\/radioljubuski.ba\/#website"},"primaryImageOfPage":{"@id":"https:\/\/radioljubuski.ba\/index.php\/2021\/12\/02\/na-peljeskome-mostu-postavljaju-se-vjetrobrani-i-asfalt\/#primaryimage"},"image":{"@id":"https:\/\/radioljubuski.ba\/index.php\/2021\/12\/02\/na-peljeskome-mostu-postavljaju-se-vjetrobrani-i-asfalt\/#primaryimage"},"thumbnailUrl":"https:\/\/radioljubuski.ba\/wp-content\/uploads\/2021\/12\/8-2021-12-01-20-07-46-peljeski-MOST.jpg","datePublished":"2021-12-01T23:07:54+00:00","dateModified":"2021-12-01T23:07:55+00:00","breadcrumb":{"@id":"https:\/\/radioljubuski.ba\/index.php\/2021\/12\/02\/na-peljeskome-mostu-postavljaju-se-vjetrobrani-i-asfalt\/#breadcrumb"},"inLanguage":"hr","potentialAction":[{"@type":"ReadAction","target":["https:\/\/radioljubuski.ba\/index.php\/2021\/12\/02\/na-peljeskome-mostu-postavljaju-se-vjetrobrani-i-asfalt\/"]}]},{"@type":"ImageObject","inLanguage":"hr","@id":"https:\/\/radioljubuski.ba\/index.php\/2021\/12\/02\/na-peljeskome-mostu-postavljaju-se-vjetrobrani-i-asfalt\/#primaryimage","url":"https:\/\/radioljubuski.ba\/wp-content\/uploads\/2021\/12\/8-2021-12-01-20-07-46-peljeski-MOST.jpg","contentUrl":"https:\/\/radioljubuski.ba\/wp-content\/uploads\/2021\/12\/8-2021-12-01-20-07-46-peljeski-MOST.jpg","width":1000,"height":625},{"@type":"BreadcrumbList","@id":"https:\/\/radioljubuski.ba\/index.php\/2021\/12\/02\/na-peljeskome-mostu-postavljaju-se-vjetrobrani-i-asfalt\/#breadcrumb","itemListElement":[{"@type":"ListItem","position":1,"name":"Po\u010detna stranica","item":"https:\/\/radioljubuski.ba\/"},{"@type":"ListItem","position":2,"name":"Na Pelje\u0161kome mostu postavljaju se vjetrobrani i asfalt"}]},{"@type":"WebSite","@id":"https:\/\/radioljubuski.ba\/#website","url":"https:\/\/radioljubuski.ba\/","name":"Radio Ljubu\u0161ki","description":"Sun\u010dana frekvencija Hercegovine","publisher":{"@id":"https:\/\/radioljubuski.ba\/#organization"},"potentialAction":[{"@type":"SearchAction","target":{"@type":"EntryPoint","urlTemplate":"https:\/\/radioljubuski.ba\/?s={search_term_string}"},"query-input":{"@type":"PropertyValueSpecification","valueRequired":true,"valueName":"search_term_string"}}],"inLanguage":"hr"},{"@type":"Organization","@id":"https:\/\/radioljubuski.ba\/#organization","name":"Radio Ljubu\u0161ki","url":"https:\/\/radioljubuski.ba\/","logo":{"@type":"ImageObject","inLanguage":"hr","@id":"https:\/\/radioljubuski.ba\/#\/schema\/logo\/image\/","url":"https:\/\/radioljubuski.ba\/wp-content\/uploads\/2021\/02\/cropped-Radio_Ljubuski_logo1.jpg","contentUrl":"https:\/\/radioljubuski.ba\/wp-content\/uploads\/2021\/02\/cropped-Radio_Ljubuski_logo1.jpg","width":512,"height":512,"caption":"Radio Ljubu\u0161ki"},"image":{"@id":"https:\/\/radioljubuski.ba\/#\/schema\/logo\/image\/"},"sameAs":["https:\/\/www.facebook.com\/Radiio-Ljubuski-1490835324566332","https:\/\/x.com\/radioljubuski","https:\/\/hr.linkedin.com\/company\/radio-ljubuski","https:\/\/www.youtube.com\/channel\/UCHYaeO_n0Db3tjNGudGpXyw"]},{"@type":"Person","@id":"https:\/\/radioljubuski.ba\/#\/schema\/person\/19fc700381a780f69665d7956c469e3b","name":"Radio Ljubu\u0161ki"}]}},"_links":{"self":[{"href":"https:\/\/radioljubuski.ba\/index.php\/wp-json\/wp\/v2\/posts\/94978","targetHints":{"allow":["GET"]}}],"collection":[{"href":"https:\/\/radioljubuski.ba\/index.php\/wp-json\/wp\/v2\/posts"}],"about":[{"href":"https:\/\/radioljubuski.ba\/index.php\/wp-json\/wp\/v2\/types\/post"}],"author":[{"embeddable":true,"href":"https:\/\/radioljubuski.ba\/index.php\/wp-json\/wp\/v2\/users\/2"}],"replies":[{"embeddable":true,"href":"https:\/\/radioljubuski.ba\/index.php\/wp-json\/wp\/v2\/comments?post=94978"}],"version-history":[{"count":1,"href":"https:\/\/radioljubuski.ba\/index.php\/wp-json\/wp\/v2\/posts\/94978\/revisions"}],"predecessor-version":[{"id":94980,"href":"https:\/\/radioljubuski.ba\/index.php\/wp-json\/wp\/v2\/posts\/94978\/revisions\/94980"}],"wp:featuredmedia":[{"embeddable":true,"href":"https:\/\/radioljubuski.ba\/index.php\/wp-json\/wp\/v2\/media\/94979"}],"wp:attachment":[{"href":"https:\/\/radioljubuski.ba\/index.php\/wp-json\/wp\/v2\/media?parent=94978"}],"wp:term":[{"taxonomy":"category","embeddable":true,"href":"https:\/\/radioljubuski.ba\/index.php\/wp-json\/wp\/v2\/categories?post=94978"},{"taxonomy":"post_tag","embeddable":true,"href":"https:\/\/radioljubuski.ba\/index.php\/wp-json\/wp\/v2\/tags?post=94978"}],"curies":[{"name":"wp","href":"https:\/\/api.w.org\/{rel}","templated":true}]}}