{"id":94985,"date":"2021-12-02T00:11:29","date_gmt":"2021-12-01T23:11:29","guid":{"rendered":"https:\/\/radioljubuski.ba\/?p=94985"},"modified":"2021-12-02T00:11:31","modified_gmt":"2021-12-01T23:11:31","slug":"alec-baldwin-tvrdi-da-nije-povukao-okidac-na-kobnom-snimanju-filma","status":"publish","type":"post","link":"https:\/\/radioljubuski.ba\/index.php\/2021\/12\/02\/alec-baldwin-tvrdi-da-nije-povukao-okidac-na-kobnom-snimanju-filma\/","title":{"rendered":"Alec Baldwin tvrdi da nije povukao okida\u010d na kobnom snimanju filma"},"content":{"rendered":"\n<p>Slavni glumac Alec Baldwin tvrdi da nije povukao okida\u010d pi\u0161tolja kojim je na snimanju filma &#8220;Rust&#8221; ubijena snimateljica, prema dijelovima intervjua koji \u0107e biti uskoro emitiran.<\/p>\n\n\n\n<p>To je prvi Baldwinov intervju o kobnom doga\u0111aju koji se odvio 21. listopada u Novom Meksiku.<\/p>\n\n\n\n<p>&#8220;Gledajte, okida\u010d nije bio povu\u010den. Ja ga nisam povukao&#8221;, rekao je Baldwin novinaru televizije ABC Georgeu Stephanopoulosu, prema isje\u010dcima razgovora objavljenima u srijedu.<\/p>\n\n\n\n<p>&#8220;Dakle, vi nikada niste povukli ukida\u010d?&#8221;, upitao je Stephanopoulos Baldwina u interjvuu koji \u0107e biti emitiran u \u010detvrtak. &#8220;Ne, ne i ne. Nikada ne bih uperio pi\u0161tolj u nekoga i povukao okida\u010d. Nikada!&#8221;, odgovorio je Baldwin.<\/p>\n\n\n\n<p>Dodao je kako mu nije jasno kako se pravi metak pojavio na snimanju vesterna na ran\u010du kod Santa Fea.<\/p>\n\n\n\n<p>Na setu filma je poginula snimateljica Halyna Hutchins, a ranjen redatelj Joel Souza, nakon \u0161to je, prema svjedocima, Baldwin opalio probni hitac iz pi\u0161tolja. Glavno pitanje i dalje ostaje kako je &#8220;\u017eivi metak&#8221; zavr\u0161io u pi\u0161tolju umjesto manevarskog streljiva.<\/p>\n\n\n\n<p>Zasada ni protiv koga nije podignuta optu\u017enica.<\/p>\n\n\n\n<p>Dva \u010dlana ekipe su pokrenula gra\u0111ansku parnicu povezanu s nesretnim slu\u010dajem, a producenta i jo\u0161 neke osobe terete za nemar. Supervizorica Mamie Mitchell u tu\u017ebi protiv Baldwina navodi da se, prema filmskom scenariju, od njega nije tra\u017eilo da puca u spornoj sceni. Mitchell, koja je pozvala policiju nakon tragi\u010dnog doga\u0111aja, u tu\u017ebi iznosi tvrdnju po kojoj se Baldwin pucav\u0161i iz pi\u0161tolja u smjeru Hutchins pona\u0161ao nepromi\u0161ljeno i da je prekr\u0161io ili zanemario ostale sigurnosne protokole kada je posrijedi bojno streljivo i oru\u017eje na setu.<\/p>\n\n\n\n<p>Ona smatra da je Baldwin sam trebao provjeriti je li u pi\u0161tolju bojno streljivo i da nije smio zdravo za gotovo shvatiti izjavu redateljeva pomo\u0107nika o tomu da je oru\u017eje sigurno.&nbsp;<\/p>\n\n\n\n<p>Izvor:pogled.ba<\/p>\n","protected":false},"excerpt":{"rendered":"<p>Slavni glumac Alec Baldwin tvrdi da nije povukao okida\u010d pi\u0161tolja kojim je na snimanju filma &#8220;Rust&#8221; ubijena snimateljica, prema dijelovima intervjua koji \u0107e biti uskoro emitiran. To je prvi Baldwinov intervju o kobnom doga\u0111aju koji se odvio 21. listopada u Novom Meksiku. &#8220;Gledajte, okida\u010d nije bio povu\u010den. Ja ga nisam povukao&#8221;, rekao je Baldwin novinaru [&hellip;]<\/p>\n","protected":false},"author":2,"featured_media":79353,"comment_status":"closed","ping_status":"closed","sticky":false,"template":"","format":"standard","meta":{"h5ap_radio_sources":[],"footnotes":""},"categories":[1],"tags":[],"class_list":["post-94985","post","type-post","status-publish","format-standard","has-post-thumbnail","hentry","category-bihiregija"],"yoast_head":"<!-- This site is optimized with the Yoast SEO plugin v27.5 - https:\/\/yoast.com\/product\/yoast-seo-wordpress\/ -->\n<title>Alec Baldwin tvrdi da nije povukao okida\u010d na kobnom snimanju filma - RADIO LJUBU\u0160KI<\/title>\n<meta name=\"robots\" content=\"index, follow, max-snippet:-1, max-image-preview:large, max-video-preview:-1\" \/>\n<link rel=\"canonical\" href=\"https:\/\/radioljubuski.ba\/index.php\/2021\/12\/02\/alec-baldwin-tvrdi-da-nije-povukao-okidac-na-kobnom-snimanju-filma\/\" \/>\n<meta property=\"og:locale\" content=\"hr_HR\" \/>\n<meta property=\"og:type\" content=\"article\" \/>\n<meta property=\"og:title\" content=\"Alec Baldwin tvrdi da nije povukao okida\u010d na kobnom snimanju filma - RADIO LJUBU\u0160KI\" \/>\n<meta property=\"og:description\" content=\"Slavni glumac Alec Baldwin tvrdi da nije povukao okida\u010d pi\u0161tolja kojim je na snimanju filma &#8220;Rust&#8221; ubijena snimateljica, prema dijelovima intervjua koji \u0107e biti uskoro emitiran. To je prvi Baldwinov intervju o kobnom doga\u0111aju koji se odvio 21. listopada u Novom Meksiku. &#8220;Gledajte, okida\u010d nije bio povu\u010den. Ja ga nisam povukao&#8221;, rekao je Baldwin novinaru [&hellip;]\" \/>\n<meta property=\"og:url\" content=\"https:\/\/radioljubuski.ba\/index.php\/2021\/12\/02\/alec-baldwin-tvrdi-da-nije-povukao-okidac-na-kobnom-snimanju-filma\/\" \/>\n<meta property=\"og:site_name\" content=\"RADIO LJUBU\u0160KI\" \/>\n<meta property=\"article:publisher\" content=\"https:\/\/www.facebook.com\/Radiio-Ljubuski-1490835324566332\" \/>\n<meta property=\"article:published_time\" content=\"2021-12-01T23:11:29+00:00\" \/>\n<meta property=\"article:modified_time\" content=\"2021-12-01T23:11:31+00:00\" \/>\n<meta property=\"og:image\" content=\"https:\/\/radioljubuski.ba\/wp-content\/uploads\/2021\/10\/baldwin.jpg\" \/>\n\t<meta property=\"og:image:width\" content=\"721\" \/>\n\t<meta property=\"og:image:height\" content=\"392\" \/>\n\t<meta property=\"og:image:type\" content=\"image\/jpeg\" \/>\n<meta name=\"author\" content=\"Radio Ljubu\u0161ki\" \/>\n<meta name=\"twitter:card\" content=\"summary_large_image\" \/>\n<meta name=\"twitter:creator\" content=\"@radioljubuski\" \/>\n<meta name=\"twitter:site\" content=\"@radioljubuski\" \/>\n<meta name=\"twitter:label1\" content=\"Napisao\/la\" \/>\n\t<meta name=\"twitter:data1\" content=\"Radio Ljubu\u0161ki\" \/>\n\t<meta name=\"twitter:label2\" content=\"Procijenjeno vrijeme \u010ditanja\" \/>\n\t<meta name=\"twitter:data2\" content=\"2 minute\" \/>\n<script type=\"application\/ld+json\" class=\"yoast-schema-graph\">{\"@context\":\"https:\\\/\\\/schema.org\",\"@graph\":[{\"@type\":\"Article\",\"@id\":\"https:\\\/\\\/radioljubuski.ba\\\/index.php\\\/2021\\\/12\\\/02\\\/alec-baldwin-tvrdi-da-nije-povukao-okidac-na-kobnom-snimanju-filma\\\/#article\",\"isPartOf\":{\"@id\":\"https:\\\/\\\/radioljubuski.ba\\\/index.php\\\/2021\\\/12\\\/02\\\/alec-baldwin-tvrdi-da-nije-povukao-okidac-na-kobnom-snimanju-filma\\\/\"},\"author\":{\"name\":\"Radio Ljubu\u0161ki\",\"@id\":\"https:\\\/\\\/radioljubuski.ba\\\/#\\\/schema\\\/person\\\/19fc700381a780f69665d7956c469e3b\"},\"headline\":\"Alec Baldwin tvrdi da nije povukao okida\u010d na kobnom snimanju filma\",\"datePublished\":\"2021-12-01T23:11:29+00:00\",\"dateModified\":\"2021-12-01T23:11:31+00:00\",\"mainEntityOfPage\":{\"@id\":\"https:\\\/\\\/radioljubuski.ba\\\/index.php\\\/2021\\\/12\\\/02\\\/alec-baldwin-tvrdi-da-nije-povukao-okidac-na-kobnom-snimanju-filma\\\/\"},\"wordCount\":321,\"publisher\":{\"@id\":\"https:\\\/\\\/radioljubuski.ba\\\/#organization\"},\"image\":{\"@id\":\"https:\\\/\\\/radioljubuski.ba\\\/index.php\\\/2021\\\/12\\\/02\\\/alec-baldwin-tvrdi-da-nije-povukao-okidac-na-kobnom-snimanju-filma\\\/#primaryimage\"},\"thumbnailUrl\":\"https:\\\/\\\/radioljubuski.ba\\\/wp-content\\\/uploads\\\/2021\\\/10\\\/baldwin.jpg\",\"articleSection\":[\"BIH i regija\"],\"inLanguage\":\"hr\"},{\"@type\":\"WebPage\",\"@id\":\"https:\\\/\\\/radioljubuski.ba\\\/index.php\\\/2021\\\/12\\\/02\\\/alec-baldwin-tvrdi-da-nije-povukao-okidac-na-kobnom-snimanju-filma\\\/\",\"url\":\"https:\\\/\\\/radioljubuski.ba\\\/index.php\\\/2021\\\/12\\\/02\\\/alec-baldwin-tvrdi-da-nije-povukao-okidac-na-kobnom-snimanju-filma\\\/\",\"name\":\"Alec Baldwin tvrdi da nije povukao okida\u010d na kobnom snimanju filma - RADIO LJUBU\u0160KI\",\"isPartOf\":{\"@id\":\"https:\\\/\\\/radioljubuski.ba\\\/#website\"},\"primaryImageOfPage\":{\"@id\":\"https:\\\/\\\/radioljubuski.ba\\\/index.php\\\/2021\\\/12\\\/02\\\/alec-baldwin-tvrdi-da-nije-povukao-okidac-na-kobnom-snimanju-filma\\\/#primaryimage\"},\"image\":{\"@id\":\"https:\\\/\\\/radioljubuski.ba\\\/index.php\\\/2021\\\/12\\\/02\\\/alec-baldwin-tvrdi-da-nije-povukao-okidac-na-kobnom-snimanju-filma\\\/#primaryimage\"},\"thumbnailUrl\":\"https:\\\/\\\/radioljubuski.ba\\\/wp-content\\\/uploads\\\/2021\\\/10\\\/baldwin.jpg\",\"datePublished\":\"2021-12-01T23:11:29+00:00\",\"dateModified\":\"2021-12-01T23:11:31+00:00\",\"breadcrumb\":{\"@id\":\"https:\\\/\\\/radioljubuski.ba\\\/index.php\\\/2021\\\/12\\\/02\\\/alec-baldwin-tvrdi-da-nije-povukao-okidac-na-kobnom-snimanju-filma\\\/#breadcrumb\"},\"inLanguage\":\"hr\",\"potentialAction\":[{\"@type\":\"ReadAction\",\"target\":[\"https:\\\/\\\/radioljubuski.ba\\\/index.php\\\/2021\\\/12\\\/02\\\/alec-baldwin-tvrdi-da-nije-povukao-okidac-na-kobnom-snimanju-filma\\\/\"]}]},{\"@type\":\"ImageObject\",\"inLanguage\":\"hr\",\"@id\":\"https:\\\/\\\/radioljubuski.ba\\\/index.php\\\/2021\\\/12\\\/02\\\/alec-baldwin-tvrdi-da-nije-povukao-okidac-na-kobnom-snimanju-filma\\\/#primaryimage\",\"url\":\"https:\\\/\\\/radioljubuski.ba\\\/wp-content\\\/uploads\\\/2021\\\/10\\\/baldwin.jpg\",\"contentUrl\":\"https:\\\/\\\/radioljubuski.ba\\\/wp-content\\\/uploads\\\/2021\\\/10\\\/baldwin.jpg\",\"width\":721,\"height\":392},{\"@type\":\"BreadcrumbList\",\"@id\":\"https:\\\/\\\/radioljubuski.ba\\\/index.php\\\/2021\\\/12\\\/02\\\/alec-baldwin-tvrdi-da-nije-povukao-okidac-na-kobnom-snimanju-filma\\\/#breadcrumb\",\"itemListElement\":[{\"@type\":\"ListItem\",\"position\":1,\"name\":\"Po\u010detna stranica\",\"item\":\"https:\\\/\\\/radioljubuski.ba\\\/\"},{\"@type\":\"ListItem\",\"position\":2,\"name\":\"Alec Baldwin tvrdi da nije povukao okida\u010d na kobnom snimanju filma\"}]},{\"@type\":\"WebSite\",\"@id\":\"https:\\\/\\\/radioljubuski.ba\\\/#website\",\"url\":\"https:\\\/\\\/radioljubuski.ba\\\/\",\"name\":\"Radio Ljubu\u0161ki\",\"description\":\"Sun\u010dana frekvencija Hercegovine\",\"publisher\":{\"@id\":\"https:\\\/\\\/radioljubuski.ba\\\/#organization\"},\"potentialAction\":[{\"@type\":\"SearchAction\",\"target\":{\"@type\":\"EntryPoint\",\"urlTemplate\":\"https:\\\/\\\/radioljubuski.ba\\\/?s={search_term_string}\"},\"query-input\":{\"@type\":\"PropertyValueSpecification\",\"valueRequired\":true,\"valueName\":\"search_term_string\"}}],\"inLanguage\":\"hr\"},{\"@type\":\"Organization\",\"@id\":\"https:\\\/\\\/radioljubuski.ba\\\/#organization\",\"name\":\"Radio Ljubu\u0161ki\",\"url\":\"https:\\\/\\\/radioljubuski.ba\\\/\",\"logo\":{\"@type\":\"ImageObject\",\"inLanguage\":\"hr\",\"@id\":\"https:\\\/\\\/radioljubuski.ba\\\/#\\\/schema\\\/logo\\\/image\\\/\",\"url\":\"https:\\\/\\\/radioljubuski.ba\\\/wp-content\\\/uploads\\\/2021\\\/02\\\/cropped-Radio_Ljubuski_logo1.jpg\",\"contentUrl\":\"https:\\\/\\\/radioljubuski.ba\\\/wp-content\\\/uploads\\\/2021\\\/02\\\/cropped-Radio_Ljubuski_logo1.jpg\",\"width\":512,\"height\":512,\"caption\":\"Radio Ljubu\u0161ki\"},\"image\":{\"@id\":\"https:\\\/\\\/radioljubuski.ba\\\/#\\\/schema\\\/logo\\\/image\\\/\"},\"sameAs\":[\"https:\\\/\\\/www.facebook.com\\\/Radiio-Ljubuski-1490835324566332\",\"https:\\\/\\\/x.com\\\/radioljubuski\",\"https:\\\/\\\/hr.linkedin.com\\\/company\\\/radio-ljubuski\",\"https:\\\/\\\/www.youtube.com\\\/channel\\\/UCHYaeO_n0Db3tjNGudGpXyw\"]},{\"@type\":\"Person\",\"@id\":\"https:\\\/\\\/radioljubuski.ba\\\/#\\\/schema\\\/person\\\/19fc700381a780f69665d7956c469e3b\",\"name\":\"Radio Ljubu\u0161ki\"}]}<\/script>\n<!-- \/ Yoast SEO plugin. -->","yoast_head_json":{"title":"Alec Baldwin tvrdi da nije povukao okida\u010d na kobnom snimanju filma - RADIO LJUBU\u0160KI","robots":{"index":"index","follow":"follow","max-snippet":"max-snippet:-1","max-image-preview":"max-image-preview:large","max-video-preview":"max-video-preview:-1"},"canonical":"https:\/\/radioljubuski.ba\/index.php\/2021\/12\/02\/alec-baldwin-tvrdi-da-nije-povukao-okidac-na-kobnom-snimanju-filma\/","og_locale":"hr_HR","og_type":"article","og_title":"Alec Baldwin tvrdi da nije povukao okida\u010d na kobnom snimanju filma - RADIO LJUBU\u0160KI","og_description":"Slavni glumac Alec Baldwin tvrdi da nije povukao okida\u010d pi\u0161tolja kojim je na snimanju filma &#8220;Rust&#8221; ubijena snimateljica, prema dijelovima intervjua koji \u0107e biti uskoro emitiran. To je prvi Baldwinov intervju o kobnom doga\u0111aju koji se odvio 21. listopada u Novom Meksiku. &#8220;Gledajte, okida\u010d nije bio povu\u010den. Ja ga nisam povukao&#8221;, rekao je Baldwin novinaru [&hellip;]","og_url":"https:\/\/radioljubuski.ba\/index.php\/2021\/12\/02\/alec-baldwin-tvrdi-da-nije-povukao-okidac-na-kobnom-snimanju-filma\/","og_site_name":"RADIO LJUBU\u0160KI","article_publisher":"https:\/\/www.facebook.com\/Radiio-Ljubuski-1490835324566332","article_published_time":"2021-12-01T23:11:29+00:00","article_modified_time":"2021-12-01T23:11:31+00:00","og_image":[{"width":721,"height":392,"url":"https:\/\/radioljubuski.ba\/wp-content\/uploads\/2021\/10\/baldwin.jpg","type":"image\/jpeg"}],"author":"Radio Ljubu\u0161ki","twitter_card":"summary_large_image","twitter_creator":"@radioljubuski","twitter_site":"@radioljubuski","twitter_misc":{"Napisao\/la":"Radio Ljubu\u0161ki","Procijenjeno vrijeme \u010ditanja":"2 minute"},"schema":{"@context":"https:\/\/schema.org","@graph":[{"@type":"Article","@id":"https:\/\/radioljubuski.ba\/index.php\/2021\/12\/02\/alec-baldwin-tvrdi-da-nije-povukao-okidac-na-kobnom-snimanju-filma\/#article","isPartOf":{"@id":"https:\/\/radioljubuski.ba\/index.php\/2021\/12\/02\/alec-baldwin-tvrdi-da-nije-povukao-okidac-na-kobnom-snimanju-filma\/"},"author":{"name":"Radio Ljubu\u0161ki","@id":"https:\/\/radioljubuski.ba\/#\/schema\/person\/19fc700381a780f69665d7956c469e3b"},"headline":"Alec Baldwin tvrdi da nije povukao okida\u010d na kobnom snimanju filma","datePublished":"2021-12-01T23:11:29+00:00","dateModified":"2021-12-01T23:11:31+00:00","mainEntityOfPage":{"@id":"https:\/\/radioljubuski.ba\/index.php\/2021\/12\/02\/alec-baldwin-tvrdi-da-nije-povukao-okidac-na-kobnom-snimanju-filma\/"},"wordCount":321,"publisher":{"@id":"https:\/\/radioljubuski.ba\/#organization"},"image":{"@id":"https:\/\/radioljubuski.ba\/index.php\/2021\/12\/02\/alec-baldwin-tvrdi-da-nije-povukao-okidac-na-kobnom-snimanju-filma\/#primaryimage"},"thumbnailUrl":"https:\/\/radioljubuski.ba\/wp-content\/uploads\/2021\/10\/baldwin.jpg","articleSection":["BIH i regija"],"inLanguage":"hr"},{"@type":"WebPage","@id":"https:\/\/radioljubuski.ba\/index.php\/2021\/12\/02\/alec-baldwin-tvrdi-da-nije-povukao-okidac-na-kobnom-snimanju-filma\/","url":"https:\/\/radioljubuski.ba\/index.php\/2021\/12\/02\/alec-baldwin-tvrdi-da-nije-povukao-okidac-na-kobnom-snimanju-filma\/","name":"Alec Baldwin tvrdi da nije povukao okida\u010d na kobnom snimanju filma - RADIO LJUBU\u0160KI","isPartOf":{"@id":"https:\/\/radioljubuski.ba\/#website"},"primaryImageOfPage":{"@id":"https:\/\/radioljubuski.ba\/index.php\/2021\/12\/02\/alec-baldwin-tvrdi-da-nije-povukao-okidac-na-kobnom-snimanju-filma\/#primaryimage"},"image":{"@id":"https:\/\/radioljubuski.ba\/index.php\/2021\/12\/02\/alec-baldwin-tvrdi-da-nije-povukao-okidac-na-kobnom-snimanju-filma\/#primaryimage"},"thumbnailUrl":"https:\/\/radioljubuski.ba\/wp-content\/uploads\/2021\/10\/baldwin.jpg","datePublished":"2021-12-01T23:11:29+00:00","dateModified":"2021-12-01T23:11:31+00:00","breadcrumb":{"@id":"https:\/\/radioljubuski.ba\/index.php\/2021\/12\/02\/alec-baldwin-tvrdi-da-nije-povukao-okidac-na-kobnom-snimanju-filma\/#breadcrumb"},"inLanguage":"hr","potentialAction":[{"@type":"ReadAction","target":["https:\/\/radioljubuski.ba\/index.php\/2021\/12\/02\/alec-baldwin-tvrdi-da-nije-povukao-okidac-na-kobnom-snimanju-filma\/"]}]},{"@type":"ImageObject","inLanguage":"hr","@id":"https:\/\/radioljubuski.ba\/index.php\/2021\/12\/02\/alec-baldwin-tvrdi-da-nije-povukao-okidac-na-kobnom-snimanju-filma\/#primaryimage","url":"https:\/\/radioljubuski.ba\/wp-content\/uploads\/2021\/10\/baldwin.jpg","contentUrl":"https:\/\/radioljubuski.ba\/wp-content\/uploads\/2021\/10\/baldwin.jpg","width":721,"height":392},{"@type":"BreadcrumbList","@id":"https:\/\/radioljubuski.ba\/index.php\/2021\/12\/02\/alec-baldwin-tvrdi-da-nije-povukao-okidac-na-kobnom-snimanju-filma\/#breadcrumb","itemListElement":[{"@type":"ListItem","position":1,"name":"Po\u010detna stranica","item":"https:\/\/radioljubuski.ba\/"},{"@type":"ListItem","position":2,"name":"Alec Baldwin tvrdi da nije povukao okida\u010d na kobnom snimanju filma"}]},{"@type":"WebSite","@id":"https:\/\/radioljubuski.ba\/#website","url":"https:\/\/radioljubuski.ba\/","name":"Radio Ljubu\u0161ki","description":"Sun\u010dana frekvencija Hercegovine","publisher":{"@id":"https:\/\/radioljubuski.ba\/#organization"},"potentialAction":[{"@type":"SearchAction","target":{"@type":"EntryPoint","urlTemplate":"https:\/\/radioljubuski.ba\/?s={search_term_string}"},"query-input":{"@type":"PropertyValueSpecification","valueRequired":true,"valueName":"search_term_string"}}],"inLanguage":"hr"},{"@type":"Organization","@id":"https:\/\/radioljubuski.ba\/#organization","name":"Radio Ljubu\u0161ki","url":"https:\/\/radioljubuski.ba\/","logo":{"@type":"ImageObject","inLanguage":"hr","@id":"https:\/\/radioljubuski.ba\/#\/schema\/logo\/image\/","url":"https:\/\/radioljubuski.ba\/wp-content\/uploads\/2021\/02\/cropped-Radio_Ljubuski_logo1.jpg","contentUrl":"https:\/\/radioljubuski.ba\/wp-content\/uploads\/2021\/02\/cropped-Radio_Ljubuski_logo1.jpg","width":512,"height":512,"caption":"Radio Ljubu\u0161ki"},"image":{"@id":"https:\/\/radioljubuski.ba\/#\/schema\/logo\/image\/"},"sameAs":["https:\/\/www.facebook.com\/Radiio-Ljubuski-1490835324566332","https:\/\/x.com\/radioljubuski","https:\/\/hr.linkedin.com\/company\/radio-ljubuski","https:\/\/www.youtube.com\/channel\/UCHYaeO_n0Db3tjNGudGpXyw"]},{"@type":"Person","@id":"https:\/\/radioljubuski.ba\/#\/schema\/person\/19fc700381a780f69665d7956c469e3b","name":"Radio Ljubu\u0161ki"}]}},"_links":{"self":[{"href":"https:\/\/radioljubuski.ba\/index.php\/wp-json\/wp\/v2\/posts\/94985","targetHints":{"allow":["GET"]}}],"collection":[{"href":"https:\/\/radioljubuski.ba\/index.php\/wp-json\/wp\/v2\/posts"}],"about":[{"href":"https:\/\/radioljubuski.ba\/index.php\/wp-json\/wp\/v2\/types\/post"}],"author":[{"embeddable":true,"href":"https:\/\/radioljubuski.ba\/index.php\/wp-json\/wp\/v2\/users\/2"}],"replies":[{"embeddable":true,"href":"https:\/\/radioljubuski.ba\/index.php\/wp-json\/wp\/v2\/comments?post=94985"}],"version-history":[{"count":1,"href":"https:\/\/radioljubuski.ba\/index.php\/wp-json\/wp\/v2\/posts\/94985\/revisions"}],"predecessor-version":[{"id":94986,"href":"https:\/\/radioljubuski.ba\/index.php\/wp-json\/wp\/v2\/posts\/94985\/revisions\/94986"}],"wp:featuredmedia":[{"embeddable":true,"href":"https:\/\/radioljubuski.ba\/index.php\/wp-json\/wp\/v2\/media\/79353"}],"wp:attachment":[{"href":"https:\/\/radioljubuski.ba\/index.php\/wp-json\/wp\/v2\/media?parent=94985"}],"wp:term":[{"taxonomy":"category","embeddable":true,"href":"https:\/\/radioljubuski.ba\/index.php\/wp-json\/wp\/v2\/categories?post=94985"},{"taxonomy":"post_tag","embeddable":true,"href":"https:\/\/radioljubuski.ba\/index.php\/wp-json\/wp\/v2\/tags?post=94985"}],"curies":[{"name":"wp","href":"https:\/\/api.w.org\/{rel}","templated":true}]}}