{"id":94996,"date":"2021-12-02T00:17:17","date_gmt":"2021-12-01T23:17:17","guid":{"rendered":"https:\/\/radioljubuski.ba\/?p=94996"},"modified":"2021-12-02T00:17:18","modified_gmt":"2021-12-01T23:17:18","slug":"grbic-bolji-od-majera-pobjeda-kovaca","status":"publish","type":"post","link":"https:\/\/radioljubuski.ba\/index.php\/2021\/12\/02\/grbic-bolji-od-majera-pobjeda-kovaca\/","title":{"rendered":"Grbi\u0107 bolji od Majera, pobjeda Kova\u010da"},"content":{"rendered":"\n<p><strong>U derbiju 16. kola francuskog nogometnog prvenstva Lille je na gostovanju pobijedio Rennes sa 2-1, Monaco je kao gost porazio Angers sa 3-1, dok je Nica na Parku prin\u010deva odigrala 0-0 protiv PSG-a.<\/strong><\/p>\n\n\n\n<p>U sudaru dvojice hrvatskih reprezentativaca&nbsp;<strong>Ivo Grbi\u0107<\/strong>&nbsp;je bio bolji od&nbsp;<strong>Lovre Majera<\/strong>.<br><br>Lille je poveo u 31. minuti golom&nbsp;<strong>Xeke<\/strong>, a u posljednjim trenucima prvog dijela<strong>&nbsp;Renato Sanches&nbsp;<\/strong>je zabio i drugi gol za goste. U 85. minuti<strong>&nbsp;Benjamin Bourigeaud<\/strong>&nbsp;je vratio nadu doma\u0107inu, ali samo nadu.<br><br>Grbi\u0107 je branio za pobjedni\u010dki sastav, dok je Majer za Rennes igrao u drugom dijelu. Monaco,&nbsp;<strong>Nike Kova\u010da<\/strong>&nbsp;je na gostovanju pobijedio Angers sa 3-1 ostvariv\u0161i prvu liga\u0161ku pobjedu u zadnjih pet kola.<br><br>Gosti iz Kne\u017eevine su poveli u 25. minuti golom&nbsp;<strong>Myrona Boadua<\/strong>, a posljednjim trenucima prvog dijela<strong>&nbsp;Sofiane Diop<\/strong>&nbsp;je zabio za 2-0. Angers je smanjio u 55. minuti kada je&nbsp;<strong>Alexander Nubel<\/strong>&nbsp;nespretno zatresao vlastitu mre\u017eu, a pobjedu Monaca potvrdio je&nbsp;<strong>Axel Disasi<\/strong>&nbsp;pogodiv\u0161i u 73. minuti za 3-1.<br><br>Marseille je na gostovanju pobijedio Nantes sa 1-0, a susret je odlu\u010dio gol G<strong>ersona Santos da Silve<\/strong>&nbsp;u 30. minuti. Samo dvije minute kasnije Nantes je ostao s igra\u010dem manje nakon \u0161to je isklju\u010den&nbsp;<strong>Nicolas Pallois<\/strong>.&nbsp;<strong>Duje \u0106aleta-Car&nbsp;<\/strong>nije nastupio za OM.<br><br>PSG i Nica su na Parku prin\u010deva odigrali bez golova. Doma\u0107in je imao 70 posto posjeda lopte, \u010dak 22 udarca, ali nije uspio probiti gostuju\u0107u obranu.<br><br>Strasbourg je u susretu sa \u010dak sedam golova pobijedio Bordeaux sa 5-2 gurnuv\u0161i Girordince u zonu ispadanja.<br><br>Brest je sa 1-0 pobijedio &#8220;fenjera\u0161a&#8221; St Etienne upisav\u0161i petu uzastopnu pobjedu nakon \u0161to u prvih 11 kola nije ostvario niti jednu. Gol odluke zabio je&nbsp;<strong>Romain Faivre<\/strong>&nbsp;iz kaznenog udarca u 64. minuti.<br><br>Na ljestvici vodi PSG sa 41 bodom, Marseille se probio na drugo mjesto sa 29 bodova, Rennes je tre\u0107i sa 28, Nica ima 27, a Lens 26 bodova.<br><br>Monaco je sedmi sa 23 boda, dok je prvak Lille na 12. poziciji sa 21 bodom.<br><br><\/p>\n\n\n\n<p><strong>REZULTATI<\/strong>:<br>Brest &#8211; St Etienne 1-0 (Faivre 64-11m)<br>Angers &#8211; Monaco 1-3 (Nubel 55-ag \/ Boadu 25, Diop 45, Disasi 73)<br>Metz &#8211; Montpellier 1-3 (De Preville 70 \/ Savanier 36, Mavididi 45+1, Wahi 48)<br>Strasbourg &#8211; Bordeaux 5-2 (Thomasson 22, Gameiro 43-11m, Ajorque 45+1, 65, Lienard 48 \/ Hwang Ui-Jo 7, Elis 57)<br>Troyes &#8211; Lorient 2-0 (Ripart 7, Kouame 34)<br>Clermont &#8211; Lens 2-2 (Magnin 41, Bayo 65 \/ Gastien 12-ag, Fofana 47)<br>Lyon &#8211; Reims 1-2 (Toko Ekambi 66 \/ Faes 56, Ekitike 90+3)<br>Nantes &#8211; Marseille 0-1 (Gerson 30)<br>Rennes &#8211; Lille 1-2 (Bourigeaud 85 \/ Xeka 31, Sanches 45)<br>PSG &#8211; Nica 0-0<br><br><strong>LJESTVICA<\/strong>:<br>1. PSG 16 13 2 1 35-15 41<br>2. Marseille 15 8 5 2 22-12 29<br>3. Rennes 16 8 4 4 27-14 28<br>4. Nice 16 8 4 4 25-12 27<br>5. Lens 16 7 5 4 29-22 26<br>6. Strasbourg 16 6 5 5 31-22 23<br>7. Monaco 16 6 5 5 23-20 23<br>8. Angers 16 5 7 4 23-21 22<br>9. Montpellier 16 6 4 6 24-23 22<br>10. Lyon 15 6 4 5 23-23 22<br>11. Brest 16 5 6 5 23-22 21<br>12. Lille 16 5 6 5 21-23 21<br>13. Nantes 16 5 4 7 20-21 19<br>14. Reims 16 4 7 5 18-19 19<br>15. Troyes 16 4 4 8 15-23 16<br>16. Lorient 16 3 6 7 13-25 15<br>17. Clermont 16 3 5 8 19-31 14<br>18. Bordeaux 16 2 7 7 24-37 13<br>19. Metz 16 2 6 8 18-33 12<br>20. St. Etienne 16 2 6 8 17-32 12<\/p>\n\n\n\n<p>Izvor:hrt.hr<\/p>\n","protected":false},"excerpt":{"rendered":"<p>U derbiju 16. kola francuskog nogometnog prvenstva Lille je na gostovanju pobijedio Rennes sa 2-1, Monaco je kao gost porazio Angers sa 3-1, dok je Nica na Parku prin\u010deva odigrala 0-0 protiv PSG-a. U sudaru dvojice hrvatskih reprezentativaca&nbsp;Ivo Grbi\u0107&nbsp;je bio bolji od&nbsp;Lovre Majera. Lille je poveo u 31. minuti golom&nbsp;Xeke, a u posljednjim trenucima prvog [&hellip;]<\/p>\n","protected":false},"author":2,"featured_media":94997,"comment_status":"closed","ping_status":"closed","sticky":false,"template":"","format":"standard","meta":{"h5ap_radio_sources":[],"footnotes":""},"categories":[7],"tags":[],"class_list":["post-94996","post","type-post","status-publish","format-standard","has-post-thumbnail","hentry","category-sport"],"yoast_head":"<!-- This site is optimized with the Yoast SEO plugin v27.4 - https:\/\/yoast.com\/product\/yoast-seo-wordpress\/ -->\n<title>Grbi\u0107 bolji od Majera, pobjeda Kova\u010da - RADIO LJUBU\u0160KI<\/title>\n<meta name=\"robots\" content=\"index, follow, max-snippet:-1, max-image-preview:large, max-video-preview:-1\" \/>\n<link rel=\"canonical\" href=\"https:\/\/radioljubuski.ba\/index.php\/2021\/12\/02\/grbic-bolji-od-majera-pobjeda-kovaca\/\" \/>\n<meta property=\"og:locale\" content=\"hr_HR\" \/>\n<meta property=\"og:type\" content=\"article\" \/>\n<meta property=\"og:title\" content=\"Grbi\u0107 bolji od Majera, pobjeda Kova\u010da - RADIO LJUBU\u0160KI\" \/>\n<meta property=\"og:description\" content=\"U derbiju 16. kola francuskog nogometnog prvenstva Lille je na gostovanju pobijedio Rennes sa 2-1, Monaco je kao gost porazio Angers sa 3-1, dok je Nica na Parku prin\u010deva odigrala 0-0 protiv PSG-a. U sudaru dvojice hrvatskih reprezentativaca&nbsp;Ivo Grbi\u0107&nbsp;je bio bolji od&nbsp;Lovre Majera. Lille je poveo u 31. minuti golom&nbsp;Xeke, a u posljednjim trenucima prvog [&hellip;]\" \/>\n<meta property=\"og:url\" content=\"https:\/\/radioljubuski.ba\/index.php\/2021\/12\/02\/grbic-bolji-od-majera-pobjeda-kovaca\/\" \/>\n<meta property=\"og:site_name\" content=\"RADIO LJUBU\u0160KI\" \/>\n<meta property=\"article:publisher\" content=\"https:\/\/www.facebook.com\/Radiio-Ljubuski-1490835324566332\" \/>\n<meta property=\"article:published_time\" content=\"2021-12-01T23:17:17+00:00\" \/>\n<meta property=\"article:modified_time\" content=\"2021-12-01T23:17:18+00:00\" \/>\n<meta property=\"og:image\" content=\"https:\/\/radioljubuski.ba\/wp-content\/uploads\/2021\/12\/5c8f2defa985115daa43.jpeg\" \/>\n\t<meta property=\"og:image:width\" content=\"612\" \/>\n\t<meta property=\"og:image:height\" content=\"408\" \/>\n\t<meta property=\"og:image:type\" content=\"image\/jpeg\" \/>\n<meta name=\"author\" content=\"Radio Ljubu\u0161ki\" \/>\n<meta name=\"twitter:card\" content=\"summary_large_image\" \/>\n<meta name=\"twitter:creator\" content=\"@radioljubuski\" \/>\n<meta name=\"twitter:site\" content=\"@radioljubuski\" \/>\n<meta name=\"twitter:label1\" content=\"Napisao\/la\" \/>\n\t<meta name=\"twitter:data1\" content=\"Radio Ljubu\u0161ki\" \/>\n\t<meta name=\"twitter:label2\" content=\"Procijenjeno vrijeme \u010ditanja\" \/>\n\t<meta name=\"twitter:data2\" content=\"3 minute\" \/>\n<script type=\"application\/ld+json\" class=\"yoast-schema-graph\">{\"@context\":\"https:\\\/\\\/schema.org\",\"@graph\":[{\"@type\":\"Article\",\"@id\":\"https:\\\/\\\/radioljubuski.ba\\\/index.php\\\/2021\\\/12\\\/02\\\/grbic-bolji-od-majera-pobjeda-kovaca\\\/#article\",\"isPartOf\":{\"@id\":\"https:\\\/\\\/radioljubuski.ba\\\/index.php\\\/2021\\\/12\\\/02\\\/grbic-bolji-od-majera-pobjeda-kovaca\\\/\"},\"author\":{\"name\":\"Radio Ljubu\u0161ki\",\"@id\":\"https:\\\/\\\/radioljubuski.ba\\\/#\\\/schema\\\/person\\\/19fc700381a780f69665d7956c469e3b\"},\"headline\":\"Grbi\u0107 bolji od Majera, pobjeda Kova\u010da\",\"datePublished\":\"2021-12-01T23:17:17+00:00\",\"dateModified\":\"2021-12-01T23:17:18+00:00\",\"mainEntityOfPage\":{\"@id\":\"https:\\\/\\\/radioljubuski.ba\\\/index.php\\\/2021\\\/12\\\/02\\\/grbic-bolji-od-majera-pobjeda-kovaca\\\/\"},\"wordCount\":480,\"publisher\":{\"@id\":\"https:\\\/\\\/radioljubuski.ba\\\/#organization\"},\"image\":{\"@id\":\"https:\\\/\\\/radioljubuski.ba\\\/index.php\\\/2021\\\/12\\\/02\\\/grbic-bolji-od-majera-pobjeda-kovaca\\\/#primaryimage\"},\"thumbnailUrl\":\"https:\\\/\\\/radioljubuski.ba\\\/wp-content\\\/uploads\\\/2021\\\/12\\\/5c8f2defa985115daa43.jpeg\",\"articleSection\":[\"\u0160port\"],\"inLanguage\":\"hr\"},{\"@type\":\"WebPage\",\"@id\":\"https:\\\/\\\/radioljubuski.ba\\\/index.php\\\/2021\\\/12\\\/02\\\/grbic-bolji-od-majera-pobjeda-kovaca\\\/\",\"url\":\"https:\\\/\\\/radioljubuski.ba\\\/index.php\\\/2021\\\/12\\\/02\\\/grbic-bolji-od-majera-pobjeda-kovaca\\\/\",\"name\":\"Grbi\u0107 bolji od Majera, pobjeda Kova\u010da - RADIO LJUBU\u0160KI\",\"isPartOf\":{\"@id\":\"https:\\\/\\\/radioljubuski.ba\\\/#website\"},\"primaryImageOfPage\":{\"@id\":\"https:\\\/\\\/radioljubuski.ba\\\/index.php\\\/2021\\\/12\\\/02\\\/grbic-bolji-od-majera-pobjeda-kovaca\\\/#primaryimage\"},\"image\":{\"@id\":\"https:\\\/\\\/radioljubuski.ba\\\/index.php\\\/2021\\\/12\\\/02\\\/grbic-bolji-od-majera-pobjeda-kovaca\\\/#primaryimage\"},\"thumbnailUrl\":\"https:\\\/\\\/radioljubuski.ba\\\/wp-content\\\/uploads\\\/2021\\\/12\\\/5c8f2defa985115daa43.jpeg\",\"datePublished\":\"2021-12-01T23:17:17+00:00\",\"dateModified\":\"2021-12-01T23:17:18+00:00\",\"breadcrumb\":{\"@id\":\"https:\\\/\\\/radioljubuski.ba\\\/index.php\\\/2021\\\/12\\\/02\\\/grbic-bolji-od-majera-pobjeda-kovaca\\\/#breadcrumb\"},\"inLanguage\":\"hr\",\"potentialAction\":[{\"@type\":\"ReadAction\",\"target\":[\"https:\\\/\\\/radioljubuski.ba\\\/index.php\\\/2021\\\/12\\\/02\\\/grbic-bolji-od-majera-pobjeda-kovaca\\\/\"]}]},{\"@type\":\"ImageObject\",\"inLanguage\":\"hr\",\"@id\":\"https:\\\/\\\/radioljubuski.ba\\\/index.php\\\/2021\\\/12\\\/02\\\/grbic-bolji-od-majera-pobjeda-kovaca\\\/#primaryimage\",\"url\":\"https:\\\/\\\/radioljubuski.ba\\\/wp-content\\\/uploads\\\/2021\\\/12\\\/5c8f2defa985115daa43.jpeg\",\"contentUrl\":\"https:\\\/\\\/radioljubuski.ba\\\/wp-content\\\/uploads\\\/2021\\\/12\\\/5c8f2defa985115daa43.jpeg\",\"width\":612,\"height\":408},{\"@type\":\"BreadcrumbList\",\"@id\":\"https:\\\/\\\/radioljubuski.ba\\\/index.php\\\/2021\\\/12\\\/02\\\/grbic-bolji-od-majera-pobjeda-kovaca\\\/#breadcrumb\",\"itemListElement\":[{\"@type\":\"ListItem\",\"position\":1,\"name\":\"Po\u010detna stranica\",\"item\":\"https:\\\/\\\/radioljubuski.ba\\\/\"},{\"@type\":\"ListItem\",\"position\":2,\"name\":\"Grbi\u0107 bolji od Majera, pobjeda Kova\u010da\"}]},{\"@type\":\"WebSite\",\"@id\":\"https:\\\/\\\/radioljubuski.ba\\\/#website\",\"url\":\"https:\\\/\\\/radioljubuski.ba\\\/\",\"name\":\"Radio Ljubu\u0161ki\",\"description\":\"Sun\u010dana frekvencija Hercegovine\",\"publisher\":{\"@id\":\"https:\\\/\\\/radioljubuski.ba\\\/#organization\"},\"potentialAction\":[{\"@type\":\"SearchAction\",\"target\":{\"@type\":\"EntryPoint\",\"urlTemplate\":\"https:\\\/\\\/radioljubuski.ba\\\/?s={search_term_string}\"},\"query-input\":{\"@type\":\"PropertyValueSpecification\",\"valueRequired\":true,\"valueName\":\"search_term_string\"}}],\"inLanguage\":\"hr\"},{\"@type\":\"Organization\",\"@id\":\"https:\\\/\\\/radioljubuski.ba\\\/#organization\",\"name\":\"Radio Ljubu\u0161ki\",\"url\":\"https:\\\/\\\/radioljubuski.ba\\\/\",\"logo\":{\"@type\":\"ImageObject\",\"inLanguage\":\"hr\",\"@id\":\"https:\\\/\\\/radioljubuski.ba\\\/#\\\/schema\\\/logo\\\/image\\\/\",\"url\":\"https:\\\/\\\/radioljubuski.ba\\\/wp-content\\\/uploads\\\/2021\\\/02\\\/cropped-Radio_Ljubuski_logo1.jpg\",\"contentUrl\":\"https:\\\/\\\/radioljubuski.ba\\\/wp-content\\\/uploads\\\/2021\\\/02\\\/cropped-Radio_Ljubuski_logo1.jpg\",\"width\":512,\"height\":512,\"caption\":\"Radio Ljubu\u0161ki\"},\"image\":{\"@id\":\"https:\\\/\\\/radioljubuski.ba\\\/#\\\/schema\\\/logo\\\/image\\\/\"},\"sameAs\":[\"https:\\\/\\\/www.facebook.com\\\/Radiio-Ljubuski-1490835324566332\",\"https:\\\/\\\/x.com\\\/radioljubuski\",\"https:\\\/\\\/hr.linkedin.com\\\/company\\\/radio-ljubuski\",\"https:\\\/\\\/www.youtube.com\\\/channel\\\/UCHYaeO_n0Db3tjNGudGpXyw\"]},{\"@type\":\"Person\",\"@id\":\"https:\\\/\\\/radioljubuski.ba\\\/#\\\/schema\\\/person\\\/19fc700381a780f69665d7956c469e3b\",\"name\":\"Radio Ljubu\u0161ki\"}]}<\/script>\n<!-- \/ Yoast SEO plugin. -->","yoast_head_json":{"title":"Grbi\u0107 bolji od Majera, pobjeda Kova\u010da - RADIO LJUBU\u0160KI","robots":{"index":"index","follow":"follow","max-snippet":"max-snippet:-1","max-image-preview":"max-image-preview:large","max-video-preview":"max-video-preview:-1"},"canonical":"https:\/\/radioljubuski.ba\/index.php\/2021\/12\/02\/grbic-bolji-od-majera-pobjeda-kovaca\/","og_locale":"hr_HR","og_type":"article","og_title":"Grbi\u0107 bolji od Majera, pobjeda Kova\u010da - RADIO LJUBU\u0160KI","og_description":"U derbiju 16. kola francuskog nogometnog prvenstva Lille je na gostovanju pobijedio Rennes sa 2-1, Monaco je kao gost porazio Angers sa 3-1, dok je Nica na Parku prin\u010deva odigrala 0-0 protiv PSG-a. U sudaru dvojice hrvatskih reprezentativaca&nbsp;Ivo Grbi\u0107&nbsp;je bio bolji od&nbsp;Lovre Majera. Lille je poveo u 31. minuti golom&nbsp;Xeke, a u posljednjim trenucima prvog [&hellip;]","og_url":"https:\/\/radioljubuski.ba\/index.php\/2021\/12\/02\/grbic-bolji-od-majera-pobjeda-kovaca\/","og_site_name":"RADIO LJUBU\u0160KI","article_publisher":"https:\/\/www.facebook.com\/Radiio-Ljubuski-1490835324566332","article_published_time":"2021-12-01T23:17:17+00:00","article_modified_time":"2021-12-01T23:17:18+00:00","og_image":[{"width":612,"height":408,"url":"https:\/\/radioljubuski.ba\/wp-content\/uploads\/2021\/12\/5c8f2defa985115daa43.jpeg","type":"image\/jpeg"}],"author":"Radio Ljubu\u0161ki","twitter_card":"summary_large_image","twitter_creator":"@radioljubuski","twitter_site":"@radioljubuski","twitter_misc":{"Napisao\/la":"Radio Ljubu\u0161ki","Procijenjeno vrijeme \u010ditanja":"3 minute"},"schema":{"@context":"https:\/\/schema.org","@graph":[{"@type":"Article","@id":"https:\/\/radioljubuski.ba\/index.php\/2021\/12\/02\/grbic-bolji-od-majera-pobjeda-kovaca\/#article","isPartOf":{"@id":"https:\/\/radioljubuski.ba\/index.php\/2021\/12\/02\/grbic-bolji-od-majera-pobjeda-kovaca\/"},"author":{"name":"Radio Ljubu\u0161ki","@id":"https:\/\/radioljubuski.ba\/#\/schema\/person\/19fc700381a780f69665d7956c469e3b"},"headline":"Grbi\u0107 bolji od Majera, pobjeda Kova\u010da","datePublished":"2021-12-01T23:17:17+00:00","dateModified":"2021-12-01T23:17:18+00:00","mainEntityOfPage":{"@id":"https:\/\/radioljubuski.ba\/index.php\/2021\/12\/02\/grbic-bolji-od-majera-pobjeda-kovaca\/"},"wordCount":480,"publisher":{"@id":"https:\/\/radioljubuski.ba\/#organization"},"image":{"@id":"https:\/\/radioljubuski.ba\/index.php\/2021\/12\/02\/grbic-bolji-od-majera-pobjeda-kovaca\/#primaryimage"},"thumbnailUrl":"https:\/\/radioljubuski.ba\/wp-content\/uploads\/2021\/12\/5c8f2defa985115daa43.jpeg","articleSection":["\u0160port"],"inLanguage":"hr"},{"@type":"WebPage","@id":"https:\/\/radioljubuski.ba\/index.php\/2021\/12\/02\/grbic-bolji-od-majera-pobjeda-kovaca\/","url":"https:\/\/radioljubuski.ba\/index.php\/2021\/12\/02\/grbic-bolji-od-majera-pobjeda-kovaca\/","name":"Grbi\u0107 bolji od Majera, pobjeda Kova\u010da - RADIO LJUBU\u0160KI","isPartOf":{"@id":"https:\/\/radioljubuski.ba\/#website"},"primaryImageOfPage":{"@id":"https:\/\/radioljubuski.ba\/index.php\/2021\/12\/02\/grbic-bolji-od-majera-pobjeda-kovaca\/#primaryimage"},"image":{"@id":"https:\/\/radioljubuski.ba\/index.php\/2021\/12\/02\/grbic-bolji-od-majera-pobjeda-kovaca\/#primaryimage"},"thumbnailUrl":"https:\/\/radioljubuski.ba\/wp-content\/uploads\/2021\/12\/5c8f2defa985115daa43.jpeg","datePublished":"2021-12-01T23:17:17+00:00","dateModified":"2021-12-01T23:17:18+00:00","breadcrumb":{"@id":"https:\/\/radioljubuski.ba\/index.php\/2021\/12\/02\/grbic-bolji-od-majera-pobjeda-kovaca\/#breadcrumb"},"inLanguage":"hr","potentialAction":[{"@type":"ReadAction","target":["https:\/\/radioljubuski.ba\/index.php\/2021\/12\/02\/grbic-bolji-od-majera-pobjeda-kovaca\/"]}]},{"@type":"ImageObject","inLanguage":"hr","@id":"https:\/\/radioljubuski.ba\/index.php\/2021\/12\/02\/grbic-bolji-od-majera-pobjeda-kovaca\/#primaryimage","url":"https:\/\/radioljubuski.ba\/wp-content\/uploads\/2021\/12\/5c8f2defa985115daa43.jpeg","contentUrl":"https:\/\/radioljubuski.ba\/wp-content\/uploads\/2021\/12\/5c8f2defa985115daa43.jpeg","width":612,"height":408},{"@type":"BreadcrumbList","@id":"https:\/\/radioljubuski.ba\/index.php\/2021\/12\/02\/grbic-bolji-od-majera-pobjeda-kovaca\/#breadcrumb","itemListElement":[{"@type":"ListItem","position":1,"name":"Po\u010detna stranica","item":"https:\/\/radioljubuski.ba\/"},{"@type":"ListItem","position":2,"name":"Grbi\u0107 bolji od Majera, pobjeda Kova\u010da"}]},{"@type":"WebSite","@id":"https:\/\/radioljubuski.ba\/#website","url":"https:\/\/radioljubuski.ba\/","name":"Radio Ljubu\u0161ki","description":"Sun\u010dana frekvencija Hercegovine","publisher":{"@id":"https:\/\/radioljubuski.ba\/#organization"},"potentialAction":[{"@type":"SearchAction","target":{"@type":"EntryPoint","urlTemplate":"https:\/\/radioljubuski.ba\/?s={search_term_string}"},"query-input":{"@type":"PropertyValueSpecification","valueRequired":true,"valueName":"search_term_string"}}],"inLanguage":"hr"},{"@type":"Organization","@id":"https:\/\/radioljubuski.ba\/#organization","name":"Radio Ljubu\u0161ki","url":"https:\/\/radioljubuski.ba\/","logo":{"@type":"ImageObject","inLanguage":"hr","@id":"https:\/\/radioljubuski.ba\/#\/schema\/logo\/image\/","url":"https:\/\/radioljubuski.ba\/wp-content\/uploads\/2021\/02\/cropped-Radio_Ljubuski_logo1.jpg","contentUrl":"https:\/\/radioljubuski.ba\/wp-content\/uploads\/2021\/02\/cropped-Radio_Ljubuski_logo1.jpg","width":512,"height":512,"caption":"Radio Ljubu\u0161ki"},"image":{"@id":"https:\/\/radioljubuski.ba\/#\/schema\/logo\/image\/"},"sameAs":["https:\/\/www.facebook.com\/Radiio-Ljubuski-1490835324566332","https:\/\/x.com\/radioljubuski","https:\/\/hr.linkedin.com\/company\/radio-ljubuski","https:\/\/www.youtube.com\/channel\/UCHYaeO_n0Db3tjNGudGpXyw"]},{"@type":"Person","@id":"https:\/\/radioljubuski.ba\/#\/schema\/person\/19fc700381a780f69665d7956c469e3b","name":"Radio Ljubu\u0161ki"}]}},"_links":{"self":[{"href":"https:\/\/radioljubuski.ba\/index.php\/wp-json\/wp\/v2\/posts\/94996","targetHints":{"allow":["GET"]}}],"collection":[{"href":"https:\/\/radioljubuski.ba\/index.php\/wp-json\/wp\/v2\/posts"}],"about":[{"href":"https:\/\/radioljubuski.ba\/index.php\/wp-json\/wp\/v2\/types\/post"}],"author":[{"embeddable":true,"href":"https:\/\/radioljubuski.ba\/index.php\/wp-json\/wp\/v2\/users\/2"}],"replies":[{"embeddable":true,"href":"https:\/\/radioljubuski.ba\/index.php\/wp-json\/wp\/v2\/comments?post=94996"}],"version-history":[{"count":1,"href":"https:\/\/radioljubuski.ba\/index.php\/wp-json\/wp\/v2\/posts\/94996\/revisions"}],"predecessor-version":[{"id":94998,"href":"https:\/\/radioljubuski.ba\/index.php\/wp-json\/wp\/v2\/posts\/94996\/revisions\/94998"}],"wp:featuredmedia":[{"embeddable":true,"href":"https:\/\/radioljubuski.ba\/index.php\/wp-json\/wp\/v2\/media\/94997"}],"wp:attachment":[{"href":"https:\/\/radioljubuski.ba\/index.php\/wp-json\/wp\/v2\/media?parent=94996"}],"wp:term":[{"taxonomy":"category","embeddable":true,"href":"https:\/\/radioljubuski.ba\/index.php\/wp-json\/wp\/v2\/categories?post=94996"},{"taxonomy":"post_tag","embeddable":true,"href":"https:\/\/radioljubuski.ba\/index.php\/wp-json\/wp\/v2\/tags?post=94996"}],"curies":[{"name":"wp","href":"https:\/\/api.w.org\/{rel}","templated":true}]}}