{"id":95002,"date":"2021-12-02T00:20:44","date_gmt":"2021-12-01T23:20:44","guid":{"rendered":"https:\/\/radioljubuski.ba\/?p=95002"},"modified":"2021-12-02T00:20:44","modified_gmt":"2021-12-01T23:20:44","slug":"mladost-kod-kuce-porazena-od-vero-volleya-iz-monze","status":"publish","type":"post","link":"https:\/\/radioljubuski.ba\/index.php\/2021\/12\/02\/mladost-kod-kuce-porazena-od-vero-volleya-iz-monze\/","title":{"rendered":"Mladost kod ku\u0107e pora\u017eena od Vero Volleya iz Monze"},"content":{"rendered":"\n<p><strong>Odbojka\u0161i Mladosti u prvoj su utakmici 16-ine finala CEV kupa u svom Domu odbojke izgubili od talijanskog sastava Vero Volley iz Monze sa 1-3 (16-25, 25-18, 24-26, 22-25).<\/strong><\/p>\n\n\n\n<p>Bile je to jedna prava, kvalitetna utakmica na koju je doma\u0107in ipak malo zakasnio do\u0107i. U prvom setu mladosta\u0161i su izgledali previ\u0161e impresionirani mom\u010dadi koja im je stajala s druge strane mre\u017ee, mom\u010dadi sa samo dva Talijana u postavi, srednjim blokerom i kapetanom&nbsp;<strong>Berettom&nbsp;<\/strong>i liberom&nbsp;<strong>Federicijem<\/strong>. Ostatak su \u010dinili Hrvat&nbsp;<strong>Mitra\u0161inovi\u0107&nbsp;<\/strong>kao korektor, jer Nijemca&nbsp;<strong>Grozera&nbsp;<\/strong>nije bilo u sastavu, iako je doputovao s mom\u010dadi, Bugarin Grozdanov srednjak, prima\u010di-puca\u010di \u010ceh&nbsp;<strong>D\u017eavornokov&nbsp;<\/strong>i Bjelorus&nbsp;<strong>Daviskiba<\/strong>. I ba\u0161 se&nbsp;<strong>Mitra\u0161inovi\u0107<\/strong>, doju\u010dera\u0161nji mladosta\u0161, &#8220;napalio&#8221; na svoju biv\u0161u mom\u010dad \u017eele\u0107i pokazati, ba\u0161 kako je i najavio, da je postao bolji igra\u010d. Talijani su imali i 23-13 za kona\u010dnih 25-16.<br><br>Malo uljuljkani u taj prvi set, valjda, olako ulaze u drugi, a Mladost kona\u010dno sti\u017ee na me\u010d, \u0161to se ponajvi\u0161e vidjelo u bloku, te agresivnijem servisu. Zapravo, na isti na\u010din kako je Monza deklasirala Mladost u prvom, tako su im oni uzvratili u drugom setu. Imali su doma\u0107i vodstvo od 18-10 i 23-15, do kona\u010dnih 25-18.<br><br>Tre\u0107i je set bio &#8220;vaga&#8221;, Mladost je povela, no prvi do osjetnije prednosti sti\u017eu gosti pa trener&nbsp;<strong>Ga\u010di\u010d&nbsp;<\/strong>tra\u017ei minutu odmora kod 6-9. Mladost polako uspostavlja svoju igru i dolazi do egala 14-14, a cijenu toga pla\u0107a Mitra\u0161inovi\u0107 kojega gostuju\u0107i trener&nbsp;<strong>Eccheli<\/strong>&nbsp;mijenja Bugarom&nbsp;<strong>Karjaginom<\/strong>. Mladost je vodila 23-20, no Brazilca&nbsp;<strong>Silvu&nbsp;<\/strong>Talijani su tri puta zaredom blokirali,&nbsp;<strong>Zeljkovi\u0107&nbsp;<\/strong>je pro\u0161ao za egal 24-24, ali iskustvo jer ipak na strani gostiju koji uzimaju taj set sa 26-24.<\/p>\n\n\n\n<p>Zato je u \u010detvrtom Mladost malo mentalno pala, pa je kod 1-4 trener&nbsp;<strong>Ga\u010di\u010d&nbsp;<\/strong>pozvao &#8220;time out&#8221;. Sredinom seta vratila se boja u lice doma\u0107inu, pa su priprijetili kod 21-23 i 22-24, ali Monza je preiskusna mom\u010dad da to ne bi iskoristila.<br><br>Nakon utakmice je korektor Mladosti<strong>&nbsp;Boris Bu\u0161a<\/strong>, koji je napravio 12 poena, rekao:<br><br>&#8211; Znali smo da \u0107e biti jako te\u0161ka utakmica, Monza je godinama u vrhu talijanske odbojke. \u010cak nam je dalo dodatnu energiju to \u0161to nije bilo Grozera na terenu, ali unato\u010d tome smo stegnuto u\u0161li u prvi set. Ne\u0107u re\u0107i upla\u0161eno, ali s velikim respektom prema poznatom suparniku. To je utakmica kakvu nismo navikli igrati, to je najja\u010di suparnik ove sezone. Ali, kada smo malo do\u0161li sebi odradili smo dobar drugi i jako dobar tre\u0107i set, i \u0161teta \u0161to nije oti\u0161ao u na\u0161u korist jer bi onda bio potpuno druga\u010diji rezultat. Ali, ne\u0107emo se predavati niti u uzvratu za tjedan dana u Monzi, borit \u0107emo se i tamo.<br><br>Uzvrat u Monzi igrat \u0107e se za osam dana.<\/p>\n\n\n\n<p>Izvor:hrt.hr<\/p>\n","protected":false},"excerpt":{"rendered":"<p>Odbojka\u0161i Mladosti u prvoj su utakmici 16-ine finala CEV kupa u svom Domu odbojke izgubili od talijanskog sastava Vero Volley iz Monze sa 1-3 (16-25, 25-18, 24-26, 22-25). Bile je to jedna prava, kvalitetna utakmica na koju je doma\u0107in ipak malo zakasnio do\u0107i. U prvom setu mladosta\u0161i su izgledali previ\u0161e impresionirani mom\u010dadi koja im je [&hellip;]<\/p>\n","protected":false},"author":2,"featured_media":95003,"comment_status":"closed","ping_status":"closed","sticky":false,"template":"","format":"standard","meta":{"h5ap_radio_sources":[],"footnotes":""},"categories":[7],"tags":[],"class_list":["post-95002","post","type-post","status-publish","format-standard","has-post-thumbnail","hentry","category-sport"],"yoast_head":"<!-- This site is optimized with the Yoast SEO plugin v27.5 - https:\/\/yoast.com\/product\/yoast-seo-wordpress\/ -->\n<title>Mladost kod ku\u0107e pora\u017eena od Vero Volleya iz Monze - RADIO LJUBU\u0160KI<\/title>\n<meta name=\"robots\" content=\"index, follow, max-snippet:-1, max-image-preview:large, max-video-preview:-1\" \/>\n<link rel=\"canonical\" href=\"https:\/\/radioljubuski.ba\/index.php\/2021\/12\/02\/mladost-kod-kuce-porazena-od-vero-volleya-iz-monze\/\" \/>\n<meta property=\"og:locale\" content=\"hr_HR\" \/>\n<meta property=\"og:type\" content=\"article\" \/>\n<meta property=\"og:title\" content=\"Mladost kod ku\u0107e pora\u017eena od Vero Volleya iz Monze - RADIO LJUBU\u0160KI\" \/>\n<meta property=\"og:description\" content=\"Odbojka\u0161i Mladosti u prvoj su utakmici 16-ine finala CEV kupa u svom Domu odbojke izgubili od talijanskog sastava Vero Volley iz Monze sa 1-3 (16-25, 25-18, 24-26, 22-25). Bile je to jedna prava, kvalitetna utakmica na koju je doma\u0107in ipak malo zakasnio do\u0107i. U prvom setu mladosta\u0161i su izgledali previ\u0161e impresionirani mom\u010dadi koja im je [&hellip;]\" \/>\n<meta property=\"og:url\" content=\"https:\/\/radioljubuski.ba\/index.php\/2021\/12\/02\/mladost-kod-kuce-porazena-od-vero-volleya-iz-monze\/\" \/>\n<meta property=\"og:site_name\" content=\"RADIO LJUBU\u0160KI\" \/>\n<meta property=\"article:publisher\" content=\"https:\/\/www.facebook.com\/Radiio-Ljubuski-1490835324566332\" \/>\n<meta property=\"article:published_time\" content=\"2021-12-01T23:20:44+00:00\" \/>\n<meta property=\"og:image\" content=\"https:\/\/radioljubuski.ba\/wp-content\/uploads\/2021\/12\/1591447.jpeg\" \/>\n\t<meta property=\"og:image:width\" content=\"1000\" \/>\n\t<meta property=\"og:image:height\" content=\"666\" \/>\n\t<meta property=\"og:image:type\" content=\"image\/jpeg\" \/>\n<meta name=\"author\" content=\"Radio Ljubu\u0161ki\" \/>\n<meta name=\"twitter:card\" content=\"summary_large_image\" \/>\n<meta name=\"twitter:creator\" content=\"@radioljubuski\" \/>\n<meta name=\"twitter:site\" content=\"@radioljubuski\" \/>\n<meta name=\"twitter:label1\" content=\"Napisao\/la\" \/>\n\t<meta name=\"twitter:data1\" content=\"Radio Ljubu\u0161ki\" \/>\n\t<meta name=\"twitter:label2\" content=\"Procijenjeno vrijeme \u010ditanja\" \/>\n\t<meta name=\"twitter:data2\" content=\"2 minute\" \/>\n<script type=\"application\/ld+json\" class=\"yoast-schema-graph\">{\"@context\":\"https:\\\/\\\/schema.org\",\"@graph\":[{\"@type\":\"Article\",\"@id\":\"https:\\\/\\\/radioljubuski.ba\\\/index.php\\\/2021\\\/12\\\/02\\\/mladost-kod-kuce-porazena-od-vero-volleya-iz-monze\\\/#article\",\"isPartOf\":{\"@id\":\"https:\\\/\\\/radioljubuski.ba\\\/index.php\\\/2021\\\/12\\\/02\\\/mladost-kod-kuce-porazena-od-vero-volleya-iz-monze\\\/\"},\"author\":{\"name\":\"Radio Ljubu\u0161ki\",\"@id\":\"https:\\\/\\\/radioljubuski.ba\\\/#\\\/schema\\\/person\\\/19fc700381a780f69665d7956c469e3b\"},\"headline\":\"Mladost kod ku\u0107e pora\u017eena od Vero Volleya iz Monze\",\"datePublished\":\"2021-12-01T23:20:44+00:00\",\"mainEntityOfPage\":{\"@id\":\"https:\\\/\\\/radioljubuski.ba\\\/index.php\\\/2021\\\/12\\\/02\\\/mladost-kod-kuce-porazena-od-vero-volleya-iz-monze\\\/\"},\"wordCount\":525,\"publisher\":{\"@id\":\"https:\\\/\\\/radioljubuski.ba\\\/#organization\"},\"image\":{\"@id\":\"https:\\\/\\\/radioljubuski.ba\\\/index.php\\\/2021\\\/12\\\/02\\\/mladost-kod-kuce-porazena-od-vero-volleya-iz-monze\\\/#primaryimage\"},\"thumbnailUrl\":\"https:\\\/\\\/radioljubuski.ba\\\/wp-content\\\/uploads\\\/2021\\\/12\\\/1591447.jpeg\",\"articleSection\":[\"\u0160port\"],\"inLanguage\":\"hr\"},{\"@type\":\"WebPage\",\"@id\":\"https:\\\/\\\/radioljubuski.ba\\\/index.php\\\/2021\\\/12\\\/02\\\/mladost-kod-kuce-porazena-od-vero-volleya-iz-monze\\\/\",\"url\":\"https:\\\/\\\/radioljubuski.ba\\\/index.php\\\/2021\\\/12\\\/02\\\/mladost-kod-kuce-porazena-od-vero-volleya-iz-monze\\\/\",\"name\":\"Mladost kod ku\u0107e pora\u017eena od Vero Volleya iz Monze - RADIO LJUBU\u0160KI\",\"isPartOf\":{\"@id\":\"https:\\\/\\\/radioljubuski.ba\\\/#website\"},\"primaryImageOfPage\":{\"@id\":\"https:\\\/\\\/radioljubuski.ba\\\/index.php\\\/2021\\\/12\\\/02\\\/mladost-kod-kuce-porazena-od-vero-volleya-iz-monze\\\/#primaryimage\"},\"image\":{\"@id\":\"https:\\\/\\\/radioljubuski.ba\\\/index.php\\\/2021\\\/12\\\/02\\\/mladost-kod-kuce-porazena-od-vero-volleya-iz-monze\\\/#primaryimage\"},\"thumbnailUrl\":\"https:\\\/\\\/radioljubuski.ba\\\/wp-content\\\/uploads\\\/2021\\\/12\\\/1591447.jpeg\",\"datePublished\":\"2021-12-01T23:20:44+00:00\",\"breadcrumb\":{\"@id\":\"https:\\\/\\\/radioljubuski.ba\\\/index.php\\\/2021\\\/12\\\/02\\\/mladost-kod-kuce-porazena-od-vero-volleya-iz-monze\\\/#breadcrumb\"},\"inLanguage\":\"hr\",\"potentialAction\":[{\"@type\":\"ReadAction\",\"target\":[\"https:\\\/\\\/radioljubuski.ba\\\/index.php\\\/2021\\\/12\\\/02\\\/mladost-kod-kuce-porazena-od-vero-volleya-iz-monze\\\/\"]}]},{\"@type\":\"ImageObject\",\"inLanguage\":\"hr\",\"@id\":\"https:\\\/\\\/radioljubuski.ba\\\/index.php\\\/2021\\\/12\\\/02\\\/mladost-kod-kuce-porazena-od-vero-volleya-iz-monze\\\/#primaryimage\",\"url\":\"https:\\\/\\\/radioljubuski.ba\\\/wp-content\\\/uploads\\\/2021\\\/12\\\/1591447.jpeg\",\"contentUrl\":\"https:\\\/\\\/radioljubuski.ba\\\/wp-content\\\/uploads\\\/2021\\\/12\\\/1591447.jpeg\",\"width\":1000,\"height\":666},{\"@type\":\"BreadcrumbList\",\"@id\":\"https:\\\/\\\/radioljubuski.ba\\\/index.php\\\/2021\\\/12\\\/02\\\/mladost-kod-kuce-porazena-od-vero-volleya-iz-monze\\\/#breadcrumb\",\"itemListElement\":[{\"@type\":\"ListItem\",\"position\":1,\"name\":\"Po\u010detna stranica\",\"item\":\"https:\\\/\\\/radioljubuski.ba\\\/\"},{\"@type\":\"ListItem\",\"position\":2,\"name\":\"Mladost kod ku\u0107e pora\u017eena od Vero Volleya iz Monze\"}]},{\"@type\":\"WebSite\",\"@id\":\"https:\\\/\\\/radioljubuski.ba\\\/#website\",\"url\":\"https:\\\/\\\/radioljubuski.ba\\\/\",\"name\":\"Radio Ljubu\u0161ki\",\"description\":\"Sun\u010dana frekvencija Hercegovine\",\"publisher\":{\"@id\":\"https:\\\/\\\/radioljubuski.ba\\\/#organization\"},\"potentialAction\":[{\"@type\":\"SearchAction\",\"target\":{\"@type\":\"EntryPoint\",\"urlTemplate\":\"https:\\\/\\\/radioljubuski.ba\\\/?s={search_term_string}\"},\"query-input\":{\"@type\":\"PropertyValueSpecification\",\"valueRequired\":true,\"valueName\":\"search_term_string\"}}],\"inLanguage\":\"hr\"},{\"@type\":\"Organization\",\"@id\":\"https:\\\/\\\/radioljubuski.ba\\\/#organization\",\"name\":\"Radio Ljubu\u0161ki\",\"url\":\"https:\\\/\\\/radioljubuski.ba\\\/\",\"logo\":{\"@type\":\"ImageObject\",\"inLanguage\":\"hr\",\"@id\":\"https:\\\/\\\/radioljubuski.ba\\\/#\\\/schema\\\/logo\\\/image\\\/\",\"url\":\"https:\\\/\\\/radioljubuski.ba\\\/wp-content\\\/uploads\\\/2021\\\/02\\\/cropped-Radio_Ljubuski_logo1.jpg\",\"contentUrl\":\"https:\\\/\\\/radioljubuski.ba\\\/wp-content\\\/uploads\\\/2021\\\/02\\\/cropped-Radio_Ljubuski_logo1.jpg\",\"width\":512,\"height\":512,\"caption\":\"Radio Ljubu\u0161ki\"},\"image\":{\"@id\":\"https:\\\/\\\/radioljubuski.ba\\\/#\\\/schema\\\/logo\\\/image\\\/\"},\"sameAs\":[\"https:\\\/\\\/www.facebook.com\\\/Radiio-Ljubuski-1490835324566332\",\"https:\\\/\\\/x.com\\\/radioljubuski\",\"https:\\\/\\\/hr.linkedin.com\\\/company\\\/radio-ljubuski\",\"https:\\\/\\\/www.youtube.com\\\/channel\\\/UCHYaeO_n0Db3tjNGudGpXyw\"]},{\"@type\":\"Person\",\"@id\":\"https:\\\/\\\/radioljubuski.ba\\\/#\\\/schema\\\/person\\\/19fc700381a780f69665d7956c469e3b\",\"name\":\"Radio Ljubu\u0161ki\"}]}<\/script>\n<!-- \/ Yoast SEO plugin. -->","yoast_head_json":{"title":"Mladost kod ku\u0107e pora\u017eena od Vero Volleya iz Monze - RADIO LJUBU\u0160KI","robots":{"index":"index","follow":"follow","max-snippet":"max-snippet:-1","max-image-preview":"max-image-preview:large","max-video-preview":"max-video-preview:-1"},"canonical":"https:\/\/radioljubuski.ba\/index.php\/2021\/12\/02\/mladost-kod-kuce-porazena-od-vero-volleya-iz-monze\/","og_locale":"hr_HR","og_type":"article","og_title":"Mladost kod ku\u0107e pora\u017eena od Vero Volleya iz Monze - RADIO LJUBU\u0160KI","og_description":"Odbojka\u0161i Mladosti u prvoj su utakmici 16-ine finala CEV kupa u svom Domu odbojke izgubili od talijanskog sastava Vero Volley iz Monze sa 1-3 (16-25, 25-18, 24-26, 22-25). Bile je to jedna prava, kvalitetna utakmica na koju je doma\u0107in ipak malo zakasnio do\u0107i. U prvom setu mladosta\u0161i su izgledali previ\u0161e impresionirani mom\u010dadi koja im je [&hellip;]","og_url":"https:\/\/radioljubuski.ba\/index.php\/2021\/12\/02\/mladost-kod-kuce-porazena-od-vero-volleya-iz-monze\/","og_site_name":"RADIO LJUBU\u0160KI","article_publisher":"https:\/\/www.facebook.com\/Radiio-Ljubuski-1490835324566332","article_published_time":"2021-12-01T23:20:44+00:00","og_image":[{"width":1000,"height":666,"url":"https:\/\/radioljubuski.ba\/wp-content\/uploads\/2021\/12\/1591447.jpeg","type":"image\/jpeg"}],"author":"Radio Ljubu\u0161ki","twitter_card":"summary_large_image","twitter_creator":"@radioljubuski","twitter_site":"@radioljubuski","twitter_misc":{"Napisao\/la":"Radio Ljubu\u0161ki","Procijenjeno vrijeme \u010ditanja":"2 minute"},"schema":{"@context":"https:\/\/schema.org","@graph":[{"@type":"Article","@id":"https:\/\/radioljubuski.ba\/index.php\/2021\/12\/02\/mladost-kod-kuce-porazena-od-vero-volleya-iz-monze\/#article","isPartOf":{"@id":"https:\/\/radioljubuski.ba\/index.php\/2021\/12\/02\/mladost-kod-kuce-porazena-od-vero-volleya-iz-monze\/"},"author":{"name":"Radio Ljubu\u0161ki","@id":"https:\/\/radioljubuski.ba\/#\/schema\/person\/19fc700381a780f69665d7956c469e3b"},"headline":"Mladost kod ku\u0107e pora\u017eena od Vero Volleya iz Monze","datePublished":"2021-12-01T23:20:44+00:00","mainEntityOfPage":{"@id":"https:\/\/radioljubuski.ba\/index.php\/2021\/12\/02\/mladost-kod-kuce-porazena-od-vero-volleya-iz-monze\/"},"wordCount":525,"publisher":{"@id":"https:\/\/radioljubuski.ba\/#organization"},"image":{"@id":"https:\/\/radioljubuski.ba\/index.php\/2021\/12\/02\/mladost-kod-kuce-porazena-od-vero-volleya-iz-monze\/#primaryimage"},"thumbnailUrl":"https:\/\/radioljubuski.ba\/wp-content\/uploads\/2021\/12\/1591447.jpeg","articleSection":["\u0160port"],"inLanguage":"hr"},{"@type":"WebPage","@id":"https:\/\/radioljubuski.ba\/index.php\/2021\/12\/02\/mladost-kod-kuce-porazena-od-vero-volleya-iz-monze\/","url":"https:\/\/radioljubuski.ba\/index.php\/2021\/12\/02\/mladost-kod-kuce-porazena-od-vero-volleya-iz-monze\/","name":"Mladost kod ku\u0107e pora\u017eena od Vero Volleya iz Monze - RADIO LJUBU\u0160KI","isPartOf":{"@id":"https:\/\/radioljubuski.ba\/#website"},"primaryImageOfPage":{"@id":"https:\/\/radioljubuski.ba\/index.php\/2021\/12\/02\/mladost-kod-kuce-porazena-od-vero-volleya-iz-monze\/#primaryimage"},"image":{"@id":"https:\/\/radioljubuski.ba\/index.php\/2021\/12\/02\/mladost-kod-kuce-porazena-od-vero-volleya-iz-monze\/#primaryimage"},"thumbnailUrl":"https:\/\/radioljubuski.ba\/wp-content\/uploads\/2021\/12\/1591447.jpeg","datePublished":"2021-12-01T23:20:44+00:00","breadcrumb":{"@id":"https:\/\/radioljubuski.ba\/index.php\/2021\/12\/02\/mladost-kod-kuce-porazena-od-vero-volleya-iz-monze\/#breadcrumb"},"inLanguage":"hr","potentialAction":[{"@type":"ReadAction","target":["https:\/\/radioljubuski.ba\/index.php\/2021\/12\/02\/mladost-kod-kuce-porazena-od-vero-volleya-iz-monze\/"]}]},{"@type":"ImageObject","inLanguage":"hr","@id":"https:\/\/radioljubuski.ba\/index.php\/2021\/12\/02\/mladost-kod-kuce-porazena-od-vero-volleya-iz-monze\/#primaryimage","url":"https:\/\/radioljubuski.ba\/wp-content\/uploads\/2021\/12\/1591447.jpeg","contentUrl":"https:\/\/radioljubuski.ba\/wp-content\/uploads\/2021\/12\/1591447.jpeg","width":1000,"height":666},{"@type":"BreadcrumbList","@id":"https:\/\/radioljubuski.ba\/index.php\/2021\/12\/02\/mladost-kod-kuce-porazena-od-vero-volleya-iz-monze\/#breadcrumb","itemListElement":[{"@type":"ListItem","position":1,"name":"Po\u010detna stranica","item":"https:\/\/radioljubuski.ba\/"},{"@type":"ListItem","position":2,"name":"Mladost kod ku\u0107e pora\u017eena od Vero Volleya iz Monze"}]},{"@type":"WebSite","@id":"https:\/\/radioljubuski.ba\/#website","url":"https:\/\/radioljubuski.ba\/","name":"Radio Ljubu\u0161ki","description":"Sun\u010dana frekvencija Hercegovine","publisher":{"@id":"https:\/\/radioljubuski.ba\/#organization"},"potentialAction":[{"@type":"SearchAction","target":{"@type":"EntryPoint","urlTemplate":"https:\/\/radioljubuski.ba\/?s={search_term_string}"},"query-input":{"@type":"PropertyValueSpecification","valueRequired":true,"valueName":"search_term_string"}}],"inLanguage":"hr"},{"@type":"Organization","@id":"https:\/\/radioljubuski.ba\/#organization","name":"Radio Ljubu\u0161ki","url":"https:\/\/radioljubuski.ba\/","logo":{"@type":"ImageObject","inLanguage":"hr","@id":"https:\/\/radioljubuski.ba\/#\/schema\/logo\/image\/","url":"https:\/\/radioljubuski.ba\/wp-content\/uploads\/2021\/02\/cropped-Radio_Ljubuski_logo1.jpg","contentUrl":"https:\/\/radioljubuski.ba\/wp-content\/uploads\/2021\/02\/cropped-Radio_Ljubuski_logo1.jpg","width":512,"height":512,"caption":"Radio Ljubu\u0161ki"},"image":{"@id":"https:\/\/radioljubuski.ba\/#\/schema\/logo\/image\/"},"sameAs":["https:\/\/www.facebook.com\/Radiio-Ljubuski-1490835324566332","https:\/\/x.com\/radioljubuski","https:\/\/hr.linkedin.com\/company\/radio-ljubuski","https:\/\/www.youtube.com\/channel\/UCHYaeO_n0Db3tjNGudGpXyw"]},{"@type":"Person","@id":"https:\/\/radioljubuski.ba\/#\/schema\/person\/19fc700381a780f69665d7956c469e3b","name":"Radio Ljubu\u0161ki"}]}},"_links":{"self":[{"href":"https:\/\/radioljubuski.ba\/index.php\/wp-json\/wp\/v2\/posts\/95002","targetHints":{"allow":["GET"]}}],"collection":[{"href":"https:\/\/radioljubuski.ba\/index.php\/wp-json\/wp\/v2\/posts"}],"about":[{"href":"https:\/\/radioljubuski.ba\/index.php\/wp-json\/wp\/v2\/types\/post"}],"author":[{"embeddable":true,"href":"https:\/\/radioljubuski.ba\/index.php\/wp-json\/wp\/v2\/users\/2"}],"replies":[{"embeddable":true,"href":"https:\/\/radioljubuski.ba\/index.php\/wp-json\/wp\/v2\/comments?post=95002"}],"version-history":[{"count":1,"href":"https:\/\/radioljubuski.ba\/index.php\/wp-json\/wp\/v2\/posts\/95002\/revisions"}],"predecessor-version":[{"id":95004,"href":"https:\/\/radioljubuski.ba\/index.php\/wp-json\/wp\/v2\/posts\/95002\/revisions\/95004"}],"wp:featuredmedia":[{"embeddable":true,"href":"https:\/\/radioljubuski.ba\/index.php\/wp-json\/wp\/v2\/media\/95003"}],"wp:attachment":[{"href":"https:\/\/radioljubuski.ba\/index.php\/wp-json\/wp\/v2\/media?parent=95002"}],"wp:term":[{"taxonomy":"category","embeddable":true,"href":"https:\/\/radioljubuski.ba\/index.php\/wp-json\/wp\/v2\/categories?post=95002"},{"taxonomy":"post_tag","embeddable":true,"href":"https:\/\/radioljubuski.ba\/index.php\/wp-json\/wp\/v2\/tags?post=95002"}],"curies":[{"name":"wp","href":"https:\/\/api.w.org\/{rel}","templated":true}]}}