{"id":95008,"date":"2021-12-02T00:23:39","date_gmt":"2021-12-01T23:23:39","guid":{"rendered":"https:\/\/radioljubuski.ba\/?p=95008"},"modified":"2021-12-02T00:23:40","modified_gmt":"2021-12-01T23:23:40","slug":"hayden-unitarizacija-bi-vodila-novom-sukobu-u-bih","status":"publish","type":"post","link":"https:\/\/radioljubuski.ba\/index.php\/2021\/12\/02\/hayden-unitarizacija-bi-vodila-novom-sukobu-u-bih\/","title":{"rendered":"Hayden: Unitarizacija bi vodila novom sukobu u BiH"},"content":{"rendered":"\n<p><strong>Sveu\u010dili\u0161ni profesor dr. sc. Robert M. Hayden sa Sveu\u010dili\u0161ta u Pittsburgh\u200bu, koji se bavi me\u0111unarodnim odnosima s fokusom na biv\u0161u Jugoslaviju, ocijenio je kako sve reforme u Bosni i Hercegovini mogu biti uspje\u0161ne jedino ako uva\u017eavaju realnosti triju konstitutivnih naroda i njihove interese.<\/strong><\/p>\n\n\n\n<p>Profesor Hayden uputio je komentare na dokument \u201cNovi dogovor\u201d koji su u okviru Wilson Centera izlobirali bo\u0161nja\u010dki unitaristi kako bi poku\u0161ali utjecati na poglede i modelirati novi ameri\u010dki stav prema BiH koji bi u su\u0161tini vodio dominaciji Bo\u0161njaka. \u2013 Jo\u0161 uvijek postoji malo, ako ikakvih, pouzdanih dokaza da su mnogi, da ne govorimo o ve\u0107ini, Hrvati i Srbi spremni prihvatiti upravljanje centraliziranom dr\u017eavom iz Sarajeva \u2013 navodi Hayden u analizi, pi\u0161e Ve\u010dernji list BiH.<\/p>\n\n\n\n<p><strong>Protiv nametanja<\/strong><\/p>\n\n\n\n<p>Prema njegovim navodima, poku\u0161aj da se ostvari unitaristi\u010dka platforma u BiH s dominacijom Bo\u0161njaka vodila bi sukobu. \u2013 Svaki napor da se stvori \u201cnovi dogovor\u201d za BiH mora se temeljiti na stvarnosti ove duboko podijeljene zemlje. Demokracija se, uostalom, mora temeljiti na pristanku vladaju\u0107ih, a nema naznaka da \u0107e Hrvati ili Srbi u BiH pristati na \u201cnew deal\u201d. To ne zna\u010di da su promjene nemogu\u0107e, ve\u0107 da se ne mogu nametnuti 50% stanovni\u0161tva, koje dominira, demografski i politi\u010dki, Ustavom priznatim politikama koje pokrivaju oko 60% teritorija. Ako netko \u017eeli proizvesti sukob u BiH, vrlo obe\u0107avaju\u0107i na\u010din za to bio bi poku\u0161ati centralizirati dr\u017eavu protiv opetovano demonstriranog protivljenja otprilike polovine njezina stanovni\u0161tva, nasumi\u010dno teritorijalno i etnonacionalno raspore\u0111ena me\u0111u ta tri konstitutivna naroda \u2013 ka\u017ee profesor Hayden.<\/p>\n\n\n\n<p>Po njegovim rije\u010dima, klju\u010dna pogre\u0161ka svih dosada\u0161njih politika me\u0111unarodne zajednice prema BiH, ali i odre\u0111enih doma\u0107ih inicijativa svodi se na ignoriranje izborne volje Hrvata i Srba. \u2013 Izvje\u0161\u0107e o \u201cpopravljanju Daytona\u201d zastupa stajali\u0161te koje su dugo zauzimali gotovo isklju\u010divo bo\u0161nja\u010dki politi\u010dki akteri, a kojem su se protivili vi\u0161e puta reizabrani predstavnici Hrvata i Srba u BiH, od prije po\u010detka rata, u svim pregovorima tijekom rata i u Daytonu: bosanski je Ustav strukturiran na na\u010din na koji jest jer ni Hrvati ni Srbi ne bi prihvatili nametanje centralizirane bosanske dr\u017eave (vidi Hayden 1999, 2005). To je tako\u0111er stav koji u posljednje vrijeme zastupa stranka s vrlo malo izborne potpore me\u0111u Hrvatima ili Srbima u BiH \u2013 smatra ameri\u010dki profesor. On dodaje kako se u BiH ne mo\u017ee graditi samo dogovor s \u201cgra\u0111anima\u201d jer \u0107e onda odra\u017eavati volju Bo\u0161njaka. Da u BiH zapravo i ne postoje anacionalni gra\u0111ani, pokazao je popis pu\u010danstva 2013. prema kojemu se vi\u0161e od 96% popisanih izjasnilo kao Bo\u0161njak, Hrvat ili Srbin, a oko 99% onih koji su se tako izjasnili naveli su i o\u010dekivani odgovaraju\u0107i jezik i vjeroispovijest.<\/p>\n\n\n\n<p><strong>Realnost zemlje<\/strong><\/p>\n\n\n\n<p>Podsje\u0107a kako se i u Osmanskome Carstvu vodilo ra\u010duna o zastupanju muslimana, kr\u0161\u0107ana i \u017didova, a identi\u010dno je nastavljeno i u austrougarskom razdoblju. Profesor Hayden smatra da Zapad naju\u010dinkovitije mo\u017ee pomo\u0107i BiH ako prihvati realnost ove zemlje s trima konstitutivnim narodima. \u2013 Te\u0161ko je shvatiti za\u0161to bi Hrvati odustali od zahtjeva za zasebnim hrvatskim entitetom sve dok nisu u mogu\u0107nosti birati hrvatske predstavnike. Politi\u010dki legitimitet ne ovisi, u kona\u010dnici, o tome \u0161to stranci govore, ve\u0107 o tome \u0161to sami ljudi prihva\u0107aju kao takve. BiH nije takva kakva jest zbog Daytona, nego je Dayton takav kakav je zbog prirode bosanskohercegova\u010dkoga dru\u0161tva \u2013 smatra ameri\u010dki profesor.<\/p>\n\n\n\n<p>\/HMS\/<\/p>\n","protected":false},"excerpt":{"rendered":"<p>Sveu\u010dili\u0161ni profesor dr. sc. Robert M. Hayden sa Sveu\u010dili\u0161ta u Pittsburgh\u200bu, koji se bavi me\u0111unarodnim odnosima s fokusom na biv\u0161u Jugoslaviju, ocijenio je kako sve reforme u Bosni i Hercegovini mogu biti uspje\u0161ne jedino ako uva\u017eavaju realnosti triju konstitutivnih naroda i njihove interese. Profesor Hayden uputio je komentare na dokument \u201cNovi dogovor\u201d koji su u [&hellip;]<\/p>\n","protected":false},"author":2,"featured_media":95009,"comment_status":"closed","ping_status":"closed","sticky":false,"template":"","format":"standard","meta":{"h5ap_radio_sources":[],"footnotes":""},"categories":[1],"tags":[],"class_list":["post-95008","post","type-post","status-publish","format-standard","has-post-thumbnail","hentry","category-bihiregija"],"yoast_head":"<!-- This site is optimized with the Yoast SEO plugin v27.5 - https:\/\/yoast.com\/product\/yoast-seo-wordpress\/ -->\n<title>Hayden: Unitarizacija bi vodila novom sukobu u BiH - RADIO LJUBU\u0160KI<\/title>\n<meta name=\"robots\" content=\"index, follow, max-snippet:-1, max-image-preview:large, max-video-preview:-1\" \/>\n<link rel=\"canonical\" href=\"https:\/\/radioljubuski.ba\/index.php\/2021\/12\/02\/hayden-unitarizacija-bi-vodila-novom-sukobu-u-bih\/\" \/>\n<meta property=\"og:locale\" content=\"hr_HR\" \/>\n<meta property=\"og:type\" content=\"article\" \/>\n<meta property=\"og:title\" content=\"Hayden: Unitarizacija bi vodila novom sukobu u BiH - RADIO LJUBU\u0160KI\" \/>\n<meta property=\"og:description\" content=\"Sveu\u010dili\u0161ni profesor dr. sc. Robert M. Hayden sa Sveu\u010dili\u0161ta u Pittsburgh\u200bu, koji se bavi me\u0111unarodnim odnosima s fokusom na biv\u0161u Jugoslaviju, ocijenio je kako sve reforme u Bosni i Hercegovini mogu biti uspje\u0161ne jedino ako uva\u017eavaju realnosti triju konstitutivnih naroda i njihove interese. Profesor Hayden uputio je komentare na dokument \u201cNovi dogovor\u201d koji su u [&hellip;]\" \/>\n<meta property=\"og:url\" content=\"https:\/\/radioljubuski.ba\/index.php\/2021\/12\/02\/hayden-unitarizacija-bi-vodila-novom-sukobu-u-bih\/\" \/>\n<meta property=\"og:site_name\" content=\"RADIO LJUBU\u0160KI\" \/>\n<meta property=\"article:publisher\" content=\"https:\/\/www.facebook.com\/Radiio-Ljubuski-1490835324566332\" \/>\n<meta property=\"article:published_time\" content=\"2021-12-01T23:23:39+00:00\" \/>\n<meta property=\"article:modified_time\" content=\"2021-12-01T23:23:40+00:00\" \/>\n<meta property=\"og:image\" content=\"https:\/\/radioljubuski.ba\/wp-content\/uploads\/2021\/12\/profesor123.jpg\" \/>\n\t<meta property=\"og:image:width\" content=\"662\" \/>\n\t<meta property=\"og:image:height\" content=\"377\" \/>\n\t<meta property=\"og:image:type\" content=\"image\/jpeg\" \/>\n<meta name=\"author\" content=\"Radio Ljubu\u0161ki\" \/>\n<meta name=\"twitter:card\" content=\"summary_large_image\" \/>\n<meta name=\"twitter:creator\" content=\"@radioljubuski\" \/>\n<meta name=\"twitter:site\" content=\"@radioljubuski\" \/>\n<meta name=\"twitter:label1\" content=\"Napisao\/la\" \/>\n\t<meta name=\"twitter:data1\" content=\"Radio Ljubu\u0161ki\" \/>\n\t<meta name=\"twitter:label2\" content=\"Procijenjeno vrijeme \u010ditanja\" \/>\n\t<meta name=\"twitter:data2\" content=\"3 minute\" \/>\n<script type=\"application\/ld+json\" class=\"yoast-schema-graph\">{\"@context\":\"https:\\\/\\\/schema.org\",\"@graph\":[{\"@type\":\"Article\",\"@id\":\"https:\\\/\\\/radioljubuski.ba\\\/index.php\\\/2021\\\/12\\\/02\\\/hayden-unitarizacija-bi-vodila-novom-sukobu-u-bih\\\/#article\",\"isPartOf\":{\"@id\":\"https:\\\/\\\/radioljubuski.ba\\\/index.php\\\/2021\\\/12\\\/02\\\/hayden-unitarizacija-bi-vodila-novom-sukobu-u-bih\\\/\"},\"author\":{\"name\":\"Radio Ljubu\u0161ki\",\"@id\":\"https:\\\/\\\/radioljubuski.ba\\\/#\\\/schema\\\/person\\\/19fc700381a780f69665d7956c469e3b\"},\"headline\":\"Hayden: Unitarizacija bi vodila novom sukobu u BiH\",\"datePublished\":\"2021-12-01T23:23:39+00:00\",\"dateModified\":\"2021-12-01T23:23:40+00:00\",\"mainEntityOfPage\":{\"@id\":\"https:\\\/\\\/radioljubuski.ba\\\/index.php\\\/2021\\\/12\\\/02\\\/hayden-unitarizacija-bi-vodila-novom-sukobu-u-bih\\\/\"},\"wordCount\":608,\"publisher\":{\"@id\":\"https:\\\/\\\/radioljubuski.ba\\\/#organization\"},\"image\":{\"@id\":\"https:\\\/\\\/radioljubuski.ba\\\/index.php\\\/2021\\\/12\\\/02\\\/hayden-unitarizacija-bi-vodila-novom-sukobu-u-bih\\\/#primaryimage\"},\"thumbnailUrl\":\"https:\\\/\\\/radioljubuski.ba\\\/wp-content\\\/uploads\\\/2021\\\/12\\\/profesor123.jpg\",\"articleSection\":[\"BIH i regija\"],\"inLanguage\":\"hr\"},{\"@type\":\"WebPage\",\"@id\":\"https:\\\/\\\/radioljubuski.ba\\\/index.php\\\/2021\\\/12\\\/02\\\/hayden-unitarizacija-bi-vodila-novom-sukobu-u-bih\\\/\",\"url\":\"https:\\\/\\\/radioljubuski.ba\\\/index.php\\\/2021\\\/12\\\/02\\\/hayden-unitarizacija-bi-vodila-novom-sukobu-u-bih\\\/\",\"name\":\"Hayden: Unitarizacija bi vodila novom sukobu u BiH - RADIO LJUBU\u0160KI\",\"isPartOf\":{\"@id\":\"https:\\\/\\\/radioljubuski.ba\\\/#website\"},\"primaryImageOfPage\":{\"@id\":\"https:\\\/\\\/radioljubuski.ba\\\/index.php\\\/2021\\\/12\\\/02\\\/hayden-unitarizacija-bi-vodila-novom-sukobu-u-bih\\\/#primaryimage\"},\"image\":{\"@id\":\"https:\\\/\\\/radioljubuski.ba\\\/index.php\\\/2021\\\/12\\\/02\\\/hayden-unitarizacija-bi-vodila-novom-sukobu-u-bih\\\/#primaryimage\"},\"thumbnailUrl\":\"https:\\\/\\\/radioljubuski.ba\\\/wp-content\\\/uploads\\\/2021\\\/12\\\/profesor123.jpg\",\"datePublished\":\"2021-12-01T23:23:39+00:00\",\"dateModified\":\"2021-12-01T23:23:40+00:00\",\"breadcrumb\":{\"@id\":\"https:\\\/\\\/radioljubuski.ba\\\/index.php\\\/2021\\\/12\\\/02\\\/hayden-unitarizacija-bi-vodila-novom-sukobu-u-bih\\\/#breadcrumb\"},\"inLanguage\":\"hr\",\"potentialAction\":[{\"@type\":\"ReadAction\",\"target\":[\"https:\\\/\\\/radioljubuski.ba\\\/index.php\\\/2021\\\/12\\\/02\\\/hayden-unitarizacija-bi-vodila-novom-sukobu-u-bih\\\/\"]}]},{\"@type\":\"ImageObject\",\"inLanguage\":\"hr\",\"@id\":\"https:\\\/\\\/radioljubuski.ba\\\/index.php\\\/2021\\\/12\\\/02\\\/hayden-unitarizacija-bi-vodila-novom-sukobu-u-bih\\\/#primaryimage\",\"url\":\"https:\\\/\\\/radioljubuski.ba\\\/wp-content\\\/uploads\\\/2021\\\/12\\\/profesor123.jpg\",\"contentUrl\":\"https:\\\/\\\/radioljubuski.ba\\\/wp-content\\\/uploads\\\/2021\\\/12\\\/profesor123.jpg\",\"width\":662,\"height\":377},{\"@type\":\"BreadcrumbList\",\"@id\":\"https:\\\/\\\/radioljubuski.ba\\\/index.php\\\/2021\\\/12\\\/02\\\/hayden-unitarizacija-bi-vodila-novom-sukobu-u-bih\\\/#breadcrumb\",\"itemListElement\":[{\"@type\":\"ListItem\",\"position\":1,\"name\":\"Po\u010detna stranica\",\"item\":\"https:\\\/\\\/radioljubuski.ba\\\/\"},{\"@type\":\"ListItem\",\"position\":2,\"name\":\"Hayden: Unitarizacija bi vodila novom sukobu u BiH\"}]},{\"@type\":\"WebSite\",\"@id\":\"https:\\\/\\\/radioljubuski.ba\\\/#website\",\"url\":\"https:\\\/\\\/radioljubuski.ba\\\/\",\"name\":\"Radio Ljubu\u0161ki\",\"description\":\"Sun\u010dana frekvencija Hercegovine\",\"publisher\":{\"@id\":\"https:\\\/\\\/radioljubuski.ba\\\/#organization\"},\"potentialAction\":[{\"@type\":\"SearchAction\",\"target\":{\"@type\":\"EntryPoint\",\"urlTemplate\":\"https:\\\/\\\/radioljubuski.ba\\\/?s={search_term_string}\"},\"query-input\":{\"@type\":\"PropertyValueSpecification\",\"valueRequired\":true,\"valueName\":\"search_term_string\"}}],\"inLanguage\":\"hr\"},{\"@type\":\"Organization\",\"@id\":\"https:\\\/\\\/radioljubuski.ba\\\/#organization\",\"name\":\"Radio Ljubu\u0161ki\",\"url\":\"https:\\\/\\\/radioljubuski.ba\\\/\",\"logo\":{\"@type\":\"ImageObject\",\"inLanguage\":\"hr\",\"@id\":\"https:\\\/\\\/radioljubuski.ba\\\/#\\\/schema\\\/logo\\\/image\\\/\",\"url\":\"https:\\\/\\\/radioljubuski.ba\\\/wp-content\\\/uploads\\\/2021\\\/02\\\/cropped-Radio_Ljubuski_logo1.jpg\",\"contentUrl\":\"https:\\\/\\\/radioljubuski.ba\\\/wp-content\\\/uploads\\\/2021\\\/02\\\/cropped-Radio_Ljubuski_logo1.jpg\",\"width\":512,\"height\":512,\"caption\":\"Radio Ljubu\u0161ki\"},\"image\":{\"@id\":\"https:\\\/\\\/radioljubuski.ba\\\/#\\\/schema\\\/logo\\\/image\\\/\"},\"sameAs\":[\"https:\\\/\\\/www.facebook.com\\\/Radiio-Ljubuski-1490835324566332\",\"https:\\\/\\\/x.com\\\/radioljubuski\",\"https:\\\/\\\/hr.linkedin.com\\\/company\\\/radio-ljubuski\",\"https:\\\/\\\/www.youtube.com\\\/channel\\\/UCHYaeO_n0Db3tjNGudGpXyw\"]},{\"@type\":\"Person\",\"@id\":\"https:\\\/\\\/radioljubuski.ba\\\/#\\\/schema\\\/person\\\/19fc700381a780f69665d7956c469e3b\",\"name\":\"Radio Ljubu\u0161ki\"}]}<\/script>\n<!-- \/ Yoast SEO plugin. -->","yoast_head_json":{"title":"Hayden: Unitarizacija bi vodila novom sukobu u BiH - RADIO LJUBU\u0160KI","robots":{"index":"index","follow":"follow","max-snippet":"max-snippet:-1","max-image-preview":"max-image-preview:large","max-video-preview":"max-video-preview:-1"},"canonical":"https:\/\/radioljubuski.ba\/index.php\/2021\/12\/02\/hayden-unitarizacija-bi-vodila-novom-sukobu-u-bih\/","og_locale":"hr_HR","og_type":"article","og_title":"Hayden: Unitarizacija bi vodila novom sukobu u BiH - RADIO LJUBU\u0160KI","og_description":"Sveu\u010dili\u0161ni profesor dr. sc. Robert M. Hayden sa Sveu\u010dili\u0161ta u Pittsburgh\u200bu, koji se bavi me\u0111unarodnim odnosima s fokusom na biv\u0161u Jugoslaviju, ocijenio je kako sve reforme u Bosni i Hercegovini mogu biti uspje\u0161ne jedino ako uva\u017eavaju realnosti triju konstitutivnih naroda i njihove interese. Profesor Hayden uputio je komentare na dokument \u201cNovi dogovor\u201d koji su u [&hellip;]","og_url":"https:\/\/radioljubuski.ba\/index.php\/2021\/12\/02\/hayden-unitarizacija-bi-vodila-novom-sukobu-u-bih\/","og_site_name":"RADIO LJUBU\u0160KI","article_publisher":"https:\/\/www.facebook.com\/Radiio-Ljubuski-1490835324566332","article_published_time":"2021-12-01T23:23:39+00:00","article_modified_time":"2021-12-01T23:23:40+00:00","og_image":[{"width":662,"height":377,"url":"https:\/\/radioljubuski.ba\/wp-content\/uploads\/2021\/12\/profesor123.jpg","type":"image\/jpeg"}],"author":"Radio Ljubu\u0161ki","twitter_card":"summary_large_image","twitter_creator":"@radioljubuski","twitter_site":"@radioljubuski","twitter_misc":{"Napisao\/la":"Radio Ljubu\u0161ki","Procijenjeno vrijeme \u010ditanja":"3 minute"},"schema":{"@context":"https:\/\/schema.org","@graph":[{"@type":"Article","@id":"https:\/\/radioljubuski.ba\/index.php\/2021\/12\/02\/hayden-unitarizacija-bi-vodila-novom-sukobu-u-bih\/#article","isPartOf":{"@id":"https:\/\/radioljubuski.ba\/index.php\/2021\/12\/02\/hayden-unitarizacija-bi-vodila-novom-sukobu-u-bih\/"},"author":{"name":"Radio Ljubu\u0161ki","@id":"https:\/\/radioljubuski.ba\/#\/schema\/person\/19fc700381a780f69665d7956c469e3b"},"headline":"Hayden: Unitarizacija bi vodila novom sukobu u BiH","datePublished":"2021-12-01T23:23:39+00:00","dateModified":"2021-12-01T23:23:40+00:00","mainEntityOfPage":{"@id":"https:\/\/radioljubuski.ba\/index.php\/2021\/12\/02\/hayden-unitarizacija-bi-vodila-novom-sukobu-u-bih\/"},"wordCount":608,"publisher":{"@id":"https:\/\/radioljubuski.ba\/#organization"},"image":{"@id":"https:\/\/radioljubuski.ba\/index.php\/2021\/12\/02\/hayden-unitarizacija-bi-vodila-novom-sukobu-u-bih\/#primaryimage"},"thumbnailUrl":"https:\/\/radioljubuski.ba\/wp-content\/uploads\/2021\/12\/profesor123.jpg","articleSection":["BIH i regija"],"inLanguage":"hr"},{"@type":"WebPage","@id":"https:\/\/radioljubuski.ba\/index.php\/2021\/12\/02\/hayden-unitarizacija-bi-vodila-novom-sukobu-u-bih\/","url":"https:\/\/radioljubuski.ba\/index.php\/2021\/12\/02\/hayden-unitarizacija-bi-vodila-novom-sukobu-u-bih\/","name":"Hayden: Unitarizacija bi vodila novom sukobu u BiH - RADIO LJUBU\u0160KI","isPartOf":{"@id":"https:\/\/radioljubuski.ba\/#website"},"primaryImageOfPage":{"@id":"https:\/\/radioljubuski.ba\/index.php\/2021\/12\/02\/hayden-unitarizacija-bi-vodila-novom-sukobu-u-bih\/#primaryimage"},"image":{"@id":"https:\/\/radioljubuski.ba\/index.php\/2021\/12\/02\/hayden-unitarizacija-bi-vodila-novom-sukobu-u-bih\/#primaryimage"},"thumbnailUrl":"https:\/\/radioljubuski.ba\/wp-content\/uploads\/2021\/12\/profesor123.jpg","datePublished":"2021-12-01T23:23:39+00:00","dateModified":"2021-12-01T23:23:40+00:00","breadcrumb":{"@id":"https:\/\/radioljubuski.ba\/index.php\/2021\/12\/02\/hayden-unitarizacija-bi-vodila-novom-sukobu-u-bih\/#breadcrumb"},"inLanguage":"hr","potentialAction":[{"@type":"ReadAction","target":["https:\/\/radioljubuski.ba\/index.php\/2021\/12\/02\/hayden-unitarizacija-bi-vodila-novom-sukobu-u-bih\/"]}]},{"@type":"ImageObject","inLanguage":"hr","@id":"https:\/\/radioljubuski.ba\/index.php\/2021\/12\/02\/hayden-unitarizacija-bi-vodila-novom-sukobu-u-bih\/#primaryimage","url":"https:\/\/radioljubuski.ba\/wp-content\/uploads\/2021\/12\/profesor123.jpg","contentUrl":"https:\/\/radioljubuski.ba\/wp-content\/uploads\/2021\/12\/profesor123.jpg","width":662,"height":377},{"@type":"BreadcrumbList","@id":"https:\/\/radioljubuski.ba\/index.php\/2021\/12\/02\/hayden-unitarizacija-bi-vodila-novom-sukobu-u-bih\/#breadcrumb","itemListElement":[{"@type":"ListItem","position":1,"name":"Po\u010detna stranica","item":"https:\/\/radioljubuski.ba\/"},{"@type":"ListItem","position":2,"name":"Hayden: Unitarizacija bi vodila novom sukobu u BiH"}]},{"@type":"WebSite","@id":"https:\/\/radioljubuski.ba\/#website","url":"https:\/\/radioljubuski.ba\/","name":"Radio Ljubu\u0161ki","description":"Sun\u010dana frekvencija Hercegovine","publisher":{"@id":"https:\/\/radioljubuski.ba\/#organization"},"potentialAction":[{"@type":"SearchAction","target":{"@type":"EntryPoint","urlTemplate":"https:\/\/radioljubuski.ba\/?s={search_term_string}"},"query-input":{"@type":"PropertyValueSpecification","valueRequired":true,"valueName":"search_term_string"}}],"inLanguage":"hr"},{"@type":"Organization","@id":"https:\/\/radioljubuski.ba\/#organization","name":"Radio Ljubu\u0161ki","url":"https:\/\/radioljubuski.ba\/","logo":{"@type":"ImageObject","inLanguage":"hr","@id":"https:\/\/radioljubuski.ba\/#\/schema\/logo\/image\/","url":"https:\/\/radioljubuski.ba\/wp-content\/uploads\/2021\/02\/cropped-Radio_Ljubuski_logo1.jpg","contentUrl":"https:\/\/radioljubuski.ba\/wp-content\/uploads\/2021\/02\/cropped-Radio_Ljubuski_logo1.jpg","width":512,"height":512,"caption":"Radio Ljubu\u0161ki"},"image":{"@id":"https:\/\/radioljubuski.ba\/#\/schema\/logo\/image\/"},"sameAs":["https:\/\/www.facebook.com\/Radiio-Ljubuski-1490835324566332","https:\/\/x.com\/radioljubuski","https:\/\/hr.linkedin.com\/company\/radio-ljubuski","https:\/\/www.youtube.com\/channel\/UCHYaeO_n0Db3tjNGudGpXyw"]},{"@type":"Person","@id":"https:\/\/radioljubuski.ba\/#\/schema\/person\/19fc700381a780f69665d7956c469e3b","name":"Radio Ljubu\u0161ki"}]}},"_links":{"self":[{"href":"https:\/\/radioljubuski.ba\/index.php\/wp-json\/wp\/v2\/posts\/95008","targetHints":{"allow":["GET"]}}],"collection":[{"href":"https:\/\/radioljubuski.ba\/index.php\/wp-json\/wp\/v2\/posts"}],"about":[{"href":"https:\/\/radioljubuski.ba\/index.php\/wp-json\/wp\/v2\/types\/post"}],"author":[{"embeddable":true,"href":"https:\/\/radioljubuski.ba\/index.php\/wp-json\/wp\/v2\/users\/2"}],"replies":[{"embeddable":true,"href":"https:\/\/radioljubuski.ba\/index.php\/wp-json\/wp\/v2\/comments?post=95008"}],"version-history":[{"count":1,"href":"https:\/\/radioljubuski.ba\/index.php\/wp-json\/wp\/v2\/posts\/95008\/revisions"}],"predecessor-version":[{"id":95010,"href":"https:\/\/radioljubuski.ba\/index.php\/wp-json\/wp\/v2\/posts\/95008\/revisions\/95010"}],"wp:featuredmedia":[{"embeddable":true,"href":"https:\/\/radioljubuski.ba\/index.php\/wp-json\/wp\/v2\/media\/95009"}],"wp:attachment":[{"href":"https:\/\/radioljubuski.ba\/index.php\/wp-json\/wp\/v2\/media?parent=95008"}],"wp:term":[{"taxonomy":"category","embeddable":true,"href":"https:\/\/radioljubuski.ba\/index.php\/wp-json\/wp\/v2\/categories?post=95008"},{"taxonomy":"post_tag","embeddable":true,"href":"https:\/\/radioljubuski.ba\/index.php\/wp-json\/wp\/v2\/tags?post=95008"}],"curies":[{"name":"wp","href":"https:\/\/api.w.org\/{rel}","templated":true}]}}