{"id":95029,"date":"2021-12-02T00:35:18","date_gmt":"2021-12-01T23:35:18","guid":{"rendered":"https:\/\/radioljubuski.ba\/?p=95029"},"modified":"2021-12-02T00:35:19","modified_gmt":"2021-12-01T23:35:19","slug":"nije-platio-kaznu-za-prekrsaj-pa-dobio-rad-za-opce-dobro-sada-njemu-drzava-mora-platiti-100-000-kuna","status":"publish","type":"post","link":"https:\/\/radioljubuski.ba\/index.php\/2021\/12\/02\/nije-platio-kaznu-za-prekrsaj-pa-dobio-rad-za-opce-dobro-sada-njemu-drzava-mora-platiti-100-000-kuna\/","title":{"rendered":"Nije platio kaznu za prekr\u0161aj, pa dobio rad za op\u0107e dobro. Sada njemu dr\u017eava mora platiti 100.000 kuna"},"content":{"rendered":"\n<p>Gabrijel (40) zbog prometnog je prekr\u0161aja osu\u0111en na 11.400 kuna kazne, pi\u0161e<a href=\"https:\/\/danica.hr\/osuden-na-11-400-kn-za-prometni-prekrsaj-no-drzava-njemu-mora-platiti-100-000\/\">&nbsp;Danica.hr<\/a>.<\/p>\n\n\n\n<p>Kako kaznu nije platio, odre\u0111eno mu je 76 sati rada za op\u0107e dobro na gradskoj tr\u017enici. No, Gabrijel na koncu nije platio kaznu, niti je odradio i\u0161ta za op\u0107e dobro.<\/p>\n\n\n\n<p>Umjesto da on dr\u017eavi plati 11.400 kuna za prekr\u0161aj, sad \u0107e dr\u017eava njemu morati platiti \u010dak 70.000 kuna. S kamatama to ide i do 100.000 kuna, ako presuda postane pravomo\u0107na.<\/p>\n\n\n\n<p>\u0160to se dogodilo?<\/p>\n\n\n\n<p>Gabrijel je upu\u0107en na rad za op\u0107e dobro na gradsku tr\u017enicu u Osijeku. Javio se na posao u 7 sati, a ve\u0107 u 7.10 sati morala je intervenirati hitna pomo\u0107 jer se u padu te\u0161ko ozlijedio.<\/p>\n\n\n\n<p>Prenosio je drvenu sklopivu klupu u dvori\u0161te radi bojanja s jo\u0161 jednim radnikom te je pao na metalnim stepenicama. \u201cPrilikom pada zadobio je vi\u0161e tjelesnih ozljeda, od kojih je najte\u017ei prijelom lijeve gle\u017eanjske kosti te prijelom zglobnog nastavka goljeni\u010dne kosti. Zbog zadobivenih ozljeda zadr\u017ean je sedam dana na bolni\u010dkom lije\u010denju, nad njim je izvr\u0161ena operacija\u201d, stoji u presudi kojom je dr\u017eavi nalo\u017eeno da mu plati od\u0161tetu za ozljedu na radu.<\/p>\n\n\n\n<p>Gabrijel je klupu prenosio s radnikom na odr\u017eavanju Stjepanom koji uobi\u010dajeno takve klupe prenosi sam, navodi se u presudi. Uvidom u evidencije Tr\u017enice Osijek na ime osu\u0111enika, proizlazi da je evidentiran datum po\u010detka rada, po\u010detak rada 7,00 sati te zavr\u0161etak rada 7,10 sati. U rubrici broj odra\u0111enih sati pi\u0161e 0,10.<\/p>\n\n\n\n<p>Gabrijel je fizi\u010dki gra\u0111evinski radnik koji je prije radio bau\u0161telske poslove u Njema\u010dkoj i Italiji. Otac je \u0161estero djece.<\/p>\n\n\n\n<p>\u201cJa i taj \u010dovjek digli smo stol i po\u010deli ga nositi. Stepenice nisam vidio jer da sam ih vidio ne bih pao. Nisam vidio nikakve stepenice jer za\u0161to bih se ubio bez veze\u201d, ispri\u010dao je ozlije\u0111eni radnik tijekom sudskog ro\u010di\u0161ta.<\/p>\n\n\n\n<p>Sutkinja je nepravomo\u0107nu presudu donijeli u utorak i na nju se Ministarstvo pravosu\u0111a, kojem je nalo\u017eeno pla\u0107anje od\u0161tete, mo\u017ee \u017ealiti. Prema presudi, Ministarstvo Gabrijelu mora platiti 53.200 kuna za povredu prava osobnosti, 5200 kuna za tu\u0111u njegu te tro\u0161ak parni\u010dnog postupka od 11.600 kuna. S kamatama, taj se iznos penje na oko 100.000 kuna.<\/p>\n\n\n\n<p>Izvor:Danica.hr<\/p>\n","protected":false},"excerpt":{"rendered":"<p>Gabrijel (40) zbog prometnog je prekr\u0161aja osu\u0111en na 11.400 kuna kazne, pi\u0161e&nbsp;Danica.hr. Kako kaznu nije platio, odre\u0111eno mu je 76 sati rada za op\u0107e dobro na gradskoj tr\u017enici. No, Gabrijel na koncu nije platio kaznu, niti je odradio i\u0161ta za op\u0107e dobro. Umjesto da on dr\u017eavi plati 11.400 kuna za prekr\u0161aj, sad \u0107e dr\u017eava njemu [&hellip;]<\/p>\n","protected":false},"author":2,"featured_media":95030,"comment_status":"closed","ping_status":"closed","sticky":false,"template":"","format":"standard","meta":{"h5ap_radio_sources":[],"footnotes":""},"categories":[1],"tags":[],"class_list":["post-95029","post","type-post","status-publish","format-standard","has-post-thumbnail","hentry","category-bihiregija"],"yoast_head":"<!-- This site is optimized with the Yoast SEO plugin v27.5 - https:\/\/yoast.com\/product\/yoast-seo-wordpress\/ -->\n<title>Nije platio kaznu za prekr\u0161aj, pa dobio rad za op\u0107e dobro. Sada njemu dr\u017eava mora platiti 100.000 kuna - RADIO LJUBU\u0160KI<\/title>\n<meta name=\"robots\" content=\"index, follow, max-snippet:-1, max-image-preview:large, max-video-preview:-1\" \/>\n<link rel=\"canonical\" href=\"https:\/\/radioljubuski.ba\/index.php\/2021\/12\/02\/nije-platio-kaznu-za-prekrsaj-pa-dobio-rad-za-opce-dobro-sada-njemu-drzava-mora-platiti-100-000-kuna\/\" \/>\n<meta property=\"og:locale\" content=\"hr_HR\" \/>\n<meta property=\"og:type\" content=\"article\" \/>\n<meta property=\"og:title\" content=\"Nije platio kaznu za prekr\u0161aj, pa dobio rad za op\u0107e dobro. Sada njemu dr\u017eava mora platiti 100.000 kuna - RADIO LJUBU\u0160KI\" \/>\n<meta property=\"og:description\" content=\"Gabrijel (40) zbog prometnog je prekr\u0161aja osu\u0111en na 11.400 kuna kazne, pi\u0161e&nbsp;Danica.hr. Kako kaznu nije platio, odre\u0111eno mu je 76 sati rada za op\u0107e dobro na gradskoj tr\u017enici. No, Gabrijel na koncu nije platio kaznu, niti je odradio i\u0161ta za op\u0107e dobro. Umjesto da on dr\u017eavi plati 11.400 kuna za prekr\u0161aj, sad \u0107e dr\u017eava njemu [&hellip;]\" \/>\n<meta property=\"og:url\" content=\"https:\/\/radioljubuski.ba\/index.php\/2021\/12\/02\/nije-platio-kaznu-za-prekrsaj-pa-dobio-rad-za-opce-dobro-sada-njemu-drzava-mora-platiti-100-000-kuna\/\" \/>\n<meta property=\"og:site_name\" content=\"RADIO LJUBU\u0160KI\" \/>\n<meta property=\"article:publisher\" content=\"https:\/\/www.facebook.com\/Radiio-Ljubuski-1490835324566332\" \/>\n<meta property=\"article:published_time\" content=\"2021-12-01T23:35:18+00:00\" \/>\n<meta property=\"article:modified_time\" content=\"2021-12-01T23:35:19+00:00\" \/>\n<meta property=\"og:image\" content=\"https:\/\/radioljubuski.ba\/wp-content\/uploads\/2021\/12\/9-2021-09-17-16-33-45-PU-a.jpg\" \/>\n\t<meta property=\"og:image:width\" content=\"1000\" \/>\n\t<meta property=\"og:image:height\" content=\"625\" \/>\n\t<meta property=\"og:image:type\" content=\"image\/jpeg\" \/>\n<meta name=\"author\" content=\"Radio Ljubu\u0161ki\" \/>\n<meta name=\"twitter:card\" content=\"summary_large_image\" \/>\n<meta name=\"twitter:creator\" content=\"@radioljubuski\" \/>\n<meta name=\"twitter:site\" content=\"@radioljubuski\" \/>\n<meta name=\"twitter:label1\" content=\"Napisao\/la\" \/>\n\t<meta name=\"twitter:data1\" content=\"Radio Ljubu\u0161ki\" \/>\n\t<meta name=\"twitter:label2\" content=\"Procijenjeno vrijeme \u010ditanja\" \/>\n\t<meta name=\"twitter:data2\" content=\"2 minute\" \/>\n<script type=\"application\/ld+json\" class=\"yoast-schema-graph\">{\"@context\":\"https:\\\/\\\/schema.org\",\"@graph\":[{\"@type\":\"Article\",\"@id\":\"https:\\\/\\\/radioljubuski.ba\\\/index.php\\\/2021\\\/12\\\/02\\\/nije-platio-kaznu-za-prekrsaj-pa-dobio-rad-za-opce-dobro-sada-njemu-drzava-mora-platiti-100-000-kuna\\\/#article\",\"isPartOf\":{\"@id\":\"https:\\\/\\\/radioljubuski.ba\\\/index.php\\\/2021\\\/12\\\/02\\\/nije-platio-kaznu-za-prekrsaj-pa-dobio-rad-za-opce-dobro-sada-njemu-drzava-mora-platiti-100-000-kuna\\\/\"},\"author\":{\"name\":\"Radio Ljubu\u0161ki\",\"@id\":\"https:\\\/\\\/radioljubuski.ba\\\/#\\\/schema\\\/person\\\/19fc700381a780f69665d7956c469e3b\"},\"headline\":\"Nije platio kaznu za prekr\u0161aj, pa dobio rad za op\u0107e dobro. Sada njemu dr\u017eava mora platiti 100.000 kuna\",\"datePublished\":\"2021-12-01T23:35:18+00:00\",\"dateModified\":\"2021-12-01T23:35:19+00:00\",\"mainEntityOfPage\":{\"@id\":\"https:\\\/\\\/radioljubuski.ba\\\/index.php\\\/2021\\\/12\\\/02\\\/nije-platio-kaznu-za-prekrsaj-pa-dobio-rad-za-opce-dobro-sada-njemu-drzava-mora-platiti-100-000-kuna\\\/\"},\"wordCount\":411,\"publisher\":{\"@id\":\"https:\\\/\\\/radioljubuski.ba\\\/#organization\"},\"image\":{\"@id\":\"https:\\\/\\\/radioljubuski.ba\\\/index.php\\\/2021\\\/12\\\/02\\\/nije-platio-kaznu-za-prekrsaj-pa-dobio-rad-za-opce-dobro-sada-njemu-drzava-mora-platiti-100-000-kuna\\\/#primaryimage\"},\"thumbnailUrl\":\"https:\\\/\\\/radioljubuski.ba\\\/wp-content\\\/uploads\\\/2021\\\/12\\\/9-2021-09-17-16-33-45-PU-a.jpg\",\"articleSection\":[\"BIH i regija\"],\"inLanguage\":\"hr\"},{\"@type\":\"WebPage\",\"@id\":\"https:\\\/\\\/radioljubuski.ba\\\/index.php\\\/2021\\\/12\\\/02\\\/nije-platio-kaznu-za-prekrsaj-pa-dobio-rad-za-opce-dobro-sada-njemu-drzava-mora-platiti-100-000-kuna\\\/\",\"url\":\"https:\\\/\\\/radioljubuski.ba\\\/index.php\\\/2021\\\/12\\\/02\\\/nije-platio-kaznu-za-prekrsaj-pa-dobio-rad-za-opce-dobro-sada-njemu-drzava-mora-platiti-100-000-kuna\\\/\",\"name\":\"Nije platio kaznu za prekr\u0161aj, pa dobio rad za op\u0107e dobro. Sada njemu dr\u017eava mora platiti 100.000 kuna - RADIO LJUBU\u0160KI\",\"isPartOf\":{\"@id\":\"https:\\\/\\\/radioljubuski.ba\\\/#website\"},\"primaryImageOfPage\":{\"@id\":\"https:\\\/\\\/radioljubuski.ba\\\/index.php\\\/2021\\\/12\\\/02\\\/nije-platio-kaznu-za-prekrsaj-pa-dobio-rad-za-opce-dobro-sada-njemu-drzava-mora-platiti-100-000-kuna\\\/#primaryimage\"},\"image\":{\"@id\":\"https:\\\/\\\/radioljubuski.ba\\\/index.php\\\/2021\\\/12\\\/02\\\/nije-platio-kaznu-za-prekrsaj-pa-dobio-rad-za-opce-dobro-sada-njemu-drzava-mora-platiti-100-000-kuna\\\/#primaryimage\"},\"thumbnailUrl\":\"https:\\\/\\\/radioljubuski.ba\\\/wp-content\\\/uploads\\\/2021\\\/12\\\/9-2021-09-17-16-33-45-PU-a.jpg\",\"datePublished\":\"2021-12-01T23:35:18+00:00\",\"dateModified\":\"2021-12-01T23:35:19+00:00\",\"breadcrumb\":{\"@id\":\"https:\\\/\\\/radioljubuski.ba\\\/index.php\\\/2021\\\/12\\\/02\\\/nije-platio-kaznu-za-prekrsaj-pa-dobio-rad-za-opce-dobro-sada-njemu-drzava-mora-platiti-100-000-kuna\\\/#breadcrumb\"},\"inLanguage\":\"hr\",\"potentialAction\":[{\"@type\":\"ReadAction\",\"target\":[\"https:\\\/\\\/radioljubuski.ba\\\/index.php\\\/2021\\\/12\\\/02\\\/nije-platio-kaznu-za-prekrsaj-pa-dobio-rad-za-opce-dobro-sada-njemu-drzava-mora-platiti-100-000-kuna\\\/\"]}]},{\"@type\":\"ImageObject\",\"inLanguage\":\"hr\",\"@id\":\"https:\\\/\\\/radioljubuski.ba\\\/index.php\\\/2021\\\/12\\\/02\\\/nije-platio-kaznu-za-prekrsaj-pa-dobio-rad-za-opce-dobro-sada-njemu-drzava-mora-platiti-100-000-kuna\\\/#primaryimage\",\"url\":\"https:\\\/\\\/radioljubuski.ba\\\/wp-content\\\/uploads\\\/2021\\\/12\\\/9-2021-09-17-16-33-45-PU-a.jpg\",\"contentUrl\":\"https:\\\/\\\/radioljubuski.ba\\\/wp-content\\\/uploads\\\/2021\\\/12\\\/9-2021-09-17-16-33-45-PU-a.jpg\",\"width\":1000,\"height\":625},{\"@type\":\"BreadcrumbList\",\"@id\":\"https:\\\/\\\/radioljubuski.ba\\\/index.php\\\/2021\\\/12\\\/02\\\/nije-platio-kaznu-za-prekrsaj-pa-dobio-rad-za-opce-dobro-sada-njemu-drzava-mora-platiti-100-000-kuna\\\/#breadcrumb\",\"itemListElement\":[{\"@type\":\"ListItem\",\"position\":1,\"name\":\"Po\u010detna stranica\",\"item\":\"https:\\\/\\\/radioljubuski.ba\\\/\"},{\"@type\":\"ListItem\",\"position\":2,\"name\":\"Nije platio kaznu za prekr\u0161aj, pa dobio rad za op\u0107e dobro. Sada njemu dr\u017eava mora platiti 100.000 kuna\"}]},{\"@type\":\"WebSite\",\"@id\":\"https:\\\/\\\/radioljubuski.ba\\\/#website\",\"url\":\"https:\\\/\\\/radioljubuski.ba\\\/\",\"name\":\"Radio Ljubu\u0161ki\",\"description\":\"Sun\u010dana frekvencija Hercegovine\",\"publisher\":{\"@id\":\"https:\\\/\\\/radioljubuski.ba\\\/#organization\"},\"potentialAction\":[{\"@type\":\"SearchAction\",\"target\":{\"@type\":\"EntryPoint\",\"urlTemplate\":\"https:\\\/\\\/radioljubuski.ba\\\/?s={search_term_string}\"},\"query-input\":{\"@type\":\"PropertyValueSpecification\",\"valueRequired\":true,\"valueName\":\"search_term_string\"}}],\"inLanguage\":\"hr\"},{\"@type\":\"Organization\",\"@id\":\"https:\\\/\\\/radioljubuski.ba\\\/#organization\",\"name\":\"Radio Ljubu\u0161ki\",\"url\":\"https:\\\/\\\/radioljubuski.ba\\\/\",\"logo\":{\"@type\":\"ImageObject\",\"inLanguage\":\"hr\",\"@id\":\"https:\\\/\\\/radioljubuski.ba\\\/#\\\/schema\\\/logo\\\/image\\\/\",\"url\":\"https:\\\/\\\/radioljubuski.ba\\\/wp-content\\\/uploads\\\/2021\\\/02\\\/cropped-Radio_Ljubuski_logo1.jpg\",\"contentUrl\":\"https:\\\/\\\/radioljubuski.ba\\\/wp-content\\\/uploads\\\/2021\\\/02\\\/cropped-Radio_Ljubuski_logo1.jpg\",\"width\":512,\"height\":512,\"caption\":\"Radio Ljubu\u0161ki\"},\"image\":{\"@id\":\"https:\\\/\\\/radioljubuski.ba\\\/#\\\/schema\\\/logo\\\/image\\\/\"},\"sameAs\":[\"https:\\\/\\\/www.facebook.com\\\/Radiio-Ljubuski-1490835324566332\",\"https:\\\/\\\/x.com\\\/radioljubuski\",\"https:\\\/\\\/hr.linkedin.com\\\/company\\\/radio-ljubuski\",\"https:\\\/\\\/www.youtube.com\\\/channel\\\/UCHYaeO_n0Db3tjNGudGpXyw\"]},{\"@type\":\"Person\",\"@id\":\"https:\\\/\\\/radioljubuski.ba\\\/#\\\/schema\\\/person\\\/19fc700381a780f69665d7956c469e3b\",\"name\":\"Radio Ljubu\u0161ki\"}]}<\/script>\n<!-- \/ Yoast SEO plugin. -->","yoast_head_json":{"title":"Nije platio kaznu za prekr\u0161aj, pa dobio rad za op\u0107e dobro. Sada njemu dr\u017eava mora platiti 100.000 kuna - RADIO LJUBU\u0160KI","robots":{"index":"index","follow":"follow","max-snippet":"max-snippet:-1","max-image-preview":"max-image-preview:large","max-video-preview":"max-video-preview:-1"},"canonical":"https:\/\/radioljubuski.ba\/index.php\/2021\/12\/02\/nije-platio-kaznu-za-prekrsaj-pa-dobio-rad-za-opce-dobro-sada-njemu-drzava-mora-platiti-100-000-kuna\/","og_locale":"hr_HR","og_type":"article","og_title":"Nije platio kaznu za prekr\u0161aj, pa dobio rad za op\u0107e dobro. Sada njemu dr\u017eava mora platiti 100.000 kuna - RADIO LJUBU\u0160KI","og_description":"Gabrijel (40) zbog prometnog je prekr\u0161aja osu\u0111en na 11.400 kuna kazne, pi\u0161e&nbsp;Danica.hr. Kako kaznu nije platio, odre\u0111eno mu je 76 sati rada za op\u0107e dobro na gradskoj tr\u017enici. No, Gabrijel na koncu nije platio kaznu, niti je odradio i\u0161ta za op\u0107e dobro. Umjesto da on dr\u017eavi plati 11.400 kuna za prekr\u0161aj, sad \u0107e dr\u017eava njemu [&hellip;]","og_url":"https:\/\/radioljubuski.ba\/index.php\/2021\/12\/02\/nije-platio-kaznu-za-prekrsaj-pa-dobio-rad-za-opce-dobro-sada-njemu-drzava-mora-platiti-100-000-kuna\/","og_site_name":"RADIO LJUBU\u0160KI","article_publisher":"https:\/\/www.facebook.com\/Radiio-Ljubuski-1490835324566332","article_published_time":"2021-12-01T23:35:18+00:00","article_modified_time":"2021-12-01T23:35:19+00:00","og_image":[{"width":1000,"height":625,"url":"https:\/\/radioljubuski.ba\/wp-content\/uploads\/2021\/12\/9-2021-09-17-16-33-45-PU-a.jpg","type":"image\/jpeg"}],"author":"Radio Ljubu\u0161ki","twitter_card":"summary_large_image","twitter_creator":"@radioljubuski","twitter_site":"@radioljubuski","twitter_misc":{"Napisao\/la":"Radio Ljubu\u0161ki","Procijenjeno vrijeme \u010ditanja":"2 minute"},"schema":{"@context":"https:\/\/schema.org","@graph":[{"@type":"Article","@id":"https:\/\/radioljubuski.ba\/index.php\/2021\/12\/02\/nije-platio-kaznu-za-prekrsaj-pa-dobio-rad-za-opce-dobro-sada-njemu-drzava-mora-platiti-100-000-kuna\/#article","isPartOf":{"@id":"https:\/\/radioljubuski.ba\/index.php\/2021\/12\/02\/nije-platio-kaznu-za-prekrsaj-pa-dobio-rad-za-opce-dobro-sada-njemu-drzava-mora-platiti-100-000-kuna\/"},"author":{"name":"Radio Ljubu\u0161ki","@id":"https:\/\/radioljubuski.ba\/#\/schema\/person\/19fc700381a780f69665d7956c469e3b"},"headline":"Nije platio kaznu za prekr\u0161aj, pa dobio rad za op\u0107e dobro. Sada njemu dr\u017eava mora platiti 100.000 kuna","datePublished":"2021-12-01T23:35:18+00:00","dateModified":"2021-12-01T23:35:19+00:00","mainEntityOfPage":{"@id":"https:\/\/radioljubuski.ba\/index.php\/2021\/12\/02\/nije-platio-kaznu-za-prekrsaj-pa-dobio-rad-za-opce-dobro-sada-njemu-drzava-mora-platiti-100-000-kuna\/"},"wordCount":411,"publisher":{"@id":"https:\/\/radioljubuski.ba\/#organization"},"image":{"@id":"https:\/\/radioljubuski.ba\/index.php\/2021\/12\/02\/nije-platio-kaznu-za-prekrsaj-pa-dobio-rad-za-opce-dobro-sada-njemu-drzava-mora-platiti-100-000-kuna\/#primaryimage"},"thumbnailUrl":"https:\/\/radioljubuski.ba\/wp-content\/uploads\/2021\/12\/9-2021-09-17-16-33-45-PU-a.jpg","articleSection":["BIH i regija"],"inLanguage":"hr"},{"@type":"WebPage","@id":"https:\/\/radioljubuski.ba\/index.php\/2021\/12\/02\/nije-platio-kaznu-za-prekrsaj-pa-dobio-rad-za-opce-dobro-sada-njemu-drzava-mora-platiti-100-000-kuna\/","url":"https:\/\/radioljubuski.ba\/index.php\/2021\/12\/02\/nije-platio-kaznu-za-prekrsaj-pa-dobio-rad-za-opce-dobro-sada-njemu-drzava-mora-platiti-100-000-kuna\/","name":"Nije platio kaznu za prekr\u0161aj, pa dobio rad za op\u0107e dobro. Sada njemu dr\u017eava mora platiti 100.000 kuna - RADIO LJUBU\u0160KI","isPartOf":{"@id":"https:\/\/radioljubuski.ba\/#website"},"primaryImageOfPage":{"@id":"https:\/\/radioljubuski.ba\/index.php\/2021\/12\/02\/nije-platio-kaznu-za-prekrsaj-pa-dobio-rad-za-opce-dobro-sada-njemu-drzava-mora-platiti-100-000-kuna\/#primaryimage"},"image":{"@id":"https:\/\/radioljubuski.ba\/index.php\/2021\/12\/02\/nije-platio-kaznu-za-prekrsaj-pa-dobio-rad-za-opce-dobro-sada-njemu-drzava-mora-platiti-100-000-kuna\/#primaryimage"},"thumbnailUrl":"https:\/\/radioljubuski.ba\/wp-content\/uploads\/2021\/12\/9-2021-09-17-16-33-45-PU-a.jpg","datePublished":"2021-12-01T23:35:18+00:00","dateModified":"2021-12-01T23:35:19+00:00","breadcrumb":{"@id":"https:\/\/radioljubuski.ba\/index.php\/2021\/12\/02\/nije-platio-kaznu-za-prekrsaj-pa-dobio-rad-za-opce-dobro-sada-njemu-drzava-mora-platiti-100-000-kuna\/#breadcrumb"},"inLanguage":"hr","potentialAction":[{"@type":"ReadAction","target":["https:\/\/radioljubuski.ba\/index.php\/2021\/12\/02\/nije-platio-kaznu-za-prekrsaj-pa-dobio-rad-za-opce-dobro-sada-njemu-drzava-mora-platiti-100-000-kuna\/"]}]},{"@type":"ImageObject","inLanguage":"hr","@id":"https:\/\/radioljubuski.ba\/index.php\/2021\/12\/02\/nije-platio-kaznu-za-prekrsaj-pa-dobio-rad-za-opce-dobro-sada-njemu-drzava-mora-platiti-100-000-kuna\/#primaryimage","url":"https:\/\/radioljubuski.ba\/wp-content\/uploads\/2021\/12\/9-2021-09-17-16-33-45-PU-a.jpg","contentUrl":"https:\/\/radioljubuski.ba\/wp-content\/uploads\/2021\/12\/9-2021-09-17-16-33-45-PU-a.jpg","width":1000,"height":625},{"@type":"BreadcrumbList","@id":"https:\/\/radioljubuski.ba\/index.php\/2021\/12\/02\/nije-platio-kaznu-za-prekrsaj-pa-dobio-rad-za-opce-dobro-sada-njemu-drzava-mora-platiti-100-000-kuna\/#breadcrumb","itemListElement":[{"@type":"ListItem","position":1,"name":"Po\u010detna stranica","item":"https:\/\/radioljubuski.ba\/"},{"@type":"ListItem","position":2,"name":"Nije platio kaznu za prekr\u0161aj, pa dobio rad za op\u0107e dobro. Sada njemu dr\u017eava mora platiti 100.000 kuna"}]},{"@type":"WebSite","@id":"https:\/\/radioljubuski.ba\/#website","url":"https:\/\/radioljubuski.ba\/","name":"Radio Ljubu\u0161ki","description":"Sun\u010dana frekvencija Hercegovine","publisher":{"@id":"https:\/\/radioljubuski.ba\/#organization"},"potentialAction":[{"@type":"SearchAction","target":{"@type":"EntryPoint","urlTemplate":"https:\/\/radioljubuski.ba\/?s={search_term_string}"},"query-input":{"@type":"PropertyValueSpecification","valueRequired":true,"valueName":"search_term_string"}}],"inLanguage":"hr"},{"@type":"Organization","@id":"https:\/\/radioljubuski.ba\/#organization","name":"Radio Ljubu\u0161ki","url":"https:\/\/radioljubuski.ba\/","logo":{"@type":"ImageObject","inLanguage":"hr","@id":"https:\/\/radioljubuski.ba\/#\/schema\/logo\/image\/","url":"https:\/\/radioljubuski.ba\/wp-content\/uploads\/2021\/02\/cropped-Radio_Ljubuski_logo1.jpg","contentUrl":"https:\/\/radioljubuski.ba\/wp-content\/uploads\/2021\/02\/cropped-Radio_Ljubuski_logo1.jpg","width":512,"height":512,"caption":"Radio Ljubu\u0161ki"},"image":{"@id":"https:\/\/radioljubuski.ba\/#\/schema\/logo\/image\/"},"sameAs":["https:\/\/www.facebook.com\/Radiio-Ljubuski-1490835324566332","https:\/\/x.com\/radioljubuski","https:\/\/hr.linkedin.com\/company\/radio-ljubuski","https:\/\/www.youtube.com\/channel\/UCHYaeO_n0Db3tjNGudGpXyw"]},{"@type":"Person","@id":"https:\/\/radioljubuski.ba\/#\/schema\/person\/19fc700381a780f69665d7956c469e3b","name":"Radio Ljubu\u0161ki"}]}},"_links":{"self":[{"href":"https:\/\/radioljubuski.ba\/index.php\/wp-json\/wp\/v2\/posts\/95029","targetHints":{"allow":["GET"]}}],"collection":[{"href":"https:\/\/radioljubuski.ba\/index.php\/wp-json\/wp\/v2\/posts"}],"about":[{"href":"https:\/\/radioljubuski.ba\/index.php\/wp-json\/wp\/v2\/types\/post"}],"author":[{"embeddable":true,"href":"https:\/\/radioljubuski.ba\/index.php\/wp-json\/wp\/v2\/users\/2"}],"replies":[{"embeddable":true,"href":"https:\/\/radioljubuski.ba\/index.php\/wp-json\/wp\/v2\/comments?post=95029"}],"version-history":[{"count":1,"href":"https:\/\/radioljubuski.ba\/index.php\/wp-json\/wp\/v2\/posts\/95029\/revisions"}],"predecessor-version":[{"id":95031,"href":"https:\/\/radioljubuski.ba\/index.php\/wp-json\/wp\/v2\/posts\/95029\/revisions\/95031"}],"wp:featuredmedia":[{"embeddable":true,"href":"https:\/\/radioljubuski.ba\/index.php\/wp-json\/wp\/v2\/media\/95030"}],"wp:attachment":[{"href":"https:\/\/radioljubuski.ba\/index.php\/wp-json\/wp\/v2\/media?parent=95029"}],"wp:term":[{"taxonomy":"category","embeddable":true,"href":"https:\/\/radioljubuski.ba\/index.php\/wp-json\/wp\/v2\/categories?post=95029"},{"taxonomy":"post_tag","embeddable":true,"href":"https:\/\/radioljubuski.ba\/index.php\/wp-json\/wp\/v2\/tags?post=95029"}],"curies":[{"name":"wp","href":"https:\/\/api.w.org\/{rel}","templated":true}]}}