{"id":95057,"date":"2021-12-02T10:55:01","date_gmt":"2021-12-02T09:55:01","guid":{"rendered":"https:\/\/radioljubuski.ba\/?p=95057"},"modified":"2021-12-02T10:55:02","modified_gmt":"2021-12-02T09:55:02","slug":"samo-tri-pripadnika-armije-bih-osudena-za-zlocine-u-osnovnoj-skoli-bratstva-i-jedinstva-u-potocima","status":"publish","type":"post","link":"https:\/\/radioljubuski.ba\/index.php\/2021\/12\/02\/samo-tri-pripadnika-armije-bih-osudena-za-zlocine-u-osnovnoj-skoli-bratstva-i-jedinstva-u-potocima\/","title":{"rendered":"Samo tri pripadnika Armije BiH osu\u0111ena za zlo\u010dine u Osnovnoj \u0161koli &#8216;Bratstva i jedinstva&#8217; u Potocima"},"content":{"rendered":"\n<p>Mnogo je datuma zna\u010dajnih za Hrvate Bijeloga Polja u sjevernom dijelu grada Mostara od samog po\u010detka Domovinskog rata 1991.godine, prvih \u017ertava dolaskom JNA i srpskih paravojnih formacija, masovnih grobnica na Uborku i Sutini, odvo\u0111enja prvih logora\u0161a u logor u Bile\u0107i, zatim izdaje, sustavnog progona Hrvata, pogibije i zato\u010denja pripadnika Hrvatskog vije\u0107a obrane dana 30.6.1993.godine, ali svakako poseban zna\u010daj u srcima svih bjelopoljskih Hrvata ima i 2. 12. 1993.godine.<\/p>\n\n\n\n<p>Na taj dan to\u010dno prije 28 godina, bio je utorak hladni prosina\u010dki dan, posredstvom MCK izvr\u0161ena je razmjena hrvatskih logora\u0161a iz logora Armije BiH u Osnovnoj \u0161koli \u201eBratstva i jedinstva\u201c u Potocima.&nbsp;<\/p>\n\n\n\n<p>-Iako je pro\u0161lo skoro nepunih trideset godina, iako su nas samo u ovoj 2021.godini napustila \u010detiri logora\u0161a koji su pre\u017eivjeli strahote ovog logora, kroz koji je ukupno pro\u0161lo preko stotinu hrvatskih civila i pripadnika HVO-a, jo\u0161 uvijek postoje \u017eivi svjedoci, koji se nerado prisje\u0107aju svih pre\u017eivjelih tortura, ali i dalje imaju snagu da govore\u0107i o zlo\u010dinima i neljudskim djelima, opominju i ukazuju nara\u0161tajima iza sebe, o svoj pogubnosti rata i besmislu ljudske potrebe za ratovanjem.<\/p>\n\n\n\n<p>Prva zato\u010denja hrvatskih civila u naseljima Bijelog Polja, unaprijed isplanirana i dogovorena, po\u010dinju ve\u0107 u mjesecu travnju 1993.godine, kada se preko no\u0107i hrvatski civili zatvaraju po privatnim ku\u0107ama, u mnogim slu\u010dajevima i od svojih doju\u010dera\u0161njih susjeda, da bi nakon 30.6.1993.godine u logoru Osnovne \u0161kole u Potocima bilo ve\u0107 preko stotinu osoba prete\u017eno civila, djece i starijih osoba, ali i zato\u010denih pripadnika HVO-a.<\/p>\n\n\n\n<p>Pripadnici HVO-a nakon \u0161to su zato\u010deni, ve\u0107inom su pretu\u010deni do neprepoznatljivosti, oni koji su pre\u017eivjeli proslje\u0111ivani su u logor IV. Osnovne \u0161kole u Mostaru ili su vo\u0111eni na prisilne radove i kao \u017eivi \u0161tit na prvu crtu boji\u0161nice, gdje je od ukupno 37 odvo\u0111enih logora\u0161a, 7 poginulo, 5 nasilno ubijeno iz neposredne blizine i 2 logora\u0161a su ubijena u unakrsnoj vatri.<\/p>\n\n\n\n<p>Da niti civili i \u017eene nisu imali bolji tretman, posvjedo\u010dili su brojni iskazi logora\u0161a nakon izlaska iz logora, kada je zabilje\u017eeno vi\u0161e slu\u010dajeva premla\u0107ivanja civila, invalidnih osoba, silovanja i seksualnog poni\u017eavanja \u017eena, psihi\u010dkog i fizi\u010dkog mu\u010denja, uskra\u0107ivanja hrane i sli\u010dnih tortura\u2026<\/p>\n\n\n\n<p>U logoru u Potocima nalazila su se djeca, supruge i majke poginulih pripadnika Hrvatskog vije\u0107a obrane iz Bijelog Polja za \u010diju sudbinu i pogibiju su saznavali za vrijeme boravka u logoru. Oni koji su imali sre\u0107u da pre\u017eive torture logora u Potocima i danas se dobro sje\u0107aju, kao i njihove obitelji, za sve druge dovoljno je kazati da su nakon razmjene i dolaska bjelopoljskih Hrvata u Studentski dom u Mostaru, logora\u0161i bili tako izmu\u010deni i gladni da su kriomice skrivali komade kruha u d\u017eepove!<\/p>\n\n\n\n<p>Za logor Armije BiH u Osnovnoj \u0161koli u Potocima Apelacijsko odjeljenje Suda BiH 2018.godine donijelo je pravomo\u0107nu sudsku presudu protiv tri osobe za kazneno djelo &#8216;Ratnog zlo\u010dina protiv civilnog stanovni\u0161tva prema \u010dlanku 142. Kaznenog zakona SFRJ&#8217; prema kojoj su isti osu\u0111eni na ukupno 26 godina zatvora.<\/p>\n\n\n\n<p>Mnogi su pisali o stradanju i \u017ertvi Hrvata Bjelopoljske kotline, Hvala im, ali posebno i VELIKO HVALA autoru knjige Transverzala zla \u2013 svjedo\u010danstva bjelopoljskih Hrvata, koji je otrgnuo i sa\u010duvao od zaborava mnoge sudbine hrvatskih logora\u0161a Bijelog Polja &#8211; navodi se u priop\u0107enju Hrvatske udruge logora\u0161a HN\u017d.<\/p>\n\n\n\n<p>Izvor:pogled.ba<\/p>\n","protected":false},"excerpt":{"rendered":"<p>Mnogo je datuma zna\u010dajnih za Hrvate Bijeloga Polja u sjevernom dijelu grada Mostara od samog po\u010detka Domovinskog rata 1991.godine, prvih \u017ertava dolaskom JNA i srpskih paravojnih formacija, masovnih grobnica na Uborku i Sutini, odvo\u0111enja prvih logora\u0161a u logor u Bile\u0107i, zatim izdaje, sustavnog progona Hrvata, pogibije i zato\u010denja pripadnika Hrvatskog vije\u0107a obrane dana 30.6.1993.godine, ali [&hellip;]<\/p>\n","protected":false},"author":2,"featured_media":95058,"comment_status":"closed","ping_status":"closed","sticky":false,"template":"","format":"standard","meta":{"h5ap_radio_sources":[],"footnotes":""},"categories":[1],"tags":[],"class_list":["post-95057","post","type-post","status-publish","format-standard","has-post-thumbnail","hentry","category-bihiregija"],"yoast_head":"<!-- This site is optimized with the Yoast SEO plugin v27.5 - https:\/\/yoast.com\/product\/yoast-seo-wordpress\/ -->\n<title>Samo tri pripadnika Armije BiH osu\u0111ena za zlo\u010dine u Osnovnoj \u0161koli &#039;Bratstva i jedinstva&#039; u Potocima - RADIO LJUBU\u0160KI<\/title>\n<meta name=\"robots\" content=\"index, follow, max-snippet:-1, max-image-preview:large, max-video-preview:-1\" \/>\n<link rel=\"canonical\" href=\"https:\/\/radioljubuski.ba\/index.php\/2021\/12\/02\/samo-tri-pripadnika-armije-bih-osudena-za-zlocine-u-osnovnoj-skoli-bratstva-i-jedinstva-u-potocima\/\" \/>\n<meta property=\"og:locale\" content=\"hr_HR\" \/>\n<meta property=\"og:type\" content=\"article\" \/>\n<meta property=\"og:title\" content=\"Samo tri pripadnika Armije BiH osu\u0111ena za zlo\u010dine u Osnovnoj \u0161koli &#039;Bratstva i jedinstva&#039; u Potocima - RADIO LJUBU\u0160KI\" \/>\n<meta property=\"og:description\" content=\"Mnogo je datuma zna\u010dajnih za Hrvate Bijeloga Polja u sjevernom dijelu grada Mostara od samog po\u010detka Domovinskog rata 1991.godine, prvih \u017ertava dolaskom JNA i srpskih paravojnih formacija, masovnih grobnica na Uborku i Sutini, odvo\u0111enja prvih logora\u0161a u logor u Bile\u0107i, zatim izdaje, sustavnog progona Hrvata, pogibije i zato\u010denja pripadnika Hrvatskog vije\u0107a obrane dana 30.6.1993.godine, ali [&hellip;]\" \/>\n<meta property=\"og:url\" content=\"https:\/\/radioljubuski.ba\/index.php\/2021\/12\/02\/samo-tri-pripadnika-armije-bih-osudena-za-zlocine-u-osnovnoj-skoli-bratstva-i-jedinstva-u-potocima\/\" \/>\n<meta property=\"og:site_name\" content=\"RADIO LJUBU\u0160KI\" \/>\n<meta property=\"article:publisher\" content=\"https:\/\/www.facebook.com\/Radiio-Ljubuski-1490835324566332\" \/>\n<meta property=\"article:published_time\" content=\"2021-12-02T09:55:01+00:00\" \/>\n<meta property=\"article:modified_time\" content=\"2021-12-02T09:55:02+00:00\" \/>\n<meta property=\"og:image\" content=\"https:\/\/radioljubuski.ba\/wp-content\/uploads\/2021\/12\/2-2021-12-02-07-57-10-potoci.jpg\" \/>\n\t<meta property=\"og:image:width\" content=\"1000\" \/>\n\t<meta property=\"og:image:height\" content=\"625\" \/>\n\t<meta property=\"og:image:type\" content=\"image\/jpeg\" \/>\n<meta name=\"author\" content=\"Radio Ljubu\u0161ki\" \/>\n<meta name=\"twitter:card\" content=\"summary_large_image\" \/>\n<meta name=\"twitter:creator\" content=\"@radioljubuski\" \/>\n<meta name=\"twitter:site\" content=\"@radioljubuski\" \/>\n<meta name=\"twitter:label1\" content=\"Napisao\/la\" \/>\n\t<meta name=\"twitter:data1\" content=\"Radio Ljubu\u0161ki\" \/>\n\t<meta name=\"twitter:label2\" content=\"Procijenjeno vrijeme \u010ditanja\" \/>\n\t<meta name=\"twitter:data2\" content=\"3 minute\" \/>\n<script type=\"application\/ld+json\" class=\"yoast-schema-graph\">{\"@context\":\"https:\\\/\\\/schema.org\",\"@graph\":[{\"@type\":\"Article\",\"@id\":\"https:\\\/\\\/radioljubuski.ba\\\/index.php\\\/2021\\\/12\\\/02\\\/samo-tri-pripadnika-armije-bih-osudena-za-zlocine-u-osnovnoj-skoli-bratstva-i-jedinstva-u-potocima\\\/#article\",\"isPartOf\":{\"@id\":\"https:\\\/\\\/radioljubuski.ba\\\/index.php\\\/2021\\\/12\\\/02\\\/samo-tri-pripadnika-armije-bih-osudena-za-zlocine-u-osnovnoj-skoli-bratstva-i-jedinstva-u-potocima\\\/\"},\"author\":{\"name\":\"Radio Ljubu\u0161ki\",\"@id\":\"https:\\\/\\\/radioljubuski.ba\\\/#\\\/schema\\\/person\\\/19fc700381a780f69665d7956c469e3b\"},\"headline\":\"Samo tri pripadnika Armije BiH osu\u0111ena za zlo\u010dine u Osnovnoj \u0161koli &#8216;Bratstva i jedinstva&#8217; u Potocima\",\"datePublished\":\"2021-12-02T09:55:01+00:00\",\"dateModified\":\"2021-12-02T09:55:02+00:00\",\"mainEntityOfPage\":{\"@id\":\"https:\\\/\\\/radioljubuski.ba\\\/index.php\\\/2021\\\/12\\\/02\\\/samo-tri-pripadnika-armije-bih-osudena-za-zlocine-u-osnovnoj-skoli-bratstva-i-jedinstva-u-potocima\\\/\"},\"wordCount\":596,\"publisher\":{\"@id\":\"https:\\\/\\\/radioljubuski.ba\\\/#organization\"},\"image\":{\"@id\":\"https:\\\/\\\/radioljubuski.ba\\\/index.php\\\/2021\\\/12\\\/02\\\/samo-tri-pripadnika-armije-bih-osudena-za-zlocine-u-osnovnoj-skoli-bratstva-i-jedinstva-u-potocima\\\/#primaryimage\"},\"thumbnailUrl\":\"https:\\\/\\\/radioljubuski.ba\\\/wp-content\\\/uploads\\\/2021\\\/12\\\/2-2021-12-02-07-57-10-potoci.jpg\",\"articleSection\":[\"BIH i regija\"],\"inLanguage\":\"hr\"},{\"@type\":\"WebPage\",\"@id\":\"https:\\\/\\\/radioljubuski.ba\\\/index.php\\\/2021\\\/12\\\/02\\\/samo-tri-pripadnika-armije-bih-osudena-za-zlocine-u-osnovnoj-skoli-bratstva-i-jedinstva-u-potocima\\\/\",\"url\":\"https:\\\/\\\/radioljubuski.ba\\\/index.php\\\/2021\\\/12\\\/02\\\/samo-tri-pripadnika-armije-bih-osudena-za-zlocine-u-osnovnoj-skoli-bratstva-i-jedinstva-u-potocima\\\/\",\"name\":\"Samo tri pripadnika Armije BiH osu\u0111ena za zlo\u010dine u Osnovnoj \u0161koli 'Bratstva i jedinstva' u Potocima - RADIO LJUBU\u0160KI\",\"isPartOf\":{\"@id\":\"https:\\\/\\\/radioljubuski.ba\\\/#website\"},\"primaryImageOfPage\":{\"@id\":\"https:\\\/\\\/radioljubuski.ba\\\/index.php\\\/2021\\\/12\\\/02\\\/samo-tri-pripadnika-armije-bih-osudena-za-zlocine-u-osnovnoj-skoli-bratstva-i-jedinstva-u-potocima\\\/#primaryimage\"},\"image\":{\"@id\":\"https:\\\/\\\/radioljubuski.ba\\\/index.php\\\/2021\\\/12\\\/02\\\/samo-tri-pripadnika-armije-bih-osudena-za-zlocine-u-osnovnoj-skoli-bratstva-i-jedinstva-u-potocima\\\/#primaryimage\"},\"thumbnailUrl\":\"https:\\\/\\\/radioljubuski.ba\\\/wp-content\\\/uploads\\\/2021\\\/12\\\/2-2021-12-02-07-57-10-potoci.jpg\",\"datePublished\":\"2021-12-02T09:55:01+00:00\",\"dateModified\":\"2021-12-02T09:55:02+00:00\",\"breadcrumb\":{\"@id\":\"https:\\\/\\\/radioljubuski.ba\\\/index.php\\\/2021\\\/12\\\/02\\\/samo-tri-pripadnika-armije-bih-osudena-za-zlocine-u-osnovnoj-skoli-bratstva-i-jedinstva-u-potocima\\\/#breadcrumb\"},\"inLanguage\":\"hr\",\"potentialAction\":[{\"@type\":\"ReadAction\",\"target\":[\"https:\\\/\\\/radioljubuski.ba\\\/index.php\\\/2021\\\/12\\\/02\\\/samo-tri-pripadnika-armije-bih-osudena-za-zlocine-u-osnovnoj-skoli-bratstva-i-jedinstva-u-potocima\\\/\"]}]},{\"@type\":\"ImageObject\",\"inLanguage\":\"hr\",\"@id\":\"https:\\\/\\\/radioljubuski.ba\\\/index.php\\\/2021\\\/12\\\/02\\\/samo-tri-pripadnika-armije-bih-osudena-za-zlocine-u-osnovnoj-skoli-bratstva-i-jedinstva-u-potocima\\\/#primaryimage\",\"url\":\"https:\\\/\\\/radioljubuski.ba\\\/wp-content\\\/uploads\\\/2021\\\/12\\\/2-2021-12-02-07-57-10-potoci.jpg\",\"contentUrl\":\"https:\\\/\\\/radioljubuski.ba\\\/wp-content\\\/uploads\\\/2021\\\/12\\\/2-2021-12-02-07-57-10-potoci.jpg\",\"width\":1000,\"height\":625},{\"@type\":\"BreadcrumbList\",\"@id\":\"https:\\\/\\\/radioljubuski.ba\\\/index.php\\\/2021\\\/12\\\/02\\\/samo-tri-pripadnika-armije-bih-osudena-za-zlocine-u-osnovnoj-skoli-bratstva-i-jedinstva-u-potocima\\\/#breadcrumb\",\"itemListElement\":[{\"@type\":\"ListItem\",\"position\":1,\"name\":\"Po\u010detna stranica\",\"item\":\"https:\\\/\\\/radioljubuski.ba\\\/\"},{\"@type\":\"ListItem\",\"position\":2,\"name\":\"Samo tri pripadnika Armije BiH osu\u0111ena za zlo\u010dine u Osnovnoj \u0161koli &#8216;Bratstva i jedinstva&#8217; u Potocima\"}]},{\"@type\":\"WebSite\",\"@id\":\"https:\\\/\\\/radioljubuski.ba\\\/#website\",\"url\":\"https:\\\/\\\/radioljubuski.ba\\\/\",\"name\":\"Radio Ljubu\u0161ki\",\"description\":\"Sun\u010dana frekvencija Hercegovine\",\"publisher\":{\"@id\":\"https:\\\/\\\/radioljubuski.ba\\\/#organization\"},\"potentialAction\":[{\"@type\":\"SearchAction\",\"target\":{\"@type\":\"EntryPoint\",\"urlTemplate\":\"https:\\\/\\\/radioljubuski.ba\\\/?s={search_term_string}\"},\"query-input\":{\"@type\":\"PropertyValueSpecification\",\"valueRequired\":true,\"valueName\":\"search_term_string\"}}],\"inLanguage\":\"hr\"},{\"@type\":\"Organization\",\"@id\":\"https:\\\/\\\/radioljubuski.ba\\\/#organization\",\"name\":\"Radio Ljubu\u0161ki\",\"url\":\"https:\\\/\\\/radioljubuski.ba\\\/\",\"logo\":{\"@type\":\"ImageObject\",\"inLanguage\":\"hr\",\"@id\":\"https:\\\/\\\/radioljubuski.ba\\\/#\\\/schema\\\/logo\\\/image\\\/\",\"url\":\"https:\\\/\\\/radioljubuski.ba\\\/wp-content\\\/uploads\\\/2021\\\/02\\\/cropped-Radio_Ljubuski_logo1.jpg\",\"contentUrl\":\"https:\\\/\\\/radioljubuski.ba\\\/wp-content\\\/uploads\\\/2021\\\/02\\\/cropped-Radio_Ljubuski_logo1.jpg\",\"width\":512,\"height\":512,\"caption\":\"Radio Ljubu\u0161ki\"},\"image\":{\"@id\":\"https:\\\/\\\/radioljubuski.ba\\\/#\\\/schema\\\/logo\\\/image\\\/\"},\"sameAs\":[\"https:\\\/\\\/www.facebook.com\\\/Radiio-Ljubuski-1490835324566332\",\"https:\\\/\\\/x.com\\\/radioljubuski\",\"https:\\\/\\\/hr.linkedin.com\\\/company\\\/radio-ljubuski\",\"https:\\\/\\\/www.youtube.com\\\/channel\\\/UCHYaeO_n0Db3tjNGudGpXyw\"]},{\"@type\":\"Person\",\"@id\":\"https:\\\/\\\/radioljubuski.ba\\\/#\\\/schema\\\/person\\\/19fc700381a780f69665d7956c469e3b\",\"name\":\"Radio Ljubu\u0161ki\"}]}<\/script>\n<!-- \/ Yoast SEO plugin. -->","yoast_head_json":{"title":"Samo tri pripadnika Armije BiH osu\u0111ena za zlo\u010dine u Osnovnoj \u0161koli 'Bratstva i jedinstva' u Potocima - RADIO LJUBU\u0160KI","robots":{"index":"index","follow":"follow","max-snippet":"max-snippet:-1","max-image-preview":"max-image-preview:large","max-video-preview":"max-video-preview:-1"},"canonical":"https:\/\/radioljubuski.ba\/index.php\/2021\/12\/02\/samo-tri-pripadnika-armije-bih-osudena-za-zlocine-u-osnovnoj-skoli-bratstva-i-jedinstva-u-potocima\/","og_locale":"hr_HR","og_type":"article","og_title":"Samo tri pripadnika Armije BiH osu\u0111ena za zlo\u010dine u Osnovnoj \u0161koli 'Bratstva i jedinstva' u Potocima - RADIO LJUBU\u0160KI","og_description":"Mnogo je datuma zna\u010dajnih za Hrvate Bijeloga Polja u sjevernom dijelu grada Mostara od samog po\u010detka Domovinskog rata 1991.godine, prvih \u017ertava dolaskom JNA i srpskih paravojnih formacija, masovnih grobnica na Uborku i Sutini, odvo\u0111enja prvih logora\u0161a u logor u Bile\u0107i, zatim izdaje, sustavnog progona Hrvata, pogibije i zato\u010denja pripadnika Hrvatskog vije\u0107a obrane dana 30.6.1993.godine, ali [&hellip;]","og_url":"https:\/\/radioljubuski.ba\/index.php\/2021\/12\/02\/samo-tri-pripadnika-armije-bih-osudena-za-zlocine-u-osnovnoj-skoli-bratstva-i-jedinstva-u-potocima\/","og_site_name":"RADIO LJUBU\u0160KI","article_publisher":"https:\/\/www.facebook.com\/Radiio-Ljubuski-1490835324566332","article_published_time":"2021-12-02T09:55:01+00:00","article_modified_time":"2021-12-02T09:55:02+00:00","og_image":[{"width":1000,"height":625,"url":"https:\/\/radioljubuski.ba\/wp-content\/uploads\/2021\/12\/2-2021-12-02-07-57-10-potoci.jpg","type":"image\/jpeg"}],"author":"Radio Ljubu\u0161ki","twitter_card":"summary_large_image","twitter_creator":"@radioljubuski","twitter_site":"@radioljubuski","twitter_misc":{"Napisao\/la":"Radio Ljubu\u0161ki","Procijenjeno vrijeme \u010ditanja":"3 minute"},"schema":{"@context":"https:\/\/schema.org","@graph":[{"@type":"Article","@id":"https:\/\/radioljubuski.ba\/index.php\/2021\/12\/02\/samo-tri-pripadnika-armije-bih-osudena-za-zlocine-u-osnovnoj-skoli-bratstva-i-jedinstva-u-potocima\/#article","isPartOf":{"@id":"https:\/\/radioljubuski.ba\/index.php\/2021\/12\/02\/samo-tri-pripadnika-armije-bih-osudena-za-zlocine-u-osnovnoj-skoli-bratstva-i-jedinstva-u-potocima\/"},"author":{"name":"Radio Ljubu\u0161ki","@id":"https:\/\/radioljubuski.ba\/#\/schema\/person\/19fc700381a780f69665d7956c469e3b"},"headline":"Samo tri pripadnika Armije BiH osu\u0111ena za zlo\u010dine u Osnovnoj \u0161koli &#8216;Bratstva i jedinstva&#8217; u Potocima","datePublished":"2021-12-02T09:55:01+00:00","dateModified":"2021-12-02T09:55:02+00:00","mainEntityOfPage":{"@id":"https:\/\/radioljubuski.ba\/index.php\/2021\/12\/02\/samo-tri-pripadnika-armije-bih-osudena-za-zlocine-u-osnovnoj-skoli-bratstva-i-jedinstva-u-potocima\/"},"wordCount":596,"publisher":{"@id":"https:\/\/radioljubuski.ba\/#organization"},"image":{"@id":"https:\/\/radioljubuski.ba\/index.php\/2021\/12\/02\/samo-tri-pripadnika-armije-bih-osudena-za-zlocine-u-osnovnoj-skoli-bratstva-i-jedinstva-u-potocima\/#primaryimage"},"thumbnailUrl":"https:\/\/radioljubuski.ba\/wp-content\/uploads\/2021\/12\/2-2021-12-02-07-57-10-potoci.jpg","articleSection":["BIH i regija"],"inLanguage":"hr"},{"@type":"WebPage","@id":"https:\/\/radioljubuski.ba\/index.php\/2021\/12\/02\/samo-tri-pripadnika-armije-bih-osudena-za-zlocine-u-osnovnoj-skoli-bratstva-i-jedinstva-u-potocima\/","url":"https:\/\/radioljubuski.ba\/index.php\/2021\/12\/02\/samo-tri-pripadnika-armije-bih-osudena-za-zlocine-u-osnovnoj-skoli-bratstva-i-jedinstva-u-potocima\/","name":"Samo tri pripadnika Armije BiH osu\u0111ena za zlo\u010dine u Osnovnoj \u0161koli 'Bratstva i jedinstva' u Potocima - RADIO LJUBU\u0160KI","isPartOf":{"@id":"https:\/\/radioljubuski.ba\/#website"},"primaryImageOfPage":{"@id":"https:\/\/radioljubuski.ba\/index.php\/2021\/12\/02\/samo-tri-pripadnika-armije-bih-osudena-za-zlocine-u-osnovnoj-skoli-bratstva-i-jedinstva-u-potocima\/#primaryimage"},"image":{"@id":"https:\/\/radioljubuski.ba\/index.php\/2021\/12\/02\/samo-tri-pripadnika-armije-bih-osudena-za-zlocine-u-osnovnoj-skoli-bratstva-i-jedinstva-u-potocima\/#primaryimage"},"thumbnailUrl":"https:\/\/radioljubuski.ba\/wp-content\/uploads\/2021\/12\/2-2021-12-02-07-57-10-potoci.jpg","datePublished":"2021-12-02T09:55:01+00:00","dateModified":"2021-12-02T09:55:02+00:00","breadcrumb":{"@id":"https:\/\/radioljubuski.ba\/index.php\/2021\/12\/02\/samo-tri-pripadnika-armije-bih-osudena-za-zlocine-u-osnovnoj-skoli-bratstva-i-jedinstva-u-potocima\/#breadcrumb"},"inLanguage":"hr","potentialAction":[{"@type":"ReadAction","target":["https:\/\/radioljubuski.ba\/index.php\/2021\/12\/02\/samo-tri-pripadnika-armije-bih-osudena-za-zlocine-u-osnovnoj-skoli-bratstva-i-jedinstva-u-potocima\/"]}]},{"@type":"ImageObject","inLanguage":"hr","@id":"https:\/\/radioljubuski.ba\/index.php\/2021\/12\/02\/samo-tri-pripadnika-armije-bih-osudena-za-zlocine-u-osnovnoj-skoli-bratstva-i-jedinstva-u-potocima\/#primaryimage","url":"https:\/\/radioljubuski.ba\/wp-content\/uploads\/2021\/12\/2-2021-12-02-07-57-10-potoci.jpg","contentUrl":"https:\/\/radioljubuski.ba\/wp-content\/uploads\/2021\/12\/2-2021-12-02-07-57-10-potoci.jpg","width":1000,"height":625},{"@type":"BreadcrumbList","@id":"https:\/\/radioljubuski.ba\/index.php\/2021\/12\/02\/samo-tri-pripadnika-armije-bih-osudena-za-zlocine-u-osnovnoj-skoli-bratstva-i-jedinstva-u-potocima\/#breadcrumb","itemListElement":[{"@type":"ListItem","position":1,"name":"Po\u010detna stranica","item":"https:\/\/radioljubuski.ba\/"},{"@type":"ListItem","position":2,"name":"Samo tri pripadnika Armije BiH osu\u0111ena za zlo\u010dine u Osnovnoj \u0161koli &#8216;Bratstva i jedinstva&#8217; u Potocima"}]},{"@type":"WebSite","@id":"https:\/\/radioljubuski.ba\/#website","url":"https:\/\/radioljubuski.ba\/","name":"Radio Ljubu\u0161ki","description":"Sun\u010dana frekvencija Hercegovine","publisher":{"@id":"https:\/\/radioljubuski.ba\/#organization"},"potentialAction":[{"@type":"SearchAction","target":{"@type":"EntryPoint","urlTemplate":"https:\/\/radioljubuski.ba\/?s={search_term_string}"},"query-input":{"@type":"PropertyValueSpecification","valueRequired":true,"valueName":"search_term_string"}}],"inLanguage":"hr"},{"@type":"Organization","@id":"https:\/\/radioljubuski.ba\/#organization","name":"Radio Ljubu\u0161ki","url":"https:\/\/radioljubuski.ba\/","logo":{"@type":"ImageObject","inLanguage":"hr","@id":"https:\/\/radioljubuski.ba\/#\/schema\/logo\/image\/","url":"https:\/\/radioljubuski.ba\/wp-content\/uploads\/2021\/02\/cropped-Radio_Ljubuski_logo1.jpg","contentUrl":"https:\/\/radioljubuski.ba\/wp-content\/uploads\/2021\/02\/cropped-Radio_Ljubuski_logo1.jpg","width":512,"height":512,"caption":"Radio Ljubu\u0161ki"},"image":{"@id":"https:\/\/radioljubuski.ba\/#\/schema\/logo\/image\/"},"sameAs":["https:\/\/www.facebook.com\/Radiio-Ljubuski-1490835324566332","https:\/\/x.com\/radioljubuski","https:\/\/hr.linkedin.com\/company\/radio-ljubuski","https:\/\/www.youtube.com\/channel\/UCHYaeO_n0Db3tjNGudGpXyw"]},{"@type":"Person","@id":"https:\/\/radioljubuski.ba\/#\/schema\/person\/19fc700381a780f69665d7956c469e3b","name":"Radio Ljubu\u0161ki"}]}},"_links":{"self":[{"href":"https:\/\/radioljubuski.ba\/index.php\/wp-json\/wp\/v2\/posts\/95057","targetHints":{"allow":["GET"]}}],"collection":[{"href":"https:\/\/radioljubuski.ba\/index.php\/wp-json\/wp\/v2\/posts"}],"about":[{"href":"https:\/\/radioljubuski.ba\/index.php\/wp-json\/wp\/v2\/types\/post"}],"author":[{"embeddable":true,"href":"https:\/\/radioljubuski.ba\/index.php\/wp-json\/wp\/v2\/users\/2"}],"replies":[{"embeddable":true,"href":"https:\/\/radioljubuski.ba\/index.php\/wp-json\/wp\/v2\/comments?post=95057"}],"version-history":[{"count":1,"href":"https:\/\/radioljubuski.ba\/index.php\/wp-json\/wp\/v2\/posts\/95057\/revisions"}],"predecessor-version":[{"id":95059,"href":"https:\/\/radioljubuski.ba\/index.php\/wp-json\/wp\/v2\/posts\/95057\/revisions\/95059"}],"wp:featuredmedia":[{"embeddable":true,"href":"https:\/\/radioljubuski.ba\/index.php\/wp-json\/wp\/v2\/media\/95058"}],"wp:attachment":[{"href":"https:\/\/radioljubuski.ba\/index.php\/wp-json\/wp\/v2\/media?parent=95057"}],"wp:term":[{"taxonomy":"category","embeddable":true,"href":"https:\/\/radioljubuski.ba\/index.php\/wp-json\/wp\/v2\/categories?post=95057"},{"taxonomy":"post_tag","embeddable":true,"href":"https:\/\/radioljubuski.ba\/index.php\/wp-json\/wp\/v2\/tags?post=95057"}],"curies":[{"name":"wp","href":"https:\/\/api.w.org\/{rel}","templated":true}]}}