{"id":95071,"date":"2021-12-02T12:50:54","date_gmt":"2021-12-02T11:50:54","guid":{"rendered":"https:\/\/radioljubuski.ba\/?p=95071"},"modified":"2021-12-02T12:50:55","modified_gmt":"2021-12-02T11:50:55","slug":"sudac-izbacen-iz-nogometa-na-10-godina-zbog-namjestanja-utakmica","status":"publish","type":"post","link":"https:\/\/radioljubuski.ba\/index.php\/2021\/12\/02\/sudac-izbacen-iz-nogometa-na-10-godina-zbog-namjestanja-utakmica\/","title":{"rendered":"Sudac izba\u010den iz nogometa na 10 godina zbog namje\u0161tanja utakmica"},"content":{"rendered":"\n<p>\u017dalbeni sud u Novom Sadu potvrdio je odluku o izbacivanju biv\u0161eg suca Sr\u0111ana Obradovi\u0107a iz nogometa u idu\u0107ih deset godina zbog namje\u0161tanja me\u010deva.<\/p>\n\n\n\n<p>Podsjetimo, Obradovi\u0107u se sudilo zbog zlouporabe polo\u017eaja suca na utakmici izme\u0111u Spartaka iz Subotice i Radni\u010dkog iz Ni\u0161a (2:0), gdje je sudio u korist doma\u0107eg tima i svirao jedan od najkomi\u010dnijih penala u povijesti nogometa u Srbiji.<\/p>\n\n\n\n<p>Sudac iz Jagodine ve\u0107 je osu\u0111en prvostupanjski u Vi\u0161em sudu u Novom Sadu na 15 mjeseci zatvora uz zabranu obavljanja bilo kakve du\u017enosti u nogometu idu\u0107ih 10 godina.<\/p>\n\n\n\n<p>\u017dalbeni sud u Novom Sadu potvrdio je ovu presudu, tako da je slu\u010daj zaklju\u010den 23. rujna i on \u0107e se bavit nogometom tek 2031. godine.<\/p>\n\n\n\n<p>Ono \u0161to je nevjerovatno, Obradovi\u0107 je nakon \u0161to je svirao ovaj skandalozan penal, i dok se jo\u0161 vodio postupak protiv njega, svojevremeno vra\u0107en u srpski nogomet i to, ni manje, ni vi\u0161e, kao promatra\u010d su\u0111enja.<\/p>\n\n\n\n<p>Tada\u0161nji predsjednik Suda\u010dke organizacije FSS Milan Karad\u017ei\u0107 vra\u0107anje Obradovi\u0107a pravdao je ovim rije\u010dima:<\/p>\n\n\n\n<p>&#8220;Potrebno nam je pozitivno ozra\u010dje, da ljudi shvate da su gre\u0161ke sastavni dio igre i utakmice. Kao \u0161to grije\u0161e igra\u010di i treneri, tako i suci grije\u0161e. Da vam ka\u017eem&#8230; Postoji proces koji se vodi protiv suca Obradovi\u0107a pred sudom i onog trenutka kada bude oslobo\u0111en pravosna\u017eno ili osu\u0111en, onda \u0107emo donositi bilo kakve zaklju\u010dke. Sad bi bilo neizbiljno da to radimo. Hajde da dozvolimo pravosudnim tijelima da donesu odluku, nekad \u017eurimo s razlogom, a nekad bez razloga. Dakle, hajde da dozvolimo pravosudnim tijelima da zavr\u0161e to. Zato \u0161to nije na mjestu unaprijed nekoga osu\u0111ivati i proglasiti ga krivim&#8221;, rekao je Karad\u017ei\u0107.<\/p>\n\n\n\n<p>Valjda mu je sada jasno nakon presude \u0161to treba raditi.&nbsp;<\/p>\n\n\n\n<p>Izvor:pogled.ba<\/p>\n","protected":false},"excerpt":{"rendered":"<p>\u017dalbeni sud u Novom Sadu potvrdio je odluku o izbacivanju biv\u0161eg suca Sr\u0111ana Obradovi\u0107a iz nogometa u idu\u0107ih deset godina zbog namje\u0161tanja me\u010deva. Podsjetimo, Obradovi\u0107u se sudilo zbog zlouporabe polo\u017eaja suca na utakmici izme\u0111u Spartaka iz Subotice i Radni\u010dkog iz Ni\u0161a (2:0), gdje je sudio u korist doma\u0107eg tima i svirao jedan od najkomi\u010dnijih penala [&hellip;]<\/p>\n","protected":false},"author":2,"featured_media":95072,"comment_status":"closed","ping_status":"closed","sticky":false,"template":"","format":"standard","meta":{"h5ap_radio_sources":[],"footnotes":""},"categories":[7],"tags":[],"class_list":["post-95071","post","type-post","status-publish","format-standard","has-post-thumbnail","hentry","category-sport"],"yoast_head":"<!-- This site is optimized with the Yoast SEO plugin v27.4 - https:\/\/yoast.com\/product\/yoast-seo-wordpress\/ -->\n<title>Sudac izba\u010den iz nogometa na 10 godina zbog namje\u0161tanja utakmica - RADIO LJUBU\u0160KI<\/title>\n<meta name=\"robots\" content=\"index, follow, max-snippet:-1, max-image-preview:large, max-video-preview:-1\" \/>\n<link rel=\"canonical\" href=\"https:\/\/radioljubuski.ba\/index.php\/2021\/12\/02\/sudac-izbacen-iz-nogometa-na-10-godina-zbog-namjestanja-utakmica\/\" \/>\n<meta property=\"og:locale\" content=\"hr_HR\" \/>\n<meta property=\"og:type\" content=\"article\" \/>\n<meta property=\"og:title\" content=\"Sudac izba\u010den iz nogometa na 10 godina zbog namje\u0161tanja utakmica - RADIO LJUBU\u0160KI\" \/>\n<meta property=\"og:description\" content=\"\u017dalbeni sud u Novom Sadu potvrdio je odluku o izbacivanju biv\u0161eg suca Sr\u0111ana Obradovi\u0107a iz nogometa u idu\u0107ih deset godina zbog namje\u0161tanja me\u010deva. Podsjetimo, Obradovi\u0107u se sudilo zbog zlouporabe polo\u017eaja suca na utakmici izme\u0111u Spartaka iz Subotice i Radni\u010dkog iz Ni\u0161a (2:0), gdje je sudio u korist doma\u0107eg tima i svirao jedan od najkomi\u010dnijih penala [&hellip;]\" \/>\n<meta property=\"og:url\" content=\"https:\/\/radioljubuski.ba\/index.php\/2021\/12\/02\/sudac-izbacen-iz-nogometa-na-10-godina-zbog-namjestanja-utakmica\/\" \/>\n<meta property=\"og:site_name\" content=\"RADIO LJUBU\u0160KI\" \/>\n<meta property=\"article:publisher\" content=\"https:\/\/www.facebook.com\/Radiio-Ljubuski-1490835324566332\" \/>\n<meta property=\"article:published_time\" content=\"2021-12-02T11:50:54+00:00\" \/>\n<meta property=\"article:modified_time\" content=\"2021-12-02T11:50:55+00:00\" \/>\n<meta property=\"og:image\" content=\"https:\/\/radioljubuski.ba\/wp-content\/uploads\/2021\/12\/2-2021-12-02-11-07-25-obradovic.jpg\" \/>\n\t<meta property=\"og:image:width\" content=\"1000\" \/>\n\t<meta property=\"og:image:height\" content=\"625\" \/>\n\t<meta property=\"og:image:type\" content=\"image\/jpeg\" \/>\n<meta name=\"author\" content=\"Radio Ljubu\u0161ki\" \/>\n<meta name=\"twitter:card\" content=\"summary_large_image\" \/>\n<meta name=\"twitter:creator\" content=\"@radioljubuski\" \/>\n<meta name=\"twitter:site\" content=\"@radioljubuski\" \/>\n<meta name=\"twitter:label1\" content=\"Napisao\/la\" \/>\n\t<meta name=\"twitter:data1\" content=\"Radio Ljubu\u0161ki\" \/>\n\t<meta name=\"twitter:label2\" content=\"Procijenjeno vrijeme \u010ditanja\" \/>\n\t<meta name=\"twitter:data2\" content=\"2 minute\" \/>\n<script type=\"application\/ld+json\" class=\"yoast-schema-graph\">{\"@context\":\"https:\\\/\\\/schema.org\",\"@graph\":[{\"@type\":\"Article\",\"@id\":\"https:\\\/\\\/radioljubuski.ba\\\/index.php\\\/2021\\\/12\\\/02\\\/sudac-izbacen-iz-nogometa-na-10-godina-zbog-namjestanja-utakmica\\\/#article\",\"isPartOf\":{\"@id\":\"https:\\\/\\\/radioljubuski.ba\\\/index.php\\\/2021\\\/12\\\/02\\\/sudac-izbacen-iz-nogometa-na-10-godina-zbog-namjestanja-utakmica\\\/\"},\"author\":{\"name\":\"Radio Ljubu\u0161ki\",\"@id\":\"https:\\\/\\\/radioljubuski.ba\\\/#\\\/schema\\\/person\\\/19fc700381a780f69665d7956c469e3b\"},\"headline\":\"Sudac izba\u010den iz nogometa na 10 godina zbog namje\u0161tanja utakmica\",\"datePublished\":\"2021-12-02T11:50:54+00:00\",\"dateModified\":\"2021-12-02T11:50:55+00:00\",\"mainEntityOfPage\":{\"@id\":\"https:\\\/\\\/radioljubuski.ba\\\/index.php\\\/2021\\\/12\\\/02\\\/sudac-izbacen-iz-nogometa-na-10-godina-zbog-namjestanja-utakmica\\\/\"},\"wordCount\":324,\"publisher\":{\"@id\":\"https:\\\/\\\/radioljubuski.ba\\\/#organization\"},\"image\":{\"@id\":\"https:\\\/\\\/radioljubuski.ba\\\/index.php\\\/2021\\\/12\\\/02\\\/sudac-izbacen-iz-nogometa-na-10-godina-zbog-namjestanja-utakmica\\\/#primaryimage\"},\"thumbnailUrl\":\"https:\\\/\\\/radioljubuski.ba\\\/wp-content\\\/uploads\\\/2021\\\/12\\\/2-2021-12-02-11-07-25-obradovic.jpg\",\"articleSection\":[\"\u0160port\"],\"inLanguage\":\"hr\"},{\"@type\":\"WebPage\",\"@id\":\"https:\\\/\\\/radioljubuski.ba\\\/index.php\\\/2021\\\/12\\\/02\\\/sudac-izbacen-iz-nogometa-na-10-godina-zbog-namjestanja-utakmica\\\/\",\"url\":\"https:\\\/\\\/radioljubuski.ba\\\/index.php\\\/2021\\\/12\\\/02\\\/sudac-izbacen-iz-nogometa-na-10-godina-zbog-namjestanja-utakmica\\\/\",\"name\":\"Sudac izba\u010den iz nogometa na 10 godina zbog namje\u0161tanja utakmica - RADIO LJUBU\u0160KI\",\"isPartOf\":{\"@id\":\"https:\\\/\\\/radioljubuski.ba\\\/#website\"},\"primaryImageOfPage\":{\"@id\":\"https:\\\/\\\/radioljubuski.ba\\\/index.php\\\/2021\\\/12\\\/02\\\/sudac-izbacen-iz-nogometa-na-10-godina-zbog-namjestanja-utakmica\\\/#primaryimage\"},\"image\":{\"@id\":\"https:\\\/\\\/radioljubuski.ba\\\/index.php\\\/2021\\\/12\\\/02\\\/sudac-izbacen-iz-nogometa-na-10-godina-zbog-namjestanja-utakmica\\\/#primaryimage\"},\"thumbnailUrl\":\"https:\\\/\\\/radioljubuski.ba\\\/wp-content\\\/uploads\\\/2021\\\/12\\\/2-2021-12-02-11-07-25-obradovic.jpg\",\"datePublished\":\"2021-12-02T11:50:54+00:00\",\"dateModified\":\"2021-12-02T11:50:55+00:00\",\"breadcrumb\":{\"@id\":\"https:\\\/\\\/radioljubuski.ba\\\/index.php\\\/2021\\\/12\\\/02\\\/sudac-izbacen-iz-nogometa-na-10-godina-zbog-namjestanja-utakmica\\\/#breadcrumb\"},\"inLanguage\":\"hr\",\"potentialAction\":[{\"@type\":\"ReadAction\",\"target\":[\"https:\\\/\\\/radioljubuski.ba\\\/index.php\\\/2021\\\/12\\\/02\\\/sudac-izbacen-iz-nogometa-na-10-godina-zbog-namjestanja-utakmica\\\/\"]}]},{\"@type\":\"ImageObject\",\"inLanguage\":\"hr\",\"@id\":\"https:\\\/\\\/radioljubuski.ba\\\/index.php\\\/2021\\\/12\\\/02\\\/sudac-izbacen-iz-nogometa-na-10-godina-zbog-namjestanja-utakmica\\\/#primaryimage\",\"url\":\"https:\\\/\\\/radioljubuski.ba\\\/wp-content\\\/uploads\\\/2021\\\/12\\\/2-2021-12-02-11-07-25-obradovic.jpg\",\"contentUrl\":\"https:\\\/\\\/radioljubuski.ba\\\/wp-content\\\/uploads\\\/2021\\\/12\\\/2-2021-12-02-11-07-25-obradovic.jpg\",\"width\":1000,\"height\":625},{\"@type\":\"BreadcrumbList\",\"@id\":\"https:\\\/\\\/radioljubuski.ba\\\/index.php\\\/2021\\\/12\\\/02\\\/sudac-izbacen-iz-nogometa-na-10-godina-zbog-namjestanja-utakmica\\\/#breadcrumb\",\"itemListElement\":[{\"@type\":\"ListItem\",\"position\":1,\"name\":\"Po\u010detna stranica\",\"item\":\"https:\\\/\\\/radioljubuski.ba\\\/\"},{\"@type\":\"ListItem\",\"position\":2,\"name\":\"Sudac izba\u010den iz nogometa na 10 godina zbog namje\u0161tanja utakmica\"}]},{\"@type\":\"WebSite\",\"@id\":\"https:\\\/\\\/radioljubuski.ba\\\/#website\",\"url\":\"https:\\\/\\\/radioljubuski.ba\\\/\",\"name\":\"Radio Ljubu\u0161ki\",\"description\":\"Sun\u010dana frekvencija Hercegovine\",\"publisher\":{\"@id\":\"https:\\\/\\\/radioljubuski.ba\\\/#organization\"},\"potentialAction\":[{\"@type\":\"SearchAction\",\"target\":{\"@type\":\"EntryPoint\",\"urlTemplate\":\"https:\\\/\\\/radioljubuski.ba\\\/?s={search_term_string}\"},\"query-input\":{\"@type\":\"PropertyValueSpecification\",\"valueRequired\":true,\"valueName\":\"search_term_string\"}}],\"inLanguage\":\"hr\"},{\"@type\":\"Organization\",\"@id\":\"https:\\\/\\\/radioljubuski.ba\\\/#organization\",\"name\":\"Radio Ljubu\u0161ki\",\"url\":\"https:\\\/\\\/radioljubuski.ba\\\/\",\"logo\":{\"@type\":\"ImageObject\",\"inLanguage\":\"hr\",\"@id\":\"https:\\\/\\\/radioljubuski.ba\\\/#\\\/schema\\\/logo\\\/image\\\/\",\"url\":\"https:\\\/\\\/radioljubuski.ba\\\/wp-content\\\/uploads\\\/2021\\\/02\\\/cropped-Radio_Ljubuski_logo1.jpg\",\"contentUrl\":\"https:\\\/\\\/radioljubuski.ba\\\/wp-content\\\/uploads\\\/2021\\\/02\\\/cropped-Radio_Ljubuski_logo1.jpg\",\"width\":512,\"height\":512,\"caption\":\"Radio Ljubu\u0161ki\"},\"image\":{\"@id\":\"https:\\\/\\\/radioljubuski.ba\\\/#\\\/schema\\\/logo\\\/image\\\/\"},\"sameAs\":[\"https:\\\/\\\/www.facebook.com\\\/Radiio-Ljubuski-1490835324566332\",\"https:\\\/\\\/x.com\\\/radioljubuski\",\"https:\\\/\\\/hr.linkedin.com\\\/company\\\/radio-ljubuski\",\"https:\\\/\\\/www.youtube.com\\\/channel\\\/UCHYaeO_n0Db3tjNGudGpXyw\"]},{\"@type\":\"Person\",\"@id\":\"https:\\\/\\\/radioljubuski.ba\\\/#\\\/schema\\\/person\\\/19fc700381a780f69665d7956c469e3b\",\"name\":\"Radio Ljubu\u0161ki\"}]}<\/script>\n<!-- \/ Yoast SEO plugin. -->","yoast_head_json":{"title":"Sudac izba\u010den iz nogometa na 10 godina zbog namje\u0161tanja utakmica - RADIO LJUBU\u0160KI","robots":{"index":"index","follow":"follow","max-snippet":"max-snippet:-1","max-image-preview":"max-image-preview:large","max-video-preview":"max-video-preview:-1"},"canonical":"https:\/\/radioljubuski.ba\/index.php\/2021\/12\/02\/sudac-izbacen-iz-nogometa-na-10-godina-zbog-namjestanja-utakmica\/","og_locale":"hr_HR","og_type":"article","og_title":"Sudac izba\u010den iz nogometa na 10 godina zbog namje\u0161tanja utakmica - RADIO LJUBU\u0160KI","og_description":"\u017dalbeni sud u Novom Sadu potvrdio je odluku o izbacivanju biv\u0161eg suca Sr\u0111ana Obradovi\u0107a iz nogometa u idu\u0107ih deset godina zbog namje\u0161tanja me\u010deva. Podsjetimo, Obradovi\u0107u se sudilo zbog zlouporabe polo\u017eaja suca na utakmici izme\u0111u Spartaka iz Subotice i Radni\u010dkog iz Ni\u0161a (2:0), gdje je sudio u korist doma\u0107eg tima i svirao jedan od najkomi\u010dnijih penala [&hellip;]","og_url":"https:\/\/radioljubuski.ba\/index.php\/2021\/12\/02\/sudac-izbacen-iz-nogometa-na-10-godina-zbog-namjestanja-utakmica\/","og_site_name":"RADIO LJUBU\u0160KI","article_publisher":"https:\/\/www.facebook.com\/Radiio-Ljubuski-1490835324566332","article_published_time":"2021-12-02T11:50:54+00:00","article_modified_time":"2021-12-02T11:50:55+00:00","og_image":[{"width":1000,"height":625,"url":"https:\/\/radioljubuski.ba\/wp-content\/uploads\/2021\/12\/2-2021-12-02-11-07-25-obradovic.jpg","type":"image\/jpeg"}],"author":"Radio Ljubu\u0161ki","twitter_card":"summary_large_image","twitter_creator":"@radioljubuski","twitter_site":"@radioljubuski","twitter_misc":{"Napisao\/la":"Radio Ljubu\u0161ki","Procijenjeno vrijeme \u010ditanja":"2 minute"},"schema":{"@context":"https:\/\/schema.org","@graph":[{"@type":"Article","@id":"https:\/\/radioljubuski.ba\/index.php\/2021\/12\/02\/sudac-izbacen-iz-nogometa-na-10-godina-zbog-namjestanja-utakmica\/#article","isPartOf":{"@id":"https:\/\/radioljubuski.ba\/index.php\/2021\/12\/02\/sudac-izbacen-iz-nogometa-na-10-godina-zbog-namjestanja-utakmica\/"},"author":{"name":"Radio Ljubu\u0161ki","@id":"https:\/\/radioljubuski.ba\/#\/schema\/person\/19fc700381a780f69665d7956c469e3b"},"headline":"Sudac izba\u010den iz nogometa na 10 godina zbog namje\u0161tanja utakmica","datePublished":"2021-12-02T11:50:54+00:00","dateModified":"2021-12-02T11:50:55+00:00","mainEntityOfPage":{"@id":"https:\/\/radioljubuski.ba\/index.php\/2021\/12\/02\/sudac-izbacen-iz-nogometa-na-10-godina-zbog-namjestanja-utakmica\/"},"wordCount":324,"publisher":{"@id":"https:\/\/radioljubuski.ba\/#organization"},"image":{"@id":"https:\/\/radioljubuski.ba\/index.php\/2021\/12\/02\/sudac-izbacen-iz-nogometa-na-10-godina-zbog-namjestanja-utakmica\/#primaryimage"},"thumbnailUrl":"https:\/\/radioljubuski.ba\/wp-content\/uploads\/2021\/12\/2-2021-12-02-11-07-25-obradovic.jpg","articleSection":["\u0160port"],"inLanguage":"hr"},{"@type":"WebPage","@id":"https:\/\/radioljubuski.ba\/index.php\/2021\/12\/02\/sudac-izbacen-iz-nogometa-na-10-godina-zbog-namjestanja-utakmica\/","url":"https:\/\/radioljubuski.ba\/index.php\/2021\/12\/02\/sudac-izbacen-iz-nogometa-na-10-godina-zbog-namjestanja-utakmica\/","name":"Sudac izba\u010den iz nogometa na 10 godina zbog namje\u0161tanja utakmica - RADIO LJUBU\u0160KI","isPartOf":{"@id":"https:\/\/radioljubuski.ba\/#website"},"primaryImageOfPage":{"@id":"https:\/\/radioljubuski.ba\/index.php\/2021\/12\/02\/sudac-izbacen-iz-nogometa-na-10-godina-zbog-namjestanja-utakmica\/#primaryimage"},"image":{"@id":"https:\/\/radioljubuski.ba\/index.php\/2021\/12\/02\/sudac-izbacen-iz-nogometa-na-10-godina-zbog-namjestanja-utakmica\/#primaryimage"},"thumbnailUrl":"https:\/\/radioljubuski.ba\/wp-content\/uploads\/2021\/12\/2-2021-12-02-11-07-25-obradovic.jpg","datePublished":"2021-12-02T11:50:54+00:00","dateModified":"2021-12-02T11:50:55+00:00","breadcrumb":{"@id":"https:\/\/radioljubuski.ba\/index.php\/2021\/12\/02\/sudac-izbacen-iz-nogometa-na-10-godina-zbog-namjestanja-utakmica\/#breadcrumb"},"inLanguage":"hr","potentialAction":[{"@type":"ReadAction","target":["https:\/\/radioljubuski.ba\/index.php\/2021\/12\/02\/sudac-izbacen-iz-nogometa-na-10-godina-zbog-namjestanja-utakmica\/"]}]},{"@type":"ImageObject","inLanguage":"hr","@id":"https:\/\/radioljubuski.ba\/index.php\/2021\/12\/02\/sudac-izbacen-iz-nogometa-na-10-godina-zbog-namjestanja-utakmica\/#primaryimage","url":"https:\/\/radioljubuski.ba\/wp-content\/uploads\/2021\/12\/2-2021-12-02-11-07-25-obradovic.jpg","contentUrl":"https:\/\/radioljubuski.ba\/wp-content\/uploads\/2021\/12\/2-2021-12-02-11-07-25-obradovic.jpg","width":1000,"height":625},{"@type":"BreadcrumbList","@id":"https:\/\/radioljubuski.ba\/index.php\/2021\/12\/02\/sudac-izbacen-iz-nogometa-na-10-godina-zbog-namjestanja-utakmica\/#breadcrumb","itemListElement":[{"@type":"ListItem","position":1,"name":"Po\u010detna stranica","item":"https:\/\/radioljubuski.ba\/"},{"@type":"ListItem","position":2,"name":"Sudac izba\u010den iz nogometa na 10 godina zbog namje\u0161tanja utakmica"}]},{"@type":"WebSite","@id":"https:\/\/radioljubuski.ba\/#website","url":"https:\/\/radioljubuski.ba\/","name":"Radio Ljubu\u0161ki","description":"Sun\u010dana frekvencija Hercegovine","publisher":{"@id":"https:\/\/radioljubuski.ba\/#organization"},"potentialAction":[{"@type":"SearchAction","target":{"@type":"EntryPoint","urlTemplate":"https:\/\/radioljubuski.ba\/?s={search_term_string}"},"query-input":{"@type":"PropertyValueSpecification","valueRequired":true,"valueName":"search_term_string"}}],"inLanguage":"hr"},{"@type":"Organization","@id":"https:\/\/radioljubuski.ba\/#organization","name":"Radio Ljubu\u0161ki","url":"https:\/\/radioljubuski.ba\/","logo":{"@type":"ImageObject","inLanguage":"hr","@id":"https:\/\/radioljubuski.ba\/#\/schema\/logo\/image\/","url":"https:\/\/radioljubuski.ba\/wp-content\/uploads\/2021\/02\/cropped-Radio_Ljubuski_logo1.jpg","contentUrl":"https:\/\/radioljubuski.ba\/wp-content\/uploads\/2021\/02\/cropped-Radio_Ljubuski_logo1.jpg","width":512,"height":512,"caption":"Radio Ljubu\u0161ki"},"image":{"@id":"https:\/\/radioljubuski.ba\/#\/schema\/logo\/image\/"},"sameAs":["https:\/\/www.facebook.com\/Radiio-Ljubuski-1490835324566332","https:\/\/x.com\/radioljubuski","https:\/\/hr.linkedin.com\/company\/radio-ljubuski","https:\/\/www.youtube.com\/channel\/UCHYaeO_n0Db3tjNGudGpXyw"]},{"@type":"Person","@id":"https:\/\/radioljubuski.ba\/#\/schema\/person\/19fc700381a780f69665d7956c469e3b","name":"Radio Ljubu\u0161ki"}]}},"_links":{"self":[{"href":"https:\/\/radioljubuski.ba\/index.php\/wp-json\/wp\/v2\/posts\/95071","targetHints":{"allow":["GET"]}}],"collection":[{"href":"https:\/\/radioljubuski.ba\/index.php\/wp-json\/wp\/v2\/posts"}],"about":[{"href":"https:\/\/radioljubuski.ba\/index.php\/wp-json\/wp\/v2\/types\/post"}],"author":[{"embeddable":true,"href":"https:\/\/radioljubuski.ba\/index.php\/wp-json\/wp\/v2\/users\/2"}],"replies":[{"embeddable":true,"href":"https:\/\/radioljubuski.ba\/index.php\/wp-json\/wp\/v2\/comments?post=95071"}],"version-history":[{"count":1,"href":"https:\/\/radioljubuski.ba\/index.php\/wp-json\/wp\/v2\/posts\/95071\/revisions"}],"predecessor-version":[{"id":95073,"href":"https:\/\/radioljubuski.ba\/index.php\/wp-json\/wp\/v2\/posts\/95071\/revisions\/95073"}],"wp:featuredmedia":[{"embeddable":true,"href":"https:\/\/radioljubuski.ba\/index.php\/wp-json\/wp\/v2\/media\/95072"}],"wp:attachment":[{"href":"https:\/\/radioljubuski.ba\/index.php\/wp-json\/wp\/v2\/media?parent=95071"}],"wp:term":[{"taxonomy":"category","embeddable":true,"href":"https:\/\/radioljubuski.ba\/index.php\/wp-json\/wp\/v2\/categories?post=95071"},{"taxonomy":"post_tag","embeddable":true,"href":"https:\/\/radioljubuski.ba\/index.php\/wp-json\/wp\/v2\/tags?post=95071"}],"curies":[{"name":"wp","href":"https:\/\/api.w.org\/{rel}","templated":true}]}}