{"id":95079,"date":"2021-12-02T13:09:13","date_gmt":"2021-12-02T12:09:13","guid":{"rendered":"https:\/\/radioljubuski.ba\/?p=95079"},"modified":"2021-12-02T13:09:14","modified_gmt":"2021-12-02T12:09:14","slug":"i-elektorski-model-izbora-clanova-predsjednistva-koje-je-predlozio-palmer-bosnjacke-stranke-docekale-na-noz","status":"publish","type":"post","link":"https:\/\/radioljubuski.ba\/index.php\/2021\/12\/02\/i-elektorski-model-izbora-clanova-predsjednistva-koje-je-predlozio-palmer-bosnjacke-stranke-docekale-na-noz\/","title":{"rendered":"I elektorski model izbora \u010dlanova Predsjedni\u0161tva, koje je predlo\u017eio Palmer, bo\u0161nja\u010dke stranke do\u010dekale na no\u017e"},"content":{"rendered":"\n<p><strong>Bo\u0161nja\u010dke stranke, o\u010dito je, ne prihva\u0107aju ni jedan prijedlog izmjena Izbornog zakona koji bi omogu\u0107avao da i Hrvati mogu izabrati \u010dlana Predsjedni\u0161tva BiH. Pri tom se koriste razli\u010diti izgovori za odbijanje tipa \u201cdiskriminacija\u201d, \u201csegregacija\u201d, \u201cudovoljavanje \u017eeljama HDZ-a i Dragana \u010covi\u0107a\u201d, pi\u0161e Hrvatski Medijski Servis.<\/strong><\/p>\n\n\n\n<p>To je postalo jasno i ameri\u010dkim i europskim diplomatama Mathewu Palmeru i Angelini Eichorst \u010dije prijedloge, kojima bi se provela presuda Ustavnog suda BiH, ali i Europskog suda za ljudska prava, a time o\u010duvao Daytonski sporazum i Bosna i Hercegovina, bo\u0161nja\u010dki lideri do\u010dekuju na no\u017e.<\/p>\n\n\n\n<p>Njanoviji prijedlog ameri\u010dkog diplomate je elektorski model izbora \u010dlanova Predsjedni\u0161tva BiH, odnosno<br>\u201cplutaju\u0107e izborne jedinice\u201d. Su\u0161tina tog modela je, po ugledu na SAD, da bi bira\u010di iz svake \u017eupanije u FBiH birali elektore, a oni potom, \u010dlanove Predsjedni\u0161tva BiH. Kako je za Hrvatski Medijski Servis pojasnio predsjednik HDZ 1990. Ilija Cvitanovi\u0107, koji je ju\u010der sudjelovao na pregovorima u zgradi Delegacije EU u Sarajevu, taj bi se model razradio u narednih 7 dana, a 15-og ovog mjeseca Palmer i Eichhorst ponovo bi do\u0161li u Sarajevo kako bi se poku\u0161ala posti\u0107i suglasnost o tom modelu.<\/p>\n\n\n\n<p>No, Palmerov prijedlog ve\u0107 je ju\u010der do\u010dekan na no\u017e od dvojice bo\u0161nja\u010dkih Srba koji parazitiraju na uzurpaciji prava hrvatskog i srpskog naroda. Tako je Kom\u0161i\u0107ev Milan Dunovi\u0107, potpredsjednik FBiH, govore\u0107i u ime DF-a, prema pisanju portala Istraga, kazao da bi u tom slu\u010daju bile \u201cdvije izborne jedinice s jasno izra\u017eenim etni\u010dkim granicama\u201d i da bi to zna\u010dilo nejednaku vrijednost glasa.<\/p>\n\n\n\n<p>Na Dunovi\u0107eve konstatacije, Palmer je uzvratio tvrdnjom da i u SAD-u nije ista vrijednost glasa kada se bira predsjednik.<\/p>\n\n\n\n<p>Predrag Kojovi\u0107 zastupnik tobo\u017e liberalne Na\u0161e stranke reagirao je na Palmerovu tvrdnju govore\u0107i da se ne mo\u017ee smatrati napretkom kada \u201ciz robovlasni\u0161tva prelazite u segregaciju\u201d.<\/p>\n\n\n\n<p>Matthew Palmer je rekao da se ne sla\u017ee s Dunovi\u0107em pojasniv\u0161i da bi elektorski na\u010din izbora \u010dlanova Predsjedni\u0161tva BiH odnosno \u201cplutaju\u0107e izborna jedinica\u201d postojale samo jedan dan.<\/p>\n\n\n\n<p>Govore\u0107i o blokadama u Federaciji, o \u010demu bi se trebalo razgovarati danas, lideri bo\u0161nja\u010dkih stranaka spomenuli su pitanje blokade izbora sudaca Ustavnog suda FBiH.<\/p>\n\n\n\n<p>Lider HDZ-a BiH dr. Dragan \u010covi\u0107 je, pak, rekao da bo\u0161nja\u010dka strana blokira Federaciju, jer ne dopu\u0161ta imenovanje direktora Federalne uprave policije i Radiotelevizije Federacije BiH.<\/p>\n\n\n\n<p>Ilija Cvitanovi\u0107, predsjednik HDZ-a 1990, rekao je da sarajevske stranke \u017eele ukinuti Dom naroda FBiH i tako ugroziti opstojnost Hrvata. Ponovio je da je \u017deljko Kom\u0161i\u0107 nelegitimni \u010dlan Predsjedni\u0161tva BiH. Nakon to su predstavnici bo\u0161nja\u010dkih stranaka kazali da je Martin Ragu\u017e 2014. godine pobijedio u sarajevskoj op\u0107ini Centar, kada mu je glasove usmjerio SDP. Nastala je kratka polemika koju je prekinula Angelina Eichhorst.<\/p>\n\n\n\n<p>\/HMS\/<\/p>\n","protected":false},"excerpt":{"rendered":"<p>Bo\u0161nja\u010dke stranke, o\u010dito je, ne prihva\u0107aju ni jedan prijedlog izmjena Izbornog zakona koji bi omogu\u0107avao da i Hrvati mogu izabrati \u010dlana Predsjedni\u0161tva BiH. Pri tom se koriste razli\u010diti izgovori za odbijanje tipa \u201cdiskriminacija\u201d, \u201csegregacija\u201d, \u201cudovoljavanje \u017eeljama HDZ-a i Dragana \u010covi\u0107a\u201d, pi\u0161e Hrvatski Medijski Servis. To je postalo jasno i ameri\u010dkim i europskim diplomatama Mathewu Palmeru [&hellip;]<\/p>\n","protected":false},"author":2,"featured_media":41227,"comment_status":"closed","ping_status":"closed","sticky":false,"template":"","format":"standard","meta":{"h5ap_radio_sources":[],"footnotes":""},"categories":[1],"tags":[],"class_list":["post-95079","post","type-post","status-publish","format-standard","has-post-thumbnail","hentry","category-bihiregija"],"yoast_head":"<!-- This site is optimized with the Yoast SEO plugin v27.5 - https:\/\/yoast.com\/product\/yoast-seo-wordpress\/ -->\n<title>I elektorski model izbora \u010dlanova Predsjedni\u0161tva, koje je predlo\u017eio Palmer, bo\u0161nja\u010dke stranke do\u010dekale na no\u017e - RADIO LJUBU\u0160KI<\/title>\n<meta name=\"robots\" content=\"index, follow, max-snippet:-1, max-image-preview:large, max-video-preview:-1\" \/>\n<link rel=\"canonical\" href=\"https:\/\/radioljubuski.ba\/index.php\/2021\/12\/02\/i-elektorski-model-izbora-clanova-predsjednistva-koje-je-predlozio-palmer-bosnjacke-stranke-docekale-na-noz\/\" \/>\n<meta property=\"og:locale\" content=\"hr_HR\" \/>\n<meta property=\"og:type\" content=\"article\" \/>\n<meta property=\"og:title\" content=\"I elektorski model izbora \u010dlanova Predsjedni\u0161tva, koje je predlo\u017eio Palmer, bo\u0161nja\u010dke stranke do\u010dekale na no\u017e - RADIO LJUBU\u0160KI\" \/>\n<meta property=\"og:description\" content=\"Bo\u0161nja\u010dke stranke, o\u010dito je, ne prihva\u0107aju ni jedan prijedlog izmjena Izbornog zakona koji bi omogu\u0107avao da i Hrvati mogu izabrati \u010dlana Predsjedni\u0161tva BiH. Pri tom se koriste razli\u010diti izgovori za odbijanje tipa \u201cdiskriminacija\u201d, \u201csegregacija\u201d, \u201cudovoljavanje \u017eeljama HDZ-a i Dragana \u010covi\u0107a\u201d, pi\u0161e Hrvatski Medijski Servis. To je postalo jasno i ameri\u010dkim i europskim diplomatama Mathewu Palmeru [&hellip;]\" \/>\n<meta property=\"og:url\" content=\"https:\/\/radioljubuski.ba\/index.php\/2021\/12\/02\/i-elektorski-model-izbora-clanova-predsjednistva-koje-je-predlozio-palmer-bosnjacke-stranke-docekale-na-noz\/\" \/>\n<meta property=\"og:site_name\" content=\"RADIO LJUBU\u0160KI\" \/>\n<meta property=\"article:publisher\" content=\"https:\/\/www.facebook.com\/Radiio-Ljubuski-1490835324566332\" \/>\n<meta property=\"article:published_time\" content=\"2021-12-02T12:09:13+00:00\" \/>\n<meta property=\"article:modified_time\" content=\"2021-12-02T12:09:14+00:00\" \/>\n<meta property=\"og:image\" content=\"https:\/\/radioljubuski.ba\/wp-content\/uploads\/2021\/07\/palmer.jpg\" \/>\n\t<meta property=\"og:image:width\" content=\"1000\" \/>\n\t<meta property=\"og:image:height\" content=\"625\" \/>\n\t<meta property=\"og:image:type\" content=\"image\/jpeg\" \/>\n<meta name=\"author\" content=\"Radio Ljubu\u0161ki\" \/>\n<meta name=\"twitter:card\" content=\"summary_large_image\" \/>\n<meta name=\"twitter:creator\" content=\"@radioljubuski\" \/>\n<meta name=\"twitter:site\" content=\"@radioljubuski\" \/>\n<meta name=\"twitter:label1\" content=\"Napisao\/la\" \/>\n\t<meta name=\"twitter:data1\" content=\"Radio Ljubu\u0161ki\" \/>\n\t<meta name=\"twitter:label2\" content=\"Procijenjeno vrijeme \u010ditanja\" \/>\n\t<meta name=\"twitter:data2\" content=\"2 minute\" \/>\n<script type=\"application\/ld+json\" class=\"yoast-schema-graph\">{\"@context\":\"https:\\\/\\\/schema.org\",\"@graph\":[{\"@type\":\"Article\",\"@id\":\"https:\\\/\\\/radioljubuski.ba\\\/index.php\\\/2021\\\/12\\\/02\\\/i-elektorski-model-izbora-clanova-predsjednistva-koje-je-predlozio-palmer-bosnjacke-stranke-docekale-na-noz\\\/#article\",\"isPartOf\":{\"@id\":\"https:\\\/\\\/radioljubuski.ba\\\/index.php\\\/2021\\\/12\\\/02\\\/i-elektorski-model-izbora-clanova-predsjednistva-koje-je-predlozio-palmer-bosnjacke-stranke-docekale-na-noz\\\/\"},\"author\":{\"name\":\"Radio Ljubu\u0161ki\",\"@id\":\"https:\\\/\\\/radioljubuski.ba\\\/#\\\/schema\\\/person\\\/19fc700381a780f69665d7956c469e3b\"},\"headline\":\"I elektorski model izbora \u010dlanova Predsjedni\u0161tva, koje je predlo\u017eio Palmer, bo\u0161nja\u010dke stranke do\u010dekale na no\u017e\",\"datePublished\":\"2021-12-02T12:09:13+00:00\",\"dateModified\":\"2021-12-02T12:09:14+00:00\",\"mainEntityOfPage\":{\"@id\":\"https:\\\/\\\/radioljubuski.ba\\\/index.php\\\/2021\\\/12\\\/02\\\/i-elektorski-model-izbora-clanova-predsjednistva-koje-je-predlozio-palmer-bosnjacke-stranke-docekale-na-noz\\\/\"},\"wordCount\":500,\"publisher\":{\"@id\":\"https:\\\/\\\/radioljubuski.ba\\\/#organization\"},\"image\":{\"@id\":\"https:\\\/\\\/radioljubuski.ba\\\/index.php\\\/2021\\\/12\\\/02\\\/i-elektorski-model-izbora-clanova-predsjednistva-koje-je-predlozio-palmer-bosnjacke-stranke-docekale-na-noz\\\/#primaryimage\"},\"thumbnailUrl\":\"https:\\\/\\\/radioljubuski.ba\\\/wp-content\\\/uploads\\\/2021\\\/07\\\/palmer.jpg\",\"articleSection\":[\"BIH i regija\"],\"inLanguage\":\"hr\"},{\"@type\":\"WebPage\",\"@id\":\"https:\\\/\\\/radioljubuski.ba\\\/index.php\\\/2021\\\/12\\\/02\\\/i-elektorski-model-izbora-clanova-predsjednistva-koje-je-predlozio-palmer-bosnjacke-stranke-docekale-na-noz\\\/\",\"url\":\"https:\\\/\\\/radioljubuski.ba\\\/index.php\\\/2021\\\/12\\\/02\\\/i-elektorski-model-izbora-clanova-predsjednistva-koje-je-predlozio-palmer-bosnjacke-stranke-docekale-na-noz\\\/\",\"name\":\"I elektorski model izbora \u010dlanova Predsjedni\u0161tva, koje je predlo\u017eio Palmer, bo\u0161nja\u010dke stranke do\u010dekale na no\u017e - RADIO LJUBU\u0160KI\",\"isPartOf\":{\"@id\":\"https:\\\/\\\/radioljubuski.ba\\\/#website\"},\"primaryImageOfPage\":{\"@id\":\"https:\\\/\\\/radioljubuski.ba\\\/index.php\\\/2021\\\/12\\\/02\\\/i-elektorski-model-izbora-clanova-predsjednistva-koje-je-predlozio-palmer-bosnjacke-stranke-docekale-na-noz\\\/#primaryimage\"},\"image\":{\"@id\":\"https:\\\/\\\/radioljubuski.ba\\\/index.php\\\/2021\\\/12\\\/02\\\/i-elektorski-model-izbora-clanova-predsjednistva-koje-je-predlozio-palmer-bosnjacke-stranke-docekale-na-noz\\\/#primaryimage\"},\"thumbnailUrl\":\"https:\\\/\\\/radioljubuski.ba\\\/wp-content\\\/uploads\\\/2021\\\/07\\\/palmer.jpg\",\"datePublished\":\"2021-12-02T12:09:13+00:00\",\"dateModified\":\"2021-12-02T12:09:14+00:00\",\"breadcrumb\":{\"@id\":\"https:\\\/\\\/radioljubuski.ba\\\/index.php\\\/2021\\\/12\\\/02\\\/i-elektorski-model-izbora-clanova-predsjednistva-koje-je-predlozio-palmer-bosnjacke-stranke-docekale-na-noz\\\/#breadcrumb\"},\"inLanguage\":\"hr\",\"potentialAction\":[{\"@type\":\"ReadAction\",\"target\":[\"https:\\\/\\\/radioljubuski.ba\\\/index.php\\\/2021\\\/12\\\/02\\\/i-elektorski-model-izbora-clanova-predsjednistva-koje-je-predlozio-palmer-bosnjacke-stranke-docekale-na-noz\\\/\"]}]},{\"@type\":\"ImageObject\",\"inLanguage\":\"hr\",\"@id\":\"https:\\\/\\\/radioljubuski.ba\\\/index.php\\\/2021\\\/12\\\/02\\\/i-elektorski-model-izbora-clanova-predsjednistva-koje-je-predlozio-palmer-bosnjacke-stranke-docekale-na-noz\\\/#primaryimage\",\"url\":\"https:\\\/\\\/radioljubuski.ba\\\/wp-content\\\/uploads\\\/2021\\\/07\\\/palmer.jpg\",\"contentUrl\":\"https:\\\/\\\/radioljubuski.ba\\\/wp-content\\\/uploads\\\/2021\\\/07\\\/palmer.jpg\",\"width\":1000,\"height\":625},{\"@type\":\"BreadcrumbList\",\"@id\":\"https:\\\/\\\/radioljubuski.ba\\\/index.php\\\/2021\\\/12\\\/02\\\/i-elektorski-model-izbora-clanova-predsjednistva-koje-je-predlozio-palmer-bosnjacke-stranke-docekale-na-noz\\\/#breadcrumb\",\"itemListElement\":[{\"@type\":\"ListItem\",\"position\":1,\"name\":\"Po\u010detna stranica\",\"item\":\"https:\\\/\\\/radioljubuski.ba\\\/\"},{\"@type\":\"ListItem\",\"position\":2,\"name\":\"I elektorski model izbora \u010dlanova Predsjedni\u0161tva, koje je predlo\u017eio Palmer, bo\u0161nja\u010dke stranke do\u010dekale na no\u017e\"}]},{\"@type\":\"WebSite\",\"@id\":\"https:\\\/\\\/radioljubuski.ba\\\/#website\",\"url\":\"https:\\\/\\\/radioljubuski.ba\\\/\",\"name\":\"Radio Ljubu\u0161ki\",\"description\":\"Sun\u010dana frekvencija Hercegovine\",\"publisher\":{\"@id\":\"https:\\\/\\\/radioljubuski.ba\\\/#organization\"},\"potentialAction\":[{\"@type\":\"SearchAction\",\"target\":{\"@type\":\"EntryPoint\",\"urlTemplate\":\"https:\\\/\\\/radioljubuski.ba\\\/?s={search_term_string}\"},\"query-input\":{\"@type\":\"PropertyValueSpecification\",\"valueRequired\":true,\"valueName\":\"search_term_string\"}}],\"inLanguage\":\"hr\"},{\"@type\":\"Organization\",\"@id\":\"https:\\\/\\\/radioljubuski.ba\\\/#organization\",\"name\":\"Radio Ljubu\u0161ki\",\"url\":\"https:\\\/\\\/radioljubuski.ba\\\/\",\"logo\":{\"@type\":\"ImageObject\",\"inLanguage\":\"hr\",\"@id\":\"https:\\\/\\\/radioljubuski.ba\\\/#\\\/schema\\\/logo\\\/image\\\/\",\"url\":\"https:\\\/\\\/radioljubuski.ba\\\/wp-content\\\/uploads\\\/2021\\\/02\\\/cropped-Radio_Ljubuski_logo1.jpg\",\"contentUrl\":\"https:\\\/\\\/radioljubuski.ba\\\/wp-content\\\/uploads\\\/2021\\\/02\\\/cropped-Radio_Ljubuski_logo1.jpg\",\"width\":512,\"height\":512,\"caption\":\"Radio Ljubu\u0161ki\"},\"image\":{\"@id\":\"https:\\\/\\\/radioljubuski.ba\\\/#\\\/schema\\\/logo\\\/image\\\/\"},\"sameAs\":[\"https:\\\/\\\/www.facebook.com\\\/Radiio-Ljubuski-1490835324566332\",\"https:\\\/\\\/x.com\\\/radioljubuski\",\"https:\\\/\\\/hr.linkedin.com\\\/company\\\/radio-ljubuski\",\"https:\\\/\\\/www.youtube.com\\\/channel\\\/UCHYaeO_n0Db3tjNGudGpXyw\"]},{\"@type\":\"Person\",\"@id\":\"https:\\\/\\\/radioljubuski.ba\\\/#\\\/schema\\\/person\\\/19fc700381a780f69665d7956c469e3b\",\"name\":\"Radio Ljubu\u0161ki\"}]}<\/script>\n<!-- \/ Yoast SEO plugin. -->","yoast_head_json":{"title":"I elektorski model izbora \u010dlanova Predsjedni\u0161tva, koje je predlo\u017eio Palmer, bo\u0161nja\u010dke stranke do\u010dekale na no\u017e - RADIO LJUBU\u0160KI","robots":{"index":"index","follow":"follow","max-snippet":"max-snippet:-1","max-image-preview":"max-image-preview:large","max-video-preview":"max-video-preview:-1"},"canonical":"https:\/\/radioljubuski.ba\/index.php\/2021\/12\/02\/i-elektorski-model-izbora-clanova-predsjednistva-koje-je-predlozio-palmer-bosnjacke-stranke-docekale-na-noz\/","og_locale":"hr_HR","og_type":"article","og_title":"I elektorski model izbora \u010dlanova Predsjedni\u0161tva, koje je predlo\u017eio Palmer, bo\u0161nja\u010dke stranke do\u010dekale na no\u017e - RADIO LJUBU\u0160KI","og_description":"Bo\u0161nja\u010dke stranke, o\u010dito je, ne prihva\u0107aju ni jedan prijedlog izmjena Izbornog zakona koji bi omogu\u0107avao da i Hrvati mogu izabrati \u010dlana Predsjedni\u0161tva BiH. Pri tom se koriste razli\u010diti izgovori za odbijanje tipa \u201cdiskriminacija\u201d, \u201csegregacija\u201d, \u201cudovoljavanje \u017eeljama HDZ-a i Dragana \u010covi\u0107a\u201d, pi\u0161e Hrvatski Medijski Servis. To je postalo jasno i ameri\u010dkim i europskim diplomatama Mathewu Palmeru [&hellip;]","og_url":"https:\/\/radioljubuski.ba\/index.php\/2021\/12\/02\/i-elektorski-model-izbora-clanova-predsjednistva-koje-je-predlozio-palmer-bosnjacke-stranke-docekale-na-noz\/","og_site_name":"RADIO LJUBU\u0160KI","article_publisher":"https:\/\/www.facebook.com\/Radiio-Ljubuski-1490835324566332","article_published_time":"2021-12-02T12:09:13+00:00","article_modified_time":"2021-12-02T12:09:14+00:00","og_image":[{"width":1000,"height":625,"url":"https:\/\/radioljubuski.ba\/wp-content\/uploads\/2021\/07\/palmer.jpg","type":"image\/jpeg"}],"author":"Radio Ljubu\u0161ki","twitter_card":"summary_large_image","twitter_creator":"@radioljubuski","twitter_site":"@radioljubuski","twitter_misc":{"Napisao\/la":"Radio Ljubu\u0161ki","Procijenjeno vrijeme \u010ditanja":"2 minute"},"schema":{"@context":"https:\/\/schema.org","@graph":[{"@type":"Article","@id":"https:\/\/radioljubuski.ba\/index.php\/2021\/12\/02\/i-elektorski-model-izbora-clanova-predsjednistva-koje-je-predlozio-palmer-bosnjacke-stranke-docekale-na-noz\/#article","isPartOf":{"@id":"https:\/\/radioljubuski.ba\/index.php\/2021\/12\/02\/i-elektorski-model-izbora-clanova-predsjednistva-koje-je-predlozio-palmer-bosnjacke-stranke-docekale-na-noz\/"},"author":{"name":"Radio Ljubu\u0161ki","@id":"https:\/\/radioljubuski.ba\/#\/schema\/person\/19fc700381a780f69665d7956c469e3b"},"headline":"I elektorski model izbora \u010dlanova Predsjedni\u0161tva, koje je predlo\u017eio Palmer, bo\u0161nja\u010dke stranke do\u010dekale na no\u017e","datePublished":"2021-12-02T12:09:13+00:00","dateModified":"2021-12-02T12:09:14+00:00","mainEntityOfPage":{"@id":"https:\/\/radioljubuski.ba\/index.php\/2021\/12\/02\/i-elektorski-model-izbora-clanova-predsjednistva-koje-je-predlozio-palmer-bosnjacke-stranke-docekale-na-noz\/"},"wordCount":500,"publisher":{"@id":"https:\/\/radioljubuski.ba\/#organization"},"image":{"@id":"https:\/\/radioljubuski.ba\/index.php\/2021\/12\/02\/i-elektorski-model-izbora-clanova-predsjednistva-koje-je-predlozio-palmer-bosnjacke-stranke-docekale-na-noz\/#primaryimage"},"thumbnailUrl":"https:\/\/radioljubuski.ba\/wp-content\/uploads\/2021\/07\/palmer.jpg","articleSection":["BIH i regija"],"inLanguage":"hr"},{"@type":"WebPage","@id":"https:\/\/radioljubuski.ba\/index.php\/2021\/12\/02\/i-elektorski-model-izbora-clanova-predsjednistva-koje-je-predlozio-palmer-bosnjacke-stranke-docekale-na-noz\/","url":"https:\/\/radioljubuski.ba\/index.php\/2021\/12\/02\/i-elektorski-model-izbora-clanova-predsjednistva-koje-je-predlozio-palmer-bosnjacke-stranke-docekale-na-noz\/","name":"I elektorski model izbora \u010dlanova Predsjedni\u0161tva, koje je predlo\u017eio Palmer, bo\u0161nja\u010dke stranke do\u010dekale na no\u017e - RADIO LJUBU\u0160KI","isPartOf":{"@id":"https:\/\/radioljubuski.ba\/#website"},"primaryImageOfPage":{"@id":"https:\/\/radioljubuski.ba\/index.php\/2021\/12\/02\/i-elektorski-model-izbora-clanova-predsjednistva-koje-je-predlozio-palmer-bosnjacke-stranke-docekale-na-noz\/#primaryimage"},"image":{"@id":"https:\/\/radioljubuski.ba\/index.php\/2021\/12\/02\/i-elektorski-model-izbora-clanova-predsjednistva-koje-je-predlozio-palmer-bosnjacke-stranke-docekale-na-noz\/#primaryimage"},"thumbnailUrl":"https:\/\/radioljubuski.ba\/wp-content\/uploads\/2021\/07\/palmer.jpg","datePublished":"2021-12-02T12:09:13+00:00","dateModified":"2021-12-02T12:09:14+00:00","breadcrumb":{"@id":"https:\/\/radioljubuski.ba\/index.php\/2021\/12\/02\/i-elektorski-model-izbora-clanova-predsjednistva-koje-je-predlozio-palmer-bosnjacke-stranke-docekale-na-noz\/#breadcrumb"},"inLanguage":"hr","potentialAction":[{"@type":"ReadAction","target":["https:\/\/radioljubuski.ba\/index.php\/2021\/12\/02\/i-elektorski-model-izbora-clanova-predsjednistva-koje-je-predlozio-palmer-bosnjacke-stranke-docekale-na-noz\/"]}]},{"@type":"ImageObject","inLanguage":"hr","@id":"https:\/\/radioljubuski.ba\/index.php\/2021\/12\/02\/i-elektorski-model-izbora-clanova-predsjednistva-koje-je-predlozio-palmer-bosnjacke-stranke-docekale-na-noz\/#primaryimage","url":"https:\/\/radioljubuski.ba\/wp-content\/uploads\/2021\/07\/palmer.jpg","contentUrl":"https:\/\/radioljubuski.ba\/wp-content\/uploads\/2021\/07\/palmer.jpg","width":1000,"height":625},{"@type":"BreadcrumbList","@id":"https:\/\/radioljubuski.ba\/index.php\/2021\/12\/02\/i-elektorski-model-izbora-clanova-predsjednistva-koje-je-predlozio-palmer-bosnjacke-stranke-docekale-na-noz\/#breadcrumb","itemListElement":[{"@type":"ListItem","position":1,"name":"Po\u010detna stranica","item":"https:\/\/radioljubuski.ba\/"},{"@type":"ListItem","position":2,"name":"I elektorski model izbora \u010dlanova Predsjedni\u0161tva, koje je predlo\u017eio Palmer, bo\u0161nja\u010dke stranke do\u010dekale na no\u017e"}]},{"@type":"WebSite","@id":"https:\/\/radioljubuski.ba\/#website","url":"https:\/\/radioljubuski.ba\/","name":"Radio Ljubu\u0161ki","description":"Sun\u010dana frekvencija Hercegovine","publisher":{"@id":"https:\/\/radioljubuski.ba\/#organization"},"potentialAction":[{"@type":"SearchAction","target":{"@type":"EntryPoint","urlTemplate":"https:\/\/radioljubuski.ba\/?s={search_term_string}"},"query-input":{"@type":"PropertyValueSpecification","valueRequired":true,"valueName":"search_term_string"}}],"inLanguage":"hr"},{"@type":"Organization","@id":"https:\/\/radioljubuski.ba\/#organization","name":"Radio Ljubu\u0161ki","url":"https:\/\/radioljubuski.ba\/","logo":{"@type":"ImageObject","inLanguage":"hr","@id":"https:\/\/radioljubuski.ba\/#\/schema\/logo\/image\/","url":"https:\/\/radioljubuski.ba\/wp-content\/uploads\/2021\/02\/cropped-Radio_Ljubuski_logo1.jpg","contentUrl":"https:\/\/radioljubuski.ba\/wp-content\/uploads\/2021\/02\/cropped-Radio_Ljubuski_logo1.jpg","width":512,"height":512,"caption":"Radio Ljubu\u0161ki"},"image":{"@id":"https:\/\/radioljubuski.ba\/#\/schema\/logo\/image\/"},"sameAs":["https:\/\/www.facebook.com\/Radiio-Ljubuski-1490835324566332","https:\/\/x.com\/radioljubuski","https:\/\/hr.linkedin.com\/company\/radio-ljubuski","https:\/\/www.youtube.com\/channel\/UCHYaeO_n0Db3tjNGudGpXyw"]},{"@type":"Person","@id":"https:\/\/radioljubuski.ba\/#\/schema\/person\/19fc700381a780f69665d7956c469e3b","name":"Radio Ljubu\u0161ki"}]}},"_links":{"self":[{"href":"https:\/\/radioljubuski.ba\/index.php\/wp-json\/wp\/v2\/posts\/95079","targetHints":{"allow":["GET"]}}],"collection":[{"href":"https:\/\/radioljubuski.ba\/index.php\/wp-json\/wp\/v2\/posts"}],"about":[{"href":"https:\/\/radioljubuski.ba\/index.php\/wp-json\/wp\/v2\/types\/post"}],"author":[{"embeddable":true,"href":"https:\/\/radioljubuski.ba\/index.php\/wp-json\/wp\/v2\/users\/2"}],"replies":[{"embeddable":true,"href":"https:\/\/radioljubuski.ba\/index.php\/wp-json\/wp\/v2\/comments?post=95079"}],"version-history":[{"count":1,"href":"https:\/\/radioljubuski.ba\/index.php\/wp-json\/wp\/v2\/posts\/95079\/revisions"}],"predecessor-version":[{"id":95080,"href":"https:\/\/radioljubuski.ba\/index.php\/wp-json\/wp\/v2\/posts\/95079\/revisions\/95080"}],"wp:featuredmedia":[{"embeddable":true,"href":"https:\/\/radioljubuski.ba\/index.php\/wp-json\/wp\/v2\/media\/41227"}],"wp:attachment":[{"href":"https:\/\/radioljubuski.ba\/index.php\/wp-json\/wp\/v2\/media?parent=95079"}],"wp:term":[{"taxonomy":"category","embeddable":true,"href":"https:\/\/radioljubuski.ba\/index.php\/wp-json\/wp\/v2\/categories?post=95079"},{"taxonomy":"post_tag","embeddable":true,"href":"https:\/\/radioljubuski.ba\/index.php\/wp-json\/wp\/v2\/tags?post=95079"}],"curies":[{"name":"wp","href":"https:\/\/api.w.org\/{rel}","templated":true}]}}