{"id":95105,"date":"2021-12-02T13:22:52","date_gmt":"2021-12-02T12:22:52","guid":{"rendered":"https:\/\/radioljubuski.ba\/?p=95105"},"modified":"2021-12-02T13:22:53","modified_gmt":"2021-12-02T12:22:53","slug":"hrs-u-slucaju-nametanja-tzv-ctp-potvrda-idu-kaznene-prijave","status":"publish","type":"post","link":"https:\/\/radioljubuski.ba\/index.php\/2021\/12\/02\/hrs-u-slucaju-nametanja-tzv-ctp-potvrda-idu-kaznene-prijave\/","title":{"rendered":"HRS: U slu\u010daju nametanja tzv. CTP potvrda idu kaznene prijave"},"content":{"rendered":"\n<p>Hrvatska republikanska stranka oglasila se priop\u0107enjem ja javnost kojeg prenosimo u cijelosti:<\/p>\n\n\n\n<p>Neustavno Federalno ministarstvo obrazovanja i znanosti poziva na uvo\u0111enje \u201ecijepljen-testiran-prebolio\u201c (CTP) potvrda za drugo polugodi\u0161te teku\u0107e \u0161kolske godine. Nastavak je to protuustavnog djelovanja tzv. Kriznog sto\u017eera Vlade FBiH koji cijelo vrijeme Covid krizom upravlja na \u201evidjela \u017eaba da se konji kuju\u201c na\u010din.<\/p>\n\n\n\n<p>Ne samo da je cijelo djelovanje sto\u017eera, dokazano, protuustavno nego se kroz sto\u017eer kontinuirano poku\u0161avaju derogirati \u017eupanijske ovlasti i iste prebaciti\/centralizirati na Federaciju. \u010cinjenica \u0161to hrvatski legitimno izabrani predstavnici u tome aktivno sudjeluju ne zna\u010di da \u0107e hrvatska politika \u0161utke podnositi sve to. HRS ne samo da \u0107e, u slu\u010daju da se obistine najave uvo\u0111enja \u201eCTP potvrda\u201c, ponovno podnijeti Apelaciju Ustavnom sudu, nego \u0107emo podnijeti i kaznene prijave protiv onih koji se usude slu\u017ebeno nametati ovakav vid potvrda. Za\u0161to?<\/p>\n\n\n\n<p>Prvo, Ustavni sud je Odlukom Broj: U-29\/09 od 28. 09. 2010. godine utvrdio kako obrazovanje ne spada u nadle\u017enost Federacije niti je dio zajedni\u010dkih nadle\u017enosti Federacije i \u017eupanija. Prema tome, Federalno ministarstvo obrazovanja i znanosti ne samo da nema nikakvih ovlasti pozivati \u017eupanijske ministre obrazovanja, ono ne bi smjelo postojati uop\u0107e! Bilo koji \u017eupanijski ministar obrazovanja koji poslu\u0161a\/ispo\u0161tuje preporuku, direktivu ili bilo \u0161to od strane ovog nelegalnog ministarstva, sudjeluje u protuustavnom djelu.<\/p>\n\n\n\n<p>Drugo, \u010clanak 177 Kaznenog Zakona FBiH je vrlo jasno dao do znanja kako je kazneno djelo \u201euskratiti ili ograni\u010diti gra\u0111anska prava utvr\u0111ena Ustavom, na osnovu razlike u politi\u010dkim ili drugim uvjerenjima, dru\u0161tvenom polo\u017eaju ili socijalnom porijeklu\u201c. Ukoliko netko to napravi, kaznit \u0107e se kaznom zatvora u trajanju od \u0161est mjeseci do pet godina.<\/p>\n\n\n\n<p>Prema tome, eventualno uvo\u0111enje \u201eCTP potvrda\u201c ne samo da je protuustavno, nego i ka\u017enjivo zatvorom. Nevjerojatno nam je da tzv. Sto\u017eer ove mjere ne utemeljuje na statisti\u010dkim, znanstvenim i zdravstvenim analizama, nego rije\u010dima \u201esvi to rade u okru\u017eenju, samo mi nismo\u201c. To upu\u0107uje da se ne radi o odlukama znanstvene naravi, nego politi\u010dke. Znaju\u0107i sve ovo, ukoliko se obistine najave iz medija o nametanju\/uvo\u0111enju CTP potvrda idemo s<br>kaznenim prijavama protiv tzv. Sto\u017eera, resornih ministara, ali i ravnatelja \u0161kola i svih institucija koje se usude djelovati protuustavno i protuzakonito&nbsp;<\/p>\n\n\n\n<p>Izvor:pogled.ba<\/p>\n","protected":false},"excerpt":{"rendered":"<p>Hrvatska republikanska stranka oglasila se priop\u0107enjem ja javnost kojeg prenosimo u cijelosti: Neustavno Federalno ministarstvo obrazovanja i znanosti poziva na uvo\u0111enje \u201ecijepljen-testiran-prebolio\u201c (CTP) potvrda za drugo polugodi\u0161te teku\u0107e \u0161kolske godine. Nastavak je to protuustavnog djelovanja tzv. Kriznog sto\u017eera Vlade FBiH koji cijelo vrijeme Covid krizom upravlja na \u201evidjela \u017eaba da se konji kuju\u201c na\u010din. Ne [&hellip;]<\/p>\n","protected":false},"author":2,"featured_media":13320,"comment_status":"closed","ping_status":"closed","sticky":false,"template":"","format":"standard","meta":{"h5ap_radio_sources":[],"footnotes":""},"categories":[1],"tags":[],"class_list":["post-95105","post","type-post","status-publish","format-standard","has-post-thumbnail","hentry","category-bihiregija"],"yoast_head":"<!-- This site is optimized with the Yoast SEO plugin v27.5 - https:\/\/yoast.com\/product\/yoast-seo-wordpress\/ -->\n<title>HRS: U slu\u010daju nametanja tzv. CTP potvrda idu kaznene prijave - RADIO LJUBU\u0160KI<\/title>\n<meta name=\"robots\" content=\"index, follow, max-snippet:-1, max-image-preview:large, max-video-preview:-1\" \/>\n<link rel=\"canonical\" href=\"https:\/\/radioljubuski.ba\/index.php\/2021\/12\/02\/hrs-u-slucaju-nametanja-tzv-ctp-potvrda-idu-kaznene-prijave\/\" \/>\n<meta property=\"og:locale\" content=\"hr_HR\" \/>\n<meta property=\"og:type\" content=\"article\" \/>\n<meta property=\"og:title\" content=\"HRS: U slu\u010daju nametanja tzv. CTP potvrda idu kaznene prijave - RADIO LJUBU\u0160KI\" \/>\n<meta property=\"og:description\" content=\"Hrvatska republikanska stranka oglasila se priop\u0107enjem ja javnost kojeg prenosimo u cijelosti: Neustavno Federalno ministarstvo obrazovanja i znanosti poziva na uvo\u0111enje \u201ecijepljen-testiran-prebolio\u201c (CTP) potvrda za drugo polugodi\u0161te teku\u0107e \u0161kolske godine. Nastavak je to protuustavnog djelovanja tzv. Kriznog sto\u017eera Vlade FBiH koji cijelo vrijeme Covid krizom upravlja na \u201evidjela \u017eaba da se konji kuju\u201c na\u010din. Ne [&hellip;]\" \/>\n<meta property=\"og:url\" content=\"https:\/\/radioljubuski.ba\/index.php\/2021\/12\/02\/hrs-u-slucaju-nametanja-tzv-ctp-potvrda-idu-kaznene-prijave\/\" \/>\n<meta property=\"og:site_name\" content=\"RADIO LJUBU\u0160KI\" \/>\n<meta property=\"article:publisher\" content=\"https:\/\/www.facebook.com\/Radiio-Ljubuski-1490835324566332\" \/>\n<meta property=\"article:published_time\" content=\"2021-12-02T12:22:52+00:00\" \/>\n<meta property=\"article:modified_time\" content=\"2021-12-02T12:22:53+00:00\" \/>\n<meta property=\"og:image\" content=\"https:\/\/radioljubuski.ba\/wp-content\/uploads\/2021\/04\/slavenraguzhrs-e1541600013792.jpg\" \/>\n\t<meta property=\"og:image:width\" content=\"798\" \/>\n\t<meta property=\"og:image:height\" content=\"440\" \/>\n\t<meta property=\"og:image:type\" content=\"image\/jpeg\" \/>\n<meta name=\"author\" content=\"Radio Ljubu\u0161ki\" \/>\n<meta name=\"twitter:card\" content=\"summary_large_image\" \/>\n<meta name=\"twitter:creator\" content=\"@radioljubuski\" \/>\n<meta name=\"twitter:site\" content=\"@radioljubuski\" \/>\n<meta name=\"twitter:label1\" content=\"Napisao\/la\" \/>\n\t<meta name=\"twitter:data1\" content=\"Radio Ljubu\u0161ki\" \/>\n\t<meta name=\"twitter:label2\" content=\"Procijenjeno vrijeme \u010ditanja\" \/>\n\t<meta name=\"twitter:data2\" content=\"2 minute\" \/>\n<script type=\"application\/ld+json\" class=\"yoast-schema-graph\">{\"@context\":\"https:\\\/\\\/schema.org\",\"@graph\":[{\"@type\":\"Article\",\"@id\":\"https:\\\/\\\/radioljubuski.ba\\\/index.php\\\/2021\\\/12\\\/02\\\/hrs-u-slucaju-nametanja-tzv-ctp-potvrda-idu-kaznene-prijave\\\/#article\",\"isPartOf\":{\"@id\":\"https:\\\/\\\/radioljubuski.ba\\\/index.php\\\/2021\\\/12\\\/02\\\/hrs-u-slucaju-nametanja-tzv-ctp-potvrda-idu-kaznene-prijave\\\/\"},\"author\":{\"name\":\"Radio Ljubu\u0161ki\",\"@id\":\"https:\\\/\\\/radioljubuski.ba\\\/#\\\/schema\\\/person\\\/19fc700381a780f69665d7956c469e3b\"},\"headline\":\"HRS: U slu\u010daju nametanja tzv. CTP potvrda idu kaznene prijave\",\"datePublished\":\"2021-12-02T12:22:52+00:00\",\"dateModified\":\"2021-12-02T12:22:53+00:00\",\"mainEntityOfPage\":{\"@id\":\"https:\\\/\\\/radioljubuski.ba\\\/index.php\\\/2021\\\/12\\\/02\\\/hrs-u-slucaju-nametanja-tzv-ctp-potvrda-idu-kaznene-prijave\\\/\"},\"wordCount\":397,\"publisher\":{\"@id\":\"https:\\\/\\\/radioljubuski.ba\\\/#organization\"},\"image\":{\"@id\":\"https:\\\/\\\/radioljubuski.ba\\\/index.php\\\/2021\\\/12\\\/02\\\/hrs-u-slucaju-nametanja-tzv-ctp-potvrda-idu-kaznene-prijave\\\/#primaryimage\"},\"thumbnailUrl\":\"https:\\\/\\\/radioljubuski.ba\\\/wp-content\\\/uploads\\\/2021\\\/04\\\/slavenraguzhrs-e1541600013792.jpg\",\"articleSection\":[\"BIH i regija\"],\"inLanguage\":\"hr\"},{\"@type\":\"WebPage\",\"@id\":\"https:\\\/\\\/radioljubuski.ba\\\/index.php\\\/2021\\\/12\\\/02\\\/hrs-u-slucaju-nametanja-tzv-ctp-potvrda-idu-kaznene-prijave\\\/\",\"url\":\"https:\\\/\\\/radioljubuski.ba\\\/index.php\\\/2021\\\/12\\\/02\\\/hrs-u-slucaju-nametanja-tzv-ctp-potvrda-idu-kaznene-prijave\\\/\",\"name\":\"HRS: U slu\u010daju nametanja tzv. CTP potvrda idu kaznene prijave - RADIO LJUBU\u0160KI\",\"isPartOf\":{\"@id\":\"https:\\\/\\\/radioljubuski.ba\\\/#website\"},\"primaryImageOfPage\":{\"@id\":\"https:\\\/\\\/radioljubuski.ba\\\/index.php\\\/2021\\\/12\\\/02\\\/hrs-u-slucaju-nametanja-tzv-ctp-potvrda-idu-kaznene-prijave\\\/#primaryimage\"},\"image\":{\"@id\":\"https:\\\/\\\/radioljubuski.ba\\\/index.php\\\/2021\\\/12\\\/02\\\/hrs-u-slucaju-nametanja-tzv-ctp-potvrda-idu-kaznene-prijave\\\/#primaryimage\"},\"thumbnailUrl\":\"https:\\\/\\\/radioljubuski.ba\\\/wp-content\\\/uploads\\\/2021\\\/04\\\/slavenraguzhrs-e1541600013792.jpg\",\"datePublished\":\"2021-12-02T12:22:52+00:00\",\"dateModified\":\"2021-12-02T12:22:53+00:00\",\"breadcrumb\":{\"@id\":\"https:\\\/\\\/radioljubuski.ba\\\/index.php\\\/2021\\\/12\\\/02\\\/hrs-u-slucaju-nametanja-tzv-ctp-potvrda-idu-kaznene-prijave\\\/#breadcrumb\"},\"inLanguage\":\"hr\",\"potentialAction\":[{\"@type\":\"ReadAction\",\"target\":[\"https:\\\/\\\/radioljubuski.ba\\\/index.php\\\/2021\\\/12\\\/02\\\/hrs-u-slucaju-nametanja-tzv-ctp-potvrda-idu-kaznene-prijave\\\/\"]}]},{\"@type\":\"ImageObject\",\"inLanguage\":\"hr\",\"@id\":\"https:\\\/\\\/radioljubuski.ba\\\/index.php\\\/2021\\\/12\\\/02\\\/hrs-u-slucaju-nametanja-tzv-ctp-potvrda-idu-kaznene-prijave\\\/#primaryimage\",\"url\":\"https:\\\/\\\/radioljubuski.ba\\\/wp-content\\\/uploads\\\/2021\\\/04\\\/slavenraguzhrs-e1541600013792.jpg\",\"contentUrl\":\"https:\\\/\\\/radioljubuski.ba\\\/wp-content\\\/uploads\\\/2021\\\/04\\\/slavenraguzhrs-e1541600013792.jpg\",\"width\":798,\"height\":440},{\"@type\":\"BreadcrumbList\",\"@id\":\"https:\\\/\\\/radioljubuski.ba\\\/index.php\\\/2021\\\/12\\\/02\\\/hrs-u-slucaju-nametanja-tzv-ctp-potvrda-idu-kaznene-prijave\\\/#breadcrumb\",\"itemListElement\":[{\"@type\":\"ListItem\",\"position\":1,\"name\":\"Po\u010detna stranica\",\"item\":\"https:\\\/\\\/radioljubuski.ba\\\/\"},{\"@type\":\"ListItem\",\"position\":2,\"name\":\"HRS: U slu\u010daju nametanja tzv. CTP potvrda idu kaznene prijave\"}]},{\"@type\":\"WebSite\",\"@id\":\"https:\\\/\\\/radioljubuski.ba\\\/#website\",\"url\":\"https:\\\/\\\/radioljubuski.ba\\\/\",\"name\":\"Radio Ljubu\u0161ki\",\"description\":\"Sun\u010dana frekvencija Hercegovine\",\"publisher\":{\"@id\":\"https:\\\/\\\/radioljubuski.ba\\\/#organization\"},\"potentialAction\":[{\"@type\":\"SearchAction\",\"target\":{\"@type\":\"EntryPoint\",\"urlTemplate\":\"https:\\\/\\\/radioljubuski.ba\\\/?s={search_term_string}\"},\"query-input\":{\"@type\":\"PropertyValueSpecification\",\"valueRequired\":true,\"valueName\":\"search_term_string\"}}],\"inLanguage\":\"hr\"},{\"@type\":\"Organization\",\"@id\":\"https:\\\/\\\/radioljubuski.ba\\\/#organization\",\"name\":\"Radio Ljubu\u0161ki\",\"url\":\"https:\\\/\\\/radioljubuski.ba\\\/\",\"logo\":{\"@type\":\"ImageObject\",\"inLanguage\":\"hr\",\"@id\":\"https:\\\/\\\/radioljubuski.ba\\\/#\\\/schema\\\/logo\\\/image\\\/\",\"url\":\"https:\\\/\\\/radioljubuski.ba\\\/wp-content\\\/uploads\\\/2021\\\/02\\\/cropped-Radio_Ljubuski_logo1.jpg\",\"contentUrl\":\"https:\\\/\\\/radioljubuski.ba\\\/wp-content\\\/uploads\\\/2021\\\/02\\\/cropped-Radio_Ljubuski_logo1.jpg\",\"width\":512,\"height\":512,\"caption\":\"Radio Ljubu\u0161ki\"},\"image\":{\"@id\":\"https:\\\/\\\/radioljubuski.ba\\\/#\\\/schema\\\/logo\\\/image\\\/\"},\"sameAs\":[\"https:\\\/\\\/www.facebook.com\\\/Radiio-Ljubuski-1490835324566332\",\"https:\\\/\\\/x.com\\\/radioljubuski\",\"https:\\\/\\\/hr.linkedin.com\\\/company\\\/radio-ljubuski\",\"https:\\\/\\\/www.youtube.com\\\/channel\\\/UCHYaeO_n0Db3tjNGudGpXyw\"]},{\"@type\":\"Person\",\"@id\":\"https:\\\/\\\/radioljubuski.ba\\\/#\\\/schema\\\/person\\\/19fc700381a780f69665d7956c469e3b\",\"name\":\"Radio Ljubu\u0161ki\"}]}<\/script>\n<!-- \/ Yoast SEO plugin. -->","yoast_head_json":{"title":"HRS: U slu\u010daju nametanja tzv. CTP potvrda idu kaznene prijave - RADIO LJUBU\u0160KI","robots":{"index":"index","follow":"follow","max-snippet":"max-snippet:-1","max-image-preview":"max-image-preview:large","max-video-preview":"max-video-preview:-1"},"canonical":"https:\/\/radioljubuski.ba\/index.php\/2021\/12\/02\/hrs-u-slucaju-nametanja-tzv-ctp-potvrda-idu-kaznene-prijave\/","og_locale":"hr_HR","og_type":"article","og_title":"HRS: U slu\u010daju nametanja tzv. CTP potvrda idu kaznene prijave - RADIO LJUBU\u0160KI","og_description":"Hrvatska republikanska stranka oglasila se priop\u0107enjem ja javnost kojeg prenosimo u cijelosti: Neustavno Federalno ministarstvo obrazovanja i znanosti poziva na uvo\u0111enje \u201ecijepljen-testiran-prebolio\u201c (CTP) potvrda za drugo polugodi\u0161te teku\u0107e \u0161kolske godine. Nastavak je to protuustavnog djelovanja tzv. Kriznog sto\u017eera Vlade FBiH koji cijelo vrijeme Covid krizom upravlja na \u201evidjela \u017eaba da se konji kuju\u201c na\u010din. Ne [&hellip;]","og_url":"https:\/\/radioljubuski.ba\/index.php\/2021\/12\/02\/hrs-u-slucaju-nametanja-tzv-ctp-potvrda-idu-kaznene-prijave\/","og_site_name":"RADIO LJUBU\u0160KI","article_publisher":"https:\/\/www.facebook.com\/Radiio-Ljubuski-1490835324566332","article_published_time":"2021-12-02T12:22:52+00:00","article_modified_time":"2021-12-02T12:22:53+00:00","og_image":[{"width":798,"height":440,"url":"https:\/\/radioljubuski.ba\/wp-content\/uploads\/2021\/04\/slavenraguzhrs-e1541600013792.jpg","type":"image\/jpeg"}],"author":"Radio Ljubu\u0161ki","twitter_card":"summary_large_image","twitter_creator":"@radioljubuski","twitter_site":"@radioljubuski","twitter_misc":{"Napisao\/la":"Radio Ljubu\u0161ki","Procijenjeno vrijeme \u010ditanja":"2 minute"},"schema":{"@context":"https:\/\/schema.org","@graph":[{"@type":"Article","@id":"https:\/\/radioljubuski.ba\/index.php\/2021\/12\/02\/hrs-u-slucaju-nametanja-tzv-ctp-potvrda-idu-kaznene-prijave\/#article","isPartOf":{"@id":"https:\/\/radioljubuski.ba\/index.php\/2021\/12\/02\/hrs-u-slucaju-nametanja-tzv-ctp-potvrda-idu-kaznene-prijave\/"},"author":{"name":"Radio Ljubu\u0161ki","@id":"https:\/\/radioljubuski.ba\/#\/schema\/person\/19fc700381a780f69665d7956c469e3b"},"headline":"HRS: U slu\u010daju nametanja tzv. CTP potvrda idu kaznene prijave","datePublished":"2021-12-02T12:22:52+00:00","dateModified":"2021-12-02T12:22:53+00:00","mainEntityOfPage":{"@id":"https:\/\/radioljubuski.ba\/index.php\/2021\/12\/02\/hrs-u-slucaju-nametanja-tzv-ctp-potvrda-idu-kaznene-prijave\/"},"wordCount":397,"publisher":{"@id":"https:\/\/radioljubuski.ba\/#organization"},"image":{"@id":"https:\/\/radioljubuski.ba\/index.php\/2021\/12\/02\/hrs-u-slucaju-nametanja-tzv-ctp-potvrda-idu-kaznene-prijave\/#primaryimage"},"thumbnailUrl":"https:\/\/radioljubuski.ba\/wp-content\/uploads\/2021\/04\/slavenraguzhrs-e1541600013792.jpg","articleSection":["BIH i regija"],"inLanguage":"hr"},{"@type":"WebPage","@id":"https:\/\/radioljubuski.ba\/index.php\/2021\/12\/02\/hrs-u-slucaju-nametanja-tzv-ctp-potvrda-idu-kaznene-prijave\/","url":"https:\/\/radioljubuski.ba\/index.php\/2021\/12\/02\/hrs-u-slucaju-nametanja-tzv-ctp-potvrda-idu-kaznene-prijave\/","name":"HRS: U slu\u010daju nametanja tzv. CTP potvrda idu kaznene prijave - RADIO LJUBU\u0160KI","isPartOf":{"@id":"https:\/\/radioljubuski.ba\/#website"},"primaryImageOfPage":{"@id":"https:\/\/radioljubuski.ba\/index.php\/2021\/12\/02\/hrs-u-slucaju-nametanja-tzv-ctp-potvrda-idu-kaznene-prijave\/#primaryimage"},"image":{"@id":"https:\/\/radioljubuski.ba\/index.php\/2021\/12\/02\/hrs-u-slucaju-nametanja-tzv-ctp-potvrda-idu-kaznene-prijave\/#primaryimage"},"thumbnailUrl":"https:\/\/radioljubuski.ba\/wp-content\/uploads\/2021\/04\/slavenraguzhrs-e1541600013792.jpg","datePublished":"2021-12-02T12:22:52+00:00","dateModified":"2021-12-02T12:22:53+00:00","breadcrumb":{"@id":"https:\/\/radioljubuski.ba\/index.php\/2021\/12\/02\/hrs-u-slucaju-nametanja-tzv-ctp-potvrda-idu-kaznene-prijave\/#breadcrumb"},"inLanguage":"hr","potentialAction":[{"@type":"ReadAction","target":["https:\/\/radioljubuski.ba\/index.php\/2021\/12\/02\/hrs-u-slucaju-nametanja-tzv-ctp-potvrda-idu-kaznene-prijave\/"]}]},{"@type":"ImageObject","inLanguage":"hr","@id":"https:\/\/radioljubuski.ba\/index.php\/2021\/12\/02\/hrs-u-slucaju-nametanja-tzv-ctp-potvrda-idu-kaznene-prijave\/#primaryimage","url":"https:\/\/radioljubuski.ba\/wp-content\/uploads\/2021\/04\/slavenraguzhrs-e1541600013792.jpg","contentUrl":"https:\/\/radioljubuski.ba\/wp-content\/uploads\/2021\/04\/slavenraguzhrs-e1541600013792.jpg","width":798,"height":440},{"@type":"BreadcrumbList","@id":"https:\/\/radioljubuski.ba\/index.php\/2021\/12\/02\/hrs-u-slucaju-nametanja-tzv-ctp-potvrda-idu-kaznene-prijave\/#breadcrumb","itemListElement":[{"@type":"ListItem","position":1,"name":"Po\u010detna stranica","item":"https:\/\/radioljubuski.ba\/"},{"@type":"ListItem","position":2,"name":"HRS: U slu\u010daju nametanja tzv. CTP potvrda idu kaznene prijave"}]},{"@type":"WebSite","@id":"https:\/\/radioljubuski.ba\/#website","url":"https:\/\/radioljubuski.ba\/","name":"Radio Ljubu\u0161ki","description":"Sun\u010dana frekvencija Hercegovine","publisher":{"@id":"https:\/\/radioljubuski.ba\/#organization"},"potentialAction":[{"@type":"SearchAction","target":{"@type":"EntryPoint","urlTemplate":"https:\/\/radioljubuski.ba\/?s={search_term_string}"},"query-input":{"@type":"PropertyValueSpecification","valueRequired":true,"valueName":"search_term_string"}}],"inLanguage":"hr"},{"@type":"Organization","@id":"https:\/\/radioljubuski.ba\/#organization","name":"Radio Ljubu\u0161ki","url":"https:\/\/radioljubuski.ba\/","logo":{"@type":"ImageObject","inLanguage":"hr","@id":"https:\/\/radioljubuski.ba\/#\/schema\/logo\/image\/","url":"https:\/\/radioljubuski.ba\/wp-content\/uploads\/2021\/02\/cropped-Radio_Ljubuski_logo1.jpg","contentUrl":"https:\/\/radioljubuski.ba\/wp-content\/uploads\/2021\/02\/cropped-Radio_Ljubuski_logo1.jpg","width":512,"height":512,"caption":"Radio Ljubu\u0161ki"},"image":{"@id":"https:\/\/radioljubuski.ba\/#\/schema\/logo\/image\/"},"sameAs":["https:\/\/www.facebook.com\/Radiio-Ljubuski-1490835324566332","https:\/\/x.com\/radioljubuski","https:\/\/hr.linkedin.com\/company\/radio-ljubuski","https:\/\/www.youtube.com\/channel\/UCHYaeO_n0Db3tjNGudGpXyw"]},{"@type":"Person","@id":"https:\/\/radioljubuski.ba\/#\/schema\/person\/19fc700381a780f69665d7956c469e3b","name":"Radio Ljubu\u0161ki"}]}},"_links":{"self":[{"href":"https:\/\/radioljubuski.ba\/index.php\/wp-json\/wp\/v2\/posts\/95105","targetHints":{"allow":["GET"]}}],"collection":[{"href":"https:\/\/radioljubuski.ba\/index.php\/wp-json\/wp\/v2\/posts"}],"about":[{"href":"https:\/\/radioljubuski.ba\/index.php\/wp-json\/wp\/v2\/types\/post"}],"author":[{"embeddable":true,"href":"https:\/\/radioljubuski.ba\/index.php\/wp-json\/wp\/v2\/users\/2"}],"replies":[{"embeddable":true,"href":"https:\/\/radioljubuski.ba\/index.php\/wp-json\/wp\/v2\/comments?post=95105"}],"version-history":[{"count":1,"href":"https:\/\/radioljubuski.ba\/index.php\/wp-json\/wp\/v2\/posts\/95105\/revisions"}],"predecessor-version":[{"id":95106,"href":"https:\/\/radioljubuski.ba\/index.php\/wp-json\/wp\/v2\/posts\/95105\/revisions\/95106"}],"wp:featuredmedia":[{"embeddable":true,"href":"https:\/\/radioljubuski.ba\/index.php\/wp-json\/wp\/v2\/media\/13320"}],"wp:attachment":[{"href":"https:\/\/radioljubuski.ba\/index.php\/wp-json\/wp\/v2\/media?parent=95105"}],"wp:term":[{"taxonomy":"category","embeddable":true,"href":"https:\/\/radioljubuski.ba\/index.php\/wp-json\/wp\/v2\/categories?post=95105"},{"taxonomy":"post_tag","embeddable":true,"href":"https:\/\/radioljubuski.ba\/index.php\/wp-json\/wp\/v2\/tags?post=95105"}],"curies":[{"name":"wp","href":"https:\/\/api.w.org\/{rel}","templated":true}]}}