{"id":95107,"date":"2021-12-02T13:23:55","date_gmt":"2021-12-02T12:23:55","guid":{"rendered":"https:\/\/radioljubuski.ba\/?p=95107"},"modified":"2021-12-02T13:23:56","modified_gmt":"2021-12-02T12:23:56","slug":"slovenija-necijepljeni-ce-placati-bolnicke-troskove","status":"publish","type":"post","link":"https:\/\/radioljubuski.ba\/index.php\/2021\/12\/02\/slovenija-necijepljeni-ce-placati-bolnicke-troskove\/","title":{"rendered":"Slovenija: Necijepljeni \u0107e pla\u0107ati bolni\u010dke tro\u0161kove?"},"content":{"rendered":"\n<p>U Sloveniji, koja ovih dana bilje\u017ei pad epidemiolo\u0161kih trendova u pandemiji koronavirusa, ali ima i dalje vrlo optere\u0107en zdravstveni sustav, razmi\u0161ljaju o svojevrsnoj nov\u010danoj penalizaciji onih koji nisu cijepljeni, a zavr\u0161e u bolnici zbog covida-19.<\/p>\n\n\n\n<p>To je u razgovoru za Slovenski radio potvrdila Bojana Beovi\u0107, &nbsp;glavna infektologinja u vladinom savjetu za epidemiju, te predsjednica Lije\u010dni\u010dke komore.<\/p>\n\n\n\n<p>&#8220;Na jednoj su strani oni koji su bili odgovorni i cijepili se, a na drugoj oni koji se ne \u017eele cijepiti, a unato\u010d tomu u\u017eivaju sve beneficije&#8221;, kazala je Beovi\u0107, dodav\u0161i da zato dolaze inicijative da necijepljeni koji zavr\u0161e u bolnici plate dodatnu participaciju, odnosni dio tro\u0161kova svog lije\u010denja.<br>&#8220;Mislim da bi participacija za necijepljene bila pravedno rje\u0161enje&#8221;, kazala je Beovi\u0107.<\/p>\n\n\n\n<p>Ona se ne zala\u017ee za uvo\u0111enje obveznog cijepljenja jer smatra da bi to imalo suprotan u\u010dinak i izazvalo javno protivljenje cijepljenju.<br>Obvezno cijepljenje u Sloveniji bi bilo mogu\u0107e samo ako se o tome osigura op\u0107i dru\u0161tveni konsenzus, mo\u017eda \u010dak putem referenduma, navela je Beovi\u0107.<br>&nbsp;Dodala je kako smatra da bi svojim zaposlenicima neki poslodavci trebali odrediti cijepljenost kao uvjet za rad, &nbsp;ali samo ako za to postoje zakonske mogu\u0107nosti.<br>Slovenska vlada donijela je prije dva mjeseca odluku o obveznom cijepljenju protiv Covida-19 za zaposlene u dr\u017eavnoj upravi, ali ju je, do kona\u010dne ocjene o tome je li to u skladu s ustavom, suspendirao ustavni sud koji \u0107e ovih dana o tome donijeti kona\u010dni pravorijek.<\/p>\n\n\n\n<p>U Sloveniji je u zadnja 24 sata potvr\u0111eno vi\u0161e od 2100 novih zaraza koronavirusom, oko 500 manje u odnosu na stanje prije sedam dana, a i drugi epidemiolo\u0161ki indikatori su u silaznoj putanji.<br>Broj &nbsp;hospitaliziranih jo\u0161 nije po\u010deo padati, ali se smatra da je dosegnuo vrhunac.<\/p>\n\n\n\n<p>&#8220;Vidimo svjetlo na kraju tunela jer se \u010dini da broj onih na intenzivnim odjelima ne\u0107e prije\u0107i 320, kako smo se bojali, ali je glavni problem nedostatak potrebnog kadra&#8221;, kazao je u \u010detvrtak za medije Robert Carotta, dr\u017eavni tajnik u ministarstvu zdravstva, zadu\u017een za koordinaciju rada bolnica.<\/p>\n\n\n\n<p>Izvor:pogled.ba<\/p>\n","protected":false},"excerpt":{"rendered":"<p>U Sloveniji, koja ovih dana bilje\u017ei pad epidemiolo\u0161kih trendova u pandemiji koronavirusa, ali ima i dalje vrlo optere\u0107en zdravstveni sustav, razmi\u0161ljaju o svojevrsnoj nov\u010danoj penalizaciji onih koji nisu cijepljeni, a zavr\u0161e u bolnici zbog covida-19. To je u razgovoru za Slovenski radio potvrdila Bojana Beovi\u0107, &nbsp;glavna infektologinja u vladinom savjetu za epidemiju, te predsjednica Lije\u010dni\u010dke [&hellip;]<\/p>\n","protected":false},"author":2,"featured_media":41321,"comment_status":"closed","ping_status":"closed","sticky":false,"template":"","format":"standard","meta":{"h5ap_radio_sources":[],"footnotes":""},"categories":[1],"tags":[],"class_list":["post-95107","post","type-post","status-publish","format-standard","has-post-thumbnail","hentry","category-bihiregija"],"yoast_head":"<!-- This site is optimized with the Yoast SEO plugin v27.5 - https:\/\/yoast.com\/product\/yoast-seo-wordpress\/ -->\n<title>Slovenija: Necijepljeni \u0107e pla\u0107ati bolni\u010dke tro\u0161kove? - RADIO LJUBU\u0160KI<\/title>\n<meta name=\"robots\" content=\"index, follow, max-snippet:-1, max-image-preview:large, max-video-preview:-1\" \/>\n<link rel=\"canonical\" href=\"https:\/\/radioljubuski.ba\/index.php\/2021\/12\/02\/slovenija-necijepljeni-ce-placati-bolnicke-troskove\/\" \/>\n<meta property=\"og:locale\" content=\"hr_HR\" \/>\n<meta property=\"og:type\" content=\"article\" \/>\n<meta property=\"og:title\" content=\"Slovenija: Necijepljeni \u0107e pla\u0107ati bolni\u010dke tro\u0161kove? - RADIO LJUBU\u0160KI\" \/>\n<meta property=\"og:description\" content=\"U Sloveniji, koja ovih dana bilje\u017ei pad epidemiolo\u0161kih trendova u pandemiji koronavirusa, ali ima i dalje vrlo optere\u0107en zdravstveni sustav, razmi\u0161ljaju o svojevrsnoj nov\u010danoj penalizaciji onih koji nisu cijepljeni, a zavr\u0161e u bolnici zbog covida-19. To je u razgovoru za Slovenski radio potvrdila Bojana Beovi\u0107, &nbsp;glavna infektologinja u vladinom savjetu za epidemiju, te predsjednica Lije\u010dni\u010dke [&hellip;]\" \/>\n<meta property=\"og:url\" content=\"https:\/\/radioljubuski.ba\/index.php\/2021\/12\/02\/slovenija-necijepljeni-ce-placati-bolnicke-troskove\/\" \/>\n<meta property=\"og:site_name\" content=\"RADIO LJUBU\u0160KI\" \/>\n<meta property=\"article:publisher\" content=\"https:\/\/www.facebook.com\/Radiio-Ljubuski-1490835324566332\" \/>\n<meta property=\"article:published_time\" content=\"2021-12-02T12:23:55+00:00\" \/>\n<meta property=\"article:modified_time\" content=\"2021-12-02T12:23:56+00:00\" \/>\n<meta property=\"og:image\" content=\"https:\/\/radioljubuski.ba\/wp-content\/uploads\/2021\/07\/cijepljenje-pxl-120521-32848442-20210710155004.jpg\" \/>\n\t<meta property=\"og:image:width\" content=\"1000\" \/>\n\t<meta property=\"og:image:height\" content=\"596\" \/>\n\t<meta property=\"og:image:type\" content=\"image\/jpeg\" \/>\n<meta name=\"author\" content=\"Radio Ljubu\u0161ki\" \/>\n<meta name=\"twitter:card\" content=\"summary_large_image\" \/>\n<meta name=\"twitter:creator\" content=\"@radioljubuski\" \/>\n<meta name=\"twitter:site\" content=\"@radioljubuski\" \/>\n<meta name=\"twitter:label1\" content=\"Napisao\/la\" \/>\n\t<meta name=\"twitter:data1\" content=\"Radio Ljubu\u0161ki\" \/>\n\t<meta name=\"twitter:label2\" content=\"Procijenjeno vrijeme \u010ditanja\" \/>\n\t<meta name=\"twitter:data2\" content=\"2 minute\" \/>\n<script type=\"application\/ld+json\" class=\"yoast-schema-graph\">{\"@context\":\"https:\\\/\\\/schema.org\",\"@graph\":[{\"@type\":\"Article\",\"@id\":\"https:\\\/\\\/radioljubuski.ba\\\/index.php\\\/2021\\\/12\\\/02\\\/slovenija-necijepljeni-ce-placati-bolnicke-troskove\\\/#article\",\"isPartOf\":{\"@id\":\"https:\\\/\\\/radioljubuski.ba\\\/index.php\\\/2021\\\/12\\\/02\\\/slovenija-necijepljeni-ce-placati-bolnicke-troskove\\\/\"},\"author\":{\"name\":\"Radio Ljubu\u0161ki\",\"@id\":\"https:\\\/\\\/radioljubuski.ba\\\/#\\\/schema\\\/person\\\/19fc700381a780f69665d7956c469e3b\"},\"headline\":\"Slovenija: Necijepljeni \u0107e pla\u0107ati bolni\u010dke tro\u0161kove?\",\"datePublished\":\"2021-12-02T12:23:55+00:00\",\"dateModified\":\"2021-12-02T12:23:56+00:00\",\"mainEntityOfPage\":{\"@id\":\"https:\\\/\\\/radioljubuski.ba\\\/index.php\\\/2021\\\/12\\\/02\\\/slovenija-necijepljeni-ce-placati-bolnicke-troskove\\\/\"},\"wordCount\":368,\"publisher\":{\"@id\":\"https:\\\/\\\/radioljubuski.ba\\\/#organization\"},\"image\":{\"@id\":\"https:\\\/\\\/radioljubuski.ba\\\/index.php\\\/2021\\\/12\\\/02\\\/slovenija-necijepljeni-ce-placati-bolnicke-troskove\\\/#primaryimage\"},\"thumbnailUrl\":\"https:\\\/\\\/radioljubuski.ba\\\/wp-content\\\/uploads\\\/2021\\\/07\\\/cijepljenje-pxl-120521-32848442-20210710155004.jpg\",\"articleSection\":[\"BIH i regija\"],\"inLanguage\":\"hr\"},{\"@type\":\"WebPage\",\"@id\":\"https:\\\/\\\/radioljubuski.ba\\\/index.php\\\/2021\\\/12\\\/02\\\/slovenija-necijepljeni-ce-placati-bolnicke-troskove\\\/\",\"url\":\"https:\\\/\\\/radioljubuski.ba\\\/index.php\\\/2021\\\/12\\\/02\\\/slovenija-necijepljeni-ce-placati-bolnicke-troskove\\\/\",\"name\":\"Slovenija: Necijepljeni \u0107e pla\u0107ati bolni\u010dke tro\u0161kove? - RADIO LJUBU\u0160KI\",\"isPartOf\":{\"@id\":\"https:\\\/\\\/radioljubuski.ba\\\/#website\"},\"primaryImageOfPage\":{\"@id\":\"https:\\\/\\\/radioljubuski.ba\\\/index.php\\\/2021\\\/12\\\/02\\\/slovenija-necijepljeni-ce-placati-bolnicke-troskove\\\/#primaryimage\"},\"image\":{\"@id\":\"https:\\\/\\\/radioljubuski.ba\\\/index.php\\\/2021\\\/12\\\/02\\\/slovenija-necijepljeni-ce-placati-bolnicke-troskove\\\/#primaryimage\"},\"thumbnailUrl\":\"https:\\\/\\\/radioljubuski.ba\\\/wp-content\\\/uploads\\\/2021\\\/07\\\/cijepljenje-pxl-120521-32848442-20210710155004.jpg\",\"datePublished\":\"2021-12-02T12:23:55+00:00\",\"dateModified\":\"2021-12-02T12:23:56+00:00\",\"breadcrumb\":{\"@id\":\"https:\\\/\\\/radioljubuski.ba\\\/index.php\\\/2021\\\/12\\\/02\\\/slovenija-necijepljeni-ce-placati-bolnicke-troskove\\\/#breadcrumb\"},\"inLanguage\":\"hr\",\"potentialAction\":[{\"@type\":\"ReadAction\",\"target\":[\"https:\\\/\\\/radioljubuski.ba\\\/index.php\\\/2021\\\/12\\\/02\\\/slovenija-necijepljeni-ce-placati-bolnicke-troskove\\\/\"]}]},{\"@type\":\"ImageObject\",\"inLanguage\":\"hr\",\"@id\":\"https:\\\/\\\/radioljubuski.ba\\\/index.php\\\/2021\\\/12\\\/02\\\/slovenija-necijepljeni-ce-placati-bolnicke-troskove\\\/#primaryimage\",\"url\":\"https:\\\/\\\/radioljubuski.ba\\\/wp-content\\\/uploads\\\/2021\\\/07\\\/cijepljenje-pxl-120521-32848442-20210710155004.jpg\",\"contentUrl\":\"https:\\\/\\\/radioljubuski.ba\\\/wp-content\\\/uploads\\\/2021\\\/07\\\/cijepljenje-pxl-120521-32848442-20210710155004.jpg\",\"width\":1000,\"height\":596},{\"@type\":\"BreadcrumbList\",\"@id\":\"https:\\\/\\\/radioljubuski.ba\\\/index.php\\\/2021\\\/12\\\/02\\\/slovenija-necijepljeni-ce-placati-bolnicke-troskove\\\/#breadcrumb\",\"itemListElement\":[{\"@type\":\"ListItem\",\"position\":1,\"name\":\"Po\u010detna stranica\",\"item\":\"https:\\\/\\\/radioljubuski.ba\\\/\"},{\"@type\":\"ListItem\",\"position\":2,\"name\":\"Slovenija: Necijepljeni \u0107e pla\u0107ati bolni\u010dke tro\u0161kove?\"}]},{\"@type\":\"WebSite\",\"@id\":\"https:\\\/\\\/radioljubuski.ba\\\/#website\",\"url\":\"https:\\\/\\\/radioljubuski.ba\\\/\",\"name\":\"Radio Ljubu\u0161ki\",\"description\":\"Sun\u010dana frekvencija Hercegovine\",\"publisher\":{\"@id\":\"https:\\\/\\\/radioljubuski.ba\\\/#organization\"},\"potentialAction\":[{\"@type\":\"SearchAction\",\"target\":{\"@type\":\"EntryPoint\",\"urlTemplate\":\"https:\\\/\\\/radioljubuski.ba\\\/?s={search_term_string}\"},\"query-input\":{\"@type\":\"PropertyValueSpecification\",\"valueRequired\":true,\"valueName\":\"search_term_string\"}}],\"inLanguage\":\"hr\"},{\"@type\":\"Organization\",\"@id\":\"https:\\\/\\\/radioljubuski.ba\\\/#organization\",\"name\":\"Radio Ljubu\u0161ki\",\"url\":\"https:\\\/\\\/radioljubuski.ba\\\/\",\"logo\":{\"@type\":\"ImageObject\",\"inLanguage\":\"hr\",\"@id\":\"https:\\\/\\\/radioljubuski.ba\\\/#\\\/schema\\\/logo\\\/image\\\/\",\"url\":\"https:\\\/\\\/radioljubuski.ba\\\/wp-content\\\/uploads\\\/2021\\\/02\\\/cropped-Radio_Ljubuski_logo1.jpg\",\"contentUrl\":\"https:\\\/\\\/radioljubuski.ba\\\/wp-content\\\/uploads\\\/2021\\\/02\\\/cropped-Radio_Ljubuski_logo1.jpg\",\"width\":512,\"height\":512,\"caption\":\"Radio Ljubu\u0161ki\"},\"image\":{\"@id\":\"https:\\\/\\\/radioljubuski.ba\\\/#\\\/schema\\\/logo\\\/image\\\/\"},\"sameAs\":[\"https:\\\/\\\/www.facebook.com\\\/Radiio-Ljubuski-1490835324566332\",\"https:\\\/\\\/x.com\\\/radioljubuski\",\"https:\\\/\\\/hr.linkedin.com\\\/company\\\/radio-ljubuski\",\"https:\\\/\\\/www.youtube.com\\\/channel\\\/UCHYaeO_n0Db3tjNGudGpXyw\"]},{\"@type\":\"Person\",\"@id\":\"https:\\\/\\\/radioljubuski.ba\\\/#\\\/schema\\\/person\\\/19fc700381a780f69665d7956c469e3b\",\"name\":\"Radio Ljubu\u0161ki\"}]}<\/script>\n<!-- \/ Yoast SEO plugin. -->","yoast_head_json":{"title":"Slovenija: Necijepljeni \u0107e pla\u0107ati bolni\u010dke tro\u0161kove? - RADIO LJUBU\u0160KI","robots":{"index":"index","follow":"follow","max-snippet":"max-snippet:-1","max-image-preview":"max-image-preview:large","max-video-preview":"max-video-preview:-1"},"canonical":"https:\/\/radioljubuski.ba\/index.php\/2021\/12\/02\/slovenija-necijepljeni-ce-placati-bolnicke-troskove\/","og_locale":"hr_HR","og_type":"article","og_title":"Slovenija: Necijepljeni \u0107e pla\u0107ati bolni\u010dke tro\u0161kove? - RADIO LJUBU\u0160KI","og_description":"U Sloveniji, koja ovih dana bilje\u017ei pad epidemiolo\u0161kih trendova u pandemiji koronavirusa, ali ima i dalje vrlo optere\u0107en zdravstveni sustav, razmi\u0161ljaju o svojevrsnoj nov\u010danoj penalizaciji onih koji nisu cijepljeni, a zavr\u0161e u bolnici zbog covida-19. To je u razgovoru za Slovenski radio potvrdila Bojana Beovi\u0107, &nbsp;glavna infektologinja u vladinom savjetu za epidemiju, te predsjednica Lije\u010dni\u010dke [&hellip;]","og_url":"https:\/\/radioljubuski.ba\/index.php\/2021\/12\/02\/slovenija-necijepljeni-ce-placati-bolnicke-troskove\/","og_site_name":"RADIO LJUBU\u0160KI","article_publisher":"https:\/\/www.facebook.com\/Radiio-Ljubuski-1490835324566332","article_published_time":"2021-12-02T12:23:55+00:00","article_modified_time":"2021-12-02T12:23:56+00:00","og_image":[{"width":1000,"height":596,"url":"https:\/\/radioljubuski.ba\/wp-content\/uploads\/2021\/07\/cijepljenje-pxl-120521-32848442-20210710155004.jpg","type":"image\/jpeg"}],"author":"Radio Ljubu\u0161ki","twitter_card":"summary_large_image","twitter_creator":"@radioljubuski","twitter_site":"@radioljubuski","twitter_misc":{"Napisao\/la":"Radio Ljubu\u0161ki","Procijenjeno vrijeme \u010ditanja":"2 minute"},"schema":{"@context":"https:\/\/schema.org","@graph":[{"@type":"Article","@id":"https:\/\/radioljubuski.ba\/index.php\/2021\/12\/02\/slovenija-necijepljeni-ce-placati-bolnicke-troskove\/#article","isPartOf":{"@id":"https:\/\/radioljubuski.ba\/index.php\/2021\/12\/02\/slovenija-necijepljeni-ce-placati-bolnicke-troskove\/"},"author":{"name":"Radio Ljubu\u0161ki","@id":"https:\/\/radioljubuski.ba\/#\/schema\/person\/19fc700381a780f69665d7956c469e3b"},"headline":"Slovenija: Necijepljeni \u0107e pla\u0107ati bolni\u010dke tro\u0161kove?","datePublished":"2021-12-02T12:23:55+00:00","dateModified":"2021-12-02T12:23:56+00:00","mainEntityOfPage":{"@id":"https:\/\/radioljubuski.ba\/index.php\/2021\/12\/02\/slovenija-necijepljeni-ce-placati-bolnicke-troskove\/"},"wordCount":368,"publisher":{"@id":"https:\/\/radioljubuski.ba\/#organization"},"image":{"@id":"https:\/\/radioljubuski.ba\/index.php\/2021\/12\/02\/slovenija-necijepljeni-ce-placati-bolnicke-troskove\/#primaryimage"},"thumbnailUrl":"https:\/\/radioljubuski.ba\/wp-content\/uploads\/2021\/07\/cijepljenje-pxl-120521-32848442-20210710155004.jpg","articleSection":["BIH i regija"],"inLanguage":"hr"},{"@type":"WebPage","@id":"https:\/\/radioljubuski.ba\/index.php\/2021\/12\/02\/slovenija-necijepljeni-ce-placati-bolnicke-troskove\/","url":"https:\/\/radioljubuski.ba\/index.php\/2021\/12\/02\/slovenija-necijepljeni-ce-placati-bolnicke-troskove\/","name":"Slovenija: Necijepljeni \u0107e pla\u0107ati bolni\u010dke tro\u0161kove? - RADIO LJUBU\u0160KI","isPartOf":{"@id":"https:\/\/radioljubuski.ba\/#website"},"primaryImageOfPage":{"@id":"https:\/\/radioljubuski.ba\/index.php\/2021\/12\/02\/slovenija-necijepljeni-ce-placati-bolnicke-troskove\/#primaryimage"},"image":{"@id":"https:\/\/radioljubuski.ba\/index.php\/2021\/12\/02\/slovenija-necijepljeni-ce-placati-bolnicke-troskove\/#primaryimage"},"thumbnailUrl":"https:\/\/radioljubuski.ba\/wp-content\/uploads\/2021\/07\/cijepljenje-pxl-120521-32848442-20210710155004.jpg","datePublished":"2021-12-02T12:23:55+00:00","dateModified":"2021-12-02T12:23:56+00:00","breadcrumb":{"@id":"https:\/\/radioljubuski.ba\/index.php\/2021\/12\/02\/slovenija-necijepljeni-ce-placati-bolnicke-troskove\/#breadcrumb"},"inLanguage":"hr","potentialAction":[{"@type":"ReadAction","target":["https:\/\/radioljubuski.ba\/index.php\/2021\/12\/02\/slovenija-necijepljeni-ce-placati-bolnicke-troskove\/"]}]},{"@type":"ImageObject","inLanguage":"hr","@id":"https:\/\/radioljubuski.ba\/index.php\/2021\/12\/02\/slovenija-necijepljeni-ce-placati-bolnicke-troskove\/#primaryimage","url":"https:\/\/radioljubuski.ba\/wp-content\/uploads\/2021\/07\/cijepljenje-pxl-120521-32848442-20210710155004.jpg","contentUrl":"https:\/\/radioljubuski.ba\/wp-content\/uploads\/2021\/07\/cijepljenje-pxl-120521-32848442-20210710155004.jpg","width":1000,"height":596},{"@type":"BreadcrumbList","@id":"https:\/\/radioljubuski.ba\/index.php\/2021\/12\/02\/slovenija-necijepljeni-ce-placati-bolnicke-troskove\/#breadcrumb","itemListElement":[{"@type":"ListItem","position":1,"name":"Po\u010detna stranica","item":"https:\/\/radioljubuski.ba\/"},{"@type":"ListItem","position":2,"name":"Slovenija: Necijepljeni \u0107e pla\u0107ati bolni\u010dke tro\u0161kove?"}]},{"@type":"WebSite","@id":"https:\/\/radioljubuski.ba\/#website","url":"https:\/\/radioljubuski.ba\/","name":"Radio Ljubu\u0161ki","description":"Sun\u010dana frekvencija Hercegovine","publisher":{"@id":"https:\/\/radioljubuski.ba\/#organization"},"potentialAction":[{"@type":"SearchAction","target":{"@type":"EntryPoint","urlTemplate":"https:\/\/radioljubuski.ba\/?s={search_term_string}"},"query-input":{"@type":"PropertyValueSpecification","valueRequired":true,"valueName":"search_term_string"}}],"inLanguage":"hr"},{"@type":"Organization","@id":"https:\/\/radioljubuski.ba\/#organization","name":"Radio Ljubu\u0161ki","url":"https:\/\/radioljubuski.ba\/","logo":{"@type":"ImageObject","inLanguage":"hr","@id":"https:\/\/radioljubuski.ba\/#\/schema\/logo\/image\/","url":"https:\/\/radioljubuski.ba\/wp-content\/uploads\/2021\/02\/cropped-Radio_Ljubuski_logo1.jpg","contentUrl":"https:\/\/radioljubuski.ba\/wp-content\/uploads\/2021\/02\/cropped-Radio_Ljubuski_logo1.jpg","width":512,"height":512,"caption":"Radio Ljubu\u0161ki"},"image":{"@id":"https:\/\/radioljubuski.ba\/#\/schema\/logo\/image\/"},"sameAs":["https:\/\/www.facebook.com\/Radiio-Ljubuski-1490835324566332","https:\/\/x.com\/radioljubuski","https:\/\/hr.linkedin.com\/company\/radio-ljubuski","https:\/\/www.youtube.com\/channel\/UCHYaeO_n0Db3tjNGudGpXyw"]},{"@type":"Person","@id":"https:\/\/radioljubuski.ba\/#\/schema\/person\/19fc700381a780f69665d7956c469e3b","name":"Radio Ljubu\u0161ki"}]}},"_links":{"self":[{"href":"https:\/\/radioljubuski.ba\/index.php\/wp-json\/wp\/v2\/posts\/95107","targetHints":{"allow":["GET"]}}],"collection":[{"href":"https:\/\/radioljubuski.ba\/index.php\/wp-json\/wp\/v2\/posts"}],"about":[{"href":"https:\/\/radioljubuski.ba\/index.php\/wp-json\/wp\/v2\/types\/post"}],"author":[{"embeddable":true,"href":"https:\/\/radioljubuski.ba\/index.php\/wp-json\/wp\/v2\/users\/2"}],"replies":[{"embeddable":true,"href":"https:\/\/radioljubuski.ba\/index.php\/wp-json\/wp\/v2\/comments?post=95107"}],"version-history":[{"count":1,"href":"https:\/\/radioljubuski.ba\/index.php\/wp-json\/wp\/v2\/posts\/95107\/revisions"}],"predecessor-version":[{"id":95108,"href":"https:\/\/radioljubuski.ba\/index.php\/wp-json\/wp\/v2\/posts\/95107\/revisions\/95108"}],"wp:featuredmedia":[{"embeddable":true,"href":"https:\/\/radioljubuski.ba\/index.php\/wp-json\/wp\/v2\/media\/41321"}],"wp:attachment":[{"href":"https:\/\/radioljubuski.ba\/index.php\/wp-json\/wp\/v2\/media?parent=95107"}],"wp:term":[{"taxonomy":"category","embeddable":true,"href":"https:\/\/radioljubuski.ba\/index.php\/wp-json\/wp\/v2\/categories?post=95107"},{"taxonomy":"post_tag","embeddable":true,"href":"https:\/\/radioljubuski.ba\/index.php\/wp-json\/wp\/v2\/tags?post=95107"}],"curies":[{"name":"wp","href":"https:\/\/api.w.org\/{rel}","templated":true}]}}