{"id":95141,"date":"2021-12-02T14:01:53","date_gmt":"2021-12-02T13:01:53","guid":{"rendered":"https:\/\/radioljubuski.ba\/?p=95141"},"modified":"2021-12-02T14:01:54","modified_gmt":"2021-12-02T13:01:54","slug":"srpski-mediji-o-polufinalu-novak-zna-kako-sa-susjedima","status":"publish","type":"post","link":"https:\/\/radioljubuski.ba\/index.php\/2021\/12\/02\/srpski-mediji-o-polufinalu-novak-zna-kako-sa-susjedima\/","title":{"rendered":"Srpski mediji o polufinalu: Novak zna kako sa susjedima!"},"content":{"rendered":"\n<p>Srbija i Hrvatska \u0107e se u petak u Madridu boriti za finale Davis Cupa nakon \u0161to je srpski par donio isto\u010dnim susjedima preokret i pobjedu protiv Kazahstana. Srpski mediji s optimizmom najavljuju polufinalni obra\u010dun s Hrvatskom.<\/p>\n\n\n\n<p>&#8220;Srbi razmontirali Hrvatske u prethodna dva susreta:<strong> Novak<\/strong> i ekipa znaju kako do finala Davis Cupa&#8221;, pi\u0161e Kurir, te dodaje da i &#8220;<strong>Pili\u0107<\/strong> vjeruje u Srbiju&#8221;, prenose\u0107i izjavu Nikole Pili\u0107a Ve\u010dernjem listu, u kojoj biv\u0161i hrvatski izbornik isti\u010de da je Srbija favorit.<\/p>\n\n\n\n<p>&#8220;Srbija poslije drame ide na Hrvatsku!&#8221;, pi\u0161e Telegraf te nastavlja: &#8220;Srbija na Novakov pogon zakazala okr\u0161aj s Hrvatskom!&#8221;<\/p>\n\n\n\n<p>&#8220;Srbi su razmontirali Hrvate u posljednjem me\u010du! Novak zna kako sa susjedima!&#8221;, pi\u0161e Informer.<\/p>\n\n\n\n<p>B92 isti\u010de da je &#8220;posljednji put bilo 5:0 za Srbiju&#8221;, ali i pi\u0161e o tome kako hrvatski mediji pi\u0161u o tome da je Srbija izborila polufinale s Hrvatskom, te tako\u0111er daje veliku va\u017enost izjavi Nikole Pili\u0107a o favoriziranosti Srbije.&nbsp;<\/p>\n\n\n\n<p>Izvor:hrt.hr<\/p>\n","protected":false},"excerpt":{"rendered":"<p>Srbija i Hrvatska \u0107e se u petak u Madridu boriti za finale Davis Cupa nakon \u0161to je srpski par donio isto\u010dnim susjedima preokret i pobjedu protiv Kazahstana. Srpski mediji s optimizmom najavljuju polufinalni obra\u010dun s Hrvatskom. &#8220;Srbi razmontirali Hrvatske u prethodna dva susreta: Novak i ekipa znaju kako do finala Davis Cupa&#8221;, pi\u0161e Kurir, te [&hellip;]<\/p>\n","protected":false},"author":2,"featured_media":95142,"comment_status":"closed","ping_status":"closed","sticky":false,"template":"","format":"standard","meta":{"h5ap_radio_sources":[],"footnotes":""},"categories":[7],"tags":[],"class_list":["post-95141","post","type-post","status-publish","format-standard","has-post-thumbnail","hentry","category-sport"],"yoast_head":"<!-- This site is optimized with the Yoast SEO plugin v27.4 - https:\/\/yoast.com\/product\/yoast-seo-wordpress\/ -->\n<title>Srpski mediji o polufinalu: Novak zna kako sa susjedima! - RADIO LJUBU\u0160KI<\/title>\n<meta name=\"robots\" content=\"index, follow, max-snippet:-1, max-image-preview:large, max-video-preview:-1\" \/>\n<link rel=\"canonical\" href=\"https:\/\/radioljubuski.ba\/index.php\/2021\/12\/02\/srpski-mediji-o-polufinalu-novak-zna-kako-sa-susjedima\/\" \/>\n<meta property=\"og:locale\" content=\"hr_HR\" \/>\n<meta property=\"og:type\" content=\"article\" \/>\n<meta property=\"og:title\" content=\"Srpski mediji o polufinalu: Novak zna kako sa susjedima! - RADIO LJUBU\u0160KI\" \/>\n<meta property=\"og:description\" content=\"Srbija i Hrvatska \u0107e se u petak u Madridu boriti za finale Davis Cupa nakon \u0161to je srpski par donio isto\u010dnim susjedima preokret i pobjedu protiv Kazahstana. Srpski mediji s optimizmom najavljuju polufinalni obra\u010dun s Hrvatskom. &#8220;Srbi razmontirali Hrvatske u prethodna dva susreta: Novak i ekipa znaju kako do finala Davis Cupa&#8221;, pi\u0161e Kurir, te [&hellip;]\" \/>\n<meta property=\"og:url\" content=\"https:\/\/radioljubuski.ba\/index.php\/2021\/12\/02\/srpski-mediji-o-polufinalu-novak-zna-kako-sa-susjedima\/\" \/>\n<meta property=\"og:site_name\" content=\"RADIO LJUBU\u0160KI\" \/>\n<meta property=\"article:publisher\" content=\"https:\/\/www.facebook.com\/Radiio-Ljubuski-1490835324566332\" \/>\n<meta property=\"article:published_time\" content=\"2021-12-02T13:01:53+00:00\" \/>\n<meta property=\"article:modified_time\" content=\"2021-12-02T13:01:54+00:00\" \/>\n<meta property=\"og:image\" content=\"https:\/\/radioljubuski.ba\/wp-content\/uploads\/2021\/12\/djole-i-cilic-pxl-190620-29286911-20211202075525.jpg\" \/>\n\t<meta property=\"og:image:width\" content=\"1600\" \/>\n\t<meta property=\"og:image:height\" content=\"860\" \/>\n\t<meta property=\"og:image:type\" content=\"image\/jpeg\" \/>\n<meta name=\"author\" content=\"Radio Ljubu\u0161ki\" \/>\n<meta name=\"twitter:card\" content=\"summary_large_image\" \/>\n<meta name=\"twitter:creator\" content=\"@radioljubuski\" \/>\n<meta name=\"twitter:site\" content=\"@radioljubuski\" \/>\n<meta name=\"twitter:label1\" content=\"Napisao\/la\" \/>\n\t<meta name=\"twitter:data1\" content=\"Radio Ljubu\u0161ki\" \/>\n\t<meta name=\"twitter:label2\" content=\"Procijenjeno vrijeme \u010ditanja\" \/>\n\t<meta name=\"twitter:data2\" content=\"1 minuta\" \/>\n<script type=\"application\/ld+json\" class=\"yoast-schema-graph\">{\"@context\":\"https:\\\/\\\/schema.org\",\"@graph\":[{\"@type\":\"Article\",\"@id\":\"https:\\\/\\\/radioljubuski.ba\\\/index.php\\\/2021\\\/12\\\/02\\\/srpski-mediji-o-polufinalu-novak-zna-kako-sa-susjedima\\\/#article\",\"isPartOf\":{\"@id\":\"https:\\\/\\\/radioljubuski.ba\\\/index.php\\\/2021\\\/12\\\/02\\\/srpski-mediji-o-polufinalu-novak-zna-kako-sa-susjedima\\\/\"},\"author\":{\"name\":\"Radio Ljubu\u0161ki\",\"@id\":\"https:\\\/\\\/radioljubuski.ba\\\/#\\\/schema\\\/person\\\/19fc700381a780f69665d7956c469e3b\"},\"headline\":\"Srpski mediji o polufinalu: Novak zna kako sa susjedima!\",\"datePublished\":\"2021-12-02T13:01:53+00:00\",\"dateModified\":\"2021-12-02T13:01:54+00:00\",\"mainEntityOfPage\":{\"@id\":\"https:\\\/\\\/radioljubuski.ba\\\/index.php\\\/2021\\\/12\\\/02\\\/srpski-mediji-o-polufinalu-novak-zna-kako-sa-susjedima\\\/\"},\"wordCount\":179,\"publisher\":{\"@id\":\"https:\\\/\\\/radioljubuski.ba\\\/#organization\"},\"image\":{\"@id\":\"https:\\\/\\\/radioljubuski.ba\\\/index.php\\\/2021\\\/12\\\/02\\\/srpski-mediji-o-polufinalu-novak-zna-kako-sa-susjedima\\\/#primaryimage\"},\"thumbnailUrl\":\"https:\\\/\\\/radioljubuski.ba\\\/wp-content\\\/uploads\\\/2021\\\/12\\\/djole-i-cilic-pxl-190620-29286911-20211202075525.jpg\",\"articleSection\":[\"\u0160port\"],\"inLanguage\":\"hr\"},{\"@type\":\"WebPage\",\"@id\":\"https:\\\/\\\/radioljubuski.ba\\\/index.php\\\/2021\\\/12\\\/02\\\/srpski-mediji-o-polufinalu-novak-zna-kako-sa-susjedima\\\/\",\"url\":\"https:\\\/\\\/radioljubuski.ba\\\/index.php\\\/2021\\\/12\\\/02\\\/srpski-mediji-o-polufinalu-novak-zna-kako-sa-susjedima\\\/\",\"name\":\"Srpski mediji o polufinalu: Novak zna kako sa susjedima! - RADIO LJUBU\u0160KI\",\"isPartOf\":{\"@id\":\"https:\\\/\\\/radioljubuski.ba\\\/#website\"},\"primaryImageOfPage\":{\"@id\":\"https:\\\/\\\/radioljubuski.ba\\\/index.php\\\/2021\\\/12\\\/02\\\/srpski-mediji-o-polufinalu-novak-zna-kako-sa-susjedima\\\/#primaryimage\"},\"image\":{\"@id\":\"https:\\\/\\\/radioljubuski.ba\\\/index.php\\\/2021\\\/12\\\/02\\\/srpski-mediji-o-polufinalu-novak-zna-kako-sa-susjedima\\\/#primaryimage\"},\"thumbnailUrl\":\"https:\\\/\\\/radioljubuski.ba\\\/wp-content\\\/uploads\\\/2021\\\/12\\\/djole-i-cilic-pxl-190620-29286911-20211202075525.jpg\",\"datePublished\":\"2021-12-02T13:01:53+00:00\",\"dateModified\":\"2021-12-02T13:01:54+00:00\",\"breadcrumb\":{\"@id\":\"https:\\\/\\\/radioljubuski.ba\\\/index.php\\\/2021\\\/12\\\/02\\\/srpski-mediji-o-polufinalu-novak-zna-kako-sa-susjedima\\\/#breadcrumb\"},\"inLanguage\":\"hr\",\"potentialAction\":[{\"@type\":\"ReadAction\",\"target\":[\"https:\\\/\\\/radioljubuski.ba\\\/index.php\\\/2021\\\/12\\\/02\\\/srpski-mediji-o-polufinalu-novak-zna-kako-sa-susjedima\\\/\"]}]},{\"@type\":\"ImageObject\",\"inLanguage\":\"hr\",\"@id\":\"https:\\\/\\\/radioljubuski.ba\\\/index.php\\\/2021\\\/12\\\/02\\\/srpski-mediji-o-polufinalu-novak-zna-kako-sa-susjedima\\\/#primaryimage\",\"url\":\"https:\\\/\\\/radioljubuski.ba\\\/wp-content\\\/uploads\\\/2021\\\/12\\\/djole-i-cilic-pxl-190620-29286911-20211202075525.jpg\",\"contentUrl\":\"https:\\\/\\\/radioljubuski.ba\\\/wp-content\\\/uploads\\\/2021\\\/12\\\/djole-i-cilic-pxl-190620-29286911-20211202075525.jpg\",\"width\":1600,\"height\":860,\"caption\":\"19.06.2020., Zadar - Egzibicijski mec Novaka Djokovica protiv zvijezda Adria Toura.Novak Djokovic,Marin Cilic Photo: Marko Dimic\\\/PIXSELL (19.06.2020., Zadar - Egzibicijski mec Novaka Djokovica protiv zvijezda Adria Toura.Novak Djokovic,Marin Cilic Pho\"},{\"@type\":\"BreadcrumbList\",\"@id\":\"https:\\\/\\\/radioljubuski.ba\\\/index.php\\\/2021\\\/12\\\/02\\\/srpski-mediji-o-polufinalu-novak-zna-kako-sa-susjedima\\\/#breadcrumb\",\"itemListElement\":[{\"@type\":\"ListItem\",\"position\":1,\"name\":\"Po\u010detna stranica\",\"item\":\"https:\\\/\\\/radioljubuski.ba\\\/\"},{\"@type\":\"ListItem\",\"position\":2,\"name\":\"Srpski mediji o polufinalu: Novak zna kako sa susjedima!\"}]},{\"@type\":\"WebSite\",\"@id\":\"https:\\\/\\\/radioljubuski.ba\\\/#website\",\"url\":\"https:\\\/\\\/radioljubuski.ba\\\/\",\"name\":\"Radio Ljubu\u0161ki\",\"description\":\"Sun\u010dana frekvencija Hercegovine\",\"publisher\":{\"@id\":\"https:\\\/\\\/radioljubuski.ba\\\/#organization\"},\"potentialAction\":[{\"@type\":\"SearchAction\",\"target\":{\"@type\":\"EntryPoint\",\"urlTemplate\":\"https:\\\/\\\/radioljubuski.ba\\\/?s={search_term_string}\"},\"query-input\":{\"@type\":\"PropertyValueSpecification\",\"valueRequired\":true,\"valueName\":\"search_term_string\"}}],\"inLanguage\":\"hr\"},{\"@type\":\"Organization\",\"@id\":\"https:\\\/\\\/radioljubuski.ba\\\/#organization\",\"name\":\"Radio Ljubu\u0161ki\",\"url\":\"https:\\\/\\\/radioljubuski.ba\\\/\",\"logo\":{\"@type\":\"ImageObject\",\"inLanguage\":\"hr\",\"@id\":\"https:\\\/\\\/radioljubuski.ba\\\/#\\\/schema\\\/logo\\\/image\\\/\",\"url\":\"https:\\\/\\\/radioljubuski.ba\\\/wp-content\\\/uploads\\\/2021\\\/02\\\/cropped-Radio_Ljubuski_logo1.jpg\",\"contentUrl\":\"https:\\\/\\\/radioljubuski.ba\\\/wp-content\\\/uploads\\\/2021\\\/02\\\/cropped-Radio_Ljubuski_logo1.jpg\",\"width\":512,\"height\":512,\"caption\":\"Radio Ljubu\u0161ki\"},\"image\":{\"@id\":\"https:\\\/\\\/radioljubuski.ba\\\/#\\\/schema\\\/logo\\\/image\\\/\"},\"sameAs\":[\"https:\\\/\\\/www.facebook.com\\\/Radiio-Ljubuski-1490835324566332\",\"https:\\\/\\\/x.com\\\/radioljubuski\",\"https:\\\/\\\/hr.linkedin.com\\\/company\\\/radio-ljubuski\",\"https:\\\/\\\/www.youtube.com\\\/channel\\\/UCHYaeO_n0Db3tjNGudGpXyw\"]},{\"@type\":\"Person\",\"@id\":\"https:\\\/\\\/radioljubuski.ba\\\/#\\\/schema\\\/person\\\/19fc700381a780f69665d7956c469e3b\",\"name\":\"Radio Ljubu\u0161ki\"}]}<\/script>\n<!-- \/ Yoast SEO plugin. -->","yoast_head_json":{"title":"Srpski mediji o polufinalu: Novak zna kako sa susjedima! - RADIO LJUBU\u0160KI","robots":{"index":"index","follow":"follow","max-snippet":"max-snippet:-1","max-image-preview":"max-image-preview:large","max-video-preview":"max-video-preview:-1"},"canonical":"https:\/\/radioljubuski.ba\/index.php\/2021\/12\/02\/srpski-mediji-o-polufinalu-novak-zna-kako-sa-susjedima\/","og_locale":"hr_HR","og_type":"article","og_title":"Srpski mediji o polufinalu: Novak zna kako sa susjedima! - RADIO LJUBU\u0160KI","og_description":"Srbija i Hrvatska \u0107e se u petak u Madridu boriti za finale Davis Cupa nakon \u0161to je srpski par donio isto\u010dnim susjedima preokret i pobjedu protiv Kazahstana. Srpski mediji s optimizmom najavljuju polufinalni obra\u010dun s Hrvatskom. &#8220;Srbi razmontirali Hrvatske u prethodna dva susreta: Novak i ekipa znaju kako do finala Davis Cupa&#8221;, pi\u0161e Kurir, te [&hellip;]","og_url":"https:\/\/radioljubuski.ba\/index.php\/2021\/12\/02\/srpski-mediji-o-polufinalu-novak-zna-kako-sa-susjedima\/","og_site_name":"RADIO LJUBU\u0160KI","article_publisher":"https:\/\/www.facebook.com\/Radiio-Ljubuski-1490835324566332","article_published_time":"2021-12-02T13:01:53+00:00","article_modified_time":"2021-12-02T13:01:54+00:00","og_image":[{"width":1600,"height":860,"url":"https:\/\/radioljubuski.ba\/wp-content\/uploads\/2021\/12\/djole-i-cilic-pxl-190620-29286911-20211202075525.jpg","type":"image\/jpeg"}],"author":"Radio Ljubu\u0161ki","twitter_card":"summary_large_image","twitter_creator":"@radioljubuski","twitter_site":"@radioljubuski","twitter_misc":{"Napisao\/la":"Radio Ljubu\u0161ki","Procijenjeno vrijeme \u010ditanja":"1 minuta"},"schema":{"@context":"https:\/\/schema.org","@graph":[{"@type":"Article","@id":"https:\/\/radioljubuski.ba\/index.php\/2021\/12\/02\/srpski-mediji-o-polufinalu-novak-zna-kako-sa-susjedima\/#article","isPartOf":{"@id":"https:\/\/radioljubuski.ba\/index.php\/2021\/12\/02\/srpski-mediji-o-polufinalu-novak-zna-kako-sa-susjedima\/"},"author":{"name":"Radio Ljubu\u0161ki","@id":"https:\/\/radioljubuski.ba\/#\/schema\/person\/19fc700381a780f69665d7956c469e3b"},"headline":"Srpski mediji o polufinalu: Novak zna kako sa susjedima!","datePublished":"2021-12-02T13:01:53+00:00","dateModified":"2021-12-02T13:01:54+00:00","mainEntityOfPage":{"@id":"https:\/\/radioljubuski.ba\/index.php\/2021\/12\/02\/srpski-mediji-o-polufinalu-novak-zna-kako-sa-susjedima\/"},"wordCount":179,"publisher":{"@id":"https:\/\/radioljubuski.ba\/#organization"},"image":{"@id":"https:\/\/radioljubuski.ba\/index.php\/2021\/12\/02\/srpski-mediji-o-polufinalu-novak-zna-kako-sa-susjedima\/#primaryimage"},"thumbnailUrl":"https:\/\/radioljubuski.ba\/wp-content\/uploads\/2021\/12\/djole-i-cilic-pxl-190620-29286911-20211202075525.jpg","articleSection":["\u0160port"],"inLanguage":"hr"},{"@type":"WebPage","@id":"https:\/\/radioljubuski.ba\/index.php\/2021\/12\/02\/srpski-mediji-o-polufinalu-novak-zna-kako-sa-susjedima\/","url":"https:\/\/radioljubuski.ba\/index.php\/2021\/12\/02\/srpski-mediji-o-polufinalu-novak-zna-kako-sa-susjedima\/","name":"Srpski mediji o polufinalu: Novak zna kako sa susjedima! - RADIO LJUBU\u0160KI","isPartOf":{"@id":"https:\/\/radioljubuski.ba\/#website"},"primaryImageOfPage":{"@id":"https:\/\/radioljubuski.ba\/index.php\/2021\/12\/02\/srpski-mediji-o-polufinalu-novak-zna-kako-sa-susjedima\/#primaryimage"},"image":{"@id":"https:\/\/radioljubuski.ba\/index.php\/2021\/12\/02\/srpski-mediji-o-polufinalu-novak-zna-kako-sa-susjedima\/#primaryimage"},"thumbnailUrl":"https:\/\/radioljubuski.ba\/wp-content\/uploads\/2021\/12\/djole-i-cilic-pxl-190620-29286911-20211202075525.jpg","datePublished":"2021-12-02T13:01:53+00:00","dateModified":"2021-12-02T13:01:54+00:00","breadcrumb":{"@id":"https:\/\/radioljubuski.ba\/index.php\/2021\/12\/02\/srpski-mediji-o-polufinalu-novak-zna-kako-sa-susjedima\/#breadcrumb"},"inLanguage":"hr","potentialAction":[{"@type":"ReadAction","target":["https:\/\/radioljubuski.ba\/index.php\/2021\/12\/02\/srpski-mediji-o-polufinalu-novak-zna-kako-sa-susjedima\/"]}]},{"@type":"ImageObject","inLanguage":"hr","@id":"https:\/\/radioljubuski.ba\/index.php\/2021\/12\/02\/srpski-mediji-o-polufinalu-novak-zna-kako-sa-susjedima\/#primaryimage","url":"https:\/\/radioljubuski.ba\/wp-content\/uploads\/2021\/12\/djole-i-cilic-pxl-190620-29286911-20211202075525.jpg","contentUrl":"https:\/\/radioljubuski.ba\/wp-content\/uploads\/2021\/12\/djole-i-cilic-pxl-190620-29286911-20211202075525.jpg","width":1600,"height":860,"caption":"19.06.2020., Zadar - Egzibicijski mec Novaka Djokovica protiv zvijezda Adria Toura.Novak Djokovic,Marin Cilic Photo: Marko Dimic\/PIXSELL (19.06.2020., Zadar - Egzibicijski mec Novaka Djokovica protiv zvijezda Adria Toura.Novak Djokovic,Marin Cilic Pho"},{"@type":"BreadcrumbList","@id":"https:\/\/radioljubuski.ba\/index.php\/2021\/12\/02\/srpski-mediji-o-polufinalu-novak-zna-kako-sa-susjedima\/#breadcrumb","itemListElement":[{"@type":"ListItem","position":1,"name":"Po\u010detna stranica","item":"https:\/\/radioljubuski.ba\/"},{"@type":"ListItem","position":2,"name":"Srpski mediji o polufinalu: Novak zna kako sa susjedima!"}]},{"@type":"WebSite","@id":"https:\/\/radioljubuski.ba\/#website","url":"https:\/\/radioljubuski.ba\/","name":"Radio Ljubu\u0161ki","description":"Sun\u010dana frekvencija Hercegovine","publisher":{"@id":"https:\/\/radioljubuski.ba\/#organization"},"potentialAction":[{"@type":"SearchAction","target":{"@type":"EntryPoint","urlTemplate":"https:\/\/radioljubuski.ba\/?s={search_term_string}"},"query-input":{"@type":"PropertyValueSpecification","valueRequired":true,"valueName":"search_term_string"}}],"inLanguage":"hr"},{"@type":"Organization","@id":"https:\/\/radioljubuski.ba\/#organization","name":"Radio Ljubu\u0161ki","url":"https:\/\/radioljubuski.ba\/","logo":{"@type":"ImageObject","inLanguage":"hr","@id":"https:\/\/radioljubuski.ba\/#\/schema\/logo\/image\/","url":"https:\/\/radioljubuski.ba\/wp-content\/uploads\/2021\/02\/cropped-Radio_Ljubuski_logo1.jpg","contentUrl":"https:\/\/radioljubuski.ba\/wp-content\/uploads\/2021\/02\/cropped-Radio_Ljubuski_logo1.jpg","width":512,"height":512,"caption":"Radio Ljubu\u0161ki"},"image":{"@id":"https:\/\/radioljubuski.ba\/#\/schema\/logo\/image\/"},"sameAs":["https:\/\/www.facebook.com\/Radiio-Ljubuski-1490835324566332","https:\/\/x.com\/radioljubuski","https:\/\/hr.linkedin.com\/company\/radio-ljubuski","https:\/\/www.youtube.com\/channel\/UCHYaeO_n0Db3tjNGudGpXyw"]},{"@type":"Person","@id":"https:\/\/radioljubuski.ba\/#\/schema\/person\/19fc700381a780f69665d7956c469e3b","name":"Radio Ljubu\u0161ki"}]}},"_links":{"self":[{"href":"https:\/\/radioljubuski.ba\/index.php\/wp-json\/wp\/v2\/posts\/95141","targetHints":{"allow":["GET"]}}],"collection":[{"href":"https:\/\/radioljubuski.ba\/index.php\/wp-json\/wp\/v2\/posts"}],"about":[{"href":"https:\/\/radioljubuski.ba\/index.php\/wp-json\/wp\/v2\/types\/post"}],"author":[{"embeddable":true,"href":"https:\/\/radioljubuski.ba\/index.php\/wp-json\/wp\/v2\/users\/2"}],"replies":[{"embeddable":true,"href":"https:\/\/radioljubuski.ba\/index.php\/wp-json\/wp\/v2\/comments?post=95141"}],"version-history":[{"count":1,"href":"https:\/\/radioljubuski.ba\/index.php\/wp-json\/wp\/v2\/posts\/95141\/revisions"}],"predecessor-version":[{"id":95143,"href":"https:\/\/radioljubuski.ba\/index.php\/wp-json\/wp\/v2\/posts\/95141\/revisions\/95143"}],"wp:featuredmedia":[{"embeddable":true,"href":"https:\/\/radioljubuski.ba\/index.php\/wp-json\/wp\/v2\/media\/95142"}],"wp:attachment":[{"href":"https:\/\/radioljubuski.ba\/index.php\/wp-json\/wp\/v2\/media?parent=95141"}],"wp:term":[{"taxonomy":"category","embeddable":true,"href":"https:\/\/radioljubuski.ba\/index.php\/wp-json\/wp\/v2\/categories?post=95141"},{"taxonomy":"post_tag","embeddable":true,"href":"https:\/\/radioljubuski.ba\/index.php\/wp-json\/wp\/v2\/tags?post=95141"}],"curies":[{"name":"wp","href":"https:\/\/api.w.org\/{rel}","templated":true}]}}