{"id":95163,"date":"2021-12-02T14:24:06","date_gmt":"2021-12-02T13:24:06","guid":{"rendered":"https:\/\/radioljubuski.ba\/?p=95163"},"modified":"2021-12-02T14:24:06","modified_gmt":"2021-12-02T13:24:06","slug":"kopic-ocekujem-da-vec-protiv-hajduka-budemo-na-pravoj-razini","status":"publish","type":"post","link":"https:\/\/radioljubuski.ba\/index.php\/2021\/12\/02\/kopic-ocekujem-da-vec-protiv-hajduka-budemo-na-pravoj-razini\/","title":{"rendered":"Kopi\u0107: O\u010dekujem da ve\u0107 protiv Hajduka budemo na pravoj razini"},"content":{"rendered":"\n<p>\u017deljko Kopi\u0107 predstavljen je danas na Maksimiru kao privremeni trener Dinama nakon \u0161to je ju\u010der, poslije poraza od Rijeke u polufinalu Kupa, ostavku podnio Damir Krznar.&nbsp;<\/p>\n\n\n\n<p>&#8211; S Damirom sam bio u svakodnevnom kontaktu, vodili smo puno razgovora o funkcioniranju cijele nogometne strukture i sigurno je da sam upoznat s velikim brojem stvari vezanih za mom\u010dad, ali sigurno da je to druk\u010dije kad u\u0111e\u0161 u svla\u010dionicu i osjeti\u0161 igra\u010de, tako da \u0107e mi trebati malo vremena, rekao je Kopi\u0107.<\/p>\n\n\n\n<p>Na Krznarovo mjesto do\u0161ao je trener koji ima iskustvo vo\u0111enja hrvatskih klubova i jednu inozemnu sezonu u ciparskom Pafosu. Trenersku karijeru u seniorskom nogometu po\u010deo je u Lu\u010dkom, a nastavio na klupama Cibalije, Zagreba, Slaven Belupa i Hajduka, kojega je vodio u 34 utakmice od studenog 2017. do rujna 2018. godine. Upravo \u0107e Hajduk biti sljede\u0107i Dinamov suparnik. Ve\u0107 u nedjelju (17.30 sati) Spli\u0107ani sti\u017eu na Maksimir i novog trenera \u010deka&nbsp; &#8220;vatreni&#8221; debi s <strong>Dambrauskasovim <\/strong>momcima, koji su u velikom zamahu:<\/p>\n\n\n\n<p>&#8211; Protiv Hajduka o\u010dekujem kvalitetnu utakmicu. Jako dobro poznajemm mentalitet Hajduka i sve \u0161to se oko Hajduka doga\u0111a, i kad je dobro i kad nije. U zamahu su. Pratio sam rad Dambrauskasa, a mi \u0107emo napraviti apsolutno sve da budemo na pravoj razini. Ja u ovu ekipu vjerujem, ona ima kvalitetu koju je \u010desto i pokazivala, iako se negdje po putu ta nit koja te ko\u0161ta rezultata izgubila. No moja vjera u svla\u010dionicu je potpuna. Siguran sam da \u0107emo ve\u0107 u nedjelju biti na razini na kojoj moramo biti.<\/p>\n\n\n\n<p>Dinamo je trenuta\u010dno tre\u0107i u Prvom HNL-u, s tri boda manje i utakmicom manje od vode\u0107eg Osijeka. Zagrep\u010dani su osigurali europsko prolje\u0107e, a zadnji dvoboj protiv West Hama za sedam dana odlu\u010dit \u0107e ho\u0107e li nastaviti natjecanje u Europskoj ligi ili Konferencijskoj ligi.<\/p>\n\n\n\n<iframe loading=\"lazy\" src=\"https:\/\/www.facebook.com\/plugins\/video.php?height=476&#038;href=https%3A%2F%2Fwww.facebook.com%2FHRTsport%2Fvideos%2F438511127858354%2F&#038;show_text=false&#038;width=476&#038;t=0\" width=\"476\" height=\"476\" style=\"border:none;overflow:hidden\" scrolling=\"no\" frameborder=\"0\" allowfullscreen=\"true\" allow=\"autoplay; clipboard-write; encrypted-media; picture-in-picture; web-share\" allowFullScreen=\"true\"><\/iframe>\n\n\n\n<p>Izvor:hrt.hr<\/p>\n","protected":false},"excerpt":{"rendered":"<p>\u017deljko Kopi\u0107 predstavljen je danas na Maksimiru kao privremeni trener Dinama nakon \u0161to je ju\u010der, poslije poraza od Rijeke u polufinalu Kupa, ostavku podnio Damir Krznar.&nbsp; &#8211; S Damirom sam bio u svakodnevnom kontaktu, vodili smo puno razgovora o funkcioniranju cijele nogometne strukture i sigurno je da sam upoznat s velikim brojem stvari vezanih za [&hellip;]<\/p>\n","protected":false},"author":2,"featured_media":0,"comment_status":"closed","ping_status":"closed","sticky":false,"template":"","format":"standard","meta":{"h5ap_radio_sources":[],"footnotes":""},"categories":[7],"tags":[],"class_list":["post-95163","post","type-post","status-publish","format-standard","hentry","category-sport"],"yoast_head":"<!-- This site is optimized with the Yoast SEO plugin v27.4 - https:\/\/yoast.com\/product\/yoast-seo-wordpress\/ -->\n<title>Kopi\u0107: O\u010dekujem da ve\u0107 protiv Hajduka budemo na pravoj razini - RADIO LJUBU\u0160KI<\/title>\n<meta name=\"robots\" content=\"index, follow, max-snippet:-1, max-image-preview:large, max-video-preview:-1\" \/>\n<link rel=\"canonical\" href=\"https:\/\/radioljubuski.ba\/index.php\/2021\/12\/02\/kopic-ocekujem-da-vec-protiv-hajduka-budemo-na-pravoj-razini\/\" \/>\n<meta property=\"og:locale\" content=\"hr_HR\" \/>\n<meta property=\"og:type\" content=\"article\" \/>\n<meta property=\"og:title\" content=\"Kopi\u0107: O\u010dekujem da ve\u0107 protiv Hajduka budemo na pravoj razini - RADIO LJUBU\u0160KI\" \/>\n<meta property=\"og:description\" content=\"\u017deljko Kopi\u0107 predstavljen je danas na Maksimiru kao privremeni trener Dinama nakon \u0161to je ju\u010der, poslije poraza od Rijeke u polufinalu Kupa, ostavku podnio Damir Krznar.&nbsp; &#8211; S Damirom sam bio u svakodnevnom kontaktu, vodili smo puno razgovora o funkcioniranju cijele nogometne strukture i sigurno je da sam upoznat s velikim brojem stvari vezanih za [&hellip;]\" \/>\n<meta property=\"og:url\" content=\"https:\/\/radioljubuski.ba\/index.php\/2021\/12\/02\/kopic-ocekujem-da-vec-protiv-hajduka-budemo-na-pravoj-razini\/\" \/>\n<meta property=\"og:site_name\" content=\"RADIO LJUBU\u0160KI\" \/>\n<meta property=\"article:publisher\" content=\"https:\/\/www.facebook.com\/Radiio-Ljubuski-1490835324566332\" \/>\n<meta property=\"article:published_time\" content=\"2021-12-02T13:24:06+00:00\" \/>\n<meta property=\"og:image\" content=\"https:\/\/radioljubuski.ba\/wp-content\/uploads\/2021\/12\/zg9-press-dinamo-frame-8790-20211202100255-1024x576.png\" \/>\n\t<meta property=\"og:image:width\" content=\"1024\" \/>\n\t<meta property=\"og:image:height\" content=\"576\" \/>\n\t<meta property=\"og:image:type\" content=\"image\/png\" \/>\n<meta name=\"author\" content=\"Radio Ljubu\u0161ki\" \/>\n<meta name=\"twitter:card\" content=\"summary_large_image\" \/>\n<meta name=\"twitter:creator\" content=\"@radioljubuski\" \/>\n<meta name=\"twitter:site\" content=\"@radioljubuski\" \/>\n<meta name=\"twitter:label1\" content=\"Napisao\/la\" \/>\n\t<meta name=\"twitter:data1\" content=\"Radio Ljubu\u0161ki\" \/>\n\t<meta name=\"twitter:label2\" content=\"Procijenjeno vrijeme \u010ditanja\" \/>\n\t<meta name=\"twitter:data2\" content=\"2 minute\" \/>\n<script type=\"application\/ld+json\" class=\"yoast-schema-graph\">{\"@context\":\"https:\\\/\\\/schema.org\",\"@graph\":[{\"@type\":\"Article\",\"@id\":\"https:\\\/\\\/radioljubuski.ba\\\/index.php\\\/2021\\\/12\\\/02\\\/kopic-ocekujem-da-vec-protiv-hajduka-budemo-na-pravoj-razini\\\/#article\",\"isPartOf\":{\"@id\":\"https:\\\/\\\/radioljubuski.ba\\\/index.php\\\/2021\\\/12\\\/02\\\/kopic-ocekujem-da-vec-protiv-hajduka-budemo-na-pravoj-razini\\\/\"},\"author\":{\"name\":\"Radio Ljubu\u0161ki\",\"@id\":\"https:\\\/\\\/radioljubuski.ba\\\/#\\\/schema\\\/person\\\/19fc700381a780f69665d7956c469e3b\"},\"headline\":\"Kopi\u0107: O\u010dekujem da ve\u0107 protiv Hajduka budemo na pravoj razini\",\"datePublished\":\"2021-12-02T13:24:06+00:00\",\"mainEntityOfPage\":{\"@id\":\"https:\\\/\\\/radioljubuski.ba\\\/index.php\\\/2021\\\/12\\\/02\\\/kopic-ocekujem-da-vec-protiv-hajduka-budemo-na-pravoj-razini\\\/\"},\"wordCount\":328,\"publisher\":{\"@id\":\"https:\\\/\\\/radioljubuski.ba\\\/#organization\"},\"articleSection\":[\"\u0160port\"],\"inLanguage\":\"hr\"},{\"@type\":\"WebPage\",\"@id\":\"https:\\\/\\\/radioljubuski.ba\\\/index.php\\\/2021\\\/12\\\/02\\\/kopic-ocekujem-da-vec-protiv-hajduka-budemo-na-pravoj-razini\\\/\",\"url\":\"https:\\\/\\\/radioljubuski.ba\\\/index.php\\\/2021\\\/12\\\/02\\\/kopic-ocekujem-da-vec-protiv-hajduka-budemo-na-pravoj-razini\\\/\",\"name\":\"Kopi\u0107: O\u010dekujem da ve\u0107 protiv Hajduka budemo na pravoj razini - RADIO LJUBU\u0160KI\",\"isPartOf\":{\"@id\":\"https:\\\/\\\/radioljubuski.ba\\\/#website\"},\"datePublished\":\"2021-12-02T13:24:06+00:00\",\"breadcrumb\":{\"@id\":\"https:\\\/\\\/radioljubuski.ba\\\/index.php\\\/2021\\\/12\\\/02\\\/kopic-ocekujem-da-vec-protiv-hajduka-budemo-na-pravoj-razini\\\/#breadcrumb\"},\"inLanguage\":\"hr\",\"potentialAction\":[{\"@type\":\"ReadAction\",\"target\":[\"https:\\\/\\\/radioljubuski.ba\\\/index.php\\\/2021\\\/12\\\/02\\\/kopic-ocekujem-da-vec-protiv-hajduka-budemo-na-pravoj-razini\\\/\"]}]},{\"@type\":\"BreadcrumbList\",\"@id\":\"https:\\\/\\\/radioljubuski.ba\\\/index.php\\\/2021\\\/12\\\/02\\\/kopic-ocekujem-da-vec-protiv-hajduka-budemo-na-pravoj-razini\\\/#breadcrumb\",\"itemListElement\":[{\"@type\":\"ListItem\",\"position\":1,\"name\":\"Po\u010detna stranica\",\"item\":\"https:\\\/\\\/radioljubuski.ba\\\/\"},{\"@type\":\"ListItem\",\"position\":2,\"name\":\"Kopi\u0107: O\u010dekujem da ve\u0107 protiv Hajduka budemo na pravoj razini\"}]},{\"@type\":\"WebSite\",\"@id\":\"https:\\\/\\\/radioljubuski.ba\\\/#website\",\"url\":\"https:\\\/\\\/radioljubuski.ba\\\/\",\"name\":\"Radio Ljubu\u0161ki\",\"description\":\"Sun\u010dana frekvencija Hercegovine\",\"publisher\":{\"@id\":\"https:\\\/\\\/radioljubuski.ba\\\/#organization\"},\"potentialAction\":[{\"@type\":\"SearchAction\",\"target\":{\"@type\":\"EntryPoint\",\"urlTemplate\":\"https:\\\/\\\/radioljubuski.ba\\\/?s={search_term_string}\"},\"query-input\":{\"@type\":\"PropertyValueSpecification\",\"valueRequired\":true,\"valueName\":\"search_term_string\"}}],\"inLanguage\":\"hr\"},{\"@type\":\"Organization\",\"@id\":\"https:\\\/\\\/radioljubuski.ba\\\/#organization\",\"name\":\"Radio Ljubu\u0161ki\",\"url\":\"https:\\\/\\\/radioljubuski.ba\\\/\",\"logo\":{\"@type\":\"ImageObject\",\"inLanguage\":\"hr\",\"@id\":\"https:\\\/\\\/radioljubuski.ba\\\/#\\\/schema\\\/logo\\\/image\\\/\",\"url\":\"https:\\\/\\\/radioljubuski.ba\\\/wp-content\\\/uploads\\\/2021\\\/02\\\/cropped-Radio_Ljubuski_logo1.jpg\",\"contentUrl\":\"https:\\\/\\\/radioljubuski.ba\\\/wp-content\\\/uploads\\\/2021\\\/02\\\/cropped-Radio_Ljubuski_logo1.jpg\",\"width\":512,\"height\":512,\"caption\":\"Radio Ljubu\u0161ki\"},\"image\":{\"@id\":\"https:\\\/\\\/radioljubuski.ba\\\/#\\\/schema\\\/logo\\\/image\\\/\"},\"sameAs\":[\"https:\\\/\\\/www.facebook.com\\\/Radiio-Ljubuski-1490835324566332\",\"https:\\\/\\\/x.com\\\/radioljubuski\",\"https:\\\/\\\/hr.linkedin.com\\\/company\\\/radio-ljubuski\",\"https:\\\/\\\/www.youtube.com\\\/channel\\\/UCHYaeO_n0Db3tjNGudGpXyw\"]},{\"@type\":\"Person\",\"@id\":\"https:\\\/\\\/radioljubuski.ba\\\/#\\\/schema\\\/person\\\/19fc700381a780f69665d7956c469e3b\",\"name\":\"Radio Ljubu\u0161ki\"}]}<\/script>\n<!-- \/ Yoast SEO plugin. -->","yoast_head_json":{"title":"Kopi\u0107: O\u010dekujem da ve\u0107 protiv Hajduka budemo na pravoj razini - RADIO LJUBU\u0160KI","robots":{"index":"index","follow":"follow","max-snippet":"max-snippet:-1","max-image-preview":"max-image-preview:large","max-video-preview":"max-video-preview:-1"},"canonical":"https:\/\/radioljubuski.ba\/index.php\/2021\/12\/02\/kopic-ocekujem-da-vec-protiv-hajduka-budemo-na-pravoj-razini\/","og_locale":"hr_HR","og_type":"article","og_title":"Kopi\u0107: O\u010dekujem da ve\u0107 protiv Hajduka budemo na pravoj razini - RADIO LJUBU\u0160KI","og_description":"\u017deljko Kopi\u0107 predstavljen je danas na Maksimiru kao privremeni trener Dinama nakon \u0161to je ju\u010der, poslije poraza od Rijeke u polufinalu Kupa, ostavku podnio Damir Krznar.&nbsp; &#8211; S Damirom sam bio u svakodnevnom kontaktu, vodili smo puno razgovora o funkcioniranju cijele nogometne strukture i sigurno je da sam upoznat s velikim brojem stvari vezanih za [&hellip;]","og_url":"https:\/\/radioljubuski.ba\/index.php\/2021\/12\/02\/kopic-ocekujem-da-vec-protiv-hajduka-budemo-na-pravoj-razini\/","og_site_name":"RADIO LJUBU\u0160KI","article_publisher":"https:\/\/www.facebook.com\/Radiio-Ljubuski-1490835324566332","article_published_time":"2021-12-02T13:24:06+00:00","og_image":[{"width":1024,"height":576,"url":"https:\/\/radioljubuski.ba\/wp-content\/uploads\/2021\/12\/zg9-press-dinamo-frame-8790-20211202100255-1024x576.png","type":"image\/png"}],"author":"Radio Ljubu\u0161ki","twitter_card":"summary_large_image","twitter_creator":"@radioljubuski","twitter_site":"@radioljubuski","twitter_misc":{"Napisao\/la":"Radio Ljubu\u0161ki","Procijenjeno vrijeme \u010ditanja":"2 minute"},"schema":{"@context":"https:\/\/schema.org","@graph":[{"@type":"Article","@id":"https:\/\/radioljubuski.ba\/index.php\/2021\/12\/02\/kopic-ocekujem-da-vec-protiv-hajduka-budemo-na-pravoj-razini\/#article","isPartOf":{"@id":"https:\/\/radioljubuski.ba\/index.php\/2021\/12\/02\/kopic-ocekujem-da-vec-protiv-hajduka-budemo-na-pravoj-razini\/"},"author":{"name":"Radio Ljubu\u0161ki","@id":"https:\/\/radioljubuski.ba\/#\/schema\/person\/19fc700381a780f69665d7956c469e3b"},"headline":"Kopi\u0107: O\u010dekujem da ve\u0107 protiv Hajduka budemo na pravoj razini","datePublished":"2021-12-02T13:24:06+00:00","mainEntityOfPage":{"@id":"https:\/\/radioljubuski.ba\/index.php\/2021\/12\/02\/kopic-ocekujem-da-vec-protiv-hajduka-budemo-na-pravoj-razini\/"},"wordCount":328,"publisher":{"@id":"https:\/\/radioljubuski.ba\/#organization"},"articleSection":["\u0160port"],"inLanguage":"hr"},{"@type":"WebPage","@id":"https:\/\/radioljubuski.ba\/index.php\/2021\/12\/02\/kopic-ocekujem-da-vec-protiv-hajduka-budemo-na-pravoj-razini\/","url":"https:\/\/radioljubuski.ba\/index.php\/2021\/12\/02\/kopic-ocekujem-da-vec-protiv-hajduka-budemo-na-pravoj-razini\/","name":"Kopi\u0107: O\u010dekujem da ve\u0107 protiv Hajduka budemo na pravoj razini - RADIO LJUBU\u0160KI","isPartOf":{"@id":"https:\/\/radioljubuski.ba\/#website"},"datePublished":"2021-12-02T13:24:06+00:00","breadcrumb":{"@id":"https:\/\/radioljubuski.ba\/index.php\/2021\/12\/02\/kopic-ocekujem-da-vec-protiv-hajduka-budemo-na-pravoj-razini\/#breadcrumb"},"inLanguage":"hr","potentialAction":[{"@type":"ReadAction","target":["https:\/\/radioljubuski.ba\/index.php\/2021\/12\/02\/kopic-ocekujem-da-vec-protiv-hajduka-budemo-na-pravoj-razini\/"]}]},{"@type":"BreadcrumbList","@id":"https:\/\/radioljubuski.ba\/index.php\/2021\/12\/02\/kopic-ocekujem-da-vec-protiv-hajduka-budemo-na-pravoj-razini\/#breadcrumb","itemListElement":[{"@type":"ListItem","position":1,"name":"Po\u010detna stranica","item":"https:\/\/radioljubuski.ba\/"},{"@type":"ListItem","position":2,"name":"Kopi\u0107: O\u010dekujem da ve\u0107 protiv Hajduka budemo na pravoj razini"}]},{"@type":"WebSite","@id":"https:\/\/radioljubuski.ba\/#website","url":"https:\/\/radioljubuski.ba\/","name":"Radio Ljubu\u0161ki","description":"Sun\u010dana frekvencija Hercegovine","publisher":{"@id":"https:\/\/radioljubuski.ba\/#organization"},"potentialAction":[{"@type":"SearchAction","target":{"@type":"EntryPoint","urlTemplate":"https:\/\/radioljubuski.ba\/?s={search_term_string}"},"query-input":{"@type":"PropertyValueSpecification","valueRequired":true,"valueName":"search_term_string"}}],"inLanguage":"hr"},{"@type":"Organization","@id":"https:\/\/radioljubuski.ba\/#organization","name":"Radio Ljubu\u0161ki","url":"https:\/\/radioljubuski.ba\/","logo":{"@type":"ImageObject","inLanguage":"hr","@id":"https:\/\/radioljubuski.ba\/#\/schema\/logo\/image\/","url":"https:\/\/radioljubuski.ba\/wp-content\/uploads\/2021\/02\/cropped-Radio_Ljubuski_logo1.jpg","contentUrl":"https:\/\/radioljubuski.ba\/wp-content\/uploads\/2021\/02\/cropped-Radio_Ljubuski_logo1.jpg","width":512,"height":512,"caption":"Radio Ljubu\u0161ki"},"image":{"@id":"https:\/\/radioljubuski.ba\/#\/schema\/logo\/image\/"},"sameAs":["https:\/\/www.facebook.com\/Radiio-Ljubuski-1490835324566332","https:\/\/x.com\/radioljubuski","https:\/\/hr.linkedin.com\/company\/radio-ljubuski","https:\/\/www.youtube.com\/channel\/UCHYaeO_n0Db3tjNGudGpXyw"]},{"@type":"Person","@id":"https:\/\/radioljubuski.ba\/#\/schema\/person\/19fc700381a780f69665d7956c469e3b","name":"Radio Ljubu\u0161ki"}]}},"_links":{"self":[{"href":"https:\/\/radioljubuski.ba\/index.php\/wp-json\/wp\/v2\/posts\/95163","targetHints":{"allow":["GET"]}}],"collection":[{"href":"https:\/\/radioljubuski.ba\/index.php\/wp-json\/wp\/v2\/posts"}],"about":[{"href":"https:\/\/radioljubuski.ba\/index.php\/wp-json\/wp\/v2\/types\/post"}],"author":[{"embeddable":true,"href":"https:\/\/radioljubuski.ba\/index.php\/wp-json\/wp\/v2\/users\/2"}],"replies":[{"embeddable":true,"href":"https:\/\/radioljubuski.ba\/index.php\/wp-json\/wp\/v2\/comments?post=95163"}],"version-history":[{"count":1,"href":"https:\/\/radioljubuski.ba\/index.php\/wp-json\/wp\/v2\/posts\/95163\/revisions"}],"predecessor-version":[{"id":95165,"href":"https:\/\/radioljubuski.ba\/index.php\/wp-json\/wp\/v2\/posts\/95163\/revisions\/95165"}],"wp:attachment":[{"href":"https:\/\/radioljubuski.ba\/index.php\/wp-json\/wp\/v2\/media?parent=95163"}],"wp:term":[{"taxonomy":"category","embeddable":true,"href":"https:\/\/radioljubuski.ba\/index.php\/wp-json\/wp\/v2\/categories?post=95163"},{"taxonomy":"post_tag","embeddable":true,"href":"https:\/\/radioljubuski.ba\/index.php\/wp-json\/wp\/v2\/tags?post=95163"}],"curies":[{"name":"wp","href":"https:\/\/api.w.org\/{rel}","templated":true}]}}