{"id":95169,"date":"2021-12-02T14:33:59","date_gmt":"2021-12-02T13:33:59","guid":{"rendered":"https:\/\/radioljubuski.ba\/?p=95169"},"modified":"2021-12-02T14:34:00","modified_gmt":"2021-12-02T13:34:00","slug":"domaca-glumica-iznenadila-sve-objavom-kad-odes-na-hitnu-pa-saznas-da-si-ustvari-trudna","status":"publish","type":"post","link":"https:\/\/radioljubuski.ba\/index.php\/2021\/12\/02\/domaca-glumica-iznenadila-sve-objavom-kad-odes-na-hitnu-pa-saznas-da-si-ustvari-trudna\/","title":{"rendered":"Doma\u0107a glumica iznenadila sve objavom: &#8216;Kad ode\u0161 na Hitnu pa sazna\u0161 da si ustvari trudna&#8230;&#8217;"},"content":{"rendered":"\n<p>Glumica Karmen Sun\u010dana Lovri\u0107 (35) nasamarila je brojne pratitelje na svom Facebook profilu.<\/p>\n\n\n\n<p>&#8211; Kad ode\u0161 na hitnu po pomo\u0107 misle\u0107i da je \u017eelu\u010dani virus&#8230; Ono, do\u0111e\u0161 i sazna\u0161 da si ustvari trudna! Evo nas 2022. &#8211; &nbsp;zapo\u010dela je Karmen pa ispod brojnih emotikona dopisala:&nbsp;<\/p>\n\n\n\n<p>&#8216;Ovaj je post od nekoga drugog na Facebooku. Samo sam htjela znati \u010ditate li zaista moje postove do kraja&#8217;, na\u0161alila se glumica.&nbsp;<\/p>\n\n\n\n<p>U komentarima su joj se odmah javili brojni pratitelji, a pale su i neke \u010destitke onih koji su nasjeli. Me\u0111u njima su Danilo \u0160erbed\u017eija, Dalibor Matani\u0107, Lana Bari\u0107, Areta \u0106urkovi\u0107\u2026<\/p>\n\n\n\n<p>Izvor:pogled.ba<\/p>\n","protected":false},"excerpt":{"rendered":"<p>Glumica Karmen Sun\u010dana Lovri\u0107 (35) nasamarila je brojne pratitelje na svom Facebook profilu. &#8211; Kad ode\u0161 na hitnu po pomo\u0107 misle\u0107i da je \u017eelu\u010dani virus&#8230; Ono, do\u0111e\u0161 i sazna\u0161 da si ustvari trudna! Evo nas 2022. &#8211; &nbsp;zapo\u010dela je Karmen pa ispod brojnih emotikona dopisala:&nbsp; &#8216;Ovaj je post od nekoga drugog na Facebooku. Samo sam [&hellip;]<\/p>\n","protected":false},"author":2,"featured_media":95170,"comment_status":"closed","ping_status":"closed","sticky":false,"template":"","format":"standard","meta":{"h5ap_radio_sources":[],"footnotes":""},"categories":[1],"tags":[],"class_list":["post-95169","post","type-post","status-publish","format-standard","has-post-thumbnail","hentry","category-bihiregija"],"yoast_head":"<!-- This site is optimized with the Yoast SEO plugin v27.4 - https:\/\/yoast.com\/product\/yoast-seo-wordpress\/ -->\n<title>Doma\u0107a glumica iznenadila sve objavom: &#039;Kad ode\u0161 na Hitnu pa sazna\u0161 da si ustvari trudna...&#039; - RADIO LJUBU\u0160KI<\/title>\n<meta name=\"robots\" content=\"index, follow, max-snippet:-1, max-image-preview:large, max-video-preview:-1\" \/>\n<link rel=\"canonical\" href=\"https:\/\/radioljubuski.ba\/index.php\/2021\/12\/02\/domaca-glumica-iznenadila-sve-objavom-kad-odes-na-hitnu-pa-saznas-da-si-ustvari-trudna\/\" \/>\n<meta property=\"og:locale\" content=\"hr_HR\" \/>\n<meta property=\"og:type\" content=\"article\" \/>\n<meta property=\"og:title\" content=\"Doma\u0107a glumica iznenadila sve objavom: &#039;Kad ode\u0161 na Hitnu pa sazna\u0161 da si ustvari trudna...&#039; - RADIO LJUBU\u0160KI\" \/>\n<meta property=\"og:description\" content=\"Glumica Karmen Sun\u010dana Lovri\u0107 (35) nasamarila je brojne pratitelje na svom Facebook profilu. &#8211; Kad ode\u0161 na hitnu po pomo\u0107 misle\u0107i da je \u017eelu\u010dani virus&#8230; Ono, do\u0111e\u0161 i sazna\u0161 da si ustvari trudna! Evo nas 2022. &#8211; &nbsp;zapo\u010dela je Karmen pa ispod brojnih emotikona dopisala:&nbsp; &#8216;Ovaj je post od nekoga drugog na Facebooku. Samo sam [&hellip;]\" \/>\n<meta property=\"og:url\" content=\"https:\/\/radioljubuski.ba\/index.php\/2021\/12\/02\/domaca-glumica-iznenadila-sve-objavom-kad-odes-na-hitnu-pa-saznas-da-si-ustvari-trudna\/\" \/>\n<meta property=\"og:site_name\" content=\"RADIO LJUBU\u0160KI\" \/>\n<meta property=\"article:publisher\" content=\"https:\/\/www.facebook.com\/Radiio-Ljubuski-1490835324566332\" \/>\n<meta property=\"article:published_time\" content=\"2021-12-02T13:33:59+00:00\" \/>\n<meta property=\"article:modified_time\" content=\"2021-12-02T13:34:00+00:00\" \/>\n<meta property=\"og:image\" content=\"https:\/\/radioljubuski.ba\/wp-content\/uploads\/2021\/12\/2-2021-12-02-10-13-14-karmen.jpg\" \/>\n\t<meta property=\"og:image:width\" content=\"1000\" \/>\n\t<meta property=\"og:image:height\" content=\"625\" \/>\n\t<meta property=\"og:image:type\" content=\"image\/jpeg\" \/>\n<meta name=\"author\" content=\"Radio Ljubu\u0161ki\" \/>\n<meta name=\"twitter:card\" content=\"summary_large_image\" \/>\n<meta name=\"twitter:creator\" content=\"@radioljubuski\" \/>\n<meta name=\"twitter:site\" content=\"@radioljubuski\" \/>\n<meta name=\"twitter:label1\" content=\"Napisao\/la\" \/>\n\t<meta name=\"twitter:data1\" content=\"Radio Ljubu\u0161ki\" \/>\n\t<meta name=\"twitter:label2\" content=\"Procijenjeno vrijeme \u010ditanja\" \/>\n\t<meta name=\"twitter:data2\" content=\"1 minuta\" \/>\n<script type=\"application\/ld+json\" class=\"yoast-schema-graph\">{\"@context\":\"https:\\\/\\\/schema.org\",\"@graph\":[{\"@type\":\"Article\",\"@id\":\"https:\\\/\\\/radioljubuski.ba\\\/index.php\\\/2021\\\/12\\\/02\\\/domaca-glumica-iznenadila-sve-objavom-kad-odes-na-hitnu-pa-saznas-da-si-ustvari-trudna\\\/#article\",\"isPartOf\":{\"@id\":\"https:\\\/\\\/radioljubuski.ba\\\/index.php\\\/2021\\\/12\\\/02\\\/domaca-glumica-iznenadila-sve-objavom-kad-odes-na-hitnu-pa-saznas-da-si-ustvari-trudna\\\/\"},\"author\":{\"name\":\"Radio Ljubu\u0161ki\",\"@id\":\"https:\\\/\\\/radioljubuski.ba\\\/#\\\/schema\\\/person\\\/19fc700381a780f69665d7956c469e3b\"},\"headline\":\"Doma\u0107a glumica iznenadila sve objavom: &#8216;Kad ode\u0161 na Hitnu pa sazna\u0161 da si ustvari trudna&#8230;&#8217;\",\"datePublished\":\"2021-12-02T13:33:59+00:00\",\"dateModified\":\"2021-12-02T13:34:00+00:00\",\"mainEntityOfPage\":{\"@id\":\"https:\\\/\\\/radioljubuski.ba\\\/index.php\\\/2021\\\/12\\\/02\\\/domaca-glumica-iznenadila-sve-objavom-kad-odes-na-hitnu-pa-saznas-da-si-ustvari-trudna\\\/\"},\"wordCount\":125,\"publisher\":{\"@id\":\"https:\\\/\\\/radioljubuski.ba\\\/#organization\"},\"image\":{\"@id\":\"https:\\\/\\\/radioljubuski.ba\\\/index.php\\\/2021\\\/12\\\/02\\\/domaca-glumica-iznenadila-sve-objavom-kad-odes-na-hitnu-pa-saznas-da-si-ustvari-trudna\\\/#primaryimage\"},\"thumbnailUrl\":\"https:\\\/\\\/radioljubuski.ba\\\/wp-content\\\/uploads\\\/2021\\\/12\\\/2-2021-12-02-10-13-14-karmen.jpg\",\"articleSection\":[\"BIH i regija\"],\"inLanguage\":\"hr\"},{\"@type\":\"WebPage\",\"@id\":\"https:\\\/\\\/radioljubuski.ba\\\/index.php\\\/2021\\\/12\\\/02\\\/domaca-glumica-iznenadila-sve-objavom-kad-odes-na-hitnu-pa-saznas-da-si-ustvari-trudna\\\/\",\"url\":\"https:\\\/\\\/radioljubuski.ba\\\/index.php\\\/2021\\\/12\\\/02\\\/domaca-glumica-iznenadila-sve-objavom-kad-odes-na-hitnu-pa-saznas-da-si-ustvari-trudna\\\/\",\"name\":\"Doma\u0107a glumica iznenadila sve objavom: 'Kad ode\u0161 na Hitnu pa sazna\u0161 da si ustvari trudna...' - RADIO LJUBU\u0160KI\",\"isPartOf\":{\"@id\":\"https:\\\/\\\/radioljubuski.ba\\\/#website\"},\"primaryImageOfPage\":{\"@id\":\"https:\\\/\\\/radioljubuski.ba\\\/index.php\\\/2021\\\/12\\\/02\\\/domaca-glumica-iznenadila-sve-objavom-kad-odes-na-hitnu-pa-saznas-da-si-ustvari-trudna\\\/#primaryimage\"},\"image\":{\"@id\":\"https:\\\/\\\/radioljubuski.ba\\\/index.php\\\/2021\\\/12\\\/02\\\/domaca-glumica-iznenadila-sve-objavom-kad-odes-na-hitnu-pa-saznas-da-si-ustvari-trudna\\\/#primaryimage\"},\"thumbnailUrl\":\"https:\\\/\\\/radioljubuski.ba\\\/wp-content\\\/uploads\\\/2021\\\/12\\\/2-2021-12-02-10-13-14-karmen.jpg\",\"datePublished\":\"2021-12-02T13:33:59+00:00\",\"dateModified\":\"2021-12-02T13:34:00+00:00\",\"breadcrumb\":{\"@id\":\"https:\\\/\\\/radioljubuski.ba\\\/index.php\\\/2021\\\/12\\\/02\\\/domaca-glumica-iznenadila-sve-objavom-kad-odes-na-hitnu-pa-saznas-da-si-ustvari-trudna\\\/#breadcrumb\"},\"inLanguage\":\"hr\",\"potentialAction\":[{\"@type\":\"ReadAction\",\"target\":[\"https:\\\/\\\/radioljubuski.ba\\\/index.php\\\/2021\\\/12\\\/02\\\/domaca-glumica-iznenadila-sve-objavom-kad-odes-na-hitnu-pa-saznas-da-si-ustvari-trudna\\\/\"]}]},{\"@type\":\"ImageObject\",\"inLanguage\":\"hr\",\"@id\":\"https:\\\/\\\/radioljubuski.ba\\\/index.php\\\/2021\\\/12\\\/02\\\/domaca-glumica-iznenadila-sve-objavom-kad-odes-na-hitnu-pa-saznas-da-si-ustvari-trudna\\\/#primaryimage\",\"url\":\"https:\\\/\\\/radioljubuski.ba\\\/wp-content\\\/uploads\\\/2021\\\/12\\\/2-2021-12-02-10-13-14-karmen.jpg\",\"contentUrl\":\"https:\\\/\\\/radioljubuski.ba\\\/wp-content\\\/uploads\\\/2021\\\/12\\\/2-2021-12-02-10-13-14-karmen.jpg\",\"width\":1000,\"height\":625},{\"@type\":\"BreadcrumbList\",\"@id\":\"https:\\\/\\\/radioljubuski.ba\\\/index.php\\\/2021\\\/12\\\/02\\\/domaca-glumica-iznenadila-sve-objavom-kad-odes-na-hitnu-pa-saznas-da-si-ustvari-trudna\\\/#breadcrumb\",\"itemListElement\":[{\"@type\":\"ListItem\",\"position\":1,\"name\":\"Po\u010detna stranica\",\"item\":\"https:\\\/\\\/radioljubuski.ba\\\/\"},{\"@type\":\"ListItem\",\"position\":2,\"name\":\"Doma\u0107a glumica iznenadila sve objavom: &#8216;Kad ode\u0161 na Hitnu pa sazna\u0161 da si ustvari trudna&#8230;&#8217;\"}]},{\"@type\":\"WebSite\",\"@id\":\"https:\\\/\\\/radioljubuski.ba\\\/#website\",\"url\":\"https:\\\/\\\/radioljubuski.ba\\\/\",\"name\":\"Radio Ljubu\u0161ki\",\"description\":\"Sun\u010dana frekvencija Hercegovine\",\"publisher\":{\"@id\":\"https:\\\/\\\/radioljubuski.ba\\\/#organization\"},\"potentialAction\":[{\"@type\":\"SearchAction\",\"target\":{\"@type\":\"EntryPoint\",\"urlTemplate\":\"https:\\\/\\\/radioljubuski.ba\\\/?s={search_term_string}\"},\"query-input\":{\"@type\":\"PropertyValueSpecification\",\"valueRequired\":true,\"valueName\":\"search_term_string\"}}],\"inLanguage\":\"hr\"},{\"@type\":\"Organization\",\"@id\":\"https:\\\/\\\/radioljubuski.ba\\\/#organization\",\"name\":\"Radio Ljubu\u0161ki\",\"url\":\"https:\\\/\\\/radioljubuski.ba\\\/\",\"logo\":{\"@type\":\"ImageObject\",\"inLanguage\":\"hr\",\"@id\":\"https:\\\/\\\/radioljubuski.ba\\\/#\\\/schema\\\/logo\\\/image\\\/\",\"url\":\"https:\\\/\\\/radioljubuski.ba\\\/wp-content\\\/uploads\\\/2021\\\/02\\\/cropped-Radio_Ljubuski_logo1.jpg\",\"contentUrl\":\"https:\\\/\\\/radioljubuski.ba\\\/wp-content\\\/uploads\\\/2021\\\/02\\\/cropped-Radio_Ljubuski_logo1.jpg\",\"width\":512,\"height\":512,\"caption\":\"Radio Ljubu\u0161ki\"},\"image\":{\"@id\":\"https:\\\/\\\/radioljubuski.ba\\\/#\\\/schema\\\/logo\\\/image\\\/\"},\"sameAs\":[\"https:\\\/\\\/www.facebook.com\\\/Radiio-Ljubuski-1490835324566332\",\"https:\\\/\\\/x.com\\\/radioljubuski\",\"https:\\\/\\\/hr.linkedin.com\\\/company\\\/radio-ljubuski\",\"https:\\\/\\\/www.youtube.com\\\/channel\\\/UCHYaeO_n0Db3tjNGudGpXyw\"]},{\"@type\":\"Person\",\"@id\":\"https:\\\/\\\/radioljubuski.ba\\\/#\\\/schema\\\/person\\\/19fc700381a780f69665d7956c469e3b\",\"name\":\"Radio Ljubu\u0161ki\"}]}<\/script>\n<!-- \/ Yoast SEO plugin. -->","yoast_head_json":{"title":"Doma\u0107a glumica iznenadila sve objavom: 'Kad ode\u0161 na Hitnu pa sazna\u0161 da si ustvari trudna...' - RADIO LJUBU\u0160KI","robots":{"index":"index","follow":"follow","max-snippet":"max-snippet:-1","max-image-preview":"max-image-preview:large","max-video-preview":"max-video-preview:-1"},"canonical":"https:\/\/radioljubuski.ba\/index.php\/2021\/12\/02\/domaca-glumica-iznenadila-sve-objavom-kad-odes-na-hitnu-pa-saznas-da-si-ustvari-trudna\/","og_locale":"hr_HR","og_type":"article","og_title":"Doma\u0107a glumica iznenadila sve objavom: 'Kad ode\u0161 na Hitnu pa sazna\u0161 da si ustvari trudna...' - RADIO LJUBU\u0160KI","og_description":"Glumica Karmen Sun\u010dana Lovri\u0107 (35) nasamarila je brojne pratitelje na svom Facebook profilu. &#8211; Kad ode\u0161 na hitnu po pomo\u0107 misle\u0107i da je \u017eelu\u010dani virus&#8230; Ono, do\u0111e\u0161 i sazna\u0161 da si ustvari trudna! Evo nas 2022. &#8211; &nbsp;zapo\u010dela je Karmen pa ispod brojnih emotikona dopisala:&nbsp; &#8216;Ovaj je post od nekoga drugog na Facebooku. Samo sam [&hellip;]","og_url":"https:\/\/radioljubuski.ba\/index.php\/2021\/12\/02\/domaca-glumica-iznenadila-sve-objavom-kad-odes-na-hitnu-pa-saznas-da-si-ustvari-trudna\/","og_site_name":"RADIO LJUBU\u0160KI","article_publisher":"https:\/\/www.facebook.com\/Radiio-Ljubuski-1490835324566332","article_published_time":"2021-12-02T13:33:59+00:00","article_modified_time":"2021-12-02T13:34:00+00:00","og_image":[{"width":1000,"height":625,"url":"https:\/\/radioljubuski.ba\/wp-content\/uploads\/2021\/12\/2-2021-12-02-10-13-14-karmen.jpg","type":"image\/jpeg"}],"author":"Radio Ljubu\u0161ki","twitter_card":"summary_large_image","twitter_creator":"@radioljubuski","twitter_site":"@radioljubuski","twitter_misc":{"Napisao\/la":"Radio Ljubu\u0161ki","Procijenjeno vrijeme \u010ditanja":"1 minuta"},"schema":{"@context":"https:\/\/schema.org","@graph":[{"@type":"Article","@id":"https:\/\/radioljubuski.ba\/index.php\/2021\/12\/02\/domaca-glumica-iznenadila-sve-objavom-kad-odes-na-hitnu-pa-saznas-da-si-ustvari-trudna\/#article","isPartOf":{"@id":"https:\/\/radioljubuski.ba\/index.php\/2021\/12\/02\/domaca-glumica-iznenadila-sve-objavom-kad-odes-na-hitnu-pa-saznas-da-si-ustvari-trudna\/"},"author":{"name":"Radio Ljubu\u0161ki","@id":"https:\/\/radioljubuski.ba\/#\/schema\/person\/19fc700381a780f69665d7956c469e3b"},"headline":"Doma\u0107a glumica iznenadila sve objavom: &#8216;Kad ode\u0161 na Hitnu pa sazna\u0161 da si ustvari trudna&#8230;&#8217;","datePublished":"2021-12-02T13:33:59+00:00","dateModified":"2021-12-02T13:34:00+00:00","mainEntityOfPage":{"@id":"https:\/\/radioljubuski.ba\/index.php\/2021\/12\/02\/domaca-glumica-iznenadila-sve-objavom-kad-odes-na-hitnu-pa-saznas-da-si-ustvari-trudna\/"},"wordCount":125,"publisher":{"@id":"https:\/\/radioljubuski.ba\/#organization"},"image":{"@id":"https:\/\/radioljubuski.ba\/index.php\/2021\/12\/02\/domaca-glumica-iznenadila-sve-objavom-kad-odes-na-hitnu-pa-saznas-da-si-ustvari-trudna\/#primaryimage"},"thumbnailUrl":"https:\/\/radioljubuski.ba\/wp-content\/uploads\/2021\/12\/2-2021-12-02-10-13-14-karmen.jpg","articleSection":["BIH i regija"],"inLanguage":"hr"},{"@type":"WebPage","@id":"https:\/\/radioljubuski.ba\/index.php\/2021\/12\/02\/domaca-glumica-iznenadila-sve-objavom-kad-odes-na-hitnu-pa-saznas-da-si-ustvari-trudna\/","url":"https:\/\/radioljubuski.ba\/index.php\/2021\/12\/02\/domaca-glumica-iznenadila-sve-objavom-kad-odes-na-hitnu-pa-saznas-da-si-ustvari-trudna\/","name":"Doma\u0107a glumica iznenadila sve objavom: 'Kad ode\u0161 na Hitnu pa sazna\u0161 da si ustvari trudna...' - RADIO LJUBU\u0160KI","isPartOf":{"@id":"https:\/\/radioljubuski.ba\/#website"},"primaryImageOfPage":{"@id":"https:\/\/radioljubuski.ba\/index.php\/2021\/12\/02\/domaca-glumica-iznenadila-sve-objavom-kad-odes-na-hitnu-pa-saznas-da-si-ustvari-trudna\/#primaryimage"},"image":{"@id":"https:\/\/radioljubuski.ba\/index.php\/2021\/12\/02\/domaca-glumica-iznenadila-sve-objavom-kad-odes-na-hitnu-pa-saznas-da-si-ustvari-trudna\/#primaryimage"},"thumbnailUrl":"https:\/\/radioljubuski.ba\/wp-content\/uploads\/2021\/12\/2-2021-12-02-10-13-14-karmen.jpg","datePublished":"2021-12-02T13:33:59+00:00","dateModified":"2021-12-02T13:34:00+00:00","breadcrumb":{"@id":"https:\/\/radioljubuski.ba\/index.php\/2021\/12\/02\/domaca-glumica-iznenadila-sve-objavom-kad-odes-na-hitnu-pa-saznas-da-si-ustvari-trudna\/#breadcrumb"},"inLanguage":"hr","potentialAction":[{"@type":"ReadAction","target":["https:\/\/radioljubuski.ba\/index.php\/2021\/12\/02\/domaca-glumica-iznenadila-sve-objavom-kad-odes-na-hitnu-pa-saznas-da-si-ustvari-trudna\/"]}]},{"@type":"ImageObject","inLanguage":"hr","@id":"https:\/\/radioljubuski.ba\/index.php\/2021\/12\/02\/domaca-glumica-iznenadila-sve-objavom-kad-odes-na-hitnu-pa-saznas-da-si-ustvari-trudna\/#primaryimage","url":"https:\/\/radioljubuski.ba\/wp-content\/uploads\/2021\/12\/2-2021-12-02-10-13-14-karmen.jpg","contentUrl":"https:\/\/radioljubuski.ba\/wp-content\/uploads\/2021\/12\/2-2021-12-02-10-13-14-karmen.jpg","width":1000,"height":625},{"@type":"BreadcrumbList","@id":"https:\/\/radioljubuski.ba\/index.php\/2021\/12\/02\/domaca-glumica-iznenadila-sve-objavom-kad-odes-na-hitnu-pa-saznas-da-si-ustvari-trudna\/#breadcrumb","itemListElement":[{"@type":"ListItem","position":1,"name":"Po\u010detna stranica","item":"https:\/\/radioljubuski.ba\/"},{"@type":"ListItem","position":2,"name":"Doma\u0107a glumica iznenadila sve objavom: &#8216;Kad ode\u0161 na Hitnu pa sazna\u0161 da si ustvari trudna&#8230;&#8217;"}]},{"@type":"WebSite","@id":"https:\/\/radioljubuski.ba\/#website","url":"https:\/\/radioljubuski.ba\/","name":"Radio Ljubu\u0161ki","description":"Sun\u010dana frekvencija Hercegovine","publisher":{"@id":"https:\/\/radioljubuski.ba\/#organization"},"potentialAction":[{"@type":"SearchAction","target":{"@type":"EntryPoint","urlTemplate":"https:\/\/radioljubuski.ba\/?s={search_term_string}"},"query-input":{"@type":"PropertyValueSpecification","valueRequired":true,"valueName":"search_term_string"}}],"inLanguage":"hr"},{"@type":"Organization","@id":"https:\/\/radioljubuski.ba\/#organization","name":"Radio Ljubu\u0161ki","url":"https:\/\/radioljubuski.ba\/","logo":{"@type":"ImageObject","inLanguage":"hr","@id":"https:\/\/radioljubuski.ba\/#\/schema\/logo\/image\/","url":"https:\/\/radioljubuski.ba\/wp-content\/uploads\/2021\/02\/cropped-Radio_Ljubuski_logo1.jpg","contentUrl":"https:\/\/radioljubuski.ba\/wp-content\/uploads\/2021\/02\/cropped-Radio_Ljubuski_logo1.jpg","width":512,"height":512,"caption":"Radio Ljubu\u0161ki"},"image":{"@id":"https:\/\/radioljubuski.ba\/#\/schema\/logo\/image\/"},"sameAs":["https:\/\/www.facebook.com\/Radiio-Ljubuski-1490835324566332","https:\/\/x.com\/radioljubuski","https:\/\/hr.linkedin.com\/company\/radio-ljubuski","https:\/\/www.youtube.com\/channel\/UCHYaeO_n0Db3tjNGudGpXyw"]},{"@type":"Person","@id":"https:\/\/radioljubuski.ba\/#\/schema\/person\/19fc700381a780f69665d7956c469e3b","name":"Radio Ljubu\u0161ki"}]}},"_links":{"self":[{"href":"https:\/\/radioljubuski.ba\/index.php\/wp-json\/wp\/v2\/posts\/95169","targetHints":{"allow":["GET"]}}],"collection":[{"href":"https:\/\/radioljubuski.ba\/index.php\/wp-json\/wp\/v2\/posts"}],"about":[{"href":"https:\/\/radioljubuski.ba\/index.php\/wp-json\/wp\/v2\/types\/post"}],"author":[{"embeddable":true,"href":"https:\/\/radioljubuski.ba\/index.php\/wp-json\/wp\/v2\/users\/2"}],"replies":[{"embeddable":true,"href":"https:\/\/radioljubuski.ba\/index.php\/wp-json\/wp\/v2\/comments?post=95169"}],"version-history":[{"count":1,"href":"https:\/\/radioljubuski.ba\/index.php\/wp-json\/wp\/v2\/posts\/95169\/revisions"}],"predecessor-version":[{"id":95171,"href":"https:\/\/radioljubuski.ba\/index.php\/wp-json\/wp\/v2\/posts\/95169\/revisions\/95171"}],"wp:featuredmedia":[{"embeddable":true,"href":"https:\/\/radioljubuski.ba\/index.php\/wp-json\/wp\/v2\/media\/95170"}],"wp:attachment":[{"href":"https:\/\/radioljubuski.ba\/index.php\/wp-json\/wp\/v2\/media?parent=95169"}],"wp:term":[{"taxonomy":"category","embeddable":true,"href":"https:\/\/radioljubuski.ba\/index.php\/wp-json\/wp\/v2\/categories?post=95169"},{"taxonomy":"post_tag","embeddable":true,"href":"https:\/\/radioljubuski.ba\/index.php\/wp-json\/wp\/v2\/tags?post=95169"}],"curies":[{"name":"wp","href":"https:\/\/api.w.org\/{rel}","templated":true}]}}