{"id":95176,"date":"2021-12-02T14:38:14","date_gmt":"2021-12-02T13:38:14","guid":{"rendered":"https:\/\/radioljubuski.ba\/?p=95176"},"modified":"2021-12-02T14:38:14","modified_gmt":"2021-12-02T13:38:14","slug":"renata-vukovic-se-u-turskoj-bori-za-zivot-pomozimo-joj-da-prikupi-novac-za-lijecenje","status":"publish","type":"post","link":"https:\/\/radioljubuski.ba\/index.php\/2021\/12\/02\/renata-vukovic-se-u-turskoj-bori-za-zivot-pomozimo-joj-da-prikupi-novac-za-lijecenje\/","title":{"rendered":"Renata Vukovi\u0107 se u Turskoj bori za \u017eivot, pomozimo joj da prikupi novac za lije\u010denje"},"content":{"rendered":"\n<p>Udru\u017eenje Pomozi.ba pokrenulo je hitni apel za prikupljanje sredstava za Renatu Vukovi\u0107 iz Sarajeva koja se bori za \u017eivot i nalazi se na lije\u010denju u Turskoj, a mi smo dali garanciju da \u0107emo pokriti tro\u0161kove njenog lije\u010denja koji jo\u0161 uvijek do kraja nisu poznati.<\/p>\n\n\n\n<p>Za Renatu je otvoren humanitarni broj 17007, pozivom donirate 2 KM, a broj je jedinstven za sve operatere u BiH. Novac mo\u017eete donirati i ovdje.<\/p>\n\n\n\n<p>Sudbina nam \u010desto pi\u0161e takve pri\u010de koje na\u0161 \u017eivot iznenada promijene iz temelja. Nekada potpuno zdrava, puna \u017eivota, sretna, okru\u017eena dragom majkom i voljenom djecom. Danas, na postelji, nepokretna, sa dijagnozama od kojih zastanete, izgubite dah.<\/p>\n\n\n\n<p>Od rutinskih pretraga nakon pozitivnog testa na korona virus, lije\u010dnici su otkrili primarni karcinom na maternici i brojne metastaze na drugim organima. Idu\u0107e jutro, hvatate se za slamku, tra\u017ee\u0107i spas bilo gdje, spremni na sve, jer vas va\u0161a djeca jo\u0161 uvijek, itekako, trebaju. Borba sa dijagnozama koje Renata ima je te\u0161ka i bez pomo\u0107i svih vas ne mo\u017eemo ni ovaj put.<\/p>\n\n\n\n<p>Nakon mnogobrojnih pretraga, Renati je preporu\u010deno intenzivno lije\u010denje za koje je potrebno preko 30.000 eura, a obitelj nije u mogu\u0107nosti osigurati ovaj iznos.<\/p>\n\n\n\n<p>Renati pored poziva na broj 17007 mo\u017eete pomo\u0107i donacijama putem web platforme www.pomozi.ba, uplatama putem PayPala ili \u017eiro ra\u010duna Udru\u017eenja Pomozi.ba.<\/p>\n\n\n\n<p>Izvor:pogled.ba<\/p>\n","protected":false},"excerpt":{"rendered":"<p>Udru\u017eenje Pomozi.ba pokrenulo je hitni apel za prikupljanje sredstava za Renatu Vukovi\u0107 iz Sarajeva koja se bori za \u017eivot i nalazi se na lije\u010denju u Turskoj, a mi smo dali garanciju da \u0107emo pokriti tro\u0161kove njenog lije\u010denja koji jo\u0161 uvijek do kraja nisu poznati. Za Renatu je otvoren humanitarni broj 17007, pozivom donirate 2 KM, [&hellip;]<\/p>\n","protected":false},"author":2,"featured_media":95177,"comment_status":"closed","ping_status":"closed","sticky":false,"template":"","format":"standard","meta":{"h5ap_radio_sources":[],"footnotes":""},"categories":[1],"tags":[],"class_list":["post-95176","post","type-post","status-publish","format-standard","has-post-thumbnail","hentry","category-bihiregija"],"yoast_head":"<!-- This site is optimized with the Yoast SEO plugin v27.4 - https:\/\/yoast.com\/product\/yoast-seo-wordpress\/ -->\n<title>Renata Vukovi\u0107 se u Turskoj bori za \u017eivot, pomozimo joj da prikupi novac za lije\u010denje - RADIO LJUBU\u0160KI<\/title>\n<meta name=\"robots\" content=\"index, follow, max-snippet:-1, max-image-preview:large, max-video-preview:-1\" \/>\n<link rel=\"canonical\" href=\"https:\/\/radioljubuski.ba\/index.php\/2021\/12\/02\/renata-vukovic-se-u-turskoj-bori-za-zivot-pomozimo-joj-da-prikupi-novac-za-lijecenje\/\" \/>\n<meta property=\"og:locale\" content=\"hr_HR\" \/>\n<meta property=\"og:type\" content=\"article\" \/>\n<meta property=\"og:title\" content=\"Renata Vukovi\u0107 se u Turskoj bori za \u017eivot, pomozimo joj da prikupi novac za lije\u010denje - RADIO LJUBU\u0160KI\" \/>\n<meta property=\"og:description\" content=\"Udru\u017eenje Pomozi.ba pokrenulo je hitni apel za prikupljanje sredstava za Renatu Vukovi\u0107 iz Sarajeva koja se bori za \u017eivot i nalazi se na lije\u010denju u Turskoj, a mi smo dali garanciju da \u0107emo pokriti tro\u0161kove njenog lije\u010denja koji jo\u0161 uvijek do kraja nisu poznati. Za Renatu je otvoren humanitarni broj 17007, pozivom donirate 2 KM, [&hellip;]\" \/>\n<meta property=\"og:url\" content=\"https:\/\/radioljubuski.ba\/index.php\/2021\/12\/02\/renata-vukovic-se-u-turskoj-bori-za-zivot-pomozimo-joj-da-prikupi-novac-za-lijecenje\/\" \/>\n<meta property=\"og:site_name\" content=\"RADIO LJUBU\u0160KI\" \/>\n<meta property=\"article:publisher\" content=\"https:\/\/www.facebook.com\/Radiio-Ljubuski-1490835324566332\" \/>\n<meta property=\"article:published_time\" content=\"2021-12-02T13:38:14+00:00\" \/>\n<meta property=\"og:image\" content=\"https:\/\/radioljubuski.ba\/wp-content\/uploads\/2021\/12\/2-2021-12-02-10-27-24-renata.jpg\" \/>\n\t<meta property=\"og:image:width\" content=\"1000\" \/>\n\t<meta property=\"og:image:height\" content=\"625\" \/>\n\t<meta property=\"og:image:type\" content=\"image\/jpeg\" \/>\n<meta name=\"author\" content=\"Radio Ljubu\u0161ki\" \/>\n<meta name=\"twitter:card\" content=\"summary_large_image\" \/>\n<meta name=\"twitter:creator\" content=\"@radioljubuski\" \/>\n<meta name=\"twitter:site\" content=\"@radioljubuski\" \/>\n<meta name=\"twitter:label1\" content=\"Napisao\/la\" \/>\n\t<meta name=\"twitter:data1\" content=\"Radio Ljubu\u0161ki\" \/>\n\t<meta name=\"twitter:label2\" content=\"Procijenjeno vrijeme \u010ditanja\" \/>\n\t<meta name=\"twitter:data2\" content=\"1 minuta\" \/>\n<script type=\"application\/ld+json\" class=\"yoast-schema-graph\">{\"@context\":\"https:\\\/\\\/schema.org\",\"@graph\":[{\"@type\":\"Article\",\"@id\":\"https:\\\/\\\/radioljubuski.ba\\\/index.php\\\/2021\\\/12\\\/02\\\/renata-vukovic-se-u-turskoj-bori-za-zivot-pomozimo-joj-da-prikupi-novac-za-lijecenje\\\/#article\",\"isPartOf\":{\"@id\":\"https:\\\/\\\/radioljubuski.ba\\\/index.php\\\/2021\\\/12\\\/02\\\/renata-vukovic-se-u-turskoj-bori-za-zivot-pomozimo-joj-da-prikupi-novac-za-lijecenje\\\/\"},\"author\":{\"name\":\"Radio Ljubu\u0161ki\",\"@id\":\"https:\\\/\\\/radioljubuski.ba\\\/#\\\/schema\\\/person\\\/19fc700381a780f69665d7956c469e3b\"},\"headline\":\"Renata Vukovi\u0107 se u Turskoj bori za \u017eivot, pomozimo joj da prikupi novac za lije\u010denje\",\"datePublished\":\"2021-12-02T13:38:14+00:00\",\"mainEntityOfPage\":{\"@id\":\"https:\\\/\\\/radioljubuski.ba\\\/index.php\\\/2021\\\/12\\\/02\\\/renata-vukovic-se-u-turskoj-bori-za-zivot-pomozimo-joj-da-prikupi-novac-za-lijecenje\\\/\"},\"wordCount\":252,\"publisher\":{\"@id\":\"https:\\\/\\\/radioljubuski.ba\\\/#organization\"},\"image\":{\"@id\":\"https:\\\/\\\/radioljubuski.ba\\\/index.php\\\/2021\\\/12\\\/02\\\/renata-vukovic-se-u-turskoj-bori-za-zivot-pomozimo-joj-da-prikupi-novac-za-lijecenje\\\/#primaryimage\"},\"thumbnailUrl\":\"https:\\\/\\\/radioljubuski.ba\\\/wp-content\\\/uploads\\\/2021\\\/12\\\/2-2021-12-02-10-27-24-renata.jpg\",\"articleSection\":[\"BIH i regija\"],\"inLanguage\":\"hr\"},{\"@type\":\"WebPage\",\"@id\":\"https:\\\/\\\/radioljubuski.ba\\\/index.php\\\/2021\\\/12\\\/02\\\/renata-vukovic-se-u-turskoj-bori-za-zivot-pomozimo-joj-da-prikupi-novac-za-lijecenje\\\/\",\"url\":\"https:\\\/\\\/radioljubuski.ba\\\/index.php\\\/2021\\\/12\\\/02\\\/renata-vukovic-se-u-turskoj-bori-za-zivot-pomozimo-joj-da-prikupi-novac-za-lijecenje\\\/\",\"name\":\"Renata Vukovi\u0107 se u Turskoj bori za \u017eivot, pomozimo joj da prikupi novac za lije\u010denje - RADIO LJUBU\u0160KI\",\"isPartOf\":{\"@id\":\"https:\\\/\\\/radioljubuski.ba\\\/#website\"},\"primaryImageOfPage\":{\"@id\":\"https:\\\/\\\/radioljubuski.ba\\\/index.php\\\/2021\\\/12\\\/02\\\/renata-vukovic-se-u-turskoj-bori-za-zivot-pomozimo-joj-da-prikupi-novac-za-lijecenje\\\/#primaryimage\"},\"image\":{\"@id\":\"https:\\\/\\\/radioljubuski.ba\\\/index.php\\\/2021\\\/12\\\/02\\\/renata-vukovic-se-u-turskoj-bori-za-zivot-pomozimo-joj-da-prikupi-novac-za-lijecenje\\\/#primaryimage\"},\"thumbnailUrl\":\"https:\\\/\\\/radioljubuski.ba\\\/wp-content\\\/uploads\\\/2021\\\/12\\\/2-2021-12-02-10-27-24-renata.jpg\",\"datePublished\":\"2021-12-02T13:38:14+00:00\",\"breadcrumb\":{\"@id\":\"https:\\\/\\\/radioljubuski.ba\\\/index.php\\\/2021\\\/12\\\/02\\\/renata-vukovic-se-u-turskoj-bori-za-zivot-pomozimo-joj-da-prikupi-novac-za-lijecenje\\\/#breadcrumb\"},\"inLanguage\":\"hr\",\"potentialAction\":[{\"@type\":\"ReadAction\",\"target\":[\"https:\\\/\\\/radioljubuski.ba\\\/index.php\\\/2021\\\/12\\\/02\\\/renata-vukovic-se-u-turskoj-bori-za-zivot-pomozimo-joj-da-prikupi-novac-za-lijecenje\\\/\"]}]},{\"@type\":\"ImageObject\",\"inLanguage\":\"hr\",\"@id\":\"https:\\\/\\\/radioljubuski.ba\\\/index.php\\\/2021\\\/12\\\/02\\\/renata-vukovic-se-u-turskoj-bori-za-zivot-pomozimo-joj-da-prikupi-novac-za-lijecenje\\\/#primaryimage\",\"url\":\"https:\\\/\\\/radioljubuski.ba\\\/wp-content\\\/uploads\\\/2021\\\/12\\\/2-2021-12-02-10-27-24-renata.jpg\",\"contentUrl\":\"https:\\\/\\\/radioljubuski.ba\\\/wp-content\\\/uploads\\\/2021\\\/12\\\/2-2021-12-02-10-27-24-renata.jpg\",\"width\":1000,\"height\":625},{\"@type\":\"BreadcrumbList\",\"@id\":\"https:\\\/\\\/radioljubuski.ba\\\/index.php\\\/2021\\\/12\\\/02\\\/renata-vukovic-se-u-turskoj-bori-za-zivot-pomozimo-joj-da-prikupi-novac-za-lijecenje\\\/#breadcrumb\",\"itemListElement\":[{\"@type\":\"ListItem\",\"position\":1,\"name\":\"Po\u010detna stranica\",\"item\":\"https:\\\/\\\/radioljubuski.ba\\\/\"},{\"@type\":\"ListItem\",\"position\":2,\"name\":\"Renata Vukovi\u0107 se u Turskoj bori za \u017eivot, pomozimo joj da prikupi novac za lije\u010denje\"}]},{\"@type\":\"WebSite\",\"@id\":\"https:\\\/\\\/radioljubuski.ba\\\/#website\",\"url\":\"https:\\\/\\\/radioljubuski.ba\\\/\",\"name\":\"Radio Ljubu\u0161ki\",\"description\":\"Sun\u010dana frekvencija Hercegovine\",\"publisher\":{\"@id\":\"https:\\\/\\\/radioljubuski.ba\\\/#organization\"},\"potentialAction\":[{\"@type\":\"SearchAction\",\"target\":{\"@type\":\"EntryPoint\",\"urlTemplate\":\"https:\\\/\\\/radioljubuski.ba\\\/?s={search_term_string}\"},\"query-input\":{\"@type\":\"PropertyValueSpecification\",\"valueRequired\":true,\"valueName\":\"search_term_string\"}}],\"inLanguage\":\"hr\"},{\"@type\":\"Organization\",\"@id\":\"https:\\\/\\\/radioljubuski.ba\\\/#organization\",\"name\":\"Radio Ljubu\u0161ki\",\"url\":\"https:\\\/\\\/radioljubuski.ba\\\/\",\"logo\":{\"@type\":\"ImageObject\",\"inLanguage\":\"hr\",\"@id\":\"https:\\\/\\\/radioljubuski.ba\\\/#\\\/schema\\\/logo\\\/image\\\/\",\"url\":\"https:\\\/\\\/radioljubuski.ba\\\/wp-content\\\/uploads\\\/2021\\\/02\\\/cropped-Radio_Ljubuski_logo1.jpg\",\"contentUrl\":\"https:\\\/\\\/radioljubuski.ba\\\/wp-content\\\/uploads\\\/2021\\\/02\\\/cropped-Radio_Ljubuski_logo1.jpg\",\"width\":512,\"height\":512,\"caption\":\"Radio Ljubu\u0161ki\"},\"image\":{\"@id\":\"https:\\\/\\\/radioljubuski.ba\\\/#\\\/schema\\\/logo\\\/image\\\/\"},\"sameAs\":[\"https:\\\/\\\/www.facebook.com\\\/Radiio-Ljubuski-1490835324566332\",\"https:\\\/\\\/x.com\\\/radioljubuski\",\"https:\\\/\\\/hr.linkedin.com\\\/company\\\/radio-ljubuski\",\"https:\\\/\\\/www.youtube.com\\\/channel\\\/UCHYaeO_n0Db3tjNGudGpXyw\"]},{\"@type\":\"Person\",\"@id\":\"https:\\\/\\\/radioljubuski.ba\\\/#\\\/schema\\\/person\\\/19fc700381a780f69665d7956c469e3b\",\"name\":\"Radio Ljubu\u0161ki\"}]}<\/script>\n<!-- \/ Yoast SEO plugin. -->","yoast_head_json":{"title":"Renata Vukovi\u0107 se u Turskoj bori za \u017eivot, pomozimo joj da prikupi novac za lije\u010denje - RADIO LJUBU\u0160KI","robots":{"index":"index","follow":"follow","max-snippet":"max-snippet:-1","max-image-preview":"max-image-preview:large","max-video-preview":"max-video-preview:-1"},"canonical":"https:\/\/radioljubuski.ba\/index.php\/2021\/12\/02\/renata-vukovic-se-u-turskoj-bori-za-zivot-pomozimo-joj-da-prikupi-novac-za-lijecenje\/","og_locale":"hr_HR","og_type":"article","og_title":"Renata Vukovi\u0107 se u Turskoj bori za \u017eivot, pomozimo joj da prikupi novac za lije\u010denje - RADIO LJUBU\u0160KI","og_description":"Udru\u017eenje Pomozi.ba pokrenulo je hitni apel za prikupljanje sredstava za Renatu Vukovi\u0107 iz Sarajeva koja se bori za \u017eivot i nalazi se na lije\u010denju u Turskoj, a mi smo dali garanciju da \u0107emo pokriti tro\u0161kove njenog lije\u010denja koji jo\u0161 uvijek do kraja nisu poznati. Za Renatu je otvoren humanitarni broj 17007, pozivom donirate 2 KM, [&hellip;]","og_url":"https:\/\/radioljubuski.ba\/index.php\/2021\/12\/02\/renata-vukovic-se-u-turskoj-bori-za-zivot-pomozimo-joj-da-prikupi-novac-za-lijecenje\/","og_site_name":"RADIO LJUBU\u0160KI","article_publisher":"https:\/\/www.facebook.com\/Radiio-Ljubuski-1490835324566332","article_published_time":"2021-12-02T13:38:14+00:00","og_image":[{"width":1000,"height":625,"url":"https:\/\/radioljubuski.ba\/wp-content\/uploads\/2021\/12\/2-2021-12-02-10-27-24-renata.jpg","type":"image\/jpeg"}],"author":"Radio Ljubu\u0161ki","twitter_card":"summary_large_image","twitter_creator":"@radioljubuski","twitter_site":"@radioljubuski","twitter_misc":{"Napisao\/la":"Radio Ljubu\u0161ki","Procijenjeno vrijeme \u010ditanja":"1 minuta"},"schema":{"@context":"https:\/\/schema.org","@graph":[{"@type":"Article","@id":"https:\/\/radioljubuski.ba\/index.php\/2021\/12\/02\/renata-vukovic-se-u-turskoj-bori-za-zivot-pomozimo-joj-da-prikupi-novac-za-lijecenje\/#article","isPartOf":{"@id":"https:\/\/radioljubuski.ba\/index.php\/2021\/12\/02\/renata-vukovic-se-u-turskoj-bori-za-zivot-pomozimo-joj-da-prikupi-novac-za-lijecenje\/"},"author":{"name":"Radio Ljubu\u0161ki","@id":"https:\/\/radioljubuski.ba\/#\/schema\/person\/19fc700381a780f69665d7956c469e3b"},"headline":"Renata Vukovi\u0107 se u Turskoj bori za \u017eivot, pomozimo joj da prikupi novac za lije\u010denje","datePublished":"2021-12-02T13:38:14+00:00","mainEntityOfPage":{"@id":"https:\/\/radioljubuski.ba\/index.php\/2021\/12\/02\/renata-vukovic-se-u-turskoj-bori-za-zivot-pomozimo-joj-da-prikupi-novac-za-lijecenje\/"},"wordCount":252,"publisher":{"@id":"https:\/\/radioljubuski.ba\/#organization"},"image":{"@id":"https:\/\/radioljubuski.ba\/index.php\/2021\/12\/02\/renata-vukovic-se-u-turskoj-bori-za-zivot-pomozimo-joj-da-prikupi-novac-za-lijecenje\/#primaryimage"},"thumbnailUrl":"https:\/\/radioljubuski.ba\/wp-content\/uploads\/2021\/12\/2-2021-12-02-10-27-24-renata.jpg","articleSection":["BIH i regija"],"inLanguage":"hr"},{"@type":"WebPage","@id":"https:\/\/radioljubuski.ba\/index.php\/2021\/12\/02\/renata-vukovic-se-u-turskoj-bori-za-zivot-pomozimo-joj-da-prikupi-novac-za-lijecenje\/","url":"https:\/\/radioljubuski.ba\/index.php\/2021\/12\/02\/renata-vukovic-se-u-turskoj-bori-za-zivot-pomozimo-joj-da-prikupi-novac-za-lijecenje\/","name":"Renata Vukovi\u0107 se u Turskoj bori za \u017eivot, pomozimo joj da prikupi novac za lije\u010denje - RADIO LJUBU\u0160KI","isPartOf":{"@id":"https:\/\/radioljubuski.ba\/#website"},"primaryImageOfPage":{"@id":"https:\/\/radioljubuski.ba\/index.php\/2021\/12\/02\/renata-vukovic-se-u-turskoj-bori-za-zivot-pomozimo-joj-da-prikupi-novac-za-lijecenje\/#primaryimage"},"image":{"@id":"https:\/\/radioljubuski.ba\/index.php\/2021\/12\/02\/renata-vukovic-se-u-turskoj-bori-za-zivot-pomozimo-joj-da-prikupi-novac-za-lijecenje\/#primaryimage"},"thumbnailUrl":"https:\/\/radioljubuski.ba\/wp-content\/uploads\/2021\/12\/2-2021-12-02-10-27-24-renata.jpg","datePublished":"2021-12-02T13:38:14+00:00","breadcrumb":{"@id":"https:\/\/radioljubuski.ba\/index.php\/2021\/12\/02\/renata-vukovic-se-u-turskoj-bori-za-zivot-pomozimo-joj-da-prikupi-novac-za-lijecenje\/#breadcrumb"},"inLanguage":"hr","potentialAction":[{"@type":"ReadAction","target":["https:\/\/radioljubuski.ba\/index.php\/2021\/12\/02\/renata-vukovic-se-u-turskoj-bori-za-zivot-pomozimo-joj-da-prikupi-novac-za-lijecenje\/"]}]},{"@type":"ImageObject","inLanguage":"hr","@id":"https:\/\/radioljubuski.ba\/index.php\/2021\/12\/02\/renata-vukovic-se-u-turskoj-bori-za-zivot-pomozimo-joj-da-prikupi-novac-za-lijecenje\/#primaryimage","url":"https:\/\/radioljubuski.ba\/wp-content\/uploads\/2021\/12\/2-2021-12-02-10-27-24-renata.jpg","contentUrl":"https:\/\/radioljubuski.ba\/wp-content\/uploads\/2021\/12\/2-2021-12-02-10-27-24-renata.jpg","width":1000,"height":625},{"@type":"BreadcrumbList","@id":"https:\/\/radioljubuski.ba\/index.php\/2021\/12\/02\/renata-vukovic-se-u-turskoj-bori-za-zivot-pomozimo-joj-da-prikupi-novac-za-lijecenje\/#breadcrumb","itemListElement":[{"@type":"ListItem","position":1,"name":"Po\u010detna stranica","item":"https:\/\/radioljubuski.ba\/"},{"@type":"ListItem","position":2,"name":"Renata Vukovi\u0107 se u Turskoj bori za \u017eivot, pomozimo joj da prikupi novac za lije\u010denje"}]},{"@type":"WebSite","@id":"https:\/\/radioljubuski.ba\/#website","url":"https:\/\/radioljubuski.ba\/","name":"Radio Ljubu\u0161ki","description":"Sun\u010dana frekvencija Hercegovine","publisher":{"@id":"https:\/\/radioljubuski.ba\/#organization"},"potentialAction":[{"@type":"SearchAction","target":{"@type":"EntryPoint","urlTemplate":"https:\/\/radioljubuski.ba\/?s={search_term_string}"},"query-input":{"@type":"PropertyValueSpecification","valueRequired":true,"valueName":"search_term_string"}}],"inLanguage":"hr"},{"@type":"Organization","@id":"https:\/\/radioljubuski.ba\/#organization","name":"Radio Ljubu\u0161ki","url":"https:\/\/radioljubuski.ba\/","logo":{"@type":"ImageObject","inLanguage":"hr","@id":"https:\/\/radioljubuski.ba\/#\/schema\/logo\/image\/","url":"https:\/\/radioljubuski.ba\/wp-content\/uploads\/2021\/02\/cropped-Radio_Ljubuski_logo1.jpg","contentUrl":"https:\/\/radioljubuski.ba\/wp-content\/uploads\/2021\/02\/cropped-Radio_Ljubuski_logo1.jpg","width":512,"height":512,"caption":"Radio Ljubu\u0161ki"},"image":{"@id":"https:\/\/radioljubuski.ba\/#\/schema\/logo\/image\/"},"sameAs":["https:\/\/www.facebook.com\/Radiio-Ljubuski-1490835324566332","https:\/\/x.com\/radioljubuski","https:\/\/hr.linkedin.com\/company\/radio-ljubuski","https:\/\/www.youtube.com\/channel\/UCHYaeO_n0Db3tjNGudGpXyw"]},{"@type":"Person","@id":"https:\/\/radioljubuski.ba\/#\/schema\/person\/19fc700381a780f69665d7956c469e3b","name":"Radio Ljubu\u0161ki"}]}},"_links":{"self":[{"href":"https:\/\/radioljubuski.ba\/index.php\/wp-json\/wp\/v2\/posts\/95176","targetHints":{"allow":["GET"]}}],"collection":[{"href":"https:\/\/radioljubuski.ba\/index.php\/wp-json\/wp\/v2\/posts"}],"about":[{"href":"https:\/\/radioljubuski.ba\/index.php\/wp-json\/wp\/v2\/types\/post"}],"author":[{"embeddable":true,"href":"https:\/\/radioljubuski.ba\/index.php\/wp-json\/wp\/v2\/users\/2"}],"replies":[{"embeddable":true,"href":"https:\/\/radioljubuski.ba\/index.php\/wp-json\/wp\/v2\/comments?post=95176"}],"version-history":[{"count":1,"href":"https:\/\/radioljubuski.ba\/index.php\/wp-json\/wp\/v2\/posts\/95176\/revisions"}],"predecessor-version":[{"id":95178,"href":"https:\/\/radioljubuski.ba\/index.php\/wp-json\/wp\/v2\/posts\/95176\/revisions\/95178"}],"wp:featuredmedia":[{"embeddable":true,"href":"https:\/\/radioljubuski.ba\/index.php\/wp-json\/wp\/v2\/media\/95177"}],"wp:attachment":[{"href":"https:\/\/radioljubuski.ba\/index.php\/wp-json\/wp\/v2\/media?parent=95176"}],"wp:term":[{"taxonomy":"category","embeddable":true,"href":"https:\/\/radioljubuski.ba\/index.php\/wp-json\/wp\/v2\/categories?post=95176"},{"taxonomy":"post_tag","embeddable":true,"href":"https:\/\/radioljubuski.ba\/index.php\/wp-json\/wp\/v2\/tags?post=95176"}],"curies":[{"name":"wp","href":"https:\/\/api.w.org\/{rel}","templated":true}]}}