{"id":95192,"date":"2021-12-02T14:45:20","date_gmt":"2021-12-02T13:45:20","guid":{"rendered":"https:\/\/radioljubuski.ba\/?p=95192"},"modified":"2021-12-02T14:45:21","modified_gmt":"2021-12-02T13:45:21","slug":"sebastian-kurz-se-povlaci-sa-svih-politickih-duznosti","status":"publish","type":"post","link":"https:\/\/radioljubuski.ba\/index.php\/2021\/12\/02\/sebastian-kurz-se-povlaci-sa-svih-politickih-duznosti\/","title":{"rendered":"Sebastian Kurz se povla\u010di sa svih politi\u010dkih du\u017enosti"},"content":{"rendered":"\n<p>Biv\u0161i austrijski kancelar i predsjednik Austrijske narodne stranke (\u00d6VP) povla\u010di se sa svih politi\u010dkih du\u017enosti, javljaju u \u010detvrtak austrijski mediji.<\/p>\n\n\n\n<p>&#8220;Sebastian Kurz se povla\u010di s mjesta predsjednika \u00d6VP-a i s mjesta predsjednika zastupni\u010dkog kluba Austrijske narodne stranke u parlamentu&#8221;, javljaju austrijski mediji.<\/p>\n\n\n\n<p>Dnevnik Kronen Zeitung javlja kako je nedavno ro\u0111enje sina razlog zbog kojeg se Kurz povla\u010di iz politike. Kada je 2017. preuzeo du\u017enost austrijskog kancelara tada tridesetjednogodi\u0161nji Kurz bio je najmla\u0111i predsjednik vlade na svijetu.&nbsp;<\/p>\n\n\n\n<p>Konzervativni austrijski politi\u010dar u listopadu se ve\u0107 povukao s kancelarskog polo\u017eaja nakon \u0161to je protiv njega pokrenuta istraga zbog sumnje u korupciju tijekom predizborne kampanje 2017. koja je prethodila izbornoj pobjedi \u00d6VP-a i dolasku Kurza na polo\u017eaj kancelara. Navodno je u pitanju bilo medijsko la\u017eiranje predizbornih anketa uo\u010di izbora.<\/p>\n\n\n\n<p>Prva vlada Sebastiana Kurza se raspala nakon uplitanja koalicijskog partnera Slobodarska stranke Austrije (FP\u00d6) u tzv. Ibiza skandal.<\/p>\n\n\n\n<p>Nakon pokretanja istrage protiv Kurza, aktualni koalicijski partner narodnjaka, stranka Zeleni, opstanak koalicije uvjetovala je Kurzovim povla\u010denjem s du\u017enosti. Nakon toga je funkciju austrijskog kancelara preuzeo politi\u010dar Narodne stranke Alexander Schallenberg.<\/p>\n\n\n\n<p>Kurz je po povla\u010denju s mjesta kancelara preuzeo du\u017enost \u0161efa zastupni\u010dkog kluba narodnjaka u parlamentu i ostao na \u010delu OVP-a.<\/p>\n\n\n\n<p>Kako javljaju austrijski mediji, novi predsjednik \u00d6VP-a bi trebao postati aktualni ministar unutarnjih poslova Karl Nehammer.<\/p>\n\n\n\n<p>Izvor:pogled.ba<\/p>\n","protected":false},"excerpt":{"rendered":"<p>Biv\u0161i austrijski kancelar i predsjednik Austrijske narodne stranke (\u00d6VP) povla\u010di se sa svih politi\u010dkih du\u017enosti, javljaju u \u010detvrtak austrijski mediji. &#8220;Sebastian Kurz se povla\u010di s mjesta predsjednika \u00d6VP-a i s mjesta predsjednika zastupni\u010dkog kluba Austrijske narodne stranke u parlamentu&#8221;, javljaju austrijski mediji. Dnevnik Kronen Zeitung javlja kako je nedavno ro\u0111enje sina razlog zbog kojeg se [&hellip;]<\/p>\n","protected":false},"author":2,"featured_media":73541,"comment_status":"closed","ping_status":"closed","sticky":false,"template":"","format":"standard","meta":{"h5ap_radio_sources":[],"footnotes":""},"categories":[1],"tags":[],"class_list":["post-95192","post","type-post","status-publish","format-standard","has-post-thumbnail","hentry","category-bihiregija"],"yoast_head":"<!-- This site is optimized with the Yoast SEO plugin v27.4 - https:\/\/yoast.com\/product\/yoast-seo-wordpress\/ -->\n<title>Sebastian Kurz se povla\u010di sa svih politi\u010dkih du\u017enosti - RADIO LJUBU\u0160KI<\/title>\n<meta name=\"robots\" content=\"index, follow, max-snippet:-1, max-image-preview:large, max-video-preview:-1\" \/>\n<link rel=\"canonical\" href=\"https:\/\/radioljubuski.ba\/index.php\/2021\/12\/02\/sebastian-kurz-se-povlaci-sa-svih-politickih-duznosti\/\" \/>\n<meta property=\"og:locale\" content=\"hr_HR\" \/>\n<meta property=\"og:type\" content=\"article\" \/>\n<meta property=\"og:title\" content=\"Sebastian Kurz se povla\u010di sa svih politi\u010dkih du\u017enosti - RADIO LJUBU\u0160KI\" \/>\n<meta property=\"og:description\" content=\"Biv\u0161i austrijski kancelar i predsjednik Austrijske narodne stranke (\u00d6VP) povla\u010di se sa svih politi\u010dkih du\u017enosti, javljaju u \u010detvrtak austrijski mediji. &#8220;Sebastian Kurz se povla\u010di s mjesta predsjednika \u00d6VP-a i s mjesta predsjednika zastupni\u010dkog kluba Austrijske narodne stranke u parlamentu&#8221;, javljaju austrijski mediji. Dnevnik Kronen Zeitung javlja kako je nedavno ro\u0111enje sina razlog zbog kojeg se [&hellip;]\" \/>\n<meta property=\"og:url\" content=\"https:\/\/radioljubuski.ba\/index.php\/2021\/12\/02\/sebastian-kurz-se-povlaci-sa-svih-politickih-duznosti\/\" \/>\n<meta property=\"og:site_name\" content=\"RADIO LJUBU\u0160KI\" \/>\n<meta property=\"article:publisher\" content=\"https:\/\/www.facebook.com\/Radiio-Ljubuski-1490835324566332\" \/>\n<meta property=\"article:published_time\" content=\"2021-12-02T13:45:20+00:00\" \/>\n<meta property=\"article:modified_time\" content=\"2021-12-02T13:45:21+00:00\" \/>\n<meta property=\"og:image\" content=\"https:\/\/radioljubuski.ba\/wp-content\/uploads\/2021\/10\/kurz.jpg\" \/>\n\t<meta property=\"og:image:width\" content=\"765\" \/>\n\t<meta property=\"og:image:height\" content=\"454\" \/>\n\t<meta property=\"og:image:type\" content=\"image\/jpeg\" \/>\n<meta name=\"author\" content=\"Radio Ljubu\u0161ki\" \/>\n<meta name=\"twitter:card\" content=\"summary_large_image\" \/>\n<meta name=\"twitter:creator\" content=\"@radioljubuski\" \/>\n<meta name=\"twitter:site\" content=\"@radioljubuski\" \/>\n<meta name=\"twitter:label1\" content=\"Napisao\/la\" \/>\n\t<meta name=\"twitter:data1\" content=\"Radio Ljubu\u0161ki\" \/>\n\t<meta name=\"twitter:label2\" content=\"Procijenjeno vrijeme \u010ditanja\" \/>\n\t<meta name=\"twitter:data2\" content=\"1 minuta\" \/>\n<script type=\"application\/ld+json\" class=\"yoast-schema-graph\">{\"@context\":\"https:\\\/\\\/schema.org\",\"@graph\":[{\"@type\":\"Article\",\"@id\":\"https:\\\/\\\/radioljubuski.ba\\\/index.php\\\/2021\\\/12\\\/02\\\/sebastian-kurz-se-povlaci-sa-svih-politickih-duznosti\\\/#article\",\"isPartOf\":{\"@id\":\"https:\\\/\\\/radioljubuski.ba\\\/index.php\\\/2021\\\/12\\\/02\\\/sebastian-kurz-se-povlaci-sa-svih-politickih-duznosti\\\/\"},\"author\":{\"name\":\"Radio Ljubu\u0161ki\",\"@id\":\"https:\\\/\\\/radioljubuski.ba\\\/#\\\/schema\\\/person\\\/19fc700381a780f69665d7956c469e3b\"},\"headline\":\"Sebastian Kurz se povla\u010di sa svih politi\u010dkih du\u017enosti\",\"datePublished\":\"2021-12-02T13:45:20+00:00\",\"dateModified\":\"2021-12-02T13:45:21+00:00\",\"mainEntityOfPage\":{\"@id\":\"https:\\\/\\\/radioljubuski.ba\\\/index.php\\\/2021\\\/12\\\/02\\\/sebastian-kurz-se-povlaci-sa-svih-politickih-duznosti\\\/\"},\"wordCount\":245,\"publisher\":{\"@id\":\"https:\\\/\\\/radioljubuski.ba\\\/#organization\"},\"image\":{\"@id\":\"https:\\\/\\\/radioljubuski.ba\\\/index.php\\\/2021\\\/12\\\/02\\\/sebastian-kurz-se-povlaci-sa-svih-politickih-duznosti\\\/#primaryimage\"},\"thumbnailUrl\":\"https:\\\/\\\/radioljubuski.ba\\\/wp-content\\\/uploads\\\/2021\\\/10\\\/kurz.jpg\",\"articleSection\":[\"BIH i regija\"],\"inLanguage\":\"hr\"},{\"@type\":\"WebPage\",\"@id\":\"https:\\\/\\\/radioljubuski.ba\\\/index.php\\\/2021\\\/12\\\/02\\\/sebastian-kurz-se-povlaci-sa-svih-politickih-duznosti\\\/\",\"url\":\"https:\\\/\\\/radioljubuski.ba\\\/index.php\\\/2021\\\/12\\\/02\\\/sebastian-kurz-se-povlaci-sa-svih-politickih-duznosti\\\/\",\"name\":\"Sebastian Kurz se povla\u010di sa svih politi\u010dkih du\u017enosti - RADIO LJUBU\u0160KI\",\"isPartOf\":{\"@id\":\"https:\\\/\\\/radioljubuski.ba\\\/#website\"},\"primaryImageOfPage\":{\"@id\":\"https:\\\/\\\/radioljubuski.ba\\\/index.php\\\/2021\\\/12\\\/02\\\/sebastian-kurz-se-povlaci-sa-svih-politickih-duznosti\\\/#primaryimage\"},\"image\":{\"@id\":\"https:\\\/\\\/radioljubuski.ba\\\/index.php\\\/2021\\\/12\\\/02\\\/sebastian-kurz-se-povlaci-sa-svih-politickih-duznosti\\\/#primaryimage\"},\"thumbnailUrl\":\"https:\\\/\\\/radioljubuski.ba\\\/wp-content\\\/uploads\\\/2021\\\/10\\\/kurz.jpg\",\"datePublished\":\"2021-12-02T13:45:20+00:00\",\"dateModified\":\"2021-12-02T13:45:21+00:00\",\"breadcrumb\":{\"@id\":\"https:\\\/\\\/radioljubuski.ba\\\/index.php\\\/2021\\\/12\\\/02\\\/sebastian-kurz-se-povlaci-sa-svih-politickih-duznosti\\\/#breadcrumb\"},\"inLanguage\":\"hr\",\"potentialAction\":[{\"@type\":\"ReadAction\",\"target\":[\"https:\\\/\\\/radioljubuski.ba\\\/index.php\\\/2021\\\/12\\\/02\\\/sebastian-kurz-se-povlaci-sa-svih-politickih-duznosti\\\/\"]}]},{\"@type\":\"ImageObject\",\"inLanguage\":\"hr\",\"@id\":\"https:\\\/\\\/radioljubuski.ba\\\/index.php\\\/2021\\\/12\\\/02\\\/sebastian-kurz-se-povlaci-sa-svih-politickih-duznosti\\\/#primaryimage\",\"url\":\"https:\\\/\\\/radioljubuski.ba\\\/wp-content\\\/uploads\\\/2021\\\/10\\\/kurz.jpg\",\"contentUrl\":\"https:\\\/\\\/radioljubuski.ba\\\/wp-content\\\/uploads\\\/2021\\\/10\\\/kurz.jpg\",\"width\":765,\"height\":454},{\"@type\":\"BreadcrumbList\",\"@id\":\"https:\\\/\\\/radioljubuski.ba\\\/index.php\\\/2021\\\/12\\\/02\\\/sebastian-kurz-se-povlaci-sa-svih-politickih-duznosti\\\/#breadcrumb\",\"itemListElement\":[{\"@type\":\"ListItem\",\"position\":1,\"name\":\"Po\u010detna stranica\",\"item\":\"https:\\\/\\\/radioljubuski.ba\\\/\"},{\"@type\":\"ListItem\",\"position\":2,\"name\":\"Sebastian Kurz se povla\u010di sa svih politi\u010dkih du\u017enosti\"}]},{\"@type\":\"WebSite\",\"@id\":\"https:\\\/\\\/radioljubuski.ba\\\/#website\",\"url\":\"https:\\\/\\\/radioljubuski.ba\\\/\",\"name\":\"Radio Ljubu\u0161ki\",\"description\":\"Sun\u010dana frekvencija Hercegovine\",\"publisher\":{\"@id\":\"https:\\\/\\\/radioljubuski.ba\\\/#organization\"},\"potentialAction\":[{\"@type\":\"SearchAction\",\"target\":{\"@type\":\"EntryPoint\",\"urlTemplate\":\"https:\\\/\\\/radioljubuski.ba\\\/?s={search_term_string}\"},\"query-input\":{\"@type\":\"PropertyValueSpecification\",\"valueRequired\":true,\"valueName\":\"search_term_string\"}}],\"inLanguage\":\"hr\"},{\"@type\":\"Organization\",\"@id\":\"https:\\\/\\\/radioljubuski.ba\\\/#organization\",\"name\":\"Radio Ljubu\u0161ki\",\"url\":\"https:\\\/\\\/radioljubuski.ba\\\/\",\"logo\":{\"@type\":\"ImageObject\",\"inLanguage\":\"hr\",\"@id\":\"https:\\\/\\\/radioljubuski.ba\\\/#\\\/schema\\\/logo\\\/image\\\/\",\"url\":\"https:\\\/\\\/radioljubuski.ba\\\/wp-content\\\/uploads\\\/2021\\\/02\\\/cropped-Radio_Ljubuski_logo1.jpg\",\"contentUrl\":\"https:\\\/\\\/radioljubuski.ba\\\/wp-content\\\/uploads\\\/2021\\\/02\\\/cropped-Radio_Ljubuski_logo1.jpg\",\"width\":512,\"height\":512,\"caption\":\"Radio Ljubu\u0161ki\"},\"image\":{\"@id\":\"https:\\\/\\\/radioljubuski.ba\\\/#\\\/schema\\\/logo\\\/image\\\/\"},\"sameAs\":[\"https:\\\/\\\/www.facebook.com\\\/Radiio-Ljubuski-1490835324566332\",\"https:\\\/\\\/x.com\\\/radioljubuski\",\"https:\\\/\\\/hr.linkedin.com\\\/company\\\/radio-ljubuski\",\"https:\\\/\\\/www.youtube.com\\\/channel\\\/UCHYaeO_n0Db3tjNGudGpXyw\"]},{\"@type\":\"Person\",\"@id\":\"https:\\\/\\\/radioljubuski.ba\\\/#\\\/schema\\\/person\\\/19fc700381a780f69665d7956c469e3b\",\"name\":\"Radio Ljubu\u0161ki\"}]}<\/script>\n<!-- \/ Yoast SEO plugin. -->","yoast_head_json":{"title":"Sebastian Kurz se povla\u010di sa svih politi\u010dkih du\u017enosti - RADIO LJUBU\u0160KI","robots":{"index":"index","follow":"follow","max-snippet":"max-snippet:-1","max-image-preview":"max-image-preview:large","max-video-preview":"max-video-preview:-1"},"canonical":"https:\/\/radioljubuski.ba\/index.php\/2021\/12\/02\/sebastian-kurz-se-povlaci-sa-svih-politickih-duznosti\/","og_locale":"hr_HR","og_type":"article","og_title":"Sebastian Kurz se povla\u010di sa svih politi\u010dkih du\u017enosti - RADIO LJUBU\u0160KI","og_description":"Biv\u0161i austrijski kancelar i predsjednik Austrijske narodne stranke (\u00d6VP) povla\u010di se sa svih politi\u010dkih du\u017enosti, javljaju u \u010detvrtak austrijski mediji. &#8220;Sebastian Kurz se povla\u010di s mjesta predsjednika \u00d6VP-a i s mjesta predsjednika zastupni\u010dkog kluba Austrijske narodne stranke u parlamentu&#8221;, javljaju austrijski mediji. Dnevnik Kronen Zeitung javlja kako je nedavno ro\u0111enje sina razlog zbog kojeg se [&hellip;]","og_url":"https:\/\/radioljubuski.ba\/index.php\/2021\/12\/02\/sebastian-kurz-se-povlaci-sa-svih-politickih-duznosti\/","og_site_name":"RADIO LJUBU\u0160KI","article_publisher":"https:\/\/www.facebook.com\/Radiio-Ljubuski-1490835324566332","article_published_time":"2021-12-02T13:45:20+00:00","article_modified_time":"2021-12-02T13:45:21+00:00","og_image":[{"width":765,"height":454,"url":"https:\/\/radioljubuski.ba\/wp-content\/uploads\/2021\/10\/kurz.jpg","type":"image\/jpeg"}],"author":"Radio Ljubu\u0161ki","twitter_card":"summary_large_image","twitter_creator":"@radioljubuski","twitter_site":"@radioljubuski","twitter_misc":{"Napisao\/la":"Radio Ljubu\u0161ki","Procijenjeno vrijeme \u010ditanja":"1 minuta"},"schema":{"@context":"https:\/\/schema.org","@graph":[{"@type":"Article","@id":"https:\/\/radioljubuski.ba\/index.php\/2021\/12\/02\/sebastian-kurz-se-povlaci-sa-svih-politickih-duznosti\/#article","isPartOf":{"@id":"https:\/\/radioljubuski.ba\/index.php\/2021\/12\/02\/sebastian-kurz-se-povlaci-sa-svih-politickih-duznosti\/"},"author":{"name":"Radio Ljubu\u0161ki","@id":"https:\/\/radioljubuski.ba\/#\/schema\/person\/19fc700381a780f69665d7956c469e3b"},"headline":"Sebastian Kurz se povla\u010di sa svih politi\u010dkih du\u017enosti","datePublished":"2021-12-02T13:45:20+00:00","dateModified":"2021-12-02T13:45:21+00:00","mainEntityOfPage":{"@id":"https:\/\/radioljubuski.ba\/index.php\/2021\/12\/02\/sebastian-kurz-se-povlaci-sa-svih-politickih-duznosti\/"},"wordCount":245,"publisher":{"@id":"https:\/\/radioljubuski.ba\/#organization"},"image":{"@id":"https:\/\/radioljubuski.ba\/index.php\/2021\/12\/02\/sebastian-kurz-se-povlaci-sa-svih-politickih-duznosti\/#primaryimage"},"thumbnailUrl":"https:\/\/radioljubuski.ba\/wp-content\/uploads\/2021\/10\/kurz.jpg","articleSection":["BIH i regija"],"inLanguage":"hr"},{"@type":"WebPage","@id":"https:\/\/radioljubuski.ba\/index.php\/2021\/12\/02\/sebastian-kurz-se-povlaci-sa-svih-politickih-duznosti\/","url":"https:\/\/radioljubuski.ba\/index.php\/2021\/12\/02\/sebastian-kurz-se-povlaci-sa-svih-politickih-duznosti\/","name":"Sebastian Kurz se povla\u010di sa svih politi\u010dkih du\u017enosti - RADIO LJUBU\u0160KI","isPartOf":{"@id":"https:\/\/radioljubuski.ba\/#website"},"primaryImageOfPage":{"@id":"https:\/\/radioljubuski.ba\/index.php\/2021\/12\/02\/sebastian-kurz-se-povlaci-sa-svih-politickih-duznosti\/#primaryimage"},"image":{"@id":"https:\/\/radioljubuski.ba\/index.php\/2021\/12\/02\/sebastian-kurz-se-povlaci-sa-svih-politickih-duznosti\/#primaryimage"},"thumbnailUrl":"https:\/\/radioljubuski.ba\/wp-content\/uploads\/2021\/10\/kurz.jpg","datePublished":"2021-12-02T13:45:20+00:00","dateModified":"2021-12-02T13:45:21+00:00","breadcrumb":{"@id":"https:\/\/radioljubuski.ba\/index.php\/2021\/12\/02\/sebastian-kurz-se-povlaci-sa-svih-politickih-duznosti\/#breadcrumb"},"inLanguage":"hr","potentialAction":[{"@type":"ReadAction","target":["https:\/\/radioljubuski.ba\/index.php\/2021\/12\/02\/sebastian-kurz-se-povlaci-sa-svih-politickih-duznosti\/"]}]},{"@type":"ImageObject","inLanguage":"hr","@id":"https:\/\/radioljubuski.ba\/index.php\/2021\/12\/02\/sebastian-kurz-se-povlaci-sa-svih-politickih-duznosti\/#primaryimage","url":"https:\/\/radioljubuski.ba\/wp-content\/uploads\/2021\/10\/kurz.jpg","contentUrl":"https:\/\/radioljubuski.ba\/wp-content\/uploads\/2021\/10\/kurz.jpg","width":765,"height":454},{"@type":"BreadcrumbList","@id":"https:\/\/radioljubuski.ba\/index.php\/2021\/12\/02\/sebastian-kurz-se-povlaci-sa-svih-politickih-duznosti\/#breadcrumb","itemListElement":[{"@type":"ListItem","position":1,"name":"Po\u010detna stranica","item":"https:\/\/radioljubuski.ba\/"},{"@type":"ListItem","position":2,"name":"Sebastian Kurz se povla\u010di sa svih politi\u010dkih du\u017enosti"}]},{"@type":"WebSite","@id":"https:\/\/radioljubuski.ba\/#website","url":"https:\/\/radioljubuski.ba\/","name":"Radio Ljubu\u0161ki","description":"Sun\u010dana frekvencija Hercegovine","publisher":{"@id":"https:\/\/radioljubuski.ba\/#organization"},"potentialAction":[{"@type":"SearchAction","target":{"@type":"EntryPoint","urlTemplate":"https:\/\/radioljubuski.ba\/?s={search_term_string}"},"query-input":{"@type":"PropertyValueSpecification","valueRequired":true,"valueName":"search_term_string"}}],"inLanguage":"hr"},{"@type":"Organization","@id":"https:\/\/radioljubuski.ba\/#organization","name":"Radio Ljubu\u0161ki","url":"https:\/\/radioljubuski.ba\/","logo":{"@type":"ImageObject","inLanguage":"hr","@id":"https:\/\/radioljubuski.ba\/#\/schema\/logo\/image\/","url":"https:\/\/radioljubuski.ba\/wp-content\/uploads\/2021\/02\/cropped-Radio_Ljubuski_logo1.jpg","contentUrl":"https:\/\/radioljubuski.ba\/wp-content\/uploads\/2021\/02\/cropped-Radio_Ljubuski_logo1.jpg","width":512,"height":512,"caption":"Radio Ljubu\u0161ki"},"image":{"@id":"https:\/\/radioljubuski.ba\/#\/schema\/logo\/image\/"},"sameAs":["https:\/\/www.facebook.com\/Radiio-Ljubuski-1490835324566332","https:\/\/x.com\/radioljubuski","https:\/\/hr.linkedin.com\/company\/radio-ljubuski","https:\/\/www.youtube.com\/channel\/UCHYaeO_n0Db3tjNGudGpXyw"]},{"@type":"Person","@id":"https:\/\/radioljubuski.ba\/#\/schema\/person\/19fc700381a780f69665d7956c469e3b","name":"Radio Ljubu\u0161ki"}]}},"_links":{"self":[{"href":"https:\/\/radioljubuski.ba\/index.php\/wp-json\/wp\/v2\/posts\/95192","targetHints":{"allow":["GET"]}}],"collection":[{"href":"https:\/\/radioljubuski.ba\/index.php\/wp-json\/wp\/v2\/posts"}],"about":[{"href":"https:\/\/radioljubuski.ba\/index.php\/wp-json\/wp\/v2\/types\/post"}],"author":[{"embeddable":true,"href":"https:\/\/radioljubuski.ba\/index.php\/wp-json\/wp\/v2\/users\/2"}],"replies":[{"embeddable":true,"href":"https:\/\/radioljubuski.ba\/index.php\/wp-json\/wp\/v2\/comments?post=95192"}],"version-history":[{"count":1,"href":"https:\/\/radioljubuski.ba\/index.php\/wp-json\/wp\/v2\/posts\/95192\/revisions"}],"predecessor-version":[{"id":95193,"href":"https:\/\/radioljubuski.ba\/index.php\/wp-json\/wp\/v2\/posts\/95192\/revisions\/95193"}],"wp:featuredmedia":[{"embeddable":true,"href":"https:\/\/radioljubuski.ba\/index.php\/wp-json\/wp\/v2\/media\/73541"}],"wp:attachment":[{"href":"https:\/\/radioljubuski.ba\/index.php\/wp-json\/wp\/v2\/media?parent=95192"}],"wp:term":[{"taxonomy":"category","embeddable":true,"href":"https:\/\/radioljubuski.ba\/index.php\/wp-json\/wp\/v2\/categories?post=95192"},{"taxonomy":"post_tag","embeddable":true,"href":"https:\/\/radioljubuski.ba\/index.php\/wp-json\/wp\/v2\/tags?post=95192"}],"curies":[{"name":"wp","href":"https:\/\/api.w.org\/{rel}","templated":true}]}}