{"id":95220,"date":"2021-12-03T10:07:57","date_gmt":"2021-12-03T09:07:57","guid":{"rendered":"https:\/\/radioljubuski.ba\/?p=95220"},"modified":"2021-12-20T14:13:21","modified_gmt":"2021-12-20T13:13:21","slug":"pedeseta-obljetnica-hrvatskog-proljeca-obiljezena-u-ljubuskom-auido-i-foto","status":"publish","type":"post","link":"https:\/\/radioljubuski.ba\/index.php\/2021\/12\/03\/pedeseta-obljetnica-hrvatskog-proljeca-obiljezena-u-ljubuskom-auido-i-foto\/","title":{"rendered":"Pedeseta obljetnica Hrvatskog prolje\u0107a obilje\u017eena u Ljubu\u0161kom &#8211; audio i foto"},"content":{"rendered":"\n<p>U hotelu Bigeste u Ljubu\u0161kom sino\u0107 je Udruga Hercegova\u010dka kulturna ba\u0161tina Bilig organizirala prigodni program obilje\u017eavanja 50 godina Hrvatskog prolje\u0107a.<\/p>\n\n\n\n<p>Program je \u201eotvorila\u201c prof. Marina Lovri\u0107 koja je pro\u010ditala proglas Matice Hrvatske koju je objavio Hrvatski tjednik u danima bunta i bu\u0111enja hrvatske svijesti prije nego \u0107e biti zabranjen.<\/p>\n\n\n\n<p>Nakon toga zanimljive detalje iz tog vremena iznijeli su profesori Drago Grgi\u0107 i Ivan Mati\u0107, svjedoci vremena i sudionici doga\u0111anja.<\/p>\n\n\n\n<p>Profesor Grgi\u0107 govorio je o doga\u0111ajima koji su prethodili hrvatskom buntu 1971. godine, po\u010dev\u0161i od pada Aleksandra Rankovi\u0107a 1966. godine, pa studentskim nemirima 1968. godine, a bu\u0111enju svijesti pridonio je prijenos kostiju Petra Zrinjskog i Frana Krste Frankopana iz Be\u010da u zagreba\u010dku katedralu.<\/p>\n\n\n\n<p>Profesor Mati\u0107 se vi\u0161e osvrnuo na djelovanje samih studenata, te policijske (milicijske) pritiske i progone u tijeku trajanja prolje\u0107a i nakon toga. Govorio je i o uhi\u0107enjima \u010delnika studentskog pokreta i njihovim osudama.<\/p>\n\n\n\n<p>Prikazan je i dio govora dr.Savke Dab\u010devi\u0107 Ku\u010dar na tada\u0161njem trgu Republike i njeno prisje\u0107anje na te doga\u0111aje iz 1971.godine prilikom predstavljanja svoje knjige.<\/p>\n\n\n\n<p>Poslu\u0161ajte \u0161to su nam nakon slu\u017ebenog dijela rekli profesori Drago Grgi\u0107 i Ivan Mati\u0107<\/p>\n\n\n\n<iframe src=\"https:\/\/drive.google.com\/file\/d\/1_qIg1AzrLpXZCsomIFPcIbu8yjSG1WbG\/preview\" style=\"width: 100%; height: 100px;\"><\/iframe>\n\n\n\n<iframe loading=\"lazy\" src=\"https:\/\/www.facebook.com\/plugins\/post.php?href=https%3A%2F%2Fwww.facebook.com%2Fpermalink.php%3Fstory_fbid%3D10160128802530101%26id%3D168112865100&amp;show_text=true&amp;width=500\" style=\"border:none;overflow:hidden\" scrolling=\"no\" allowfullscreen=\"true\" allow=\"autoplay; clipboard-write; encrypted-media; picture-in-picture; web-share\" width=\"500\" height=\"646\" frameborder=\"0\"><\/iframe>\n\n\n\n<p><strong>Mile Kraljevi\u0107  \/ Radio Ljubu\u0161ki<\/strong><\/p>\n","protected":false},"excerpt":{"rendered":"<p>U hotelu Bigeste u Ljubu\u0161kom sino\u0107 je Udruga Hercegova\u010dka kulturna ba\u0161tina Bilig organizirala prigodni program obilje\u017eavanja 50 godina Hrvatskog prolje\u0107a. Program je \u201eotvorila\u201c prof. Marina Lovri\u0107 koja je pro\u010ditala proglas Matice Hrvatske koju je objavio Hrvatski tjednik u danima bunta i bu\u0111enja hrvatske svijesti prije nego \u0107e biti zabranjen. Nakon toga zanimljive detalje iz tog [&hellip;]<\/p>\n","protected":false},"author":2,"featured_media":95221,"comment_status":"closed","ping_status":"closed","sticky":false,"template":"","format":"standard","meta":{"h5ap_radio_sources":[],"footnotes":""},"categories":[8],"tags":[],"class_list":["post-95220","post","type-post","status-publish","format-standard","has-post-thumbnail","hentry","category-rlj-audio"],"yoast_head":"<!-- This site is optimized with the Yoast SEO plugin v27.4 - https:\/\/yoast.com\/product\/yoast-seo-wordpress\/ -->\n<title>Pedeseta obljetnica Hrvatskog prolje\u0107a obilje\u017eena u Ljubu\u0161kom - audio i foto - RADIO LJUBU\u0160KI<\/title>\n<meta name=\"robots\" content=\"index, follow, max-snippet:-1, max-image-preview:large, max-video-preview:-1\" \/>\n<link rel=\"canonical\" href=\"https:\/\/radioljubuski.ba\/index.php\/2021\/12\/03\/pedeseta-obljetnica-hrvatskog-proljeca-obiljezena-u-ljubuskom-auido-i-foto\/\" \/>\n<meta property=\"og:locale\" content=\"hr_HR\" \/>\n<meta property=\"og:type\" content=\"article\" \/>\n<meta property=\"og:title\" content=\"Pedeseta obljetnica Hrvatskog prolje\u0107a obilje\u017eena u Ljubu\u0161kom - audio i foto - RADIO LJUBU\u0160KI\" \/>\n<meta property=\"og:description\" content=\"U hotelu Bigeste u Ljubu\u0161kom sino\u0107 je Udruga Hercegova\u010dka kulturna ba\u0161tina Bilig organizirala prigodni program obilje\u017eavanja 50 godina Hrvatskog prolje\u0107a. Program je \u201eotvorila\u201c prof. Marina Lovri\u0107 koja je pro\u010ditala proglas Matice Hrvatske koju je objavio Hrvatski tjednik u danima bunta i bu\u0111enja hrvatske svijesti prije nego \u0107e biti zabranjen. Nakon toga zanimljive detalje iz tog [&hellip;]\" \/>\n<meta property=\"og:url\" content=\"https:\/\/radioljubuski.ba\/index.php\/2021\/12\/03\/pedeseta-obljetnica-hrvatskog-proljeca-obiljezena-u-ljubuskom-auido-i-foto\/\" \/>\n<meta property=\"og:site_name\" content=\"RADIO LJUBU\u0160KI\" \/>\n<meta property=\"article:publisher\" content=\"https:\/\/www.facebook.com\/Radiio-Ljubuski-1490835324566332\" \/>\n<meta property=\"article:published_time\" content=\"2021-12-03T09:07:57+00:00\" \/>\n<meta property=\"article:modified_time\" content=\"2021-12-20T13:13:21+00:00\" \/>\n<meta property=\"og:image\" content=\"https:\/\/radioljubuski.ba\/wp-content\/uploads\/2021\/12\/hrv-proljece-bilig.jpg\" \/>\n\t<meta property=\"og:image:width\" content=\"1024\" \/>\n\t<meta property=\"og:image:height\" content=\"683\" \/>\n\t<meta property=\"og:image:type\" content=\"image\/jpeg\" \/>\n<meta name=\"author\" content=\"Radio Ljubu\u0161ki\" \/>\n<meta name=\"twitter:card\" content=\"summary_large_image\" \/>\n<meta name=\"twitter:creator\" content=\"@radioljubuski\" \/>\n<meta name=\"twitter:site\" content=\"@radioljubuski\" \/>\n<meta name=\"twitter:label1\" content=\"Napisao\/la\" \/>\n\t<meta name=\"twitter:data1\" content=\"Radio Ljubu\u0161ki\" \/>\n\t<meta name=\"twitter:label2\" content=\"Procijenjeno vrijeme \u010ditanja\" \/>\n\t<meta name=\"twitter:data2\" content=\"1 minuta\" \/>\n<script type=\"application\/ld+json\" class=\"yoast-schema-graph\">{\"@context\":\"https:\\\/\\\/schema.org\",\"@graph\":[{\"@type\":\"Article\",\"@id\":\"https:\\\/\\\/radioljubuski.ba\\\/index.php\\\/2021\\\/12\\\/03\\\/pedeseta-obljetnica-hrvatskog-proljeca-obiljezena-u-ljubuskom-auido-i-foto\\\/#article\",\"isPartOf\":{\"@id\":\"https:\\\/\\\/radioljubuski.ba\\\/index.php\\\/2021\\\/12\\\/03\\\/pedeseta-obljetnica-hrvatskog-proljeca-obiljezena-u-ljubuskom-auido-i-foto\\\/\"},\"author\":{\"name\":\"Radio Ljubu\u0161ki\",\"@id\":\"https:\\\/\\\/radioljubuski.ba\\\/#\\\/schema\\\/person\\\/19fc700381a780f69665d7956c469e3b\"},\"headline\":\"Pedeseta obljetnica Hrvatskog prolje\u0107a obilje\u017eena u Ljubu\u0161kom &#8211; audio i foto\",\"datePublished\":\"2021-12-03T09:07:57+00:00\",\"dateModified\":\"2021-12-20T13:13:21+00:00\",\"mainEntityOfPage\":{\"@id\":\"https:\\\/\\\/radioljubuski.ba\\\/index.php\\\/2021\\\/12\\\/03\\\/pedeseta-obljetnica-hrvatskog-proljeca-obiljezena-u-ljubuskom-auido-i-foto\\\/\"},\"wordCount\":224,\"publisher\":{\"@id\":\"https:\\\/\\\/radioljubuski.ba\\\/#organization\"},\"image\":{\"@id\":\"https:\\\/\\\/radioljubuski.ba\\\/index.php\\\/2021\\\/12\\\/03\\\/pedeseta-obljetnica-hrvatskog-proljeca-obiljezena-u-ljubuskom-auido-i-foto\\\/#primaryimage\"},\"thumbnailUrl\":\"https:\\\/\\\/radioljubuski.ba\\\/wp-content\\\/uploads\\\/2021\\\/12\\\/hrv-proljece-bilig.jpg\",\"articleSection\":[\"RLJ Audio\"],\"inLanguage\":\"hr\"},{\"@type\":\"WebPage\",\"@id\":\"https:\\\/\\\/radioljubuski.ba\\\/index.php\\\/2021\\\/12\\\/03\\\/pedeseta-obljetnica-hrvatskog-proljeca-obiljezena-u-ljubuskom-auido-i-foto\\\/\",\"url\":\"https:\\\/\\\/radioljubuski.ba\\\/index.php\\\/2021\\\/12\\\/03\\\/pedeseta-obljetnica-hrvatskog-proljeca-obiljezena-u-ljubuskom-auido-i-foto\\\/\",\"name\":\"Pedeseta obljetnica Hrvatskog prolje\u0107a obilje\u017eena u Ljubu\u0161kom - audio i foto - RADIO LJUBU\u0160KI\",\"isPartOf\":{\"@id\":\"https:\\\/\\\/radioljubuski.ba\\\/#website\"},\"primaryImageOfPage\":{\"@id\":\"https:\\\/\\\/radioljubuski.ba\\\/index.php\\\/2021\\\/12\\\/03\\\/pedeseta-obljetnica-hrvatskog-proljeca-obiljezena-u-ljubuskom-auido-i-foto\\\/#primaryimage\"},\"image\":{\"@id\":\"https:\\\/\\\/radioljubuski.ba\\\/index.php\\\/2021\\\/12\\\/03\\\/pedeseta-obljetnica-hrvatskog-proljeca-obiljezena-u-ljubuskom-auido-i-foto\\\/#primaryimage\"},\"thumbnailUrl\":\"https:\\\/\\\/radioljubuski.ba\\\/wp-content\\\/uploads\\\/2021\\\/12\\\/hrv-proljece-bilig.jpg\",\"datePublished\":\"2021-12-03T09:07:57+00:00\",\"dateModified\":\"2021-12-20T13:13:21+00:00\",\"breadcrumb\":{\"@id\":\"https:\\\/\\\/radioljubuski.ba\\\/index.php\\\/2021\\\/12\\\/03\\\/pedeseta-obljetnica-hrvatskog-proljeca-obiljezena-u-ljubuskom-auido-i-foto\\\/#breadcrumb\"},\"inLanguage\":\"hr\",\"potentialAction\":[{\"@type\":\"ReadAction\",\"target\":[\"https:\\\/\\\/radioljubuski.ba\\\/index.php\\\/2021\\\/12\\\/03\\\/pedeseta-obljetnica-hrvatskog-proljeca-obiljezena-u-ljubuskom-auido-i-foto\\\/\"]}]},{\"@type\":\"ImageObject\",\"inLanguage\":\"hr\",\"@id\":\"https:\\\/\\\/radioljubuski.ba\\\/index.php\\\/2021\\\/12\\\/03\\\/pedeseta-obljetnica-hrvatskog-proljeca-obiljezena-u-ljubuskom-auido-i-foto\\\/#primaryimage\",\"url\":\"https:\\\/\\\/radioljubuski.ba\\\/wp-content\\\/uploads\\\/2021\\\/12\\\/hrv-proljece-bilig.jpg\",\"contentUrl\":\"https:\\\/\\\/radioljubuski.ba\\\/wp-content\\\/uploads\\\/2021\\\/12\\\/hrv-proljece-bilig.jpg\",\"width\":1024,\"height\":683},{\"@type\":\"BreadcrumbList\",\"@id\":\"https:\\\/\\\/radioljubuski.ba\\\/index.php\\\/2021\\\/12\\\/03\\\/pedeseta-obljetnica-hrvatskog-proljeca-obiljezena-u-ljubuskom-auido-i-foto\\\/#breadcrumb\",\"itemListElement\":[{\"@type\":\"ListItem\",\"position\":1,\"name\":\"Po\u010detna stranica\",\"item\":\"https:\\\/\\\/radioljubuski.ba\\\/\"},{\"@type\":\"ListItem\",\"position\":2,\"name\":\"Pedeseta obljetnica Hrvatskog prolje\u0107a obilje\u017eena u Ljubu\u0161kom &#8211; audio i foto\"}]},{\"@type\":\"WebSite\",\"@id\":\"https:\\\/\\\/radioljubuski.ba\\\/#website\",\"url\":\"https:\\\/\\\/radioljubuski.ba\\\/\",\"name\":\"Radio Ljubu\u0161ki\",\"description\":\"Sun\u010dana frekvencija Hercegovine\",\"publisher\":{\"@id\":\"https:\\\/\\\/radioljubuski.ba\\\/#organization\"},\"potentialAction\":[{\"@type\":\"SearchAction\",\"target\":{\"@type\":\"EntryPoint\",\"urlTemplate\":\"https:\\\/\\\/radioljubuski.ba\\\/?s={search_term_string}\"},\"query-input\":{\"@type\":\"PropertyValueSpecification\",\"valueRequired\":true,\"valueName\":\"search_term_string\"}}],\"inLanguage\":\"hr\"},{\"@type\":\"Organization\",\"@id\":\"https:\\\/\\\/radioljubuski.ba\\\/#organization\",\"name\":\"Radio Ljubu\u0161ki\",\"url\":\"https:\\\/\\\/radioljubuski.ba\\\/\",\"logo\":{\"@type\":\"ImageObject\",\"inLanguage\":\"hr\",\"@id\":\"https:\\\/\\\/radioljubuski.ba\\\/#\\\/schema\\\/logo\\\/image\\\/\",\"url\":\"https:\\\/\\\/radioljubuski.ba\\\/wp-content\\\/uploads\\\/2021\\\/02\\\/cropped-Radio_Ljubuski_logo1.jpg\",\"contentUrl\":\"https:\\\/\\\/radioljubuski.ba\\\/wp-content\\\/uploads\\\/2021\\\/02\\\/cropped-Radio_Ljubuski_logo1.jpg\",\"width\":512,\"height\":512,\"caption\":\"Radio Ljubu\u0161ki\"},\"image\":{\"@id\":\"https:\\\/\\\/radioljubuski.ba\\\/#\\\/schema\\\/logo\\\/image\\\/\"},\"sameAs\":[\"https:\\\/\\\/www.facebook.com\\\/Radiio-Ljubuski-1490835324566332\",\"https:\\\/\\\/x.com\\\/radioljubuski\",\"https:\\\/\\\/hr.linkedin.com\\\/company\\\/radio-ljubuski\",\"https:\\\/\\\/www.youtube.com\\\/channel\\\/UCHYaeO_n0Db3tjNGudGpXyw\"]},{\"@type\":\"Person\",\"@id\":\"https:\\\/\\\/radioljubuski.ba\\\/#\\\/schema\\\/person\\\/19fc700381a780f69665d7956c469e3b\",\"name\":\"Radio Ljubu\u0161ki\"}]}<\/script>\n<!-- \/ Yoast SEO plugin. -->","yoast_head_json":{"title":"Pedeseta obljetnica Hrvatskog prolje\u0107a obilje\u017eena u Ljubu\u0161kom - audio i foto - RADIO LJUBU\u0160KI","robots":{"index":"index","follow":"follow","max-snippet":"max-snippet:-1","max-image-preview":"max-image-preview:large","max-video-preview":"max-video-preview:-1"},"canonical":"https:\/\/radioljubuski.ba\/index.php\/2021\/12\/03\/pedeseta-obljetnica-hrvatskog-proljeca-obiljezena-u-ljubuskom-auido-i-foto\/","og_locale":"hr_HR","og_type":"article","og_title":"Pedeseta obljetnica Hrvatskog prolje\u0107a obilje\u017eena u Ljubu\u0161kom - audio i foto - RADIO LJUBU\u0160KI","og_description":"U hotelu Bigeste u Ljubu\u0161kom sino\u0107 je Udruga Hercegova\u010dka kulturna ba\u0161tina Bilig organizirala prigodni program obilje\u017eavanja 50 godina Hrvatskog prolje\u0107a. Program je \u201eotvorila\u201c prof. Marina Lovri\u0107 koja je pro\u010ditala proglas Matice Hrvatske koju je objavio Hrvatski tjednik u danima bunta i bu\u0111enja hrvatske svijesti prije nego \u0107e biti zabranjen. Nakon toga zanimljive detalje iz tog [&hellip;]","og_url":"https:\/\/radioljubuski.ba\/index.php\/2021\/12\/03\/pedeseta-obljetnica-hrvatskog-proljeca-obiljezena-u-ljubuskom-auido-i-foto\/","og_site_name":"RADIO LJUBU\u0160KI","article_publisher":"https:\/\/www.facebook.com\/Radiio-Ljubuski-1490835324566332","article_published_time":"2021-12-03T09:07:57+00:00","article_modified_time":"2021-12-20T13:13:21+00:00","og_image":[{"width":1024,"height":683,"url":"https:\/\/radioljubuski.ba\/wp-content\/uploads\/2021\/12\/hrv-proljece-bilig.jpg","type":"image\/jpeg"}],"author":"Radio Ljubu\u0161ki","twitter_card":"summary_large_image","twitter_creator":"@radioljubuski","twitter_site":"@radioljubuski","twitter_misc":{"Napisao\/la":"Radio Ljubu\u0161ki","Procijenjeno vrijeme \u010ditanja":"1 minuta"},"schema":{"@context":"https:\/\/schema.org","@graph":[{"@type":"Article","@id":"https:\/\/radioljubuski.ba\/index.php\/2021\/12\/03\/pedeseta-obljetnica-hrvatskog-proljeca-obiljezena-u-ljubuskom-auido-i-foto\/#article","isPartOf":{"@id":"https:\/\/radioljubuski.ba\/index.php\/2021\/12\/03\/pedeseta-obljetnica-hrvatskog-proljeca-obiljezena-u-ljubuskom-auido-i-foto\/"},"author":{"name":"Radio Ljubu\u0161ki","@id":"https:\/\/radioljubuski.ba\/#\/schema\/person\/19fc700381a780f69665d7956c469e3b"},"headline":"Pedeseta obljetnica Hrvatskog prolje\u0107a obilje\u017eena u Ljubu\u0161kom &#8211; audio i foto","datePublished":"2021-12-03T09:07:57+00:00","dateModified":"2021-12-20T13:13:21+00:00","mainEntityOfPage":{"@id":"https:\/\/radioljubuski.ba\/index.php\/2021\/12\/03\/pedeseta-obljetnica-hrvatskog-proljeca-obiljezena-u-ljubuskom-auido-i-foto\/"},"wordCount":224,"publisher":{"@id":"https:\/\/radioljubuski.ba\/#organization"},"image":{"@id":"https:\/\/radioljubuski.ba\/index.php\/2021\/12\/03\/pedeseta-obljetnica-hrvatskog-proljeca-obiljezena-u-ljubuskom-auido-i-foto\/#primaryimage"},"thumbnailUrl":"https:\/\/radioljubuski.ba\/wp-content\/uploads\/2021\/12\/hrv-proljece-bilig.jpg","articleSection":["RLJ Audio"],"inLanguage":"hr"},{"@type":"WebPage","@id":"https:\/\/radioljubuski.ba\/index.php\/2021\/12\/03\/pedeseta-obljetnica-hrvatskog-proljeca-obiljezena-u-ljubuskom-auido-i-foto\/","url":"https:\/\/radioljubuski.ba\/index.php\/2021\/12\/03\/pedeseta-obljetnica-hrvatskog-proljeca-obiljezena-u-ljubuskom-auido-i-foto\/","name":"Pedeseta obljetnica Hrvatskog prolje\u0107a obilje\u017eena u Ljubu\u0161kom - audio i foto - RADIO LJUBU\u0160KI","isPartOf":{"@id":"https:\/\/radioljubuski.ba\/#website"},"primaryImageOfPage":{"@id":"https:\/\/radioljubuski.ba\/index.php\/2021\/12\/03\/pedeseta-obljetnica-hrvatskog-proljeca-obiljezena-u-ljubuskom-auido-i-foto\/#primaryimage"},"image":{"@id":"https:\/\/radioljubuski.ba\/index.php\/2021\/12\/03\/pedeseta-obljetnica-hrvatskog-proljeca-obiljezena-u-ljubuskom-auido-i-foto\/#primaryimage"},"thumbnailUrl":"https:\/\/radioljubuski.ba\/wp-content\/uploads\/2021\/12\/hrv-proljece-bilig.jpg","datePublished":"2021-12-03T09:07:57+00:00","dateModified":"2021-12-20T13:13:21+00:00","breadcrumb":{"@id":"https:\/\/radioljubuski.ba\/index.php\/2021\/12\/03\/pedeseta-obljetnica-hrvatskog-proljeca-obiljezena-u-ljubuskom-auido-i-foto\/#breadcrumb"},"inLanguage":"hr","potentialAction":[{"@type":"ReadAction","target":["https:\/\/radioljubuski.ba\/index.php\/2021\/12\/03\/pedeseta-obljetnica-hrvatskog-proljeca-obiljezena-u-ljubuskom-auido-i-foto\/"]}]},{"@type":"ImageObject","inLanguage":"hr","@id":"https:\/\/radioljubuski.ba\/index.php\/2021\/12\/03\/pedeseta-obljetnica-hrvatskog-proljeca-obiljezena-u-ljubuskom-auido-i-foto\/#primaryimage","url":"https:\/\/radioljubuski.ba\/wp-content\/uploads\/2021\/12\/hrv-proljece-bilig.jpg","contentUrl":"https:\/\/radioljubuski.ba\/wp-content\/uploads\/2021\/12\/hrv-proljece-bilig.jpg","width":1024,"height":683},{"@type":"BreadcrumbList","@id":"https:\/\/radioljubuski.ba\/index.php\/2021\/12\/03\/pedeseta-obljetnica-hrvatskog-proljeca-obiljezena-u-ljubuskom-auido-i-foto\/#breadcrumb","itemListElement":[{"@type":"ListItem","position":1,"name":"Po\u010detna stranica","item":"https:\/\/radioljubuski.ba\/"},{"@type":"ListItem","position":2,"name":"Pedeseta obljetnica Hrvatskog prolje\u0107a obilje\u017eena u Ljubu\u0161kom &#8211; audio i foto"}]},{"@type":"WebSite","@id":"https:\/\/radioljubuski.ba\/#website","url":"https:\/\/radioljubuski.ba\/","name":"Radio Ljubu\u0161ki","description":"Sun\u010dana frekvencija Hercegovine","publisher":{"@id":"https:\/\/radioljubuski.ba\/#organization"},"potentialAction":[{"@type":"SearchAction","target":{"@type":"EntryPoint","urlTemplate":"https:\/\/radioljubuski.ba\/?s={search_term_string}"},"query-input":{"@type":"PropertyValueSpecification","valueRequired":true,"valueName":"search_term_string"}}],"inLanguage":"hr"},{"@type":"Organization","@id":"https:\/\/radioljubuski.ba\/#organization","name":"Radio Ljubu\u0161ki","url":"https:\/\/radioljubuski.ba\/","logo":{"@type":"ImageObject","inLanguage":"hr","@id":"https:\/\/radioljubuski.ba\/#\/schema\/logo\/image\/","url":"https:\/\/radioljubuski.ba\/wp-content\/uploads\/2021\/02\/cropped-Radio_Ljubuski_logo1.jpg","contentUrl":"https:\/\/radioljubuski.ba\/wp-content\/uploads\/2021\/02\/cropped-Radio_Ljubuski_logo1.jpg","width":512,"height":512,"caption":"Radio Ljubu\u0161ki"},"image":{"@id":"https:\/\/radioljubuski.ba\/#\/schema\/logo\/image\/"},"sameAs":["https:\/\/www.facebook.com\/Radiio-Ljubuski-1490835324566332","https:\/\/x.com\/radioljubuski","https:\/\/hr.linkedin.com\/company\/radio-ljubuski","https:\/\/www.youtube.com\/channel\/UCHYaeO_n0Db3tjNGudGpXyw"]},{"@type":"Person","@id":"https:\/\/radioljubuski.ba\/#\/schema\/person\/19fc700381a780f69665d7956c469e3b","name":"Radio Ljubu\u0161ki"}]}},"_links":{"self":[{"href":"https:\/\/radioljubuski.ba\/index.php\/wp-json\/wp\/v2\/posts\/95220","targetHints":{"allow":["GET"]}}],"collection":[{"href":"https:\/\/radioljubuski.ba\/index.php\/wp-json\/wp\/v2\/posts"}],"about":[{"href":"https:\/\/radioljubuski.ba\/index.php\/wp-json\/wp\/v2\/types\/post"}],"author":[{"embeddable":true,"href":"https:\/\/radioljubuski.ba\/index.php\/wp-json\/wp\/v2\/users\/2"}],"replies":[{"embeddable":true,"href":"https:\/\/radioljubuski.ba\/index.php\/wp-json\/wp\/v2\/comments?post=95220"}],"version-history":[{"count":3,"href":"https:\/\/radioljubuski.ba\/index.php\/wp-json\/wp\/v2\/posts\/95220\/revisions"}],"predecessor-version":[{"id":101892,"href":"https:\/\/radioljubuski.ba\/index.php\/wp-json\/wp\/v2\/posts\/95220\/revisions\/101892"}],"wp:featuredmedia":[{"embeddable":true,"href":"https:\/\/radioljubuski.ba\/index.php\/wp-json\/wp\/v2\/media\/95221"}],"wp:attachment":[{"href":"https:\/\/radioljubuski.ba\/index.php\/wp-json\/wp\/v2\/media?parent=95220"}],"wp:term":[{"taxonomy":"category","embeddable":true,"href":"https:\/\/radioljubuski.ba\/index.php\/wp-json\/wp\/v2\/categories?post=95220"},{"taxonomy":"post_tag","embeddable":true,"href":"https:\/\/radioljubuski.ba\/index.php\/wp-json\/wp\/v2\/tags?post=95220"}],"curies":[{"name":"wp","href":"https:\/\/api.w.org\/{rel}","templated":true}]}}