{"id":95250,"date":"2021-12-03T13:15:42","date_gmt":"2021-12-03T12:15:42","guid":{"rendered":"https:\/\/radioljubuski.ba\/?p=95250"},"modified":"2021-12-03T13:15:43","modified_gmt":"2021-12-03T12:15:43","slug":"peovic-optuzila-matu-rimca-zbog-kampusa-rimac-ovo-je-linc","status":"publish","type":"post","link":"https:\/\/radioljubuski.ba\/index.php\/2021\/12\/03\/peovic-optuzila-matu-rimca-zbog-kampusa-rimac-ovo-je-linc\/","title":{"rendered":"Peovi\u0107 optu\u017eila Matu Rimca zbog kampusa. Rimac: Ovo je lin\u010d"},"content":{"rendered":"\n<p>&nbsp;Saborska zastupnica Radni\u010dke fronte Katarina Peovi\u0107 u \u010detvrtak je, tijekom rasprave o poduzetni\u010dkoj infrastrukturi, zatra\u017eila obja\u0161njenje o zemlji\u0161tu na kojem gradi tvrtka Rimac Automobili koje joj je, tvrdi, dodijeljeno za iznos manji od jedne lipe po kvadratu mjese\u010dno.<\/p>\n\n\n\n<p>&#8220;Rimac Automobilima je gra\u0111evinsko zemlji\u0161te od gotovo 200 tisu\u0107a kvadratnih metara na sljede\u0107ih 69 godina dodijeljeno za 19.934 kuna godi\u0161nje, \u0161to je manje od jedne lipe po kvadratu mjese\u010dno&#8221;, kazala je Peovi\u0107 i upitala je li to opravdano.<\/p>\n\n\n\n<p>U petak je Mate Rimac na svom Facebook profilu objavio post u kojem je odgovorio Peovi\u0107 i pojasnio kako stvari stoje.<\/p>\n\n\n\n<p>Njegovu objavu prenosimo u cijelosti:<\/p>\n\n\n\n<p>&#8220;Oko Campusa i zemlj\u0161ta oko istog se vodi dosta rasprava pa mislim da bi bilo OK da i ja smijem re\u0107i svoj stav.<br>Kao i uvijek \u2013 u redu je preispitati i postavljati pitanja ali mislim da nije OK da se kleve\u0107e i la\u017ee, bez da se uop\u0107e pita drugu stranu.<br>Par \u010dinjenica:<br>&#8211; Radi se o zemlji\u0161tu od 200.000 m2 (plavo na slici). To\u010dno 1.000 metara dalje smo upravo kupili* zemlji\u0161te od 600.000 m2 (3x ve\u0107e) od Plive za 3M Eura (zeleno na slici)<br>&#8211; Zemlji\u0161te na kojem gradimo Campus je (i dalje) u vlasni\u0161tvu Grada Svete Nedelje<br>&#8211; Rimac Automobili ima pravo gra\u0111enja na toj \u010destici uz uvjet da pokrenemo izgradnju u roku od 12 mjeseci, zavr\u0161imo projekt u roku od 36 mjeseci (26.03.2024.), zaposlimo 729 novih zaposlenih, od kojih 547 mora biti visoko obrazovanih<br>&#8211; Ukoliko ne ispunimo uvjete, sve \u0161to smo napravili ide u vlasni\u0161tvo Grada<br>&#8211; Nakon isteka Prava gradnje (69 godina), zemlji\u0161te i sve na njemu se vra\u0107a Gradu<br>&#8211; Za Campus \u0107emo pla\u0107ati 2.5M kuna komunalne naknade Gradu godi\u0161nje, \u0161to predstavlja 15% prora\u010duna Grada Svete Nedelje<br>&#8211; Mi u potpunosti financiramo projekt sami, uklju\u010duju\u0107i infrastrukturu, bez kune od dr\u017eave ili EU \u2013 sami pla\u0107amo trafo stanice, premje\u0161tanje dalekovoda, ceste i sve ostalo<br>&#8211; Za sada financirano kompletni projekt sami, bez banaka, bez kredita i kako stvari stoje, tako \u0107e i ostati<br>&#8211; Nemamo nikakve dr\u017eavne garancije ili sli\u010dno<br>&#8211; Koliko je meni poznato, Campus je najve\u0107a industrijska green-field investicija u povijesti zemlje<br>&#8211; Projekt napreduje jako brzo, ponajvi\u0161e zahvaljuju\u0107i izvo\u0111a\u010du (Facies iz Svete Nedelje) koji je izvrstan \u2013 za sada smo u roku<br>&#8211; U Campusu \u0107e raditi preko 2.500 zaposlenih od kojih \u0107e preko polovica biti visokoobrazovani<br>&#8211; Iz Campusa \u0107e izlaziti proizvodi vrijedni milijarde kuna godi\u0161nje<br>&#8211; To zemlji\u0161te je uvije bilo \u0161ikara i ostalo bi \u0161ikara desetlje\u0107ima da nije ovog Campusa. Ali Hrvatska voli \u0161ikare.<br>&#8211; Ne\u0107u niti spominjati koje \u0107e pozitivne posljedice za mikro-lokaciju Kerestinca\/Svete Nedeje i dr\u017eavu ova investicija imati<br>&#8211; Rimac Automobili (sada Rimac Grupa) su do sada prikupili vi\u0161e od 300M Eura (preko 2 milijarde kuna) a upravo zavr\u0161avamo vi\u0161estruko ve\u0107u rundu financiranja (prikupljamo vi\u0161e kapitala nego smo zajedno u povijesti)<br>&#8211; Rimac Grupa danas ima preko 1.400 zaposlenih (+Greyp 100 i P3 100), od kojih je oko 1.200 u Hrvatskoj<br>&#8211; Rimac Grupa je ove godine zaposlila preko 450 novih zaposlenih (ne ra\u010dunaju\u0107i pripajanje Bugattija) te idu\u0107e godine planiramo preko 700 novih ljudi zaposlit<br>&#8211; Iz financijske pespektive, nemamo problem kupiti to zemlji\u0161te. Ali tek bi tada bilo pitanje o cijeni.<br>&#8211; Ve\u0107 sada znamo da nam Campus niti iz bliza ne\u0107e biti dovoljan i da \u0107emo trebati 3-4 dodatna sli\u010dna objekta u idu\u0107ih 10 godina ukoliko \u0107emo ispuniti (vrlo ambiciozne) planove koje imamo<\/p>\n\n\n\n<p>\u0160to se mene ti\u010de, mo\u017eemo i kupiti zemlji\u0161te sada po tr\u017ei\u0161noj cijeni. Nema problema. Ja \u0107u biti jedina budala na svijetu koja ovakvu investiciju financira 100% bez subvencija, na zemlji\u0161tu koje kupujemo po tr\u017ei\u0161noj cijeni (opet ka\u017eem, nema problema) ali \u0107emo onda vidjeti kako \u0107u za slijede\u0107u investiciju uspjeti uvjeriti svoje investitore koji ovo financiraju, da se to dalje radi u Hrvatskoj.<\/p>\n\n\n\n<p>Uz sve ovo \u2013 lin\u010d, klevetama i mr\u017enji kojoj sam svakodnevno izlo\u017een, je pitanje moje motivacije budu\u0107e investicije raditi u Hrvatskoj a i kakav tretman drugi potencijalni investitori mogu o\u010dekivati \u2013 koji eto, stoje u redu da \u0161ikare pretvore u razvojno-istra\u017eiva\u010dke i proizvodne pogone u Hrvatskoj.<\/p>\n\n\n\n<p>Bez brige, ne\u0107u dozvoliti da nas ti napadi i bla\u0107enje uznemire &#8211; idemo dalje punom parom i jedva \u010dekam da zavr\u0161imo ovaj projekt na koji \u0107e ipak, velika ve\u0107ina biti ponosna.<\/p>\n\n\n\n<p>*Ugovor potpisan pro\u0161li tjedan &#8211; proces kupnje jo\u0161 nije potpuno zavr\u0161en i vidljiv u zemlji\u0161nim knjigama.&#8221;\u00a0<\/p>\n\n\n\n<iframe loading=\"lazy\" src=\"https:\/\/www.facebook.com\/plugins\/post.php?href=https%3A%2F%2Fwww.facebook.com%2Fmate.rimac%2Fposts%2F10227349102171832&#038;show_text=true&#038;width=500\" width=\"500\" height=\"599\" style=\"border:none;overflow:hidden\" scrolling=\"no\" frameborder=\"0\" allowfullscreen=\"true\" allow=\"autoplay; clipboard-write; encrypted-media; picture-in-picture; web-share\"><\/iframe>\n\n\n\n<p>Izvor.pogled.ba<\/p>\n","protected":false},"excerpt":{"rendered":"<p>&nbsp;Saborska zastupnica Radni\u010dke fronte Katarina Peovi\u0107 u \u010detvrtak je, tijekom rasprave o poduzetni\u010dkoj infrastrukturi, zatra\u017eila obja\u0161njenje o zemlji\u0161tu na kojem gradi tvrtka Rimac Automobili koje joj je, tvrdi, dodijeljeno za iznos manji od jedne lipe po kvadratu mjese\u010dno. &#8220;Rimac Automobilima je gra\u0111evinsko zemlji\u0161te od gotovo 200 tisu\u0107a kvadratnih metara na sljede\u0107ih 69 godina dodijeljeno za [&hellip;]<\/p>\n","protected":false},"author":2,"featured_media":95251,"comment_status":"closed","ping_status":"closed","sticky":false,"template":"","format":"standard","meta":{"h5ap_radio_sources":[],"footnotes":""},"categories":[1],"tags":[],"class_list":["post-95250","post","type-post","status-publish","format-standard","has-post-thumbnail","hentry","category-bihiregija"],"yoast_head":"<!-- This site is optimized with the Yoast SEO plugin v27.4 - https:\/\/yoast.com\/product\/yoast-seo-wordpress\/ -->\n<title>Peovi\u0107 optu\u017eila Matu Rimca zbog kampusa. Rimac: Ovo je lin\u010d - RADIO LJUBU\u0160KI<\/title>\n<meta name=\"robots\" content=\"index, follow, max-snippet:-1, max-image-preview:large, max-video-preview:-1\" \/>\n<link rel=\"canonical\" href=\"https:\/\/radioljubuski.ba\/index.php\/2021\/12\/03\/peovic-optuzila-matu-rimca-zbog-kampusa-rimac-ovo-je-linc\/\" \/>\n<meta property=\"og:locale\" content=\"hr_HR\" \/>\n<meta property=\"og:type\" content=\"article\" \/>\n<meta property=\"og:title\" content=\"Peovi\u0107 optu\u017eila Matu Rimca zbog kampusa. Rimac: Ovo je lin\u010d - RADIO LJUBU\u0160KI\" \/>\n<meta property=\"og:description\" content=\"&nbsp;Saborska zastupnica Radni\u010dke fronte Katarina Peovi\u0107 u \u010detvrtak je, tijekom rasprave o poduzetni\u010dkoj infrastrukturi, zatra\u017eila obja\u0161njenje o zemlji\u0161tu na kojem gradi tvrtka Rimac Automobili koje joj je, tvrdi, dodijeljeno za iznos manji od jedne lipe po kvadratu mjese\u010dno. &#8220;Rimac Automobilima je gra\u0111evinsko zemlji\u0161te od gotovo 200 tisu\u0107a kvadratnih metara na sljede\u0107ih 69 godina dodijeljeno za [&hellip;]\" \/>\n<meta property=\"og:url\" content=\"https:\/\/radioljubuski.ba\/index.php\/2021\/12\/03\/peovic-optuzila-matu-rimca-zbog-kampusa-rimac-ovo-je-linc\/\" \/>\n<meta property=\"og:site_name\" content=\"RADIO LJUBU\u0160KI\" \/>\n<meta property=\"article:publisher\" content=\"https:\/\/www.facebook.com\/Radiio-Ljubuski-1490835324566332\" \/>\n<meta property=\"article:published_time\" content=\"2021-12-03T12:15:42+00:00\" \/>\n<meta property=\"article:modified_time\" content=\"2021-12-03T12:15:43+00:00\" \/>\n<meta property=\"og:image\" content=\"https:\/\/radioljubuski.ba\/wp-content\/uploads\/2021\/12\/3-2021-07-05-17-46-28-rimacc.png\" \/>\n\t<meta property=\"og:image:width\" content=\"1000\" \/>\n\t<meta property=\"og:image:height\" content=\"625\" \/>\n\t<meta property=\"og:image:type\" content=\"image\/png\" \/>\n<meta name=\"author\" content=\"Radio Ljubu\u0161ki\" \/>\n<meta name=\"twitter:card\" content=\"summary_large_image\" \/>\n<meta name=\"twitter:creator\" content=\"@radioljubuski\" \/>\n<meta name=\"twitter:site\" content=\"@radioljubuski\" \/>\n<meta name=\"twitter:label1\" content=\"Napisao\/la\" \/>\n\t<meta name=\"twitter:data1\" content=\"Radio Ljubu\u0161ki\" \/>\n\t<meta name=\"twitter:label2\" content=\"Procijenjeno vrijeme \u010ditanja\" \/>\n\t<meta name=\"twitter:data2\" content=\"4 minute\" \/>\n<script type=\"application\/ld+json\" class=\"yoast-schema-graph\">{\"@context\":\"https:\\\/\\\/schema.org\",\"@graph\":[{\"@type\":\"Article\",\"@id\":\"https:\\\/\\\/radioljubuski.ba\\\/index.php\\\/2021\\\/12\\\/03\\\/peovic-optuzila-matu-rimca-zbog-kampusa-rimac-ovo-je-linc\\\/#article\",\"isPartOf\":{\"@id\":\"https:\\\/\\\/radioljubuski.ba\\\/index.php\\\/2021\\\/12\\\/03\\\/peovic-optuzila-matu-rimca-zbog-kampusa-rimac-ovo-je-linc\\\/\"},\"author\":{\"name\":\"Radio Ljubu\u0161ki\",\"@id\":\"https:\\\/\\\/radioljubuski.ba\\\/#\\\/schema\\\/person\\\/19fc700381a780f69665d7956c469e3b\"},\"headline\":\"Peovi\u0107 optu\u017eila Matu Rimca zbog kampusa. Rimac: Ovo je lin\u010d\",\"datePublished\":\"2021-12-03T12:15:42+00:00\",\"dateModified\":\"2021-12-03T12:15:43+00:00\",\"mainEntityOfPage\":{\"@id\":\"https:\\\/\\\/radioljubuski.ba\\\/index.php\\\/2021\\\/12\\\/03\\\/peovic-optuzila-matu-rimca-zbog-kampusa-rimac-ovo-je-linc\\\/\"},\"wordCount\":772,\"publisher\":{\"@id\":\"https:\\\/\\\/radioljubuski.ba\\\/#organization\"},\"image\":{\"@id\":\"https:\\\/\\\/radioljubuski.ba\\\/index.php\\\/2021\\\/12\\\/03\\\/peovic-optuzila-matu-rimca-zbog-kampusa-rimac-ovo-je-linc\\\/#primaryimage\"},\"thumbnailUrl\":\"https:\\\/\\\/radioljubuski.ba\\\/wp-content\\\/uploads\\\/2021\\\/12\\\/3-2021-07-05-17-46-28-rimacc.png\",\"articleSection\":[\"BIH i regija\"],\"inLanguage\":\"hr\"},{\"@type\":\"WebPage\",\"@id\":\"https:\\\/\\\/radioljubuski.ba\\\/index.php\\\/2021\\\/12\\\/03\\\/peovic-optuzila-matu-rimca-zbog-kampusa-rimac-ovo-je-linc\\\/\",\"url\":\"https:\\\/\\\/radioljubuski.ba\\\/index.php\\\/2021\\\/12\\\/03\\\/peovic-optuzila-matu-rimca-zbog-kampusa-rimac-ovo-je-linc\\\/\",\"name\":\"Peovi\u0107 optu\u017eila Matu Rimca zbog kampusa. Rimac: Ovo je lin\u010d - RADIO LJUBU\u0160KI\",\"isPartOf\":{\"@id\":\"https:\\\/\\\/radioljubuski.ba\\\/#website\"},\"primaryImageOfPage\":{\"@id\":\"https:\\\/\\\/radioljubuski.ba\\\/index.php\\\/2021\\\/12\\\/03\\\/peovic-optuzila-matu-rimca-zbog-kampusa-rimac-ovo-je-linc\\\/#primaryimage\"},\"image\":{\"@id\":\"https:\\\/\\\/radioljubuski.ba\\\/index.php\\\/2021\\\/12\\\/03\\\/peovic-optuzila-matu-rimca-zbog-kampusa-rimac-ovo-je-linc\\\/#primaryimage\"},\"thumbnailUrl\":\"https:\\\/\\\/radioljubuski.ba\\\/wp-content\\\/uploads\\\/2021\\\/12\\\/3-2021-07-05-17-46-28-rimacc.png\",\"datePublished\":\"2021-12-03T12:15:42+00:00\",\"dateModified\":\"2021-12-03T12:15:43+00:00\",\"breadcrumb\":{\"@id\":\"https:\\\/\\\/radioljubuski.ba\\\/index.php\\\/2021\\\/12\\\/03\\\/peovic-optuzila-matu-rimca-zbog-kampusa-rimac-ovo-je-linc\\\/#breadcrumb\"},\"inLanguage\":\"hr\",\"potentialAction\":[{\"@type\":\"ReadAction\",\"target\":[\"https:\\\/\\\/radioljubuski.ba\\\/index.php\\\/2021\\\/12\\\/03\\\/peovic-optuzila-matu-rimca-zbog-kampusa-rimac-ovo-je-linc\\\/\"]}]},{\"@type\":\"ImageObject\",\"inLanguage\":\"hr\",\"@id\":\"https:\\\/\\\/radioljubuski.ba\\\/index.php\\\/2021\\\/12\\\/03\\\/peovic-optuzila-matu-rimca-zbog-kampusa-rimac-ovo-je-linc\\\/#primaryimage\",\"url\":\"https:\\\/\\\/radioljubuski.ba\\\/wp-content\\\/uploads\\\/2021\\\/12\\\/3-2021-07-05-17-46-28-rimacc.png\",\"contentUrl\":\"https:\\\/\\\/radioljubuski.ba\\\/wp-content\\\/uploads\\\/2021\\\/12\\\/3-2021-07-05-17-46-28-rimacc.png\",\"width\":1000,\"height\":625},{\"@type\":\"BreadcrumbList\",\"@id\":\"https:\\\/\\\/radioljubuski.ba\\\/index.php\\\/2021\\\/12\\\/03\\\/peovic-optuzila-matu-rimca-zbog-kampusa-rimac-ovo-je-linc\\\/#breadcrumb\",\"itemListElement\":[{\"@type\":\"ListItem\",\"position\":1,\"name\":\"Po\u010detna stranica\",\"item\":\"https:\\\/\\\/radioljubuski.ba\\\/\"},{\"@type\":\"ListItem\",\"position\":2,\"name\":\"Peovi\u0107 optu\u017eila Matu Rimca zbog kampusa. Rimac: Ovo je lin\u010d\"}]},{\"@type\":\"WebSite\",\"@id\":\"https:\\\/\\\/radioljubuski.ba\\\/#website\",\"url\":\"https:\\\/\\\/radioljubuski.ba\\\/\",\"name\":\"Radio Ljubu\u0161ki\",\"description\":\"Sun\u010dana frekvencija Hercegovine\",\"publisher\":{\"@id\":\"https:\\\/\\\/radioljubuski.ba\\\/#organization\"},\"potentialAction\":[{\"@type\":\"SearchAction\",\"target\":{\"@type\":\"EntryPoint\",\"urlTemplate\":\"https:\\\/\\\/radioljubuski.ba\\\/?s={search_term_string}\"},\"query-input\":{\"@type\":\"PropertyValueSpecification\",\"valueRequired\":true,\"valueName\":\"search_term_string\"}}],\"inLanguage\":\"hr\"},{\"@type\":\"Organization\",\"@id\":\"https:\\\/\\\/radioljubuski.ba\\\/#organization\",\"name\":\"Radio Ljubu\u0161ki\",\"url\":\"https:\\\/\\\/radioljubuski.ba\\\/\",\"logo\":{\"@type\":\"ImageObject\",\"inLanguage\":\"hr\",\"@id\":\"https:\\\/\\\/radioljubuski.ba\\\/#\\\/schema\\\/logo\\\/image\\\/\",\"url\":\"https:\\\/\\\/radioljubuski.ba\\\/wp-content\\\/uploads\\\/2021\\\/02\\\/cropped-Radio_Ljubuski_logo1.jpg\",\"contentUrl\":\"https:\\\/\\\/radioljubuski.ba\\\/wp-content\\\/uploads\\\/2021\\\/02\\\/cropped-Radio_Ljubuski_logo1.jpg\",\"width\":512,\"height\":512,\"caption\":\"Radio Ljubu\u0161ki\"},\"image\":{\"@id\":\"https:\\\/\\\/radioljubuski.ba\\\/#\\\/schema\\\/logo\\\/image\\\/\"},\"sameAs\":[\"https:\\\/\\\/www.facebook.com\\\/Radiio-Ljubuski-1490835324566332\",\"https:\\\/\\\/x.com\\\/radioljubuski\",\"https:\\\/\\\/hr.linkedin.com\\\/company\\\/radio-ljubuski\",\"https:\\\/\\\/www.youtube.com\\\/channel\\\/UCHYaeO_n0Db3tjNGudGpXyw\"]},{\"@type\":\"Person\",\"@id\":\"https:\\\/\\\/radioljubuski.ba\\\/#\\\/schema\\\/person\\\/19fc700381a780f69665d7956c469e3b\",\"name\":\"Radio Ljubu\u0161ki\"}]}<\/script>\n<!-- \/ Yoast SEO plugin. -->","yoast_head_json":{"title":"Peovi\u0107 optu\u017eila Matu Rimca zbog kampusa. Rimac: Ovo je lin\u010d - RADIO LJUBU\u0160KI","robots":{"index":"index","follow":"follow","max-snippet":"max-snippet:-1","max-image-preview":"max-image-preview:large","max-video-preview":"max-video-preview:-1"},"canonical":"https:\/\/radioljubuski.ba\/index.php\/2021\/12\/03\/peovic-optuzila-matu-rimca-zbog-kampusa-rimac-ovo-je-linc\/","og_locale":"hr_HR","og_type":"article","og_title":"Peovi\u0107 optu\u017eila Matu Rimca zbog kampusa. Rimac: Ovo je lin\u010d - RADIO LJUBU\u0160KI","og_description":"&nbsp;Saborska zastupnica Radni\u010dke fronte Katarina Peovi\u0107 u \u010detvrtak je, tijekom rasprave o poduzetni\u010dkoj infrastrukturi, zatra\u017eila obja\u0161njenje o zemlji\u0161tu na kojem gradi tvrtka Rimac Automobili koje joj je, tvrdi, dodijeljeno za iznos manji od jedne lipe po kvadratu mjese\u010dno. &#8220;Rimac Automobilima je gra\u0111evinsko zemlji\u0161te od gotovo 200 tisu\u0107a kvadratnih metara na sljede\u0107ih 69 godina dodijeljeno za [&hellip;]","og_url":"https:\/\/radioljubuski.ba\/index.php\/2021\/12\/03\/peovic-optuzila-matu-rimca-zbog-kampusa-rimac-ovo-je-linc\/","og_site_name":"RADIO LJUBU\u0160KI","article_publisher":"https:\/\/www.facebook.com\/Radiio-Ljubuski-1490835324566332","article_published_time":"2021-12-03T12:15:42+00:00","article_modified_time":"2021-12-03T12:15:43+00:00","og_image":[{"width":1000,"height":625,"url":"https:\/\/radioljubuski.ba\/wp-content\/uploads\/2021\/12\/3-2021-07-05-17-46-28-rimacc.png","type":"image\/png"}],"author":"Radio Ljubu\u0161ki","twitter_card":"summary_large_image","twitter_creator":"@radioljubuski","twitter_site":"@radioljubuski","twitter_misc":{"Napisao\/la":"Radio Ljubu\u0161ki","Procijenjeno vrijeme \u010ditanja":"4 minute"},"schema":{"@context":"https:\/\/schema.org","@graph":[{"@type":"Article","@id":"https:\/\/radioljubuski.ba\/index.php\/2021\/12\/03\/peovic-optuzila-matu-rimca-zbog-kampusa-rimac-ovo-je-linc\/#article","isPartOf":{"@id":"https:\/\/radioljubuski.ba\/index.php\/2021\/12\/03\/peovic-optuzila-matu-rimca-zbog-kampusa-rimac-ovo-je-linc\/"},"author":{"name":"Radio Ljubu\u0161ki","@id":"https:\/\/radioljubuski.ba\/#\/schema\/person\/19fc700381a780f69665d7956c469e3b"},"headline":"Peovi\u0107 optu\u017eila Matu Rimca zbog kampusa. Rimac: Ovo je lin\u010d","datePublished":"2021-12-03T12:15:42+00:00","dateModified":"2021-12-03T12:15:43+00:00","mainEntityOfPage":{"@id":"https:\/\/radioljubuski.ba\/index.php\/2021\/12\/03\/peovic-optuzila-matu-rimca-zbog-kampusa-rimac-ovo-je-linc\/"},"wordCount":772,"publisher":{"@id":"https:\/\/radioljubuski.ba\/#organization"},"image":{"@id":"https:\/\/radioljubuski.ba\/index.php\/2021\/12\/03\/peovic-optuzila-matu-rimca-zbog-kampusa-rimac-ovo-je-linc\/#primaryimage"},"thumbnailUrl":"https:\/\/radioljubuski.ba\/wp-content\/uploads\/2021\/12\/3-2021-07-05-17-46-28-rimacc.png","articleSection":["BIH i regija"],"inLanguage":"hr"},{"@type":"WebPage","@id":"https:\/\/radioljubuski.ba\/index.php\/2021\/12\/03\/peovic-optuzila-matu-rimca-zbog-kampusa-rimac-ovo-je-linc\/","url":"https:\/\/radioljubuski.ba\/index.php\/2021\/12\/03\/peovic-optuzila-matu-rimca-zbog-kampusa-rimac-ovo-je-linc\/","name":"Peovi\u0107 optu\u017eila Matu Rimca zbog kampusa. Rimac: Ovo je lin\u010d - RADIO LJUBU\u0160KI","isPartOf":{"@id":"https:\/\/radioljubuski.ba\/#website"},"primaryImageOfPage":{"@id":"https:\/\/radioljubuski.ba\/index.php\/2021\/12\/03\/peovic-optuzila-matu-rimca-zbog-kampusa-rimac-ovo-je-linc\/#primaryimage"},"image":{"@id":"https:\/\/radioljubuski.ba\/index.php\/2021\/12\/03\/peovic-optuzila-matu-rimca-zbog-kampusa-rimac-ovo-je-linc\/#primaryimage"},"thumbnailUrl":"https:\/\/radioljubuski.ba\/wp-content\/uploads\/2021\/12\/3-2021-07-05-17-46-28-rimacc.png","datePublished":"2021-12-03T12:15:42+00:00","dateModified":"2021-12-03T12:15:43+00:00","breadcrumb":{"@id":"https:\/\/radioljubuski.ba\/index.php\/2021\/12\/03\/peovic-optuzila-matu-rimca-zbog-kampusa-rimac-ovo-je-linc\/#breadcrumb"},"inLanguage":"hr","potentialAction":[{"@type":"ReadAction","target":["https:\/\/radioljubuski.ba\/index.php\/2021\/12\/03\/peovic-optuzila-matu-rimca-zbog-kampusa-rimac-ovo-je-linc\/"]}]},{"@type":"ImageObject","inLanguage":"hr","@id":"https:\/\/radioljubuski.ba\/index.php\/2021\/12\/03\/peovic-optuzila-matu-rimca-zbog-kampusa-rimac-ovo-je-linc\/#primaryimage","url":"https:\/\/radioljubuski.ba\/wp-content\/uploads\/2021\/12\/3-2021-07-05-17-46-28-rimacc.png","contentUrl":"https:\/\/radioljubuski.ba\/wp-content\/uploads\/2021\/12\/3-2021-07-05-17-46-28-rimacc.png","width":1000,"height":625},{"@type":"BreadcrumbList","@id":"https:\/\/radioljubuski.ba\/index.php\/2021\/12\/03\/peovic-optuzila-matu-rimca-zbog-kampusa-rimac-ovo-je-linc\/#breadcrumb","itemListElement":[{"@type":"ListItem","position":1,"name":"Po\u010detna stranica","item":"https:\/\/radioljubuski.ba\/"},{"@type":"ListItem","position":2,"name":"Peovi\u0107 optu\u017eila Matu Rimca zbog kampusa. Rimac: Ovo je lin\u010d"}]},{"@type":"WebSite","@id":"https:\/\/radioljubuski.ba\/#website","url":"https:\/\/radioljubuski.ba\/","name":"Radio Ljubu\u0161ki","description":"Sun\u010dana frekvencija Hercegovine","publisher":{"@id":"https:\/\/radioljubuski.ba\/#organization"},"potentialAction":[{"@type":"SearchAction","target":{"@type":"EntryPoint","urlTemplate":"https:\/\/radioljubuski.ba\/?s={search_term_string}"},"query-input":{"@type":"PropertyValueSpecification","valueRequired":true,"valueName":"search_term_string"}}],"inLanguage":"hr"},{"@type":"Organization","@id":"https:\/\/radioljubuski.ba\/#organization","name":"Radio Ljubu\u0161ki","url":"https:\/\/radioljubuski.ba\/","logo":{"@type":"ImageObject","inLanguage":"hr","@id":"https:\/\/radioljubuski.ba\/#\/schema\/logo\/image\/","url":"https:\/\/radioljubuski.ba\/wp-content\/uploads\/2021\/02\/cropped-Radio_Ljubuski_logo1.jpg","contentUrl":"https:\/\/radioljubuski.ba\/wp-content\/uploads\/2021\/02\/cropped-Radio_Ljubuski_logo1.jpg","width":512,"height":512,"caption":"Radio Ljubu\u0161ki"},"image":{"@id":"https:\/\/radioljubuski.ba\/#\/schema\/logo\/image\/"},"sameAs":["https:\/\/www.facebook.com\/Radiio-Ljubuski-1490835324566332","https:\/\/x.com\/radioljubuski","https:\/\/hr.linkedin.com\/company\/radio-ljubuski","https:\/\/www.youtube.com\/channel\/UCHYaeO_n0Db3tjNGudGpXyw"]},{"@type":"Person","@id":"https:\/\/radioljubuski.ba\/#\/schema\/person\/19fc700381a780f69665d7956c469e3b","name":"Radio Ljubu\u0161ki"}]}},"_links":{"self":[{"href":"https:\/\/radioljubuski.ba\/index.php\/wp-json\/wp\/v2\/posts\/95250","targetHints":{"allow":["GET"]}}],"collection":[{"href":"https:\/\/radioljubuski.ba\/index.php\/wp-json\/wp\/v2\/posts"}],"about":[{"href":"https:\/\/radioljubuski.ba\/index.php\/wp-json\/wp\/v2\/types\/post"}],"author":[{"embeddable":true,"href":"https:\/\/radioljubuski.ba\/index.php\/wp-json\/wp\/v2\/users\/2"}],"replies":[{"embeddable":true,"href":"https:\/\/radioljubuski.ba\/index.php\/wp-json\/wp\/v2\/comments?post=95250"}],"version-history":[{"count":1,"href":"https:\/\/radioljubuski.ba\/index.php\/wp-json\/wp\/v2\/posts\/95250\/revisions"}],"predecessor-version":[{"id":95252,"href":"https:\/\/radioljubuski.ba\/index.php\/wp-json\/wp\/v2\/posts\/95250\/revisions\/95252"}],"wp:featuredmedia":[{"embeddable":true,"href":"https:\/\/radioljubuski.ba\/index.php\/wp-json\/wp\/v2\/media\/95251"}],"wp:attachment":[{"href":"https:\/\/radioljubuski.ba\/index.php\/wp-json\/wp\/v2\/media?parent=95250"}],"wp:term":[{"taxonomy":"category","embeddable":true,"href":"https:\/\/radioljubuski.ba\/index.php\/wp-json\/wp\/v2\/categories?post=95250"},{"taxonomy":"post_tag","embeddable":true,"href":"https:\/\/radioljubuski.ba\/index.php\/wp-json\/wp\/v2\/tags?post=95250"}],"curies":[{"name":"wp","href":"https:\/\/api.w.org\/{rel}","templated":true}]}}