{"id":95326,"date":"2021-12-03T13:52:49","date_gmt":"2021-12-03T12:52:49","guid":{"rendered":"https:\/\/radioljubuski.ba\/?p=95326"},"modified":"2021-12-03T13:52:50","modified_gmt":"2021-12-03T12:52:50","slug":"pobjeda-odermatta-na-prvom-superveleslalomu-sezone","status":"publish","type":"post","link":"https:\/\/radioljubuski.ba\/index.php\/2021\/12\/03\/pobjeda-odermatta-na-prvom-superveleslalomu-sezone\/","title":{"rendered":"Pobjeda Odermatta na prvom superveleslalomu sezone"},"content":{"rendered":"\n<p><strong>\u0160vicarac Marco Odermatt pobjednik je prvog superveleslaloma sezone Svjetskog kupa skija\u0161a odr\u017eanog u ameri\u010dkom Beaver Creeku u \u010detvrtak.<br><br><\/strong><\/p>\n\n\n\n<p>Odermatt je slavio sa 78 stotinki ispred drugog Austrijanca&nbsp;<strong>Matthiasa Mayera<\/strong>, odnosno 95 stotinki ispred tre\u0107eg Kana\u0111anin<strong>a Brodericka Thompsona<\/strong>.<br><br>U ukupnom redoslijedu Svjetskog kupa vode\u0107i Odermatt sada ima 250 bodova, drugi je Mayer sa 180, a tre\u0107i Austrijanac&nbsp;<strong>Vincent Kriechmayr&nbsp;<\/strong>125.<br><br>REZULTATI:<br>1. Marco Odermatt (\u0160vi) 1:08.61<br>2. Mathias Mayer (Aut) +0.78<br>3. Broderick Thompson (Kan) +0.95<br>4. Andreas Sander (Njem) +0.98<br>5. Vincent Kriechmayr (Aut) +1.02<br>6. Alexis Pinturault (Fra) +1.13<br>7. Adrian Smiseth Sejersted (Nor) +1.14<br>8. Justin Murisier (\u0160vi) +1.26<br>9. Mattia Casse (Ita) +1.32<br>10. Gino Caviezel (\u0160vi) +1.39<br>REDOSLIJED U SVJETSKOM KUPU:<br>1. Marco Odermatt (\u0160vi) 250<br>2. Matthias Mayer (Aut) 180<br>3. Vincent Kriechmayr (Aut) 125<br>4. Christian Hirschbuehl (Aut) 100<br>5. Gino Caviezel (\u0160vi) 87<br>6. \u017dan Kranjec (Slo) 86<br>&#8212;&#8212;&#8212;&#8212;&#8212;&#8212;&#8212;&#8212;&#8212;&#8212;&#8212;&#8212;&#8212;&#8212;&#8212;&#8212;&#8212;&#8212;&#8212;<br>26. FILIP ZUB\u010cI\u0106 (HRV) 36<\/p>\n\n\n\n<p>Izvor:hrt.hr<\/p>\n","protected":false},"excerpt":{"rendered":"<p>\u0160vicarac Marco Odermatt pobjednik je prvog superveleslaloma sezone Svjetskog kupa skija\u0161a odr\u017eanog u ameri\u010dkom Beaver Creeku u \u010detvrtak. Odermatt je slavio sa 78 stotinki ispred drugog Austrijanca&nbsp;Matthiasa Mayera, odnosno 95 stotinki ispred tre\u0107eg Kana\u0111anina Brodericka Thompsona. U ukupnom redoslijedu Svjetskog kupa vode\u0107i Odermatt sada ima 250 bodova, drugi je Mayer sa 180, a tre\u0107i Austrijanac&nbsp;Vincent [&hellip;]<\/p>\n","protected":false},"author":2,"featured_media":95327,"comment_status":"closed","ping_status":"closed","sticky":false,"template":"","format":"standard","meta":{"h5ap_radio_sources":[],"footnotes":""},"categories":[7],"tags":[],"class_list":["post-95326","post","type-post","status-publish","format-standard","has-post-thumbnail","hentry","category-sport"],"yoast_head":"<!-- This site is optimized with the Yoast SEO plugin v27.4 - https:\/\/yoast.com\/product\/yoast-seo-wordpress\/ -->\n<title>Pobjeda Odermatta na prvom superveleslalomu sezone - RADIO LJUBU\u0160KI<\/title>\n<meta name=\"robots\" content=\"index, follow, max-snippet:-1, max-image-preview:large, max-video-preview:-1\" \/>\n<link rel=\"canonical\" href=\"https:\/\/radioljubuski.ba\/index.php\/2021\/12\/03\/pobjeda-odermatta-na-prvom-superveleslalomu-sezone\/\" \/>\n<meta property=\"og:locale\" content=\"hr_HR\" \/>\n<meta property=\"og:type\" content=\"article\" \/>\n<meta property=\"og:title\" content=\"Pobjeda Odermatta na prvom superveleslalomu sezone - RADIO LJUBU\u0160KI\" \/>\n<meta property=\"og:description\" content=\"\u0160vicarac Marco Odermatt pobjednik je prvog superveleslaloma sezone Svjetskog kupa skija\u0161a odr\u017eanog u ameri\u010dkom Beaver Creeku u \u010detvrtak. Odermatt je slavio sa 78 stotinki ispred drugog Austrijanca&nbsp;Matthiasa Mayera, odnosno 95 stotinki ispred tre\u0107eg Kana\u0111anina Brodericka Thompsona. U ukupnom redoslijedu Svjetskog kupa vode\u0107i Odermatt sada ima 250 bodova, drugi je Mayer sa 180, a tre\u0107i Austrijanac&nbsp;Vincent [&hellip;]\" \/>\n<meta property=\"og:url\" content=\"https:\/\/radioljubuski.ba\/index.php\/2021\/12\/03\/pobjeda-odermatta-na-prvom-superveleslalomu-sezone\/\" \/>\n<meta property=\"og:site_name\" content=\"RADIO LJUBU\u0160KI\" \/>\n<meta property=\"article:publisher\" content=\"https:\/\/www.facebook.com\/Radiio-Ljubuski-1490835324566332\" \/>\n<meta property=\"article:published_time\" content=\"2021-12-03T12:52:49+00:00\" \/>\n<meta property=\"article:modified_time\" content=\"2021-12-03T12:52:50+00:00\" \/>\n<meta property=\"og:image\" content=\"https:\/\/radioljubuski.ba\/wp-content\/uploads\/2021\/12\/2021-12-02t211400z-1798366163-mt1usatoday17274116-rtrmadp-3-alpine-skiing-birds-of-prey-fis-world-cup-skiing-20211202213116-scaled.jpg\" \/>\n\t<meta property=\"og:image:width\" content=\"2560\" \/>\n\t<meta property=\"og:image:height\" content=\"1707\" \/>\n\t<meta property=\"og:image:type\" content=\"image\/jpeg\" \/>\n<meta name=\"author\" content=\"Radio Ljubu\u0161ki\" \/>\n<meta name=\"twitter:card\" content=\"summary_large_image\" \/>\n<meta name=\"twitter:creator\" content=\"@radioljubuski\" \/>\n<meta name=\"twitter:site\" content=\"@radioljubuski\" \/>\n<meta name=\"twitter:label1\" content=\"Napisao\/la\" \/>\n\t<meta name=\"twitter:data1\" content=\"Radio Ljubu\u0161ki\" \/>\n\t<meta name=\"twitter:label2\" content=\"Procijenjeno vrijeme \u010ditanja\" \/>\n\t<meta name=\"twitter:data2\" content=\"1 minuta\" \/>\n<script type=\"application\/ld+json\" class=\"yoast-schema-graph\">{\"@context\":\"https:\\\/\\\/schema.org\",\"@graph\":[{\"@type\":\"Article\",\"@id\":\"https:\\\/\\\/radioljubuski.ba\\\/index.php\\\/2021\\\/12\\\/03\\\/pobjeda-odermatta-na-prvom-superveleslalomu-sezone\\\/#article\",\"isPartOf\":{\"@id\":\"https:\\\/\\\/radioljubuski.ba\\\/index.php\\\/2021\\\/12\\\/03\\\/pobjeda-odermatta-na-prvom-superveleslalomu-sezone\\\/\"},\"author\":{\"name\":\"Radio Ljubu\u0161ki\",\"@id\":\"https:\\\/\\\/radioljubuski.ba\\\/#\\\/schema\\\/person\\\/19fc700381a780f69665d7956c469e3b\"},\"headline\":\"Pobjeda Odermatta na prvom superveleslalomu sezone\",\"datePublished\":\"2021-12-03T12:52:49+00:00\",\"dateModified\":\"2021-12-03T12:52:50+00:00\",\"mainEntityOfPage\":{\"@id\":\"https:\\\/\\\/radioljubuski.ba\\\/index.php\\\/2021\\\/12\\\/03\\\/pobjeda-odermatta-na-prvom-superveleslalomu-sezone\\\/\"},\"wordCount\":132,\"publisher\":{\"@id\":\"https:\\\/\\\/radioljubuski.ba\\\/#organization\"},\"image\":{\"@id\":\"https:\\\/\\\/radioljubuski.ba\\\/index.php\\\/2021\\\/12\\\/03\\\/pobjeda-odermatta-na-prvom-superveleslalomu-sezone\\\/#primaryimage\"},\"thumbnailUrl\":\"https:\\\/\\\/radioljubuski.ba\\\/wp-content\\\/uploads\\\/2021\\\/12\\\/2021-12-02t211400z-1798366163-mt1usatoday17274116-rtrmadp-3-alpine-skiing-birds-of-prey-fis-world-cup-skiing-20211202213116-scaled.jpg\",\"articleSection\":[\"\u0160port\"],\"inLanguage\":\"hr\"},{\"@type\":\"WebPage\",\"@id\":\"https:\\\/\\\/radioljubuski.ba\\\/index.php\\\/2021\\\/12\\\/03\\\/pobjeda-odermatta-na-prvom-superveleslalomu-sezone\\\/\",\"url\":\"https:\\\/\\\/radioljubuski.ba\\\/index.php\\\/2021\\\/12\\\/03\\\/pobjeda-odermatta-na-prvom-superveleslalomu-sezone\\\/\",\"name\":\"Pobjeda Odermatta na prvom superveleslalomu sezone - RADIO LJUBU\u0160KI\",\"isPartOf\":{\"@id\":\"https:\\\/\\\/radioljubuski.ba\\\/#website\"},\"primaryImageOfPage\":{\"@id\":\"https:\\\/\\\/radioljubuski.ba\\\/index.php\\\/2021\\\/12\\\/03\\\/pobjeda-odermatta-na-prvom-superveleslalomu-sezone\\\/#primaryimage\"},\"image\":{\"@id\":\"https:\\\/\\\/radioljubuski.ba\\\/index.php\\\/2021\\\/12\\\/03\\\/pobjeda-odermatta-na-prvom-superveleslalomu-sezone\\\/#primaryimage\"},\"thumbnailUrl\":\"https:\\\/\\\/radioljubuski.ba\\\/wp-content\\\/uploads\\\/2021\\\/12\\\/2021-12-02t211400z-1798366163-mt1usatoday17274116-rtrmadp-3-alpine-skiing-birds-of-prey-fis-world-cup-skiing-20211202213116-scaled.jpg\",\"datePublished\":\"2021-12-03T12:52:49+00:00\",\"dateModified\":\"2021-12-03T12:52:50+00:00\",\"breadcrumb\":{\"@id\":\"https:\\\/\\\/radioljubuski.ba\\\/index.php\\\/2021\\\/12\\\/03\\\/pobjeda-odermatta-na-prvom-superveleslalomu-sezone\\\/#breadcrumb\"},\"inLanguage\":\"hr\",\"potentialAction\":[{\"@type\":\"ReadAction\",\"target\":[\"https:\\\/\\\/radioljubuski.ba\\\/index.php\\\/2021\\\/12\\\/03\\\/pobjeda-odermatta-na-prvom-superveleslalomu-sezone\\\/\"]}]},{\"@type\":\"ImageObject\",\"inLanguage\":\"hr\",\"@id\":\"https:\\\/\\\/radioljubuski.ba\\\/index.php\\\/2021\\\/12\\\/03\\\/pobjeda-odermatta-na-prvom-superveleslalomu-sezone\\\/#primaryimage\",\"url\":\"https:\\\/\\\/radioljubuski.ba\\\/wp-content\\\/uploads\\\/2021\\\/12\\\/2021-12-02t211400z-1798366163-mt1usatoday17274116-rtrmadp-3-alpine-skiing-birds-of-prey-fis-world-cup-skiing-20211202213116-scaled.jpg\",\"contentUrl\":\"https:\\\/\\\/radioljubuski.ba\\\/wp-content\\\/uploads\\\/2021\\\/12\\\/2021-12-02t211400z-1798366163-mt1usatoday17274116-rtrmadp-3-alpine-skiing-birds-of-prey-fis-world-cup-skiing-20211202213116-scaled.jpg\",\"width\":2560,\"height\":1707,\"caption\":\"Dec 2, 2021; Beaver Creek, Colorado, USA; Marco Odermatt of Switzerland puts on his first place medal during first of two men's Super G races at the Birds of Prey FIS alpine skiing World Cup at Beaver Creek. Mandatory Credit: Michael Madrid-USA TODAY Sports\"},{\"@type\":\"BreadcrumbList\",\"@id\":\"https:\\\/\\\/radioljubuski.ba\\\/index.php\\\/2021\\\/12\\\/03\\\/pobjeda-odermatta-na-prvom-superveleslalomu-sezone\\\/#breadcrumb\",\"itemListElement\":[{\"@type\":\"ListItem\",\"position\":1,\"name\":\"Po\u010detna stranica\",\"item\":\"https:\\\/\\\/radioljubuski.ba\\\/\"},{\"@type\":\"ListItem\",\"position\":2,\"name\":\"Pobjeda Odermatta na prvom superveleslalomu sezone\"}]},{\"@type\":\"WebSite\",\"@id\":\"https:\\\/\\\/radioljubuski.ba\\\/#website\",\"url\":\"https:\\\/\\\/radioljubuski.ba\\\/\",\"name\":\"Radio Ljubu\u0161ki\",\"description\":\"Sun\u010dana frekvencija Hercegovine\",\"publisher\":{\"@id\":\"https:\\\/\\\/radioljubuski.ba\\\/#organization\"},\"potentialAction\":[{\"@type\":\"SearchAction\",\"target\":{\"@type\":\"EntryPoint\",\"urlTemplate\":\"https:\\\/\\\/radioljubuski.ba\\\/?s={search_term_string}\"},\"query-input\":{\"@type\":\"PropertyValueSpecification\",\"valueRequired\":true,\"valueName\":\"search_term_string\"}}],\"inLanguage\":\"hr\"},{\"@type\":\"Organization\",\"@id\":\"https:\\\/\\\/radioljubuski.ba\\\/#organization\",\"name\":\"Radio Ljubu\u0161ki\",\"url\":\"https:\\\/\\\/radioljubuski.ba\\\/\",\"logo\":{\"@type\":\"ImageObject\",\"inLanguage\":\"hr\",\"@id\":\"https:\\\/\\\/radioljubuski.ba\\\/#\\\/schema\\\/logo\\\/image\\\/\",\"url\":\"https:\\\/\\\/radioljubuski.ba\\\/wp-content\\\/uploads\\\/2021\\\/02\\\/cropped-Radio_Ljubuski_logo1.jpg\",\"contentUrl\":\"https:\\\/\\\/radioljubuski.ba\\\/wp-content\\\/uploads\\\/2021\\\/02\\\/cropped-Radio_Ljubuski_logo1.jpg\",\"width\":512,\"height\":512,\"caption\":\"Radio Ljubu\u0161ki\"},\"image\":{\"@id\":\"https:\\\/\\\/radioljubuski.ba\\\/#\\\/schema\\\/logo\\\/image\\\/\"},\"sameAs\":[\"https:\\\/\\\/www.facebook.com\\\/Radiio-Ljubuski-1490835324566332\",\"https:\\\/\\\/x.com\\\/radioljubuski\",\"https:\\\/\\\/hr.linkedin.com\\\/company\\\/radio-ljubuski\",\"https:\\\/\\\/www.youtube.com\\\/channel\\\/UCHYaeO_n0Db3tjNGudGpXyw\"]},{\"@type\":\"Person\",\"@id\":\"https:\\\/\\\/radioljubuski.ba\\\/#\\\/schema\\\/person\\\/19fc700381a780f69665d7956c469e3b\",\"name\":\"Radio Ljubu\u0161ki\"}]}<\/script>\n<!-- \/ Yoast SEO plugin. -->","yoast_head_json":{"title":"Pobjeda Odermatta na prvom superveleslalomu sezone - RADIO LJUBU\u0160KI","robots":{"index":"index","follow":"follow","max-snippet":"max-snippet:-1","max-image-preview":"max-image-preview:large","max-video-preview":"max-video-preview:-1"},"canonical":"https:\/\/radioljubuski.ba\/index.php\/2021\/12\/03\/pobjeda-odermatta-na-prvom-superveleslalomu-sezone\/","og_locale":"hr_HR","og_type":"article","og_title":"Pobjeda Odermatta na prvom superveleslalomu sezone - RADIO LJUBU\u0160KI","og_description":"\u0160vicarac Marco Odermatt pobjednik je prvog superveleslaloma sezone Svjetskog kupa skija\u0161a odr\u017eanog u ameri\u010dkom Beaver Creeku u \u010detvrtak. Odermatt je slavio sa 78 stotinki ispred drugog Austrijanca&nbsp;Matthiasa Mayera, odnosno 95 stotinki ispred tre\u0107eg Kana\u0111anina Brodericka Thompsona. U ukupnom redoslijedu Svjetskog kupa vode\u0107i Odermatt sada ima 250 bodova, drugi je Mayer sa 180, a tre\u0107i Austrijanac&nbsp;Vincent [&hellip;]","og_url":"https:\/\/radioljubuski.ba\/index.php\/2021\/12\/03\/pobjeda-odermatta-na-prvom-superveleslalomu-sezone\/","og_site_name":"RADIO LJUBU\u0160KI","article_publisher":"https:\/\/www.facebook.com\/Radiio-Ljubuski-1490835324566332","article_published_time":"2021-12-03T12:52:49+00:00","article_modified_time":"2021-12-03T12:52:50+00:00","og_image":[{"width":2560,"height":1707,"url":"https:\/\/radioljubuski.ba\/wp-content\/uploads\/2021\/12\/2021-12-02t211400z-1798366163-mt1usatoday17274116-rtrmadp-3-alpine-skiing-birds-of-prey-fis-world-cup-skiing-20211202213116-scaled.jpg","type":"image\/jpeg"}],"author":"Radio Ljubu\u0161ki","twitter_card":"summary_large_image","twitter_creator":"@radioljubuski","twitter_site":"@radioljubuski","twitter_misc":{"Napisao\/la":"Radio Ljubu\u0161ki","Procijenjeno vrijeme \u010ditanja":"1 minuta"},"schema":{"@context":"https:\/\/schema.org","@graph":[{"@type":"Article","@id":"https:\/\/radioljubuski.ba\/index.php\/2021\/12\/03\/pobjeda-odermatta-na-prvom-superveleslalomu-sezone\/#article","isPartOf":{"@id":"https:\/\/radioljubuski.ba\/index.php\/2021\/12\/03\/pobjeda-odermatta-na-prvom-superveleslalomu-sezone\/"},"author":{"name":"Radio Ljubu\u0161ki","@id":"https:\/\/radioljubuski.ba\/#\/schema\/person\/19fc700381a780f69665d7956c469e3b"},"headline":"Pobjeda Odermatta na prvom superveleslalomu sezone","datePublished":"2021-12-03T12:52:49+00:00","dateModified":"2021-12-03T12:52:50+00:00","mainEntityOfPage":{"@id":"https:\/\/radioljubuski.ba\/index.php\/2021\/12\/03\/pobjeda-odermatta-na-prvom-superveleslalomu-sezone\/"},"wordCount":132,"publisher":{"@id":"https:\/\/radioljubuski.ba\/#organization"},"image":{"@id":"https:\/\/radioljubuski.ba\/index.php\/2021\/12\/03\/pobjeda-odermatta-na-prvom-superveleslalomu-sezone\/#primaryimage"},"thumbnailUrl":"https:\/\/radioljubuski.ba\/wp-content\/uploads\/2021\/12\/2021-12-02t211400z-1798366163-mt1usatoday17274116-rtrmadp-3-alpine-skiing-birds-of-prey-fis-world-cup-skiing-20211202213116-scaled.jpg","articleSection":["\u0160port"],"inLanguage":"hr"},{"@type":"WebPage","@id":"https:\/\/radioljubuski.ba\/index.php\/2021\/12\/03\/pobjeda-odermatta-na-prvom-superveleslalomu-sezone\/","url":"https:\/\/radioljubuski.ba\/index.php\/2021\/12\/03\/pobjeda-odermatta-na-prvom-superveleslalomu-sezone\/","name":"Pobjeda Odermatta na prvom superveleslalomu sezone - RADIO LJUBU\u0160KI","isPartOf":{"@id":"https:\/\/radioljubuski.ba\/#website"},"primaryImageOfPage":{"@id":"https:\/\/radioljubuski.ba\/index.php\/2021\/12\/03\/pobjeda-odermatta-na-prvom-superveleslalomu-sezone\/#primaryimage"},"image":{"@id":"https:\/\/radioljubuski.ba\/index.php\/2021\/12\/03\/pobjeda-odermatta-na-prvom-superveleslalomu-sezone\/#primaryimage"},"thumbnailUrl":"https:\/\/radioljubuski.ba\/wp-content\/uploads\/2021\/12\/2021-12-02t211400z-1798366163-mt1usatoday17274116-rtrmadp-3-alpine-skiing-birds-of-prey-fis-world-cup-skiing-20211202213116-scaled.jpg","datePublished":"2021-12-03T12:52:49+00:00","dateModified":"2021-12-03T12:52:50+00:00","breadcrumb":{"@id":"https:\/\/radioljubuski.ba\/index.php\/2021\/12\/03\/pobjeda-odermatta-na-prvom-superveleslalomu-sezone\/#breadcrumb"},"inLanguage":"hr","potentialAction":[{"@type":"ReadAction","target":["https:\/\/radioljubuski.ba\/index.php\/2021\/12\/03\/pobjeda-odermatta-na-prvom-superveleslalomu-sezone\/"]}]},{"@type":"ImageObject","inLanguage":"hr","@id":"https:\/\/radioljubuski.ba\/index.php\/2021\/12\/03\/pobjeda-odermatta-na-prvom-superveleslalomu-sezone\/#primaryimage","url":"https:\/\/radioljubuski.ba\/wp-content\/uploads\/2021\/12\/2021-12-02t211400z-1798366163-mt1usatoday17274116-rtrmadp-3-alpine-skiing-birds-of-prey-fis-world-cup-skiing-20211202213116-scaled.jpg","contentUrl":"https:\/\/radioljubuski.ba\/wp-content\/uploads\/2021\/12\/2021-12-02t211400z-1798366163-mt1usatoday17274116-rtrmadp-3-alpine-skiing-birds-of-prey-fis-world-cup-skiing-20211202213116-scaled.jpg","width":2560,"height":1707,"caption":"Dec 2, 2021; Beaver Creek, Colorado, USA; Marco Odermatt of Switzerland puts on his first place medal during first of two men's Super G races at the Birds of Prey FIS alpine skiing World Cup at Beaver Creek. Mandatory Credit: Michael Madrid-USA TODAY Sports"},{"@type":"BreadcrumbList","@id":"https:\/\/radioljubuski.ba\/index.php\/2021\/12\/03\/pobjeda-odermatta-na-prvom-superveleslalomu-sezone\/#breadcrumb","itemListElement":[{"@type":"ListItem","position":1,"name":"Po\u010detna stranica","item":"https:\/\/radioljubuski.ba\/"},{"@type":"ListItem","position":2,"name":"Pobjeda Odermatta na prvom superveleslalomu sezone"}]},{"@type":"WebSite","@id":"https:\/\/radioljubuski.ba\/#website","url":"https:\/\/radioljubuski.ba\/","name":"Radio Ljubu\u0161ki","description":"Sun\u010dana frekvencija Hercegovine","publisher":{"@id":"https:\/\/radioljubuski.ba\/#organization"},"potentialAction":[{"@type":"SearchAction","target":{"@type":"EntryPoint","urlTemplate":"https:\/\/radioljubuski.ba\/?s={search_term_string}"},"query-input":{"@type":"PropertyValueSpecification","valueRequired":true,"valueName":"search_term_string"}}],"inLanguage":"hr"},{"@type":"Organization","@id":"https:\/\/radioljubuski.ba\/#organization","name":"Radio Ljubu\u0161ki","url":"https:\/\/radioljubuski.ba\/","logo":{"@type":"ImageObject","inLanguage":"hr","@id":"https:\/\/radioljubuski.ba\/#\/schema\/logo\/image\/","url":"https:\/\/radioljubuski.ba\/wp-content\/uploads\/2021\/02\/cropped-Radio_Ljubuski_logo1.jpg","contentUrl":"https:\/\/radioljubuski.ba\/wp-content\/uploads\/2021\/02\/cropped-Radio_Ljubuski_logo1.jpg","width":512,"height":512,"caption":"Radio Ljubu\u0161ki"},"image":{"@id":"https:\/\/radioljubuski.ba\/#\/schema\/logo\/image\/"},"sameAs":["https:\/\/www.facebook.com\/Radiio-Ljubuski-1490835324566332","https:\/\/x.com\/radioljubuski","https:\/\/hr.linkedin.com\/company\/radio-ljubuski","https:\/\/www.youtube.com\/channel\/UCHYaeO_n0Db3tjNGudGpXyw"]},{"@type":"Person","@id":"https:\/\/radioljubuski.ba\/#\/schema\/person\/19fc700381a780f69665d7956c469e3b","name":"Radio Ljubu\u0161ki"}]}},"_links":{"self":[{"href":"https:\/\/radioljubuski.ba\/index.php\/wp-json\/wp\/v2\/posts\/95326","targetHints":{"allow":["GET"]}}],"collection":[{"href":"https:\/\/radioljubuski.ba\/index.php\/wp-json\/wp\/v2\/posts"}],"about":[{"href":"https:\/\/radioljubuski.ba\/index.php\/wp-json\/wp\/v2\/types\/post"}],"author":[{"embeddable":true,"href":"https:\/\/radioljubuski.ba\/index.php\/wp-json\/wp\/v2\/users\/2"}],"replies":[{"embeddable":true,"href":"https:\/\/radioljubuski.ba\/index.php\/wp-json\/wp\/v2\/comments?post=95326"}],"version-history":[{"count":1,"href":"https:\/\/radioljubuski.ba\/index.php\/wp-json\/wp\/v2\/posts\/95326\/revisions"}],"predecessor-version":[{"id":95328,"href":"https:\/\/radioljubuski.ba\/index.php\/wp-json\/wp\/v2\/posts\/95326\/revisions\/95328"}],"wp:featuredmedia":[{"embeddable":true,"href":"https:\/\/radioljubuski.ba\/index.php\/wp-json\/wp\/v2\/media\/95327"}],"wp:attachment":[{"href":"https:\/\/radioljubuski.ba\/index.php\/wp-json\/wp\/v2\/media?parent=95326"}],"wp:term":[{"taxonomy":"category","embeddable":true,"href":"https:\/\/radioljubuski.ba\/index.php\/wp-json\/wp\/v2\/categories?post=95326"},{"taxonomy":"post_tag","embeddable":true,"href":"https:\/\/radioljubuski.ba\/index.php\/wp-json\/wp\/v2\/tags?post=95326"}],"curies":[{"name":"wp","href":"https:\/\/api.w.org\/{rel}","templated":true}]}}