{"id":95329,"date":"2021-12-03T13:54:00","date_gmt":"2021-12-03T12:54:00","guid":{"rendered":"https:\/\/radioljubuski.ba\/?p=95329"},"modified":"2021-12-03T13:54:01","modified_gmt":"2021-12-03T12:54:01","slug":"jug-uvjerljiv-protiv-medvescaka","status":"publish","type":"post","link":"https:\/\/radioljubuski.ba\/index.php\/2021\/12\/03\/jug-uvjerljiv-protiv-medvescaka\/","title":{"rendered":"Jug uvjerljiv protiv Medve\u0161\u010daka"},"content":{"rendered":"\n<p><strong>U prvoj utakmici 7. kola prvenstva Hrvatske za vaterpoliste Jug AO je kao gost svladao Medve\u0161\u010dak sa 14-4 (6-2, 3-1, 2-0, 3-1).<\/strong><\/p>\n\n\n\n<p>\u010cak petorica igra\u010da Juga postigla su po dva gola &#8211;&nbsp;<strong>Patrik Kolak, Ivu\u0161a Bur\u0111elez, Maro Jokovi\u0107, Filip Kr\u017ei\u0107&nbsp;<\/strong>i<strong>&nbsp;Marko \u017duvela<\/strong>, dok su dvostruki strijelci za Medve\u0161\u010dak bili&nbsp;<strong>Nikola Miljak<\/strong>&nbsp;i<strong>&nbsp;Nikola \u0160imunovi\u0107.<\/strong><strong><br><br><\/strong>Jug AO je tako ostao stopostotan sa 21 bodom, tri vi\u0161e uz utakmicu vi\u0161e od drugog Jadrana, dok je Medve\u0161\u010dak osmi na ljestvici s tri boda.<\/p>\n\n\n\n<p>Izvor:hrt.hr<\/p>\n","protected":false},"excerpt":{"rendered":"<p>U prvoj utakmici 7. kola prvenstva Hrvatske za vaterpoliste Jug AO je kao gost svladao Medve\u0161\u010dak sa 14-4 (6-2, 3-1, 2-0, 3-1). \u010cak petorica igra\u010da Juga postigla su po dva gola &#8211;&nbsp;Patrik Kolak, Ivu\u0161a Bur\u0111elez, Maro Jokovi\u0107, Filip Kr\u017ei\u0107&nbsp;i&nbsp;Marko \u017duvela, dok su dvostruki strijelci za Medve\u0161\u010dak bili&nbsp;Nikola Miljak&nbsp;i&nbsp;Nikola \u0160imunovi\u0107. Jug AO je tako ostao stopostotan [&hellip;]<\/p>\n","protected":false},"author":2,"featured_media":95330,"comment_status":"closed","ping_status":"closed","sticky":false,"template":"","format":"standard","meta":{"h5ap_radio_sources":[],"footnotes":""},"categories":[7],"tags":[],"class_list":["post-95329","post","type-post","status-publish","format-standard","has-post-thumbnail","hentry","category-sport"],"yoast_head":"<!-- This site is optimized with the Yoast SEO plugin v27.4 - https:\/\/yoast.com\/product\/yoast-seo-wordpress\/ -->\n<title>Jug uvjerljiv protiv Medve\u0161\u010daka - RADIO LJUBU\u0160KI<\/title>\n<meta name=\"robots\" content=\"index, follow, max-snippet:-1, max-image-preview:large, max-video-preview:-1\" \/>\n<link rel=\"canonical\" href=\"https:\/\/radioljubuski.ba\/index.php\/2021\/12\/03\/jug-uvjerljiv-protiv-medvescaka\/\" \/>\n<meta property=\"og:locale\" content=\"hr_HR\" \/>\n<meta property=\"og:type\" content=\"article\" \/>\n<meta property=\"og:title\" content=\"Jug uvjerljiv protiv Medve\u0161\u010daka - RADIO LJUBU\u0160KI\" \/>\n<meta property=\"og:description\" content=\"U prvoj utakmici 7. kola prvenstva Hrvatske za vaterpoliste Jug AO je kao gost svladao Medve\u0161\u010dak sa 14-4 (6-2, 3-1, 2-0, 3-1). \u010cak petorica igra\u010da Juga postigla su po dva gola &#8211;&nbsp;Patrik Kolak, Ivu\u0161a Bur\u0111elez, Maro Jokovi\u0107, Filip Kr\u017ei\u0107&nbsp;i&nbsp;Marko \u017duvela, dok su dvostruki strijelci za Medve\u0161\u010dak bili&nbsp;Nikola Miljak&nbsp;i&nbsp;Nikola \u0160imunovi\u0107. Jug AO je tako ostao stopostotan [&hellip;]\" \/>\n<meta property=\"og:url\" content=\"https:\/\/radioljubuski.ba\/index.php\/2021\/12\/03\/jug-uvjerljiv-protiv-medvescaka\/\" \/>\n<meta property=\"og:site_name\" content=\"RADIO LJUBU\u0160KI\" \/>\n<meta property=\"article:publisher\" content=\"https:\/\/www.facebook.com\/Radiio-Ljubuski-1490835324566332\" \/>\n<meta property=\"article:published_time\" content=\"2021-12-03T12:54:00+00:00\" \/>\n<meta property=\"article:modified_time\" content=\"2021-12-03T12:54:01+00:00\" \/>\n<meta property=\"og:image\" content=\"https:\/\/radioljubuski.ba\/wp-content\/uploads\/2021\/12\/jug-medvescak-20211202213859.jpg\" \/>\n\t<meta property=\"og:image:width\" content=\"1596\" \/>\n\t<meta property=\"og:image:height\" content=\"978\" \/>\n\t<meta property=\"og:image:type\" content=\"image\/jpeg\" \/>\n<meta name=\"author\" content=\"Radio Ljubu\u0161ki\" \/>\n<meta name=\"twitter:card\" content=\"summary_large_image\" \/>\n<meta name=\"twitter:creator\" content=\"@radioljubuski\" \/>\n<meta name=\"twitter:site\" content=\"@radioljubuski\" \/>\n<meta name=\"twitter:label1\" content=\"Napisao\/la\" \/>\n\t<meta name=\"twitter:data1\" content=\"Radio Ljubu\u0161ki\" \/>\n\t<meta name=\"twitter:label2\" content=\"Procijenjeno vrijeme \u010ditanja\" \/>\n\t<meta name=\"twitter:data2\" content=\"1 minuta\" \/>\n<script type=\"application\/ld+json\" class=\"yoast-schema-graph\">{\"@context\":\"https:\\\/\\\/schema.org\",\"@graph\":[{\"@type\":\"Article\",\"@id\":\"https:\\\/\\\/radioljubuski.ba\\\/index.php\\\/2021\\\/12\\\/03\\\/jug-uvjerljiv-protiv-medvescaka\\\/#article\",\"isPartOf\":{\"@id\":\"https:\\\/\\\/radioljubuski.ba\\\/index.php\\\/2021\\\/12\\\/03\\\/jug-uvjerljiv-protiv-medvescaka\\\/\"},\"author\":{\"name\":\"Radio Ljubu\u0161ki\",\"@id\":\"https:\\\/\\\/radioljubuski.ba\\\/#\\\/schema\\\/person\\\/19fc700381a780f69665d7956c469e3b\"},\"headline\":\"Jug uvjerljiv protiv Medve\u0161\u010daka\",\"datePublished\":\"2021-12-03T12:54:00+00:00\",\"dateModified\":\"2021-12-03T12:54:01+00:00\",\"mainEntityOfPage\":{\"@id\":\"https:\\\/\\\/radioljubuski.ba\\\/index.php\\\/2021\\\/12\\\/03\\\/jug-uvjerljiv-protiv-medvescaka\\\/\"},\"wordCount\":102,\"publisher\":{\"@id\":\"https:\\\/\\\/radioljubuski.ba\\\/#organization\"},\"image\":{\"@id\":\"https:\\\/\\\/radioljubuski.ba\\\/index.php\\\/2021\\\/12\\\/03\\\/jug-uvjerljiv-protiv-medvescaka\\\/#primaryimage\"},\"thumbnailUrl\":\"https:\\\/\\\/radioljubuski.ba\\\/wp-content\\\/uploads\\\/2021\\\/12\\\/jug-medvescak-20211202213859.jpg\",\"articleSection\":[\"\u0160port\"],\"inLanguage\":\"hr\"},{\"@type\":\"WebPage\",\"@id\":\"https:\\\/\\\/radioljubuski.ba\\\/index.php\\\/2021\\\/12\\\/03\\\/jug-uvjerljiv-protiv-medvescaka\\\/\",\"url\":\"https:\\\/\\\/radioljubuski.ba\\\/index.php\\\/2021\\\/12\\\/03\\\/jug-uvjerljiv-protiv-medvescaka\\\/\",\"name\":\"Jug uvjerljiv protiv Medve\u0161\u010daka - RADIO LJUBU\u0160KI\",\"isPartOf\":{\"@id\":\"https:\\\/\\\/radioljubuski.ba\\\/#website\"},\"primaryImageOfPage\":{\"@id\":\"https:\\\/\\\/radioljubuski.ba\\\/index.php\\\/2021\\\/12\\\/03\\\/jug-uvjerljiv-protiv-medvescaka\\\/#primaryimage\"},\"image\":{\"@id\":\"https:\\\/\\\/radioljubuski.ba\\\/index.php\\\/2021\\\/12\\\/03\\\/jug-uvjerljiv-protiv-medvescaka\\\/#primaryimage\"},\"thumbnailUrl\":\"https:\\\/\\\/radioljubuski.ba\\\/wp-content\\\/uploads\\\/2021\\\/12\\\/jug-medvescak-20211202213859.jpg\",\"datePublished\":\"2021-12-03T12:54:00+00:00\",\"dateModified\":\"2021-12-03T12:54:01+00:00\",\"breadcrumb\":{\"@id\":\"https:\\\/\\\/radioljubuski.ba\\\/index.php\\\/2021\\\/12\\\/03\\\/jug-uvjerljiv-protiv-medvescaka\\\/#breadcrumb\"},\"inLanguage\":\"hr\",\"potentialAction\":[{\"@type\":\"ReadAction\",\"target\":[\"https:\\\/\\\/radioljubuski.ba\\\/index.php\\\/2021\\\/12\\\/03\\\/jug-uvjerljiv-protiv-medvescaka\\\/\"]}]},{\"@type\":\"ImageObject\",\"inLanguage\":\"hr\",\"@id\":\"https:\\\/\\\/radioljubuski.ba\\\/index.php\\\/2021\\\/12\\\/03\\\/jug-uvjerljiv-protiv-medvescaka\\\/#primaryimage\",\"url\":\"https:\\\/\\\/radioljubuski.ba\\\/wp-content\\\/uploads\\\/2021\\\/12\\\/jug-medvescak-20211202213859.jpg\",\"contentUrl\":\"https:\\\/\\\/radioljubuski.ba\\\/wp-content\\\/uploads\\\/2021\\\/12\\\/jug-medvescak-20211202213859.jpg\",\"width\":1596,\"height\":978,\"caption\":\"06.03.2014., Gradski bazen, Gruz, Dubrovnik - Triglav - Jadranska liga 2013\\\/2014, 16. kolo. Vaterpolo susret izmedju Jug CO - Medvescak. Hrvoje Benic (6) Photo: Grgo Jelavic\\\/PIXSELL (06.03.2014., Gradski bazen, Gruz, Dubrovnik - Triglav - Jadranska li\"},{\"@type\":\"BreadcrumbList\",\"@id\":\"https:\\\/\\\/radioljubuski.ba\\\/index.php\\\/2021\\\/12\\\/03\\\/jug-uvjerljiv-protiv-medvescaka\\\/#breadcrumb\",\"itemListElement\":[{\"@type\":\"ListItem\",\"position\":1,\"name\":\"Po\u010detna stranica\",\"item\":\"https:\\\/\\\/radioljubuski.ba\\\/\"},{\"@type\":\"ListItem\",\"position\":2,\"name\":\"Jug uvjerljiv protiv Medve\u0161\u010daka\"}]},{\"@type\":\"WebSite\",\"@id\":\"https:\\\/\\\/radioljubuski.ba\\\/#website\",\"url\":\"https:\\\/\\\/radioljubuski.ba\\\/\",\"name\":\"Radio Ljubu\u0161ki\",\"description\":\"Sun\u010dana frekvencija Hercegovine\",\"publisher\":{\"@id\":\"https:\\\/\\\/radioljubuski.ba\\\/#organization\"},\"potentialAction\":[{\"@type\":\"SearchAction\",\"target\":{\"@type\":\"EntryPoint\",\"urlTemplate\":\"https:\\\/\\\/radioljubuski.ba\\\/?s={search_term_string}\"},\"query-input\":{\"@type\":\"PropertyValueSpecification\",\"valueRequired\":true,\"valueName\":\"search_term_string\"}}],\"inLanguage\":\"hr\"},{\"@type\":\"Organization\",\"@id\":\"https:\\\/\\\/radioljubuski.ba\\\/#organization\",\"name\":\"Radio Ljubu\u0161ki\",\"url\":\"https:\\\/\\\/radioljubuski.ba\\\/\",\"logo\":{\"@type\":\"ImageObject\",\"inLanguage\":\"hr\",\"@id\":\"https:\\\/\\\/radioljubuski.ba\\\/#\\\/schema\\\/logo\\\/image\\\/\",\"url\":\"https:\\\/\\\/radioljubuski.ba\\\/wp-content\\\/uploads\\\/2021\\\/02\\\/cropped-Radio_Ljubuski_logo1.jpg\",\"contentUrl\":\"https:\\\/\\\/radioljubuski.ba\\\/wp-content\\\/uploads\\\/2021\\\/02\\\/cropped-Radio_Ljubuski_logo1.jpg\",\"width\":512,\"height\":512,\"caption\":\"Radio Ljubu\u0161ki\"},\"image\":{\"@id\":\"https:\\\/\\\/radioljubuski.ba\\\/#\\\/schema\\\/logo\\\/image\\\/\"},\"sameAs\":[\"https:\\\/\\\/www.facebook.com\\\/Radiio-Ljubuski-1490835324566332\",\"https:\\\/\\\/x.com\\\/radioljubuski\",\"https:\\\/\\\/hr.linkedin.com\\\/company\\\/radio-ljubuski\",\"https:\\\/\\\/www.youtube.com\\\/channel\\\/UCHYaeO_n0Db3tjNGudGpXyw\"]},{\"@type\":\"Person\",\"@id\":\"https:\\\/\\\/radioljubuski.ba\\\/#\\\/schema\\\/person\\\/19fc700381a780f69665d7956c469e3b\",\"name\":\"Radio Ljubu\u0161ki\"}]}<\/script>\n<!-- \/ Yoast SEO plugin. -->","yoast_head_json":{"title":"Jug uvjerljiv protiv Medve\u0161\u010daka - RADIO LJUBU\u0160KI","robots":{"index":"index","follow":"follow","max-snippet":"max-snippet:-1","max-image-preview":"max-image-preview:large","max-video-preview":"max-video-preview:-1"},"canonical":"https:\/\/radioljubuski.ba\/index.php\/2021\/12\/03\/jug-uvjerljiv-protiv-medvescaka\/","og_locale":"hr_HR","og_type":"article","og_title":"Jug uvjerljiv protiv Medve\u0161\u010daka - RADIO LJUBU\u0160KI","og_description":"U prvoj utakmici 7. kola prvenstva Hrvatske za vaterpoliste Jug AO je kao gost svladao Medve\u0161\u010dak sa 14-4 (6-2, 3-1, 2-0, 3-1). \u010cak petorica igra\u010da Juga postigla su po dva gola &#8211;&nbsp;Patrik Kolak, Ivu\u0161a Bur\u0111elez, Maro Jokovi\u0107, Filip Kr\u017ei\u0107&nbsp;i&nbsp;Marko \u017duvela, dok su dvostruki strijelci za Medve\u0161\u010dak bili&nbsp;Nikola Miljak&nbsp;i&nbsp;Nikola \u0160imunovi\u0107. Jug AO je tako ostao stopostotan [&hellip;]","og_url":"https:\/\/radioljubuski.ba\/index.php\/2021\/12\/03\/jug-uvjerljiv-protiv-medvescaka\/","og_site_name":"RADIO LJUBU\u0160KI","article_publisher":"https:\/\/www.facebook.com\/Radiio-Ljubuski-1490835324566332","article_published_time":"2021-12-03T12:54:00+00:00","article_modified_time":"2021-12-03T12:54:01+00:00","og_image":[{"width":1596,"height":978,"url":"https:\/\/radioljubuski.ba\/wp-content\/uploads\/2021\/12\/jug-medvescak-20211202213859.jpg","type":"image\/jpeg"}],"author":"Radio Ljubu\u0161ki","twitter_card":"summary_large_image","twitter_creator":"@radioljubuski","twitter_site":"@radioljubuski","twitter_misc":{"Napisao\/la":"Radio Ljubu\u0161ki","Procijenjeno vrijeme \u010ditanja":"1 minuta"},"schema":{"@context":"https:\/\/schema.org","@graph":[{"@type":"Article","@id":"https:\/\/radioljubuski.ba\/index.php\/2021\/12\/03\/jug-uvjerljiv-protiv-medvescaka\/#article","isPartOf":{"@id":"https:\/\/radioljubuski.ba\/index.php\/2021\/12\/03\/jug-uvjerljiv-protiv-medvescaka\/"},"author":{"name":"Radio Ljubu\u0161ki","@id":"https:\/\/radioljubuski.ba\/#\/schema\/person\/19fc700381a780f69665d7956c469e3b"},"headline":"Jug uvjerljiv protiv Medve\u0161\u010daka","datePublished":"2021-12-03T12:54:00+00:00","dateModified":"2021-12-03T12:54:01+00:00","mainEntityOfPage":{"@id":"https:\/\/radioljubuski.ba\/index.php\/2021\/12\/03\/jug-uvjerljiv-protiv-medvescaka\/"},"wordCount":102,"publisher":{"@id":"https:\/\/radioljubuski.ba\/#organization"},"image":{"@id":"https:\/\/radioljubuski.ba\/index.php\/2021\/12\/03\/jug-uvjerljiv-protiv-medvescaka\/#primaryimage"},"thumbnailUrl":"https:\/\/radioljubuski.ba\/wp-content\/uploads\/2021\/12\/jug-medvescak-20211202213859.jpg","articleSection":["\u0160port"],"inLanguage":"hr"},{"@type":"WebPage","@id":"https:\/\/radioljubuski.ba\/index.php\/2021\/12\/03\/jug-uvjerljiv-protiv-medvescaka\/","url":"https:\/\/radioljubuski.ba\/index.php\/2021\/12\/03\/jug-uvjerljiv-protiv-medvescaka\/","name":"Jug uvjerljiv protiv Medve\u0161\u010daka - RADIO LJUBU\u0160KI","isPartOf":{"@id":"https:\/\/radioljubuski.ba\/#website"},"primaryImageOfPage":{"@id":"https:\/\/radioljubuski.ba\/index.php\/2021\/12\/03\/jug-uvjerljiv-protiv-medvescaka\/#primaryimage"},"image":{"@id":"https:\/\/radioljubuski.ba\/index.php\/2021\/12\/03\/jug-uvjerljiv-protiv-medvescaka\/#primaryimage"},"thumbnailUrl":"https:\/\/radioljubuski.ba\/wp-content\/uploads\/2021\/12\/jug-medvescak-20211202213859.jpg","datePublished":"2021-12-03T12:54:00+00:00","dateModified":"2021-12-03T12:54:01+00:00","breadcrumb":{"@id":"https:\/\/radioljubuski.ba\/index.php\/2021\/12\/03\/jug-uvjerljiv-protiv-medvescaka\/#breadcrumb"},"inLanguage":"hr","potentialAction":[{"@type":"ReadAction","target":["https:\/\/radioljubuski.ba\/index.php\/2021\/12\/03\/jug-uvjerljiv-protiv-medvescaka\/"]}]},{"@type":"ImageObject","inLanguage":"hr","@id":"https:\/\/radioljubuski.ba\/index.php\/2021\/12\/03\/jug-uvjerljiv-protiv-medvescaka\/#primaryimage","url":"https:\/\/radioljubuski.ba\/wp-content\/uploads\/2021\/12\/jug-medvescak-20211202213859.jpg","contentUrl":"https:\/\/radioljubuski.ba\/wp-content\/uploads\/2021\/12\/jug-medvescak-20211202213859.jpg","width":1596,"height":978,"caption":"06.03.2014., Gradski bazen, Gruz, Dubrovnik - Triglav - Jadranska liga 2013\/2014, 16. kolo. Vaterpolo susret izmedju Jug CO - Medvescak. Hrvoje Benic (6) Photo: Grgo Jelavic\/PIXSELL (06.03.2014., Gradski bazen, Gruz, Dubrovnik - Triglav - Jadranska li"},{"@type":"BreadcrumbList","@id":"https:\/\/radioljubuski.ba\/index.php\/2021\/12\/03\/jug-uvjerljiv-protiv-medvescaka\/#breadcrumb","itemListElement":[{"@type":"ListItem","position":1,"name":"Po\u010detna stranica","item":"https:\/\/radioljubuski.ba\/"},{"@type":"ListItem","position":2,"name":"Jug uvjerljiv protiv Medve\u0161\u010daka"}]},{"@type":"WebSite","@id":"https:\/\/radioljubuski.ba\/#website","url":"https:\/\/radioljubuski.ba\/","name":"Radio Ljubu\u0161ki","description":"Sun\u010dana frekvencija Hercegovine","publisher":{"@id":"https:\/\/radioljubuski.ba\/#organization"},"potentialAction":[{"@type":"SearchAction","target":{"@type":"EntryPoint","urlTemplate":"https:\/\/radioljubuski.ba\/?s={search_term_string}"},"query-input":{"@type":"PropertyValueSpecification","valueRequired":true,"valueName":"search_term_string"}}],"inLanguage":"hr"},{"@type":"Organization","@id":"https:\/\/radioljubuski.ba\/#organization","name":"Radio Ljubu\u0161ki","url":"https:\/\/radioljubuski.ba\/","logo":{"@type":"ImageObject","inLanguage":"hr","@id":"https:\/\/radioljubuski.ba\/#\/schema\/logo\/image\/","url":"https:\/\/radioljubuski.ba\/wp-content\/uploads\/2021\/02\/cropped-Radio_Ljubuski_logo1.jpg","contentUrl":"https:\/\/radioljubuski.ba\/wp-content\/uploads\/2021\/02\/cropped-Radio_Ljubuski_logo1.jpg","width":512,"height":512,"caption":"Radio Ljubu\u0161ki"},"image":{"@id":"https:\/\/radioljubuski.ba\/#\/schema\/logo\/image\/"},"sameAs":["https:\/\/www.facebook.com\/Radiio-Ljubuski-1490835324566332","https:\/\/x.com\/radioljubuski","https:\/\/hr.linkedin.com\/company\/radio-ljubuski","https:\/\/www.youtube.com\/channel\/UCHYaeO_n0Db3tjNGudGpXyw"]},{"@type":"Person","@id":"https:\/\/radioljubuski.ba\/#\/schema\/person\/19fc700381a780f69665d7956c469e3b","name":"Radio Ljubu\u0161ki"}]}},"_links":{"self":[{"href":"https:\/\/radioljubuski.ba\/index.php\/wp-json\/wp\/v2\/posts\/95329","targetHints":{"allow":["GET"]}}],"collection":[{"href":"https:\/\/radioljubuski.ba\/index.php\/wp-json\/wp\/v2\/posts"}],"about":[{"href":"https:\/\/radioljubuski.ba\/index.php\/wp-json\/wp\/v2\/types\/post"}],"author":[{"embeddable":true,"href":"https:\/\/radioljubuski.ba\/index.php\/wp-json\/wp\/v2\/users\/2"}],"replies":[{"embeddable":true,"href":"https:\/\/radioljubuski.ba\/index.php\/wp-json\/wp\/v2\/comments?post=95329"}],"version-history":[{"count":1,"href":"https:\/\/radioljubuski.ba\/index.php\/wp-json\/wp\/v2\/posts\/95329\/revisions"}],"predecessor-version":[{"id":95331,"href":"https:\/\/radioljubuski.ba\/index.php\/wp-json\/wp\/v2\/posts\/95329\/revisions\/95331"}],"wp:featuredmedia":[{"embeddable":true,"href":"https:\/\/radioljubuski.ba\/index.php\/wp-json\/wp\/v2\/media\/95330"}],"wp:attachment":[{"href":"https:\/\/radioljubuski.ba\/index.php\/wp-json\/wp\/v2\/media?parent=95329"}],"wp:term":[{"taxonomy":"category","embeddable":true,"href":"https:\/\/radioljubuski.ba\/index.php\/wp-json\/wp\/v2\/categories?post=95329"},{"taxonomy":"post_tag","embeddable":true,"href":"https:\/\/radioljubuski.ba\/index.php\/wp-json\/wp\/v2\/tags?post=95329"}],"curies":[{"name":"wp","href":"https:\/\/api.w.org\/{rel}","templated":true}]}}