{"id":95340,"date":"2021-12-03T14:01:18","date_gmt":"2021-12-03T13:01:18","guid":{"rendered":"https:\/\/radioljubuski.ba\/?p=95340"},"modified":"2021-12-03T14:01:19","modified_gmt":"2021-12-03T13:01:19","slug":"kad-toliko-primis-u-poluvremenu-ne-trebamo-nista-govoriti-o-rukometu","status":"publish","type":"post","link":"https:\/\/radioljubuski.ba\/index.php\/2021\/12\/03\/kad-toliko-primis-u-poluvremenu-ne-trebamo-nista-govoriti-o-rukometu\/","title":{"rendered":"&#8220;Kad toliko primi\u0161 u poluvremenu, ne trebamo ni\u0161ta govoriti o rukometu&#8221;"},"content":{"rendered":"\n<p><strong>Hrvatska \u017eenska rukometna reprezentacija porazom 25-30 (12-18) protiv Brazila zapo\u010dela je svoj nastup u skupini G na Svjetskom prvenstvu u \u0160panjolskoj.<\/strong><\/p>\n\n\n\n<p>Uzrok poraza je slaba igra u obrani, detektirala je na\u0161a vratarka&nbsp;<strong>Tea Pijevi\u0107&nbsp;<\/strong>nakon utakmice.<br><br>&#8211; Ne \u017eelim da budemo tu\u017eni. Nismo igrale dobro, od prve minute se nismo dobro slo\u017eile u obrani, znale smo da one igraju tako. Nismo napravile niti faula, niti bloka, onda nam se stegla ruka u napadu. Proma\u0161ile smo puno zicera i 18 golova smo primili u poluvremenu, ne trebamo ni\u0161ta o rukometu govoriti. Na\u0161 forte je obrana, a njihov napad, napad je o\u010dito danas pobijedio. U drugom poluvremenu smo proma\u0161ili dosta zicera, njihove golmanice su dobro branile i \u010destitam im na pobjedi, rekla je Pijevi\u0107.<br><br>S njom se slo\u017eila i&nbsp;<strong>Ana Debeli\u0107<\/strong>.<br><br>&#8211; Nismo dobro krenule, prvo poluvrijeme je bilo lo\u0161e. Probale smo se vratiti, ali kada gubi\u0161 \u0161est pogodaka, bude te\u0161ko. \u017dao mi je \u0161to se nismo uspjele vratiti, ustvrdila je Debeli\u0107.<br><br>Hrvatska \u0107e u subotu u 2. kolu igrati protiv Paragvaja, a u ponedjeljak u 3. kolu protiv Japana.<br><br>&#8211; Sad \u0107emo skupiti glave, odmoriti se. Sutra je novi dan, ide priprema za sljede\u0107u utakmicu. Nadamo se pobjedi, optimisti\u010dno prema naprijed gleda<strong>&nbsp;Andrea \u0160imara<\/strong>.<\/p>\n\n\n\n<p>Izvor:hrt.hr<\/p>\n","protected":false},"excerpt":{"rendered":"<p>Hrvatska \u017eenska rukometna reprezentacija porazom 25-30 (12-18) protiv Brazila zapo\u010dela je svoj nastup u skupini G na Svjetskom prvenstvu u \u0160panjolskoj. Uzrok poraza je slaba igra u obrani, detektirala je na\u0161a vratarka&nbsp;Tea Pijevi\u0107&nbsp;nakon utakmice. &#8211; Ne \u017eelim da budemo tu\u017eni. Nismo igrale dobro, od prve minute se nismo dobro slo\u017eile u obrani, znale smo da [&hellip;]<\/p>\n","protected":false},"author":2,"featured_media":95341,"comment_status":"closed","ping_status":"closed","sticky":false,"template":"","format":"standard","meta":{"h5ap_radio_sources":[],"footnotes":""},"categories":[7],"tags":[],"class_list":["post-95340","post","type-post","status-publish","format-standard","has-post-thumbnail","hentry","category-sport"],"yoast_head":"<!-- This site is optimized with the Yoast SEO plugin v27.4 - https:\/\/yoast.com\/product\/yoast-seo-wordpress\/ -->\n<title>&quot;Kad toliko primi\u0161 u poluvremenu, ne trebamo ni\u0161ta govoriti o rukometu&quot; - RADIO LJUBU\u0160KI<\/title>\n<meta name=\"robots\" content=\"index, follow, max-snippet:-1, max-image-preview:large, max-video-preview:-1\" \/>\n<link rel=\"canonical\" href=\"https:\/\/radioljubuski.ba\/index.php\/2021\/12\/03\/kad-toliko-primis-u-poluvremenu-ne-trebamo-nista-govoriti-o-rukometu\/\" \/>\n<meta property=\"og:locale\" content=\"hr_HR\" \/>\n<meta property=\"og:type\" content=\"article\" \/>\n<meta property=\"og:title\" content=\"&quot;Kad toliko primi\u0161 u poluvremenu, ne trebamo ni\u0161ta govoriti o rukometu&quot; - RADIO LJUBU\u0160KI\" \/>\n<meta property=\"og:description\" content=\"Hrvatska \u017eenska rukometna reprezentacija porazom 25-30 (12-18) protiv Brazila zapo\u010dela je svoj nastup u skupini G na Svjetskom prvenstvu u \u0160panjolskoj. Uzrok poraza je slaba igra u obrani, detektirala je na\u0161a vratarka&nbsp;Tea Pijevi\u0107&nbsp;nakon utakmice. &#8211; Ne \u017eelim da budemo tu\u017eni. Nismo igrale dobro, od prve minute se nismo dobro slo\u017eile u obrani, znale smo da [&hellip;]\" \/>\n<meta property=\"og:url\" content=\"https:\/\/radioljubuski.ba\/index.php\/2021\/12\/03\/kad-toliko-primis-u-poluvremenu-ne-trebamo-nista-govoriti-o-rukometu\/\" \/>\n<meta property=\"og:site_name\" content=\"RADIO LJUBU\u0160KI\" \/>\n<meta property=\"article:publisher\" content=\"https:\/\/www.facebook.com\/Radiio-Ljubuski-1490835324566332\" \/>\n<meta property=\"article:published_time\" content=\"2021-12-03T13:01:18+00:00\" \/>\n<meta property=\"article:modified_time\" content=\"2021-12-03T13:01:19+00:00\" \/>\n<meta property=\"og:image\" content=\"https:\/\/radioljubuski.ba\/wp-content\/uploads\/2021\/12\/740x438-rukomet-hrv-bra-20211202190131.jpg\" \/>\n\t<meta property=\"og:image:width\" content=\"740\" \/>\n\t<meta property=\"og:image:height\" content=\"438\" \/>\n\t<meta property=\"og:image:type\" content=\"image\/jpeg\" \/>\n<meta name=\"author\" content=\"Radio Ljubu\u0161ki\" \/>\n<meta name=\"twitter:card\" content=\"summary_large_image\" \/>\n<meta name=\"twitter:creator\" content=\"@radioljubuski\" \/>\n<meta name=\"twitter:site\" content=\"@radioljubuski\" \/>\n<meta name=\"twitter:label1\" content=\"Napisao\/la\" \/>\n\t<meta name=\"twitter:data1\" content=\"Radio Ljubu\u0161ki\" \/>\n\t<meta name=\"twitter:label2\" content=\"Procijenjeno vrijeme \u010ditanja\" \/>\n\t<meta name=\"twitter:data2\" content=\"1 minuta\" \/>\n<script type=\"application\/ld+json\" class=\"yoast-schema-graph\">{\"@context\":\"https:\\\/\\\/schema.org\",\"@graph\":[{\"@type\":\"Article\",\"@id\":\"https:\\\/\\\/radioljubuski.ba\\\/index.php\\\/2021\\\/12\\\/03\\\/kad-toliko-primis-u-poluvremenu-ne-trebamo-nista-govoriti-o-rukometu\\\/#article\",\"isPartOf\":{\"@id\":\"https:\\\/\\\/radioljubuski.ba\\\/index.php\\\/2021\\\/12\\\/03\\\/kad-toliko-primis-u-poluvremenu-ne-trebamo-nista-govoriti-o-rukometu\\\/\"},\"author\":{\"name\":\"Radio Ljubu\u0161ki\",\"@id\":\"https:\\\/\\\/radioljubuski.ba\\\/#\\\/schema\\\/person\\\/19fc700381a780f69665d7956c469e3b\"},\"headline\":\"&#8220;Kad toliko primi\u0161 u poluvremenu, ne trebamo ni\u0161ta govoriti o rukometu&#8221;\",\"datePublished\":\"2021-12-03T13:01:18+00:00\",\"dateModified\":\"2021-12-03T13:01:19+00:00\",\"mainEntityOfPage\":{\"@id\":\"https:\\\/\\\/radioljubuski.ba\\\/index.php\\\/2021\\\/12\\\/03\\\/kad-toliko-primis-u-poluvremenu-ne-trebamo-nista-govoriti-o-rukometu\\\/\"},\"wordCount\":232,\"publisher\":{\"@id\":\"https:\\\/\\\/radioljubuski.ba\\\/#organization\"},\"image\":{\"@id\":\"https:\\\/\\\/radioljubuski.ba\\\/index.php\\\/2021\\\/12\\\/03\\\/kad-toliko-primis-u-poluvremenu-ne-trebamo-nista-govoriti-o-rukometu\\\/#primaryimage\"},\"thumbnailUrl\":\"https:\\\/\\\/radioljubuski.ba\\\/wp-content\\\/uploads\\\/2021\\\/12\\\/740x438-rukomet-hrv-bra-20211202190131.jpg\",\"articleSection\":[\"\u0160port\"],\"inLanguage\":\"hr\"},{\"@type\":\"WebPage\",\"@id\":\"https:\\\/\\\/radioljubuski.ba\\\/index.php\\\/2021\\\/12\\\/03\\\/kad-toliko-primis-u-poluvremenu-ne-trebamo-nista-govoriti-o-rukometu\\\/\",\"url\":\"https:\\\/\\\/radioljubuski.ba\\\/index.php\\\/2021\\\/12\\\/03\\\/kad-toliko-primis-u-poluvremenu-ne-trebamo-nista-govoriti-o-rukometu\\\/\",\"name\":\"\\\"Kad toliko primi\u0161 u poluvremenu, ne trebamo ni\u0161ta govoriti o rukometu\\\" - RADIO LJUBU\u0160KI\",\"isPartOf\":{\"@id\":\"https:\\\/\\\/radioljubuski.ba\\\/#website\"},\"primaryImageOfPage\":{\"@id\":\"https:\\\/\\\/radioljubuski.ba\\\/index.php\\\/2021\\\/12\\\/03\\\/kad-toliko-primis-u-poluvremenu-ne-trebamo-nista-govoriti-o-rukometu\\\/#primaryimage\"},\"image\":{\"@id\":\"https:\\\/\\\/radioljubuski.ba\\\/index.php\\\/2021\\\/12\\\/03\\\/kad-toliko-primis-u-poluvremenu-ne-trebamo-nista-govoriti-o-rukometu\\\/#primaryimage\"},\"thumbnailUrl\":\"https:\\\/\\\/radioljubuski.ba\\\/wp-content\\\/uploads\\\/2021\\\/12\\\/740x438-rukomet-hrv-bra-20211202190131.jpg\",\"datePublished\":\"2021-12-03T13:01:18+00:00\",\"dateModified\":\"2021-12-03T13:01:19+00:00\",\"breadcrumb\":{\"@id\":\"https:\\\/\\\/radioljubuski.ba\\\/index.php\\\/2021\\\/12\\\/03\\\/kad-toliko-primis-u-poluvremenu-ne-trebamo-nista-govoriti-o-rukometu\\\/#breadcrumb\"},\"inLanguage\":\"hr\",\"potentialAction\":[{\"@type\":\"ReadAction\",\"target\":[\"https:\\\/\\\/radioljubuski.ba\\\/index.php\\\/2021\\\/12\\\/03\\\/kad-toliko-primis-u-poluvremenu-ne-trebamo-nista-govoriti-o-rukometu\\\/\"]}]},{\"@type\":\"ImageObject\",\"inLanguage\":\"hr\",\"@id\":\"https:\\\/\\\/radioljubuski.ba\\\/index.php\\\/2021\\\/12\\\/03\\\/kad-toliko-primis-u-poluvremenu-ne-trebamo-nista-govoriti-o-rukometu\\\/#primaryimage\",\"url\":\"https:\\\/\\\/radioljubuski.ba\\\/wp-content\\\/uploads\\\/2021\\\/12\\\/740x438-rukomet-hrv-bra-20211202190131.jpg\",\"contentUrl\":\"https:\\\/\\\/radioljubuski.ba\\\/wp-content\\\/uploads\\\/2021\\\/12\\\/740x438-rukomet-hrv-bra-20211202190131.jpg\",\"width\":740,\"height\":438},{\"@type\":\"BreadcrumbList\",\"@id\":\"https:\\\/\\\/radioljubuski.ba\\\/index.php\\\/2021\\\/12\\\/03\\\/kad-toliko-primis-u-poluvremenu-ne-trebamo-nista-govoriti-o-rukometu\\\/#breadcrumb\",\"itemListElement\":[{\"@type\":\"ListItem\",\"position\":1,\"name\":\"Po\u010detna stranica\",\"item\":\"https:\\\/\\\/radioljubuski.ba\\\/\"},{\"@type\":\"ListItem\",\"position\":2,\"name\":\"&#8220;Kad toliko primi\u0161 u poluvremenu, ne trebamo ni\u0161ta govoriti o rukometu&#8221;\"}]},{\"@type\":\"WebSite\",\"@id\":\"https:\\\/\\\/radioljubuski.ba\\\/#website\",\"url\":\"https:\\\/\\\/radioljubuski.ba\\\/\",\"name\":\"Radio Ljubu\u0161ki\",\"description\":\"Sun\u010dana frekvencija Hercegovine\",\"publisher\":{\"@id\":\"https:\\\/\\\/radioljubuski.ba\\\/#organization\"},\"potentialAction\":[{\"@type\":\"SearchAction\",\"target\":{\"@type\":\"EntryPoint\",\"urlTemplate\":\"https:\\\/\\\/radioljubuski.ba\\\/?s={search_term_string}\"},\"query-input\":{\"@type\":\"PropertyValueSpecification\",\"valueRequired\":true,\"valueName\":\"search_term_string\"}}],\"inLanguage\":\"hr\"},{\"@type\":\"Organization\",\"@id\":\"https:\\\/\\\/radioljubuski.ba\\\/#organization\",\"name\":\"Radio Ljubu\u0161ki\",\"url\":\"https:\\\/\\\/radioljubuski.ba\\\/\",\"logo\":{\"@type\":\"ImageObject\",\"inLanguage\":\"hr\",\"@id\":\"https:\\\/\\\/radioljubuski.ba\\\/#\\\/schema\\\/logo\\\/image\\\/\",\"url\":\"https:\\\/\\\/radioljubuski.ba\\\/wp-content\\\/uploads\\\/2021\\\/02\\\/cropped-Radio_Ljubuski_logo1.jpg\",\"contentUrl\":\"https:\\\/\\\/radioljubuski.ba\\\/wp-content\\\/uploads\\\/2021\\\/02\\\/cropped-Radio_Ljubuski_logo1.jpg\",\"width\":512,\"height\":512,\"caption\":\"Radio Ljubu\u0161ki\"},\"image\":{\"@id\":\"https:\\\/\\\/radioljubuski.ba\\\/#\\\/schema\\\/logo\\\/image\\\/\"},\"sameAs\":[\"https:\\\/\\\/www.facebook.com\\\/Radiio-Ljubuski-1490835324566332\",\"https:\\\/\\\/x.com\\\/radioljubuski\",\"https:\\\/\\\/hr.linkedin.com\\\/company\\\/radio-ljubuski\",\"https:\\\/\\\/www.youtube.com\\\/channel\\\/UCHYaeO_n0Db3tjNGudGpXyw\"]},{\"@type\":\"Person\",\"@id\":\"https:\\\/\\\/radioljubuski.ba\\\/#\\\/schema\\\/person\\\/19fc700381a780f69665d7956c469e3b\",\"name\":\"Radio Ljubu\u0161ki\"}]}<\/script>\n<!-- \/ Yoast SEO plugin. -->","yoast_head_json":{"title":"\"Kad toliko primi\u0161 u poluvremenu, ne trebamo ni\u0161ta govoriti o rukometu\" - RADIO LJUBU\u0160KI","robots":{"index":"index","follow":"follow","max-snippet":"max-snippet:-1","max-image-preview":"max-image-preview:large","max-video-preview":"max-video-preview:-1"},"canonical":"https:\/\/radioljubuski.ba\/index.php\/2021\/12\/03\/kad-toliko-primis-u-poluvremenu-ne-trebamo-nista-govoriti-o-rukometu\/","og_locale":"hr_HR","og_type":"article","og_title":"\"Kad toliko primi\u0161 u poluvremenu, ne trebamo ni\u0161ta govoriti o rukometu\" - RADIO LJUBU\u0160KI","og_description":"Hrvatska \u017eenska rukometna reprezentacija porazom 25-30 (12-18) protiv Brazila zapo\u010dela je svoj nastup u skupini G na Svjetskom prvenstvu u \u0160panjolskoj. Uzrok poraza je slaba igra u obrani, detektirala je na\u0161a vratarka&nbsp;Tea Pijevi\u0107&nbsp;nakon utakmice. &#8211; Ne \u017eelim da budemo tu\u017eni. Nismo igrale dobro, od prve minute se nismo dobro slo\u017eile u obrani, znale smo da [&hellip;]","og_url":"https:\/\/radioljubuski.ba\/index.php\/2021\/12\/03\/kad-toliko-primis-u-poluvremenu-ne-trebamo-nista-govoriti-o-rukometu\/","og_site_name":"RADIO LJUBU\u0160KI","article_publisher":"https:\/\/www.facebook.com\/Radiio-Ljubuski-1490835324566332","article_published_time":"2021-12-03T13:01:18+00:00","article_modified_time":"2021-12-03T13:01:19+00:00","og_image":[{"width":740,"height":438,"url":"https:\/\/radioljubuski.ba\/wp-content\/uploads\/2021\/12\/740x438-rukomet-hrv-bra-20211202190131.jpg","type":"image\/jpeg"}],"author":"Radio Ljubu\u0161ki","twitter_card":"summary_large_image","twitter_creator":"@radioljubuski","twitter_site":"@radioljubuski","twitter_misc":{"Napisao\/la":"Radio Ljubu\u0161ki","Procijenjeno vrijeme \u010ditanja":"1 minuta"},"schema":{"@context":"https:\/\/schema.org","@graph":[{"@type":"Article","@id":"https:\/\/radioljubuski.ba\/index.php\/2021\/12\/03\/kad-toliko-primis-u-poluvremenu-ne-trebamo-nista-govoriti-o-rukometu\/#article","isPartOf":{"@id":"https:\/\/radioljubuski.ba\/index.php\/2021\/12\/03\/kad-toliko-primis-u-poluvremenu-ne-trebamo-nista-govoriti-o-rukometu\/"},"author":{"name":"Radio Ljubu\u0161ki","@id":"https:\/\/radioljubuski.ba\/#\/schema\/person\/19fc700381a780f69665d7956c469e3b"},"headline":"&#8220;Kad toliko primi\u0161 u poluvremenu, ne trebamo ni\u0161ta govoriti o rukometu&#8221;","datePublished":"2021-12-03T13:01:18+00:00","dateModified":"2021-12-03T13:01:19+00:00","mainEntityOfPage":{"@id":"https:\/\/radioljubuski.ba\/index.php\/2021\/12\/03\/kad-toliko-primis-u-poluvremenu-ne-trebamo-nista-govoriti-o-rukometu\/"},"wordCount":232,"publisher":{"@id":"https:\/\/radioljubuski.ba\/#organization"},"image":{"@id":"https:\/\/radioljubuski.ba\/index.php\/2021\/12\/03\/kad-toliko-primis-u-poluvremenu-ne-trebamo-nista-govoriti-o-rukometu\/#primaryimage"},"thumbnailUrl":"https:\/\/radioljubuski.ba\/wp-content\/uploads\/2021\/12\/740x438-rukomet-hrv-bra-20211202190131.jpg","articleSection":["\u0160port"],"inLanguage":"hr"},{"@type":"WebPage","@id":"https:\/\/radioljubuski.ba\/index.php\/2021\/12\/03\/kad-toliko-primis-u-poluvremenu-ne-trebamo-nista-govoriti-o-rukometu\/","url":"https:\/\/radioljubuski.ba\/index.php\/2021\/12\/03\/kad-toliko-primis-u-poluvremenu-ne-trebamo-nista-govoriti-o-rukometu\/","name":"\"Kad toliko primi\u0161 u poluvremenu, ne trebamo ni\u0161ta govoriti o rukometu\" - RADIO LJUBU\u0160KI","isPartOf":{"@id":"https:\/\/radioljubuski.ba\/#website"},"primaryImageOfPage":{"@id":"https:\/\/radioljubuski.ba\/index.php\/2021\/12\/03\/kad-toliko-primis-u-poluvremenu-ne-trebamo-nista-govoriti-o-rukometu\/#primaryimage"},"image":{"@id":"https:\/\/radioljubuski.ba\/index.php\/2021\/12\/03\/kad-toliko-primis-u-poluvremenu-ne-trebamo-nista-govoriti-o-rukometu\/#primaryimage"},"thumbnailUrl":"https:\/\/radioljubuski.ba\/wp-content\/uploads\/2021\/12\/740x438-rukomet-hrv-bra-20211202190131.jpg","datePublished":"2021-12-03T13:01:18+00:00","dateModified":"2021-12-03T13:01:19+00:00","breadcrumb":{"@id":"https:\/\/radioljubuski.ba\/index.php\/2021\/12\/03\/kad-toliko-primis-u-poluvremenu-ne-trebamo-nista-govoriti-o-rukometu\/#breadcrumb"},"inLanguage":"hr","potentialAction":[{"@type":"ReadAction","target":["https:\/\/radioljubuski.ba\/index.php\/2021\/12\/03\/kad-toliko-primis-u-poluvremenu-ne-trebamo-nista-govoriti-o-rukometu\/"]}]},{"@type":"ImageObject","inLanguage":"hr","@id":"https:\/\/radioljubuski.ba\/index.php\/2021\/12\/03\/kad-toliko-primis-u-poluvremenu-ne-trebamo-nista-govoriti-o-rukometu\/#primaryimage","url":"https:\/\/radioljubuski.ba\/wp-content\/uploads\/2021\/12\/740x438-rukomet-hrv-bra-20211202190131.jpg","contentUrl":"https:\/\/radioljubuski.ba\/wp-content\/uploads\/2021\/12\/740x438-rukomet-hrv-bra-20211202190131.jpg","width":740,"height":438},{"@type":"BreadcrumbList","@id":"https:\/\/radioljubuski.ba\/index.php\/2021\/12\/03\/kad-toliko-primis-u-poluvremenu-ne-trebamo-nista-govoriti-o-rukometu\/#breadcrumb","itemListElement":[{"@type":"ListItem","position":1,"name":"Po\u010detna stranica","item":"https:\/\/radioljubuski.ba\/"},{"@type":"ListItem","position":2,"name":"&#8220;Kad toliko primi\u0161 u poluvremenu, ne trebamo ni\u0161ta govoriti o rukometu&#8221;"}]},{"@type":"WebSite","@id":"https:\/\/radioljubuski.ba\/#website","url":"https:\/\/radioljubuski.ba\/","name":"Radio Ljubu\u0161ki","description":"Sun\u010dana frekvencija Hercegovine","publisher":{"@id":"https:\/\/radioljubuski.ba\/#organization"},"potentialAction":[{"@type":"SearchAction","target":{"@type":"EntryPoint","urlTemplate":"https:\/\/radioljubuski.ba\/?s={search_term_string}"},"query-input":{"@type":"PropertyValueSpecification","valueRequired":true,"valueName":"search_term_string"}}],"inLanguage":"hr"},{"@type":"Organization","@id":"https:\/\/radioljubuski.ba\/#organization","name":"Radio Ljubu\u0161ki","url":"https:\/\/radioljubuski.ba\/","logo":{"@type":"ImageObject","inLanguage":"hr","@id":"https:\/\/radioljubuski.ba\/#\/schema\/logo\/image\/","url":"https:\/\/radioljubuski.ba\/wp-content\/uploads\/2021\/02\/cropped-Radio_Ljubuski_logo1.jpg","contentUrl":"https:\/\/radioljubuski.ba\/wp-content\/uploads\/2021\/02\/cropped-Radio_Ljubuski_logo1.jpg","width":512,"height":512,"caption":"Radio Ljubu\u0161ki"},"image":{"@id":"https:\/\/radioljubuski.ba\/#\/schema\/logo\/image\/"},"sameAs":["https:\/\/www.facebook.com\/Radiio-Ljubuski-1490835324566332","https:\/\/x.com\/radioljubuski","https:\/\/hr.linkedin.com\/company\/radio-ljubuski","https:\/\/www.youtube.com\/channel\/UCHYaeO_n0Db3tjNGudGpXyw"]},{"@type":"Person","@id":"https:\/\/radioljubuski.ba\/#\/schema\/person\/19fc700381a780f69665d7956c469e3b","name":"Radio Ljubu\u0161ki"}]}},"_links":{"self":[{"href":"https:\/\/radioljubuski.ba\/index.php\/wp-json\/wp\/v2\/posts\/95340","targetHints":{"allow":["GET"]}}],"collection":[{"href":"https:\/\/radioljubuski.ba\/index.php\/wp-json\/wp\/v2\/posts"}],"about":[{"href":"https:\/\/radioljubuski.ba\/index.php\/wp-json\/wp\/v2\/types\/post"}],"author":[{"embeddable":true,"href":"https:\/\/radioljubuski.ba\/index.php\/wp-json\/wp\/v2\/users\/2"}],"replies":[{"embeddable":true,"href":"https:\/\/radioljubuski.ba\/index.php\/wp-json\/wp\/v2\/comments?post=95340"}],"version-history":[{"count":1,"href":"https:\/\/radioljubuski.ba\/index.php\/wp-json\/wp\/v2\/posts\/95340\/revisions"}],"predecessor-version":[{"id":95342,"href":"https:\/\/radioljubuski.ba\/index.php\/wp-json\/wp\/v2\/posts\/95340\/revisions\/95342"}],"wp:featuredmedia":[{"embeddable":true,"href":"https:\/\/radioljubuski.ba\/index.php\/wp-json\/wp\/v2\/media\/95341"}],"wp:attachment":[{"href":"https:\/\/radioljubuski.ba\/index.php\/wp-json\/wp\/v2\/media?parent=95340"}],"wp:term":[{"taxonomy":"category","embeddable":true,"href":"https:\/\/radioljubuski.ba\/index.php\/wp-json\/wp\/v2\/categories?post=95340"},{"taxonomy":"post_tag","embeddable":true,"href":"https:\/\/radioljubuski.ba\/index.php\/wp-json\/wp\/v2\/tags?post=95340"}],"curies":[{"name":"wp","href":"https:\/\/api.w.org\/{rel}","templated":true}]}}