{"id":95371,"date":"2021-12-03T14:20:40","date_gmt":"2021-12-03T13:20:40","guid":{"rendered":"https:\/\/radioljubuski.ba\/?p=95371"},"modified":"2021-12-03T14:20:41","modified_gmt":"2021-12-03T13:20:41","slug":"zizic-ubacio-10-koseva-u-porazu-maccabija-u-madridu","status":"publish","type":"post","link":"https:\/\/radioljubuski.ba\/index.php\/2021\/12\/03\/zizic-ubacio-10-koseva-u-porazu-maccabija-u-madridu\/","title":{"rendered":"\u017di\u017ei\u0107 ubacio 10 ko\u0161eva u porazu Maccabija u Madridu"},"content":{"rendered":"\n<p><strong>Hrvatski centar Ante Toni \u017di\u017ei\u0107 postigao je 10 ko\u0161eva uz po tri skoka i blokade te dvije osvojene lopte u 70-72 porazu Maccabija na gostovanju kod Reala u Madridu u susretu 13. kola Eurolige ko\u0161arka\u0161a.<\/strong><\/p>\n\n\n\n<p>\u017di\u017ei\u0107 je na terenu proveo 22:50 minuta i \u0161utirao za dva 5-6.<br><strong><br>Scottie Wilbekin<\/strong>&nbsp;je sa 14 ko\u0161eva bio naju\u010dinkovitiji u sastavu Maccabija, dok su&nbsp;<strong>Thomas Heurtel&nbsp;<\/strong>i&nbsp;<strong>Guerschon Yabusele&nbsp;<\/strong>ubacili po 15 za Real.<br><br>Real je na vrhu ljestvcice s omjerom pobjeda i poraza 11-2, dok je Maccabi sedmi sa 7-6.<br><br>REZULTATI 13. KOLA,<br>\u010detvrtak:<br>CSKA Moskva &#8211; Panathinaikos 97-77<br>Fenerbahce &#8211; Monaco 96-86<br>\u017dalgiris &#8211; Baskonia 72-68<br>Bayern &#8211; Asvel 73-65<br>Real Madrid &#8211; Maccabi Tel Aviv 72-70<br>petak:<br>Uniks &#8211; Olympiacos<br>Anadolu Efes &#8211; Barcelona<br>Zenit &#8211; Crvena zvezda<br>Alba &#8211; Armani Milano<br><br>TABLICA:<br>1. Real Madrid 13 11 2 1036-925 24<br>2. Barcelona 12 10 2 966-843 22<br>3. CSKA Moskva 13 8 5 1048-1042 21<br>4. Olympiacos 12 8 4 951-871 20<br>5. Armani Milano 12 8 4 905-875 20<br>6. Zenit 12 8 4 882-857 20<br>7. Maccabi Tel Aviv 13 7 6 1019-994 20<br>8. Asvel 13 7 6 981-999 20<br>9. Uniks 12 7 5 909-869 19<br>10. Bayern 13 6 7 967-977 19<br>11. Anadolu Efes 12 6 6 987-938 18<br>12. Monaco 13 5 8 1033-1057 18<br>13. Baskonia 13 4 9 907-1034 17<br>14. Fenerbahce 13 4 9 958-968 17<br>15. Alba 12 4 8 891-956 16<br>16. Crvena zvezda 12 4 8 841-875 16<br>17. Panathinaikos 13 3 10 950-1034 16<br>18. \u017dalgiris 13 3 10 924-1041 16<\/p>\n\n\n\n<p>Izvor:hrt.hr<\/p>\n","protected":false},"excerpt":{"rendered":"<p>Hrvatski centar Ante Toni \u017di\u017ei\u0107 postigao je 10 ko\u0161eva uz po tri skoka i blokade te dvije osvojene lopte u 70-72 porazu Maccabija na gostovanju kod Reala u Madridu u susretu 13. kola Eurolige ko\u0161arka\u0161a. \u017di\u017ei\u0107 je na terenu proveo 22:50 minuta i \u0161utirao za dva 5-6.Scottie Wilbekin&nbsp;je sa 14 ko\u0161eva bio naju\u010dinkovitiji u sastavu [&hellip;]<\/p>\n","protected":false},"author":2,"featured_media":95372,"comment_status":"closed","ping_status":"closed","sticky":false,"template":"","format":"standard","meta":{"h5ap_radio_sources":[],"footnotes":""},"categories":[7],"tags":[],"class_list":["post-95371","post","type-post","status-publish","format-standard","has-post-thumbnail","hentry","category-sport"],"yoast_head":"<!-- This site is optimized with the Yoast SEO plugin v27.4 - https:\/\/yoast.com\/product\/yoast-seo-wordpress\/ -->\n<title>\u017di\u017ei\u0107 ubacio 10 ko\u0161eva u porazu Maccabija u Madridu - RADIO LJUBU\u0160KI<\/title>\n<meta name=\"robots\" content=\"index, follow, max-snippet:-1, max-image-preview:large, max-video-preview:-1\" \/>\n<link rel=\"canonical\" href=\"https:\/\/radioljubuski.ba\/index.php\/2021\/12\/03\/zizic-ubacio-10-koseva-u-porazu-maccabija-u-madridu\/\" \/>\n<meta property=\"og:locale\" content=\"hr_HR\" \/>\n<meta property=\"og:type\" content=\"article\" \/>\n<meta property=\"og:title\" content=\"\u017di\u017ei\u0107 ubacio 10 ko\u0161eva u porazu Maccabija u Madridu - RADIO LJUBU\u0160KI\" \/>\n<meta property=\"og:description\" content=\"Hrvatski centar Ante Toni \u017di\u017ei\u0107 postigao je 10 ko\u0161eva uz po tri skoka i blokade te dvije osvojene lopte u 70-72 porazu Maccabija na gostovanju kod Reala u Madridu u susretu 13. kola Eurolige ko\u0161arka\u0161a. \u017di\u017ei\u0107 je na terenu proveo 22:50 minuta i \u0161utirao za dva 5-6.Scottie Wilbekin&nbsp;je sa 14 ko\u0161eva bio naju\u010dinkovitiji u sastavu [&hellip;]\" \/>\n<meta property=\"og:url\" content=\"https:\/\/radioljubuski.ba\/index.php\/2021\/12\/03\/zizic-ubacio-10-koseva-u-porazu-maccabija-u-madridu\/\" \/>\n<meta property=\"og:site_name\" content=\"RADIO LJUBU\u0160KI\" \/>\n<meta property=\"article:publisher\" content=\"https:\/\/www.facebook.com\/Radiio-Ljubuski-1490835324566332\" \/>\n<meta property=\"article:published_time\" content=\"2021-12-03T13:20:40+00:00\" \/>\n<meta property=\"article:modified_time\" content=\"2021-12-03T13:20:41+00:00\" \/>\n<meta property=\"og:image\" content=\"https:\/\/radioljubuski.ba\/wp-content\/uploads\/2021\/12\/pxl-030721-33515991-20210703143153.jpg\" \/>\n\t<meta property=\"og:image:width\" content=\"1600\" \/>\n\t<meta property=\"og:image:height\" content=\"1066\" \/>\n\t<meta property=\"og:image:type\" content=\"image\/jpeg\" \/>\n<meta name=\"author\" content=\"Radio Ljubu\u0161ki\" \/>\n<meta name=\"twitter:card\" content=\"summary_large_image\" \/>\n<meta name=\"twitter:creator\" content=\"@radioljubuski\" \/>\n<meta name=\"twitter:site\" content=\"@radioljubuski\" \/>\n<meta name=\"twitter:label1\" content=\"Napisao\/la\" \/>\n\t<meta name=\"twitter:data1\" content=\"Radio Ljubu\u0161ki\" \/>\n\t<meta name=\"twitter:label2\" content=\"Procijenjeno vrijeme \u010ditanja\" \/>\n\t<meta name=\"twitter:data2\" content=\"2 minute\" \/>\n<script type=\"application\/ld+json\" class=\"yoast-schema-graph\">{\"@context\":\"https:\\\/\\\/schema.org\",\"@graph\":[{\"@type\":\"Article\",\"@id\":\"https:\\\/\\\/radioljubuski.ba\\\/index.php\\\/2021\\\/12\\\/03\\\/zizic-ubacio-10-koseva-u-porazu-maccabija-u-madridu\\\/#article\",\"isPartOf\":{\"@id\":\"https:\\\/\\\/radioljubuski.ba\\\/index.php\\\/2021\\\/12\\\/03\\\/zizic-ubacio-10-koseva-u-porazu-maccabija-u-madridu\\\/\"},\"author\":{\"name\":\"Radio Ljubu\u0161ki\",\"@id\":\"https:\\\/\\\/radioljubuski.ba\\\/#\\\/schema\\\/person\\\/19fc700381a780f69665d7956c469e3b\"},\"headline\":\"\u017di\u017ei\u0107 ubacio 10 ko\u0161eva u porazu Maccabija u Madridu\",\"datePublished\":\"2021-12-03T13:20:40+00:00\",\"dateModified\":\"2021-12-03T13:20:41+00:00\",\"mainEntityOfPage\":{\"@id\":\"https:\\\/\\\/radioljubuski.ba\\\/index.php\\\/2021\\\/12\\\/03\\\/zizic-ubacio-10-koseva-u-porazu-maccabija-u-madridu\\\/\"},\"wordCount\":191,\"publisher\":{\"@id\":\"https:\\\/\\\/radioljubuski.ba\\\/#organization\"},\"image\":{\"@id\":\"https:\\\/\\\/radioljubuski.ba\\\/index.php\\\/2021\\\/12\\\/03\\\/zizic-ubacio-10-koseva-u-porazu-maccabija-u-madridu\\\/#primaryimage\"},\"thumbnailUrl\":\"https:\\\/\\\/radioljubuski.ba\\\/wp-content\\\/uploads\\\/2021\\\/12\\\/pxl-030721-33515991-20210703143153.jpg\",\"articleSection\":[\"\u0160port\"],\"inLanguage\":\"hr\"},{\"@type\":\"WebPage\",\"@id\":\"https:\\\/\\\/radioljubuski.ba\\\/index.php\\\/2021\\\/12\\\/03\\\/zizic-ubacio-10-koseva-u-porazu-maccabija-u-madridu\\\/\",\"url\":\"https:\\\/\\\/radioljubuski.ba\\\/index.php\\\/2021\\\/12\\\/03\\\/zizic-ubacio-10-koseva-u-porazu-maccabija-u-madridu\\\/\",\"name\":\"\u017di\u017ei\u0107 ubacio 10 ko\u0161eva u porazu Maccabija u Madridu - RADIO LJUBU\u0160KI\",\"isPartOf\":{\"@id\":\"https:\\\/\\\/radioljubuski.ba\\\/#website\"},\"primaryImageOfPage\":{\"@id\":\"https:\\\/\\\/radioljubuski.ba\\\/index.php\\\/2021\\\/12\\\/03\\\/zizic-ubacio-10-koseva-u-porazu-maccabija-u-madridu\\\/#primaryimage\"},\"image\":{\"@id\":\"https:\\\/\\\/radioljubuski.ba\\\/index.php\\\/2021\\\/12\\\/03\\\/zizic-ubacio-10-koseva-u-porazu-maccabija-u-madridu\\\/#primaryimage\"},\"thumbnailUrl\":\"https:\\\/\\\/radioljubuski.ba\\\/wp-content\\\/uploads\\\/2021\\\/12\\\/pxl-030721-33515991-20210703143153.jpg\",\"datePublished\":\"2021-12-03T13:20:40+00:00\",\"dateModified\":\"2021-12-03T13:20:41+00:00\",\"breadcrumb\":{\"@id\":\"https:\\\/\\\/radioljubuski.ba\\\/index.php\\\/2021\\\/12\\\/03\\\/zizic-ubacio-10-koseva-u-porazu-maccabija-u-madridu\\\/#breadcrumb\"},\"inLanguage\":\"hr\",\"potentialAction\":[{\"@type\":\"ReadAction\",\"target\":[\"https:\\\/\\\/radioljubuski.ba\\\/index.php\\\/2021\\\/12\\\/03\\\/zizic-ubacio-10-koseva-u-porazu-maccabija-u-madridu\\\/\"]}]},{\"@type\":\"ImageObject\",\"inLanguage\":\"hr\",\"@id\":\"https:\\\/\\\/radioljubuski.ba\\\/index.php\\\/2021\\\/12\\\/03\\\/zizic-ubacio-10-koseva-u-porazu-maccabija-u-madridu\\\/#primaryimage\",\"url\":\"https:\\\/\\\/radioljubuski.ba\\\/wp-content\\\/uploads\\\/2021\\\/12\\\/pxl-030721-33515991-20210703143153.jpg\",\"contentUrl\":\"https:\\\/\\\/radioljubuski.ba\\\/wp-content\\\/uploads\\\/2021\\\/12\\\/pxl-030721-33515991-20210703143153.jpg\",\"width\":1600,\"height\":1066,\"caption\":\"01.07.2021., Spaladium Arena, Split - Kvalifikacijski turnir za Olimpijske igre, Hrvatska - Njema\u010dka. Photo: Ivo Cagalj\\\/PIXSELL\"},{\"@type\":\"BreadcrumbList\",\"@id\":\"https:\\\/\\\/radioljubuski.ba\\\/index.php\\\/2021\\\/12\\\/03\\\/zizic-ubacio-10-koseva-u-porazu-maccabija-u-madridu\\\/#breadcrumb\",\"itemListElement\":[{\"@type\":\"ListItem\",\"position\":1,\"name\":\"Po\u010detna stranica\",\"item\":\"https:\\\/\\\/radioljubuski.ba\\\/\"},{\"@type\":\"ListItem\",\"position\":2,\"name\":\"\u017di\u017ei\u0107 ubacio 10 ko\u0161eva u porazu Maccabija u Madridu\"}]},{\"@type\":\"WebSite\",\"@id\":\"https:\\\/\\\/radioljubuski.ba\\\/#website\",\"url\":\"https:\\\/\\\/radioljubuski.ba\\\/\",\"name\":\"Radio Ljubu\u0161ki\",\"description\":\"Sun\u010dana frekvencija Hercegovine\",\"publisher\":{\"@id\":\"https:\\\/\\\/radioljubuski.ba\\\/#organization\"},\"potentialAction\":[{\"@type\":\"SearchAction\",\"target\":{\"@type\":\"EntryPoint\",\"urlTemplate\":\"https:\\\/\\\/radioljubuski.ba\\\/?s={search_term_string}\"},\"query-input\":{\"@type\":\"PropertyValueSpecification\",\"valueRequired\":true,\"valueName\":\"search_term_string\"}}],\"inLanguage\":\"hr\"},{\"@type\":\"Organization\",\"@id\":\"https:\\\/\\\/radioljubuski.ba\\\/#organization\",\"name\":\"Radio Ljubu\u0161ki\",\"url\":\"https:\\\/\\\/radioljubuski.ba\\\/\",\"logo\":{\"@type\":\"ImageObject\",\"inLanguage\":\"hr\",\"@id\":\"https:\\\/\\\/radioljubuski.ba\\\/#\\\/schema\\\/logo\\\/image\\\/\",\"url\":\"https:\\\/\\\/radioljubuski.ba\\\/wp-content\\\/uploads\\\/2021\\\/02\\\/cropped-Radio_Ljubuski_logo1.jpg\",\"contentUrl\":\"https:\\\/\\\/radioljubuski.ba\\\/wp-content\\\/uploads\\\/2021\\\/02\\\/cropped-Radio_Ljubuski_logo1.jpg\",\"width\":512,\"height\":512,\"caption\":\"Radio Ljubu\u0161ki\"},\"image\":{\"@id\":\"https:\\\/\\\/radioljubuski.ba\\\/#\\\/schema\\\/logo\\\/image\\\/\"},\"sameAs\":[\"https:\\\/\\\/www.facebook.com\\\/Radiio-Ljubuski-1490835324566332\",\"https:\\\/\\\/x.com\\\/radioljubuski\",\"https:\\\/\\\/hr.linkedin.com\\\/company\\\/radio-ljubuski\",\"https:\\\/\\\/www.youtube.com\\\/channel\\\/UCHYaeO_n0Db3tjNGudGpXyw\"]},{\"@type\":\"Person\",\"@id\":\"https:\\\/\\\/radioljubuski.ba\\\/#\\\/schema\\\/person\\\/19fc700381a780f69665d7956c469e3b\",\"name\":\"Radio Ljubu\u0161ki\"}]}<\/script>\n<!-- \/ Yoast SEO plugin. -->","yoast_head_json":{"title":"\u017di\u017ei\u0107 ubacio 10 ko\u0161eva u porazu Maccabija u Madridu - RADIO LJUBU\u0160KI","robots":{"index":"index","follow":"follow","max-snippet":"max-snippet:-1","max-image-preview":"max-image-preview:large","max-video-preview":"max-video-preview:-1"},"canonical":"https:\/\/radioljubuski.ba\/index.php\/2021\/12\/03\/zizic-ubacio-10-koseva-u-porazu-maccabija-u-madridu\/","og_locale":"hr_HR","og_type":"article","og_title":"\u017di\u017ei\u0107 ubacio 10 ko\u0161eva u porazu Maccabija u Madridu - RADIO LJUBU\u0160KI","og_description":"Hrvatski centar Ante Toni \u017di\u017ei\u0107 postigao je 10 ko\u0161eva uz po tri skoka i blokade te dvije osvojene lopte u 70-72 porazu Maccabija na gostovanju kod Reala u Madridu u susretu 13. kola Eurolige ko\u0161arka\u0161a. \u017di\u017ei\u0107 je na terenu proveo 22:50 minuta i \u0161utirao za dva 5-6.Scottie Wilbekin&nbsp;je sa 14 ko\u0161eva bio naju\u010dinkovitiji u sastavu [&hellip;]","og_url":"https:\/\/radioljubuski.ba\/index.php\/2021\/12\/03\/zizic-ubacio-10-koseva-u-porazu-maccabija-u-madridu\/","og_site_name":"RADIO LJUBU\u0160KI","article_publisher":"https:\/\/www.facebook.com\/Radiio-Ljubuski-1490835324566332","article_published_time":"2021-12-03T13:20:40+00:00","article_modified_time":"2021-12-03T13:20:41+00:00","og_image":[{"width":1600,"height":1066,"url":"https:\/\/radioljubuski.ba\/wp-content\/uploads\/2021\/12\/pxl-030721-33515991-20210703143153.jpg","type":"image\/jpeg"}],"author":"Radio Ljubu\u0161ki","twitter_card":"summary_large_image","twitter_creator":"@radioljubuski","twitter_site":"@radioljubuski","twitter_misc":{"Napisao\/la":"Radio Ljubu\u0161ki","Procijenjeno vrijeme \u010ditanja":"2 minute"},"schema":{"@context":"https:\/\/schema.org","@graph":[{"@type":"Article","@id":"https:\/\/radioljubuski.ba\/index.php\/2021\/12\/03\/zizic-ubacio-10-koseva-u-porazu-maccabija-u-madridu\/#article","isPartOf":{"@id":"https:\/\/radioljubuski.ba\/index.php\/2021\/12\/03\/zizic-ubacio-10-koseva-u-porazu-maccabija-u-madridu\/"},"author":{"name":"Radio Ljubu\u0161ki","@id":"https:\/\/radioljubuski.ba\/#\/schema\/person\/19fc700381a780f69665d7956c469e3b"},"headline":"\u017di\u017ei\u0107 ubacio 10 ko\u0161eva u porazu Maccabija u Madridu","datePublished":"2021-12-03T13:20:40+00:00","dateModified":"2021-12-03T13:20:41+00:00","mainEntityOfPage":{"@id":"https:\/\/radioljubuski.ba\/index.php\/2021\/12\/03\/zizic-ubacio-10-koseva-u-porazu-maccabija-u-madridu\/"},"wordCount":191,"publisher":{"@id":"https:\/\/radioljubuski.ba\/#organization"},"image":{"@id":"https:\/\/radioljubuski.ba\/index.php\/2021\/12\/03\/zizic-ubacio-10-koseva-u-porazu-maccabija-u-madridu\/#primaryimage"},"thumbnailUrl":"https:\/\/radioljubuski.ba\/wp-content\/uploads\/2021\/12\/pxl-030721-33515991-20210703143153.jpg","articleSection":["\u0160port"],"inLanguage":"hr"},{"@type":"WebPage","@id":"https:\/\/radioljubuski.ba\/index.php\/2021\/12\/03\/zizic-ubacio-10-koseva-u-porazu-maccabija-u-madridu\/","url":"https:\/\/radioljubuski.ba\/index.php\/2021\/12\/03\/zizic-ubacio-10-koseva-u-porazu-maccabija-u-madridu\/","name":"\u017di\u017ei\u0107 ubacio 10 ko\u0161eva u porazu Maccabija u Madridu - RADIO LJUBU\u0160KI","isPartOf":{"@id":"https:\/\/radioljubuski.ba\/#website"},"primaryImageOfPage":{"@id":"https:\/\/radioljubuski.ba\/index.php\/2021\/12\/03\/zizic-ubacio-10-koseva-u-porazu-maccabija-u-madridu\/#primaryimage"},"image":{"@id":"https:\/\/radioljubuski.ba\/index.php\/2021\/12\/03\/zizic-ubacio-10-koseva-u-porazu-maccabija-u-madridu\/#primaryimage"},"thumbnailUrl":"https:\/\/radioljubuski.ba\/wp-content\/uploads\/2021\/12\/pxl-030721-33515991-20210703143153.jpg","datePublished":"2021-12-03T13:20:40+00:00","dateModified":"2021-12-03T13:20:41+00:00","breadcrumb":{"@id":"https:\/\/radioljubuski.ba\/index.php\/2021\/12\/03\/zizic-ubacio-10-koseva-u-porazu-maccabija-u-madridu\/#breadcrumb"},"inLanguage":"hr","potentialAction":[{"@type":"ReadAction","target":["https:\/\/radioljubuski.ba\/index.php\/2021\/12\/03\/zizic-ubacio-10-koseva-u-porazu-maccabija-u-madridu\/"]}]},{"@type":"ImageObject","inLanguage":"hr","@id":"https:\/\/radioljubuski.ba\/index.php\/2021\/12\/03\/zizic-ubacio-10-koseva-u-porazu-maccabija-u-madridu\/#primaryimage","url":"https:\/\/radioljubuski.ba\/wp-content\/uploads\/2021\/12\/pxl-030721-33515991-20210703143153.jpg","contentUrl":"https:\/\/radioljubuski.ba\/wp-content\/uploads\/2021\/12\/pxl-030721-33515991-20210703143153.jpg","width":1600,"height":1066,"caption":"01.07.2021., Spaladium Arena, Split - Kvalifikacijski turnir za Olimpijske igre, Hrvatska - Njema\u010dka. Photo: Ivo Cagalj\/PIXSELL"},{"@type":"BreadcrumbList","@id":"https:\/\/radioljubuski.ba\/index.php\/2021\/12\/03\/zizic-ubacio-10-koseva-u-porazu-maccabija-u-madridu\/#breadcrumb","itemListElement":[{"@type":"ListItem","position":1,"name":"Po\u010detna stranica","item":"https:\/\/radioljubuski.ba\/"},{"@type":"ListItem","position":2,"name":"\u017di\u017ei\u0107 ubacio 10 ko\u0161eva u porazu Maccabija u Madridu"}]},{"@type":"WebSite","@id":"https:\/\/radioljubuski.ba\/#website","url":"https:\/\/radioljubuski.ba\/","name":"Radio Ljubu\u0161ki","description":"Sun\u010dana frekvencija Hercegovine","publisher":{"@id":"https:\/\/radioljubuski.ba\/#organization"},"potentialAction":[{"@type":"SearchAction","target":{"@type":"EntryPoint","urlTemplate":"https:\/\/radioljubuski.ba\/?s={search_term_string}"},"query-input":{"@type":"PropertyValueSpecification","valueRequired":true,"valueName":"search_term_string"}}],"inLanguage":"hr"},{"@type":"Organization","@id":"https:\/\/radioljubuski.ba\/#organization","name":"Radio Ljubu\u0161ki","url":"https:\/\/radioljubuski.ba\/","logo":{"@type":"ImageObject","inLanguage":"hr","@id":"https:\/\/radioljubuski.ba\/#\/schema\/logo\/image\/","url":"https:\/\/radioljubuski.ba\/wp-content\/uploads\/2021\/02\/cropped-Radio_Ljubuski_logo1.jpg","contentUrl":"https:\/\/radioljubuski.ba\/wp-content\/uploads\/2021\/02\/cropped-Radio_Ljubuski_logo1.jpg","width":512,"height":512,"caption":"Radio Ljubu\u0161ki"},"image":{"@id":"https:\/\/radioljubuski.ba\/#\/schema\/logo\/image\/"},"sameAs":["https:\/\/www.facebook.com\/Radiio-Ljubuski-1490835324566332","https:\/\/x.com\/radioljubuski","https:\/\/hr.linkedin.com\/company\/radio-ljubuski","https:\/\/www.youtube.com\/channel\/UCHYaeO_n0Db3tjNGudGpXyw"]},{"@type":"Person","@id":"https:\/\/radioljubuski.ba\/#\/schema\/person\/19fc700381a780f69665d7956c469e3b","name":"Radio Ljubu\u0161ki"}]}},"_links":{"self":[{"href":"https:\/\/radioljubuski.ba\/index.php\/wp-json\/wp\/v2\/posts\/95371","targetHints":{"allow":["GET"]}}],"collection":[{"href":"https:\/\/radioljubuski.ba\/index.php\/wp-json\/wp\/v2\/posts"}],"about":[{"href":"https:\/\/radioljubuski.ba\/index.php\/wp-json\/wp\/v2\/types\/post"}],"author":[{"embeddable":true,"href":"https:\/\/radioljubuski.ba\/index.php\/wp-json\/wp\/v2\/users\/2"}],"replies":[{"embeddable":true,"href":"https:\/\/radioljubuski.ba\/index.php\/wp-json\/wp\/v2\/comments?post=95371"}],"version-history":[{"count":1,"href":"https:\/\/radioljubuski.ba\/index.php\/wp-json\/wp\/v2\/posts\/95371\/revisions"}],"predecessor-version":[{"id":95373,"href":"https:\/\/radioljubuski.ba\/index.php\/wp-json\/wp\/v2\/posts\/95371\/revisions\/95373"}],"wp:featuredmedia":[{"embeddable":true,"href":"https:\/\/radioljubuski.ba\/index.php\/wp-json\/wp\/v2\/media\/95372"}],"wp:attachment":[{"href":"https:\/\/radioljubuski.ba\/index.php\/wp-json\/wp\/v2\/media?parent=95371"}],"wp:term":[{"taxonomy":"category","embeddable":true,"href":"https:\/\/radioljubuski.ba\/index.php\/wp-json\/wp\/v2\/categories?post=95371"},{"taxonomy":"post_tag","embeddable":true,"href":"https:\/\/radioljubuski.ba\/index.php\/wp-json\/wp\/v2\/tags?post=95371"}],"curies":[{"name":"wp","href":"https:\/\/api.w.org\/{rel}","templated":true}]}}