{"id":95377,"date":"2021-12-03T15:37:48","date_gmt":"2021-12-03T14:37:48","guid":{"rendered":"https:\/\/radioljubuski.ba\/?p=95377"},"modified":"2021-12-03T15:37:49","modified_gmt":"2021-12-03T14:37:49","slug":"izetbegovic-komsic-je-legitimno-izabran-covic-nije-stao-uz-patriote-smanjio-si-je-sanse-za-dogovor","status":"publish","type":"post","link":"https:\/\/radioljubuski.ba\/index.php\/2021\/12\/03\/izetbegovic-komsic-je-legitimno-izabran-covic-nije-stao-uz-patriote-smanjio-si-je-sanse-za-dogovor\/","title":{"rendered":"Izetbegovi\u0107: Kom\u0161i\u0107 je legitimno izabran, \u010covi\u0107 nije stao uz patriote, smanjio si je \u0161anse za dogovor"},"content":{"rendered":"\n<p><strong>Nakon razgovora u zgradi Izaslanstva Europske unije, gdje su se ponovo sastali Bakir Izetbegovi\u0107 i Dragan \u010covi\u0107, \u0161ef SDA je kazao da mu je drago \u0161to su se uklju\u010dili i predstavnici drugih stranaka te da je gre\u0161ka stranaca to \u0161to ih nisu pozivali za stol.<\/strong><\/p>\n\n\n\n<p>Mislim da se napravila jedna strate\u0161ka gre\u0161ka. Uporno se razgovaralo i pregovaralo s HDZ-om i SDA, a nedovoljno s oporbenim i drugim strankama. Opravdano se oni svi ljute ako se dogovara iza zatvorenih vrata. Sredinom prosinca \u0107e se ovo morati nastaviti u jednom pro\u0161irenom formatu. Nepozivanje njih mo\u017ee onemogu\u0107iti i smanjiti \u0161anse za postizanje rje\u0161enja\u201d, rekao je Izetbegovi\u0107.<\/p>\n\n\n\n<p>Govore\u0107i o tome dokle su stigli pregovori rekao je kako smatra da ima rje\u0161enja, ali samo \u201cako bude dovoljno pameti i spremnosti da se poneki mali korak napravi\u201d.<\/p>\n\n\n\n<p>\u201cZavr\u0161ava se. Vidjet \u0107u se ja jo\u0161 nekad popodne s predstavnicima SAD-a i to bi bilo to\u2026 Mislim da jest bilo koraka naprijed u prethodna \u010detiri dana\u201d, rekao je.<\/p>\n\n\n\n<p>Jutros je na sastanku kod izaslanstava EU i SAD-a bio i potpredsjednik Federacije iz Kom\u0161i\u0107evog DF-a Milan Dunovi\u0107 koji je bio razo\u010daran zbog toga \u0161to, kako ka\u017ee, stranci idu u korist HDZ-u. Izetbegovi\u0107 je na to kazao kako ne bi rekao da su oni tako jednostrani kao \u0161to se \u010dini u prvi mah, te pojasnio za\u0161to stoji iza takvog stava.<\/p>\n\n\n\n<p>\u201cOni inzistiraju na tome da se rije\u0161i pitanje izbora \u010dlana Predsjedni\u0161tva BiH na na\u010din da Hrvati u BiH imaju, u odnosu na jednog od trojice, presudnu ulogu. Da se na\u0111e na\u010din da hrvatska ve\u0107ina izabere jednoga. Me\u0111utim, u isto vrijeme inzistiraju na tome da se izbri\u0161u prefiksi, \u0161to odbija gospodina \u010covi\u0107a, tra\u017ee da \u010dak ni izborne jedinice ne mogu imati bilo kakvu etni\u010dku odrednicu i kriterije\u201d, kazao je lider SDA.<\/p>\n\n\n\n<p>S obzirom na to da je sino\u0107 najavio da \u0107e fokus dana\u0161njih razgovora biti na deblokadi Federacije BiH, kazao je kako stranci nisu bili pretjerano raspolo\u017eeni za to da se u ovom trenutku rje\u0161ava i to.<\/p>\n\n\n\n<p>\u201cTo \u0161to se ipak po\u010delo danas rje\u0161avati je rezultat jednog mog upornog pritiska da se ta stvar paralelno radi i da pregovori stanu na dvije noge. Ono \u0161to je artikulirano preko Venecijanske komisije je da se moraju izbrisati etni\u010dki prefiksi i da se moraju rije\u0161iti blokade u FBiH. To je sve za nas prihvatljivo\u201d, rekao je.<\/p>\n\n\n\n<p>Na pitanje novinara je li pristao na legitimno predstavljanje, kako to tvrde bo\u0161nja\u010dki oporbeni predstavnici koji su bili na sastanku jutros, Izetbegovi\u0107 je odgovorio: Recite mi \u0161to je legitimno predstavljanje pa \u0107u vam ja re\u0107i na \u0161to sam pristao. Ja mislim da je i Kom\u0161i\u0107 legitimno izabran \u010dovjek. To je potpuno nejasna formulacija\u201d.<\/p>\n\n\n\n<p>Prije nekoliko dana su hrvatski izaslanicu u Parlamentu BiH glasali za to da se ukine \u201cInzkov zakon\u201d. O tome je Izetbegovi\u0107 tako\u0111er razgovarao s \u010covi\u0107em.<\/p>\n\n\n\n<p>\u201cMislim da je time jako smanjio \u0161ansu da se brzo postignu dogovori. Kazao sam mu to. \u2018Uporno vas pozivam da ne radite stvari koje provociraju bo\u0161nja\u010dke glasa\u010de, bo\u0161nja\u010dki narod. Da ste umjesto toga kazali da \u0107e Hrvati zajedno s ostalim patriotima braniti ovu zemlju, jako bi se pove\u0107ale \u0161anse da se postigne sporazum\u2018. Ovako su se te \u0161anse degradirale\u201d, rekao je Izetbegovi\u0107.<\/p>\n\n\n\n<p>\/HMS\/<\/p>\n","protected":false},"excerpt":{"rendered":"<p>Nakon razgovora u zgradi Izaslanstva Europske unije, gdje su se ponovo sastali Bakir Izetbegovi\u0107 i Dragan \u010covi\u0107, \u0161ef SDA je kazao da mu je drago \u0161to su se uklju\u010dili i predstavnici drugih stranaka te da je gre\u0161ka stranaca to \u0161to ih nisu pozivali za stol. Mislim da se napravila jedna strate\u0161ka gre\u0161ka. Uporno se razgovaralo [&hellip;]<\/p>\n","protected":false},"author":2,"featured_media":95378,"comment_status":"closed","ping_status":"closed","sticky":false,"template":"","format":"standard","meta":{"h5ap_radio_sources":[],"footnotes":""},"categories":[1],"tags":[],"class_list":["post-95377","post","type-post","status-publish","format-standard","has-post-thumbnail","hentry","category-bihiregija"],"yoast_head":"<!-- This site is optimized with the Yoast SEO plugin v27.4 - https:\/\/yoast.com\/product\/yoast-seo-wordpress\/ -->\n<title>Izetbegovi\u0107: Kom\u0161i\u0107 je legitimno izabran, \u010covi\u0107 nije stao uz patriote, smanjio si je \u0161anse za dogovor - RADIO LJUBU\u0160KI<\/title>\n<meta name=\"robots\" content=\"index, follow, max-snippet:-1, max-image-preview:large, max-video-preview:-1\" \/>\n<link rel=\"canonical\" href=\"https:\/\/radioljubuski.ba\/index.php\/2021\/12\/03\/izetbegovic-komsic-je-legitimno-izabran-covic-nije-stao-uz-patriote-smanjio-si-je-sanse-za-dogovor\/\" \/>\n<meta property=\"og:locale\" content=\"hr_HR\" \/>\n<meta property=\"og:type\" content=\"article\" \/>\n<meta property=\"og:title\" content=\"Izetbegovi\u0107: Kom\u0161i\u0107 je legitimno izabran, \u010covi\u0107 nije stao uz patriote, smanjio si je \u0161anse za dogovor - RADIO LJUBU\u0160KI\" \/>\n<meta property=\"og:description\" content=\"Nakon razgovora u zgradi Izaslanstva Europske unije, gdje su se ponovo sastali Bakir Izetbegovi\u0107 i Dragan \u010covi\u0107, \u0161ef SDA je kazao da mu je drago \u0161to su se uklju\u010dili i predstavnici drugih stranaka te da je gre\u0161ka stranaca to \u0161to ih nisu pozivali za stol. Mislim da se napravila jedna strate\u0161ka gre\u0161ka. Uporno se razgovaralo [&hellip;]\" \/>\n<meta property=\"og:url\" content=\"https:\/\/radioljubuski.ba\/index.php\/2021\/12\/03\/izetbegovic-komsic-je-legitimno-izabran-covic-nije-stao-uz-patriote-smanjio-si-je-sanse-za-dogovor\/\" \/>\n<meta property=\"og:site_name\" content=\"RADIO LJUBU\u0160KI\" \/>\n<meta property=\"article:publisher\" content=\"https:\/\/www.facebook.com\/Radiio-Ljubuski-1490835324566332\" \/>\n<meta property=\"article:published_time\" content=\"2021-12-03T14:37:48+00:00\" \/>\n<meta property=\"article:modified_time\" content=\"2021-12-03T14:37:49+00:00\" \/>\n<meta property=\"og:image\" content=\"https:\/\/radioljubuski.ba\/wp-content\/uploads\/2021\/12\/o_102496_1024.png\" \/>\n\t<meta property=\"og:image:width\" content=\"1024\" \/>\n\t<meta property=\"og:image:height\" content=\"634\" \/>\n\t<meta property=\"og:image:type\" content=\"image\/png\" \/>\n<meta name=\"author\" content=\"Radio Ljubu\u0161ki\" \/>\n<meta name=\"twitter:card\" content=\"summary_large_image\" \/>\n<meta name=\"twitter:creator\" content=\"@radioljubuski\" \/>\n<meta name=\"twitter:site\" content=\"@radioljubuski\" \/>\n<meta name=\"twitter:label1\" content=\"Napisao\/la\" \/>\n\t<meta name=\"twitter:data1\" content=\"Radio Ljubu\u0161ki\" \/>\n\t<meta name=\"twitter:label2\" content=\"Procijenjeno vrijeme \u010ditanja\" \/>\n\t<meta name=\"twitter:data2\" content=\"3 minute\" \/>\n<script type=\"application\/ld+json\" class=\"yoast-schema-graph\">{\"@context\":\"https:\\\/\\\/schema.org\",\"@graph\":[{\"@type\":\"Article\",\"@id\":\"https:\\\/\\\/radioljubuski.ba\\\/index.php\\\/2021\\\/12\\\/03\\\/izetbegovic-komsic-je-legitimno-izabran-covic-nije-stao-uz-patriote-smanjio-si-je-sanse-za-dogovor\\\/#article\",\"isPartOf\":{\"@id\":\"https:\\\/\\\/radioljubuski.ba\\\/index.php\\\/2021\\\/12\\\/03\\\/izetbegovic-komsic-je-legitimno-izabran-covic-nije-stao-uz-patriote-smanjio-si-je-sanse-za-dogovor\\\/\"},\"author\":{\"name\":\"Radio Ljubu\u0161ki\",\"@id\":\"https:\\\/\\\/radioljubuski.ba\\\/#\\\/schema\\\/person\\\/19fc700381a780f69665d7956c469e3b\"},\"headline\":\"Izetbegovi\u0107: Kom\u0161i\u0107 je legitimno izabran, \u010covi\u0107 nije stao uz patriote, smanjio si je \u0161anse za dogovor\",\"datePublished\":\"2021-12-03T14:37:48+00:00\",\"dateModified\":\"2021-12-03T14:37:49+00:00\",\"mainEntityOfPage\":{\"@id\":\"https:\\\/\\\/radioljubuski.ba\\\/index.php\\\/2021\\\/12\\\/03\\\/izetbegovic-komsic-je-legitimno-izabran-covic-nije-stao-uz-patriote-smanjio-si-je-sanse-za-dogovor\\\/\"},\"wordCount\":586,\"publisher\":{\"@id\":\"https:\\\/\\\/radioljubuski.ba\\\/#organization\"},\"image\":{\"@id\":\"https:\\\/\\\/radioljubuski.ba\\\/index.php\\\/2021\\\/12\\\/03\\\/izetbegovic-komsic-je-legitimno-izabran-covic-nije-stao-uz-patriote-smanjio-si-je-sanse-za-dogovor\\\/#primaryimage\"},\"thumbnailUrl\":\"https:\\\/\\\/radioljubuski.ba\\\/wp-content\\\/uploads\\\/2021\\\/12\\\/o_102496_1024.png\",\"articleSection\":[\"BIH i regija\"],\"inLanguage\":\"hr\"},{\"@type\":\"WebPage\",\"@id\":\"https:\\\/\\\/radioljubuski.ba\\\/index.php\\\/2021\\\/12\\\/03\\\/izetbegovic-komsic-je-legitimno-izabran-covic-nije-stao-uz-patriote-smanjio-si-je-sanse-za-dogovor\\\/\",\"url\":\"https:\\\/\\\/radioljubuski.ba\\\/index.php\\\/2021\\\/12\\\/03\\\/izetbegovic-komsic-je-legitimno-izabran-covic-nije-stao-uz-patriote-smanjio-si-je-sanse-za-dogovor\\\/\",\"name\":\"Izetbegovi\u0107: Kom\u0161i\u0107 je legitimno izabran, \u010covi\u0107 nije stao uz patriote, smanjio si je \u0161anse za dogovor - RADIO LJUBU\u0160KI\",\"isPartOf\":{\"@id\":\"https:\\\/\\\/radioljubuski.ba\\\/#website\"},\"primaryImageOfPage\":{\"@id\":\"https:\\\/\\\/radioljubuski.ba\\\/index.php\\\/2021\\\/12\\\/03\\\/izetbegovic-komsic-je-legitimno-izabran-covic-nije-stao-uz-patriote-smanjio-si-je-sanse-za-dogovor\\\/#primaryimage\"},\"image\":{\"@id\":\"https:\\\/\\\/radioljubuski.ba\\\/index.php\\\/2021\\\/12\\\/03\\\/izetbegovic-komsic-je-legitimno-izabran-covic-nije-stao-uz-patriote-smanjio-si-je-sanse-za-dogovor\\\/#primaryimage\"},\"thumbnailUrl\":\"https:\\\/\\\/radioljubuski.ba\\\/wp-content\\\/uploads\\\/2021\\\/12\\\/o_102496_1024.png\",\"datePublished\":\"2021-12-03T14:37:48+00:00\",\"dateModified\":\"2021-12-03T14:37:49+00:00\",\"breadcrumb\":{\"@id\":\"https:\\\/\\\/radioljubuski.ba\\\/index.php\\\/2021\\\/12\\\/03\\\/izetbegovic-komsic-je-legitimno-izabran-covic-nije-stao-uz-patriote-smanjio-si-je-sanse-za-dogovor\\\/#breadcrumb\"},\"inLanguage\":\"hr\",\"potentialAction\":[{\"@type\":\"ReadAction\",\"target\":[\"https:\\\/\\\/radioljubuski.ba\\\/index.php\\\/2021\\\/12\\\/03\\\/izetbegovic-komsic-je-legitimno-izabran-covic-nije-stao-uz-patriote-smanjio-si-je-sanse-za-dogovor\\\/\"]}]},{\"@type\":\"ImageObject\",\"inLanguage\":\"hr\",\"@id\":\"https:\\\/\\\/radioljubuski.ba\\\/index.php\\\/2021\\\/12\\\/03\\\/izetbegovic-komsic-je-legitimno-izabran-covic-nije-stao-uz-patriote-smanjio-si-je-sanse-za-dogovor\\\/#primaryimage\",\"url\":\"https:\\\/\\\/radioljubuski.ba\\\/wp-content\\\/uploads\\\/2021\\\/12\\\/o_102496_1024.png\",\"contentUrl\":\"https:\\\/\\\/radioljubuski.ba\\\/wp-content\\\/uploads\\\/2021\\\/12\\\/o_102496_1024.png\",\"width\":1024,\"height\":634},{\"@type\":\"BreadcrumbList\",\"@id\":\"https:\\\/\\\/radioljubuski.ba\\\/index.php\\\/2021\\\/12\\\/03\\\/izetbegovic-komsic-je-legitimno-izabran-covic-nije-stao-uz-patriote-smanjio-si-je-sanse-za-dogovor\\\/#breadcrumb\",\"itemListElement\":[{\"@type\":\"ListItem\",\"position\":1,\"name\":\"Po\u010detna stranica\",\"item\":\"https:\\\/\\\/radioljubuski.ba\\\/\"},{\"@type\":\"ListItem\",\"position\":2,\"name\":\"Izetbegovi\u0107: Kom\u0161i\u0107 je legitimno izabran, \u010covi\u0107 nije stao uz patriote, smanjio si je \u0161anse za dogovor\"}]},{\"@type\":\"WebSite\",\"@id\":\"https:\\\/\\\/radioljubuski.ba\\\/#website\",\"url\":\"https:\\\/\\\/radioljubuski.ba\\\/\",\"name\":\"Radio Ljubu\u0161ki\",\"description\":\"Sun\u010dana frekvencija Hercegovine\",\"publisher\":{\"@id\":\"https:\\\/\\\/radioljubuski.ba\\\/#organization\"},\"potentialAction\":[{\"@type\":\"SearchAction\",\"target\":{\"@type\":\"EntryPoint\",\"urlTemplate\":\"https:\\\/\\\/radioljubuski.ba\\\/?s={search_term_string}\"},\"query-input\":{\"@type\":\"PropertyValueSpecification\",\"valueRequired\":true,\"valueName\":\"search_term_string\"}}],\"inLanguage\":\"hr\"},{\"@type\":\"Organization\",\"@id\":\"https:\\\/\\\/radioljubuski.ba\\\/#organization\",\"name\":\"Radio Ljubu\u0161ki\",\"url\":\"https:\\\/\\\/radioljubuski.ba\\\/\",\"logo\":{\"@type\":\"ImageObject\",\"inLanguage\":\"hr\",\"@id\":\"https:\\\/\\\/radioljubuski.ba\\\/#\\\/schema\\\/logo\\\/image\\\/\",\"url\":\"https:\\\/\\\/radioljubuski.ba\\\/wp-content\\\/uploads\\\/2021\\\/02\\\/cropped-Radio_Ljubuski_logo1.jpg\",\"contentUrl\":\"https:\\\/\\\/radioljubuski.ba\\\/wp-content\\\/uploads\\\/2021\\\/02\\\/cropped-Radio_Ljubuski_logo1.jpg\",\"width\":512,\"height\":512,\"caption\":\"Radio Ljubu\u0161ki\"},\"image\":{\"@id\":\"https:\\\/\\\/radioljubuski.ba\\\/#\\\/schema\\\/logo\\\/image\\\/\"},\"sameAs\":[\"https:\\\/\\\/www.facebook.com\\\/Radiio-Ljubuski-1490835324566332\",\"https:\\\/\\\/x.com\\\/radioljubuski\",\"https:\\\/\\\/hr.linkedin.com\\\/company\\\/radio-ljubuski\",\"https:\\\/\\\/www.youtube.com\\\/channel\\\/UCHYaeO_n0Db3tjNGudGpXyw\"]},{\"@type\":\"Person\",\"@id\":\"https:\\\/\\\/radioljubuski.ba\\\/#\\\/schema\\\/person\\\/19fc700381a780f69665d7956c469e3b\",\"name\":\"Radio Ljubu\u0161ki\"}]}<\/script>\n<!-- \/ Yoast SEO plugin. -->","yoast_head_json":{"title":"Izetbegovi\u0107: Kom\u0161i\u0107 je legitimno izabran, \u010covi\u0107 nije stao uz patriote, smanjio si je \u0161anse za dogovor - RADIO LJUBU\u0160KI","robots":{"index":"index","follow":"follow","max-snippet":"max-snippet:-1","max-image-preview":"max-image-preview:large","max-video-preview":"max-video-preview:-1"},"canonical":"https:\/\/radioljubuski.ba\/index.php\/2021\/12\/03\/izetbegovic-komsic-je-legitimno-izabran-covic-nije-stao-uz-patriote-smanjio-si-je-sanse-za-dogovor\/","og_locale":"hr_HR","og_type":"article","og_title":"Izetbegovi\u0107: Kom\u0161i\u0107 je legitimno izabran, \u010covi\u0107 nije stao uz patriote, smanjio si je \u0161anse za dogovor - RADIO LJUBU\u0160KI","og_description":"Nakon razgovora u zgradi Izaslanstva Europske unije, gdje su se ponovo sastali Bakir Izetbegovi\u0107 i Dragan \u010covi\u0107, \u0161ef SDA je kazao da mu je drago \u0161to su se uklju\u010dili i predstavnici drugih stranaka te da je gre\u0161ka stranaca to \u0161to ih nisu pozivali za stol. Mislim da se napravila jedna strate\u0161ka gre\u0161ka. Uporno se razgovaralo [&hellip;]","og_url":"https:\/\/radioljubuski.ba\/index.php\/2021\/12\/03\/izetbegovic-komsic-je-legitimno-izabran-covic-nije-stao-uz-patriote-smanjio-si-je-sanse-za-dogovor\/","og_site_name":"RADIO LJUBU\u0160KI","article_publisher":"https:\/\/www.facebook.com\/Radiio-Ljubuski-1490835324566332","article_published_time":"2021-12-03T14:37:48+00:00","article_modified_time":"2021-12-03T14:37:49+00:00","og_image":[{"width":1024,"height":634,"url":"https:\/\/radioljubuski.ba\/wp-content\/uploads\/2021\/12\/o_102496_1024.png","type":"image\/png"}],"author":"Radio Ljubu\u0161ki","twitter_card":"summary_large_image","twitter_creator":"@radioljubuski","twitter_site":"@radioljubuski","twitter_misc":{"Napisao\/la":"Radio Ljubu\u0161ki","Procijenjeno vrijeme \u010ditanja":"3 minute"},"schema":{"@context":"https:\/\/schema.org","@graph":[{"@type":"Article","@id":"https:\/\/radioljubuski.ba\/index.php\/2021\/12\/03\/izetbegovic-komsic-je-legitimno-izabran-covic-nije-stao-uz-patriote-smanjio-si-je-sanse-za-dogovor\/#article","isPartOf":{"@id":"https:\/\/radioljubuski.ba\/index.php\/2021\/12\/03\/izetbegovic-komsic-je-legitimno-izabran-covic-nije-stao-uz-patriote-smanjio-si-je-sanse-za-dogovor\/"},"author":{"name":"Radio Ljubu\u0161ki","@id":"https:\/\/radioljubuski.ba\/#\/schema\/person\/19fc700381a780f69665d7956c469e3b"},"headline":"Izetbegovi\u0107: Kom\u0161i\u0107 je legitimno izabran, \u010covi\u0107 nije stao uz patriote, smanjio si je \u0161anse za dogovor","datePublished":"2021-12-03T14:37:48+00:00","dateModified":"2021-12-03T14:37:49+00:00","mainEntityOfPage":{"@id":"https:\/\/radioljubuski.ba\/index.php\/2021\/12\/03\/izetbegovic-komsic-je-legitimno-izabran-covic-nije-stao-uz-patriote-smanjio-si-je-sanse-za-dogovor\/"},"wordCount":586,"publisher":{"@id":"https:\/\/radioljubuski.ba\/#organization"},"image":{"@id":"https:\/\/radioljubuski.ba\/index.php\/2021\/12\/03\/izetbegovic-komsic-je-legitimno-izabran-covic-nije-stao-uz-patriote-smanjio-si-je-sanse-za-dogovor\/#primaryimage"},"thumbnailUrl":"https:\/\/radioljubuski.ba\/wp-content\/uploads\/2021\/12\/o_102496_1024.png","articleSection":["BIH i regija"],"inLanguage":"hr"},{"@type":"WebPage","@id":"https:\/\/radioljubuski.ba\/index.php\/2021\/12\/03\/izetbegovic-komsic-je-legitimno-izabran-covic-nije-stao-uz-patriote-smanjio-si-je-sanse-za-dogovor\/","url":"https:\/\/radioljubuski.ba\/index.php\/2021\/12\/03\/izetbegovic-komsic-je-legitimno-izabran-covic-nije-stao-uz-patriote-smanjio-si-je-sanse-za-dogovor\/","name":"Izetbegovi\u0107: Kom\u0161i\u0107 je legitimno izabran, \u010covi\u0107 nije stao uz patriote, smanjio si je \u0161anse za dogovor - RADIO LJUBU\u0160KI","isPartOf":{"@id":"https:\/\/radioljubuski.ba\/#website"},"primaryImageOfPage":{"@id":"https:\/\/radioljubuski.ba\/index.php\/2021\/12\/03\/izetbegovic-komsic-je-legitimno-izabran-covic-nije-stao-uz-patriote-smanjio-si-je-sanse-za-dogovor\/#primaryimage"},"image":{"@id":"https:\/\/radioljubuski.ba\/index.php\/2021\/12\/03\/izetbegovic-komsic-je-legitimno-izabran-covic-nije-stao-uz-patriote-smanjio-si-je-sanse-za-dogovor\/#primaryimage"},"thumbnailUrl":"https:\/\/radioljubuski.ba\/wp-content\/uploads\/2021\/12\/o_102496_1024.png","datePublished":"2021-12-03T14:37:48+00:00","dateModified":"2021-12-03T14:37:49+00:00","breadcrumb":{"@id":"https:\/\/radioljubuski.ba\/index.php\/2021\/12\/03\/izetbegovic-komsic-je-legitimno-izabran-covic-nije-stao-uz-patriote-smanjio-si-je-sanse-za-dogovor\/#breadcrumb"},"inLanguage":"hr","potentialAction":[{"@type":"ReadAction","target":["https:\/\/radioljubuski.ba\/index.php\/2021\/12\/03\/izetbegovic-komsic-je-legitimno-izabran-covic-nije-stao-uz-patriote-smanjio-si-je-sanse-za-dogovor\/"]}]},{"@type":"ImageObject","inLanguage":"hr","@id":"https:\/\/radioljubuski.ba\/index.php\/2021\/12\/03\/izetbegovic-komsic-je-legitimno-izabran-covic-nije-stao-uz-patriote-smanjio-si-je-sanse-za-dogovor\/#primaryimage","url":"https:\/\/radioljubuski.ba\/wp-content\/uploads\/2021\/12\/o_102496_1024.png","contentUrl":"https:\/\/radioljubuski.ba\/wp-content\/uploads\/2021\/12\/o_102496_1024.png","width":1024,"height":634},{"@type":"BreadcrumbList","@id":"https:\/\/radioljubuski.ba\/index.php\/2021\/12\/03\/izetbegovic-komsic-je-legitimno-izabran-covic-nije-stao-uz-patriote-smanjio-si-je-sanse-za-dogovor\/#breadcrumb","itemListElement":[{"@type":"ListItem","position":1,"name":"Po\u010detna stranica","item":"https:\/\/radioljubuski.ba\/"},{"@type":"ListItem","position":2,"name":"Izetbegovi\u0107: Kom\u0161i\u0107 je legitimno izabran, \u010covi\u0107 nije stao uz patriote, smanjio si je \u0161anse za dogovor"}]},{"@type":"WebSite","@id":"https:\/\/radioljubuski.ba\/#website","url":"https:\/\/radioljubuski.ba\/","name":"Radio Ljubu\u0161ki","description":"Sun\u010dana frekvencija Hercegovine","publisher":{"@id":"https:\/\/radioljubuski.ba\/#organization"},"potentialAction":[{"@type":"SearchAction","target":{"@type":"EntryPoint","urlTemplate":"https:\/\/radioljubuski.ba\/?s={search_term_string}"},"query-input":{"@type":"PropertyValueSpecification","valueRequired":true,"valueName":"search_term_string"}}],"inLanguage":"hr"},{"@type":"Organization","@id":"https:\/\/radioljubuski.ba\/#organization","name":"Radio Ljubu\u0161ki","url":"https:\/\/radioljubuski.ba\/","logo":{"@type":"ImageObject","inLanguage":"hr","@id":"https:\/\/radioljubuski.ba\/#\/schema\/logo\/image\/","url":"https:\/\/radioljubuski.ba\/wp-content\/uploads\/2021\/02\/cropped-Radio_Ljubuski_logo1.jpg","contentUrl":"https:\/\/radioljubuski.ba\/wp-content\/uploads\/2021\/02\/cropped-Radio_Ljubuski_logo1.jpg","width":512,"height":512,"caption":"Radio Ljubu\u0161ki"},"image":{"@id":"https:\/\/radioljubuski.ba\/#\/schema\/logo\/image\/"},"sameAs":["https:\/\/www.facebook.com\/Radiio-Ljubuski-1490835324566332","https:\/\/x.com\/radioljubuski","https:\/\/hr.linkedin.com\/company\/radio-ljubuski","https:\/\/www.youtube.com\/channel\/UCHYaeO_n0Db3tjNGudGpXyw"]},{"@type":"Person","@id":"https:\/\/radioljubuski.ba\/#\/schema\/person\/19fc700381a780f69665d7956c469e3b","name":"Radio Ljubu\u0161ki"}]}},"_links":{"self":[{"href":"https:\/\/radioljubuski.ba\/index.php\/wp-json\/wp\/v2\/posts\/95377","targetHints":{"allow":["GET"]}}],"collection":[{"href":"https:\/\/radioljubuski.ba\/index.php\/wp-json\/wp\/v2\/posts"}],"about":[{"href":"https:\/\/radioljubuski.ba\/index.php\/wp-json\/wp\/v2\/types\/post"}],"author":[{"embeddable":true,"href":"https:\/\/radioljubuski.ba\/index.php\/wp-json\/wp\/v2\/users\/2"}],"replies":[{"embeddable":true,"href":"https:\/\/radioljubuski.ba\/index.php\/wp-json\/wp\/v2\/comments?post=95377"}],"version-history":[{"count":1,"href":"https:\/\/radioljubuski.ba\/index.php\/wp-json\/wp\/v2\/posts\/95377\/revisions"}],"predecessor-version":[{"id":95379,"href":"https:\/\/radioljubuski.ba\/index.php\/wp-json\/wp\/v2\/posts\/95377\/revisions\/95379"}],"wp:featuredmedia":[{"embeddable":true,"href":"https:\/\/radioljubuski.ba\/index.php\/wp-json\/wp\/v2\/media\/95378"}],"wp:attachment":[{"href":"https:\/\/radioljubuski.ba\/index.php\/wp-json\/wp\/v2\/media?parent=95377"}],"wp:term":[{"taxonomy":"category","embeddable":true,"href":"https:\/\/radioljubuski.ba\/index.php\/wp-json\/wp\/v2\/categories?post=95377"},{"taxonomy":"post_tag","embeddable":true,"href":"https:\/\/radioljubuski.ba\/index.php\/wp-json\/wp\/v2\/tags?post=95377"}],"curies":[{"name":"wp","href":"https:\/\/api.w.org\/{rel}","templated":true}]}}