{"id":95380,"date":"2021-12-03T15:39:43","date_gmt":"2021-12-03T14:39:43","guid":{"rendered":"https:\/\/radioljubuski.ba\/?p=95380"},"modified":"2021-12-03T15:39:44","modified_gmt":"2021-12-03T14:39:44","slug":"herceg-ustrajavamo-u-financijskoj-potpori-mladima","status":"publish","type":"post","link":"https:\/\/radioljubuski.ba\/index.php\/2021\/12\/03\/herceg-ustrajavamo-u-financijskoj-potpori-mladima\/","title":{"rendered":"Herceg: Ustrajavamo u financijskoj potpori mladima"},"content":{"rendered":"\n<p><strong>Predsjednik Vlade Hercegova\u010dko-neretvanske \u017eupanije (HN\u017d) dr. Nevenko Herceg, govore\u0107i o Javnom pozivu za pomo\u0107 mladim znanstvenicima i istra\u017eiva\u010dima s podru\u010dja te \u017eupanije, izrazio je zadovoljstvo \u0161to \u017eupanijska Vlada na ovaj na\u010din ula\u017ee u bolju budu\u0107nost.<\/strong><\/p>\n\n\n\n<p>\u2013 Ponosan sam \u0161to je realizirana inicijativa te je Vlada Hercegova\u010dko-neretvanske \u017eupanije, prvi put, osigurala 500.000 maraka prora\u010dunskih sredstava za izravnu potporu na\u0161im mladim znanstvenicima koji su, na\u017ealost, u osobito podcijenjenom i slo\u017eenom polo\u017eaju u cjelokupnom sustavu obrazovanja \u2013 kazao je predsjednik Herceg u izjavi za Fenu.<\/p>\n\n\n\n<p>Dodao je kako \u017eeli vjerovati da \u0107e se ovim aktivnostima uspostaviti standard izravnoga ulaganja u bolju budu\u0107nost koji \u0107e slijediti druge \u017eupanije i ostale razine vlasti.<\/p>\n\n\n\n<p>\u2013 Upravo smo objavili Javni poziv na koji se mladi znanstvenici \u2013 istra\u017eiva\u010di mogu prijaviti. Tako\u0111er, stalno pozicioniraju\u0107i mlade u vrh prioriteta \u017eupanijske vlade, nastavljamo stipendirati na\u0161e studente i subvencionirati njihov smje\u0161taj u studentske domove \u2013 kazao je predsjednik Vlade HN\u017d-a.<\/p>\n\n\n\n<p>Navodi kako trenuta\u010dno imaju vi\u0161e od 2.600 stipendista, ali i kako \u0107e u\u010diniti sve da stipendiraju svakog studenta koji se prijavi na upravo raspisani natje\u010daj i ispuni tra\u017eene uvjete, unato\u010d tomu \u0161to, kako ka\u017ee, takva aktivnost iziskuje zna\u010dajna financijska sredstva.<\/p>\n\n\n\n<p>Podsjetio je i na dugogodi\u0161nji projekt zapo\u0161ljavanja vje\u017ebenika koji se nastavlja i ove godine.<\/p>\n\n\n\n<p>\u2013 Uskoro \u0107emo okon\u010dati procedure vezane za prijem 100 mladih visokoobrazovanih osoba iz HN\u017d-a koji \u0107e jednogodi\u0161nje radno iskustvo stjecati u \u017eupanijskim institucijama, s kojima dose\u017eemo brojku od ukupno 800 mladih koliko smo ih u ovom sazivu pomogli, na \u0161to sam iznimno ponosan \u2013 istaknuo je.<\/p>\n\n\n\n<p>Predsjednik Vlade HN\u017d-a nagla\u0161ava kako ovakve projekte trebaju slijediti sve razine vlasti, pa i jedinice lokalne samouprave, odnosno uklju\u010diti se u procese, planirati namjenska sredstva i time pomo\u0107i zadr\u017eavanju mladih sposobnih ljudi na ovim prostorima.<\/p>\n\n\n\n<p>\u2013 Samo na taj na\u010din mo\u017eemo osna\u017eiti i poticati razvoj na\u0161e sredine i osigurati na\u0161em dru\u0161tvu boljitak u budu\u0107nosti \u2013 zaklju\u010dio je u izjavi za Fenu predsjednik Vlade Hercegova\u010dko-neretvanske \u017eupanije dr. Nevenko Herceg.<\/p>\n\n\n\n<p>\/HMS\/<\/p>\n","protected":false},"excerpt":{"rendered":"<p>Predsjednik Vlade Hercegova\u010dko-neretvanske \u017eupanije (HN\u017d) dr. Nevenko Herceg, govore\u0107i o Javnom pozivu za pomo\u0107 mladim znanstvenicima i istra\u017eiva\u010dima s podru\u010dja te \u017eupanije, izrazio je zadovoljstvo \u0161to \u017eupanijska Vlada na ovaj na\u010din ula\u017ee u bolju budu\u0107nost. \u2013 Ponosan sam \u0161to je realizirana inicijativa te je Vlada Hercegova\u010dko-neretvanske \u017eupanije, prvi put, osigurala 500.000 maraka prora\u010dunskih sredstava za [&hellip;]<\/p>\n","protected":false},"author":2,"featured_media":95381,"comment_status":"closed","ping_status":"closed","sticky":false,"template":"","format":"standard","meta":{"h5ap_radio_sources":[],"footnotes":""},"categories":[1],"tags":[],"class_list":["post-95380","post","type-post","status-publish","format-standard","has-post-thumbnail","hentry","category-bihiregija"],"yoast_head":"<!-- This site is optimized with the Yoast SEO plugin v27.4 - https:\/\/yoast.com\/product\/yoast-seo-wordpress\/ -->\n<title>Herceg: Ustrajavamo u financijskoj potpori mladima - RADIO LJUBU\u0160KI<\/title>\n<meta name=\"robots\" content=\"index, follow, max-snippet:-1, max-image-preview:large, max-video-preview:-1\" \/>\n<link rel=\"canonical\" href=\"https:\/\/radioljubuski.ba\/index.php\/2021\/12\/03\/herceg-ustrajavamo-u-financijskoj-potpori-mladima\/\" \/>\n<meta property=\"og:locale\" content=\"hr_HR\" \/>\n<meta property=\"og:type\" content=\"article\" \/>\n<meta property=\"og:title\" content=\"Herceg: Ustrajavamo u financijskoj potpori mladima - RADIO LJUBU\u0160KI\" \/>\n<meta property=\"og:description\" content=\"Predsjednik Vlade Hercegova\u010dko-neretvanske \u017eupanije (HN\u017d) dr. Nevenko Herceg, govore\u0107i o Javnom pozivu za pomo\u0107 mladim znanstvenicima i istra\u017eiva\u010dima s podru\u010dja te \u017eupanije, izrazio je zadovoljstvo \u0161to \u017eupanijska Vlada na ovaj na\u010din ula\u017ee u bolju budu\u0107nost. \u2013 Ponosan sam \u0161to je realizirana inicijativa te je Vlada Hercegova\u010dko-neretvanske \u017eupanije, prvi put, osigurala 500.000 maraka prora\u010dunskih sredstava za [&hellip;]\" \/>\n<meta property=\"og:url\" content=\"https:\/\/radioljubuski.ba\/index.php\/2021\/12\/03\/herceg-ustrajavamo-u-financijskoj-potpori-mladima\/\" \/>\n<meta property=\"og:site_name\" content=\"RADIO LJUBU\u0160KI\" \/>\n<meta property=\"article:publisher\" content=\"https:\/\/www.facebook.com\/Radiio-Ljubuski-1490835324566332\" \/>\n<meta property=\"article:published_time\" content=\"2021-12-03T14:39:43+00:00\" \/>\n<meta property=\"article:modified_time\" content=\"2021-12-03T14:39:44+00:00\" \/>\n<meta property=\"og:image\" content=\"https:\/\/radioljubuski.ba\/wp-content\/uploads\/2021\/12\/Nevenko_herceg.jpg\" \/>\n\t<meta property=\"og:image:width\" content=\"750\" \/>\n\t<meta property=\"og:image:height\" content=\"450\" \/>\n\t<meta property=\"og:image:type\" content=\"image\/jpeg\" \/>\n<meta name=\"author\" content=\"Radio Ljubu\u0161ki\" \/>\n<meta name=\"twitter:card\" content=\"summary_large_image\" \/>\n<meta name=\"twitter:creator\" content=\"@radioljubuski\" \/>\n<meta name=\"twitter:site\" content=\"@radioljubuski\" \/>\n<meta name=\"twitter:label1\" content=\"Napisao\/la\" \/>\n\t<meta name=\"twitter:data1\" content=\"Radio Ljubu\u0161ki\" \/>\n\t<meta name=\"twitter:label2\" content=\"Procijenjeno vrijeme \u010ditanja\" \/>\n\t<meta name=\"twitter:data2\" content=\"2 minute\" \/>\n<script type=\"application\/ld+json\" class=\"yoast-schema-graph\">{\"@context\":\"https:\\\/\\\/schema.org\",\"@graph\":[{\"@type\":\"Article\",\"@id\":\"https:\\\/\\\/radioljubuski.ba\\\/index.php\\\/2021\\\/12\\\/03\\\/herceg-ustrajavamo-u-financijskoj-potpori-mladima\\\/#article\",\"isPartOf\":{\"@id\":\"https:\\\/\\\/radioljubuski.ba\\\/index.php\\\/2021\\\/12\\\/03\\\/herceg-ustrajavamo-u-financijskoj-potpori-mladima\\\/\"},\"author\":{\"name\":\"Radio Ljubu\u0161ki\",\"@id\":\"https:\\\/\\\/radioljubuski.ba\\\/#\\\/schema\\\/person\\\/19fc700381a780f69665d7956c469e3b\"},\"headline\":\"Herceg: Ustrajavamo u financijskoj potpori mladima\",\"datePublished\":\"2021-12-03T14:39:43+00:00\",\"dateModified\":\"2021-12-03T14:39:44+00:00\",\"mainEntityOfPage\":{\"@id\":\"https:\\\/\\\/radioljubuski.ba\\\/index.php\\\/2021\\\/12\\\/03\\\/herceg-ustrajavamo-u-financijskoj-potpori-mladima\\\/\"},\"wordCount\":361,\"publisher\":{\"@id\":\"https:\\\/\\\/radioljubuski.ba\\\/#organization\"},\"image\":{\"@id\":\"https:\\\/\\\/radioljubuski.ba\\\/index.php\\\/2021\\\/12\\\/03\\\/herceg-ustrajavamo-u-financijskoj-potpori-mladima\\\/#primaryimage\"},\"thumbnailUrl\":\"https:\\\/\\\/radioljubuski.ba\\\/wp-content\\\/uploads\\\/2021\\\/12\\\/Nevenko_herceg.jpg\",\"articleSection\":[\"BIH i regija\"],\"inLanguage\":\"hr\"},{\"@type\":\"WebPage\",\"@id\":\"https:\\\/\\\/radioljubuski.ba\\\/index.php\\\/2021\\\/12\\\/03\\\/herceg-ustrajavamo-u-financijskoj-potpori-mladima\\\/\",\"url\":\"https:\\\/\\\/radioljubuski.ba\\\/index.php\\\/2021\\\/12\\\/03\\\/herceg-ustrajavamo-u-financijskoj-potpori-mladima\\\/\",\"name\":\"Herceg: Ustrajavamo u financijskoj potpori mladima - RADIO LJUBU\u0160KI\",\"isPartOf\":{\"@id\":\"https:\\\/\\\/radioljubuski.ba\\\/#website\"},\"primaryImageOfPage\":{\"@id\":\"https:\\\/\\\/radioljubuski.ba\\\/index.php\\\/2021\\\/12\\\/03\\\/herceg-ustrajavamo-u-financijskoj-potpori-mladima\\\/#primaryimage\"},\"image\":{\"@id\":\"https:\\\/\\\/radioljubuski.ba\\\/index.php\\\/2021\\\/12\\\/03\\\/herceg-ustrajavamo-u-financijskoj-potpori-mladima\\\/#primaryimage\"},\"thumbnailUrl\":\"https:\\\/\\\/radioljubuski.ba\\\/wp-content\\\/uploads\\\/2021\\\/12\\\/Nevenko_herceg.jpg\",\"datePublished\":\"2021-12-03T14:39:43+00:00\",\"dateModified\":\"2021-12-03T14:39:44+00:00\",\"breadcrumb\":{\"@id\":\"https:\\\/\\\/radioljubuski.ba\\\/index.php\\\/2021\\\/12\\\/03\\\/herceg-ustrajavamo-u-financijskoj-potpori-mladima\\\/#breadcrumb\"},\"inLanguage\":\"hr\",\"potentialAction\":[{\"@type\":\"ReadAction\",\"target\":[\"https:\\\/\\\/radioljubuski.ba\\\/index.php\\\/2021\\\/12\\\/03\\\/herceg-ustrajavamo-u-financijskoj-potpori-mladima\\\/\"]}]},{\"@type\":\"ImageObject\",\"inLanguage\":\"hr\",\"@id\":\"https:\\\/\\\/radioljubuski.ba\\\/index.php\\\/2021\\\/12\\\/03\\\/herceg-ustrajavamo-u-financijskoj-potpori-mladima\\\/#primaryimage\",\"url\":\"https:\\\/\\\/radioljubuski.ba\\\/wp-content\\\/uploads\\\/2021\\\/12\\\/Nevenko_herceg.jpg\",\"contentUrl\":\"https:\\\/\\\/radioljubuski.ba\\\/wp-content\\\/uploads\\\/2021\\\/12\\\/Nevenko_herceg.jpg\",\"width\":750,\"height\":450},{\"@type\":\"BreadcrumbList\",\"@id\":\"https:\\\/\\\/radioljubuski.ba\\\/index.php\\\/2021\\\/12\\\/03\\\/herceg-ustrajavamo-u-financijskoj-potpori-mladima\\\/#breadcrumb\",\"itemListElement\":[{\"@type\":\"ListItem\",\"position\":1,\"name\":\"Po\u010detna stranica\",\"item\":\"https:\\\/\\\/radioljubuski.ba\\\/\"},{\"@type\":\"ListItem\",\"position\":2,\"name\":\"Herceg: Ustrajavamo u financijskoj potpori mladima\"}]},{\"@type\":\"WebSite\",\"@id\":\"https:\\\/\\\/radioljubuski.ba\\\/#website\",\"url\":\"https:\\\/\\\/radioljubuski.ba\\\/\",\"name\":\"Radio Ljubu\u0161ki\",\"description\":\"Sun\u010dana frekvencija Hercegovine\",\"publisher\":{\"@id\":\"https:\\\/\\\/radioljubuski.ba\\\/#organization\"},\"potentialAction\":[{\"@type\":\"SearchAction\",\"target\":{\"@type\":\"EntryPoint\",\"urlTemplate\":\"https:\\\/\\\/radioljubuski.ba\\\/?s={search_term_string}\"},\"query-input\":{\"@type\":\"PropertyValueSpecification\",\"valueRequired\":true,\"valueName\":\"search_term_string\"}}],\"inLanguage\":\"hr\"},{\"@type\":\"Organization\",\"@id\":\"https:\\\/\\\/radioljubuski.ba\\\/#organization\",\"name\":\"Radio Ljubu\u0161ki\",\"url\":\"https:\\\/\\\/radioljubuski.ba\\\/\",\"logo\":{\"@type\":\"ImageObject\",\"inLanguage\":\"hr\",\"@id\":\"https:\\\/\\\/radioljubuski.ba\\\/#\\\/schema\\\/logo\\\/image\\\/\",\"url\":\"https:\\\/\\\/radioljubuski.ba\\\/wp-content\\\/uploads\\\/2021\\\/02\\\/cropped-Radio_Ljubuski_logo1.jpg\",\"contentUrl\":\"https:\\\/\\\/radioljubuski.ba\\\/wp-content\\\/uploads\\\/2021\\\/02\\\/cropped-Radio_Ljubuski_logo1.jpg\",\"width\":512,\"height\":512,\"caption\":\"Radio Ljubu\u0161ki\"},\"image\":{\"@id\":\"https:\\\/\\\/radioljubuski.ba\\\/#\\\/schema\\\/logo\\\/image\\\/\"},\"sameAs\":[\"https:\\\/\\\/www.facebook.com\\\/Radiio-Ljubuski-1490835324566332\",\"https:\\\/\\\/x.com\\\/radioljubuski\",\"https:\\\/\\\/hr.linkedin.com\\\/company\\\/radio-ljubuski\",\"https:\\\/\\\/www.youtube.com\\\/channel\\\/UCHYaeO_n0Db3tjNGudGpXyw\"]},{\"@type\":\"Person\",\"@id\":\"https:\\\/\\\/radioljubuski.ba\\\/#\\\/schema\\\/person\\\/19fc700381a780f69665d7956c469e3b\",\"name\":\"Radio Ljubu\u0161ki\"}]}<\/script>\n<!-- \/ Yoast SEO plugin. -->","yoast_head_json":{"title":"Herceg: Ustrajavamo u financijskoj potpori mladima - RADIO LJUBU\u0160KI","robots":{"index":"index","follow":"follow","max-snippet":"max-snippet:-1","max-image-preview":"max-image-preview:large","max-video-preview":"max-video-preview:-1"},"canonical":"https:\/\/radioljubuski.ba\/index.php\/2021\/12\/03\/herceg-ustrajavamo-u-financijskoj-potpori-mladima\/","og_locale":"hr_HR","og_type":"article","og_title":"Herceg: Ustrajavamo u financijskoj potpori mladima - RADIO LJUBU\u0160KI","og_description":"Predsjednik Vlade Hercegova\u010dko-neretvanske \u017eupanije (HN\u017d) dr. Nevenko Herceg, govore\u0107i o Javnom pozivu za pomo\u0107 mladim znanstvenicima i istra\u017eiva\u010dima s podru\u010dja te \u017eupanije, izrazio je zadovoljstvo \u0161to \u017eupanijska Vlada na ovaj na\u010din ula\u017ee u bolju budu\u0107nost. \u2013 Ponosan sam \u0161to je realizirana inicijativa te je Vlada Hercegova\u010dko-neretvanske \u017eupanije, prvi put, osigurala 500.000 maraka prora\u010dunskih sredstava za [&hellip;]","og_url":"https:\/\/radioljubuski.ba\/index.php\/2021\/12\/03\/herceg-ustrajavamo-u-financijskoj-potpori-mladima\/","og_site_name":"RADIO LJUBU\u0160KI","article_publisher":"https:\/\/www.facebook.com\/Radiio-Ljubuski-1490835324566332","article_published_time":"2021-12-03T14:39:43+00:00","article_modified_time":"2021-12-03T14:39:44+00:00","og_image":[{"width":750,"height":450,"url":"https:\/\/radioljubuski.ba\/wp-content\/uploads\/2021\/12\/Nevenko_herceg.jpg","type":"image\/jpeg"}],"author":"Radio Ljubu\u0161ki","twitter_card":"summary_large_image","twitter_creator":"@radioljubuski","twitter_site":"@radioljubuski","twitter_misc":{"Napisao\/la":"Radio Ljubu\u0161ki","Procijenjeno vrijeme \u010ditanja":"2 minute"},"schema":{"@context":"https:\/\/schema.org","@graph":[{"@type":"Article","@id":"https:\/\/radioljubuski.ba\/index.php\/2021\/12\/03\/herceg-ustrajavamo-u-financijskoj-potpori-mladima\/#article","isPartOf":{"@id":"https:\/\/radioljubuski.ba\/index.php\/2021\/12\/03\/herceg-ustrajavamo-u-financijskoj-potpori-mladima\/"},"author":{"name":"Radio Ljubu\u0161ki","@id":"https:\/\/radioljubuski.ba\/#\/schema\/person\/19fc700381a780f69665d7956c469e3b"},"headline":"Herceg: Ustrajavamo u financijskoj potpori mladima","datePublished":"2021-12-03T14:39:43+00:00","dateModified":"2021-12-03T14:39:44+00:00","mainEntityOfPage":{"@id":"https:\/\/radioljubuski.ba\/index.php\/2021\/12\/03\/herceg-ustrajavamo-u-financijskoj-potpori-mladima\/"},"wordCount":361,"publisher":{"@id":"https:\/\/radioljubuski.ba\/#organization"},"image":{"@id":"https:\/\/radioljubuski.ba\/index.php\/2021\/12\/03\/herceg-ustrajavamo-u-financijskoj-potpori-mladima\/#primaryimage"},"thumbnailUrl":"https:\/\/radioljubuski.ba\/wp-content\/uploads\/2021\/12\/Nevenko_herceg.jpg","articleSection":["BIH i regija"],"inLanguage":"hr"},{"@type":"WebPage","@id":"https:\/\/radioljubuski.ba\/index.php\/2021\/12\/03\/herceg-ustrajavamo-u-financijskoj-potpori-mladima\/","url":"https:\/\/radioljubuski.ba\/index.php\/2021\/12\/03\/herceg-ustrajavamo-u-financijskoj-potpori-mladima\/","name":"Herceg: Ustrajavamo u financijskoj potpori mladima - RADIO LJUBU\u0160KI","isPartOf":{"@id":"https:\/\/radioljubuski.ba\/#website"},"primaryImageOfPage":{"@id":"https:\/\/radioljubuski.ba\/index.php\/2021\/12\/03\/herceg-ustrajavamo-u-financijskoj-potpori-mladima\/#primaryimage"},"image":{"@id":"https:\/\/radioljubuski.ba\/index.php\/2021\/12\/03\/herceg-ustrajavamo-u-financijskoj-potpori-mladima\/#primaryimage"},"thumbnailUrl":"https:\/\/radioljubuski.ba\/wp-content\/uploads\/2021\/12\/Nevenko_herceg.jpg","datePublished":"2021-12-03T14:39:43+00:00","dateModified":"2021-12-03T14:39:44+00:00","breadcrumb":{"@id":"https:\/\/radioljubuski.ba\/index.php\/2021\/12\/03\/herceg-ustrajavamo-u-financijskoj-potpori-mladima\/#breadcrumb"},"inLanguage":"hr","potentialAction":[{"@type":"ReadAction","target":["https:\/\/radioljubuski.ba\/index.php\/2021\/12\/03\/herceg-ustrajavamo-u-financijskoj-potpori-mladima\/"]}]},{"@type":"ImageObject","inLanguage":"hr","@id":"https:\/\/radioljubuski.ba\/index.php\/2021\/12\/03\/herceg-ustrajavamo-u-financijskoj-potpori-mladima\/#primaryimage","url":"https:\/\/radioljubuski.ba\/wp-content\/uploads\/2021\/12\/Nevenko_herceg.jpg","contentUrl":"https:\/\/radioljubuski.ba\/wp-content\/uploads\/2021\/12\/Nevenko_herceg.jpg","width":750,"height":450},{"@type":"BreadcrumbList","@id":"https:\/\/radioljubuski.ba\/index.php\/2021\/12\/03\/herceg-ustrajavamo-u-financijskoj-potpori-mladima\/#breadcrumb","itemListElement":[{"@type":"ListItem","position":1,"name":"Po\u010detna stranica","item":"https:\/\/radioljubuski.ba\/"},{"@type":"ListItem","position":2,"name":"Herceg: Ustrajavamo u financijskoj potpori mladima"}]},{"@type":"WebSite","@id":"https:\/\/radioljubuski.ba\/#website","url":"https:\/\/radioljubuski.ba\/","name":"Radio Ljubu\u0161ki","description":"Sun\u010dana frekvencija Hercegovine","publisher":{"@id":"https:\/\/radioljubuski.ba\/#organization"},"potentialAction":[{"@type":"SearchAction","target":{"@type":"EntryPoint","urlTemplate":"https:\/\/radioljubuski.ba\/?s={search_term_string}"},"query-input":{"@type":"PropertyValueSpecification","valueRequired":true,"valueName":"search_term_string"}}],"inLanguage":"hr"},{"@type":"Organization","@id":"https:\/\/radioljubuski.ba\/#organization","name":"Radio Ljubu\u0161ki","url":"https:\/\/radioljubuski.ba\/","logo":{"@type":"ImageObject","inLanguage":"hr","@id":"https:\/\/radioljubuski.ba\/#\/schema\/logo\/image\/","url":"https:\/\/radioljubuski.ba\/wp-content\/uploads\/2021\/02\/cropped-Radio_Ljubuski_logo1.jpg","contentUrl":"https:\/\/radioljubuski.ba\/wp-content\/uploads\/2021\/02\/cropped-Radio_Ljubuski_logo1.jpg","width":512,"height":512,"caption":"Radio Ljubu\u0161ki"},"image":{"@id":"https:\/\/radioljubuski.ba\/#\/schema\/logo\/image\/"},"sameAs":["https:\/\/www.facebook.com\/Radiio-Ljubuski-1490835324566332","https:\/\/x.com\/radioljubuski","https:\/\/hr.linkedin.com\/company\/radio-ljubuski","https:\/\/www.youtube.com\/channel\/UCHYaeO_n0Db3tjNGudGpXyw"]},{"@type":"Person","@id":"https:\/\/radioljubuski.ba\/#\/schema\/person\/19fc700381a780f69665d7956c469e3b","name":"Radio Ljubu\u0161ki"}]}},"_links":{"self":[{"href":"https:\/\/radioljubuski.ba\/index.php\/wp-json\/wp\/v2\/posts\/95380","targetHints":{"allow":["GET"]}}],"collection":[{"href":"https:\/\/radioljubuski.ba\/index.php\/wp-json\/wp\/v2\/posts"}],"about":[{"href":"https:\/\/radioljubuski.ba\/index.php\/wp-json\/wp\/v2\/types\/post"}],"author":[{"embeddable":true,"href":"https:\/\/radioljubuski.ba\/index.php\/wp-json\/wp\/v2\/users\/2"}],"replies":[{"embeddable":true,"href":"https:\/\/radioljubuski.ba\/index.php\/wp-json\/wp\/v2\/comments?post=95380"}],"version-history":[{"count":1,"href":"https:\/\/radioljubuski.ba\/index.php\/wp-json\/wp\/v2\/posts\/95380\/revisions"}],"predecessor-version":[{"id":95382,"href":"https:\/\/radioljubuski.ba\/index.php\/wp-json\/wp\/v2\/posts\/95380\/revisions\/95382"}],"wp:featuredmedia":[{"embeddable":true,"href":"https:\/\/radioljubuski.ba\/index.php\/wp-json\/wp\/v2\/media\/95381"}],"wp:attachment":[{"href":"https:\/\/radioljubuski.ba\/index.php\/wp-json\/wp\/v2\/media?parent=95380"}],"wp:term":[{"taxonomy":"category","embeddable":true,"href":"https:\/\/radioljubuski.ba\/index.php\/wp-json\/wp\/v2\/categories?post=95380"},{"taxonomy":"post_tag","embeddable":true,"href":"https:\/\/radioljubuski.ba\/index.php\/wp-json\/wp\/v2\/tags?post=95380"}],"curies":[{"name":"wp","href":"https:\/\/api.w.org\/{rel}","templated":true}]}}