{"id":95383,"date":"2021-12-03T15:42:31","date_gmt":"2021-12-03T14:42:31","guid":{"rendered":"https:\/\/radioljubuski.ba\/?p=95383"},"modified":"2021-12-03T15:43:42","modified_gmt":"2021-12-03T14:43:42","slug":"covic-ohrabrujuce-je-da-vecina-bosnjackih-politicara-ima-stav-da-hrvatima-ne-treba-netko-drugi-birati-predstavnike","status":"publish","type":"post","link":"https:\/\/radioljubuski.ba\/index.php\/2021\/12\/03\/covic-ohrabrujuce-je-da-vecina-bosnjackih-politicara-ima-stav-da-hrvatima-ne-treba-netko-drugi-birati-predstavnike\/","title":{"rendered":"\u010covi\u0107: Ohrabruju\u0107e je da ve\u0107ina bo\u0161nja\u010dkih politi\u010dara ima stav da Hrvatima ne treba netko drugi birati predstavnike"},"content":{"rendered":"\n<p><strong>O\u010dekivao sam da \u0107emo s dana\u0161njim danom usuglasiti klju\u010dne modele koje smo postavili sebi u zadatak, a to je primarno bilo Predsjedni\u0161tvo i Dom naroda dogovoriti, puno toga je bilo na stolu i maloprije. Ali, ni\u0161ta, realno treba kazati, nismo usuglasili. Kazao je ovo danas Dragan \u010covi\u0107, nakon sastanka u Izaslanstvu EU s Matthew Palmerom i Angelinom Eichorst.<\/strong><\/p>\n\n\n\n<p>\u2013 Postoji nekakva mogu\u0107nost da za 10-tak ili 15 dana ukoliko bude napretka u na\u0161im razgovorima ovdje, koje \u0107e predvoditi gospodin Nelson i Sattler, nastavimo jo\u0161 jednu rundu razgovora. \u0160to se ti\u010de HDZ-a, da ne prepri\u010davam \u0161to smo dogovarali, rekli smo da ima smisla razgovarati u neizbornoj godini jer nije jo\u0161 mnogo ostalo, tako da mislim da to poslije ne\u0107e vi\u0161e imati smisla. Na\u0161 stav je vrlo jasan. Hrvatski narod mora imati svoje predstavnike tamo gdje je Ustav to definirao, to su domovi naroda i Predsjedni\u0161tvo BiH. Mislim da su ju\u010der ve\u0107ina predstavnika i bo\u0161nja\u010dkih stranaka kazala u tom duhu da nije dobro da netko drugi Hrvatima bira predstavnike, \u0161to je bilo ohrabruju\u0107e \u2013 kazao je \u010covi\u0107.<\/p>\n\n\n\n<p><strong>Federalizam nema nikakve alternative<\/strong><\/p>\n\n\n\n<p>Ali, ka\u017ee \u010covi\u0107, kada to treba definirati tako, onda je tu puno upitnika oko toga.<\/p>\n\n\n\n<p>\u2013 Legitimno predstavljanje konstitutivnih naroda nema alternativu za mene, odnosno za ovaj na\u0161 pregovara\u010dki tim. To je dio sporazuma koji smo potpisali u Mostaru i upravo na na\u010delima, kako smo pisali dogovore oko Statuta Mostara i definirali poziciju konstitutivnih naroda, mislim da to treba definirati na nivou Federacije kao takve. Naravno, na\u0161li smo rje\u0161enja i ponudili smo vrlo jasna rje\u0161enja kada su u pitanju presuda Suda u Strasbourgu i Ustavnog suda BiH. Uz predznak koji vrlo jasno definira odre\u0111ene odrednice u Ustavu BiH, a to su nazivi konstitutivnih naroda ve\u017eemo i dodatak da uz to ide i predstavnik onih koji se ne izja\u0161njavaju kao predstavnici konstitutivnih narod, prenio je Avaz.<\/p>\n\n\n\n<p>Primjera radi, na listi za Predsjedni\u0161tvo iz FBiH gdje \u0107e biti hrvatski \u010dlan Predsjedni\u0161tva do sada je pisalo \u201chrvatski \u010clan Predsjedni\u0161tva\u201d pa ste imali imena, mi predla\u017eemo da bude \u201chrvatski \u010dlan predsjedni\u0161tva i onih koji se ne izja\u0161njavaju kao predstavnici konstitutivnih naroda\u201d. Na isti na\u010din bo\u0161nja\u010dka i srpska lista \u2013 kazao je \u010covi\u0107.<\/p>\n\n\n\n<p>Otvorili smo vrata da svi mogu biti birani i kandidirani, ka\u017ee predsjednik HDZ-a.<\/p>\n\n\n\n<p>\u2013 Kada je u pitanju Dom naroda FBiH tu nismo imali ve\u0107ih problema, nije se doticalo etni\u010dkog naziva pojedinog kluba, tako da nije problem da u FBiH imate Hrvatski klub, njih 17. Mi tra\u017eimo da budu samo legitimno izabrani. A predlo\u017eili smo da po modelu natpolovi\u010dnom veli\u010dinom istog kluba se bira klub na nivou BiH gdje \u0107e minimalno biti \u010detiri predstavnika u ovom slu\u010daju Hrvata, \u0161to zna\u010di da postoji mogu\u0107nost da se bira i onaj koji nije predstavnik konstitutivnih naroda, a da jo\u0161 jednim dodatkom u Ustavu jam\u010dimo da na razini BiH od 15 predstavnika u Domu naroda, minimalno jedan mora biti onaj koji se ne izja\u0161njava kao pripadnik konstitutivnih naroda. Potpuno smo ugradili i mogu\u0107nost kandidiranja i izbora kao \u0161to je i u Mostaru minimalno jedan.<\/p>\n\n\n\n<p>Osobno mislim da federalizam nema nikakve alternative, tako da neka ma\u0161tanja o gra\u0111anskom konceptu, o kojem smo prije govorili, nisu bili ovdje tema.<\/p>\n\n\n\n<p>Ono \u0161to mislim da je naredni korak da osim modela pri\u010damo paralelno, i za to \u0107e postojati radna tijela, kako neke stvari u Federaciji unaprijediti i s tim smo apsolutno suglasni i na\u0161i ljudi \u0107e oko toga raditi narednih dana. Isto tako oko integriteta izbornog procesa. To vam zna\u010di otprilike tehni\u010dke izmjene, a nisu one samo tehni\u010dke. Pravi izraz je upravo integritet izbornog procesa gdje smo kazali da sve ono \u0161to treba da osiguramo na pravi na\u010din transparentan izborni proces, od Sredi\u0161njeg izbornog povjerenstva koje mora biti izabrano po zakonu pa do bira\u010dkih odbora, nadzora nad time, financiranje kampanje, po\u0161tivanje odre\u0111enih odrednica same kampanje koje \u0107e sukladno zakonu raditi, moraju biti ugra\u0111eni u te elemente izbornog zakona \u2013 isti\u010de \u010covi\u0107.<\/p>\n\n\n\n<p>Predsjednik HDZ-a je rekao da paket Izbornog zakona mora sadr\u017eavati modele za Dom naroda i Predsjedni\u0161tvo, jednako tako i tehni\u010dke izmjene.<\/p>\n\n\n\n<p>\u2013 Jedna od ideja, po meni dobra ideja, bila je da se oko Predsjedni\u0161tva i Doma naroda sve izmjene ugrade u Ustav, tako da ih ne treba dodatno razra\u0111ivati, da Izborni zakon ostane za ove druge elemente \u2013 ka\u017ee \u010covi\u0107.<\/p>\n\n\n\n<p>Na pitanje novinara, ho\u0107e li biti mogu\u0107e to sve realizirati do raspisivanja Op\u0107ih izbora 2022. \u010covi\u0107 je rekao:<\/p>\n\n\n\n<p>\u2013 Ako to nismo u stanju dogovoriti izme\u0111u svih nas ovdje u dvanaestom mjesecu, bojim se da se nikada ne\u0107emo dogovoriti. Mi smo to u stanju uraditi za pet dana ako \u017eelimo sjesti za stol. Ju\u010der kad su bile sve druge stranke, ili ve\u0107ina stranaka i njihovih predstavnika iz Federacije, i na taj na\u010din se razmi\u0161ljalo, ja osobno mislim da je toliko malo ostalo, ako se zaista \u017eeli. Ako svi ka\u017eu ne treba Hrvatima birati predstavnika, onda hajdemo to napraviti, napi\u0161imo kako \u0107emo i sve smo rije\u0161ili. Idemo na tehni\u010dke pretpostavke Izbornog zakona.<\/p>\n\n\n\n<p>Jasno je da se to mo\u017ee do tog potencijalno 15., 16. 12., kad \u0107e vjerojatno ovdje opet biti okupljanja, definitivno zavr\u0161iti, ali ja sam zamolio da do tada ne \u010dekamo, jer mi obi\u010dno izme\u0111u mjese\u010dnog dolaska gospodina Palmera i gospo\u0111e Eichorst , ni\u0161ta ne uradimo. \u010cekamo da nas oni okupe, a budemo li i dalje \u010dekali, jasno je da se ne\u0107emo dogovoriti.<\/p>\n\n\n\n<p><strong>Rezultata na\u0161eg rada<\/strong><\/p>\n\n\n\n<p>Tako\u0111er, na pitanje kako ocjenjuje odnos me\u0111unarodne zajednice prema njemu u ovim pregovorima, odnosno na to da odre\u0111eni sarajevski mediji imputiraju da mu je me\u0111unarodna zajednica naklonjena, odgovorio je:<\/p>\n\n\n\n<p>\u2013 \u0160to vam zna\u010di naklonost prema nekome tko se bori da ima mogu\u0107nosti izabrati svog \u010dlana Predsjedni\u0161tva, \u0161to u Ustavu pi\u0161e.<\/p>\n\n\n\n<p>Ja sutra imam Predsjedni\u0161tvo HNS-a, kada \u0107u sve ljude informirati o onome \u0161to smo razgovarali i iza toga \u0107e biti tiskovna konferencija i o tim temama. Ja se mogu zahvaliti samo ljudima iz Europske unije i Sjedinjenih Ameri\u010dkih Dr\u017eava jer su dali jedan izuzetan doprinos i svojim dolascima i poku\u0161aju tra\u017eenja rje\u0161enja, jer \u017eele prona\u0107i rje\u0161enje. Me\u0111utim, oni nemaju rje\u0161enja, da i to ra\u0161\u010distimo. Oni su tra\u017eili da mi uz neke preinake na\u0161ih razgovora, neke stvari usmjere, ali opet tra\u017ee da se isklju\u010divo mi dogovorimo. Zna\u010di ne\u0107e preuzeti na sebe rizik pa da mi odbacujemo njihove prijedloge, kao nekad izmi\u0161ljeni Fileov model koji ne postoji. Oni ne \u017eele da se modeli zovu po njima, nego da to bude rezultat na\u0161eg rada. Nama treba ova dr\u017eava.<\/p>\n\n\n\n<p>Meni se \u010dini da su svi spremni da narednim dolaskom ovaj posao potpuno zavr\u0161imo u ovoj neizbornoj godini, mislim da su to vrlo jasno naglasili i meni jutros i kolegi Izetbegovi\u0107u.<\/p>\n\n\n\n<p>Ja sam preuzeo vrlo jasnu obvezu da \u0107u intenzivno raditi u narednih desetak dana da ponudimo neka zajedni\u010dka rje\u0161enja jer mislim da to nema alternativu \u2013 rekao je \u010covi\u0107.<\/p>\n\n\n\n<p>\/HMS\/<\/p>\n","protected":false},"excerpt":{"rendered":"<p>O\u010dekivao sam da \u0107emo s dana\u0161njim danom usuglasiti klju\u010dne modele koje smo postavili sebi u zadatak, a to je primarno bilo Predsjedni\u0161tvo i Dom naroda dogovoriti, puno toga je bilo na stolu i maloprije. Ali, ni\u0161ta, realno treba kazati, nismo usuglasili. Kazao je ovo danas Dragan \u010covi\u0107, nakon sastanka u Izaslanstvu EU s Matthew Palmerom [&hellip;]<\/p>\n","protected":false},"author":2,"featured_media":95384,"comment_status":"closed","ping_status":"closed","sticky":false,"template":"","format":"standard","meta":{"h5ap_radio_sources":[],"footnotes":""},"categories":[1],"tags":[],"class_list":["post-95383","post","type-post","status-publish","format-standard","has-post-thumbnail","hentry","category-bihiregija"],"yoast_head":"<!-- This site is optimized with the Yoast SEO plugin v27.4 - https:\/\/yoast.com\/product\/yoast-seo-wordpress\/ -->\n<title>\u010covi\u0107: Ohrabruju\u0107e je da ve\u0107ina bo\u0161nja\u010dkih politi\u010dara ima stav da Hrvatima ne treba netko drugi birati predstavnike - RADIO LJUBU\u0160KI<\/title>\n<meta name=\"robots\" content=\"index, follow, max-snippet:-1, max-image-preview:large, max-video-preview:-1\" \/>\n<link rel=\"canonical\" href=\"https:\/\/radioljubuski.ba\/index.php\/2021\/12\/03\/covic-ohrabrujuce-je-da-vecina-bosnjackih-politicara-ima-stav-da-hrvatima-ne-treba-netko-drugi-birati-predstavnike\/\" \/>\n<meta property=\"og:locale\" content=\"hr_HR\" \/>\n<meta property=\"og:type\" content=\"article\" \/>\n<meta property=\"og:title\" content=\"\u010covi\u0107: Ohrabruju\u0107e je da ve\u0107ina bo\u0161nja\u010dkih politi\u010dara ima stav da Hrvatima ne treba netko drugi birati predstavnike - RADIO LJUBU\u0160KI\" \/>\n<meta property=\"og:description\" content=\"O\u010dekivao sam da \u0107emo s dana\u0161njim danom usuglasiti klju\u010dne modele koje smo postavili sebi u zadatak, a to je primarno bilo Predsjedni\u0161tvo i Dom naroda dogovoriti, puno toga je bilo na stolu i maloprije. Ali, ni\u0161ta, realno treba kazati, nismo usuglasili. Kazao je ovo danas Dragan \u010covi\u0107, nakon sastanka u Izaslanstvu EU s Matthew Palmerom [&hellip;]\" \/>\n<meta property=\"og:url\" content=\"https:\/\/radioljubuski.ba\/index.php\/2021\/12\/03\/covic-ohrabrujuce-je-da-vecina-bosnjackih-politicara-ima-stav-da-hrvatima-ne-treba-netko-drugi-birati-predstavnike\/\" \/>\n<meta property=\"og:site_name\" content=\"RADIO LJUBU\u0160KI\" \/>\n<meta property=\"article:publisher\" content=\"https:\/\/www.facebook.com\/Radiio-Ljubuski-1490835324566332\" \/>\n<meta property=\"article:published_time\" content=\"2021-12-03T14:42:31+00:00\" \/>\n<meta property=\"article:modified_time\" content=\"2021-12-03T14:43:42+00:00\" \/>\n<meta property=\"og:image\" content=\"https:\/\/radioljubuski.ba\/wp-content\/uploads\/2021\/12\/873x400.jpg\" \/>\n\t<meta property=\"og:image:width\" content=\"750\" \/>\n\t<meta property=\"og:image:height\" content=\"465\" \/>\n\t<meta property=\"og:image:type\" content=\"image\/jpeg\" \/>\n<meta name=\"author\" content=\"Radio Ljubu\u0161ki\" \/>\n<meta name=\"twitter:card\" content=\"summary_large_image\" \/>\n<meta name=\"twitter:creator\" content=\"@radioljubuski\" \/>\n<meta name=\"twitter:site\" content=\"@radioljubuski\" \/>\n<meta name=\"twitter:label1\" content=\"Napisao\/la\" \/>\n\t<meta name=\"twitter:data1\" content=\"Radio Ljubu\u0161ki\" \/>\n\t<meta name=\"twitter:label2\" content=\"Procijenjeno vrijeme \u010ditanja\" \/>\n\t<meta name=\"twitter:data2\" content=\"5 minuta\" \/>\n<script type=\"application\/ld+json\" class=\"yoast-schema-graph\">{\"@context\":\"https:\\\/\\\/schema.org\",\"@graph\":[{\"@type\":\"Article\",\"@id\":\"https:\\\/\\\/radioljubuski.ba\\\/index.php\\\/2021\\\/12\\\/03\\\/covic-ohrabrujuce-je-da-vecina-bosnjackih-politicara-ima-stav-da-hrvatima-ne-treba-netko-drugi-birati-predstavnike\\\/#article\",\"isPartOf\":{\"@id\":\"https:\\\/\\\/radioljubuski.ba\\\/index.php\\\/2021\\\/12\\\/03\\\/covic-ohrabrujuce-je-da-vecina-bosnjackih-politicara-ima-stav-da-hrvatima-ne-treba-netko-drugi-birati-predstavnike\\\/\"},\"author\":{\"name\":\"Radio Ljubu\u0161ki\",\"@id\":\"https:\\\/\\\/radioljubuski.ba\\\/#\\\/schema\\\/person\\\/19fc700381a780f69665d7956c469e3b\"},\"headline\":\"\u010covi\u0107: Ohrabruju\u0107e je da ve\u0107ina bo\u0161nja\u010dkih politi\u010dara ima stav da Hrvatima ne treba netko drugi birati predstavnike\",\"datePublished\":\"2021-12-03T14:42:31+00:00\",\"dateModified\":\"2021-12-03T14:43:42+00:00\",\"mainEntityOfPage\":{\"@id\":\"https:\\\/\\\/radioljubuski.ba\\\/index.php\\\/2021\\\/12\\\/03\\\/covic-ohrabrujuce-je-da-vecina-bosnjackih-politicara-ima-stav-da-hrvatima-ne-treba-netko-drugi-birati-predstavnike\\\/\"},\"wordCount\":1238,\"publisher\":{\"@id\":\"https:\\\/\\\/radioljubuski.ba\\\/#organization\"},\"image\":{\"@id\":\"https:\\\/\\\/radioljubuski.ba\\\/index.php\\\/2021\\\/12\\\/03\\\/covic-ohrabrujuce-je-da-vecina-bosnjackih-politicara-ima-stav-da-hrvatima-ne-treba-netko-drugi-birati-predstavnike\\\/#primaryimage\"},\"thumbnailUrl\":\"https:\\\/\\\/radioljubuski.ba\\\/wp-content\\\/uploads\\\/2021\\\/12\\\/873x400.jpg\",\"articleSection\":[\"BIH i regija\"],\"inLanguage\":\"hr\"},{\"@type\":\"WebPage\",\"@id\":\"https:\\\/\\\/radioljubuski.ba\\\/index.php\\\/2021\\\/12\\\/03\\\/covic-ohrabrujuce-je-da-vecina-bosnjackih-politicara-ima-stav-da-hrvatima-ne-treba-netko-drugi-birati-predstavnike\\\/\",\"url\":\"https:\\\/\\\/radioljubuski.ba\\\/index.php\\\/2021\\\/12\\\/03\\\/covic-ohrabrujuce-je-da-vecina-bosnjackih-politicara-ima-stav-da-hrvatima-ne-treba-netko-drugi-birati-predstavnike\\\/\",\"name\":\"\u010covi\u0107: Ohrabruju\u0107e je da ve\u0107ina bo\u0161nja\u010dkih politi\u010dara ima stav da Hrvatima ne treba netko drugi birati predstavnike - RADIO LJUBU\u0160KI\",\"isPartOf\":{\"@id\":\"https:\\\/\\\/radioljubuski.ba\\\/#website\"},\"primaryImageOfPage\":{\"@id\":\"https:\\\/\\\/radioljubuski.ba\\\/index.php\\\/2021\\\/12\\\/03\\\/covic-ohrabrujuce-je-da-vecina-bosnjackih-politicara-ima-stav-da-hrvatima-ne-treba-netko-drugi-birati-predstavnike\\\/#primaryimage\"},\"image\":{\"@id\":\"https:\\\/\\\/radioljubuski.ba\\\/index.php\\\/2021\\\/12\\\/03\\\/covic-ohrabrujuce-je-da-vecina-bosnjackih-politicara-ima-stav-da-hrvatima-ne-treba-netko-drugi-birati-predstavnike\\\/#primaryimage\"},\"thumbnailUrl\":\"https:\\\/\\\/radioljubuski.ba\\\/wp-content\\\/uploads\\\/2021\\\/12\\\/873x400.jpg\",\"datePublished\":\"2021-12-03T14:42:31+00:00\",\"dateModified\":\"2021-12-03T14:43:42+00:00\",\"breadcrumb\":{\"@id\":\"https:\\\/\\\/radioljubuski.ba\\\/index.php\\\/2021\\\/12\\\/03\\\/covic-ohrabrujuce-je-da-vecina-bosnjackih-politicara-ima-stav-da-hrvatima-ne-treba-netko-drugi-birati-predstavnike\\\/#breadcrumb\"},\"inLanguage\":\"hr\",\"potentialAction\":[{\"@type\":\"ReadAction\",\"target\":[\"https:\\\/\\\/radioljubuski.ba\\\/index.php\\\/2021\\\/12\\\/03\\\/covic-ohrabrujuce-je-da-vecina-bosnjackih-politicara-ima-stav-da-hrvatima-ne-treba-netko-drugi-birati-predstavnike\\\/\"]}]},{\"@type\":\"ImageObject\",\"inLanguage\":\"hr\",\"@id\":\"https:\\\/\\\/radioljubuski.ba\\\/index.php\\\/2021\\\/12\\\/03\\\/covic-ohrabrujuce-je-da-vecina-bosnjackih-politicara-ima-stav-da-hrvatima-ne-treba-netko-drugi-birati-predstavnike\\\/#primaryimage\",\"url\":\"https:\\\/\\\/radioljubuski.ba\\\/wp-content\\\/uploads\\\/2021\\\/12\\\/873x400.jpg\",\"contentUrl\":\"https:\\\/\\\/radioljubuski.ba\\\/wp-content\\\/uploads\\\/2021\\\/12\\\/873x400.jpg\",\"width\":750,\"height\":465},{\"@type\":\"BreadcrumbList\",\"@id\":\"https:\\\/\\\/radioljubuski.ba\\\/index.php\\\/2021\\\/12\\\/03\\\/covic-ohrabrujuce-je-da-vecina-bosnjackih-politicara-ima-stav-da-hrvatima-ne-treba-netko-drugi-birati-predstavnike\\\/#breadcrumb\",\"itemListElement\":[{\"@type\":\"ListItem\",\"position\":1,\"name\":\"Po\u010detna stranica\",\"item\":\"https:\\\/\\\/radioljubuski.ba\\\/\"},{\"@type\":\"ListItem\",\"position\":2,\"name\":\"\u010covi\u0107: Ohrabruju\u0107e je da ve\u0107ina bo\u0161nja\u010dkih politi\u010dara ima stav da Hrvatima ne treba netko drugi birati predstavnike\"}]},{\"@type\":\"WebSite\",\"@id\":\"https:\\\/\\\/radioljubuski.ba\\\/#website\",\"url\":\"https:\\\/\\\/radioljubuski.ba\\\/\",\"name\":\"Radio Ljubu\u0161ki\",\"description\":\"Sun\u010dana frekvencija Hercegovine\",\"publisher\":{\"@id\":\"https:\\\/\\\/radioljubuski.ba\\\/#organization\"},\"potentialAction\":[{\"@type\":\"SearchAction\",\"target\":{\"@type\":\"EntryPoint\",\"urlTemplate\":\"https:\\\/\\\/radioljubuski.ba\\\/?s={search_term_string}\"},\"query-input\":{\"@type\":\"PropertyValueSpecification\",\"valueRequired\":true,\"valueName\":\"search_term_string\"}}],\"inLanguage\":\"hr\"},{\"@type\":\"Organization\",\"@id\":\"https:\\\/\\\/radioljubuski.ba\\\/#organization\",\"name\":\"Radio Ljubu\u0161ki\",\"url\":\"https:\\\/\\\/radioljubuski.ba\\\/\",\"logo\":{\"@type\":\"ImageObject\",\"inLanguage\":\"hr\",\"@id\":\"https:\\\/\\\/radioljubuski.ba\\\/#\\\/schema\\\/logo\\\/image\\\/\",\"url\":\"https:\\\/\\\/radioljubuski.ba\\\/wp-content\\\/uploads\\\/2021\\\/02\\\/cropped-Radio_Ljubuski_logo1.jpg\",\"contentUrl\":\"https:\\\/\\\/radioljubuski.ba\\\/wp-content\\\/uploads\\\/2021\\\/02\\\/cropped-Radio_Ljubuski_logo1.jpg\",\"width\":512,\"height\":512,\"caption\":\"Radio Ljubu\u0161ki\"},\"image\":{\"@id\":\"https:\\\/\\\/radioljubuski.ba\\\/#\\\/schema\\\/logo\\\/image\\\/\"},\"sameAs\":[\"https:\\\/\\\/www.facebook.com\\\/Radiio-Ljubuski-1490835324566332\",\"https:\\\/\\\/x.com\\\/radioljubuski\",\"https:\\\/\\\/hr.linkedin.com\\\/company\\\/radio-ljubuski\",\"https:\\\/\\\/www.youtube.com\\\/channel\\\/UCHYaeO_n0Db3tjNGudGpXyw\"]},{\"@type\":\"Person\",\"@id\":\"https:\\\/\\\/radioljubuski.ba\\\/#\\\/schema\\\/person\\\/19fc700381a780f69665d7956c469e3b\",\"name\":\"Radio Ljubu\u0161ki\"}]}<\/script>\n<!-- \/ Yoast SEO plugin. -->","yoast_head_json":{"title":"\u010covi\u0107: Ohrabruju\u0107e je da ve\u0107ina bo\u0161nja\u010dkih politi\u010dara ima stav da Hrvatima ne treba netko drugi birati predstavnike - RADIO LJUBU\u0160KI","robots":{"index":"index","follow":"follow","max-snippet":"max-snippet:-1","max-image-preview":"max-image-preview:large","max-video-preview":"max-video-preview:-1"},"canonical":"https:\/\/radioljubuski.ba\/index.php\/2021\/12\/03\/covic-ohrabrujuce-je-da-vecina-bosnjackih-politicara-ima-stav-da-hrvatima-ne-treba-netko-drugi-birati-predstavnike\/","og_locale":"hr_HR","og_type":"article","og_title":"\u010covi\u0107: Ohrabruju\u0107e je da ve\u0107ina bo\u0161nja\u010dkih politi\u010dara ima stav da Hrvatima ne treba netko drugi birati predstavnike - RADIO LJUBU\u0160KI","og_description":"O\u010dekivao sam da \u0107emo s dana\u0161njim danom usuglasiti klju\u010dne modele koje smo postavili sebi u zadatak, a to je primarno bilo Predsjedni\u0161tvo i Dom naroda dogovoriti, puno toga je bilo na stolu i maloprije. Ali, ni\u0161ta, realno treba kazati, nismo usuglasili. Kazao je ovo danas Dragan \u010covi\u0107, nakon sastanka u Izaslanstvu EU s Matthew Palmerom [&hellip;]","og_url":"https:\/\/radioljubuski.ba\/index.php\/2021\/12\/03\/covic-ohrabrujuce-je-da-vecina-bosnjackih-politicara-ima-stav-da-hrvatima-ne-treba-netko-drugi-birati-predstavnike\/","og_site_name":"RADIO LJUBU\u0160KI","article_publisher":"https:\/\/www.facebook.com\/Radiio-Ljubuski-1490835324566332","article_published_time":"2021-12-03T14:42:31+00:00","article_modified_time":"2021-12-03T14:43:42+00:00","og_image":[{"width":750,"height":465,"url":"https:\/\/radioljubuski.ba\/wp-content\/uploads\/2021\/12\/873x400.jpg","type":"image\/jpeg"}],"author":"Radio Ljubu\u0161ki","twitter_card":"summary_large_image","twitter_creator":"@radioljubuski","twitter_site":"@radioljubuski","twitter_misc":{"Napisao\/la":"Radio Ljubu\u0161ki","Procijenjeno vrijeme \u010ditanja":"5 minuta"},"schema":{"@context":"https:\/\/schema.org","@graph":[{"@type":"Article","@id":"https:\/\/radioljubuski.ba\/index.php\/2021\/12\/03\/covic-ohrabrujuce-je-da-vecina-bosnjackih-politicara-ima-stav-da-hrvatima-ne-treba-netko-drugi-birati-predstavnike\/#article","isPartOf":{"@id":"https:\/\/radioljubuski.ba\/index.php\/2021\/12\/03\/covic-ohrabrujuce-je-da-vecina-bosnjackih-politicara-ima-stav-da-hrvatima-ne-treba-netko-drugi-birati-predstavnike\/"},"author":{"name":"Radio Ljubu\u0161ki","@id":"https:\/\/radioljubuski.ba\/#\/schema\/person\/19fc700381a780f69665d7956c469e3b"},"headline":"\u010covi\u0107: Ohrabruju\u0107e je da ve\u0107ina bo\u0161nja\u010dkih politi\u010dara ima stav da Hrvatima ne treba netko drugi birati predstavnike","datePublished":"2021-12-03T14:42:31+00:00","dateModified":"2021-12-03T14:43:42+00:00","mainEntityOfPage":{"@id":"https:\/\/radioljubuski.ba\/index.php\/2021\/12\/03\/covic-ohrabrujuce-je-da-vecina-bosnjackih-politicara-ima-stav-da-hrvatima-ne-treba-netko-drugi-birati-predstavnike\/"},"wordCount":1238,"publisher":{"@id":"https:\/\/radioljubuski.ba\/#organization"},"image":{"@id":"https:\/\/radioljubuski.ba\/index.php\/2021\/12\/03\/covic-ohrabrujuce-je-da-vecina-bosnjackih-politicara-ima-stav-da-hrvatima-ne-treba-netko-drugi-birati-predstavnike\/#primaryimage"},"thumbnailUrl":"https:\/\/radioljubuski.ba\/wp-content\/uploads\/2021\/12\/873x400.jpg","articleSection":["BIH i regija"],"inLanguage":"hr"},{"@type":"WebPage","@id":"https:\/\/radioljubuski.ba\/index.php\/2021\/12\/03\/covic-ohrabrujuce-je-da-vecina-bosnjackih-politicara-ima-stav-da-hrvatima-ne-treba-netko-drugi-birati-predstavnike\/","url":"https:\/\/radioljubuski.ba\/index.php\/2021\/12\/03\/covic-ohrabrujuce-je-da-vecina-bosnjackih-politicara-ima-stav-da-hrvatima-ne-treba-netko-drugi-birati-predstavnike\/","name":"\u010covi\u0107: Ohrabruju\u0107e je da ve\u0107ina bo\u0161nja\u010dkih politi\u010dara ima stav da Hrvatima ne treba netko drugi birati predstavnike - RADIO LJUBU\u0160KI","isPartOf":{"@id":"https:\/\/radioljubuski.ba\/#website"},"primaryImageOfPage":{"@id":"https:\/\/radioljubuski.ba\/index.php\/2021\/12\/03\/covic-ohrabrujuce-je-da-vecina-bosnjackih-politicara-ima-stav-da-hrvatima-ne-treba-netko-drugi-birati-predstavnike\/#primaryimage"},"image":{"@id":"https:\/\/radioljubuski.ba\/index.php\/2021\/12\/03\/covic-ohrabrujuce-je-da-vecina-bosnjackih-politicara-ima-stav-da-hrvatima-ne-treba-netko-drugi-birati-predstavnike\/#primaryimage"},"thumbnailUrl":"https:\/\/radioljubuski.ba\/wp-content\/uploads\/2021\/12\/873x400.jpg","datePublished":"2021-12-03T14:42:31+00:00","dateModified":"2021-12-03T14:43:42+00:00","breadcrumb":{"@id":"https:\/\/radioljubuski.ba\/index.php\/2021\/12\/03\/covic-ohrabrujuce-je-da-vecina-bosnjackih-politicara-ima-stav-da-hrvatima-ne-treba-netko-drugi-birati-predstavnike\/#breadcrumb"},"inLanguage":"hr","potentialAction":[{"@type":"ReadAction","target":["https:\/\/radioljubuski.ba\/index.php\/2021\/12\/03\/covic-ohrabrujuce-je-da-vecina-bosnjackih-politicara-ima-stav-da-hrvatima-ne-treba-netko-drugi-birati-predstavnike\/"]}]},{"@type":"ImageObject","inLanguage":"hr","@id":"https:\/\/radioljubuski.ba\/index.php\/2021\/12\/03\/covic-ohrabrujuce-je-da-vecina-bosnjackih-politicara-ima-stav-da-hrvatima-ne-treba-netko-drugi-birati-predstavnike\/#primaryimage","url":"https:\/\/radioljubuski.ba\/wp-content\/uploads\/2021\/12\/873x400.jpg","contentUrl":"https:\/\/radioljubuski.ba\/wp-content\/uploads\/2021\/12\/873x400.jpg","width":750,"height":465},{"@type":"BreadcrumbList","@id":"https:\/\/radioljubuski.ba\/index.php\/2021\/12\/03\/covic-ohrabrujuce-je-da-vecina-bosnjackih-politicara-ima-stav-da-hrvatima-ne-treba-netko-drugi-birati-predstavnike\/#breadcrumb","itemListElement":[{"@type":"ListItem","position":1,"name":"Po\u010detna stranica","item":"https:\/\/radioljubuski.ba\/"},{"@type":"ListItem","position":2,"name":"\u010covi\u0107: Ohrabruju\u0107e je da ve\u0107ina bo\u0161nja\u010dkih politi\u010dara ima stav da Hrvatima ne treba netko drugi birati predstavnike"}]},{"@type":"WebSite","@id":"https:\/\/radioljubuski.ba\/#website","url":"https:\/\/radioljubuski.ba\/","name":"Radio Ljubu\u0161ki","description":"Sun\u010dana frekvencija Hercegovine","publisher":{"@id":"https:\/\/radioljubuski.ba\/#organization"},"potentialAction":[{"@type":"SearchAction","target":{"@type":"EntryPoint","urlTemplate":"https:\/\/radioljubuski.ba\/?s={search_term_string}"},"query-input":{"@type":"PropertyValueSpecification","valueRequired":true,"valueName":"search_term_string"}}],"inLanguage":"hr"},{"@type":"Organization","@id":"https:\/\/radioljubuski.ba\/#organization","name":"Radio Ljubu\u0161ki","url":"https:\/\/radioljubuski.ba\/","logo":{"@type":"ImageObject","inLanguage":"hr","@id":"https:\/\/radioljubuski.ba\/#\/schema\/logo\/image\/","url":"https:\/\/radioljubuski.ba\/wp-content\/uploads\/2021\/02\/cropped-Radio_Ljubuski_logo1.jpg","contentUrl":"https:\/\/radioljubuski.ba\/wp-content\/uploads\/2021\/02\/cropped-Radio_Ljubuski_logo1.jpg","width":512,"height":512,"caption":"Radio Ljubu\u0161ki"},"image":{"@id":"https:\/\/radioljubuski.ba\/#\/schema\/logo\/image\/"},"sameAs":["https:\/\/www.facebook.com\/Radiio-Ljubuski-1490835324566332","https:\/\/x.com\/radioljubuski","https:\/\/hr.linkedin.com\/company\/radio-ljubuski","https:\/\/www.youtube.com\/channel\/UCHYaeO_n0Db3tjNGudGpXyw"]},{"@type":"Person","@id":"https:\/\/radioljubuski.ba\/#\/schema\/person\/19fc700381a780f69665d7956c469e3b","name":"Radio Ljubu\u0161ki"}]}},"_links":{"self":[{"href":"https:\/\/radioljubuski.ba\/index.php\/wp-json\/wp\/v2\/posts\/95383","targetHints":{"allow":["GET"]}}],"collection":[{"href":"https:\/\/radioljubuski.ba\/index.php\/wp-json\/wp\/v2\/posts"}],"about":[{"href":"https:\/\/radioljubuski.ba\/index.php\/wp-json\/wp\/v2\/types\/post"}],"author":[{"embeddable":true,"href":"https:\/\/radioljubuski.ba\/index.php\/wp-json\/wp\/v2\/users\/2"}],"replies":[{"embeddable":true,"href":"https:\/\/radioljubuski.ba\/index.php\/wp-json\/wp\/v2\/comments?post=95383"}],"version-history":[{"count":1,"href":"https:\/\/radioljubuski.ba\/index.php\/wp-json\/wp\/v2\/posts\/95383\/revisions"}],"predecessor-version":[{"id":95385,"href":"https:\/\/radioljubuski.ba\/index.php\/wp-json\/wp\/v2\/posts\/95383\/revisions\/95385"}],"wp:featuredmedia":[{"embeddable":true,"href":"https:\/\/radioljubuski.ba\/index.php\/wp-json\/wp\/v2\/media\/95384"}],"wp:attachment":[{"href":"https:\/\/radioljubuski.ba\/index.php\/wp-json\/wp\/v2\/media?parent=95383"}],"wp:term":[{"taxonomy":"category","embeddable":true,"href":"https:\/\/radioljubuski.ba\/index.php\/wp-json\/wp\/v2\/categories?post=95383"},{"taxonomy":"post_tag","embeddable":true,"href":"https:\/\/radioljubuski.ba\/index.php\/wp-json\/wp\/v2\/tags?post=95383"}],"curies":[{"name":"wp","href":"https:\/\/api.w.org\/{rel}","templated":true}]}}