{"id":95391,"date":"2021-12-03T15:45:54","date_gmt":"2021-12-03T14:45:54","guid":{"rendered":"https:\/\/radioljubuski.ba\/?p=95391"},"modified":"2021-12-03T15:45:55","modified_gmt":"2021-12-03T14:45:55","slug":"covic-ispricavam-se-svima-koje-je-nase-glasanje-povrijedilo-to-vise-nikada-necemo-uraditi","status":"publish","type":"post","link":"https:\/\/radioljubuski.ba\/index.php\/2021\/12\/03\/covic-ispricavam-se-svima-koje-je-nase-glasanje-povrijedilo-to-vise-nikada-necemo-uraditi\/","title":{"rendered":"\u010covi\u0107: Ispri\u010davam se svima koje je na\u0161e glasanje povrijedilo, to vi\u0161e nikada ne\u0107emo uraditi"},"content":{"rendered":"\n<p><strong>Dragan \u010covi\u0107, predsjednik HDZ-a, nakon dana\u0161njeg sastanka u Delegaciji EU komentirao je i glasanje HDZ-ovih delegata u Domu naroda o zaklju\u010dku Kluba srpskog naroda u kojem se tra\u017ei da se poni\u0161ti Inzkov zakon o zabrani negiranja genocida u BiH, pi\u0161e Avaz.<\/strong><\/p>\n\n\n\n<p>Podsje\u0107amo, osim delegata iz Kluba Srba, za ovo su glasali i HDZ-ovi delegati u Domu naroda Dragan \u010covi\u0107, Marina Pende\u0161 i Lidija Bradara.<\/p>\n\n\n\n<p>\u2013 Prvo, taj zakon se ne zove tako, nemojte davati nazive zakonima koji ne postoje u ovoj dr\u017eavi. Postoje izmjene nekih \u010dlanaka koji definiraju unutar sebe odre\u0111en odnos prema zlo\u010dinu genocida, zlo\u010dinu protiv \u010dovje\u010dnost i ratni zlo\u010din. I onda je to razra\u0111eno \u201c\u0161to ako netko uradi ovako\u201d, \u201c\u0161to se se smije ili ne smije\u201d. \u0160to se ti\u010de mog pona\u0161anja na Domu naroda, nikom ba\u0161 ni\u0161ta ne dugujem. Nadam se da ja vi\u0161e nikada ne\u0107u biti doveden u poziciju da na takav na\u010din odlu\u010dujem o Domu naroda. Jedan dobar dio onih kao, recimo, gospodin Radon\u010di\u0107, gospodin Izetbegovi\u0107, su ju\u010der bili nazo\u010dni kad smo o tome razgovarali s predstavnicima me\u0111unarodnih institucija, kada sam im kazao da je to zadnji put da sam ja na taj na\u010din dio procesa pomaganja ne\u010demu u Bosni i Hercegovini, a da ovakvu cijenu pla\u0107am, kazao je \u010covi\u0107 i dodao:<\/p>\n\n\n\n<p>-Prvo, taj zakon nije pro\u0161ao, to je jasno, niti \u0107e pro\u0107i, ne zakon nego zaklju\u010dci. Ako je to nekoga povrijedilo ja se ispri\u010davam, ali se nadam da vi\u0161e nikada ne\u0107emo biti na taj na\u010din dovedeni u poziciju da se okupljamo, uvjetujemo i me\u0111usobno ohrabrujemo da bismo sjedili zajedno. Mislim da smo to raspravili ovdje, to su \u010duli i Radon\u010di\u0107 i Izetbegovi\u0107 \u2013 kazao je \u010covi\u0107.<\/p>\n\n\n\n<p>\/HMS\/<\/p>\n","protected":false},"excerpt":{"rendered":"<p>Dragan \u010covi\u0107, predsjednik HDZ-a, nakon dana\u0161njeg sastanka u Delegaciji EU komentirao je i glasanje HDZ-ovih delegata u Domu naroda o zaklju\u010dku Kluba srpskog naroda u kojem se tra\u017ei da se poni\u0161ti Inzkov zakon o zabrani negiranja genocida u BiH, pi\u0161e Avaz. Podsje\u0107amo, osim delegata iz Kluba Srba, za ovo su glasali i HDZ-ovi delegati u [&hellip;]<\/p>\n","protected":false},"author":2,"featured_media":95392,"comment_status":"closed","ping_status":"closed","sticky":false,"template":"","format":"standard","meta":{"h5ap_radio_sources":[],"footnotes":""},"categories":[1],"tags":[],"class_list":["post-95391","post","type-post","status-publish","format-standard","has-post-thumbnail","hentry","category-bihiregija"],"yoast_head":"<!-- This site is optimized with the Yoast SEO plugin v27.4 - https:\/\/yoast.com\/product\/yoast-seo-wordpress\/ -->\n<title>\u010covi\u0107: Ispri\u010davam se svima koje je na\u0161e glasanje povrijedilo, to vi\u0161e nikada ne\u0107emo uraditi - RADIO LJUBU\u0160KI<\/title>\n<meta name=\"robots\" content=\"index, follow, max-snippet:-1, max-image-preview:large, max-video-preview:-1\" \/>\n<link rel=\"canonical\" href=\"https:\/\/radioljubuski.ba\/index.php\/2021\/12\/03\/covic-ispricavam-se-svima-koje-je-nase-glasanje-povrijedilo-to-vise-nikada-necemo-uraditi\/\" \/>\n<meta property=\"og:locale\" content=\"hr_HR\" \/>\n<meta property=\"og:type\" content=\"article\" \/>\n<meta property=\"og:title\" content=\"\u010covi\u0107: Ispri\u010davam se svima koje je na\u0161e glasanje povrijedilo, to vi\u0161e nikada ne\u0107emo uraditi - RADIO LJUBU\u0160KI\" \/>\n<meta property=\"og:description\" content=\"Dragan \u010covi\u0107, predsjednik HDZ-a, nakon dana\u0161njeg sastanka u Delegaciji EU komentirao je i glasanje HDZ-ovih delegata u Domu naroda o zaklju\u010dku Kluba srpskog naroda u kojem se tra\u017ei da se poni\u0161ti Inzkov zakon o zabrani negiranja genocida u BiH, pi\u0161e Avaz. Podsje\u0107amo, osim delegata iz Kluba Srba, za ovo su glasali i HDZ-ovi delegati u [&hellip;]\" \/>\n<meta property=\"og:url\" content=\"https:\/\/radioljubuski.ba\/index.php\/2021\/12\/03\/covic-ispricavam-se-svima-koje-je-nase-glasanje-povrijedilo-to-vise-nikada-necemo-uraditi\/\" \/>\n<meta property=\"og:site_name\" content=\"RADIO LJUBU\u0160KI\" \/>\n<meta property=\"article:publisher\" content=\"https:\/\/www.facebook.com\/Radiio-Ljubuski-1490835324566332\" \/>\n<meta property=\"article:published_time\" content=\"2021-12-03T14:45:54+00:00\" \/>\n<meta property=\"article:modified_time\" content=\"2021-12-03T14:45:55+00:00\" \/>\n<meta property=\"og:image\" content=\"https:\/\/radioljubuski.ba\/wp-content\/uploads\/2021\/12\/102498.png\" \/>\n\t<meta property=\"og:image:width\" content=\"895\" \/>\n\t<meta property=\"og:image:height\" content=\"488\" \/>\n\t<meta property=\"og:image:type\" content=\"image\/png\" \/>\n<meta name=\"author\" content=\"Radio Ljubu\u0161ki\" \/>\n<meta name=\"twitter:card\" content=\"summary_large_image\" \/>\n<meta name=\"twitter:creator\" content=\"@radioljubuski\" \/>\n<meta name=\"twitter:site\" content=\"@radioljubuski\" \/>\n<meta name=\"twitter:label1\" content=\"Napisao\/la\" \/>\n\t<meta name=\"twitter:data1\" content=\"Radio Ljubu\u0161ki\" \/>\n\t<meta name=\"twitter:label2\" content=\"Procijenjeno vrijeme \u010ditanja\" \/>\n\t<meta name=\"twitter:data2\" content=\"2 minute\" \/>\n<script type=\"application\/ld+json\" class=\"yoast-schema-graph\">{\"@context\":\"https:\\\/\\\/schema.org\",\"@graph\":[{\"@type\":\"Article\",\"@id\":\"https:\\\/\\\/radioljubuski.ba\\\/index.php\\\/2021\\\/12\\\/03\\\/covic-ispricavam-se-svima-koje-je-nase-glasanje-povrijedilo-to-vise-nikada-necemo-uraditi\\\/#article\",\"isPartOf\":{\"@id\":\"https:\\\/\\\/radioljubuski.ba\\\/index.php\\\/2021\\\/12\\\/03\\\/covic-ispricavam-se-svima-koje-je-nase-glasanje-povrijedilo-to-vise-nikada-necemo-uraditi\\\/\"},\"author\":{\"name\":\"Radio Ljubu\u0161ki\",\"@id\":\"https:\\\/\\\/radioljubuski.ba\\\/#\\\/schema\\\/person\\\/19fc700381a780f69665d7956c469e3b\"},\"headline\":\"\u010covi\u0107: Ispri\u010davam se svima koje je na\u0161e glasanje povrijedilo, to vi\u0161e nikada ne\u0107emo uraditi\",\"datePublished\":\"2021-12-03T14:45:54+00:00\",\"dateModified\":\"2021-12-03T14:45:55+00:00\",\"mainEntityOfPage\":{\"@id\":\"https:\\\/\\\/radioljubuski.ba\\\/index.php\\\/2021\\\/12\\\/03\\\/covic-ispricavam-se-svima-koje-je-nase-glasanje-povrijedilo-to-vise-nikada-necemo-uraditi\\\/\"},\"wordCount\":324,\"publisher\":{\"@id\":\"https:\\\/\\\/radioljubuski.ba\\\/#organization\"},\"image\":{\"@id\":\"https:\\\/\\\/radioljubuski.ba\\\/index.php\\\/2021\\\/12\\\/03\\\/covic-ispricavam-se-svima-koje-je-nase-glasanje-povrijedilo-to-vise-nikada-necemo-uraditi\\\/#primaryimage\"},\"thumbnailUrl\":\"https:\\\/\\\/radioljubuski.ba\\\/wp-content\\\/uploads\\\/2021\\\/12\\\/102498.png\",\"articleSection\":[\"BIH i regija\"],\"inLanguage\":\"hr\"},{\"@type\":\"WebPage\",\"@id\":\"https:\\\/\\\/radioljubuski.ba\\\/index.php\\\/2021\\\/12\\\/03\\\/covic-ispricavam-se-svima-koje-je-nase-glasanje-povrijedilo-to-vise-nikada-necemo-uraditi\\\/\",\"url\":\"https:\\\/\\\/radioljubuski.ba\\\/index.php\\\/2021\\\/12\\\/03\\\/covic-ispricavam-se-svima-koje-je-nase-glasanje-povrijedilo-to-vise-nikada-necemo-uraditi\\\/\",\"name\":\"\u010covi\u0107: Ispri\u010davam se svima koje je na\u0161e glasanje povrijedilo, to vi\u0161e nikada ne\u0107emo uraditi - RADIO LJUBU\u0160KI\",\"isPartOf\":{\"@id\":\"https:\\\/\\\/radioljubuski.ba\\\/#website\"},\"primaryImageOfPage\":{\"@id\":\"https:\\\/\\\/radioljubuski.ba\\\/index.php\\\/2021\\\/12\\\/03\\\/covic-ispricavam-se-svima-koje-je-nase-glasanje-povrijedilo-to-vise-nikada-necemo-uraditi\\\/#primaryimage\"},\"image\":{\"@id\":\"https:\\\/\\\/radioljubuski.ba\\\/index.php\\\/2021\\\/12\\\/03\\\/covic-ispricavam-se-svima-koje-je-nase-glasanje-povrijedilo-to-vise-nikada-necemo-uraditi\\\/#primaryimage\"},\"thumbnailUrl\":\"https:\\\/\\\/radioljubuski.ba\\\/wp-content\\\/uploads\\\/2021\\\/12\\\/102498.png\",\"datePublished\":\"2021-12-03T14:45:54+00:00\",\"dateModified\":\"2021-12-03T14:45:55+00:00\",\"breadcrumb\":{\"@id\":\"https:\\\/\\\/radioljubuski.ba\\\/index.php\\\/2021\\\/12\\\/03\\\/covic-ispricavam-se-svima-koje-je-nase-glasanje-povrijedilo-to-vise-nikada-necemo-uraditi\\\/#breadcrumb\"},\"inLanguage\":\"hr\",\"potentialAction\":[{\"@type\":\"ReadAction\",\"target\":[\"https:\\\/\\\/radioljubuski.ba\\\/index.php\\\/2021\\\/12\\\/03\\\/covic-ispricavam-se-svima-koje-je-nase-glasanje-povrijedilo-to-vise-nikada-necemo-uraditi\\\/\"]}]},{\"@type\":\"ImageObject\",\"inLanguage\":\"hr\",\"@id\":\"https:\\\/\\\/radioljubuski.ba\\\/index.php\\\/2021\\\/12\\\/03\\\/covic-ispricavam-se-svima-koje-je-nase-glasanje-povrijedilo-to-vise-nikada-necemo-uraditi\\\/#primaryimage\",\"url\":\"https:\\\/\\\/radioljubuski.ba\\\/wp-content\\\/uploads\\\/2021\\\/12\\\/102498.png\",\"contentUrl\":\"https:\\\/\\\/radioljubuski.ba\\\/wp-content\\\/uploads\\\/2021\\\/12\\\/102498.png\",\"width\":895,\"height\":488},{\"@type\":\"BreadcrumbList\",\"@id\":\"https:\\\/\\\/radioljubuski.ba\\\/index.php\\\/2021\\\/12\\\/03\\\/covic-ispricavam-se-svima-koje-je-nase-glasanje-povrijedilo-to-vise-nikada-necemo-uraditi\\\/#breadcrumb\",\"itemListElement\":[{\"@type\":\"ListItem\",\"position\":1,\"name\":\"Po\u010detna stranica\",\"item\":\"https:\\\/\\\/radioljubuski.ba\\\/\"},{\"@type\":\"ListItem\",\"position\":2,\"name\":\"\u010covi\u0107: Ispri\u010davam se svima koje je na\u0161e glasanje povrijedilo, to vi\u0161e nikada ne\u0107emo uraditi\"}]},{\"@type\":\"WebSite\",\"@id\":\"https:\\\/\\\/radioljubuski.ba\\\/#website\",\"url\":\"https:\\\/\\\/radioljubuski.ba\\\/\",\"name\":\"Radio Ljubu\u0161ki\",\"description\":\"Sun\u010dana frekvencija Hercegovine\",\"publisher\":{\"@id\":\"https:\\\/\\\/radioljubuski.ba\\\/#organization\"},\"potentialAction\":[{\"@type\":\"SearchAction\",\"target\":{\"@type\":\"EntryPoint\",\"urlTemplate\":\"https:\\\/\\\/radioljubuski.ba\\\/?s={search_term_string}\"},\"query-input\":{\"@type\":\"PropertyValueSpecification\",\"valueRequired\":true,\"valueName\":\"search_term_string\"}}],\"inLanguage\":\"hr\"},{\"@type\":\"Organization\",\"@id\":\"https:\\\/\\\/radioljubuski.ba\\\/#organization\",\"name\":\"Radio Ljubu\u0161ki\",\"url\":\"https:\\\/\\\/radioljubuski.ba\\\/\",\"logo\":{\"@type\":\"ImageObject\",\"inLanguage\":\"hr\",\"@id\":\"https:\\\/\\\/radioljubuski.ba\\\/#\\\/schema\\\/logo\\\/image\\\/\",\"url\":\"https:\\\/\\\/radioljubuski.ba\\\/wp-content\\\/uploads\\\/2021\\\/02\\\/cropped-Radio_Ljubuski_logo1.jpg\",\"contentUrl\":\"https:\\\/\\\/radioljubuski.ba\\\/wp-content\\\/uploads\\\/2021\\\/02\\\/cropped-Radio_Ljubuski_logo1.jpg\",\"width\":512,\"height\":512,\"caption\":\"Radio Ljubu\u0161ki\"},\"image\":{\"@id\":\"https:\\\/\\\/radioljubuski.ba\\\/#\\\/schema\\\/logo\\\/image\\\/\"},\"sameAs\":[\"https:\\\/\\\/www.facebook.com\\\/Radiio-Ljubuski-1490835324566332\",\"https:\\\/\\\/x.com\\\/radioljubuski\",\"https:\\\/\\\/hr.linkedin.com\\\/company\\\/radio-ljubuski\",\"https:\\\/\\\/www.youtube.com\\\/channel\\\/UCHYaeO_n0Db3tjNGudGpXyw\"]},{\"@type\":\"Person\",\"@id\":\"https:\\\/\\\/radioljubuski.ba\\\/#\\\/schema\\\/person\\\/19fc700381a780f69665d7956c469e3b\",\"name\":\"Radio Ljubu\u0161ki\"}]}<\/script>\n<!-- \/ Yoast SEO plugin. -->","yoast_head_json":{"title":"\u010covi\u0107: Ispri\u010davam se svima koje je na\u0161e glasanje povrijedilo, to vi\u0161e nikada ne\u0107emo uraditi - RADIO LJUBU\u0160KI","robots":{"index":"index","follow":"follow","max-snippet":"max-snippet:-1","max-image-preview":"max-image-preview:large","max-video-preview":"max-video-preview:-1"},"canonical":"https:\/\/radioljubuski.ba\/index.php\/2021\/12\/03\/covic-ispricavam-se-svima-koje-je-nase-glasanje-povrijedilo-to-vise-nikada-necemo-uraditi\/","og_locale":"hr_HR","og_type":"article","og_title":"\u010covi\u0107: Ispri\u010davam se svima koje je na\u0161e glasanje povrijedilo, to vi\u0161e nikada ne\u0107emo uraditi - RADIO LJUBU\u0160KI","og_description":"Dragan \u010covi\u0107, predsjednik HDZ-a, nakon dana\u0161njeg sastanka u Delegaciji EU komentirao je i glasanje HDZ-ovih delegata u Domu naroda o zaklju\u010dku Kluba srpskog naroda u kojem se tra\u017ei da se poni\u0161ti Inzkov zakon o zabrani negiranja genocida u BiH, pi\u0161e Avaz. Podsje\u0107amo, osim delegata iz Kluba Srba, za ovo su glasali i HDZ-ovi delegati u [&hellip;]","og_url":"https:\/\/radioljubuski.ba\/index.php\/2021\/12\/03\/covic-ispricavam-se-svima-koje-je-nase-glasanje-povrijedilo-to-vise-nikada-necemo-uraditi\/","og_site_name":"RADIO LJUBU\u0160KI","article_publisher":"https:\/\/www.facebook.com\/Radiio-Ljubuski-1490835324566332","article_published_time":"2021-12-03T14:45:54+00:00","article_modified_time":"2021-12-03T14:45:55+00:00","og_image":[{"width":895,"height":488,"url":"https:\/\/radioljubuski.ba\/wp-content\/uploads\/2021\/12\/102498.png","type":"image\/png"}],"author":"Radio Ljubu\u0161ki","twitter_card":"summary_large_image","twitter_creator":"@radioljubuski","twitter_site":"@radioljubuski","twitter_misc":{"Napisao\/la":"Radio Ljubu\u0161ki","Procijenjeno vrijeme \u010ditanja":"2 minute"},"schema":{"@context":"https:\/\/schema.org","@graph":[{"@type":"Article","@id":"https:\/\/radioljubuski.ba\/index.php\/2021\/12\/03\/covic-ispricavam-se-svima-koje-je-nase-glasanje-povrijedilo-to-vise-nikada-necemo-uraditi\/#article","isPartOf":{"@id":"https:\/\/radioljubuski.ba\/index.php\/2021\/12\/03\/covic-ispricavam-se-svima-koje-je-nase-glasanje-povrijedilo-to-vise-nikada-necemo-uraditi\/"},"author":{"name":"Radio Ljubu\u0161ki","@id":"https:\/\/radioljubuski.ba\/#\/schema\/person\/19fc700381a780f69665d7956c469e3b"},"headline":"\u010covi\u0107: Ispri\u010davam se svima koje je na\u0161e glasanje povrijedilo, to vi\u0161e nikada ne\u0107emo uraditi","datePublished":"2021-12-03T14:45:54+00:00","dateModified":"2021-12-03T14:45:55+00:00","mainEntityOfPage":{"@id":"https:\/\/radioljubuski.ba\/index.php\/2021\/12\/03\/covic-ispricavam-se-svima-koje-je-nase-glasanje-povrijedilo-to-vise-nikada-necemo-uraditi\/"},"wordCount":324,"publisher":{"@id":"https:\/\/radioljubuski.ba\/#organization"},"image":{"@id":"https:\/\/radioljubuski.ba\/index.php\/2021\/12\/03\/covic-ispricavam-se-svima-koje-je-nase-glasanje-povrijedilo-to-vise-nikada-necemo-uraditi\/#primaryimage"},"thumbnailUrl":"https:\/\/radioljubuski.ba\/wp-content\/uploads\/2021\/12\/102498.png","articleSection":["BIH i regija"],"inLanguage":"hr"},{"@type":"WebPage","@id":"https:\/\/radioljubuski.ba\/index.php\/2021\/12\/03\/covic-ispricavam-se-svima-koje-je-nase-glasanje-povrijedilo-to-vise-nikada-necemo-uraditi\/","url":"https:\/\/radioljubuski.ba\/index.php\/2021\/12\/03\/covic-ispricavam-se-svima-koje-je-nase-glasanje-povrijedilo-to-vise-nikada-necemo-uraditi\/","name":"\u010covi\u0107: Ispri\u010davam se svima koje je na\u0161e glasanje povrijedilo, to vi\u0161e nikada ne\u0107emo uraditi - RADIO LJUBU\u0160KI","isPartOf":{"@id":"https:\/\/radioljubuski.ba\/#website"},"primaryImageOfPage":{"@id":"https:\/\/radioljubuski.ba\/index.php\/2021\/12\/03\/covic-ispricavam-se-svima-koje-je-nase-glasanje-povrijedilo-to-vise-nikada-necemo-uraditi\/#primaryimage"},"image":{"@id":"https:\/\/radioljubuski.ba\/index.php\/2021\/12\/03\/covic-ispricavam-se-svima-koje-je-nase-glasanje-povrijedilo-to-vise-nikada-necemo-uraditi\/#primaryimage"},"thumbnailUrl":"https:\/\/radioljubuski.ba\/wp-content\/uploads\/2021\/12\/102498.png","datePublished":"2021-12-03T14:45:54+00:00","dateModified":"2021-12-03T14:45:55+00:00","breadcrumb":{"@id":"https:\/\/radioljubuski.ba\/index.php\/2021\/12\/03\/covic-ispricavam-se-svima-koje-je-nase-glasanje-povrijedilo-to-vise-nikada-necemo-uraditi\/#breadcrumb"},"inLanguage":"hr","potentialAction":[{"@type":"ReadAction","target":["https:\/\/radioljubuski.ba\/index.php\/2021\/12\/03\/covic-ispricavam-se-svima-koje-je-nase-glasanje-povrijedilo-to-vise-nikada-necemo-uraditi\/"]}]},{"@type":"ImageObject","inLanguage":"hr","@id":"https:\/\/radioljubuski.ba\/index.php\/2021\/12\/03\/covic-ispricavam-se-svima-koje-je-nase-glasanje-povrijedilo-to-vise-nikada-necemo-uraditi\/#primaryimage","url":"https:\/\/radioljubuski.ba\/wp-content\/uploads\/2021\/12\/102498.png","contentUrl":"https:\/\/radioljubuski.ba\/wp-content\/uploads\/2021\/12\/102498.png","width":895,"height":488},{"@type":"BreadcrumbList","@id":"https:\/\/radioljubuski.ba\/index.php\/2021\/12\/03\/covic-ispricavam-se-svima-koje-je-nase-glasanje-povrijedilo-to-vise-nikada-necemo-uraditi\/#breadcrumb","itemListElement":[{"@type":"ListItem","position":1,"name":"Po\u010detna stranica","item":"https:\/\/radioljubuski.ba\/"},{"@type":"ListItem","position":2,"name":"\u010covi\u0107: Ispri\u010davam se svima koje je na\u0161e glasanje povrijedilo, to vi\u0161e nikada ne\u0107emo uraditi"}]},{"@type":"WebSite","@id":"https:\/\/radioljubuski.ba\/#website","url":"https:\/\/radioljubuski.ba\/","name":"Radio Ljubu\u0161ki","description":"Sun\u010dana frekvencija Hercegovine","publisher":{"@id":"https:\/\/radioljubuski.ba\/#organization"},"potentialAction":[{"@type":"SearchAction","target":{"@type":"EntryPoint","urlTemplate":"https:\/\/radioljubuski.ba\/?s={search_term_string}"},"query-input":{"@type":"PropertyValueSpecification","valueRequired":true,"valueName":"search_term_string"}}],"inLanguage":"hr"},{"@type":"Organization","@id":"https:\/\/radioljubuski.ba\/#organization","name":"Radio Ljubu\u0161ki","url":"https:\/\/radioljubuski.ba\/","logo":{"@type":"ImageObject","inLanguage":"hr","@id":"https:\/\/radioljubuski.ba\/#\/schema\/logo\/image\/","url":"https:\/\/radioljubuski.ba\/wp-content\/uploads\/2021\/02\/cropped-Radio_Ljubuski_logo1.jpg","contentUrl":"https:\/\/radioljubuski.ba\/wp-content\/uploads\/2021\/02\/cropped-Radio_Ljubuski_logo1.jpg","width":512,"height":512,"caption":"Radio Ljubu\u0161ki"},"image":{"@id":"https:\/\/radioljubuski.ba\/#\/schema\/logo\/image\/"},"sameAs":["https:\/\/www.facebook.com\/Radiio-Ljubuski-1490835324566332","https:\/\/x.com\/radioljubuski","https:\/\/hr.linkedin.com\/company\/radio-ljubuski","https:\/\/www.youtube.com\/channel\/UCHYaeO_n0Db3tjNGudGpXyw"]},{"@type":"Person","@id":"https:\/\/radioljubuski.ba\/#\/schema\/person\/19fc700381a780f69665d7956c469e3b","name":"Radio Ljubu\u0161ki"}]}},"_links":{"self":[{"href":"https:\/\/radioljubuski.ba\/index.php\/wp-json\/wp\/v2\/posts\/95391","targetHints":{"allow":["GET"]}}],"collection":[{"href":"https:\/\/radioljubuski.ba\/index.php\/wp-json\/wp\/v2\/posts"}],"about":[{"href":"https:\/\/radioljubuski.ba\/index.php\/wp-json\/wp\/v2\/types\/post"}],"author":[{"embeddable":true,"href":"https:\/\/radioljubuski.ba\/index.php\/wp-json\/wp\/v2\/users\/2"}],"replies":[{"embeddable":true,"href":"https:\/\/radioljubuski.ba\/index.php\/wp-json\/wp\/v2\/comments?post=95391"}],"version-history":[{"count":1,"href":"https:\/\/radioljubuski.ba\/index.php\/wp-json\/wp\/v2\/posts\/95391\/revisions"}],"predecessor-version":[{"id":95393,"href":"https:\/\/radioljubuski.ba\/index.php\/wp-json\/wp\/v2\/posts\/95391\/revisions\/95393"}],"wp:featuredmedia":[{"embeddable":true,"href":"https:\/\/radioljubuski.ba\/index.php\/wp-json\/wp\/v2\/media\/95392"}],"wp:attachment":[{"href":"https:\/\/radioljubuski.ba\/index.php\/wp-json\/wp\/v2\/media?parent=95391"}],"wp:term":[{"taxonomy":"category","embeddable":true,"href":"https:\/\/radioljubuski.ba\/index.php\/wp-json\/wp\/v2\/categories?post=95391"},{"taxonomy":"post_tag","embeddable":true,"href":"https:\/\/radioljubuski.ba\/index.php\/wp-json\/wp\/v2\/tags?post=95391"}],"curies":[{"name":"wp","href":"https:\/\/api.w.org\/{rel}","templated":true}]}}