{"id":95394,"date":"2021-12-03T15:46:45","date_gmt":"2021-12-03T14:46:45","guid":{"rendered":"https:\/\/radioljubuski.ba\/?p=95394"},"modified":"2021-12-03T15:46:46","modified_gmt":"2021-12-03T14:46:46","slug":"za-bih-je-najbolje-da-se-vrati-daytonskom-sporazumu","status":"publish","type":"post","link":"https:\/\/radioljubuski.ba\/index.php\/2021\/12\/03\/za-bih-je-najbolje-da-se-vrati-daytonskom-sporazumu\/","title":{"rendered":"Za BiH je najbolje da se vrati Daytonskom sporazumu"},"content":{"rendered":"\n<p><strong>Srpski \u010dlan Predsjedni\u0161tva BiH Milorad Dodik razgovarao je u Moskvi s predsjednikom Rusije Vladimirom Putinom.<\/strong><\/p>\n\n\n\n<p>\u2013 S predsjednikom Putinom razgovarao sam o aktualnoj situaciji u regiji. Upoznao sam Putina s na\u0161im vi\u0111enjem situacije u Bosni i Hercegovini. Mogu da ka\u017eem da je on veoma upoznat s detaljima i interesiralo ga je gotovo svako od pitanja mogu\u0107eg razvoja politi\u010dke situacije, rada i pona\u0161anja me\u0111unarodnih aktera, statusa Republike Srpske, ustavnih rje\u0161enja ali i kako se razvijaju zajedni\u010dki ekonomski projekti s Rusijom \u2013 izjavio je Dodik u intervjuu za RTRS.<\/p>\n\n\n\n<p>Dodik isti\u010de da je zadovoljan razgovorom s Putinom, da su razgovarali o aktualnoj situaciji u Srpskoj i BiH i zajedni\u010dkim ekonomskim projektima.<\/p>\n\n\n\n<p>Naveo je da je s Putinom dogovorio istu cijenu plina i da je ruski predsjednik podr\u017eava izgradnju plinovoda kroz Republiku Srpsku o \u010demu \u0107e sutra razgovarati s predstavnicima Gasproma, prenosi RTRS.<\/p>\n\n\n\n<p>Dodik je informirao Putina o poku\u0161aju otimanja imovine Republike Srpske, \u0161to nije u skladu s Daytonom, i to Srpska ne mo\u017ee sebi dozvoliti.<\/p>\n\n\n\n<p>\u2013 Imamo jednu iskrenu opredijeljenost predsjednika Putina da razumije veoma slo\u017eenu situaciju kod nas, da izrazi \u017eelju da pomogne u svakom konkretnom projektu, to je ne\u0161to \u0161to je najva\u017enije. \u0408a nisam bio ovdje da nekoga kritiziram ili bacam teret na nekog drugog, to nije moj stil. \u0408a sam samo govorio o tome kako BiH mo\u017ee funkcionirati, da je za nju najbolje da se vrati Daytonskom sporazumu. \u010cini mi se da ovdje za to postoji razumijevanje \u2013 rekao je Dodik za ATV poslije sastanka s Putinom u Moskvi.<\/p>\n\n\n\n<p>On je istakano da Putin nije ni\u0161ta rekao protiv BiH, ali je rekao da svi moraju biti po\u0161tovani, da se moraju po\u0161tovati entiteti, konstitutivni narodi i svi gra\u0111ani.<\/p>\n\n\n\n<p>Dodik smatra da je neprihvatljivo da se mijenjaju elementi konstitutivnosti naroda u BiH i za to postoji podr\u0161ka Rusije, za razliku od liberalnih koncepcija sa zapada, koji, kako ka\u017ee, ganjaju pri\u010du o \u201capstraktnom gra\u0111aninu\u201d.<\/p>\n\n\n\n<p>On je dodao da su Putinu prenijeli stav Srpske da samo legitimno izabrani visoki predstavnik mo\u017ee imati podr\u0161ku i legitimitet u BiH s \u010dim se Putin suglasio.<\/p>\n\n\n\n<p>\u2013 Razgovarali smo i o kulturnoj i svakoj drugoj vrsti suradnje, pogotovo o politi\u010dkim pitanjima. Putin je iznio svoj stav vezano za Daytonski sporazum. Rusija ima niz primjedbi o nepo\u0161tivanju Daytonskog sporazuma i da u tom pogledu stavi ta pitanja na dnevni red Vije\u0107u sigurnosti UN. To je za nas va\u017eno imaju\u0107i u vidu razne spekulacije \u2013 rekao je Dodik .<\/p>\n\n\n\n<p>Dodik ka\u017ee da je u Moskvi kao predstavnik jedne male zajednice koja se zove Republika Srpska i da jedna velika Rusija ima pa\u017enju za na\u0161e probleme.<\/p>\n\n\n\n<p>On je na sastanku predstavio probleme onako kako ih vidi Republika Srpska.<\/p>\n\n\n\n<p>\u2013 Pri\u010da koju slu\u0161amo o malignim ruskim utjecajima apsolutno se gubi i prikazuje se potpuno besmislena kada razgovarate s \u010dovjekom koji vodi ovu veliku zemlju i koji \u017eeli svima dobro. Prenosim da Putin primarno \u017eeli mir, da se po\u0161tuje me\u0111unarodno pravo i Daytonski sporazum \u2013 naglasio je Dodik.<\/p>\n\n\n\n<p>Dva lidera su razgovarala i o ekonomsko-financijskoj podr\u0161ci i o projektima koji se ostvaruju u Srpskoj, te je istaknuo da su danas \u201codobrili lokaciju u Nevesinju za izgradnju solarne elektrane\u201d.<\/p>\n\n\n\n<p>\/HMS\/<\/p>\n","protected":false},"excerpt":{"rendered":"<p>Srpski \u010dlan Predsjedni\u0161tva BiH Milorad Dodik razgovarao je u Moskvi s predsjednikom Rusije Vladimirom Putinom. \u2013 S predsjednikom Putinom razgovarao sam o aktualnoj situaciji u regiji. Upoznao sam Putina s na\u0161im vi\u0111enjem situacije u Bosni i Hercegovini. Mogu da ka\u017eem da je on veoma upoznat s detaljima i interesiralo ga je gotovo svako od pitanja [&hellip;]<\/p>\n","protected":false},"author":2,"featured_media":95395,"comment_status":"closed","ping_status":"closed","sticky":false,"template":"","format":"standard","meta":{"h5ap_radio_sources":[],"footnotes":""},"categories":[1],"tags":[],"class_list":["post-95394","post","type-post","status-publish","format-standard","has-post-thumbnail","hentry","category-bihiregija"],"yoast_head":"<!-- This site is optimized with the Yoast SEO plugin v27.4 - https:\/\/yoast.com\/product\/yoast-seo-wordpress\/ -->\n<title>Za BiH je najbolje da se vrati Daytonskom sporazumu - RADIO LJUBU\u0160KI<\/title>\n<meta name=\"robots\" content=\"index, follow, max-snippet:-1, max-image-preview:large, max-video-preview:-1\" \/>\n<link rel=\"canonical\" href=\"https:\/\/radioljubuski.ba\/index.php\/2021\/12\/03\/za-bih-je-najbolje-da-se-vrati-daytonskom-sporazumu\/\" \/>\n<meta property=\"og:locale\" content=\"hr_HR\" \/>\n<meta property=\"og:type\" content=\"article\" \/>\n<meta property=\"og:title\" content=\"Za BiH je najbolje da se vrati Daytonskom sporazumu - RADIO LJUBU\u0160KI\" \/>\n<meta property=\"og:description\" content=\"Srpski \u010dlan Predsjedni\u0161tva BiH Milorad Dodik razgovarao je u Moskvi s predsjednikom Rusije Vladimirom Putinom. \u2013 S predsjednikom Putinom razgovarao sam o aktualnoj situaciji u regiji. Upoznao sam Putina s na\u0161im vi\u0111enjem situacije u Bosni i Hercegovini. Mogu da ka\u017eem da je on veoma upoznat s detaljima i interesiralo ga je gotovo svako od pitanja [&hellip;]\" \/>\n<meta property=\"og:url\" content=\"https:\/\/radioljubuski.ba\/index.php\/2021\/12\/03\/za-bih-je-najbolje-da-se-vrati-daytonskom-sporazumu\/\" \/>\n<meta property=\"og:site_name\" content=\"RADIO LJUBU\u0160KI\" \/>\n<meta property=\"article:publisher\" content=\"https:\/\/www.facebook.com\/Radiio-Ljubuski-1490835324566332\" \/>\n<meta property=\"article:published_time\" content=\"2021-12-03T14:46:45+00:00\" \/>\n<meta property=\"article:modified_time\" content=\"2021-12-03T14:46:46+00:00\" \/>\n<meta property=\"og:image\" content=\"https:\/\/radioljubuski.ba\/wp-content\/uploads\/2021\/12\/o_102520_480.jpg\" \/>\n\t<meta property=\"og:image:width\" content=\"480\" \/>\n\t<meta property=\"og:image:height\" content=\"270\" \/>\n\t<meta property=\"og:image:type\" content=\"image\/jpeg\" \/>\n<meta name=\"author\" content=\"Radio Ljubu\u0161ki\" \/>\n<meta name=\"twitter:card\" content=\"summary_large_image\" \/>\n<meta name=\"twitter:creator\" content=\"@radioljubuski\" \/>\n<meta name=\"twitter:site\" content=\"@radioljubuski\" \/>\n<meta name=\"twitter:label1\" content=\"Napisao\/la\" \/>\n\t<meta name=\"twitter:data1\" content=\"Radio Ljubu\u0161ki\" \/>\n\t<meta name=\"twitter:label2\" content=\"Procijenjeno vrijeme \u010ditanja\" \/>\n\t<meta name=\"twitter:data2\" content=\"3 minute\" \/>\n<script type=\"application\/ld+json\" class=\"yoast-schema-graph\">{\"@context\":\"https:\\\/\\\/schema.org\",\"@graph\":[{\"@type\":\"Article\",\"@id\":\"https:\\\/\\\/radioljubuski.ba\\\/index.php\\\/2021\\\/12\\\/03\\\/za-bih-je-najbolje-da-se-vrati-daytonskom-sporazumu\\\/#article\",\"isPartOf\":{\"@id\":\"https:\\\/\\\/radioljubuski.ba\\\/index.php\\\/2021\\\/12\\\/03\\\/za-bih-je-najbolje-da-se-vrati-daytonskom-sporazumu\\\/\"},\"author\":{\"name\":\"Radio Ljubu\u0161ki\",\"@id\":\"https:\\\/\\\/radioljubuski.ba\\\/#\\\/schema\\\/person\\\/19fc700381a780f69665d7956c469e3b\"},\"headline\":\"Za BiH je najbolje da se vrati Daytonskom sporazumu\",\"datePublished\":\"2021-12-03T14:46:45+00:00\",\"dateModified\":\"2021-12-03T14:46:46+00:00\",\"mainEntityOfPage\":{\"@id\":\"https:\\\/\\\/radioljubuski.ba\\\/index.php\\\/2021\\\/12\\\/03\\\/za-bih-je-najbolje-da-se-vrati-daytonskom-sporazumu\\\/\"},\"wordCount\":559,\"publisher\":{\"@id\":\"https:\\\/\\\/radioljubuski.ba\\\/#organization\"},\"image\":{\"@id\":\"https:\\\/\\\/radioljubuski.ba\\\/index.php\\\/2021\\\/12\\\/03\\\/za-bih-je-najbolje-da-se-vrati-daytonskom-sporazumu\\\/#primaryimage\"},\"thumbnailUrl\":\"https:\\\/\\\/radioljubuski.ba\\\/wp-content\\\/uploads\\\/2021\\\/12\\\/o_102520_480.jpg\",\"articleSection\":[\"BIH i regija\"],\"inLanguage\":\"hr\"},{\"@type\":\"WebPage\",\"@id\":\"https:\\\/\\\/radioljubuski.ba\\\/index.php\\\/2021\\\/12\\\/03\\\/za-bih-je-najbolje-da-se-vrati-daytonskom-sporazumu\\\/\",\"url\":\"https:\\\/\\\/radioljubuski.ba\\\/index.php\\\/2021\\\/12\\\/03\\\/za-bih-je-najbolje-da-se-vrati-daytonskom-sporazumu\\\/\",\"name\":\"Za BiH je najbolje da se vrati Daytonskom sporazumu - RADIO LJUBU\u0160KI\",\"isPartOf\":{\"@id\":\"https:\\\/\\\/radioljubuski.ba\\\/#website\"},\"primaryImageOfPage\":{\"@id\":\"https:\\\/\\\/radioljubuski.ba\\\/index.php\\\/2021\\\/12\\\/03\\\/za-bih-je-najbolje-da-se-vrati-daytonskom-sporazumu\\\/#primaryimage\"},\"image\":{\"@id\":\"https:\\\/\\\/radioljubuski.ba\\\/index.php\\\/2021\\\/12\\\/03\\\/za-bih-je-najbolje-da-se-vrati-daytonskom-sporazumu\\\/#primaryimage\"},\"thumbnailUrl\":\"https:\\\/\\\/radioljubuski.ba\\\/wp-content\\\/uploads\\\/2021\\\/12\\\/o_102520_480.jpg\",\"datePublished\":\"2021-12-03T14:46:45+00:00\",\"dateModified\":\"2021-12-03T14:46:46+00:00\",\"breadcrumb\":{\"@id\":\"https:\\\/\\\/radioljubuski.ba\\\/index.php\\\/2021\\\/12\\\/03\\\/za-bih-je-najbolje-da-se-vrati-daytonskom-sporazumu\\\/#breadcrumb\"},\"inLanguage\":\"hr\",\"potentialAction\":[{\"@type\":\"ReadAction\",\"target\":[\"https:\\\/\\\/radioljubuski.ba\\\/index.php\\\/2021\\\/12\\\/03\\\/za-bih-je-najbolje-da-se-vrati-daytonskom-sporazumu\\\/\"]}]},{\"@type\":\"ImageObject\",\"inLanguage\":\"hr\",\"@id\":\"https:\\\/\\\/radioljubuski.ba\\\/index.php\\\/2021\\\/12\\\/03\\\/za-bih-je-najbolje-da-se-vrati-daytonskom-sporazumu\\\/#primaryimage\",\"url\":\"https:\\\/\\\/radioljubuski.ba\\\/wp-content\\\/uploads\\\/2021\\\/12\\\/o_102520_480.jpg\",\"contentUrl\":\"https:\\\/\\\/radioljubuski.ba\\\/wp-content\\\/uploads\\\/2021\\\/12\\\/o_102520_480.jpg\",\"width\":480,\"height\":270},{\"@type\":\"BreadcrumbList\",\"@id\":\"https:\\\/\\\/radioljubuski.ba\\\/index.php\\\/2021\\\/12\\\/03\\\/za-bih-je-najbolje-da-se-vrati-daytonskom-sporazumu\\\/#breadcrumb\",\"itemListElement\":[{\"@type\":\"ListItem\",\"position\":1,\"name\":\"Po\u010detna stranica\",\"item\":\"https:\\\/\\\/radioljubuski.ba\\\/\"},{\"@type\":\"ListItem\",\"position\":2,\"name\":\"Za BiH je najbolje da se vrati Daytonskom sporazumu\"}]},{\"@type\":\"WebSite\",\"@id\":\"https:\\\/\\\/radioljubuski.ba\\\/#website\",\"url\":\"https:\\\/\\\/radioljubuski.ba\\\/\",\"name\":\"Radio Ljubu\u0161ki\",\"description\":\"Sun\u010dana frekvencija Hercegovine\",\"publisher\":{\"@id\":\"https:\\\/\\\/radioljubuski.ba\\\/#organization\"},\"potentialAction\":[{\"@type\":\"SearchAction\",\"target\":{\"@type\":\"EntryPoint\",\"urlTemplate\":\"https:\\\/\\\/radioljubuski.ba\\\/?s={search_term_string}\"},\"query-input\":{\"@type\":\"PropertyValueSpecification\",\"valueRequired\":true,\"valueName\":\"search_term_string\"}}],\"inLanguage\":\"hr\"},{\"@type\":\"Organization\",\"@id\":\"https:\\\/\\\/radioljubuski.ba\\\/#organization\",\"name\":\"Radio Ljubu\u0161ki\",\"url\":\"https:\\\/\\\/radioljubuski.ba\\\/\",\"logo\":{\"@type\":\"ImageObject\",\"inLanguage\":\"hr\",\"@id\":\"https:\\\/\\\/radioljubuski.ba\\\/#\\\/schema\\\/logo\\\/image\\\/\",\"url\":\"https:\\\/\\\/radioljubuski.ba\\\/wp-content\\\/uploads\\\/2021\\\/02\\\/cropped-Radio_Ljubuski_logo1.jpg\",\"contentUrl\":\"https:\\\/\\\/radioljubuski.ba\\\/wp-content\\\/uploads\\\/2021\\\/02\\\/cropped-Radio_Ljubuski_logo1.jpg\",\"width\":512,\"height\":512,\"caption\":\"Radio Ljubu\u0161ki\"},\"image\":{\"@id\":\"https:\\\/\\\/radioljubuski.ba\\\/#\\\/schema\\\/logo\\\/image\\\/\"},\"sameAs\":[\"https:\\\/\\\/www.facebook.com\\\/Radiio-Ljubuski-1490835324566332\",\"https:\\\/\\\/x.com\\\/radioljubuski\",\"https:\\\/\\\/hr.linkedin.com\\\/company\\\/radio-ljubuski\",\"https:\\\/\\\/www.youtube.com\\\/channel\\\/UCHYaeO_n0Db3tjNGudGpXyw\"]},{\"@type\":\"Person\",\"@id\":\"https:\\\/\\\/radioljubuski.ba\\\/#\\\/schema\\\/person\\\/19fc700381a780f69665d7956c469e3b\",\"name\":\"Radio Ljubu\u0161ki\"}]}<\/script>\n<!-- \/ Yoast SEO plugin. -->","yoast_head_json":{"title":"Za BiH je najbolje da se vrati Daytonskom sporazumu - RADIO LJUBU\u0160KI","robots":{"index":"index","follow":"follow","max-snippet":"max-snippet:-1","max-image-preview":"max-image-preview:large","max-video-preview":"max-video-preview:-1"},"canonical":"https:\/\/radioljubuski.ba\/index.php\/2021\/12\/03\/za-bih-je-najbolje-da-se-vrati-daytonskom-sporazumu\/","og_locale":"hr_HR","og_type":"article","og_title":"Za BiH je najbolje da se vrati Daytonskom sporazumu - RADIO LJUBU\u0160KI","og_description":"Srpski \u010dlan Predsjedni\u0161tva BiH Milorad Dodik razgovarao je u Moskvi s predsjednikom Rusije Vladimirom Putinom. \u2013 S predsjednikom Putinom razgovarao sam o aktualnoj situaciji u regiji. Upoznao sam Putina s na\u0161im vi\u0111enjem situacije u Bosni i Hercegovini. Mogu da ka\u017eem da je on veoma upoznat s detaljima i interesiralo ga je gotovo svako od pitanja [&hellip;]","og_url":"https:\/\/radioljubuski.ba\/index.php\/2021\/12\/03\/za-bih-je-najbolje-da-se-vrati-daytonskom-sporazumu\/","og_site_name":"RADIO LJUBU\u0160KI","article_publisher":"https:\/\/www.facebook.com\/Radiio-Ljubuski-1490835324566332","article_published_time":"2021-12-03T14:46:45+00:00","article_modified_time":"2021-12-03T14:46:46+00:00","og_image":[{"width":480,"height":270,"url":"https:\/\/radioljubuski.ba\/wp-content\/uploads\/2021\/12\/o_102520_480.jpg","type":"image\/jpeg"}],"author":"Radio Ljubu\u0161ki","twitter_card":"summary_large_image","twitter_creator":"@radioljubuski","twitter_site":"@radioljubuski","twitter_misc":{"Napisao\/la":"Radio Ljubu\u0161ki","Procijenjeno vrijeme \u010ditanja":"3 minute"},"schema":{"@context":"https:\/\/schema.org","@graph":[{"@type":"Article","@id":"https:\/\/radioljubuski.ba\/index.php\/2021\/12\/03\/za-bih-je-najbolje-da-se-vrati-daytonskom-sporazumu\/#article","isPartOf":{"@id":"https:\/\/radioljubuski.ba\/index.php\/2021\/12\/03\/za-bih-je-najbolje-da-se-vrati-daytonskom-sporazumu\/"},"author":{"name":"Radio Ljubu\u0161ki","@id":"https:\/\/radioljubuski.ba\/#\/schema\/person\/19fc700381a780f69665d7956c469e3b"},"headline":"Za BiH je najbolje da se vrati Daytonskom sporazumu","datePublished":"2021-12-03T14:46:45+00:00","dateModified":"2021-12-03T14:46:46+00:00","mainEntityOfPage":{"@id":"https:\/\/radioljubuski.ba\/index.php\/2021\/12\/03\/za-bih-je-najbolje-da-se-vrati-daytonskom-sporazumu\/"},"wordCount":559,"publisher":{"@id":"https:\/\/radioljubuski.ba\/#organization"},"image":{"@id":"https:\/\/radioljubuski.ba\/index.php\/2021\/12\/03\/za-bih-je-najbolje-da-se-vrati-daytonskom-sporazumu\/#primaryimage"},"thumbnailUrl":"https:\/\/radioljubuski.ba\/wp-content\/uploads\/2021\/12\/o_102520_480.jpg","articleSection":["BIH i regija"],"inLanguage":"hr"},{"@type":"WebPage","@id":"https:\/\/radioljubuski.ba\/index.php\/2021\/12\/03\/za-bih-je-najbolje-da-se-vrati-daytonskom-sporazumu\/","url":"https:\/\/radioljubuski.ba\/index.php\/2021\/12\/03\/za-bih-je-najbolje-da-se-vrati-daytonskom-sporazumu\/","name":"Za BiH je najbolje da se vrati Daytonskom sporazumu - RADIO LJUBU\u0160KI","isPartOf":{"@id":"https:\/\/radioljubuski.ba\/#website"},"primaryImageOfPage":{"@id":"https:\/\/radioljubuski.ba\/index.php\/2021\/12\/03\/za-bih-je-najbolje-da-se-vrati-daytonskom-sporazumu\/#primaryimage"},"image":{"@id":"https:\/\/radioljubuski.ba\/index.php\/2021\/12\/03\/za-bih-je-najbolje-da-se-vrati-daytonskom-sporazumu\/#primaryimage"},"thumbnailUrl":"https:\/\/radioljubuski.ba\/wp-content\/uploads\/2021\/12\/o_102520_480.jpg","datePublished":"2021-12-03T14:46:45+00:00","dateModified":"2021-12-03T14:46:46+00:00","breadcrumb":{"@id":"https:\/\/radioljubuski.ba\/index.php\/2021\/12\/03\/za-bih-je-najbolje-da-se-vrati-daytonskom-sporazumu\/#breadcrumb"},"inLanguage":"hr","potentialAction":[{"@type":"ReadAction","target":["https:\/\/radioljubuski.ba\/index.php\/2021\/12\/03\/za-bih-je-najbolje-da-se-vrati-daytonskom-sporazumu\/"]}]},{"@type":"ImageObject","inLanguage":"hr","@id":"https:\/\/radioljubuski.ba\/index.php\/2021\/12\/03\/za-bih-je-najbolje-da-se-vrati-daytonskom-sporazumu\/#primaryimage","url":"https:\/\/radioljubuski.ba\/wp-content\/uploads\/2021\/12\/o_102520_480.jpg","contentUrl":"https:\/\/radioljubuski.ba\/wp-content\/uploads\/2021\/12\/o_102520_480.jpg","width":480,"height":270},{"@type":"BreadcrumbList","@id":"https:\/\/radioljubuski.ba\/index.php\/2021\/12\/03\/za-bih-je-najbolje-da-se-vrati-daytonskom-sporazumu\/#breadcrumb","itemListElement":[{"@type":"ListItem","position":1,"name":"Po\u010detna stranica","item":"https:\/\/radioljubuski.ba\/"},{"@type":"ListItem","position":2,"name":"Za BiH je najbolje da se vrati Daytonskom sporazumu"}]},{"@type":"WebSite","@id":"https:\/\/radioljubuski.ba\/#website","url":"https:\/\/radioljubuski.ba\/","name":"Radio Ljubu\u0161ki","description":"Sun\u010dana frekvencija Hercegovine","publisher":{"@id":"https:\/\/radioljubuski.ba\/#organization"},"potentialAction":[{"@type":"SearchAction","target":{"@type":"EntryPoint","urlTemplate":"https:\/\/radioljubuski.ba\/?s={search_term_string}"},"query-input":{"@type":"PropertyValueSpecification","valueRequired":true,"valueName":"search_term_string"}}],"inLanguage":"hr"},{"@type":"Organization","@id":"https:\/\/radioljubuski.ba\/#organization","name":"Radio Ljubu\u0161ki","url":"https:\/\/radioljubuski.ba\/","logo":{"@type":"ImageObject","inLanguage":"hr","@id":"https:\/\/radioljubuski.ba\/#\/schema\/logo\/image\/","url":"https:\/\/radioljubuski.ba\/wp-content\/uploads\/2021\/02\/cropped-Radio_Ljubuski_logo1.jpg","contentUrl":"https:\/\/radioljubuski.ba\/wp-content\/uploads\/2021\/02\/cropped-Radio_Ljubuski_logo1.jpg","width":512,"height":512,"caption":"Radio Ljubu\u0161ki"},"image":{"@id":"https:\/\/radioljubuski.ba\/#\/schema\/logo\/image\/"},"sameAs":["https:\/\/www.facebook.com\/Radiio-Ljubuski-1490835324566332","https:\/\/x.com\/radioljubuski","https:\/\/hr.linkedin.com\/company\/radio-ljubuski","https:\/\/www.youtube.com\/channel\/UCHYaeO_n0Db3tjNGudGpXyw"]},{"@type":"Person","@id":"https:\/\/radioljubuski.ba\/#\/schema\/person\/19fc700381a780f69665d7956c469e3b","name":"Radio Ljubu\u0161ki"}]}},"_links":{"self":[{"href":"https:\/\/radioljubuski.ba\/index.php\/wp-json\/wp\/v2\/posts\/95394","targetHints":{"allow":["GET"]}}],"collection":[{"href":"https:\/\/radioljubuski.ba\/index.php\/wp-json\/wp\/v2\/posts"}],"about":[{"href":"https:\/\/radioljubuski.ba\/index.php\/wp-json\/wp\/v2\/types\/post"}],"author":[{"embeddable":true,"href":"https:\/\/radioljubuski.ba\/index.php\/wp-json\/wp\/v2\/users\/2"}],"replies":[{"embeddable":true,"href":"https:\/\/radioljubuski.ba\/index.php\/wp-json\/wp\/v2\/comments?post=95394"}],"version-history":[{"count":1,"href":"https:\/\/radioljubuski.ba\/index.php\/wp-json\/wp\/v2\/posts\/95394\/revisions"}],"predecessor-version":[{"id":95396,"href":"https:\/\/radioljubuski.ba\/index.php\/wp-json\/wp\/v2\/posts\/95394\/revisions\/95396"}],"wp:featuredmedia":[{"embeddable":true,"href":"https:\/\/radioljubuski.ba\/index.php\/wp-json\/wp\/v2\/media\/95395"}],"wp:attachment":[{"href":"https:\/\/radioljubuski.ba\/index.php\/wp-json\/wp\/v2\/media?parent=95394"}],"wp:term":[{"taxonomy":"category","embeddable":true,"href":"https:\/\/radioljubuski.ba\/index.php\/wp-json\/wp\/v2\/categories?post=95394"},{"taxonomy":"post_tag","embeddable":true,"href":"https:\/\/radioljubuski.ba\/index.php\/wp-json\/wp\/v2\/tags?post=95394"}],"curies":[{"name":"wp","href":"https:\/\/api.w.org\/{rel}","templated":true}]}}