{"id":95412,"date":"2021-12-03T15:53:38","date_gmt":"2021-12-03T14:53:38","guid":{"rendered":"https:\/\/radioljubuski.ba\/?p=95412"},"modified":"2021-12-03T15:53:39","modified_gmt":"2021-12-03T14:53:39","slug":"nakon-neuma-i-ravno-ce-biti-povezano-magistralnom-cestom-s-ostatkom-fbih","status":"publish","type":"post","link":"https:\/\/radioljubuski.ba\/index.php\/2021\/12\/03\/nakon-neuma-i-ravno-ce-biti-povezano-magistralnom-cestom-s-ostatkom-fbih\/","title":{"rendered":"Nakon Neuma i Ravno \u0107e biti povezano magistralnom cestom s ostatkom FBiH"},"content":{"rendered":"\n<p><strong>Vlada FBiH je, na prijedlog Federalnog ministarstva prometa i komunikacija, na sjednici odr\u017eanoj u \u010detvrtak, donijela tri odluke o kategorizaciji pojedinih cesta u Federaciji BiH, saznaje Hrvatski Medijski Servis.<\/strong><\/p>\n\n\n\n<p>Odlukom Vlade F BiH tako je regionalna cesta R-426 (Dra\u010devo-Hutovo-Ravno), du\u017eine 42,51 km, prekategorizirana u magistralnu cestu M-17.6.<\/p>\n\n\n\n<p>Istovremeno su na podru\u010dju Tuzlanske i Zeni\u010dko-dobojske \u017eupanije u magistralnu cestu oznake M-17.1 kategorizirane regionalne ceste R-456 (\u017dep\u010de-Zavidovi\u0107i u du\u017eini od 12,7 km), R-467 (Zavidovi\u0107i-Vozu\u0107a-Ribnica u du\u017eini od 29,4 km), R-469 (Ribnica \u2013 Banovi\u0107i \u2013 \u017divinice \u2013 Dubrave \u2013 Meda\u0161 u du\u017eini od 40,84 km) i R-469a (spoj s Me\u0111unarodnim aerodromom Tuzla u du\u017eini od 0,8 km), ukupne du\u017eine 83,74 km.<\/p>\n\n\n\n<p>Nakon \u0161to JP Ceste Federacije BiH d.o.o. Sarajevo preuzmu na upravljanje ove dvije nove magistralne ceste, one \u0107e, s ciljem kontinuiranog redovitog odr\u017eavanja, biti dodane LOT-ovima u koji su kategorizirane magistralne ceste na ovim podru\u010djima.<\/p>\n\n\n\n<p>Kako je Hrvatski Medijski Servis ve\u0107 pisao, zahtjev za prekategorizaciju ceste Dra\u010devo- Hutovo- Ravno u magistralnu cestu jo\u0161 po\u010detkom godine Federalnom ministarstvu prometa i veza uputili su na\u010delnici Neuma, Ravnog i \u010capljine. Federalni ministar Denis Lasi\u0107 taj je zahtjev prihvatio i u svibnju predlo\u017eio Vladi FBiH da ga usvoji. No, usprotivio mu se federalni premijer Fadil Novali\u0107. Novali\u0107 i bo\u0161nja\u010dki ministri kao uvjet za progla\u0161enje spomenutog cestovnog pravca magistralnim tra\u017eili su da se istodobno magistralnom cestom proglasi i cesta od Konjica preko Bora\u010dkog jezera do mjesta Potoci na sjeveru Mostara, \u010dija je ekonomska opravdanost upitna.<\/p>\n\n\n\n<p>Nakon \u0161est mjeseci dogovor je, ipak, postignut. Tako \u0107e jugoisto\u010dna Hercegovina osim magistralnom cestom Neum- Stolac, u du\u017eini od 43 kilometra, koja bi trebala biti zavr\u0161ena na prolje\u0107e sljede\u0107e godine, uz ovaj horizontalni dobiti i vertikalni magistralni cestovni pravac Ravno- Hutovo- Dra\u010devo.<\/p>\n\n\n\n<p>Rije\u010d je, naime, o krivudavoj asfaltnoj cesti kojom preko Svitave i Hutova, u ljetnim mjesecima, prolazi tisu\u0107e turista prema Neumu, uz njih i stanovni\u0161tvo neumske op\u0107ine koje putuje prema \u010capljini, kao i dostavna vozila. Toliki promet jednotra\u010dnom cestom stvara ogromne gu\u017eve ali i ugro\u017eava sigurnost putnika. Uz to najju\u017enija hercegova\u010dka op\u0107ina Ravno s ostatkom Hercegovine, op\u0107inama \u010capljina, Neum i Ravno, nije povezana magistralnom, ve\u0107 uskom asfaltnom cestom. Apsurd je da se u Ravno mo\u017ee sti\u0107i magistralom kroz Republiku Srpsku, preko Ljubinja, ali ne i teritorijem Federacije BiH.<\/p>\n\n\n\n<p>Progla\u0161enjem putnog pravca Dra\u010devo (spoj s magistralom cestom M-17)- Hutovo (spoj s magistralnom cestom Neum- Stolac)-Ravno, stvorena je pretpostavka za pro\u0161irenje i modernizaciju ovog cestovnog pravca kako bi on postao dvotra\u010dna magistralna cesta poput ceste Stolac-Neum. Ona \u0107e sada biti u nadle\u017enosti Cesta FBiH. O\u010dekuje se da \u0107e to javno poduze\u0107e iz vlastitih ili kreditnih sredstava koja uz suglasnost Vlade FBiH mo\u017ee dobiti od Europske banke za obnovu i razvoj, Europske investicijske i Svjetske banke postoje\u0107u usku asfaltnu cestu pretvoriti u dvotra\u010dni magistralni put po uzoru na cestu Stolac- Neum. Ovim bi osim Neuma i druga hercegova\u010dka op\u0107ina na jugoistoku Hercegovine Ravno bila povezana s Neumom, \u010capljinom i Stocem, a time i ostatkom Federacije BiH, \u0161to je za stanovni\u0161tvo ovog podru\u010dja sjajna vijest.<\/p>\n\n\n\n<p>&nbsp;\/HMS\/<\/p>\n","protected":false},"excerpt":{"rendered":"<p>Vlada FBiH je, na prijedlog Federalnog ministarstva prometa i komunikacija, na sjednici odr\u017eanoj u \u010detvrtak, donijela tri odluke o kategorizaciji pojedinih cesta u Federaciji BiH, saznaje Hrvatski Medijski Servis. Odlukom Vlade F BiH tako je regionalna cesta R-426 (Dra\u010devo-Hutovo-Ravno), du\u017eine 42,51 km, prekategorizirana u magistralnu cestu M-17.6. Istovremeno su na podru\u010dju Tuzlanske i Zeni\u010dko-dobojske \u017eupanije [&hellip;]<\/p>\n","protected":false},"author":2,"featured_media":95413,"comment_status":"closed","ping_status":"closed","sticky":false,"template":"","format":"standard","meta":{"h5ap_radio_sources":[],"footnotes":""},"categories":[1],"tags":[],"class_list":["post-95412","post","type-post","status-publish","format-standard","has-post-thumbnail","hentry","category-bihiregija"],"yoast_head":"<!-- This site is optimized with the Yoast SEO plugin v27.4 - https:\/\/yoast.com\/product\/yoast-seo-wordpress\/ -->\n<title>Nakon Neuma i Ravno \u0107e biti povezano magistralnom cestom s ostatkom FBiH - RADIO LJUBU\u0160KI<\/title>\n<meta name=\"robots\" content=\"index, follow, max-snippet:-1, max-image-preview:large, max-video-preview:-1\" \/>\n<link rel=\"canonical\" href=\"https:\/\/radioljubuski.ba\/index.php\/2021\/12\/03\/nakon-neuma-i-ravno-ce-biti-povezano-magistralnom-cestom-s-ostatkom-fbih\/\" \/>\n<meta property=\"og:locale\" content=\"hr_HR\" \/>\n<meta property=\"og:type\" content=\"article\" \/>\n<meta property=\"og:title\" content=\"Nakon Neuma i Ravno \u0107e biti povezano magistralnom cestom s ostatkom FBiH - RADIO LJUBU\u0160KI\" \/>\n<meta property=\"og:description\" content=\"Vlada FBiH je, na prijedlog Federalnog ministarstva prometa i komunikacija, na sjednici odr\u017eanoj u \u010detvrtak, donijela tri odluke o kategorizaciji pojedinih cesta u Federaciji BiH, saznaje Hrvatski Medijski Servis. Odlukom Vlade F BiH tako je regionalna cesta R-426 (Dra\u010devo-Hutovo-Ravno), du\u017eine 42,51 km, prekategorizirana u magistralnu cestu M-17.6. Istovremeno su na podru\u010dju Tuzlanske i Zeni\u010dko-dobojske \u017eupanije [&hellip;]\" \/>\n<meta property=\"og:url\" content=\"https:\/\/radioljubuski.ba\/index.php\/2021\/12\/03\/nakon-neuma-i-ravno-ce-biti-povezano-magistralnom-cestom-s-ostatkom-fbih\/\" \/>\n<meta property=\"og:site_name\" content=\"RADIO LJUBU\u0160KI\" \/>\n<meta property=\"article:publisher\" content=\"https:\/\/www.facebook.com\/Radiio-Ljubuski-1490835324566332\" \/>\n<meta property=\"article:published_time\" content=\"2021-12-03T14:53:38+00:00\" \/>\n<meta property=\"article:modified_time\" content=\"2021-12-03T14:53:39+00:00\" \/>\n<meta property=\"og:image\" content=\"https:\/\/radioljubuski.ba\/wp-content\/uploads\/2021\/12\/ceta-preko-svitave.jpg\" \/>\n\t<meta property=\"og:image:width\" content=\"1024\" \/>\n\t<meta property=\"og:image:height\" content=\"701\" \/>\n\t<meta property=\"og:image:type\" content=\"image\/jpeg\" \/>\n<meta name=\"author\" content=\"Radio Ljubu\u0161ki\" \/>\n<meta name=\"twitter:card\" content=\"summary_large_image\" \/>\n<meta name=\"twitter:creator\" content=\"@radioljubuski\" \/>\n<meta name=\"twitter:site\" content=\"@radioljubuski\" \/>\n<meta name=\"twitter:label1\" content=\"Napisao\/la\" \/>\n\t<meta name=\"twitter:data1\" content=\"Radio Ljubu\u0161ki\" \/>\n\t<meta name=\"twitter:label2\" content=\"Procijenjeno vrijeme \u010ditanja\" \/>\n\t<meta name=\"twitter:data2\" content=\"3 minute\" \/>\n<script type=\"application\/ld+json\" class=\"yoast-schema-graph\">{\"@context\":\"https:\\\/\\\/schema.org\",\"@graph\":[{\"@type\":\"Article\",\"@id\":\"https:\\\/\\\/radioljubuski.ba\\\/index.php\\\/2021\\\/12\\\/03\\\/nakon-neuma-i-ravno-ce-biti-povezano-magistralnom-cestom-s-ostatkom-fbih\\\/#article\",\"isPartOf\":{\"@id\":\"https:\\\/\\\/radioljubuski.ba\\\/index.php\\\/2021\\\/12\\\/03\\\/nakon-neuma-i-ravno-ce-biti-povezano-magistralnom-cestom-s-ostatkom-fbih\\\/\"},\"author\":{\"name\":\"Radio Ljubu\u0161ki\",\"@id\":\"https:\\\/\\\/radioljubuski.ba\\\/#\\\/schema\\\/person\\\/19fc700381a780f69665d7956c469e3b\"},\"headline\":\"Nakon Neuma i Ravno \u0107e biti povezano magistralnom cestom s ostatkom FBiH\",\"datePublished\":\"2021-12-03T14:53:38+00:00\",\"dateModified\":\"2021-12-03T14:53:39+00:00\",\"mainEntityOfPage\":{\"@id\":\"https:\\\/\\\/radioljubuski.ba\\\/index.php\\\/2021\\\/12\\\/03\\\/nakon-neuma-i-ravno-ce-biti-povezano-magistralnom-cestom-s-ostatkom-fbih\\\/\"},\"wordCount\":557,\"publisher\":{\"@id\":\"https:\\\/\\\/radioljubuski.ba\\\/#organization\"},\"image\":{\"@id\":\"https:\\\/\\\/radioljubuski.ba\\\/index.php\\\/2021\\\/12\\\/03\\\/nakon-neuma-i-ravno-ce-biti-povezano-magistralnom-cestom-s-ostatkom-fbih\\\/#primaryimage\"},\"thumbnailUrl\":\"https:\\\/\\\/radioljubuski.ba\\\/wp-content\\\/uploads\\\/2021\\\/12\\\/ceta-preko-svitave.jpg\",\"articleSection\":[\"BIH i regija\"],\"inLanguage\":\"hr\"},{\"@type\":\"WebPage\",\"@id\":\"https:\\\/\\\/radioljubuski.ba\\\/index.php\\\/2021\\\/12\\\/03\\\/nakon-neuma-i-ravno-ce-biti-povezano-magistralnom-cestom-s-ostatkom-fbih\\\/\",\"url\":\"https:\\\/\\\/radioljubuski.ba\\\/index.php\\\/2021\\\/12\\\/03\\\/nakon-neuma-i-ravno-ce-biti-povezano-magistralnom-cestom-s-ostatkom-fbih\\\/\",\"name\":\"Nakon Neuma i Ravno \u0107e biti povezano magistralnom cestom s ostatkom FBiH - RADIO LJUBU\u0160KI\",\"isPartOf\":{\"@id\":\"https:\\\/\\\/radioljubuski.ba\\\/#website\"},\"primaryImageOfPage\":{\"@id\":\"https:\\\/\\\/radioljubuski.ba\\\/index.php\\\/2021\\\/12\\\/03\\\/nakon-neuma-i-ravno-ce-biti-povezano-magistralnom-cestom-s-ostatkom-fbih\\\/#primaryimage\"},\"image\":{\"@id\":\"https:\\\/\\\/radioljubuski.ba\\\/index.php\\\/2021\\\/12\\\/03\\\/nakon-neuma-i-ravno-ce-biti-povezano-magistralnom-cestom-s-ostatkom-fbih\\\/#primaryimage\"},\"thumbnailUrl\":\"https:\\\/\\\/radioljubuski.ba\\\/wp-content\\\/uploads\\\/2021\\\/12\\\/ceta-preko-svitave.jpg\",\"datePublished\":\"2021-12-03T14:53:38+00:00\",\"dateModified\":\"2021-12-03T14:53:39+00:00\",\"breadcrumb\":{\"@id\":\"https:\\\/\\\/radioljubuski.ba\\\/index.php\\\/2021\\\/12\\\/03\\\/nakon-neuma-i-ravno-ce-biti-povezano-magistralnom-cestom-s-ostatkom-fbih\\\/#breadcrumb\"},\"inLanguage\":\"hr\",\"potentialAction\":[{\"@type\":\"ReadAction\",\"target\":[\"https:\\\/\\\/radioljubuski.ba\\\/index.php\\\/2021\\\/12\\\/03\\\/nakon-neuma-i-ravno-ce-biti-povezano-magistralnom-cestom-s-ostatkom-fbih\\\/\"]}]},{\"@type\":\"ImageObject\",\"inLanguage\":\"hr\",\"@id\":\"https:\\\/\\\/radioljubuski.ba\\\/index.php\\\/2021\\\/12\\\/03\\\/nakon-neuma-i-ravno-ce-biti-povezano-magistralnom-cestom-s-ostatkom-fbih\\\/#primaryimage\",\"url\":\"https:\\\/\\\/radioljubuski.ba\\\/wp-content\\\/uploads\\\/2021\\\/12\\\/ceta-preko-svitave.jpg\",\"contentUrl\":\"https:\\\/\\\/radioljubuski.ba\\\/wp-content\\\/uploads\\\/2021\\\/12\\\/ceta-preko-svitave.jpg\",\"width\":1024,\"height\":701},{\"@type\":\"BreadcrumbList\",\"@id\":\"https:\\\/\\\/radioljubuski.ba\\\/index.php\\\/2021\\\/12\\\/03\\\/nakon-neuma-i-ravno-ce-biti-povezano-magistralnom-cestom-s-ostatkom-fbih\\\/#breadcrumb\",\"itemListElement\":[{\"@type\":\"ListItem\",\"position\":1,\"name\":\"Po\u010detna stranica\",\"item\":\"https:\\\/\\\/radioljubuski.ba\\\/\"},{\"@type\":\"ListItem\",\"position\":2,\"name\":\"Nakon Neuma i Ravno \u0107e biti povezano magistralnom cestom s ostatkom FBiH\"}]},{\"@type\":\"WebSite\",\"@id\":\"https:\\\/\\\/radioljubuski.ba\\\/#website\",\"url\":\"https:\\\/\\\/radioljubuski.ba\\\/\",\"name\":\"Radio Ljubu\u0161ki\",\"description\":\"Sun\u010dana frekvencija Hercegovine\",\"publisher\":{\"@id\":\"https:\\\/\\\/radioljubuski.ba\\\/#organization\"},\"potentialAction\":[{\"@type\":\"SearchAction\",\"target\":{\"@type\":\"EntryPoint\",\"urlTemplate\":\"https:\\\/\\\/radioljubuski.ba\\\/?s={search_term_string}\"},\"query-input\":{\"@type\":\"PropertyValueSpecification\",\"valueRequired\":true,\"valueName\":\"search_term_string\"}}],\"inLanguage\":\"hr\"},{\"@type\":\"Organization\",\"@id\":\"https:\\\/\\\/radioljubuski.ba\\\/#organization\",\"name\":\"Radio Ljubu\u0161ki\",\"url\":\"https:\\\/\\\/radioljubuski.ba\\\/\",\"logo\":{\"@type\":\"ImageObject\",\"inLanguage\":\"hr\",\"@id\":\"https:\\\/\\\/radioljubuski.ba\\\/#\\\/schema\\\/logo\\\/image\\\/\",\"url\":\"https:\\\/\\\/radioljubuski.ba\\\/wp-content\\\/uploads\\\/2021\\\/02\\\/cropped-Radio_Ljubuski_logo1.jpg\",\"contentUrl\":\"https:\\\/\\\/radioljubuski.ba\\\/wp-content\\\/uploads\\\/2021\\\/02\\\/cropped-Radio_Ljubuski_logo1.jpg\",\"width\":512,\"height\":512,\"caption\":\"Radio Ljubu\u0161ki\"},\"image\":{\"@id\":\"https:\\\/\\\/radioljubuski.ba\\\/#\\\/schema\\\/logo\\\/image\\\/\"},\"sameAs\":[\"https:\\\/\\\/www.facebook.com\\\/Radiio-Ljubuski-1490835324566332\",\"https:\\\/\\\/x.com\\\/radioljubuski\",\"https:\\\/\\\/hr.linkedin.com\\\/company\\\/radio-ljubuski\",\"https:\\\/\\\/www.youtube.com\\\/channel\\\/UCHYaeO_n0Db3tjNGudGpXyw\"]},{\"@type\":\"Person\",\"@id\":\"https:\\\/\\\/radioljubuski.ba\\\/#\\\/schema\\\/person\\\/19fc700381a780f69665d7956c469e3b\",\"name\":\"Radio Ljubu\u0161ki\"}]}<\/script>\n<!-- \/ Yoast SEO plugin. -->","yoast_head_json":{"title":"Nakon Neuma i Ravno \u0107e biti povezano magistralnom cestom s ostatkom FBiH - RADIO LJUBU\u0160KI","robots":{"index":"index","follow":"follow","max-snippet":"max-snippet:-1","max-image-preview":"max-image-preview:large","max-video-preview":"max-video-preview:-1"},"canonical":"https:\/\/radioljubuski.ba\/index.php\/2021\/12\/03\/nakon-neuma-i-ravno-ce-biti-povezano-magistralnom-cestom-s-ostatkom-fbih\/","og_locale":"hr_HR","og_type":"article","og_title":"Nakon Neuma i Ravno \u0107e biti povezano magistralnom cestom s ostatkom FBiH - RADIO LJUBU\u0160KI","og_description":"Vlada FBiH je, na prijedlog Federalnog ministarstva prometa i komunikacija, na sjednici odr\u017eanoj u \u010detvrtak, donijela tri odluke o kategorizaciji pojedinih cesta u Federaciji BiH, saznaje Hrvatski Medijski Servis. Odlukom Vlade F BiH tako je regionalna cesta R-426 (Dra\u010devo-Hutovo-Ravno), du\u017eine 42,51 km, prekategorizirana u magistralnu cestu M-17.6. Istovremeno su na podru\u010dju Tuzlanske i Zeni\u010dko-dobojske \u017eupanije [&hellip;]","og_url":"https:\/\/radioljubuski.ba\/index.php\/2021\/12\/03\/nakon-neuma-i-ravno-ce-biti-povezano-magistralnom-cestom-s-ostatkom-fbih\/","og_site_name":"RADIO LJUBU\u0160KI","article_publisher":"https:\/\/www.facebook.com\/Radiio-Ljubuski-1490835324566332","article_published_time":"2021-12-03T14:53:38+00:00","article_modified_time":"2021-12-03T14:53:39+00:00","og_image":[{"width":1024,"height":701,"url":"https:\/\/radioljubuski.ba\/wp-content\/uploads\/2021\/12\/ceta-preko-svitave.jpg","type":"image\/jpeg"}],"author":"Radio Ljubu\u0161ki","twitter_card":"summary_large_image","twitter_creator":"@radioljubuski","twitter_site":"@radioljubuski","twitter_misc":{"Napisao\/la":"Radio Ljubu\u0161ki","Procijenjeno vrijeme \u010ditanja":"3 minute"},"schema":{"@context":"https:\/\/schema.org","@graph":[{"@type":"Article","@id":"https:\/\/radioljubuski.ba\/index.php\/2021\/12\/03\/nakon-neuma-i-ravno-ce-biti-povezano-magistralnom-cestom-s-ostatkom-fbih\/#article","isPartOf":{"@id":"https:\/\/radioljubuski.ba\/index.php\/2021\/12\/03\/nakon-neuma-i-ravno-ce-biti-povezano-magistralnom-cestom-s-ostatkom-fbih\/"},"author":{"name":"Radio Ljubu\u0161ki","@id":"https:\/\/radioljubuski.ba\/#\/schema\/person\/19fc700381a780f69665d7956c469e3b"},"headline":"Nakon Neuma i Ravno \u0107e biti povezano magistralnom cestom s ostatkom FBiH","datePublished":"2021-12-03T14:53:38+00:00","dateModified":"2021-12-03T14:53:39+00:00","mainEntityOfPage":{"@id":"https:\/\/radioljubuski.ba\/index.php\/2021\/12\/03\/nakon-neuma-i-ravno-ce-biti-povezano-magistralnom-cestom-s-ostatkom-fbih\/"},"wordCount":557,"publisher":{"@id":"https:\/\/radioljubuski.ba\/#organization"},"image":{"@id":"https:\/\/radioljubuski.ba\/index.php\/2021\/12\/03\/nakon-neuma-i-ravno-ce-biti-povezano-magistralnom-cestom-s-ostatkom-fbih\/#primaryimage"},"thumbnailUrl":"https:\/\/radioljubuski.ba\/wp-content\/uploads\/2021\/12\/ceta-preko-svitave.jpg","articleSection":["BIH i regija"],"inLanguage":"hr"},{"@type":"WebPage","@id":"https:\/\/radioljubuski.ba\/index.php\/2021\/12\/03\/nakon-neuma-i-ravno-ce-biti-povezano-magistralnom-cestom-s-ostatkom-fbih\/","url":"https:\/\/radioljubuski.ba\/index.php\/2021\/12\/03\/nakon-neuma-i-ravno-ce-biti-povezano-magistralnom-cestom-s-ostatkom-fbih\/","name":"Nakon Neuma i Ravno \u0107e biti povezano magistralnom cestom s ostatkom FBiH - RADIO LJUBU\u0160KI","isPartOf":{"@id":"https:\/\/radioljubuski.ba\/#website"},"primaryImageOfPage":{"@id":"https:\/\/radioljubuski.ba\/index.php\/2021\/12\/03\/nakon-neuma-i-ravno-ce-biti-povezano-magistralnom-cestom-s-ostatkom-fbih\/#primaryimage"},"image":{"@id":"https:\/\/radioljubuski.ba\/index.php\/2021\/12\/03\/nakon-neuma-i-ravno-ce-biti-povezano-magistralnom-cestom-s-ostatkom-fbih\/#primaryimage"},"thumbnailUrl":"https:\/\/radioljubuski.ba\/wp-content\/uploads\/2021\/12\/ceta-preko-svitave.jpg","datePublished":"2021-12-03T14:53:38+00:00","dateModified":"2021-12-03T14:53:39+00:00","breadcrumb":{"@id":"https:\/\/radioljubuski.ba\/index.php\/2021\/12\/03\/nakon-neuma-i-ravno-ce-biti-povezano-magistralnom-cestom-s-ostatkom-fbih\/#breadcrumb"},"inLanguage":"hr","potentialAction":[{"@type":"ReadAction","target":["https:\/\/radioljubuski.ba\/index.php\/2021\/12\/03\/nakon-neuma-i-ravno-ce-biti-povezano-magistralnom-cestom-s-ostatkom-fbih\/"]}]},{"@type":"ImageObject","inLanguage":"hr","@id":"https:\/\/radioljubuski.ba\/index.php\/2021\/12\/03\/nakon-neuma-i-ravno-ce-biti-povezano-magistralnom-cestom-s-ostatkom-fbih\/#primaryimage","url":"https:\/\/radioljubuski.ba\/wp-content\/uploads\/2021\/12\/ceta-preko-svitave.jpg","contentUrl":"https:\/\/radioljubuski.ba\/wp-content\/uploads\/2021\/12\/ceta-preko-svitave.jpg","width":1024,"height":701},{"@type":"BreadcrumbList","@id":"https:\/\/radioljubuski.ba\/index.php\/2021\/12\/03\/nakon-neuma-i-ravno-ce-biti-povezano-magistralnom-cestom-s-ostatkom-fbih\/#breadcrumb","itemListElement":[{"@type":"ListItem","position":1,"name":"Po\u010detna stranica","item":"https:\/\/radioljubuski.ba\/"},{"@type":"ListItem","position":2,"name":"Nakon Neuma i Ravno \u0107e biti povezano magistralnom cestom s ostatkom FBiH"}]},{"@type":"WebSite","@id":"https:\/\/radioljubuski.ba\/#website","url":"https:\/\/radioljubuski.ba\/","name":"Radio Ljubu\u0161ki","description":"Sun\u010dana frekvencija Hercegovine","publisher":{"@id":"https:\/\/radioljubuski.ba\/#organization"},"potentialAction":[{"@type":"SearchAction","target":{"@type":"EntryPoint","urlTemplate":"https:\/\/radioljubuski.ba\/?s={search_term_string}"},"query-input":{"@type":"PropertyValueSpecification","valueRequired":true,"valueName":"search_term_string"}}],"inLanguage":"hr"},{"@type":"Organization","@id":"https:\/\/radioljubuski.ba\/#organization","name":"Radio Ljubu\u0161ki","url":"https:\/\/radioljubuski.ba\/","logo":{"@type":"ImageObject","inLanguage":"hr","@id":"https:\/\/radioljubuski.ba\/#\/schema\/logo\/image\/","url":"https:\/\/radioljubuski.ba\/wp-content\/uploads\/2021\/02\/cropped-Radio_Ljubuski_logo1.jpg","contentUrl":"https:\/\/radioljubuski.ba\/wp-content\/uploads\/2021\/02\/cropped-Radio_Ljubuski_logo1.jpg","width":512,"height":512,"caption":"Radio Ljubu\u0161ki"},"image":{"@id":"https:\/\/radioljubuski.ba\/#\/schema\/logo\/image\/"},"sameAs":["https:\/\/www.facebook.com\/Radiio-Ljubuski-1490835324566332","https:\/\/x.com\/radioljubuski","https:\/\/hr.linkedin.com\/company\/radio-ljubuski","https:\/\/www.youtube.com\/channel\/UCHYaeO_n0Db3tjNGudGpXyw"]},{"@type":"Person","@id":"https:\/\/radioljubuski.ba\/#\/schema\/person\/19fc700381a780f69665d7956c469e3b","name":"Radio Ljubu\u0161ki"}]}},"_links":{"self":[{"href":"https:\/\/radioljubuski.ba\/index.php\/wp-json\/wp\/v2\/posts\/95412","targetHints":{"allow":["GET"]}}],"collection":[{"href":"https:\/\/radioljubuski.ba\/index.php\/wp-json\/wp\/v2\/posts"}],"about":[{"href":"https:\/\/radioljubuski.ba\/index.php\/wp-json\/wp\/v2\/types\/post"}],"author":[{"embeddable":true,"href":"https:\/\/radioljubuski.ba\/index.php\/wp-json\/wp\/v2\/users\/2"}],"replies":[{"embeddable":true,"href":"https:\/\/radioljubuski.ba\/index.php\/wp-json\/wp\/v2\/comments?post=95412"}],"version-history":[{"count":1,"href":"https:\/\/radioljubuski.ba\/index.php\/wp-json\/wp\/v2\/posts\/95412\/revisions"}],"predecessor-version":[{"id":95414,"href":"https:\/\/radioljubuski.ba\/index.php\/wp-json\/wp\/v2\/posts\/95412\/revisions\/95414"}],"wp:featuredmedia":[{"embeddable":true,"href":"https:\/\/radioljubuski.ba\/index.php\/wp-json\/wp\/v2\/media\/95413"}],"wp:attachment":[{"href":"https:\/\/radioljubuski.ba\/index.php\/wp-json\/wp\/v2\/media?parent=95412"}],"wp:term":[{"taxonomy":"category","embeddable":true,"href":"https:\/\/radioljubuski.ba\/index.php\/wp-json\/wp\/v2\/categories?post=95412"},{"taxonomy":"post_tag","embeddable":true,"href":"https:\/\/radioljubuski.ba\/index.php\/wp-json\/wp\/v2\/tags?post=95412"}],"curies":[{"name":"wp","href":"https:\/\/api.w.org\/{rel}","templated":true}]}}