{"id":95424,"date":"2021-12-03T15:58:35","date_gmt":"2021-12-03T14:58:35","guid":{"rendered":"https:\/\/radioljubuski.ba\/?p=95424"},"modified":"2021-12-03T15:58:36","modified_gmt":"2021-12-03T14:58:36","slug":"dokic-ne-treba-negirati-genocid-u-srebrenici","status":"publish","type":"post","link":"https:\/\/radioljubuski.ba\/index.php\/2021\/12\/03\/dokic-ne-treba-negirati-genocid-u-srebrenici\/","title":{"rendered":"\u0110oki\u0107: Ne treba negirati genocid u Srebrenici!"},"content":{"rendered":"\n<p><strong>Ministar energetike i rudarstva u Vladi Republike Srpske i predsjednik Socijalisti\u010dke partije (SP) Petar \u0110oki\u0107 izjavio je da se u Srebrenici dogodio genocid i da ga ne treba negirati.<\/strong><\/p>\n\n\n\n<p>\u0110oki\u0107 je gostuju\u0107i u emisiji Telering RTRS-a kazao da je Valentin Inzko pogrije\u0161io dono\u0161enjem izmjena Kaznenog zakona BiH, kojim se kriminalizira negiranje ratnih zlo\u010dina, uklju\u010duju\u0107i genocid, ali da sam genocid ne treba negirati.<\/p>\n\n\n\n<blockquote class=\"twitter-tweet\"><p lang=\"sr\" dir=\"ltr\">\u0414\u0430 \u043b\u0438 \u0442\u043e \u043c\u043e\u0458\u0435 \u0443\u0448\u0438 \u0434\u043e\u0431\u0440\u043e \u0447\u0443\u0458\u0443 \u0438\u043b\u0438 \u0458\u0435 \u041f\u0435\u0442\u0430\u0440 \u0402\u043e\u043a\u0438\u045b \u0441\u0438\u043d\u043e\u045b \u0443 \u0422\u0435\u043b\u0435\u0440\u0438\u043d\u0433\u0443 \u0440\u0435\u043a\u0430\u043e \u0434\u0430 \u0441\u0435 \u0443 \u0421\u0440\u0435\u0431\u0440\u0435\u043d\u0438\u0446\u0438 \u0434\u0435\u0441\u0438\u043e \u0433\u0435\u043d\u043e\u0446\u0438\u0434? <a href=\"https:\/\/t.co\/Lxx4th8mnv\">pic.twitter.com\/Lxx4th8mnv<\/a><\/p>&mdash; \u0410\u043b\u0435\u043a\u0441\u0430\u043d\u0434\u0430\u0440 \u0411\u043e\u0433\u043e\u0441\u0430\u0432\u0430\u0446 (@abogosavac) <a href=\"https:\/\/twitter.com\/abogosavac\/status\/1466329821764538374?ref_src=twsrc%5Etfw\">December 2, 2021<\/a><\/blockquote> <script async src=\"https:\/\/platform.twitter.com\/widgets.js\" charset=\"utf-8\"><\/script>\n\n\n\n<p>\u201cJa mogu prihvatiti da je legitimno zahtijevati dono\u0161enje takvog zakona, a zar ga nismo mogli u nekoj proceduri mi donijeti sami, ali ne na na\u010din da bi sadr\u017eaj zakona izdiktirala neka radna grupa koju su obrazovali samo Bo\u0161njaci u BiH. To je problem odnosa prema takvom zakonu. A da li treba negirati genocid koji se dogodio ili ne, ne treba ga negirati. Pitanje je da li genocid ima te razmjere, za koje je netko rekao, a to je sada slu\u017ebena verzija\u201d, rekao je \u0110oki\u0107.<\/p>\n\n\n\n<p>\u0110oki\u0107eva Socijalisti\u010dka partija je dugogodi\u0161nji koalicijski partner SNSD-a te je jo\u0161 od 2006. godine dio vladaju\u0107e ve\u0107ine u Republici Srpskoj. \u0110oki\u0107 je 2010. godine imenovan ministrom rada i bora\u010dko-invalidske za\u0161tite RS-a, a 2014. ministrom industrije, energetike i rudarstva. Trenutno SP u NSRS-u ima \u010detiri zastupnika.<\/p>\n\n\n\n<p>\/HMS\/<\/p>\n\n\n\n<p><strong>Ministar energetike i rudarstva u Vladi Republike Srpske i predsjednik Socijalisti\u010dke partije (SP) Petar \u0110oki\u0107 izjavio je da se u Srebrenici dogodio genocid i da ga ne treba negirati.<\/strong><\/p>\n\n\n\n<p>\u0110oki\u0107 je gostuju\u0107i u emisiji Telering RTRS-a kazao da je Valentin Inzko pogrije\u0161io dono\u0161enjem izmjena Kaznenog zakona BiH, kojim se kriminalizira negiranje ratnih zlo\u010dina, uklju\u010duju\u0107i genocid, ali da sam genocid ne treba negirati.<\/p>\n\n\n\n<p>\u201cJa mogu prihvatiti da je legitimno zahtijevati dono\u0161enje takvog zakona, a zar ga nismo mogli u nekoj proceduri mi donijeti sami, ali ne na na\u010din da bi sadr\u017eaj zakona izdiktirala neka radna grupa koju su obrazovali samo Bo\u0161njaci u BiH. To je problem odnosa prema takvom zakonu. A da li treba negirati genocid koji se dogodio ili ne, ne treba ga negirati. Pitanje je da li genocid ima te razmjere, za koje je netko rekao, a to je sada slu\u017ebena verzija\u201d, rekao je \u0110oki\u0107.<\/p>\n\n\n\n<p>\u0110oki\u0107eva Socijalisti\u010dka partija je dugogodi\u0161nji koalicijski partner SNSD-a te je jo\u0161 od 2006. godine dio vladaju\u0107e ve\u0107ine u Republici Srpskoj. \u0110oki\u0107 je 2010. godine imenovan ministrom rada i bora\u010dko-invalidske za\u0161tite RS-a, a 2014. ministrom industrije, energetike i rudarstva. Trenutno SP u NSRS-u ima \u010detiri zastupnika.<\/p>\n\n\n\n<p>\/HMS\/<\/p>\n","protected":false},"excerpt":{"rendered":"<p>Ministar energetike i rudarstva u Vladi Republike Srpske i predsjednik Socijalisti\u010dke partije (SP) Petar \u0110oki\u0107 izjavio je da se u Srebrenici dogodio genocid i da ga ne treba negirati. \u0110oki\u0107 je gostuju\u0107i u emisiji Telering RTRS-a kazao da je Valentin Inzko pogrije\u0161io dono\u0161enjem izmjena Kaznenog zakona BiH, kojim se kriminalizira negiranje ratnih zlo\u010dina, uklju\u010duju\u0107i genocid, [&hellip;]<\/p>\n","protected":false},"author":2,"featured_media":95425,"comment_status":"closed","ping_status":"closed","sticky":false,"template":"","format":"standard","meta":{"h5ap_radio_sources":[],"footnotes":""},"categories":[1],"tags":[],"class_list":["post-95424","post","type-post","status-publish","format-standard","has-post-thumbnail","hentry","category-bihiregija"],"yoast_head":"<!-- This site is optimized with the Yoast SEO plugin v27.4 - https:\/\/yoast.com\/product\/yoast-seo-wordpress\/ -->\n<title>\u0110oki\u0107: Ne treba negirati genocid u Srebrenici! - RADIO LJUBU\u0160KI<\/title>\n<meta name=\"robots\" content=\"index, follow, max-snippet:-1, max-image-preview:large, max-video-preview:-1\" \/>\n<link rel=\"canonical\" href=\"https:\/\/radioljubuski.ba\/index.php\/2021\/12\/03\/dokic-ne-treba-negirati-genocid-u-srebrenici\/\" \/>\n<meta property=\"og:locale\" content=\"hr_HR\" \/>\n<meta property=\"og:type\" content=\"article\" \/>\n<meta property=\"og:title\" content=\"\u0110oki\u0107: Ne treba negirati genocid u Srebrenici! - RADIO LJUBU\u0160KI\" \/>\n<meta property=\"og:description\" content=\"Ministar energetike i rudarstva u Vladi Republike Srpske i predsjednik Socijalisti\u010dke partije (SP) Petar \u0110oki\u0107 izjavio je da se u Srebrenici dogodio genocid i da ga ne treba negirati. \u0110oki\u0107 je gostuju\u0107i u emisiji Telering RTRS-a kazao da je Valentin Inzko pogrije\u0161io dono\u0161enjem izmjena Kaznenog zakona BiH, kojim se kriminalizira negiranje ratnih zlo\u010dina, uklju\u010duju\u0107i genocid, [&hellip;]\" \/>\n<meta property=\"og:url\" content=\"https:\/\/radioljubuski.ba\/index.php\/2021\/12\/03\/dokic-ne-treba-negirati-genocid-u-srebrenici\/\" \/>\n<meta property=\"og:site_name\" content=\"RADIO LJUBU\u0160KI\" \/>\n<meta property=\"article:publisher\" content=\"https:\/\/www.facebook.com\/Radiio-Ljubuski-1490835324566332\" \/>\n<meta property=\"article:published_time\" content=\"2021-12-03T14:58:35+00:00\" \/>\n<meta property=\"article:modified_time\" content=\"2021-12-03T14:58:36+00:00\" \/>\n<meta property=\"og:image\" content=\"https:\/\/radioljubuski.ba\/wp-content\/uploads\/2021\/12\/og_211203023.jpg\" \/>\n\t<meta property=\"og:image:width\" content=\"1200\" \/>\n\t<meta property=\"og:image:height\" content=\"628\" \/>\n\t<meta property=\"og:image:type\" content=\"image\/jpeg\" \/>\n<meta name=\"author\" content=\"Radio Ljubu\u0161ki\" \/>\n<meta name=\"twitter:card\" content=\"summary_large_image\" \/>\n<meta name=\"twitter:creator\" content=\"@radioljubuski\" \/>\n<meta name=\"twitter:site\" content=\"@radioljubuski\" \/>\n<meta name=\"twitter:label1\" content=\"Napisao\/la\" \/>\n\t<meta name=\"twitter:data1\" content=\"Radio Ljubu\u0161ki\" \/>\n\t<meta name=\"twitter:label2\" content=\"Procijenjeno vrijeme \u010ditanja\" \/>\n\t<meta name=\"twitter:data2\" content=\"2 minute\" \/>\n<script type=\"application\/ld+json\" class=\"yoast-schema-graph\">{\"@context\":\"https:\\\/\\\/schema.org\",\"@graph\":[{\"@type\":\"Article\",\"@id\":\"https:\\\/\\\/radioljubuski.ba\\\/index.php\\\/2021\\\/12\\\/03\\\/dokic-ne-treba-negirati-genocid-u-srebrenici\\\/#article\",\"isPartOf\":{\"@id\":\"https:\\\/\\\/radioljubuski.ba\\\/index.php\\\/2021\\\/12\\\/03\\\/dokic-ne-treba-negirati-genocid-u-srebrenici\\\/\"},\"author\":{\"name\":\"Radio Ljubu\u0161ki\",\"@id\":\"https:\\\/\\\/radioljubuski.ba\\\/#\\\/schema\\\/person\\\/19fc700381a780f69665d7956c469e3b\"},\"headline\":\"\u0110oki\u0107: Ne treba negirati genocid u Srebrenici!\",\"datePublished\":\"2021-12-03T14:58:35+00:00\",\"dateModified\":\"2021-12-03T14:58:36+00:00\",\"mainEntityOfPage\":{\"@id\":\"https:\\\/\\\/radioljubuski.ba\\\/index.php\\\/2021\\\/12\\\/03\\\/dokic-ne-treba-negirati-genocid-u-srebrenici\\\/\"},\"wordCount\":464,\"publisher\":{\"@id\":\"https:\\\/\\\/radioljubuski.ba\\\/#organization\"},\"image\":{\"@id\":\"https:\\\/\\\/radioljubuski.ba\\\/index.php\\\/2021\\\/12\\\/03\\\/dokic-ne-treba-negirati-genocid-u-srebrenici\\\/#primaryimage\"},\"thumbnailUrl\":\"https:\\\/\\\/radioljubuski.ba\\\/wp-content\\\/uploads\\\/2021\\\/12\\\/og_211203023.jpg\",\"articleSection\":[\"BIH i regija\"],\"inLanguage\":\"hr\"},{\"@type\":\"WebPage\",\"@id\":\"https:\\\/\\\/radioljubuski.ba\\\/index.php\\\/2021\\\/12\\\/03\\\/dokic-ne-treba-negirati-genocid-u-srebrenici\\\/\",\"url\":\"https:\\\/\\\/radioljubuski.ba\\\/index.php\\\/2021\\\/12\\\/03\\\/dokic-ne-treba-negirati-genocid-u-srebrenici\\\/\",\"name\":\"\u0110oki\u0107: Ne treba negirati genocid u Srebrenici! - RADIO LJUBU\u0160KI\",\"isPartOf\":{\"@id\":\"https:\\\/\\\/radioljubuski.ba\\\/#website\"},\"primaryImageOfPage\":{\"@id\":\"https:\\\/\\\/radioljubuski.ba\\\/index.php\\\/2021\\\/12\\\/03\\\/dokic-ne-treba-negirati-genocid-u-srebrenici\\\/#primaryimage\"},\"image\":{\"@id\":\"https:\\\/\\\/radioljubuski.ba\\\/index.php\\\/2021\\\/12\\\/03\\\/dokic-ne-treba-negirati-genocid-u-srebrenici\\\/#primaryimage\"},\"thumbnailUrl\":\"https:\\\/\\\/radioljubuski.ba\\\/wp-content\\\/uploads\\\/2021\\\/12\\\/og_211203023.jpg\",\"datePublished\":\"2021-12-03T14:58:35+00:00\",\"dateModified\":\"2021-12-03T14:58:36+00:00\",\"breadcrumb\":{\"@id\":\"https:\\\/\\\/radioljubuski.ba\\\/index.php\\\/2021\\\/12\\\/03\\\/dokic-ne-treba-negirati-genocid-u-srebrenici\\\/#breadcrumb\"},\"inLanguage\":\"hr\",\"potentialAction\":[{\"@type\":\"ReadAction\",\"target\":[\"https:\\\/\\\/radioljubuski.ba\\\/index.php\\\/2021\\\/12\\\/03\\\/dokic-ne-treba-negirati-genocid-u-srebrenici\\\/\"]}]},{\"@type\":\"ImageObject\",\"inLanguage\":\"hr\",\"@id\":\"https:\\\/\\\/radioljubuski.ba\\\/index.php\\\/2021\\\/12\\\/03\\\/dokic-ne-treba-negirati-genocid-u-srebrenici\\\/#primaryimage\",\"url\":\"https:\\\/\\\/radioljubuski.ba\\\/wp-content\\\/uploads\\\/2021\\\/12\\\/og_211203023.jpg\",\"contentUrl\":\"https:\\\/\\\/radioljubuski.ba\\\/wp-content\\\/uploads\\\/2021\\\/12\\\/og_211203023.jpg\",\"width\":1200,\"height\":628},{\"@type\":\"BreadcrumbList\",\"@id\":\"https:\\\/\\\/radioljubuski.ba\\\/index.php\\\/2021\\\/12\\\/03\\\/dokic-ne-treba-negirati-genocid-u-srebrenici\\\/#breadcrumb\",\"itemListElement\":[{\"@type\":\"ListItem\",\"position\":1,\"name\":\"Po\u010detna stranica\",\"item\":\"https:\\\/\\\/radioljubuski.ba\\\/\"},{\"@type\":\"ListItem\",\"position\":2,\"name\":\"\u0110oki\u0107: Ne treba negirati genocid u Srebrenici!\"}]},{\"@type\":\"WebSite\",\"@id\":\"https:\\\/\\\/radioljubuski.ba\\\/#website\",\"url\":\"https:\\\/\\\/radioljubuski.ba\\\/\",\"name\":\"Radio Ljubu\u0161ki\",\"description\":\"Sun\u010dana frekvencija Hercegovine\",\"publisher\":{\"@id\":\"https:\\\/\\\/radioljubuski.ba\\\/#organization\"},\"potentialAction\":[{\"@type\":\"SearchAction\",\"target\":{\"@type\":\"EntryPoint\",\"urlTemplate\":\"https:\\\/\\\/radioljubuski.ba\\\/?s={search_term_string}\"},\"query-input\":{\"@type\":\"PropertyValueSpecification\",\"valueRequired\":true,\"valueName\":\"search_term_string\"}}],\"inLanguage\":\"hr\"},{\"@type\":\"Organization\",\"@id\":\"https:\\\/\\\/radioljubuski.ba\\\/#organization\",\"name\":\"Radio Ljubu\u0161ki\",\"url\":\"https:\\\/\\\/radioljubuski.ba\\\/\",\"logo\":{\"@type\":\"ImageObject\",\"inLanguage\":\"hr\",\"@id\":\"https:\\\/\\\/radioljubuski.ba\\\/#\\\/schema\\\/logo\\\/image\\\/\",\"url\":\"https:\\\/\\\/radioljubuski.ba\\\/wp-content\\\/uploads\\\/2021\\\/02\\\/cropped-Radio_Ljubuski_logo1.jpg\",\"contentUrl\":\"https:\\\/\\\/radioljubuski.ba\\\/wp-content\\\/uploads\\\/2021\\\/02\\\/cropped-Radio_Ljubuski_logo1.jpg\",\"width\":512,\"height\":512,\"caption\":\"Radio Ljubu\u0161ki\"},\"image\":{\"@id\":\"https:\\\/\\\/radioljubuski.ba\\\/#\\\/schema\\\/logo\\\/image\\\/\"},\"sameAs\":[\"https:\\\/\\\/www.facebook.com\\\/Radiio-Ljubuski-1490835324566332\",\"https:\\\/\\\/x.com\\\/radioljubuski\",\"https:\\\/\\\/hr.linkedin.com\\\/company\\\/radio-ljubuski\",\"https:\\\/\\\/www.youtube.com\\\/channel\\\/UCHYaeO_n0Db3tjNGudGpXyw\"]},{\"@type\":\"Person\",\"@id\":\"https:\\\/\\\/radioljubuski.ba\\\/#\\\/schema\\\/person\\\/19fc700381a780f69665d7956c469e3b\",\"name\":\"Radio Ljubu\u0161ki\"}]}<\/script>\n<!-- \/ Yoast SEO plugin. -->","yoast_head_json":{"title":"\u0110oki\u0107: Ne treba negirati genocid u Srebrenici! - RADIO LJUBU\u0160KI","robots":{"index":"index","follow":"follow","max-snippet":"max-snippet:-1","max-image-preview":"max-image-preview:large","max-video-preview":"max-video-preview:-1"},"canonical":"https:\/\/radioljubuski.ba\/index.php\/2021\/12\/03\/dokic-ne-treba-negirati-genocid-u-srebrenici\/","og_locale":"hr_HR","og_type":"article","og_title":"\u0110oki\u0107: Ne treba negirati genocid u Srebrenici! - RADIO LJUBU\u0160KI","og_description":"Ministar energetike i rudarstva u Vladi Republike Srpske i predsjednik Socijalisti\u010dke partije (SP) Petar \u0110oki\u0107 izjavio je da se u Srebrenici dogodio genocid i da ga ne treba negirati. \u0110oki\u0107 je gostuju\u0107i u emisiji Telering RTRS-a kazao da je Valentin Inzko pogrije\u0161io dono\u0161enjem izmjena Kaznenog zakona BiH, kojim se kriminalizira negiranje ratnih zlo\u010dina, uklju\u010duju\u0107i genocid, [&hellip;]","og_url":"https:\/\/radioljubuski.ba\/index.php\/2021\/12\/03\/dokic-ne-treba-negirati-genocid-u-srebrenici\/","og_site_name":"RADIO LJUBU\u0160KI","article_publisher":"https:\/\/www.facebook.com\/Radiio-Ljubuski-1490835324566332","article_published_time":"2021-12-03T14:58:35+00:00","article_modified_time":"2021-12-03T14:58:36+00:00","og_image":[{"width":1200,"height":628,"url":"https:\/\/radioljubuski.ba\/wp-content\/uploads\/2021\/12\/og_211203023.jpg","type":"image\/jpeg"}],"author":"Radio Ljubu\u0161ki","twitter_card":"summary_large_image","twitter_creator":"@radioljubuski","twitter_site":"@radioljubuski","twitter_misc":{"Napisao\/la":"Radio Ljubu\u0161ki","Procijenjeno vrijeme \u010ditanja":"2 minute"},"schema":{"@context":"https:\/\/schema.org","@graph":[{"@type":"Article","@id":"https:\/\/radioljubuski.ba\/index.php\/2021\/12\/03\/dokic-ne-treba-negirati-genocid-u-srebrenici\/#article","isPartOf":{"@id":"https:\/\/radioljubuski.ba\/index.php\/2021\/12\/03\/dokic-ne-treba-negirati-genocid-u-srebrenici\/"},"author":{"name":"Radio Ljubu\u0161ki","@id":"https:\/\/radioljubuski.ba\/#\/schema\/person\/19fc700381a780f69665d7956c469e3b"},"headline":"\u0110oki\u0107: Ne treba negirati genocid u Srebrenici!","datePublished":"2021-12-03T14:58:35+00:00","dateModified":"2021-12-03T14:58:36+00:00","mainEntityOfPage":{"@id":"https:\/\/radioljubuski.ba\/index.php\/2021\/12\/03\/dokic-ne-treba-negirati-genocid-u-srebrenici\/"},"wordCount":464,"publisher":{"@id":"https:\/\/radioljubuski.ba\/#organization"},"image":{"@id":"https:\/\/radioljubuski.ba\/index.php\/2021\/12\/03\/dokic-ne-treba-negirati-genocid-u-srebrenici\/#primaryimage"},"thumbnailUrl":"https:\/\/radioljubuski.ba\/wp-content\/uploads\/2021\/12\/og_211203023.jpg","articleSection":["BIH i regija"],"inLanguage":"hr"},{"@type":"WebPage","@id":"https:\/\/radioljubuski.ba\/index.php\/2021\/12\/03\/dokic-ne-treba-negirati-genocid-u-srebrenici\/","url":"https:\/\/radioljubuski.ba\/index.php\/2021\/12\/03\/dokic-ne-treba-negirati-genocid-u-srebrenici\/","name":"\u0110oki\u0107: Ne treba negirati genocid u Srebrenici! - RADIO LJUBU\u0160KI","isPartOf":{"@id":"https:\/\/radioljubuski.ba\/#website"},"primaryImageOfPage":{"@id":"https:\/\/radioljubuski.ba\/index.php\/2021\/12\/03\/dokic-ne-treba-negirati-genocid-u-srebrenici\/#primaryimage"},"image":{"@id":"https:\/\/radioljubuski.ba\/index.php\/2021\/12\/03\/dokic-ne-treba-negirati-genocid-u-srebrenici\/#primaryimage"},"thumbnailUrl":"https:\/\/radioljubuski.ba\/wp-content\/uploads\/2021\/12\/og_211203023.jpg","datePublished":"2021-12-03T14:58:35+00:00","dateModified":"2021-12-03T14:58:36+00:00","breadcrumb":{"@id":"https:\/\/radioljubuski.ba\/index.php\/2021\/12\/03\/dokic-ne-treba-negirati-genocid-u-srebrenici\/#breadcrumb"},"inLanguage":"hr","potentialAction":[{"@type":"ReadAction","target":["https:\/\/radioljubuski.ba\/index.php\/2021\/12\/03\/dokic-ne-treba-negirati-genocid-u-srebrenici\/"]}]},{"@type":"ImageObject","inLanguage":"hr","@id":"https:\/\/radioljubuski.ba\/index.php\/2021\/12\/03\/dokic-ne-treba-negirati-genocid-u-srebrenici\/#primaryimage","url":"https:\/\/radioljubuski.ba\/wp-content\/uploads\/2021\/12\/og_211203023.jpg","contentUrl":"https:\/\/radioljubuski.ba\/wp-content\/uploads\/2021\/12\/og_211203023.jpg","width":1200,"height":628},{"@type":"BreadcrumbList","@id":"https:\/\/radioljubuski.ba\/index.php\/2021\/12\/03\/dokic-ne-treba-negirati-genocid-u-srebrenici\/#breadcrumb","itemListElement":[{"@type":"ListItem","position":1,"name":"Po\u010detna stranica","item":"https:\/\/radioljubuski.ba\/"},{"@type":"ListItem","position":2,"name":"\u0110oki\u0107: Ne treba negirati genocid u Srebrenici!"}]},{"@type":"WebSite","@id":"https:\/\/radioljubuski.ba\/#website","url":"https:\/\/radioljubuski.ba\/","name":"Radio Ljubu\u0161ki","description":"Sun\u010dana frekvencija Hercegovine","publisher":{"@id":"https:\/\/radioljubuski.ba\/#organization"},"potentialAction":[{"@type":"SearchAction","target":{"@type":"EntryPoint","urlTemplate":"https:\/\/radioljubuski.ba\/?s={search_term_string}"},"query-input":{"@type":"PropertyValueSpecification","valueRequired":true,"valueName":"search_term_string"}}],"inLanguage":"hr"},{"@type":"Organization","@id":"https:\/\/radioljubuski.ba\/#organization","name":"Radio Ljubu\u0161ki","url":"https:\/\/radioljubuski.ba\/","logo":{"@type":"ImageObject","inLanguage":"hr","@id":"https:\/\/radioljubuski.ba\/#\/schema\/logo\/image\/","url":"https:\/\/radioljubuski.ba\/wp-content\/uploads\/2021\/02\/cropped-Radio_Ljubuski_logo1.jpg","contentUrl":"https:\/\/radioljubuski.ba\/wp-content\/uploads\/2021\/02\/cropped-Radio_Ljubuski_logo1.jpg","width":512,"height":512,"caption":"Radio Ljubu\u0161ki"},"image":{"@id":"https:\/\/radioljubuski.ba\/#\/schema\/logo\/image\/"},"sameAs":["https:\/\/www.facebook.com\/Radiio-Ljubuski-1490835324566332","https:\/\/x.com\/radioljubuski","https:\/\/hr.linkedin.com\/company\/radio-ljubuski","https:\/\/www.youtube.com\/channel\/UCHYaeO_n0Db3tjNGudGpXyw"]},{"@type":"Person","@id":"https:\/\/radioljubuski.ba\/#\/schema\/person\/19fc700381a780f69665d7956c469e3b","name":"Radio Ljubu\u0161ki"}]}},"_links":{"self":[{"href":"https:\/\/radioljubuski.ba\/index.php\/wp-json\/wp\/v2\/posts\/95424","targetHints":{"allow":["GET"]}}],"collection":[{"href":"https:\/\/radioljubuski.ba\/index.php\/wp-json\/wp\/v2\/posts"}],"about":[{"href":"https:\/\/radioljubuski.ba\/index.php\/wp-json\/wp\/v2\/types\/post"}],"author":[{"embeddable":true,"href":"https:\/\/radioljubuski.ba\/index.php\/wp-json\/wp\/v2\/users\/2"}],"replies":[{"embeddable":true,"href":"https:\/\/radioljubuski.ba\/index.php\/wp-json\/wp\/v2\/comments?post=95424"}],"version-history":[{"count":1,"href":"https:\/\/radioljubuski.ba\/index.php\/wp-json\/wp\/v2\/posts\/95424\/revisions"}],"predecessor-version":[{"id":95426,"href":"https:\/\/radioljubuski.ba\/index.php\/wp-json\/wp\/v2\/posts\/95424\/revisions\/95426"}],"wp:featuredmedia":[{"embeddable":true,"href":"https:\/\/radioljubuski.ba\/index.php\/wp-json\/wp\/v2\/media\/95425"}],"wp:attachment":[{"href":"https:\/\/radioljubuski.ba\/index.php\/wp-json\/wp\/v2\/media?parent=95424"}],"wp:term":[{"taxonomy":"category","embeddable":true,"href":"https:\/\/radioljubuski.ba\/index.php\/wp-json\/wp\/v2\/categories?post=95424"},{"taxonomy":"post_tag","embeddable":true,"href":"https:\/\/radioljubuski.ba\/index.php\/wp-json\/wp\/v2\/tags?post=95424"}],"curies":[{"name":"wp","href":"https:\/\/api.w.org\/{rel}","templated":true}]}}