{"id":95427,"date":"2021-12-03T16:00:17","date_gmt":"2021-12-03T15:00:17","guid":{"rendered":"https:\/\/radioljubuski.ba\/?p=95427"},"modified":"2021-12-03T16:00:19","modified_gmt":"2021-12-03T15:00:19","slug":"milanovic-jucer-sam-se-cuo-s-covicem-malo-me-brifirao-neki-ljudi-cijelo-vrijeme-govore-da-je-hrvatska-agresor","status":"publish","type":"post","link":"https:\/\/radioljubuski.ba\/index.php\/2021\/12\/03\/milanovic-jucer-sam-se-cuo-s-covicem-malo-me-brifirao-neki-ljudi-cijelo-vrijeme-govore-da-je-hrvatska-agresor\/","title":{"rendered":"Milanovi\u0107: Ju\u010der sam se \u010duo s \u010covi\u0107em, malo me brifirao\u2026, neki ljudi cijelo vrijeme govore da je Hrvatska agresor"},"content":{"rendered":"\n<p><strong>Predsjednik Republike Hrvatske, Zoran Milanovi\u0107, novinarima je otkrio da se ju\u010der \u010duo s predsjednikom HDZ-a BiH, Draganom \u010covi\u0107em, vezanu za situaciju s nametnutim \u201cInzkovim zakonom\u201d koji govori o zabrani negiranja genocida u Srebrenici, ali i o zabrani veli\u010danja ratnih zlo\u010dina i osu\u0111enih ratnih zlo\u010dinaca, prenosi Hrvatski Medijski Servis.<\/strong><\/p>\n\n\n\n<p>\u201cJa sam se ju\u010der \u010duo s \u010covi\u0107em i malo me brifirao.. neki ljudi cijelo vrijeme govore da je Hrvatska bila agresor i da su Tu\u0111man i \u0160u\u0161ak bili isti kao Karad\u017ei\u0107 i Mladi\u0107. Ja sam rekao da Srebrenica nije isto \u0161to i Holokaust i Jasenovac. To je te\u017eak zlo\u010din s elementima genocida, to je rekao i sud, ali nijedan sud ne mo\u017ee biti sveto pismo. Nekim ljudima je to dobro leglo nekim ljudima ili neljudima to nije dobro leglo. 5000 ili 8000 ljudi ili 80.000 ljudi nije isto. Nije isto doga\u0111a li se u plinskim komorama ili se doga\u0111a s ma\u010detama. Ne znam kome bi takva moja izjava mogla \u0161koditi. U onome \u0161to sam rekao nema ni\u0161ta pogre\u0161no i zlonamjerno, dapa\u010de, dobronamjerno je\u201d, rekao je.<\/p>\n\n\n\n<p>Izjedna\u010davanje Tu\u0111mana i hrvatskih generala s Karad\u017ei\u0107em i Mladi\u0107em, prema hrvatskom predsjedniku, psova\u010dki je rje\u010dnik.<\/p>\n\n\n\n<p>\u201cJa nisam mentor gospodina \u010covi\u0107a. On je predsjednik najve\u0107e stranke hrvatskog naroda u BiH. Ispada da HDZ i SDA tamo imaju monopol na bo\u0161nja\u0161tvo i hrvatstvo i tako to mo\u017eda i jest u BiH. Izetbegovi\u0107 nije toliko predstavnik Bo\u0161njaka koliki je \u010covi\u0107 predstavnik Hrvata. Tu\u0111man je isti kao Milo\u0161evi\u0107, hrvatski generali su isti kao Mladi\u0107 i Karad\u017ei\u0107 \u2013 to je psova\u010dki rje\u010dnik, to su la\u017ei\u201d, komentirao je Milanovi\u0107.<\/p>\n\n\n\n<p>\/HMS\/<\/p>\n","protected":false},"excerpt":{"rendered":"<p>Predsjednik Republike Hrvatske, Zoran Milanovi\u0107, novinarima je otkrio da se ju\u010der \u010duo s predsjednikom HDZ-a BiH, Draganom \u010covi\u0107em, vezanu za situaciju s nametnutim \u201cInzkovim zakonom\u201d koji govori o zabrani negiranja genocida u Srebrenici, ali i o zabrani veli\u010danja ratnih zlo\u010dina i osu\u0111enih ratnih zlo\u010dinaca, prenosi Hrvatski Medijski Servis. \u201cJa sam se ju\u010der \u010duo s \u010covi\u0107em [&hellip;]<\/p>\n","protected":false},"author":2,"featured_media":61974,"comment_status":"closed","ping_status":"closed","sticky":false,"template":"","format":"standard","meta":{"h5ap_radio_sources":[],"footnotes":""},"categories":[1],"tags":[],"class_list":["post-95427","post","type-post","status-publish","format-standard","has-post-thumbnail","hentry","category-bihiregija"],"yoast_head":"<!-- This site is optimized with the Yoast SEO plugin v27.4 - https:\/\/yoast.com\/product\/yoast-seo-wordpress\/ -->\n<title>Milanovi\u0107: Ju\u010der sam se \u010duo s \u010covi\u0107em, malo me brifirao\u2026, neki ljudi cijelo vrijeme govore da je Hrvatska agresor - RADIO LJUBU\u0160KI<\/title>\n<meta name=\"robots\" content=\"index, follow, max-snippet:-1, max-image-preview:large, max-video-preview:-1\" \/>\n<link rel=\"canonical\" href=\"https:\/\/radioljubuski.ba\/index.php\/2021\/12\/03\/milanovic-jucer-sam-se-cuo-s-covicem-malo-me-brifirao-neki-ljudi-cijelo-vrijeme-govore-da-je-hrvatska-agresor\/\" \/>\n<meta property=\"og:locale\" content=\"hr_HR\" \/>\n<meta property=\"og:type\" content=\"article\" \/>\n<meta property=\"og:title\" content=\"Milanovi\u0107: Ju\u010der sam se \u010duo s \u010covi\u0107em, malo me brifirao\u2026, neki ljudi cijelo vrijeme govore da je Hrvatska agresor - RADIO LJUBU\u0160KI\" \/>\n<meta property=\"og:description\" content=\"Predsjednik Republike Hrvatske, Zoran Milanovi\u0107, novinarima je otkrio da se ju\u010der \u010duo s predsjednikom HDZ-a BiH, Draganom \u010covi\u0107em, vezanu za situaciju s nametnutim \u201cInzkovim zakonom\u201d koji govori o zabrani negiranja genocida u Srebrenici, ali i o zabrani veli\u010danja ratnih zlo\u010dina i osu\u0111enih ratnih zlo\u010dinaca, prenosi Hrvatski Medijski Servis. \u201cJa sam se ju\u010der \u010duo s \u010covi\u0107em [&hellip;]\" \/>\n<meta property=\"og:url\" content=\"https:\/\/radioljubuski.ba\/index.php\/2021\/12\/03\/milanovic-jucer-sam-se-cuo-s-covicem-malo-me-brifirao-neki-ljudi-cijelo-vrijeme-govore-da-je-hrvatska-agresor\/\" \/>\n<meta property=\"og:site_name\" content=\"RADIO LJUBU\u0160KI\" \/>\n<meta property=\"article:publisher\" content=\"https:\/\/www.facebook.com\/Radiio-Ljubuski-1490835324566332\" \/>\n<meta property=\"article:published_time\" content=\"2021-12-03T15:00:17+00:00\" \/>\n<meta property=\"article:modified_time\" content=\"2021-12-03T15:00:19+00:00\" \/>\n<meta property=\"og:image\" content=\"https:\/\/radioljubuski.ba\/wp-content\/uploads\/2021\/09\/covic-milanovic.jpg\" \/>\n\t<meta property=\"og:image:width\" content=\"860\" \/>\n\t<meta property=\"og:image:height\" content=\"519\" \/>\n\t<meta property=\"og:image:type\" content=\"image\/jpeg\" \/>\n<meta name=\"author\" content=\"Radio Ljubu\u0161ki\" \/>\n<meta name=\"twitter:card\" content=\"summary_large_image\" \/>\n<meta name=\"twitter:creator\" content=\"@radioljubuski\" \/>\n<meta name=\"twitter:site\" content=\"@radioljubuski\" \/>\n<meta name=\"twitter:label1\" content=\"Napisao\/la\" \/>\n\t<meta name=\"twitter:data1\" content=\"Radio Ljubu\u0161ki\" \/>\n\t<meta name=\"twitter:label2\" content=\"Procijenjeno vrijeme \u010ditanja\" \/>\n\t<meta name=\"twitter:data2\" content=\"2 minute\" \/>\n<script type=\"application\/ld+json\" class=\"yoast-schema-graph\">{\"@context\":\"https:\\\/\\\/schema.org\",\"@graph\":[{\"@type\":\"Article\",\"@id\":\"https:\\\/\\\/radioljubuski.ba\\\/index.php\\\/2021\\\/12\\\/03\\\/milanovic-jucer-sam-se-cuo-s-covicem-malo-me-brifirao-neki-ljudi-cijelo-vrijeme-govore-da-je-hrvatska-agresor\\\/#article\",\"isPartOf\":{\"@id\":\"https:\\\/\\\/radioljubuski.ba\\\/index.php\\\/2021\\\/12\\\/03\\\/milanovic-jucer-sam-se-cuo-s-covicem-malo-me-brifirao-neki-ljudi-cijelo-vrijeme-govore-da-je-hrvatska-agresor\\\/\"},\"author\":{\"name\":\"Radio Ljubu\u0161ki\",\"@id\":\"https:\\\/\\\/radioljubuski.ba\\\/#\\\/schema\\\/person\\\/19fc700381a780f69665d7956c469e3b\"},\"headline\":\"Milanovi\u0107: Ju\u010der sam se \u010duo s \u010covi\u0107em, malo me brifirao\u2026, neki ljudi cijelo vrijeme govore da je Hrvatska agresor\",\"datePublished\":\"2021-12-03T15:00:17+00:00\",\"dateModified\":\"2021-12-03T15:00:19+00:00\",\"mainEntityOfPage\":{\"@id\":\"https:\\\/\\\/radioljubuski.ba\\\/index.php\\\/2021\\\/12\\\/03\\\/milanovic-jucer-sam-se-cuo-s-covicem-malo-me-brifirao-neki-ljudi-cijelo-vrijeme-govore-da-je-hrvatska-agresor\\\/\"},\"wordCount\":313,\"publisher\":{\"@id\":\"https:\\\/\\\/radioljubuski.ba\\\/#organization\"},\"image\":{\"@id\":\"https:\\\/\\\/radioljubuski.ba\\\/index.php\\\/2021\\\/12\\\/03\\\/milanovic-jucer-sam-se-cuo-s-covicem-malo-me-brifirao-neki-ljudi-cijelo-vrijeme-govore-da-je-hrvatska-agresor\\\/#primaryimage\"},\"thumbnailUrl\":\"https:\\\/\\\/radioljubuski.ba\\\/wp-content\\\/uploads\\\/2021\\\/09\\\/covic-milanovic.jpg\",\"articleSection\":[\"BIH i regija\"],\"inLanguage\":\"hr\"},{\"@type\":\"WebPage\",\"@id\":\"https:\\\/\\\/radioljubuski.ba\\\/index.php\\\/2021\\\/12\\\/03\\\/milanovic-jucer-sam-se-cuo-s-covicem-malo-me-brifirao-neki-ljudi-cijelo-vrijeme-govore-da-je-hrvatska-agresor\\\/\",\"url\":\"https:\\\/\\\/radioljubuski.ba\\\/index.php\\\/2021\\\/12\\\/03\\\/milanovic-jucer-sam-se-cuo-s-covicem-malo-me-brifirao-neki-ljudi-cijelo-vrijeme-govore-da-je-hrvatska-agresor\\\/\",\"name\":\"Milanovi\u0107: Ju\u010der sam se \u010duo s \u010covi\u0107em, malo me brifirao\u2026, neki ljudi cijelo vrijeme govore da je Hrvatska agresor - RADIO LJUBU\u0160KI\",\"isPartOf\":{\"@id\":\"https:\\\/\\\/radioljubuski.ba\\\/#website\"},\"primaryImageOfPage\":{\"@id\":\"https:\\\/\\\/radioljubuski.ba\\\/index.php\\\/2021\\\/12\\\/03\\\/milanovic-jucer-sam-se-cuo-s-covicem-malo-me-brifirao-neki-ljudi-cijelo-vrijeme-govore-da-je-hrvatska-agresor\\\/#primaryimage\"},\"image\":{\"@id\":\"https:\\\/\\\/radioljubuski.ba\\\/index.php\\\/2021\\\/12\\\/03\\\/milanovic-jucer-sam-se-cuo-s-covicem-malo-me-brifirao-neki-ljudi-cijelo-vrijeme-govore-da-je-hrvatska-agresor\\\/#primaryimage\"},\"thumbnailUrl\":\"https:\\\/\\\/radioljubuski.ba\\\/wp-content\\\/uploads\\\/2021\\\/09\\\/covic-milanovic.jpg\",\"datePublished\":\"2021-12-03T15:00:17+00:00\",\"dateModified\":\"2021-12-03T15:00:19+00:00\",\"breadcrumb\":{\"@id\":\"https:\\\/\\\/radioljubuski.ba\\\/index.php\\\/2021\\\/12\\\/03\\\/milanovic-jucer-sam-se-cuo-s-covicem-malo-me-brifirao-neki-ljudi-cijelo-vrijeme-govore-da-je-hrvatska-agresor\\\/#breadcrumb\"},\"inLanguage\":\"hr\",\"potentialAction\":[{\"@type\":\"ReadAction\",\"target\":[\"https:\\\/\\\/radioljubuski.ba\\\/index.php\\\/2021\\\/12\\\/03\\\/milanovic-jucer-sam-se-cuo-s-covicem-malo-me-brifirao-neki-ljudi-cijelo-vrijeme-govore-da-je-hrvatska-agresor\\\/\"]}]},{\"@type\":\"ImageObject\",\"inLanguage\":\"hr\",\"@id\":\"https:\\\/\\\/radioljubuski.ba\\\/index.php\\\/2021\\\/12\\\/03\\\/milanovic-jucer-sam-se-cuo-s-covicem-malo-me-brifirao-neki-ljudi-cijelo-vrijeme-govore-da-je-hrvatska-agresor\\\/#primaryimage\",\"url\":\"https:\\\/\\\/radioljubuski.ba\\\/wp-content\\\/uploads\\\/2021\\\/09\\\/covic-milanovic.jpg\",\"contentUrl\":\"https:\\\/\\\/radioljubuski.ba\\\/wp-content\\\/uploads\\\/2021\\\/09\\\/covic-milanovic.jpg\",\"width\":860,\"height\":519},{\"@type\":\"BreadcrumbList\",\"@id\":\"https:\\\/\\\/radioljubuski.ba\\\/index.php\\\/2021\\\/12\\\/03\\\/milanovic-jucer-sam-se-cuo-s-covicem-malo-me-brifirao-neki-ljudi-cijelo-vrijeme-govore-da-je-hrvatska-agresor\\\/#breadcrumb\",\"itemListElement\":[{\"@type\":\"ListItem\",\"position\":1,\"name\":\"Po\u010detna stranica\",\"item\":\"https:\\\/\\\/radioljubuski.ba\\\/\"},{\"@type\":\"ListItem\",\"position\":2,\"name\":\"Milanovi\u0107: Ju\u010der sam se \u010duo s \u010covi\u0107em, malo me brifirao\u2026, neki ljudi cijelo vrijeme govore da je Hrvatska agresor\"}]},{\"@type\":\"WebSite\",\"@id\":\"https:\\\/\\\/radioljubuski.ba\\\/#website\",\"url\":\"https:\\\/\\\/radioljubuski.ba\\\/\",\"name\":\"Radio Ljubu\u0161ki\",\"description\":\"Sun\u010dana frekvencija Hercegovine\",\"publisher\":{\"@id\":\"https:\\\/\\\/radioljubuski.ba\\\/#organization\"},\"potentialAction\":[{\"@type\":\"SearchAction\",\"target\":{\"@type\":\"EntryPoint\",\"urlTemplate\":\"https:\\\/\\\/radioljubuski.ba\\\/?s={search_term_string}\"},\"query-input\":{\"@type\":\"PropertyValueSpecification\",\"valueRequired\":true,\"valueName\":\"search_term_string\"}}],\"inLanguage\":\"hr\"},{\"@type\":\"Organization\",\"@id\":\"https:\\\/\\\/radioljubuski.ba\\\/#organization\",\"name\":\"Radio Ljubu\u0161ki\",\"url\":\"https:\\\/\\\/radioljubuski.ba\\\/\",\"logo\":{\"@type\":\"ImageObject\",\"inLanguage\":\"hr\",\"@id\":\"https:\\\/\\\/radioljubuski.ba\\\/#\\\/schema\\\/logo\\\/image\\\/\",\"url\":\"https:\\\/\\\/radioljubuski.ba\\\/wp-content\\\/uploads\\\/2021\\\/02\\\/cropped-Radio_Ljubuski_logo1.jpg\",\"contentUrl\":\"https:\\\/\\\/radioljubuski.ba\\\/wp-content\\\/uploads\\\/2021\\\/02\\\/cropped-Radio_Ljubuski_logo1.jpg\",\"width\":512,\"height\":512,\"caption\":\"Radio Ljubu\u0161ki\"},\"image\":{\"@id\":\"https:\\\/\\\/radioljubuski.ba\\\/#\\\/schema\\\/logo\\\/image\\\/\"},\"sameAs\":[\"https:\\\/\\\/www.facebook.com\\\/Radiio-Ljubuski-1490835324566332\",\"https:\\\/\\\/x.com\\\/radioljubuski\",\"https:\\\/\\\/hr.linkedin.com\\\/company\\\/radio-ljubuski\",\"https:\\\/\\\/www.youtube.com\\\/channel\\\/UCHYaeO_n0Db3tjNGudGpXyw\"]},{\"@type\":\"Person\",\"@id\":\"https:\\\/\\\/radioljubuski.ba\\\/#\\\/schema\\\/person\\\/19fc700381a780f69665d7956c469e3b\",\"name\":\"Radio Ljubu\u0161ki\"}]}<\/script>\n<!-- \/ Yoast SEO plugin. -->","yoast_head_json":{"title":"Milanovi\u0107: Ju\u010der sam se \u010duo s \u010covi\u0107em, malo me brifirao\u2026, neki ljudi cijelo vrijeme govore da je Hrvatska agresor - RADIO LJUBU\u0160KI","robots":{"index":"index","follow":"follow","max-snippet":"max-snippet:-1","max-image-preview":"max-image-preview:large","max-video-preview":"max-video-preview:-1"},"canonical":"https:\/\/radioljubuski.ba\/index.php\/2021\/12\/03\/milanovic-jucer-sam-se-cuo-s-covicem-malo-me-brifirao-neki-ljudi-cijelo-vrijeme-govore-da-je-hrvatska-agresor\/","og_locale":"hr_HR","og_type":"article","og_title":"Milanovi\u0107: Ju\u010der sam se \u010duo s \u010covi\u0107em, malo me brifirao\u2026, neki ljudi cijelo vrijeme govore da je Hrvatska agresor - RADIO LJUBU\u0160KI","og_description":"Predsjednik Republike Hrvatske, Zoran Milanovi\u0107, novinarima je otkrio da se ju\u010der \u010duo s predsjednikom HDZ-a BiH, Draganom \u010covi\u0107em, vezanu za situaciju s nametnutim \u201cInzkovim zakonom\u201d koji govori o zabrani negiranja genocida u Srebrenici, ali i o zabrani veli\u010danja ratnih zlo\u010dina i osu\u0111enih ratnih zlo\u010dinaca, prenosi Hrvatski Medijski Servis. \u201cJa sam se ju\u010der \u010duo s \u010covi\u0107em [&hellip;]","og_url":"https:\/\/radioljubuski.ba\/index.php\/2021\/12\/03\/milanovic-jucer-sam-se-cuo-s-covicem-malo-me-brifirao-neki-ljudi-cijelo-vrijeme-govore-da-je-hrvatska-agresor\/","og_site_name":"RADIO LJUBU\u0160KI","article_publisher":"https:\/\/www.facebook.com\/Radiio-Ljubuski-1490835324566332","article_published_time":"2021-12-03T15:00:17+00:00","article_modified_time":"2021-12-03T15:00:19+00:00","og_image":[{"width":860,"height":519,"url":"https:\/\/radioljubuski.ba\/wp-content\/uploads\/2021\/09\/covic-milanovic.jpg","type":"image\/jpeg"}],"author":"Radio Ljubu\u0161ki","twitter_card":"summary_large_image","twitter_creator":"@radioljubuski","twitter_site":"@radioljubuski","twitter_misc":{"Napisao\/la":"Radio Ljubu\u0161ki","Procijenjeno vrijeme \u010ditanja":"2 minute"},"schema":{"@context":"https:\/\/schema.org","@graph":[{"@type":"Article","@id":"https:\/\/radioljubuski.ba\/index.php\/2021\/12\/03\/milanovic-jucer-sam-se-cuo-s-covicem-malo-me-brifirao-neki-ljudi-cijelo-vrijeme-govore-da-je-hrvatska-agresor\/#article","isPartOf":{"@id":"https:\/\/radioljubuski.ba\/index.php\/2021\/12\/03\/milanovic-jucer-sam-se-cuo-s-covicem-malo-me-brifirao-neki-ljudi-cijelo-vrijeme-govore-da-je-hrvatska-agresor\/"},"author":{"name":"Radio Ljubu\u0161ki","@id":"https:\/\/radioljubuski.ba\/#\/schema\/person\/19fc700381a780f69665d7956c469e3b"},"headline":"Milanovi\u0107: Ju\u010der sam se \u010duo s \u010covi\u0107em, malo me brifirao\u2026, neki ljudi cijelo vrijeme govore da je Hrvatska agresor","datePublished":"2021-12-03T15:00:17+00:00","dateModified":"2021-12-03T15:00:19+00:00","mainEntityOfPage":{"@id":"https:\/\/radioljubuski.ba\/index.php\/2021\/12\/03\/milanovic-jucer-sam-se-cuo-s-covicem-malo-me-brifirao-neki-ljudi-cijelo-vrijeme-govore-da-je-hrvatska-agresor\/"},"wordCount":313,"publisher":{"@id":"https:\/\/radioljubuski.ba\/#organization"},"image":{"@id":"https:\/\/radioljubuski.ba\/index.php\/2021\/12\/03\/milanovic-jucer-sam-se-cuo-s-covicem-malo-me-brifirao-neki-ljudi-cijelo-vrijeme-govore-da-je-hrvatska-agresor\/#primaryimage"},"thumbnailUrl":"https:\/\/radioljubuski.ba\/wp-content\/uploads\/2021\/09\/covic-milanovic.jpg","articleSection":["BIH i regija"],"inLanguage":"hr"},{"@type":"WebPage","@id":"https:\/\/radioljubuski.ba\/index.php\/2021\/12\/03\/milanovic-jucer-sam-se-cuo-s-covicem-malo-me-brifirao-neki-ljudi-cijelo-vrijeme-govore-da-je-hrvatska-agresor\/","url":"https:\/\/radioljubuski.ba\/index.php\/2021\/12\/03\/milanovic-jucer-sam-se-cuo-s-covicem-malo-me-brifirao-neki-ljudi-cijelo-vrijeme-govore-da-je-hrvatska-agresor\/","name":"Milanovi\u0107: Ju\u010der sam se \u010duo s \u010covi\u0107em, malo me brifirao\u2026, neki ljudi cijelo vrijeme govore da je Hrvatska agresor - RADIO LJUBU\u0160KI","isPartOf":{"@id":"https:\/\/radioljubuski.ba\/#website"},"primaryImageOfPage":{"@id":"https:\/\/radioljubuski.ba\/index.php\/2021\/12\/03\/milanovic-jucer-sam-se-cuo-s-covicem-malo-me-brifirao-neki-ljudi-cijelo-vrijeme-govore-da-je-hrvatska-agresor\/#primaryimage"},"image":{"@id":"https:\/\/radioljubuski.ba\/index.php\/2021\/12\/03\/milanovic-jucer-sam-se-cuo-s-covicem-malo-me-brifirao-neki-ljudi-cijelo-vrijeme-govore-da-je-hrvatska-agresor\/#primaryimage"},"thumbnailUrl":"https:\/\/radioljubuski.ba\/wp-content\/uploads\/2021\/09\/covic-milanovic.jpg","datePublished":"2021-12-03T15:00:17+00:00","dateModified":"2021-12-03T15:00:19+00:00","breadcrumb":{"@id":"https:\/\/radioljubuski.ba\/index.php\/2021\/12\/03\/milanovic-jucer-sam-se-cuo-s-covicem-malo-me-brifirao-neki-ljudi-cijelo-vrijeme-govore-da-je-hrvatska-agresor\/#breadcrumb"},"inLanguage":"hr","potentialAction":[{"@type":"ReadAction","target":["https:\/\/radioljubuski.ba\/index.php\/2021\/12\/03\/milanovic-jucer-sam-se-cuo-s-covicem-malo-me-brifirao-neki-ljudi-cijelo-vrijeme-govore-da-je-hrvatska-agresor\/"]}]},{"@type":"ImageObject","inLanguage":"hr","@id":"https:\/\/radioljubuski.ba\/index.php\/2021\/12\/03\/milanovic-jucer-sam-se-cuo-s-covicem-malo-me-brifirao-neki-ljudi-cijelo-vrijeme-govore-da-je-hrvatska-agresor\/#primaryimage","url":"https:\/\/radioljubuski.ba\/wp-content\/uploads\/2021\/09\/covic-milanovic.jpg","contentUrl":"https:\/\/radioljubuski.ba\/wp-content\/uploads\/2021\/09\/covic-milanovic.jpg","width":860,"height":519},{"@type":"BreadcrumbList","@id":"https:\/\/radioljubuski.ba\/index.php\/2021\/12\/03\/milanovic-jucer-sam-se-cuo-s-covicem-malo-me-brifirao-neki-ljudi-cijelo-vrijeme-govore-da-je-hrvatska-agresor\/#breadcrumb","itemListElement":[{"@type":"ListItem","position":1,"name":"Po\u010detna stranica","item":"https:\/\/radioljubuski.ba\/"},{"@type":"ListItem","position":2,"name":"Milanovi\u0107: Ju\u010der sam se \u010duo s \u010covi\u0107em, malo me brifirao\u2026, neki ljudi cijelo vrijeme govore da je Hrvatska agresor"}]},{"@type":"WebSite","@id":"https:\/\/radioljubuski.ba\/#website","url":"https:\/\/radioljubuski.ba\/","name":"Radio Ljubu\u0161ki","description":"Sun\u010dana frekvencija Hercegovine","publisher":{"@id":"https:\/\/radioljubuski.ba\/#organization"},"potentialAction":[{"@type":"SearchAction","target":{"@type":"EntryPoint","urlTemplate":"https:\/\/radioljubuski.ba\/?s={search_term_string}"},"query-input":{"@type":"PropertyValueSpecification","valueRequired":true,"valueName":"search_term_string"}}],"inLanguage":"hr"},{"@type":"Organization","@id":"https:\/\/radioljubuski.ba\/#organization","name":"Radio Ljubu\u0161ki","url":"https:\/\/radioljubuski.ba\/","logo":{"@type":"ImageObject","inLanguage":"hr","@id":"https:\/\/radioljubuski.ba\/#\/schema\/logo\/image\/","url":"https:\/\/radioljubuski.ba\/wp-content\/uploads\/2021\/02\/cropped-Radio_Ljubuski_logo1.jpg","contentUrl":"https:\/\/radioljubuski.ba\/wp-content\/uploads\/2021\/02\/cropped-Radio_Ljubuski_logo1.jpg","width":512,"height":512,"caption":"Radio Ljubu\u0161ki"},"image":{"@id":"https:\/\/radioljubuski.ba\/#\/schema\/logo\/image\/"},"sameAs":["https:\/\/www.facebook.com\/Radiio-Ljubuski-1490835324566332","https:\/\/x.com\/radioljubuski","https:\/\/hr.linkedin.com\/company\/radio-ljubuski","https:\/\/www.youtube.com\/channel\/UCHYaeO_n0Db3tjNGudGpXyw"]},{"@type":"Person","@id":"https:\/\/radioljubuski.ba\/#\/schema\/person\/19fc700381a780f69665d7956c469e3b","name":"Radio Ljubu\u0161ki"}]}},"_links":{"self":[{"href":"https:\/\/radioljubuski.ba\/index.php\/wp-json\/wp\/v2\/posts\/95427","targetHints":{"allow":["GET"]}}],"collection":[{"href":"https:\/\/radioljubuski.ba\/index.php\/wp-json\/wp\/v2\/posts"}],"about":[{"href":"https:\/\/radioljubuski.ba\/index.php\/wp-json\/wp\/v2\/types\/post"}],"author":[{"embeddable":true,"href":"https:\/\/radioljubuski.ba\/index.php\/wp-json\/wp\/v2\/users\/2"}],"replies":[{"embeddable":true,"href":"https:\/\/radioljubuski.ba\/index.php\/wp-json\/wp\/v2\/comments?post=95427"}],"version-history":[{"count":1,"href":"https:\/\/radioljubuski.ba\/index.php\/wp-json\/wp\/v2\/posts\/95427\/revisions"}],"predecessor-version":[{"id":95428,"href":"https:\/\/radioljubuski.ba\/index.php\/wp-json\/wp\/v2\/posts\/95427\/revisions\/95428"}],"wp:featuredmedia":[{"embeddable":true,"href":"https:\/\/radioljubuski.ba\/index.php\/wp-json\/wp\/v2\/media\/61974"}],"wp:attachment":[{"href":"https:\/\/radioljubuski.ba\/index.php\/wp-json\/wp\/v2\/media?parent=95427"}],"wp:term":[{"taxonomy":"category","embeddable":true,"href":"https:\/\/radioljubuski.ba\/index.php\/wp-json\/wp\/v2\/categories?post=95427"},{"taxonomy":"post_tag","embeddable":true,"href":"https:\/\/radioljubuski.ba\/index.php\/wp-json\/wp\/v2\/tags?post=95427"}],"curies":[{"name":"wp","href":"https:\/\/api.w.org\/{rel}","templated":true}]}}