{"id":95429,"date":"2021-12-03T16:01:54","date_gmt":"2021-12-03T15:01:54","guid":{"rendered":"https:\/\/radioljubuski.ba\/?p=95429"},"modified":"2021-12-04T13:01:28","modified_gmt":"2021-12-04T12:01:28","slug":"predsjednistvo-hns-a-bih-nacionalna-odrednica-konstitutivnih-naroda-mora-ostati-jasno-definirana-kroz-predsjednistvo-i-domove-naroda","status":"publish","type":"post","link":"https:\/\/radioljubuski.ba\/index.php\/2021\/12\/03\/predsjednistvo-hns-a-bih-nacionalna-odrednica-konstitutivnih-naroda-mora-ostati-jasno-definirana-kroz-predsjednistvo-i-domove-naroda\/","title":{"rendered":"Predsjedni\u0161tvo HNS-a BiH: Nacionalna odrednica konstitutivnih naroda mora ostati jasno definirana kroz Predsjedni\u0161tvo i domove naroda"},"content":{"rendered":"\n<p><strong>U Mostaru je danas odr\u017eana 27. redovita sjednica Predsjedni\u0161va Hrvatskog narodnog sabora (HNS-a). Glavna tema dana\u0161njeg zasjedanja bili su aktualni razgovori s doma\u0107im i me\u0111unarodnim du\u017enosnicima o izmjenama i dopunama Izbornog zakona BiH, prenosi Hrvatski Medijski Servis.<\/strong><strong><br><\/strong><br>Na sjednici Predsjedni\u0161tva HNS-a usvojeni su sljede\u0107i zaklju\u010dci o svim daljnjim aktivnostima, razgovorima i pregovorima:<\/p>\n\n\n\n<p><em>1. Predsjedni\u0161tvo HNS-a daje potporu pregovara\u010dkom timu na \u010delu s predsjednikom dr. Draganom \u010covi\u0107em da nastave pregovore do kraja ove neizborne godine na na\u010delima koja je utvrdio Hrvatski narodni sabor.<\/em><\/p>\n\n\n\n<figure class=\"wp-block-image\"><img decoding=\"async\" src=\"https:\/\/hms.ba\/wp-content\/uploads\/2021\/12\/IMG_7656-Copy.jpg\" alt=\"\"\/><\/figure>\n\n\n\n<p><em>2. Ustav Bosne i Hercegovine jasno je definirao BiH kao dr\u017eavu tri konstitutivna naroda Hrvata, Bo\u0161njaka i Srba kao i drugih koji u njoj \u017eive, stoga nacionalna odrednica konstitutivnih naroda je ustavni temelj za legitimno politi\u010dko predstavljanje sva tri konstitutivna naroda i ona mora ostati jasno definirana kroz institucije Predsjedni\u0161tva BiH i Domova naroda (BiH i F BiH)<\/em><\/p>\n\n\n\n<p><em>3. HNS podsje\u0107a na obvezu implementacije Sporazuma o izmjenama i dopunama Izbornog zakona potpisanog u Mostaru, 17. lipnja 2020. godine, \u010diji su jamci bili predstavnici me\u0111unarodne zajednice te im se zahvaljujemo na vo\u0111enju pregovora kako bi u cijelosti implementirali navedeni Sporazum.<\/em><\/p>\n\n\n\n<p>\/HMS\/<\/p>\n","protected":false},"excerpt":{"rendered":"<p>U Mostaru je danas odr\u017eana 27. redovita sjednica Predsjedni\u0161va Hrvatskog narodnog sabora (HNS-a). Glavna tema dana\u0161njeg zasjedanja bili su aktualni razgovori s doma\u0107im i me\u0111unarodnim du\u017enosnicima o izmjenama i dopunama Izbornog zakona BiH, prenosi Hrvatski Medijski Servis.Na sjednici Predsjedni\u0161tva HNS-a usvojeni su sljede\u0107i zaklju\u010dci o svim daljnjim aktivnostima, razgovorima i pregovorima: 1. Predsjedni\u0161tvo HNS-a daje [&hellip;]<\/p>\n","protected":false},"author":2,"featured_media":95430,"comment_status":"closed","ping_status":"closed","sticky":false,"template":"","format":"standard","meta":{"h5ap_radio_sources":[],"footnotes":""},"categories":[1],"tags":[],"class_list":["post-95429","post","type-post","status-publish","format-standard","has-post-thumbnail","hentry","category-bihiregija"],"yoast_head":"<!-- This site is optimized with the Yoast SEO plugin v27.4 - https:\/\/yoast.com\/product\/yoast-seo-wordpress\/ -->\n<title>Predsjedni\u0161tvo HNS-a BiH: Nacionalna odrednica konstitutivnih naroda mora ostati jasno definirana kroz Predsjedni\u0161tvo i domove naroda - RADIO LJUBU\u0160KI<\/title>\n<meta name=\"robots\" content=\"index, follow, max-snippet:-1, max-image-preview:large, max-video-preview:-1\" \/>\n<link rel=\"canonical\" href=\"https:\/\/radioljubuski.ba\/index.php\/2021\/12\/03\/predsjednistvo-hns-a-bih-nacionalna-odrednica-konstitutivnih-naroda-mora-ostati-jasno-definirana-kroz-predsjednistvo-i-domove-naroda\/\" \/>\n<meta property=\"og:locale\" content=\"hr_HR\" \/>\n<meta property=\"og:type\" content=\"article\" \/>\n<meta property=\"og:title\" content=\"Predsjedni\u0161tvo HNS-a BiH: Nacionalna odrednica konstitutivnih naroda mora ostati jasno definirana kroz Predsjedni\u0161tvo i domove naroda - RADIO LJUBU\u0160KI\" \/>\n<meta property=\"og:description\" content=\"U Mostaru je danas odr\u017eana 27. redovita sjednica Predsjedni\u0161va Hrvatskog narodnog sabora (HNS-a). Glavna tema dana\u0161njeg zasjedanja bili su aktualni razgovori s doma\u0107im i me\u0111unarodnim du\u017enosnicima o izmjenama i dopunama Izbornog zakona BiH, prenosi Hrvatski Medijski Servis.Na sjednici Predsjedni\u0161tva HNS-a usvojeni su sljede\u0107i zaklju\u010dci o svim daljnjim aktivnostima, razgovorima i pregovorima: 1. Predsjedni\u0161tvo HNS-a daje [&hellip;]\" \/>\n<meta property=\"og:url\" content=\"https:\/\/radioljubuski.ba\/index.php\/2021\/12\/03\/predsjednistvo-hns-a-bih-nacionalna-odrednica-konstitutivnih-naroda-mora-ostati-jasno-definirana-kroz-predsjednistvo-i-domove-naroda\/\" \/>\n<meta property=\"og:site_name\" content=\"RADIO LJUBU\u0160KI\" \/>\n<meta property=\"article:publisher\" content=\"https:\/\/www.facebook.com\/Radiio-Ljubuski-1490835324566332\" \/>\n<meta property=\"article:published_time\" content=\"2021-12-03T15:01:54+00:00\" \/>\n<meta property=\"article:modified_time\" content=\"2021-12-04T12:01:28+00:00\" \/>\n<meta property=\"og:image\" content=\"https:\/\/radioljubuski.ba\/wp-content\/uploads\/2021\/12\/IMG_7653-Copy-1-1068x712-1.jpg\" \/>\n\t<meta property=\"og:image:width\" content=\"1068\" \/>\n\t<meta property=\"og:image:height\" content=\"712\" \/>\n\t<meta property=\"og:image:type\" content=\"image\/jpeg\" \/>\n<meta name=\"author\" content=\"Radio Ljubu\u0161ki\" \/>\n<meta name=\"twitter:card\" content=\"summary_large_image\" \/>\n<meta name=\"twitter:creator\" content=\"@radioljubuski\" \/>\n<meta name=\"twitter:site\" content=\"@radioljubuski\" \/>\n<meta name=\"twitter:label1\" content=\"Napisao\/la\" \/>\n\t<meta name=\"twitter:data1\" content=\"Radio Ljubu\u0161ki\" \/>\n\t<meta name=\"twitter:label2\" content=\"Procijenjeno vrijeme \u010ditanja\" \/>\n\t<meta name=\"twitter:data2\" content=\"1 minuta\" \/>\n<script type=\"application\/ld+json\" class=\"yoast-schema-graph\">{\"@context\":\"https:\\\/\\\/schema.org\",\"@graph\":[{\"@type\":\"Article\",\"@id\":\"https:\\\/\\\/radioljubuski.ba\\\/index.php\\\/2021\\\/12\\\/03\\\/predsjednistvo-hns-a-bih-nacionalna-odrednica-konstitutivnih-naroda-mora-ostati-jasno-definirana-kroz-predsjednistvo-i-domove-naroda\\\/#article\",\"isPartOf\":{\"@id\":\"https:\\\/\\\/radioljubuski.ba\\\/index.php\\\/2021\\\/12\\\/03\\\/predsjednistvo-hns-a-bih-nacionalna-odrednica-konstitutivnih-naroda-mora-ostati-jasno-definirana-kroz-predsjednistvo-i-domove-naroda\\\/\"},\"author\":{\"name\":\"Radio Ljubu\u0161ki\",\"@id\":\"https:\\\/\\\/radioljubuski.ba\\\/#\\\/schema\\\/person\\\/19fc700381a780f69665d7956c469e3b\"},\"headline\":\"Predsjedni\u0161tvo HNS-a BiH: Nacionalna odrednica konstitutivnih naroda mora ostati jasno definirana kroz Predsjedni\u0161tvo i domove naroda\",\"datePublished\":\"2021-12-03T15:01:54+00:00\",\"dateModified\":\"2021-12-04T12:01:28+00:00\",\"mainEntityOfPage\":{\"@id\":\"https:\\\/\\\/radioljubuski.ba\\\/index.php\\\/2021\\\/12\\\/03\\\/predsjednistvo-hns-a-bih-nacionalna-odrednica-konstitutivnih-naroda-mora-ostati-jasno-definirana-kroz-predsjednistvo-i-domove-naroda\\\/\"},\"wordCount\":214,\"publisher\":{\"@id\":\"https:\\\/\\\/radioljubuski.ba\\\/#organization\"},\"image\":{\"@id\":\"https:\\\/\\\/radioljubuski.ba\\\/index.php\\\/2021\\\/12\\\/03\\\/predsjednistvo-hns-a-bih-nacionalna-odrednica-konstitutivnih-naroda-mora-ostati-jasno-definirana-kroz-predsjednistvo-i-domove-naroda\\\/#primaryimage\"},\"thumbnailUrl\":\"https:\\\/\\\/radioljubuski.ba\\\/wp-content\\\/uploads\\\/2021\\\/12\\\/IMG_7653-Copy-1-1068x712-1.jpg\",\"articleSection\":[\"BIH i regija\"],\"inLanguage\":\"hr\"},{\"@type\":\"WebPage\",\"@id\":\"https:\\\/\\\/radioljubuski.ba\\\/index.php\\\/2021\\\/12\\\/03\\\/predsjednistvo-hns-a-bih-nacionalna-odrednica-konstitutivnih-naroda-mora-ostati-jasno-definirana-kroz-predsjednistvo-i-domove-naroda\\\/\",\"url\":\"https:\\\/\\\/radioljubuski.ba\\\/index.php\\\/2021\\\/12\\\/03\\\/predsjednistvo-hns-a-bih-nacionalna-odrednica-konstitutivnih-naroda-mora-ostati-jasno-definirana-kroz-predsjednistvo-i-domove-naroda\\\/\",\"name\":\"Predsjedni\u0161tvo HNS-a BiH: Nacionalna odrednica konstitutivnih naroda mora ostati jasno definirana kroz Predsjedni\u0161tvo i domove naroda - RADIO LJUBU\u0160KI\",\"isPartOf\":{\"@id\":\"https:\\\/\\\/radioljubuski.ba\\\/#website\"},\"primaryImageOfPage\":{\"@id\":\"https:\\\/\\\/radioljubuski.ba\\\/index.php\\\/2021\\\/12\\\/03\\\/predsjednistvo-hns-a-bih-nacionalna-odrednica-konstitutivnih-naroda-mora-ostati-jasno-definirana-kroz-predsjednistvo-i-domove-naroda\\\/#primaryimage\"},\"image\":{\"@id\":\"https:\\\/\\\/radioljubuski.ba\\\/index.php\\\/2021\\\/12\\\/03\\\/predsjednistvo-hns-a-bih-nacionalna-odrednica-konstitutivnih-naroda-mora-ostati-jasno-definirana-kroz-predsjednistvo-i-domove-naroda\\\/#primaryimage\"},\"thumbnailUrl\":\"https:\\\/\\\/radioljubuski.ba\\\/wp-content\\\/uploads\\\/2021\\\/12\\\/IMG_7653-Copy-1-1068x712-1.jpg\",\"datePublished\":\"2021-12-03T15:01:54+00:00\",\"dateModified\":\"2021-12-04T12:01:28+00:00\",\"breadcrumb\":{\"@id\":\"https:\\\/\\\/radioljubuski.ba\\\/index.php\\\/2021\\\/12\\\/03\\\/predsjednistvo-hns-a-bih-nacionalna-odrednica-konstitutivnih-naroda-mora-ostati-jasno-definirana-kroz-predsjednistvo-i-domove-naroda\\\/#breadcrumb\"},\"inLanguage\":\"hr\",\"potentialAction\":[{\"@type\":\"ReadAction\",\"target\":[\"https:\\\/\\\/radioljubuski.ba\\\/index.php\\\/2021\\\/12\\\/03\\\/predsjednistvo-hns-a-bih-nacionalna-odrednica-konstitutivnih-naroda-mora-ostati-jasno-definirana-kroz-predsjednistvo-i-domove-naroda\\\/\"]}]},{\"@type\":\"ImageObject\",\"inLanguage\":\"hr\",\"@id\":\"https:\\\/\\\/radioljubuski.ba\\\/index.php\\\/2021\\\/12\\\/03\\\/predsjednistvo-hns-a-bih-nacionalna-odrednica-konstitutivnih-naroda-mora-ostati-jasno-definirana-kroz-predsjednistvo-i-domove-naroda\\\/#primaryimage\",\"url\":\"https:\\\/\\\/radioljubuski.ba\\\/wp-content\\\/uploads\\\/2021\\\/12\\\/IMG_7653-Copy-1-1068x712-1.jpg\",\"contentUrl\":\"https:\\\/\\\/radioljubuski.ba\\\/wp-content\\\/uploads\\\/2021\\\/12\\\/IMG_7653-Copy-1-1068x712-1.jpg\",\"width\":1068,\"height\":712},{\"@type\":\"BreadcrumbList\",\"@id\":\"https:\\\/\\\/radioljubuski.ba\\\/index.php\\\/2021\\\/12\\\/03\\\/predsjednistvo-hns-a-bih-nacionalna-odrednica-konstitutivnih-naroda-mora-ostati-jasno-definirana-kroz-predsjednistvo-i-domove-naroda\\\/#breadcrumb\",\"itemListElement\":[{\"@type\":\"ListItem\",\"position\":1,\"name\":\"Po\u010detna stranica\",\"item\":\"https:\\\/\\\/radioljubuski.ba\\\/\"},{\"@type\":\"ListItem\",\"position\":2,\"name\":\"Predsjedni\u0161tvo HNS-a BiH: Nacionalna odrednica konstitutivnih naroda mora ostati jasno definirana kroz Predsjedni\u0161tvo i domove naroda\"}]},{\"@type\":\"WebSite\",\"@id\":\"https:\\\/\\\/radioljubuski.ba\\\/#website\",\"url\":\"https:\\\/\\\/radioljubuski.ba\\\/\",\"name\":\"Radio Ljubu\u0161ki\",\"description\":\"Sun\u010dana frekvencija Hercegovine\",\"publisher\":{\"@id\":\"https:\\\/\\\/radioljubuski.ba\\\/#organization\"},\"potentialAction\":[{\"@type\":\"SearchAction\",\"target\":{\"@type\":\"EntryPoint\",\"urlTemplate\":\"https:\\\/\\\/radioljubuski.ba\\\/?s={search_term_string}\"},\"query-input\":{\"@type\":\"PropertyValueSpecification\",\"valueRequired\":true,\"valueName\":\"search_term_string\"}}],\"inLanguage\":\"hr\"},{\"@type\":\"Organization\",\"@id\":\"https:\\\/\\\/radioljubuski.ba\\\/#organization\",\"name\":\"Radio Ljubu\u0161ki\",\"url\":\"https:\\\/\\\/radioljubuski.ba\\\/\",\"logo\":{\"@type\":\"ImageObject\",\"inLanguage\":\"hr\",\"@id\":\"https:\\\/\\\/radioljubuski.ba\\\/#\\\/schema\\\/logo\\\/image\\\/\",\"url\":\"https:\\\/\\\/radioljubuski.ba\\\/wp-content\\\/uploads\\\/2021\\\/02\\\/cropped-Radio_Ljubuski_logo1.jpg\",\"contentUrl\":\"https:\\\/\\\/radioljubuski.ba\\\/wp-content\\\/uploads\\\/2021\\\/02\\\/cropped-Radio_Ljubuski_logo1.jpg\",\"width\":512,\"height\":512,\"caption\":\"Radio Ljubu\u0161ki\"},\"image\":{\"@id\":\"https:\\\/\\\/radioljubuski.ba\\\/#\\\/schema\\\/logo\\\/image\\\/\"},\"sameAs\":[\"https:\\\/\\\/www.facebook.com\\\/Radiio-Ljubuski-1490835324566332\",\"https:\\\/\\\/x.com\\\/radioljubuski\",\"https:\\\/\\\/hr.linkedin.com\\\/company\\\/radio-ljubuski\",\"https:\\\/\\\/www.youtube.com\\\/channel\\\/UCHYaeO_n0Db3tjNGudGpXyw\"]},{\"@type\":\"Person\",\"@id\":\"https:\\\/\\\/radioljubuski.ba\\\/#\\\/schema\\\/person\\\/19fc700381a780f69665d7956c469e3b\",\"name\":\"Radio Ljubu\u0161ki\"}]}<\/script>\n<!-- \/ Yoast SEO plugin. -->","yoast_head_json":{"title":"Predsjedni\u0161tvo HNS-a BiH: Nacionalna odrednica konstitutivnih naroda mora ostati jasno definirana kroz Predsjedni\u0161tvo i domove naroda - RADIO LJUBU\u0160KI","robots":{"index":"index","follow":"follow","max-snippet":"max-snippet:-1","max-image-preview":"max-image-preview:large","max-video-preview":"max-video-preview:-1"},"canonical":"https:\/\/radioljubuski.ba\/index.php\/2021\/12\/03\/predsjednistvo-hns-a-bih-nacionalna-odrednica-konstitutivnih-naroda-mora-ostati-jasno-definirana-kroz-predsjednistvo-i-domove-naroda\/","og_locale":"hr_HR","og_type":"article","og_title":"Predsjedni\u0161tvo HNS-a BiH: Nacionalna odrednica konstitutivnih naroda mora ostati jasno definirana kroz Predsjedni\u0161tvo i domove naroda - RADIO LJUBU\u0160KI","og_description":"U Mostaru je danas odr\u017eana 27. redovita sjednica Predsjedni\u0161va Hrvatskog narodnog sabora (HNS-a). Glavna tema dana\u0161njeg zasjedanja bili su aktualni razgovori s doma\u0107im i me\u0111unarodnim du\u017enosnicima o izmjenama i dopunama Izbornog zakona BiH, prenosi Hrvatski Medijski Servis.Na sjednici Predsjedni\u0161tva HNS-a usvojeni su sljede\u0107i zaklju\u010dci o svim daljnjim aktivnostima, razgovorima i pregovorima: 1. Predsjedni\u0161tvo HNS-a daje [&hellip;]","og_url":"https:\/\/radioljubuski.ba\/index.php\/2021\/12\/03\/predsjednistvo-hns-a-bih-nacionalna-odrednica-konstitutivnih-naroda-mora-ostati-jasno-definirana-kroz-predsjednistvo-i-domove-naroda\/","og_site_name":"RADIO LJUBU\u0160KI","article_publisher":"https:\/\/www.facebook.com\/Radiio-Ljubuski-1490835324566332","article_published_time":"2021-12-03T15:01:54+00:00","article_modified_time":"2021-12-04T12:01:28+00:00","og_image":[{"width":1068,"height":712,"url":"https:\/\/radioljubuski.ba\/wp-content\/uploads\/2021\/12\/IMG_7653-Copy-1-1068x712-1.jpg","type":"image\/jpeg"}],"author":"Radio Ljubu\u0161ki","twitter_card":"summary_large_image","twitter_creator":"@radioljubuski","twitter_site":"@radioljubuski","twitter_misc":{"Napisao\/la":"Radio Ljubu\u0161ki","Procijenjeno vrijeme \u010ditanja":"1 minuta"},"schema":{"@context":"https:\/\/schema.org","@graph":[{"@type":"Article","@id":"https:\/\/radioljubuski.ba\/index.php\/2021\/12\/03\/predsjednistvo-hns-a-bih-nacionalna-odrednica-konstitutivnih-naroda-mora-ostati-jasno-definirana-kroz-predsjednistvo-i-domove-naroda\/#article","isPartOf":{"@id":"https:\/\/radioljubuski.ba\/index.php\/2021\/12\/03\/predsjednistvo-hns-a-bih-nacionalna-odrednica-konstitutivnih-naroda-mora-ostati-jasno-definirana-kroz-predsjednistvo-i-domove-naroda\/"},"author":{"name":"Radio Ljubu\u0161ki","@id":"https:\/\/radioljubuski.ba\/#\/schema\/person\/19fc700381a780f69665d7956c469e3b"},"headline":"Predsjedni\u0161tvo HNS-a BiH: Nacionalna odrednica konstitutivnih naroda mora ostati jasno definirana kroz Predsjedni\u0161tvo i domove naroda","datePublished":"2021-12-03T15:01:54+00:00","dateModified":"2021-12-04T12:01:28+00:00","mainEntityOfPage":{"@id":"https:\/\/radioljubuski.ba\/index.php\/2021\/12\/03\/predsjednistvo-hns-a-bih-nacionalna-odrednica-konstitutivnih-naroda-mora-ostati-jasno-definirana-kroz-predsjednistvo-i-domove-naroda\/"},"wordCount":214,"publisher":{"@id":"https:\/\/radioljubuski.ba\/#organization"},"image":{"@id":"https:\/\/radioljubuski.ba\/index.php\/2021\/12\/03\/predsjednistvo-hns-a-bih-nacionalna-odrednica-konstitutivnih-naroda-mora-ostati-jasno-definirana-kroz-predsjednistvo-i-domove-naroda\/#primaryimage"},"thumbnailUrl":"https:\/\/radioljubuski.ba\/wp-content\/uploads\/2021\/12\/IMG_7653-Copy-1-1068x712-1.jpg","articleSection":["BIH i regija"],"inLanguage":"hr"},{"@type":"WebPage","@id":"https:\/\/radioljubuski.ba\/index.php\/2021\/12\/03\/predsjednistvo-hns-a-bih-nacionalna-odrednica-konstitutivnih-naroda-mora-ostati-jasno-definirana-kroz-predsjednistvo-i-domove-naroda\/","url":"https:\/\/radioljubuski.ba\/index.php\/2021\/12\/03\/predsjednistvo-hns-a-bih-nacionalna-odrednica-konstitutivnih-naroda-mora-ostati-jasno-definirana-kroz-predsjednistvo-i-domove-naroda\/","name":"Predsjedni\u0161tvo HNS-a BiH: Nacionalna odrednica konstitutivnih naroda mora ostati jasno definirana kroz Predsjedni\u0161tvo i domove naroda - RADIO LJUBU\u0160KI","isPartOf":{"@id":"https:\/\/radioljubuski.ba\/#website"},"primaryImageOfPage":{"@id":"https:\/\/radioljubuski.ba\/index.php\/2021\/12\/03\/predsjednistvo-hns-a-bih-nacionalna-odrednica-konstitutivnih-naroda-mora-ostati-jasno-definirana-kroz-predsjednistvo-i-domove-naroda\/#primaryimage"},"image":{"@id":"https:\/\/radioljubuski.ba\/index.php\/2021\/12\/03\/predsjednistvo-hns-a-bih-nacionalna-odrednica-konstitutivnih-naroda-mora-ostati-jasno-definirana-kroz-predsjednistvo-i-domove-naroda\/#primaryimage"},"thumbnailUrl":"https:\/\/radioljubuski.ba\/wp-content\/uploads\/2021\/12\/IMG_7653-Copy-1-1068x712-1.jpg","datePublished":"2021-12-03T15:01:54+00:00","dateModified":"2021-12-04T12:01:28+00:00","breadcrumb":{"@id":"https:\/\/radioljubuski.ba\/index.php\/2021\/12\/03\/predsjednistvo-hns-a-bih-nacionalna-odrednica-konstitutivnih-naroda-mora-ostati-jasno-definirana-kroz-predsjednistvo-i-domove-naroda\/#breadcrumb"},"inLanguage":"hr","potentialAction":[{"@type":"ReadAction","target":["https:\/\/radioljubuski.ba\/index.php\/2021\/12\/03\/predsjednistvo-hns-a-bih-nacionalna-odrednica-konstitutivnih-naroda-mora-ostati-jasno-definirana-kroz-predsjednistvo-i-domove-naroda\/"]}]},{"@type":"ImageObject","inLanguage":"hr","@id":"https:\/\/radioljubuski.ba\/index.php\/2021\/12\/03\/predsjednistvo-hns-a-bih-nacionalna-odrednica-konstitutivnih-naroda-mora-ostati-jasno-definirana-kroz-predsjednistvo-i-domove-naroda\/#primaryimage","url":"https:\/\/radioljubuski.ba\/wp-content\/uploads\/2021\/12\/IMG_7653-Copy-1-1068x712-1.jpg","contentUrl":"https:\/\/radioljubuski.ba\/wp-content\/uploads\/2021\/12\/IMG_7653-Copy-1-1068x712-1.jpg","width":1068,"height":712},{"@type":"BreadcrumbList","@id":"https:\/\/radioljubuski.ba\/index.php\/2021\/12\/03\/predsjednistvo-hns-a-bih-nacionalna-odrednica-konstitutivnih-naroda-mora-ostati-jasno-definirana-kroz-predsjednistvo-i-domove-naroda\/#breadcrumb","itemListElement":[{"@type":"ListItem","position":1,"name":"Po\u010detna stranica","item":"https:\/\/radioljubuski.ba\/"},{"@type":"ListItem","position":2,"name":"Predsjedni\u0161tvo HNS-a BiH: Nacionalna odrednica konstitutivnih naroda mora ostati jasno definirana kroz Predsjedni\u0161tvo i domove naroda"}]},{"@type":"WebSite","@id":"https:\/\/radioljubuski.ba\/#website","url":"https:\/\/radioljubuski.ba\/","name":"Radio Ljubu\u0161ki","description":"Sun\u010dana frekvencija Hercegovine","publisher":{"@id":"https:\/\/radioljubuski.ba\/#organization"},"potentialAction":[{"@type":"SearchAction","target":{"@type":"EntryPoint","urlTemplate":"https:\/\/radioljubuski.ba\/?s={search_term_string}"},"query-input":{"@type":"PropertyValueSpecification","valueRequired":true,"valueName":"search_term_string"}}],"inLanguage":"hr"},{"@type":"Organization","@id":"https:\/\/radioljubuski.ba\/#organization","name":"Radio Ljubu\u0161ki","url":"https:\/\/radioljubuski.ba\/","logo":{"@type":"ImageObject","inLanguage":"hr","@id":"https:\/\/radioljubuski.ba\/#\/schema\/logo\/image\/","url":"https:\/\/radioljubuski.ba\/wp-content\/uploads\/2021\/02\/cropped-Radio_Ljubuski_logo1.jpg","contentUrl":"https:\/\/radioljubuski.ba\/wp-content\/uploads\/2021\/02\/cropped-Radio_Ljubuski_logo1.jpg","width":512,"height":512,"caption":"Radio Ljubu\u0161ki"},"image":{"@id":"https:\/\/radioljubuski.ba\/#\/schema\/logo\/image\/"},"sameAs":["https:\/\/www.facebook.com\/Radiio-Ljubuski-1490835324566332","https:\/\/x.com\/radioljubuski","https:\/\/hr.linkedin.com\/company\/radio-ljubuski","https:\/\/www.youtube.com\/channel\/UCHYaeO_n0Db3tjNGudGpXyw"]},{"@type":"Person","@id":"https:\/\/radioljubuski.ba\/#\/schema\/person\/19fc700381a780f69665d7956c469e3b","name":"Radio Ljubu\u0161ki"}]}},"_links":{"self":[{"href":"https:\/\/radioljubuski.ba\/index.php\/wp-json\/wp\/v2\/posts\/95429","targetHints":{"allow":["GET"]}}],"collection":[{"href":"https:\/\/radioljubuski.ba\/index.php\/wp-json\/wp\/v2\/posts"}],"about":[{"href":"https:\/\/radioljubuski.ba\/index.php\/wp-json\/wp\/v2\/types\/post"}],"author":[{"embeddable":true,"href":"https:\/\/radioljubuski.ba\/index.php\/wp-json\/wp\/v2\/users\/2"}],"replies":[{"embeddable":true,"href":"https:\/\/radioljubuski.ba\/index.php\/wp-json\/wp\/v2\/comments?post=95429"}],"version-history":[{"count":1,"href":"https:\/\/radioljubuski.ba\/index.php\/wp-json\/wp\/v2\/posts\/95429\/revisions"}],"predecessor-version":[{"id":95431,"href":"https:\/\/radioljubuski.ba\/index.php\/wp-json\/wp\/v2\/posts\/95429\/revisions\/95431"}],"wp:featuredmedia":[{"embeddable":true,"href":"https:\/\/radioljubuski.ba\/index.php\/wp-json\/wp\/v2\/media\/95430"}],"wp:attachment":[{"href":"https:\/\/radioljubuski.ba\/index.php\/wp-json\/wp\/v2\/media?parent=95429"}],"wp:term":[{"taxonomy":"category","embeddable":true,"href":"https:\/\/radioljubuski.ba\/index.php\/wp-json\/wp\/v2\/categories?post=95429"},{"taxonomy":"post_tag","embeddable":true,"href":"https:\/\/radioljubuski.ba\/index.php\/wp-json\/wp\/v2\/tags?post=95429"}],"curies":[{"name":"wp","href":"https:\/\/api.w.org\/{rel}","templated":true}]}}