{"id":95432,"date":"2021-12-03T16:02:54","date_gmt":"2021-12-03T15:02:54","guid":{"rendered":"https:\/\/radioljubuski.ba\/?p=95432"},"modified":"2021-12-03T16:02:54","modified_gmt":"2021-12-03T15:02:54","slug":"kresic-hrvatska-strana-ispala-je-naivna-u-pokusaju-mirenje-bosnjacke-i-srpske-strane","status":"publish","type":"post","link":"https:\/\/radioljubuski.ba\/index.php\/2021\/12\/03\/kresic-hrvatska-strana-ispala-je-naivna-u-pokusaju-mirenje-bosnjacke-i-srpske-strane\/","title":{"rendered":"Kre\u0161i\u0107: Hrvatska strana ispala je naivna u poku\u0161aju mirenje bo\u0161nja\u010dke i srpske strane"},"content":{"rendered":"\n<p><strong>Nakon \u0161to su uz srpske izaslanike u Domu naroda i troje izaslanika Hrvata u gornjem Domu Parlamenta BiH glasovali za zaklju\u010dak da se stave izvan snage Inzkovi amandmani na Kazneni zakon BiH kojima se sankcionira negiranje genocida, ratnih zlo\u010dina, zlo\u010dina protiv \u010dovje\u010dnosti i veli\u010danje ratnih zlo\u010dinaca, \u0161to je izazvalo osudu bo\u0161nja\u010dke javnosti, ostalo je nejasno zbog \u010dega su hrvatski izaslanici, podr\u017eali zahtjeve srpskog kluba.<\/strong><\/p>\n\n\n\n<p>-Prema informacijama kojima ja raspola\u017eem, hrvatska strana je ispala naivna u poku\u0161aju da pomiri bo\u0161nja\u010dku i srpsku stranu, dok je bo\u0161nja\u010dki \u010delnik Bakir Izetbegovi\u0107 glasovanje u Domu naroda te\u0161ko zloporabio manipuliraju\u0107i javnosti i koriste\u0107i to za dalje usmjeravanje mr\u017enje prema Hrvatima i hrvatskoj politici oko izmjena Izbornog zakona, ka\u017ee za Hrvatski Medijski Servis novinar Ve\u010dernjeg lista Zoran Kre\u0161i\u0107, koji je dobro upu\u0107en u pozadinu cijelog slu\u010daja.<\/p>\n\n\n\n<p>Kre\u0161i\u0107 za HMS otkriva kako je na jednome od susreta, ve\u010deri \u010delnika SDA Bakira Izetbegovi\u0107a, SBB-a Fahrudina Radon\u010di\u0107a, HDZ-a BiH Dragana \u010covi\u0107a i SNSD-a Milorada Dodika s me\u0111unarodnim du\u017enosnicima prije tri tjedna doslovno dogovoreno da se Dodiku ponudi alibi za povratak u vlast.<\/p>\n\n\n\n<p>-A to bi se u\u010dinilo na na\u010din da se povu\u010de ili stavi izvan snage Inzkov zakon. I to se i dogodilo. Na Domu naroda Parlamenta BiH je stavljena to\u010dka o povla\u010denju nametnutog zakona. Bo\u0161nja\u010dki izaslanici su bili protiv. Uslijedila je medijska kampanja po nalogu SDA preko svojih glasila, otkriva Kre\u0161i\u0107.<\/p>\n\n\n\n<p>Da, dodaje sugovornik HMS-a, ne\u0161to u tome slu\u010daju nije u redu svjedo\u010de dvije posve razli\u010dite izjave Fahrudina Radon\u010di\u0107a ve\u010der kada je ta odluka bila u Parlamentu jer je pratio dogovor s ve\u010dere od prije tjedna. No, nakon \u0161to je Izetbegovi\u0107 iza\u0161ao s tvrdnjama o negiranju genocida, da je \u010covi\u0107 zabio autogol \u2026 i Radon\u010di\u0107 je reterirao.<\/p>\n\n\n\n<p>Da ne\u0161to nije normalno u cijeloj pri\u010di svjedo\u010di i izjava \u010delnika HDZ-a BiH Dragana \u010covi\u0107a koji je doslovno rekao sljede\u0107e:<\/p>\n\n\n\n<p>\u201c\u0160to se ti\u010de mog pona\u0161anja u Domu naroda, nikome ja ni\u0161ta ne dugujem. Nadam se da nikad vi\u0161e ne\u0107u biti doveden u poziciju da na takav na\u010din odlu\u010dujem u Domu naroda. Taj zakon nije pro\u0161ao, niti \u0107e pro\u0107i i to su samo zaklju\u010dci, a ako je to nekog povrijedilo \u2013 ja se ispri\u010davam\u201d, poru\u010dio je predsjednik HDZ BiH.<\/p>\n\n\n\n<p>-Klju\u010dna je rije\u010d u njegovu obra\u0107anju jeste \u2018doveden\u2019, \u0161to me zapravo uvjerava kako su navodi koje sam \u010duo kao novinar zapravo to\u010dne, pojasnio je Kre\u0161i\u0107.<\/p>\n\n\n\n<p>\/HMS\/<\/p>\n","protected":false},"excerpt":{"rendered":"<p>Nakon \u0161to su uz srpske izaslanike u Domu naroda i troje izaslanika Hrvata u gornjem Domu Parlamenta BiH glasovali za zaklju\u010dak da se stave izvan snage Inzkovi amandmani na Kazneni zakon BiH kojima se sankcionira negiranje genocida, ratnih zlo\u010dina, zlo\u010dina protiv \u010dovje\u010dnosti i veli\u010danje ratnih zlo\u010dinaca, \u0161to je izazvalo osudu bo\u0161nja\u010dke javnosti, ostalo je nejasno [&hellip;]<\/p>\n","protected":false},"author":2,"featured_media":95433,"comment_status":"closed","ping_status":"closed","sticky":false,"template":"","format":"standard","meta":{"h5ap_radio_sources":[],"footnotes":""},"categories":[1],"tags":[],"class_list":["post-95432","post","type-post","status-publish","format-standard","has-post-thumbnail","hentry","category-bihiregija"],"yoast_head":"<!-- This site is optimized with the Yoast SEO plugin v27.4 - https:\/\/yoast.com\/product\/yoast-seo-wordpress\/ -->\n<title>Kre\u0161i\u0107: Hrvatska strana ispala je naivna u poku\u0161aju mirenje bo\u0161nja\u010dke i srpske strane - RADIO LJUBU\u0160KI<\/title>\n<meta name=\"robots\" content=\"index, follow, max-snippet:-1, max-image-preview:large, max-video-preview:-1\" \/>\n<link rel=\"canonical\" href=\"https:\/\/radioljubuski.ba\/index.php\/2021\/12\/03\/kresic-hrvatska-strana-ispala-je-naivna-u-pokusaju-mirenje-bosnjacke-i-srpske-strane\/\" \/>\n<meta property=\"og:locale\" content=\"hr_HR\" \/>\n<meta property=\"og:type\" content=\"article\" \/>\n<meta property=\"og:title\" content=\"Kre\u0161i\u0107: Hrvatska strana ispala je naivna u poku\u0161aju mirenje bo\u0161nja\u010dke i srpske strane - RADIO LJUBU\u0160KI\" \/>\n<meta property=\"og:description\" content=\"Nakon \u0161to su uz srpske izaslanike u Domu naroda i troje izaslanika Hrvata u gornjem Domu Parlamenta BiH glasovali za zaklju\u010dak da se stave izvan snage Inzkovi amandmani na Kazneni zakon BiH kojima se sankcionira negiranje genocida, ratnih zlo\u010dina, zlo\u010dina protiv \u010dovje\u010dnosti i veli\u010danje ratnih zlo\u010dinaca, \u0161to je izazvalo osudu bo\u0161nja\u010dke javnosti, ostalo je nejasno [&hellip;]\" \/>\n<meta property=\"og:url\" content=\"https:\/\/radioljubuski.ba\/index.php\/2021\/12\/03\/kresic-hrvatska-strana-ispala-je-naivna-u-pokusaju-mirenje-bosnjacke-i-srpske-strane\/\" \/>\n<meta property=\"og:site_name\" content=\"RADIO LJUBU\u0160KI\" \/>\n<meta property=\"article:publisher\" content=\"https:\/\/www.facebook.com\/Radiio-Ljubuski-1490835324566332\" \/>\n<meta property=\"article:published_time\" content=\"2021-12-03T15:02:54+00:00\" \/>\n<meta property=\"og:image\" content=\"https:\/\/radioljubuski.ba\/wp-content\/uploads\/2021\/12\/kresic-rtv-hb.jpg\" \/>\n\t<meta property=\"og:image:width\" content=\"840\" \/>\n\t<meta property=\"og:image:height\" content=\"470\" \/>\n\t<meta property=\"og:image:type\" content=\"image\/jpeg\" \/>\n<meta name=\"author\" content=\"Radio Ljubu\u0161ki\" \/>\n<meta name=\"twitter:card\" content=\"summary_large_image\" \/>\n<meta name=\"twitter:creator\" content=\"@radioljubuski\" \/>\n<meta name=\"twitter:site\" content=\"@radioljubuski\" \/>\n<meta name=\"twitter:label1\" content=\"Napisao\/la\" \/>\n\t<meta name=\"twitter:data1\" content=\"Radio Ljubu\u0161ki\" \/>\n\t<meta name=\"twitter:label2\" content=\"Procijenjeno vrijeme \u010ditanja\" \/>\n\t<meta name=\"twitter:data2\" content=\"2 minute\" \/>\n<script type=\"application\/ld+json\" class=\"yoast-schema-graph\">{\"@context\":\"https:\\\/\\\/schema.org\",\"@graph\":[{\"@type\":\"Article\",\"@id\":\"https:\\\/\\\/radioljubuski.ba\\\/index.php\\\/2021\\\/12\\\/03\\\/kresic-hrvatska-strana-ispala-je-naivna-u-pokusaju-mirenje-bosnjacke-i-srpske-strane\\\/#article\",\"isPartOf\":{\"@id\":\"https:\\\/\\\/radioljubuski.ba\\\/index.php\\\/2021\\\/12\\\/03\\\/kresic-hrvatska-strana-ispala-je-naivna-u-pokusaju-mirenje-bosnjacke-i-srpske-strane\\\/\"},\"author\":{\"name\":\"Radio Ljubu\u0161ki\",\"@id\":\"https:\\\/\\\/radioljubuski.ba\\\/#\\\/schema\\\/person\\\/19fc700381a780f69665d7956c469e3b\"},\"headline\":\"Kre\u0161i\u0107: Hrvatska strana ispala je naivna u poku\u0161aju mirenje bo\u0161nja\u010dke i srpske strane\",\"datePublished\":\"2021-12-03T15:02:54+00:00\",\"mainEntityOfPage\":{\"@id\":\"https:\\\/\\\/radioljubuski.ba\\\/index.php\\\/2021\\\/12\\\/03\\\/kresic-hrvatska-strana-ispala-je-naivna-u-pokusaju-mirenje-bosnjacke-i-srpske-strane\\\/\"},\"wordCount\":469,\"publisher\":{\"@id\":\"https:\\\/\\\/radioljubuski.ba\\\/#organization\"},\"image\":{\"@id\":\"https:\\\/\\\/radioljubuski.ba\\\/index.php\\\/2021\\\/12\\\/03\\\/kresic-hrvatska-strana-ispala-je-naivna-u-pokusaju-mirenje-bosnjacke-i-srpske-strane\\\/#primaryimage\"},\"thumbnailUrl\":\"https:\\\/\\\/radioljubuski.ba\\\/wp-content\\\/uploads\\\/2021\\\/12\\\/kresic-rtv-hb.jpg\",\"articleSection\":[\"BIH i regija\"],\"inLanguage\":\"hr\"},{\"@type\":\"WebPage\",\"@id\":\"https:\\\/\\\/radioljubuski.ba\\\/index.php\\\/2021\\\/12\\\/03\\\/kresic-hrvatska-strana-ispala-je-naivna-u-pokusaju-mirenje-bosnjacke-i-srpske-strane\\\/\",\"url\":\"https:\\\/\\\/radioljubuski.ba\\\/index.php\\\/2021\\\/12\\\/03\\\/kresic-hrvatska-strana-ispala-je-naivna-u-pokusaju-mirenje-bosnjacke-i-srpske-strane\\\/\",\"name\":\"Kre\u0161i\u0107: Hrvatska strana ispala je naivna u poku\u0161aju mirenje bo\u0161nja\u010dke i srpske strane - RADIO LJUBU\u0160KI\",\"isPartOf\":{\"@id\":\"https:\\\/\\\/radioljubuski.ba\\\/#website\"},\"primaryImageOfPage\":{\"@id\":\"https:\\\/\\\/radioljubuski.ba\\\/index.php\\\/2021\\\/12\\\/03\\\/kresic-hrvatska-strana-ispala-je-naivna-u-pokusaju-mirenje-bosnjacke-i-srpske-strane\\\/#primaryimage\"},\"image\":{\"@id\":\"https:\\\/\\\/radioljubuski.ba\\\/index.php\\\/2021\\\/12\\\/03\\\/kresic-hrvatska-strana-ispala-je-naivna-u-pokusaju-mirenje-bosnjacke-i-srpske-strane\\\/#primaryimage\"},\"thumbnailUrl\":\"https:\\\/\\\/radioljubuski.ba\\\/wp-content\\\/uploads\\\/2021\\\/12\\\/kresic-rtv-hb.jpg\",\"datePublished\":\"2021-12-03T15:02:54+00:00\",\"breadcrumb\":{\"@id\":\"https:\\\/\\\/radioljubuski.ba\\\/index.php\\\/2021\\\/12\\\/03\\\/kresic-hrvatska-strana-ispala-je-naivna-u-pokusaju-mirenje-bosnjacke-i-srpske-strane\\\/#breadcrumb\"},\"inLanguage\":\"hr\",\"potentialAction\":[{\"@type\":\"ReadAction\",\"target\":[\"https:\\\/\\\/radioljubuski.ba\\\/index.php\\\/2021\\\/12\\\/03\\\/kresic-hrvatska-strana-ispala-je-naivna-u-pokusaju-mirenje-bosnjacke-i-srpske-strane\\\/\"]}]},{\"@type\":\"ImageObject\",\"inLanguage\":\"hr\",\"@id\":\"https:\\\/\\\/radioljubuski.ba\\\/index.php\\\/2021\\\/12\\\/03\\\/kresic-hrvatska-strana-ispala-je-naivna-u-pokusaju-mirenje-bosnjacke-i-srpske-strane\\\/#primaryimage\",\"url\":\"https:\\\/\\\/radioljubuski.ba\\\/wp-content\\\/uploads\\\/2021\\\/12\\\/kresic-rtv-hb.jpg\",\"contentUrl\":\"https:\\\/\\\/radioljubuski.ba\\\/wp-content\\\/uploads\\\/2021\\\/12\\\/kresic-rtv-hb.jpg\",\"width\":840,\"height\":470},{\"@type\":\"BreadcrumbList\",\"@id\":\"https:\\\/\\\/radioljubuski.ba\\\/index.php\\\/2021\\\/12\\\/03\\\/kresic-hrvatska-strana-ispala-je-naivna-u-pokusaju-mirenje-bosnjacke-i-srpske-strane\\\/#breadcrumb\",\"itemListElement\":[{\"@type\":\"ListItem\",\"position\":1,\"name\":\"Po\u010detna stranica\",\"item\":\"https:\\\/\\\/radioljubuski.ba\\\/\"},{\"@type\":\"ListItem\",\"position\":2,\"name\":\"Kre\u0161i\u0107: Hrvatska strana ispala je naivna u poku\u0161aju mirenje bo\u0161nja\u010dke i srpske strane\"}]},{\"@type\":\"WebSite\",\"@id\":\"https:\\\/\\\/radioljubuski.ba\\\/#website\",\"url\":\"https:\\\/\\\/radioljubuski.ba\\\/\",\"name\":\"Radio Ljubu\u0161ki\",\"description\":\"Sun\u010dana frekvencija Hercegovine\",\"publisher\":{\"@id\":\"https:\\\/\\\/radioljubuski.ba\\\/#organization\"},\"potentialAction\":[{\"@type\":\"SearchAction\",\"target\":{\"@type\":\"EntryPoint\",\"urlTemplate\":\"https:\\\/\\\/radioljubuski.ba\\\/?s={search_term_string}\"},\"query-input\":{\"@type\":\"PropertyValueSpecification\",\"valueRequired\":true,\"valueName\":\"search_term_string\"}}],\"inLanguage\":\"hr\"},{\"@type\":\"Organization\",\"@id\":\"https:\\\/\\\/radioljubuski.ba\\\/#organization\",\"name\":\"Radio Ljubu\u0161ki\",\"url\":\"https:\\\/\\\/radioljubuski.ba\\\/\",\"logo\":{\"@type\":\"ImageObject\",\"inLanguage\":\"hr\",\"@id\":\"https:\\\/\\\/radioljubuski.ba\\\/#\\\/schema\\\/logo\\\/image\\\/\",\"url\":\"https:\\\/\\\/radioljubuski.ba\\\/wp-content\\\/uploads\\\/2021\\\/02\\\/cropped-Radio_Ljubuski_logo1.jpg\",\"contentUrl\":\"https:\\\/\\\/radioljubuski.ba\\\/wp-content\\\/uploads\\\/2021\\\/02\\\/cropped-Radio_Ljubuski_logo1.jpg\",\"width\":512,\"height\":512,\"caption\":\"Radio Ljubu\u0161ki\"},\"image\":{\"@id\":\"https:\\\/\\\/radioljubuski.ba\\\/#\\\/schema\\\/logo\\\/image\\\/\"},\"sameAs\":[\"https:\\\/\\\/www.facebook.com\\\/Radiio-Ljubuski-1490835324566332\",\"https:\\\/\\\/x.com\\\/radioljubuski\",\"https:\\\/\\\/hr.linkedin.com\\\/company\\\/radio-ljubuski\",\"https:\\\/\\\/www.youtube.com\\\/channel\\\/UCHYaeO_n0Db3tjNGudGpXyw\"]},{\"@type\":\"Person\",\"@id\":\"https:\\\/\\\/radioljubuski.ba\\\/#\\\/schema\\\/person\\\/19fc700381a780f69665d7956c469e3b\",\"name\":\"Radio Ljubu\u0161ki\"}]}<\/script>\n<!-- \/ Yoast SEO plugin. -->","yoast_head_json":{"title":"Kre\u0161i\u0107: Hrvatska strana ispala je naivna u poku\u0161aju mirenje bo\u0161nja\u010dke i srpske strane - RADIO LJUBU\u0160KI","robots":{"index":"index","follow":"follow","max-snippet":"max-snippet:-1","max-image-preview":"max-image-preview:large","max-video-preview":"max-video-preview:-1"},"canonical":"https:\/\/radioljubuski.ba\/index.php\/2021\/12\/03\/kresic-hrvatska-strana-ispala-je-naivna-u-pokusaju-mirenje-bosnjacke-i-srpske-strane\/","og_locale":"hr_HR","og_type":"article","og_title":"Kre\u0161i\u0107: Hrvatska strana ispala je naivna u poku\u0161aju mirenje bo\u0161nja\u010dke i srpske strane - RADIO LJUBU\u0160KI","og_description":"Nakon \u0161to su uz srpske izaslanike u Domu naroda i troje izaslanika Hrvata u gornjem Domu Parlamenta BiH glasovali za zaklju\u010dak da se stave izvan snage Inzkovi amandmani na Kazneni zakon BiH kojima se sankcionira negiranje genocida, ratnih zlo\u010dina, zlo\u010dina protiv \u010dovje\u010dnosti i veli\u010danje ratnih zlo\u010dinaca, \u0161to je izazvalo osudu bo\u0161nja\u010dke javnosti, ostalo je nejasno [&hellip;]","og_url":"https:\/\/radioljubuski.ba\/index.php\/2021\/12\/03\/kresic-hrvatska-strana-ispala-je-naivna-u-pokusaju-mirenje-bosnjacke-i-srpske-strane\/","og_site_name":"RADIO LJUBU\u0160KI","article_publisher":"https:\/\/www.facebook.com\/Radiio-Ljubuski-1490835324566332","article_published_time":"2021-12-03T15:02:54+00:00","og_image":[{"width":840,"height":470,"url":"https:\/\/radioljubuski.ba\/wp-content\/uploads\/2021\/12\/kresic-rtv-hb.jpg","type":"image\/jpeg"}],"author":"Radio Ljubu\u0161ki","twitter_card":"summary_large_image","twitter_creator":"@radioljubuski","twitter_site":"@radioljubuski","twitter_misc":{"Napisao\/la":"Radio Ljubu\u0161ki","Procijenjeno vrijeme \u010ditanja":"2 minute"},"schema":{"@context":"https:\/\/schema.org","@graph":[{"@type":"Article","@id":"https:\/\/radioljubuski.ba\/index.php\/2021\/12\/03\/kresic-hrvatska-strana-ispala-je-naivna-u-pokusaju-mirenje-bosnjacke-i-srpske-strane\/#article","isPartOf":{"@id":"https:\/\/radioljubuski.ba\/index.php\/2021\/12\/03\/kresic-hrvatska-strana-ispala-je-naivna-u-pokusaju-mirenje-bosnjacke-i-srpske-strane\/"},"author":{"name":"Radio Ljubu\u0161ki","@id":"https:\/\/radioljubuski.ba\/#\/schema\/person\/19fc700381a780f69665d7956c469e3b"},"headline":"Kre\u0161i\u0107: Hrvatska strana ispala je naivna u poku\u0161aju mirenje bo\u0161nja\u010dke i srpske strane","datePublished":"2021-12-03T15:02:54+00:00","mainEntityOfPage":{"@id":"https:\/\/radioljubuski.ba\/index.php\/2021\/12\/03\/kresic-hrvatska-strana-ispala-je-naivna-u-pokusaju-mirenje-bosnjacke-i-srpske-strane\/"},"wordCount":469,"publisher":{"@id":"https:\/\/radioljubuski.ba\/#organization"},"image":{"@id":"https:\/\/radioljubuski.ba\/index.php\/2021\/12\/03\/kresic-hrvatska-strana-ispala-je-naivna-u-pokusaju-mirenje-bosnjacke-i-srpske-strane\/#primaryimage"},"thumbnailUrl":"https:\/\/radioljubuski.ba\/wp-content\/uploads\/2021\/12\/kresic-rtv-hb.jpg","articleSection":["BIH i regija"],"inLanguage":"hr"},{"@type":"WebPage","@id":"https:\/\/radioljubuski.ba\/index.php\/2021\/12\/03\/kresic-hrvatska-strana-ispala-je-naivna-u-pokusaju-mirenje-bosnjacke-i-srpske-strane\/","url":"https:\/\/radioljubuski.ba\/index.php\/2021\/12\/03\/kresic-hrvatska-strana-ispala-je-naivna-u-pokusaju-mirenje-bosnjacke-i-srpske-strane\/","name":"Kre\u0161i\u0107: Hrvatska strana ispala je naivna u poku\u0161aju mirenje bo\u0161nja\u010dke i srpske strane - RADIO LJUBU\u0160KI","isPartOf":{"@id":"https:\/\/radioljubuski.ba\/#website"},"primaryImageOfPage":{"@id":"https:\/\/radioljubuski.ba\/index.php\/2021\/12\/03\/kresic-hrvatska-strana-ispala-je-naivna-u-pokusaju-mirenje-bosnjacke-i-srpske-strane\/#primaryimage"},"image":{"@id":"https:\/\/radioljubuski.ba\/index.php\/2021\/12\/03\/kresic-hrvatska-strana-ispala-je-naivna-u-pokusaju-mirenje-bosnjacke-i-srpske-strane\/#primaryimage"},"thumbnailUrl":"https:\/\/radioljubuski.ba\/wp-content\/uploads\/2021\/12\/kresic-rtv-hb.jpg","datePublished":"2021-12-03T15:02:54+00:00","breadcrumb":{"@id":"https:\/\/radioljubuski.ba\/index.php\/2021\/12\/03\/kresic-hrvatska-strana-ispala-je-naivna-u-pokusaju-mirenje-bosnjacke-i-srpske-strane\/#breadcrumb"},"inLanguage":"hr","potentialAction":[{"@type":"ReadAction","target":["https:\/\/radioljubuski.ba\/index.php\/2021\/12\/03\/kresic-hrvatska-strana-ispala-je-naivna-u-pokusaju-mirenje-bosnjacke-i-srpske-strane\/"]}]},{"@type":"ImageObject","inLanguage":"hr","@id":"https:\/\/radioljubuski.ba\/index.php\/2021\/12\/03\/kresic-hrvatska-strana-ispala-je-naivna-u-pokusaju-mirenje-bosnjacke-i-srpske-strane\/#primaryimage","url":"https:\/\/radioljubuski.ba\/wp-content\/uploads\/2021\/12\/kresic-rtv-hb.jpg","contentUrl":"https:\/\/radioljubuski.ba\/wp-content\/uploads\/2021\/12\/kresic-rtv-hb.jpg","width":840,"height":470},{"@type":"BreadcrumbList","@id":"https:\/\/radioljubuski.ba\/index.php\/2021\/12\/03\/kresic-hrvatska-strana-ispala-je-naivna-u-pokusaju-mirenje-bosnjacke-i-srpske-strane\/#breadcrumb","itemListElement":[{"@type":"ListItem","position":1,"name":"Po\u010detna stranica","item":"https:\/\/radioljubuski.ba\/"},{"@type":"ListItem","position":2,"name":"Kre\u0161i\u0107: Hrvatska strana ispala je naivna u poku\u0161aju mirenje bo\u0161nja\u010dke i srpske strane"}]},{"@type":"WebSite","@id":"https:\/\/radioljubuski.ba\/#website","url":"https:\/\/radioljubuski.ba\/","name":"Radio Ljubu\u0161ki","description":"Sun\u010dana frekvencija Hercegovine","publisher":{"@id":"https:\/\/radioljubuski.ba\/#organization"},"potentialAction":[{"@type":"SearchAction","target":{"@type":"EntryPoint","urlTemplate":"https:\/\/radioljubuski.ba\/?s={search_term_string}"},"query-input":{"@type":"PropertyValueSpecification","valueRequired":true,"valueName":"search_term_string"}}],"inLanguage":"hr"},{"@type":"Organization","@id":"https:\/\/radioljubuski.ba\/#organization","name":"Radio Ljubu\u0161ki","url":"https:\/\/radioljubuski.ba\/","logo":{"@type":"ImageObject","inLanguage":"hr","@id":"https:\/\/radioljubuski.ba\/#\/schema\/logo\/image\/","url":"https:\/\/radioljubuski.ba\/wp-content\/uploads\/2021\/02\/cropped-Radio_Ljubuski_logo1.jpg","contentUrl":"https:\/\/radioljubuski.ba\/wp-content\/uploads\/2021\/02\/cropped-Radio_Ljubuski_logo1.jpg","width":512,"height":512,"caption":"Radio Ljubu\u0161ki"},"image":{"@id":"https:\/\/radioljubuski.ba\/#\/schema\/logo\/image\/"},"sameAs":["https:\/\/www.facebook.com\/Radiio-Ljubuski-1490835324566332","https:\/\/x.com\/radioljubuski","https:\/\/hr.linkedin.com\/company\/radio-ljubuski","https:\/\/www.youtube.com\/channel\/UCHYaeO_n0Db3tjNGudGpXyw"]},{"@type":"Person","@id":"https:\/\/radioljubuski.ba\/#\/schema\/person\/19fc700381a780f69665d7956c469e3b","name":"Radio Ljubu\u0161ki"}]}},"_links":{"self":[{"href":"https:\/\/radioljubuski.ba\/index.php\/wp-json\/wp\/v2\/posts\/95432","targetHints":{"allow":["GET"]}}],"collection":[{"href":"https:\/\/radioljubuski.ba\/index.php\/wp-json\/wp\/v2\/posts"}],"about":[{"href":"https:\/\/radioljubuski.ba\/index.php\/wp-json\/wp\/v2\/types\/post"}],"author":[{"embeddable":true,"href":"https:\/\/radioljubuski.ba\/index.php\/wp-json\/wp\/v2\/users\/2"}],"replies":[{"embeddable":true,"href":"https:\/\/radioljubuski.ba\/index.php\/wp-json\/wp\/v2\/comments?post=95432"}],"version-history":[{"count":1,"href":"https:\/\/radioljubuski.ba\/index.php\/wp-json\/wp\/v2\/posts\/95432\/revisions"}],"predecessor-version":[{"id":95434,"href":"https:\/\/radioljubuski.ba\/index.php\/wp-json\/wp\/v2\/posts\/95432\/revisions\/95434"}],"wp:featuredmedia":[{"embeddable":true,"href":"https:\/\/radioljubuski.ba\/index.php\/wp-json\/wp\/v2\/media\/95433"}],"wp:attachment":[{"href":"https:\/\/radioljubuski.ba\/index.php\/wp-json\/wp\/v2\/media?parent=95432"}],"wp:term":[{"taxonomy":"category","embeddable":true,"href":"https:\/\/radioljubuski.ba\/index.php\/wp-json\/wp\/v2\/categories?post=95432"},{"taxonomy":"post_tag","embeddable":true,"href":"https:\/\/radioljubuski.ba\/index.php\/wp-json\/wp\/v2\/tags?post=95432"}],"curies":[{"name":"wp","href":"https:\/\/api.w.org\/{rel}","templated":true}]}}