{"id":95435,"date":"2021-12-03T16:04:19","date_gmt":"2021-12-03T15:04:19","guid":{"rendered":"https:\/\/radioljubuski.ba\/?p=95435"},"modified":"2021-12-03T16:04:20","modified_gmt":"2021-12-03T15:04:20","slug":"kordic-pobrinut-cu-se-za-maksimalno-ugodan-zivot-osoba-s-posebnim-potrebama-u-mostaru","status":"publish","type":"post","link":"https:\/\/radioljubuski.ba\/index.php\/2021\/12\/03\/kordic-pobrinut-cu-se-za-maksimalno-ugodan-zivot-osoba-s-posebnim-potrebama-u-mostaru\/","title":{"rendered":"Kordi\u0107: Pobrinut \u0107u se za maksimalno ugodan \u017eivot osoba s posebnim potrebama u Mostaru"},"content":{"rendered":"\n<p><strong>Studenti Sveu\u010dili\u0161ta u Mostaru i Univerziteta \u201cD\u017eemal Bijedi\u0107\u201du suradnji s \u010de\u0161kom organizacijom People in Need, organizirali su jednodnevnu manifestaciju povodom obilje\u017eavanja me\u0111unarodnog Dana osoba s invaliditetom. Manifestacija je odr\u017eana danas na \u0160panjolskom trgu u Mostaru. Konferencija za medije odr\u017eana je prije samog po\u010detka manifestacije.<\/strong><\/p>\n\n\n\n<p><strong>Izvje\u0161tava: Karla Sivri\u0107, Hrvatski Medijski Servis<\/strong><\/p>\n\n\n\n<p>Sa\u0161a \u0160ehi\u0107, predstavnika projekta People in need, koji traje ve\u0107 nekoliko godina u Sarajevu, Zenici i Banja Luci ali po prvi puta u gradu Mostaru za HMS je rekao kako je cilj projekta podr\u0161ka osobama s invaliditetom.<\/p>\n\n\n\n<p>Ove godine People in need u Bosni i Hercegovini organizira kampanju \u201c\u017delim biti dio dru\u0161tva.\u201d U sklopu te kampanje provodi se projekt ekonomskog osna\u017eivanja osoba s invaliditetom. Ove godine su uklju\u010deni studenti Sveu\u010dili\u0161ta u Mostaru to\u010dnije studenti Socijalnog rada u suradnji s studentima Pedago\u0161kog fakulteta univerziteta D\u017eemala Bijedi\u0107a, kazala nam je jedna od studentica studija socijalnog rada.<\/p>\n\n\n\n<figure class=\"wp-block-image\"><img decoding=\"async\" src=\"https:\/\/hms.ba\/wp-content\/uploads\/2021\/12\/osobe-s-invaliditetom-mostar-scaled-e1638537613309.jpg\" alt=\"\"\/><\/figure>\n\n\n\n<p>\u201cDanas je me\u0111unarodni dan osoba s invaliditetom, a mi kao grad Mostar ne mo\u017eemo se ba\u0161 pohvaliti da imamo pretjerano sluha za to. Ulice i dan danas predstavljaju pravi izazov za normalno kretanje invalida. U gradskoj upravi radimo na tome da sve pje\u0161a\u010dke prelaze \u201coborimo\u201d da se mo\u017ee pre\u0107i s invalidskim kolicima, da sve javne ustanove koje su u vlasni\u0161tvu grada Mostara imaju pristup za invalide, kazao je za HMS gradona\u010delnik Mostara Mario Kordi\u0107.<\/p>\n\n\n\n<p>Mostarski gradona\u010delnik smatra da je va\u017eno razgovarati o ovoj temi \u201cjer su to ljudi koji \u017eive s nama, me\u0111u nama, na\u0161i prijatelji, rodbina\u2026\u201d.<\/p>\n\n\n\n<p>\u201cJa kao gradona\u010delnik \u0107u se pobrinut da maksimalno napravim ugodan \u017eivot u gradu Mostaru ljudima s posebnim potrebama\u201d.<\/p>\n\n\n\n<p>\/HMS\/<\/p>\n","protected":false},"excerpt":{"rendered":"<p>Studenti Sveu\u010dili\u0161ta u Mostaru i Univerziteta \u201cD\u017eemal Bijedi\u0107\u201du suradnji s \u010de\u0161kom organizacijom People in Need, organizirali su jednodnevnu manifestaciju povodom obilje\u017eavanja me\u0111unarodnog Dana osoba s invaliditetom. Manifestacija je odr\u017eana danas na \u0160panjolskom trgu u Mostaru. Konferencija za medije odr\u017eana je prije samog po\u010detka manifestacije. Izvje\u0161tava: Karla Sivri\u0107, Hrvatski Medijski Servis Sa\u0161a \u0160ehi\u0107, predstavnika projekta People [&hellip;]<\/p>\n","protected":false},"author":2,"featured_media":95436,"comment_status":"closed","ping_status":"closed","sticky":false,"template":"","format":"standard","meta":{"h5ap_radio_sources":[],"footnotes":""},"categories":[1],"tags":[],"class_list":["post-95435","post","type-post","status-publish","format-standard","has-post-thumbnail","hentry","category-bihiregija"],"yoast_head":"<!-- This site is optimized with the Yoast SEO plugin v27.4 - https:\/\/yoast.com\/product\/yoast-seo-wordpress\/ -->\n<title>Kordi\u0107: Pobrinut \u0107u se za maksimalno ugodan \u017eivot osoba s posebnim potrebama u Mostaru - RADIO LJUBU\u0160KI<\/title>\n<meta name=\"robots\" content=\"index, follow, max-snippet:-1, max-image-preview:large, max-video-preview:-1\" \/>\n<link rel=\"canonical\" href=\"https:\/\/radioljubuski.ba\/index.php\/2021\/12\/03\/kordic-pobrinut-cu-se-za-maksimalno-ugodan-zivot-osoba-s-posebnim-potrebama-u-mostaru\/\" \/>\n<meta property=\"og:locale\" content=\"hr_HR\" \/>\n<meta property=\"og:type\" content=\"article\" \/>\n<meta property=\"og:title\" content=\"Kordi\u0107: Pobrinut \u0107u se za maksimalno ugodan \u017eivot osoba s posebnim potrebama u Mostaru - RADIO LJUBU\u0160KI\" \/>\n<meta property=\"og:description\" content=\"Studenti Sveu\u010dili\u0161ta u Mostaru i Univerziteta \u201cD\u017eemal Bijedi\u0107\u201du suradnji s \u010de\u0161kom organizacijom People in Need, organizirali su jednodnevnu manifestaciju povodom obilje\u017eavanja me\u0111unarodnog Dana osoba s invaliditetom. Manifestacija je odr\u017eana danas na \u0160panjolskom trgu u Mostaru. Konferencija za medije odr\u017eana je prije samog po\u010detka manifestacije. Izvje\u0161tava: Karla Sivri\u0107, Hrvatski Medijski Servis Sa\u0161a \u0160ehi\u0107, predstavnika projekta People [&hellip;]\" \/>\n<meta property=\"og:url\" content=\"https:\/\/radioljubuski.ba\/index.php\/2021\/12\/03\/kordic-pobrinut-cu-se-za-maksimalno-ugodan-zivot-osoba-s-posebnim-potrebama-u-mostaru\/\" \/>\n<meta property=\"og:site_name\" content=\"RADIO LJUBU\u0160KI\" \/>\n<meta property=\"article:publisher\" content=\"https:\/\/www.facebook.com\/Radiio-Ljubuski-1490835324566332\" \/>\n<meta property=\"article:published_time\" content=\"2021-12-03T15:04:19+00:00\" \/>\n<meta property=\"article:modified_time\" content=\"2021-12-03T15:04:20+00:00\" \/>\n<meta property=\"og:image\" content=\"https:\/\/radioljubuski.ba\/wp-content\/uploads\/2021\/12\/osobe-s-invaliditetom-mostar1-scaled-e1638537577199-1068x637-1.jpg\" \/>\n\t<meta property=\"og:image:width\" content=\"1068\" \/>\n\t<meta property=\"og:image:height\" content=\"637\" \/>\n\t<meta property=\"og:image:type\" content=\"image\/jpeg\" \/>\n<meta name=\"author\" content=\"Radio Ljubu\u0161ki\" \/>\n<meta name=\"twitter:card\" content=\"summary_large_image\" \/>\n<meta name=\"twitter:creator\" content=\"@radioljubuski\" \/>\n<meta name=\"twitter:site\" content=\"@radioljubuski\" \/>\n<meta name=\"twitter:label1\" content=\"Napisao\/la\" \/>\n\t<meta name=\"twitter:data1\" content=\"Radio Ljubu\u0161ki\" \/>\n\t<meta name=\"twitter:label2\" content=\"Procijenjeno vrijeme \u010ditanja\" \/>\n\t<meta name=\"twitter:data2\" content=\"2 minute\" \/>\n<script type=\"application\/ld+json\" class=\"yoast-schema-graph\">{\"@context\":\"https:\\\/\\\/schema.org\",\"@graph\":[{\"@type\":\"Article\",\"@id\":\"https:\\\/\\\/radioljubuski.ba\\\/index.php\\\/2021\\\/12\\\/03\\\/kordic-pobrinut-cu-se-za-maksimalno-ugodan-zivot-osoba-s-posebnim-potrebama-u-mostaru\\\/#article\",\"isPartOf\":{\"@id\":\"https:\\\/\\\/radioljubuski.ba\\\/index.php\\\/2021\\\/12\\\/03\\\/kordic-pobrinut-cu-se-za-maksimalno-ugodan-zivot-osoba-s-posebnim-potrebama-u-mostaru\\\/\"},\"author\":{\"name\":\"Radio Ljubu\u0161ki\",\"@id\":\"https:\\\/\\\/radioljubuski.ba\\\/#\\\/schema\\\/person\\\/19fc700381a780f69665d7956c469e3b\"},\"headline\":\"Kordi\u0107: Pobrinut \u0107u se za maksimalno ugodan \u017eivot osoba s posebnim potrebama u Mostaru\",\"datePublished\":\"2021-12-03T15:04:19+00:00\",\"dateModified\":\"2021-12-03T15:04:20+00:00\",\"mainEntityOfPage\":{\"@id\":\"https:\\\/\\\/radioljubuski.ba\\\/index.php\\\/2021\\\/12\\\/03\\\/kordic-pobrinut-cu-se-za-maksimalno-ugodan-zivot-osoba-s-posebnim-potrebama-u-mostaru\\\/\"},\"wordCount\":309,\"publisher\":{\"@id\":\"https:\\\/\\\/radioljubuski.ba\\\/#organization\"},\"image\":{\"@id\":\"https:\\\/\\\/radioljubuski.ba\\\/index.php\\\/2021\\\/12\\\/03\\\/kordic-pobrinut-cu-se-za-maksimalno-ugodan-zivot-osoba-s-posebnim-potrebama-u-mostaru\\\/#primaryimage\"},\"thumbnailUrl\":\"https:\\\/\\\/radioljubuski.ba\\\/wp-content\\\/uploads\\\/2021\\\/12\\\/osobe-s-invaliditetom-mostar1-scaled-e1638537577199-1068x637-1.jpg\",\"articleSection\":[\"BIH i regija\"],\"inLanguage\":\"hr\"},{\"@type\":\"WebPage\",\"@id\":\"https:\\\/\\\/radioljubuski.ba\\\/index.php\\\/2021\\\/12\\\/03\\\/kordic-pobrinut-cu-se-za-maksimalno-ugodan-zivot-osoba-s-posebnim-potrebama-u-mostaru\\\/\",\"url\":\"https:\\\/\\\/radioljubuski.ba\\\/index.php\\\/2021\\\/12\\\/03\\\/kordic-pobrinut-cu-se-za-maksimalno-ugodan-zivot-osoba-s-posebnim-potrebama-u-mostaru\\\/\",\"name\":\"Kordi\u0107: Pobrinut \u0107u se za maksimalno ugodan \u017eivot osoba s posebnim potrebama u Mostaru - RADIO LJUBU\u0160KI\",\"isPartOf\":{\"@id\":\"https:\\\/\\\/radioljubuski.ba\\\/#website\"},\"primaryImageOfPage\":{\"@id\":\"https:\\\/\\\/radioljubuski.ba\\\/index.php\\\/2021\\\/12\\\/03\\\/kordic-pobrinut-cu-se-za-maksimalno-ugodan-zivot-osoba-s-posebnim-potrebama-u-mostaru\\\/#primaryimage\"},\"image\":{\"@id\":\"https:\\\/\\\/radioljubuski.ba\\\/index.php\\\/2021\\\/12\\\/03\\\/kordic-pobrinut-cu-se-za-maksimalno-ugodan-zivot-osoba-s-posebnim-potrebama-u-mostaru\\\/#primaryimage\"},\"thumbnailUrl\":\"https:\\\/\\\/radioljubuski.ba\\\/wp-content\\\/uploads\\\/2021\\\/12\\\/osobe-s-invaliditetom-mostar1-scaled-e1638537577199-1068x637-1.jpg\",\"datePublished\":\"2021-12-03T15:04:19+00:00\",\"dateModified\":\"2021-12-03T15:04:20+00:00\",\"breadcrumb\":{\"@id\":\"https:\\\/\\\/radioljubuski.ba\\\/index.php\\\/2021\\\/12\\\/03\\\/kordic-pobrinut-cu-se-za-maksimalno-ugodan-zivot-osoba-s-posebnim-potrebama-u-mostaru\\\/#breadcrumb\"},\"inLanguage\":\"hr\",\"potentialAction\":[{\"@type\":\"ReadAction\",\"target\":[\"https:\\\/\\\/radioljubuski.ba\\\/index.php\\\/2021\\\/12\\\/03\\\/kordic-pobrinut-cu-se-za-maksimalno-ugodan-zivot-osoba-s-posebnim-potrebama-u-mostaru\\\/\"]}]},{\"@type\":\"ImageObject\",\"inLanguage\":\"hr\",\"@id\":\"https:\\\/\\\/radioljubuski.ba\\\/index.php\\\/2021\\\/12\\\/03\\\/kordic-pobrinut-cu-se-za-maksimalno-ugodan-zivot-osoba-s-posebnim-potrebama-u-mostaru\\\/#primaryimage\",\"url\":\"https:\\\/\\\/radioljubuski.ba\\\/wp-content\\\/uploads\\\/2021\\\/12\\\/osobe-s-invaliditetom-mostar1-scaled-e1638537577199-1068x637-1.jpg\",\"contentUrl\":\"https:\\\/\\\/radioljubuski.ba\\\/wp-content\\\/uploads\\\/2021\\\/12\\\/osobe-s-invaliditetom-mostar1-scaled-e1638537577199-1068x637-1.jpg\",\"width\":1068,\"height\":637},{\"@type\":\"BreadcrumbList\",\"@id\":\"https:\\\/\\\/radioljubuski.ba\\\/index.php\\\/2021\\\/12\\\/03\\\/kordic-pobrinut-cu-se-za-maksimalno-ugodan-zivot-osoba-s-posebnim-potrebama-u-mostaru\\\/#breadcrumb\",\"itemListElement\":[{\"@type\":\"ListItem\",\"position\":1,\"name\":\"Po\u010detna stranica\",\"item\":\"https:\\\/\\\/radioljubuski.ba\\\/\"},{\"@type\":\"ListItem\",\"position\":2,\"name\":\"Kordi\u0107: Pobrinut \u0107u se za maksimalno ugodan \u017eivot osoba s posebnim potrebama u Mostaru\"}]},{\"@type\":\"WebSite\",\"@id\":\"https:\\\/\\\/radioljubuski.ba\\\/#website\",\"url\":\"https:\\\/\\\/radioljubuski.ba\\\/\",\"name\":\"Radio Ljubu\u0161ki\",\"description\":\"Sun\u010dana frekvencija Hercegovine\",\"publisher\":{\"@id\":\"https:\\\/\\\/radioljubuski.ba\\\/#organization\"},\"potentialAction\":[{\"@type\":\"SearchAction\",\"target\":{\"@type\":\"EntryPoint\",\"urlTemplate\":\"https:\\\/\\\/radioljubuski.ba\\\/?s={search_term_string}\"},\"query-input\":{\"@type\":\"PropertyValueSpecification\",\"valueRequired\":true,\"valueName\":\"search_term_string\"}}],\"inLanguage\":\"hr\"},{\"@type\":\"Organization\",\"@id\":\"https:\\\/\\\/radioljubuski.ba\\\/#organization\",\"name\":\"Radio Ljubu\u0161ki\",\"url\":\"https:\\\/\\\/radioljubuski.ba\\\/\",\"logo\":{\"@type\":\"ImageObject\",\"inLanguage\":\"hr\",\"@id\":\"https:\\\/\\\/radioljubuski.ba\\\/#\\\/schema\\\/logo\\\/image\\\/\",\"url\":\"https:\\\/\\\/radioljubuski.ba\\\/wp-content\\\/uploads\\\/2021\\\/02\\\/cropped-Radio_Ljubuski_logo1.jpg\",\"contentUrl\":\"https:\\\/\\\/radioljubuski.ba\\\/wp-content\\\/uploads\\\/2021\\\/02\\\/cropped-Radio_Ljubuski_logo1.jpg\",\"width\":512,\"height\":512,\"caption\":\"Radio Ljubu\u0161ki\"},\"image\":{\"@id\":\"https:\\\/\\\/radioljubuski.ba\\\/#\\\/schema\\\/logo\\\/image\\\/\"},\"sameAs\":[\"https:\\\/\\\/www.facebook.com\\\/Radiio-Ljubuski-1490835324566332\",\"https:\\\/\\\/x.com\\\/radioljubuski\",\"https:\\\/\\\/hr.linkedin.com\\\/company\\\/radio-ljubuski\",\"https:\\\/\\\/www.youtube.com\\\/channel\\\/UCHYaeO_n0Db3tjNGudGpXyw\"]},{\"@type\":\"Person\",\"@id\":\"https:\\\/\\\/radioljubuski.ba\\\/#\\\/schema\\\/person\\\/19fc700381a780f69665d7956c469e3b\",\"name\":\"Radio Ljubu\u0161ki\"}]}<\/script>\n<!-- \/ Yoast SEO plugin. -->","yoast_head_json":{"title":"Kordi\u0107: Pobrinut \u0107u se za maksimalno ugodan \u017eivot osoba s posebnim potrebama u Mostaru - RADIO LJUBU\u0160KI","robots":{"index":"index","follow":"follow","max-snippet":"max-snippet:-1","max-image-preview":"max-image-preview:large","max-video-preview":"max-video-preview:-1"},"canonical":"https:\/\/radioljubuski.ba\/index.php\/2021\/12\/03\/kordic-pobrinut-cu-se-za-maksimalno-ugodan-zivot-osoba-s-posebnim-potrebama-u-mostaru\/","og_locale":"hr_HR","og_type":"article","og_title":"Kordi\u0107: Pobrinut \u0107u se za maksimalno ugodan \u017eivot osoba s posebnim potrebama u Mostaru - RADIO LJUBU\u0160KI","og_description":"Studenti Sveu\u010dili\u0161ta u Mostaru i Univerziteta \u201cD\u017eemal Bijedi\u0107\u201du suradnji s \u010de\u0161kom organizacijom People in Need, organizirali su jednodnevnu manifestaciju povodom obilje\u017eavanja me\u0111unarodnog Dana osoba s invaliditetom. Manifestacija je odr\u017eana danas na \u0160panjolskom trgu u Mostaru. Konferencija za medije odr\u017eana je prije samog po\u010detka manifestacije. Izvje\u0161tava: Karla Sivri\u0107, Hrvatski Medijski Servis Sa\u0161a \u0160ehi\u0107, predstavnika projekta People [&hellip;]","og_url":"https:\/\/radioljubuski.ba\/index.php\/2021\/12\/03\/kordic-pobrinut-cu-se-za-maksimalno-ugodan-zivot-osoba-s-posebnim-potrebama-u-mostaru\/","og_site_name":"RADIO LJUBU\u0160KI","article_publisher":"https:\/\/www.facebook.com\/Radiio-Ljubuski-1490835324566332","article_published_time":"2021-12-03T15:04:19+00:00","article_modified_time":"2021-12-03T15:04:20+00:00","og_image":[{"width":1068,"height":637,"url":"https:\/\/radioljubuski.ba\/wp-content\/uploads\/2021\/12\/osobe-s-invaliditetom-mostar1-scaled-e1638537577199-1068x637-1.jpg","type":"image\/jpeg"}],"author":"Radio Ljubu\u0161ki","twitter_card":"summary_large_image","twitter_creator":"@radioljubuski","twitter_site":"@radioljubuski","twitter_misc":{"Napisao\/la":"Radio Ljubu\u0161ki","Procijenjeno vrijeme \u010ditanja":"2 minute"},"schema":{"@context":"https:\/\/schema.org","@graph":[{"@type":"Article","@id":"https:\/\/radioljubuski.ba\/index.php\/2021\/12\/03\/kordic-pobrinut-cu-se-za-maksimalno-ugodan-zivot-osoba-s-posebnim-potrebama-u-mostaru\/#article","isPartOf":{"@id":"https:\/\/radioljubuski.ba\/index.php\/2021\/12\/03\/kordic-pobrinut-cu-se-za-maksimalno-ugodan-zivot-osoba-s-posebnim-potrebama-u-mostaru\/"},"author":{"name":"Radio Ljubu\u0161ki","@id":"https:\/\/radioljubuski.ba\/#\/schema\/person\/19fc700381a780f69665d7956c469e3b"},"headline":"Kordi\u0107: Pobrinut \u0107u se za maksimalno ugodan \u017eivot osoba s posebnim potrebama u Mostaru","datePublished":"2021-12-03T15:04:19+00:00","dateModified":"2021-12-03T15:04:20+00:00","mainEntityOfPage":{"@id":"https:\/\/radioljubuski.ba\/index.php\/2021\/12\/03\/kordic-pobrinut-cu-se-za-maksimalno-ugodan-zivot-osoba-s-posebnim-potrebama-u-mostaru\/"},"wordCount":309,"publisher":{"@id":"https:\/\/radioljubuski.ba\/#organization"},"image":{"@id":"https:\/\/radioljubuski.ba\/index.php\/2021\/12\/03\/kordic-pobrinut-cu-se-za-maksimalno-ugodan-zivot-osoba-s-posebnim-potrebama-u-mostaru\/#primaryimage"},"thumbnailUrl":"https:\/\/radioljubuski.ba\/wp-content\/uploads\/2021\/12\/osobe-s-invaliditetom-mostar1-scaled-e1638537577199-1068x637-1.jpg","articleSection":["BIH i regija"],"inLanguage":"hr"},{"@type":"WebPage","@id":"https:\/\/radioljubuski.ba\/index.php\/2021\/12\/03\/kordic-pobrinut-cu-se-za-maksimalno-ugodan-zivot-osoba-s-posebnim-potrebama-u-mostaru\/","url":"https:\/\/radioljubuski.ba\/index.php\/2021\/12\/03\/kordic-pobrinut-cu-se-za-maksimalno-ugodan-zivot-osoba-s-posebnim-potrebama-u-mostaru\/","name":"Kordi\u0107: Pobrinut \u0107u se za maksimalno ugodan \u017eivot osoba s posebnim potrebama u Mostaru - RADIO LJUBU\u0160KI","isPartOf":{"@id":"https:\/\/radioljubuski.ba\/#website"},"primaryImageOfPage":{"@id":"https:\/\/radioljubuski.ba\/index.php\/2021\/12\/03\/kordic-pobrinut-cu-se-za-maksimalno-ugodan-zivot-osoba-s-posebnim-potrebama-u-mostaru\/#primaryimage"},"image":{"@id":"https:\/\/radioljubuski.ba\/index.php\/2021\/12\/03\/kordic-pobrinut-cu-se-za-maksimalno-ugodan-zivot-osoba-s-posebnim-potrebama-u-mostaru\/#primaryimage"},"thumbnailUrl":"https:\/\/radioljubuski.ba\/wp-content\/uploads\/2021\/12\/osobe-s-invaliditetom-mostar1-scaled-e1638537577199-1068x637-1.jpg","datePublished":"2021-12-03T15:04:19+00:00","dateModified":"2021-12-03T15:04:20+00:00","breadcrumb":{"@id":"https:\/\/radioljubuski.ba\/index.php\/2021\/12\/03\/kordic-pobrinut-cu-se-za-maksimalno-ugodan-zivot-osoba-s-posebnim-potrebama-u-mostaru\/#breadcrumb"},"inLanguage":"hr","potentialAction":[{"@type":"ReadAction","target":["https:\/\/radioljubuski.ba\/index.php\/2021\/12\/03\/kordic-pobrinut-cu-se-za-maksimalno-ugodan-zivot-osoba-s-posebnim-potrebama-u-mostaru\/"]}]},{"@type":"ImageObject","inLanguage":"hr","@id":"https:\/\/radioljubuski.ba\/index.php\/2021\/12\/03\/kordic-pobrinut-cu-se-za-maksimalno-ugodan-zivot-osoba-s-posebnim-potrebama-u-mostaru\/#primaryimage","url":"https:\/\/radioljubuski.ba\/wp-content\/uploads\/2021\/12\/osobe-s-invaliditetom-mostar1-scaled-e1638537577199-1068x637-1.jpg","contentUrl":"https:\/\/radioljubuski.ba\/wp-content\/uploads\/2021\/12\/osobe-s-invaliditetom-mostar1-scaled-e1638537577199-1068x637-1.jpg","width":1068,"height":637},{"@type":"BreadcrumbList","@id":"https:\/\/radioljubuski.ba\/index.php\/2021\/12\/03\/kordic-pobrinut-cu-se-za-maksimalno-ugodan-zivot-osoba-s-posebnim-potrebama-u-mostaru\/#breadcrumb","itemListElement":[{"@type":"ListItem","position":1,"name":"Po\u010detna stranica","item":"https:\/\/radioljubuski.ba\/"},{"@type":"ListItem","position":2,"name":"Kordi\u0107: Pobrinut \u0107u se za maksimalno ugodan \u017eivot osoba s posebnim potrebama u Mostaru"}]},{"@type":"WebSite","@id":"https:\/\/radioljubuski.ba\/#website","url":"https:\/\/radioljubuski.ba\/","name":"Radio Ljubu\u0161ki","description":"Sun\u010dana frekvencija Hercegovine","publisher":{"@id":"https:\/\/radioljubuski.ba\/#organization"},"potentialAction":[{"@type":"SearchAction","target":{"@type":"EntryPoint","urlTemplate":"https:\/\/radioljubuski.ba\/?s={search_term_string}"},"query-input":{"@type":"PropertyValueSpecification","valueRequired":true,"valueName":"search_term_string"}}],"inLanguage":"hr"},{"@type":"Organization","@id":"https:\/\/radioljubuski.ba\/#organization","name":"Radio Ljubu\u0161ki","url":"https:\/\/radioljubuski.ba\/","logo":{"@type":"ImageObject","inLanguage":"hr","@id":"https:\/\/radioljubuski.ba\/#\/schema\/logo\/image\/","url":"https:\/\/radioljubuski.ba\/wp-content\/uploads\/2021\/02\/cropped-Radio_Ljubuski_logo1.jpg","contentUrl":"https:\/\/radioljubuski.ba\/wp-content\/uploads\/2021\/02\/cropped-Radio_Ljubuski_logo1.jpg","width":512,"height":512,"caption":"Radio Ljubu\u0161ki"},"image":{"@id":"https:\/\/radioljubuski.ba\/#\/schema\/logo\/image\/"},"sameAs":["https:\/\/www.facebook.com\/Radiio-Ljubuski-1490835324566332","https:\/\/x.com\/radioljubuski","https:\/\/hr.linkedin.com\/company\/radio-ljubuski","https:\/\/www.youtube.com\/channel\/UCHYaeO_n0Db3tjNGudGpXyw"]},{"@type":"Person","@id":"https:\/\/radioljubuski.ba\/#\/schema\/person\/19fc700381a780f69665d7956c469e3b","name":"Radio Ljubu\u0161ki"}]}},"_links":{"self":[{"href":"https:\/\/radioljubuski.ba\/index.php\/wp-json\/wp\/v2\/posts\/95435","targetHints":{"allow":["GET"]}}],"collection":[{"href":"https:\/\/radioljubuski.ba\/index.php\/wp-json\/wp\/v2\/posts"}],"about":[{"href":"https:\/\/radioljubuski.ba\/index.php\/wp-json\/wp\/v2\/types\/post"}],"author":[{"embeddable":true,"href":"https:\/\/radioljubuski.ba\/index.php\/wp-json\/wp\/v2\/users\/2"}],"replies":[{"embeddable":true,"href":"https:\/\/radioljubuski.ba\/index.php\/wp-json\/wp\/v2\/comments?post=95435"}],"version-history":[{"count":1,"href":"https:\/\/radioljubuski.ba\/index.php\/wp-json\/wp\/v2\/posts\/95435\/revisions"}],"predecessor-version":[{"id":95437,"href":"https:\/\/radioljubuski.ba\/index.php\/wp-json\/wp\/v2\/posts\/95435\/revisions\/95437"}],"wp:featuredmedia":[{"embeddable":true,"href":"https:\/\/radioljubuski.ba\/index.php\/wp-json\/wp\/v2\/media\/95436"}],"wp:attachment":[{"href":"https:\/\/radioljubuski.ba\/index.php\/wp-json\/wp\/v2\/media?parent=95435"}],"wp:term":[{"taxonomy":"category","embeddable":true,"href":"https:\/\/radioljubuski.ba\/index.php\/wp-json\/wp\/v2\/categories?post=95435"},{"taxonomy":"post_tag","embeddable":true,"href":"https:\/\/radioljubuski.ba\/index.php\/wp-json\/wp\/v2\/tags?post=95435"}],"curies":[{"name":"wp","href":"https:\/\/api.w.org\/{rel}","templated":true}]}}